{"id":214581,"date":"2025-03-13T07:16:05","date_gmt":"2025-03-13T10:16:05","guid":{"rendered":"https:\/\/informelitoral.com.ar\/?p=214581"},"modified":"2025-03-13T07:16:05","modified_gmt":"2025-03-13T10:16:05","slug":"senador-oficialista-destaco-la-disminucion-de-la-pobreza-en-entre-rios-y-elogio-a-frigerio","status":"publish","type":"post","link":"https:\/\/informelitoral.com.ar\/senador-oficialista-destaco-la-disminucion-de-la-pobreza-en-entre-rios-y-elogio-a-frigerio\/","title":{"rendered":"Senador oficialista destac\u00f3 la disminuci\u00f3n de la pobreza en Entre R\u00edos y elogi\u00f3 a Frigerio"},"content":{"rendered":"<p>El senador provincial\u00a0<strong>Jaime Benedetti<\/strong>\u00a0(Juntos por Entre R\u00edos \u2013 Gualeguaych\u00fa) resalt\u00f3 que, a pesar del complejo contexto econ\u00f3mico nacional, Entre R\u00edos logr\u00f3 una significativa reducci\u00f3n de la pobreza (4,7%) y la indigencia (1,4%). Afirm\u00f3 que estos resultados reflejan el impacto positivo de las pol\u00edticas de inclusi\u00f3n y contenci\u00f3n social impulsadas por la gesti\u00f3n del gobernador\u00a0<strong>Rogelio Frigerio.<\/strong><\/p>\n<p>Un informe del\u00a0<strong>Observatorio de la Deuda Social Argentina elaborado por la Universidad Cat\u00f3lica (UCA)<\/strong>, elaborado en base a la Encuesta Permanente de Hogares (EPH), evidencia que los niveles de pobreza e indigencia a nivel nacional del tercer trimestre de 2024 son equivalentes a un a\u00f1o atr\u00e1s, pero marca que esta tendencia difiere notablemente entre las provincias.<\/p>\n<p>El legislador destac\u00f3 que Entre R\u00edos es la provincia de la regi\u00f3n Pampeana en la que m\u00e1s bajaron los niveles de\u00a0<strong>pobreza y de indigencia: un 4,7% y un 1,4%, respectivamente.<\/strong><\/p>\n<p>\u201cDe este modo, mientras que en la provincia de Buenos Aires, en CABA, en C\u00f3rdoba, en Santa Fe y en La Pampa las mediciones establecen subas o disminuciones no tan pronunciadas, los n\u00fameros de Entre R\u00edos arrojan resultados que dan la pauta de cierta recuperaci\u00f3n del nivel econ\u00f3mico de los entrerrianos\u201d, se\u00f1al\u00f3.<\/p>\n<p>\u201cSi bien los n\u00fameros siguen reflejando la existencia de una gran cantidad de personas que a\u00fan atraviesa situaciones de vulnerabilidad, es alentador constatar que,\u00a0<strong>a pesar del dif\u00edcil contexto econ\u00f3mico nacional, Entre R\u00edos se posiciona entre las provincias con mayores avances en la reducci\u00f3n de la pobreza y la indigencia<\/strong>\u201d, sostuvo el senador Jaime Benedetti.<\/p>\n<p>\u201cA igual escenario econ\u00f3mico a nivel nacional, el hecho de que en Entre R\u00edos sobresalga entre las provincias en las que m\u00e1s bajaron la pobreza y la indigencia es un claro indicador que marca que las pol\u00edticas de contenci\u00f3n que viene implementando la gesti\u00f3n del gobernador Rogelio Frigerio son acertadas y est\u00e1n dando sus frutos\u201d, enfatiz\u00f3 el legislador.<\/p>\n<h6><em><strong>Del archivo:\u00a0<a href=\"https:\/\/informelitoral.com.ar\/diputados-se-unieron-al-reclamo-de-relocalizacion-de-una-planta-de-hidrogeno-verde\/\" target=\"_blank\" rel=\"noopener\">Diputados se unieron al reclamo de relocalizaci\u00f3n de una planta de hidr\u00f3geno verde<\/a><\/strong><\/em><\/h6>\n<h6><em><strong><a href=\"https:\/\/informelitoral.com.ar\/frigerio-profundizo-con-senadores-de-juntos-por-entre-rios-los-ejes-del-ano-legislativo\/\" target=\"_blank\" rel=\"noopener\">Frigerio profundiz\u00f3 con senadores de Juntos por Entre R\u00edos los ejes del a\u00f1o legislativo<\/a><\/strong><\/em><\/h6>\n","protected":false},"excerpt":{"rendered":"<p>Citando un informe del Observatorio de la Deuda Social Argentina elaborado por la Universidad Cat\u00f3lica (UCA), el senador de Gualeguaych\u00fa, Jaime Benedetti dijo que la reducci\u00f3n es resultado de las pol\u00edticas implementadas por Frigerio.<\/p>\n","protected":false},"author":2,"featured_media":214584,"comment_status":"open","ping_status":"open","sticky":false,"template":"","format":"standard","meta":{"fifu_image_url":"","fifu_image_alt":"","footnotes":""},"categories":[16],"tags":[81,2540,949,5098],"class_list":{"0":"post-214581","1":"post","2":"type-post","3":"status-publish","4":"format-standard","5":"has-post-thumbnail","7":"category-politi","8":"tag-entre-rios","9":"tag-juntos-por-entre-rios","10":"tag-rogelio-frigerio","11":"tag-senador"},"yoast_head":"<title>Senador oficialista destac\u00f3 la disminuci\u00f3n de la pobreza en Entre R\u00edos y elogi\u00f3 a Frigerio - Informe Litoral<\/title>\n<meta name=\"robots\" content=\"index, follow, max-snippet:-1, max-image-preview:large, max-video-preview:-1\" \/>\n<link rel=\"canonical\" href=\"https:\/\/informelitoral.com.ar\/senador-oficialista-destaco-la-disminucion-de-la-pobreza-en-entre-rios-y-elogio-a-frigerio\/\" \/>\n<meta property=\"og:locale\" content=\"es_ES\" \/>\n<meta property=\"og:type\" content=\"article\" \/>\n<meta property=\"og:title\" content=\"Senador oficialista destac\u00f3 la disminuci\u00f3n de la pobreza en Entre R\u00edos y elogi\u00f3 a Frigerio - Informe Litoral\" \/>\n<meta property=\"og:description\" content=\"Citando un informe del Observatorio de la Deuda Social Argentina elaborado por la Universidad Cat\u00f3lica (UCA), el senador de Gualeguaych\u00fa, Jaime Benedetti dijo que la reducci\u00f3n es resultado de las pol\u00edticas implementadas por Frigerio.\" \/>\n<meta property=\"og:url\" content=\"https:\/\/informelitoral.com.ar\/senador-oficialista-destaco-la-disminucion-de-la-pobreza-en-entre-rios-y-elogio-a-frigerio\/\" \/>\n<meta property=\"og:site_name\" content=\"Informe Litoral\" \/>\n<meta property=\"article:publisher\" content=\"https:\/\/www.facebook.com\/informelitoral\/\" \/>\n<meta property=\"article:published_time\" content=\"2025-03-13T10:16:05+00:00\" \/>\n<meta property=\"og:image\" content=\"https:\/\/informelitoral.com.ar\/%77%70%2d%63%6f%6e%74%65%6e%74\/uploads\/2025\/03\/jaime-benedetti.jpg\" \/>\n\t<meta property=\"og:image:width\" content=\"1330\" \/>\n\t<meta property=\"og:image:height\" content=\"880\" \/>\n\t<meta property=\"og:image:type\" content=\"image\/jpeg\" \/>\n<meta name=\"author\" content=\"Gonzalo Schmidt\" \/>\n<meta name=\"twitter:card\" content=\"summary_large_image\" \/>\n<meta name=\"twitter:creator\" content=\"@InformeLitoral\" \/>\n<meta name=\"twitter:site\" content=\"@InformeLitoral\" \/>\n<meta name=\"twitter:label1\" content=\"Escrito por\" \/>\n\t<meta name=\"twitter:data1\" content=\"Gonzalo Schmidt\" \/>\n\t<meta name=\"twitter:label2\" content=\"Tiempo de lectura\" \/>\n\t<meta name=\"twitter:data2\" content=\"2 minutos\" \/>\n<script type=\"application\/ld+json\" class=\"yoast-schema-graph\">{\"@context\":\"https:\\\/\\\/schema.org\",\"@graph\":[{\"@type\":\"Article\",\"@id\":\"https:\\\/\\\/informelitoral.com.ar\\\/senador-oficialista-destaco-la-disminucion-de-la-pobreza-en-entre-rios-y-elogio-a-frigerio\\\/#article\",\"isPartOf\":{\"@id\":\"https:\\\/\\\/informelitoral.com.ar\\\/senador-oficialista-destaco-la-disminucion-de-la-pobreza-en-entre-rios-y-elogio-a-frigerio\\\/\"},\"author\":{\"name\":\"Gonzalo Schmidt\",\"@id\":\"https:\\\/\\\/informelitoral.com.ar\\\/#\\\/schema\\\/person\\\/b9d00407c836482871ef1d57bf8e3180\"},\"headline\":\"Senador oficialista destac\u00f3 la disminuci\u00f3n de la pobreza en Entre R\u00edos y elogi\u00f3 a Frigerio\",\"datePublished\":\"2025-03-13T10:16:05+00:00\",\"mainEntityOfPage\":{\"@id\":\"https:\\\/\\\/informelitoral.com.ar\\\/senador-oficialista-destaco-la-disminucion-de-la-pobreza-en-entre-rios-y-elogio-a-frigerio\\\/\"},\"wordCount\":388,\"commentCount\":0,\"publisher\":{\"@id\":\"https:\\\/\\\/informelitoral.com.ar\\\/#organization\"},\"image\":{\"@id\":\"https:\\\/\\\/informelitoral.com.ar\\\/senador-oficialista-destaco-la-disminucion-de-la-pobreza-en-entre-rios-y-elogio-a-frigerio\\\/#primaryimage\"},\"thumbnailUrl\":\"https:\\\/\\\/informelitoral.com.ar\\\/%77%70%2d%63%6f%6e%74%65%6e%74\\\/uploads\\\/2025\\\/03\\\/jaime-benedetti.jpg\",\"keywords\":[\"Entre R\u00edos\",\"Juntos por Entre R\u00edos\",\"Rogelio Frigerio\",\"Senador\"],\"articleSection\":[\"Politica\"],\"inLanguage\":\"es\",\"potentialAction\":[{\"@type\":\"CommentAction\",\"name\":\"Comment\",\"target\":[\"https:\\\/\\\/informelitoral.com.ar\\\/senador-oficialista-destaco-la-disminucion-de-la-pobreza-en-entre-rios-y-elogio-a-frigerio\\\/#respond\"]}]},{\"@type\":\"WebPage\",\"@id\":\"https:\\\/\\\/informelitoral.com.ar\\\/senador-oficialista-destaco-la-disminucion-de-la-pobreza-en-entre-rios-y-elogio-a-frigerio\\\/\",\"url\":\"https:\\\/\\\/informelitoral.com.ar\\\/senador-oficialista-destaco-la-disminucion-de-la-pobreza-en-entre-rios-y-elogio-a-frigerio\\\/\",\"name\":\"Senador oficialista destac\u00f3 la disminuci\u00f3n de la pobreza en Entre R\u00edos y elogi\u00f3 a Frigerio - Informe Litoral\",\"isPartOf\":{\"@id\":\"https:\\\/\\\/informelitoral.com.ar\\\/#website\"},\"primaryImageOfPage\":{\"@id\":\"https:\\\/\\\/informelitoral.com.ar\\\/senador-oficialista-destaco-la-disminucion-de-la-pobreza-en-entre-rios-y-elogio-a-frigerio\\\/#primaryimage\"},\"image\":{\"@id\":\"https:\\\/\\\/informelitoral.com.ar\\\/senador-oficialista-destaco-la-disminucion-de-la-pobreza-en-entre-rios-y-elogio-a-frigerio\\\/#primaryimage\"},\"thumbnailUrl\":\"https:\\\/\\\/informelitoral.com.ar\\\/%77%70%2d%63%6f%6e%74%65%6e%74\\\/uploads\\\/2025\\\/03\\\/jaime-benedetti.jpg\",\"datePublished\":\"2025-03-13T10:16:05+00:00\",\"breadcrumb\":{\"@id\":\"https:\\\/\\\/informelitoral.com.ar\\\/senador-oficialista-destaco-la-disminucion-de-la-pobreza-en-entre-rios-y-elogio-a-frigerio\\\/#breadcrumb\"},\"inLanguage\":\"es\",\"potentialAction\":[{\"@type\":\"ReadAction\",\"target\":[\"https:\\\/\\\/informelitoral.com.ar\\\/senador-oficialista-destaco-la-disminucion-de-la-pobreza-en-entre-rios-y-elogio-a-frigerio\\\/\"]}]},{\"@type\":\"ImageObject\",\"inLanguage\":\"es\",\"@id\":\"https:\\\/\\\/informelitoral.com.ar\\\/senador-oficialista-destaco-la-disminucion-de-la-pobreza-en-entre-rios-y-elogio-a-frigerio\\\/#primaryimage\",\"url\":\"https:\\\/\\\/informelitoral.com.ar\\\/%77%70%2d%63%6f%6e%74%65%6e%74\\\/uploads\\\/2025\\\/03\\\/jaime-benedetti.jpg\",\"contentUrl\":\"https:\\\/\\\/informelitoral.com.ar\\\/%77%70%2d%63%6f%6e%74%65%6e%74\\\/uploads\\\/2025\\\/03\\\/jaime-benedetti.jpg\",\"width\":1330,\"height\":880},{\"@type\":\"BreadcrumbList\",\"@id\":\"https:\\\/\\\/informelitoral.com.ar\\\/senador-oficialista-destaco-la-disminucion-de-la-pobreza-en-entre-rios-y-elogio-a-frigerio\\\/#breadcrumb\",\"itemListElement\":[{\"@type\":\"ListItem\",\"position\":1,\"name\":\"Portada\",\"item\":\"https:\\\/\\\/informelitoral.com.ar\\\/\"},{\"@type\":\"ListItem\",\"position\":2,\"name\":\"Senador oficialista destac\u00f3 la disminuci\u00f3n de la pobreza en Entre R\u00edos y elogi\u00f3 a Frigerio\"}]},{\"@type\":\"WebSite\",\"@id\":\"https:\\\/\\\/informelitoral.com.ar\\\/#website\",\"url\":\"https:\\\/\\\/informelitoral.com.ar\\\/\",\"name\":\"Informe Litoral\",\"description\":\"&quot;Nos informamos&quot; \",\"publisher\":{\"@id\":\"https:\\\/\\\/informelitoral.com.ar\\\/#organization\"},\"potentialAction\":[{\"@type\":\"SearchAction\",\"target\":{\"@type\":\"EntryPoint\",\"urlTemplate\":\"https:\\\/\\\/informelitoral.com.ar\\\/?s={search_term_string}\"},\"query-input\":{\"@type\":\"PropertyValueSpecification\",\"valueRequired\":true,\"valueName\":\"search_term_string\"}}],\"inLanguage\":\"es\"},{\"@type\":\"Organization\",\"@id\":\"https:\\\/\\\/informelitoral.com.ar\\\/#organization\",\"name\":\"Informe Litoral\",\"url\":\"https:\\\/\\\/informelitoral.com.ar\\\/\",\"logo\":{\"@type\":\"ImageObject\",\"inLanguage\":\"es\",\"@id\":\"https:\\\/\\\/informelitoral.com.ar\\\/#\\\/schema\\\/logo\\\/image\\\/\",\"url\":\"https:\\\/\\\/informelitoral.com.ar\\\/%77%70%2d%63%6f%6e%74%65%6e%74\\\/uploads\\\/2021\\\/01\\\/circulo.png\",\"contentUrl\":\"https:\\\/\\\/informelitoral.com.ar\\\/%77%70%2d%63%6f%6e%74%65%6e%74\\\/uploads\\\/2021\\\/01\\\/circulo.png\",\"width\":723,\"height\":731,\"caption\":\"Informe Litoral\"},\"image\":{\"@id\":\"https:\\\/\\\/informelitoral.com.ar\\\/#\\\/schema\\\/logo\\\/image\\\/\"},\"sameAs\":[\"https:\\\/\\\/www.facebook.com\\\/informelitoral\\\/\",\"https:\\\/\\\/x.com\\\/InformeLitoral\",\"https:\\\/\\\/www.instagram.com\\\/informelitoral\\\/\",\"https:\\\/\\\/www.youtube.com\\\/channel\\\/UCua4Qvz8Icb6MYqhoq9xLXw\"]},{\"@type\":\"Person\",\"@id\":\"https:\\\/\\\/informelitoral.com.ar\\\/#\\\/schema\\\/person\\\/b9d00407c836482871ef1d57bf8e3180\",\"name\":\"Gonzalo Schmidt\",\"image\":{\"@type\":\"ImageObject\",\"inLanguage\":\"es\",\"@id\":\"https:\\\/\\\/secure.gravatar.com\\\/avatar\\\/31a1a7b66ff2de83bd0e9fd79d026630d2d99e55e8bfe501287647b4fd9743de?s=96&d=mm&r=g\",\"url\":\"https:\\\/\\\/secure.gravatar.com\\\/avatar\\\/31a1a7b66ff2de83bd0e9fd79d026630d2d99e55e8bfe501287647b4fd9743de?s=96&d=mm&r=g\",\"contentUrl\":\"https:\\\/\\\/secure.gravatar.com\\\/avatar\\\/31a1a7b66ff2de83bd0e9fd79d026630d2d99e55e8bfe501287647b4fd9743de?s=96&d=mm&r=g\",\"caption\":\"Gonzalo Schmidt\"},\"description\":\"Sitio web de noticias de la provincia de Entre R\u00edos, Argentina. Informaci\u00f3n y entretenimiento. Informe Litoral, nos informamos.\",\"sameAs\":[\"http:\\\/\\\/www.isletasnoticias.com.ar\"],\"url\":\"https:\\\/\\\/informelitoral.com.ar\\\/author\\\/gonzalo\\\/\"}]}<\/script>","yoast_head_json":{"title":"Senador oficialista destac\u00f3 la disminuci\u00f3n de la pobreza en Entre R\u00edos y elogi\u00f3 a Frigerio - Informe Litoral","robots":{"index":"index","follow":"follow","max-snippet":"max-snippet:-1","max-image-preview":"max-image-preview:large","max-video-preview":"max-video-preview:-1"},"canonical":"https:\/\/informelitoral.com.ar\/senador-oficialista-destaco-la-disminucion-de-la-pobreza-en-entre-rios-y-elogio-a-frigerio\/","og_locale":"es_ES","og_type":"article","og_title":"Senador oficialista destac\u00f3 la disminuci\u00f3n de la pobreza en Entre R\u00edos y elogi\u00f3 a Frigerio - Informe Litoral","og_description":"Citando un informe del Observatorio de la Deuda Social Argentina elaborado por la Universidad Cat\u00f3lica (UCA), el senador de Gualeguaych\u00fa, Jaime Benedetti dijo que la reducci\u00f3n es resultado de las pol\u00edticas implementadas por Frigerio.","og_url":"https:\/\/informelitoral.com.ar\/senador-oficialista-destaco-la-disminucion-de-la-pobreza-en-entre-rios-y-elogio-a-frigerio\/","og_site_name":"Informe Litoral","article_publisher":"https:\/\/www.facebook.com\/informelitoral\/","article_published_time":"2025-03-13T10:16:05+00:00","og_image":[{"width":1330,"height":880,"url":"https:\/\/informelitoral.com.ar\/%77%70%2d%63%6f%6e%74%65%6e%74\/uploads\/2025\/03\/jaime-benedetti.jpg","type":"image\/jpeg"}],"author":"Gonzalo Schmidt","twitter_card":"summary_large_image","twitter_creator":"@InformeLitoral","twitter_site":"@InformeLitoral","twitter_misc":{"Escrito por":"Gonzalo Schmidt","Tiempo de lectura":"2 minutos"},"schema":{"@context":"https:\/\/schema.org","@graph":[{"@type":"Article","@id":"https:\/\/informelitoral.com.ar\/senador-oficialista-destaco-la-disminucion-de-la-pobreza-en-entre-rios-y-elogio-a-frigerio\/#article","isPartOf":{"@id":"https:\/\/informelitoral.com.ar\/senador-oficialista-destaco-la-disminucion-de-la-pobreza-en-entre-rios-y-elogio-a-frigerio\/"},"author":{"name":"Gonzalo Schmidt","@id":"https:\/\/informelitoral.com.ar\/#\/schema\/person\/b9d00407c836482871ef1d57bf8e3180"},"headline":"Senador oficialista destac\u00f3 la disminuci\u00f3n de la pobreza en Entre R\u00edos y elogi\u00f3 a Frigerio","datePublished":"2025-03-13T10:16:05+00:00","mainEntityOfPage":{"@id":"https:\/\/informelitoral.com.ar\/senador-oficialista-destaco-la-disminucion-de-la-pobreza-en-entre-rios-y-elogio-a-frigerio\/"},"wordCount":388,"commentCount":0,"publisher":{"@id":"https:\/\/informelitoral.com.ar\/#organization"},"image":{"@id":"https:\/\/informelitoral.com.ar\/senador-oficialista-destaco-la-disminucion-de-la-pobreza-en-entre-rios-y-elogio-a-frigerio\/#primaryimage"},"thumbnailUrl":"https:\/\/informelitoral.com.ar\/%77%70%2d%63%6f%6e%74%65%6e%74\/uploads\/2025\/03\/jaime-benedetti.jpg","keywords":["Entre R\u00edos","Juntos por Entre R\u00edos","Rogelio Frigerio","Senador"],"articleSection":["Politica"],"inLanguage":"es","potentialAction":[{"@type":"CommentAction","name":"Comment","target":["https:\/\/informelitoral.com.ar\/senador-oficialista-destaco-la-disminucion-de-la-pobreza-en-entre-rios-y-elogio-a-frigerio\/#respond"]}]},{"@type":"WebPage","@id":"https:\/\/informelitoral.com.ar\/senador-oficialista-destaco-la-disminucion-de-la-pobreza-en-entre-rios-y-elogio-a-frigerio\/","url":"https:\/\/informelitoral.com.ar\/senador-oficialista-destaco-la-disminucion-de-la-pobreza-en-entre-rios-y-elogio-a-frigerio\/","name":"Senador oficialista destac\u00f3 la disminuci\u00f3n de la pobreza en Entre R\u00edos y elogi\u00f3 a Frigerio - Informe Litoral","isPartOf":{"@id":"https:\/\/informelitoral.com.ar\/#website"},"primaryImageOfPage":{"@id":"https:\/\/informelitoral.com.ar\/senador-oficialista-destaco-la-disminucion-de-la-pobreza-en-entre-rios-y-elogio-a-frigerio\/#primaryimage"},"image":{"@id":"https:\/\/informelitoral.com.ar\/senador-oficialista-destaco-la-disminucion-de-la-pobreza-en-entre-rios-y-elogio-a-frigerio\/#primaryimage"},"thumbnailUrl":"https:\/\/informelitoral.com.ar\/%77%70%2d%63%6f%6e%74%65%6e%74\/uploads\/2025\/03\/jaime-benedetti.jpg","datePublished":"2025-03-13T10:16:05+00:00","breadcrumb":{"@id":"https:\/\/informelitoral.com.ar\/senador-oficialista-destaco-la-disminucion-de-la-pobreza-en-entre-rios-y-elogio-a-frigerio\/#breadcrumb"},"inLanguage":"es","potentialAction":[{"@type":"ReadAction","target":["https:\/\/informelitoral.com.ar\/senador-oficialista-destaco-la-disminucion-de-la-pobreza-en-entre-rios-y-elogio-a-frigerio\/"]}]},{"@type":"ImageObject","inLanguage":"es","@id":"https:\/\/informelitoral.com.ar\/senador-oficialista-destaco-la-disminucion-de-la-pobreza-en-entre-rios-y-elogio-a-frigerio\/#primaryimage","url":"https:\/\/informelitoral.com.ar\/%77%70%2d%63%6f%6e%74%65%6e%74\/uploads\/2025\/03\/jaime-benedetti.jpg","contentUrl":"https:\/\/informelitoral.com.ar\/%77%70%2d%63%6f%6e%74%65%6e%74\/uploads\/2025\/03\/jaime-benedetti.jpg","width":1330,"height":880},{"@type":"BreadcrumbList","@id":"https:\/\/informelitoral.com.ar\/senador-oficialista-destaco-la-disminucion-de-la-pobreza-en-entre-rios-y-elogio-a-frigerio\/#breadcrumb","itemListElement":[{"@type":"ListItem","position":1,"name":"Portada","item":"https:\/\/informelitoral.com.ar\/"},{"@type":"ListItem","position":2,"name":"Senador oficialista destac\u00f3 la disminuci\u00f3n de la pobreza en Entre R\u00edos y elogi\u00f3 a Frigerio"}]},{"@type":"WebSite","@id":"https:\/\/informelitoral.com.ar\/#website","url":"https:\/\/informelitoral.com.ar\/","name":"Informe Litoral","description":"&quot;Nos informamos&quot; ","publisher":{"@id":"https:\/\/informelitoral.com.ar\/#organization"},"potentialAction":[{"@type":"SearchAction","target":{"@type":"EntryPoint","urlTemplate":"https:\/\/informelitoral.com.ar\/?s={search_term_string}"},"query-input":{"@type":"PropertyValueSpecification","valueRequired":true,"valueName":"search_term_string"}}],"inLanguage":"es"},{"@type":"Organization","@id":"https:\/\/informelitoral.com.ar\/#organization","name":"Informe Litoral","url":"https:\/\/informelitoral.com.ar\/","logo":{"@type":"ImageObject","inLanguage":"es","@id":"https:\/\/informelitoral.com.ar\/#\/schema\/logo\/image\/","url":"https:\/\/informelitoral.com.ar\/%77%70%2d%63%6f%6e%74%65%6e%74\/uploads\/2021\/01\/circulo.png","contentUrl":"https:\/\/informelitoral.com.ar\/%77%70%2d%63%6f%6e%74%65%6e%74\/uploads\/2021\/01\/circulo.png","width":723,"height":731,"caption":"Informe Litoral"},"image":{"@id":"https:\/\/informelitoral.com.ar\/#\/schema\/logo\/image\/"},"sameAs":["https:\/\/www.facebook.com\/informelitoral\/","https:\/\/x.com\/InformeLitoral","https:\/\/www.instagram.com\/informelitoral\/","https:\/\/www.youtube.com\/channel\/UCua4Qvz8Icb6MYqhoq9xLXw"]},{"@type":"Person","@id":"https:\/\/informelitoral.com.ar\/#\/schema\/person\/b9d00407c836482871ef1d57bf8e3180","name":"Gonzalo Schmidt","image":{"@type":"ImageObject","inLanguage":"es","@id":"https:\/\/secure.gravatar.com\/avatar\/31a1a7b66ff2de83bd0e9fd79d026630d2d99e55e8bfe501287647b4fd9743de?s=96&d=mm&r=g","url":"https:\/\/secure.gravatar.com\/avatar\/31a1a7b66ff2de83bd0e9fd79d026630d2d99e55e8bfe501287647b4fd9743de?s=96&d=mm&r=g","contentUrl":"https:\/\/secure.gravatar.com\/avatar\/31a1a7b66ff2de83bd0e9fd79d026630d2d99e55e8bfe501287647b4fd9743de?s=96&d=mm&r=g","caption":"Gonzalo Schmidt"},"description":"Sitio web de noticias de la provincia de Entre R\u00edos, Argentina. Informaci\u00f3n y entretenimiento. Informe Litoral, nos informamos.","sameAs":["http:\/\/www.isletasnoticias.com.ar"],"url":"https:\/\/informelitoral.com.ar\/author\/gonzalo\/"}]}},"_links":{"self":[{"href":"https:\/\/informelitoral.com.ar\/%77%70%2d%6a%73%6f%6e\/wp\/v2\/posts\/214581","targetHints":{"allow":["GET"]}}],"collection":[{"href":"https:\/\/informelitoral.com.ar\/%77%70%2d%6a%73%6f%6e\/wp\/v2\/posts"}],"about":[{"href":"https:\/\/informelitoral.com.ar\/%77%70%2d%6a%73%6f%6e\/wp\/v2\/types\/post"}],"author":[{"embeddable":true,"href":"https:\/\/informelitoral.com.ar\/%77%70%2d%6a%73%6f%6e\/wp\/v2\/users\/2"}],"replies":[{"embeddable":true,"href":"https:\/\/informelitoral.com.ar\/%77%70%2d%6a%73%6f%6e\/wp\/v2\/comments?post=214581"}],"version-history":[{"count":0,"href":"https:\/\/informelitoral.com.ar\/%77%70%2d%6a%73%6f%6e\/wp\/v2\/posts\/214581\/revisions"}],"wp:featuredmedia":[{"embeddable":true,"href":"https:\/\/informelitoral.com.ar\/%77%70%2d%6a%73%6f%6e\/wp\/v2\/media\/214584"}],"wp:attachment":[{"href":"https:\/\/informelitoral.com.ar\/%77%70%2d%6a%73%6f%6e\/wp\/v2\/media?parent=214581"}],"wp:term":[{"taxonomy":"category","embeddable":true,"href":"https:\/\/informelitoral.com.ar\/%77%70%2d%6a%73%6f%6e\/wp\/v2\/categories?post=214581"},{"taxonomy":"post_tag","embeddable":true,"href":"https:\/\/informelitoral.com.ar\/%77%70%2d%6a%73%6f%6e\/wp\/v2\/tags?post=214581"}],"curies":[{"name":"wp","href":"https:\/\/api.w.org\/{rel}","templated":true}]}}