{"id":214573,"date":"2025-03-13T07:07:52","date_gmt":"2025-03-13T10:07:52","guid":{"rendered":"https:\/\/informelitoral.com.ar\/?p=214573"},"modified":"2025-03-13T07:07:52","modified_gmt":"2025-03-13T10:07:52","slug":"avanzaron-en-el-debate-de-la-reforma-del-consejo-de-la-magistratura","status":"publish","type":"post","link":"https:\/\/informelitoral.com.ar\/avanzaron-en-el-debate-de-la-reforma-del-consejo-de-la-magistratura\/","title":{"rendered":"Avanzaron en el debate de la reforma del Consejo de la Magistratura"},"content":{"rendered":"<p>La comisi\u00f3n de Asuntos Constitucionales, Juicio Pol\u00edtico y Peticiones, Poderes y Reglamento de la C\u00e1mara de Diputados, que preside <strong>Gabriela Lena<\/strong>, continu\u00f3 este mi\u00e9rcoles con el debate en torno al proyecto de reforma de la Ley N\u00ba 11.003 del Consejo de la Magistratura de la Provincia de Entre R\u00edos. En esta ocasi\u00f3n, los legisladores analizaron el articulado propuesto por el Poder Ejecutivo y los aportes de los miembros de los distintos bloques.<\/p>\n<p>\u201cHay avances importantes, aunque hay art\u00edculos en los que no hay consenso y hay que seguir debatiendo. Pero creo que es importante poder conversar, plantear cada uno su punto de vista e intentar que el Consejo de la Magistratura y que la selecci\u00f3n de los jueces funcionen en la provincia. Necesitamos una modificaci\u00f3n de esta ley y necesitamos hacerla bien, para que no se tenga que cambiar dentro de dos a\u00f1os\u201d, coment\u00f3 Lena.<\/p>\n<p>Con ese objetivo, indic\u00f3 que la comisi\u00f3n no solamente ha escuchado a personas que conocen la materia o integran el Consejo, sino que se ha dado un tiempo para el debate entre los diputados, quienes a su vez son asesorados por distintos especialistas.<\/p>\n<p>Acerca de los puntos m\u00e1s importantes que considera necesario mejorar en el sistema, se\u00f1al\u00f3: \u201cHay que darle mayor celeridad. Hay m\u00e1s de 90 cargos que no son efectivos. Cuando quienes ejercen de jueces, fiscales o defensores han pasado por el Consejo de la Magistratura y tienen la estabilidad que otorga este sistema institucional, sus decisiones tienen esa independencia que establece la Constituci\u00f3n nacional y provincial\u201d.<\/p>\n<h2><strong>Legislaci\u00f3n General<\/strong><\/h2>\n<p>La comisi\u00f3n de Legislaci\u00f3n General, presidida por <strong>Marcelo L\u00f3pez<\/strong>, se reuni\u00f3 este mi\u00e9rcoles por la tarde con el objetivo de abordar dos proyectos de ley. Uno de ellos propone un marco regulatorio de la actividad vinculada a los metales no ferrosos y cuenta con media sanci\u00f3n del Senado. El restante es una modificaci\u00f3n de la ley del Colegio de Martilleros P\u00fablicos de la Provincia de Entre R\u00edos y fue presentado por la diputada<strong> Vilma V\u00e1zquez.<\/strong><\/p>\n<p>Para tratar la primera iniciativa, estuvieron presentes el senador <strong>Jaime Benedetti<\/strong> \u2013autor de la propuesta\u2013;<strong> Raul Avero<\/strong>, funcionario del Ministerio de Seguridad y Justicia, y<strong> Leandro Ju\u00e1rez,<\/strong> asesor legal de la Polic\u00eda de Entre R\u00edos. \u201cEl proyecto tiende a regular la actividad, comercializaci\u00f3n y transporte de metales no ferrosos, como son el bronce y el cobre, con el objetivo de prevenir actividades delictivas como el robo de cables y placas, que una vez que se funden se pierde la trazabilidad y es imposible determinar de qu\u00e9 il\u00edcito se obtuvieron\u201d, dijo L\u00f3pez.<\/p>\n<p>Adem\u00e1s, expres\u00f3 el diputado que \u201cse prev\u00e9 llevar un registro de f\u00e1cil acceso y actualizaci\u00f3n, a los efectos de que se pueda determinar de d\u00f3nde se obtuvieron los bienes que se est\u00e1n comercializando\u201d.<\/p>\n<p>Por otro lado, autoridades del Colegio de Martilleros P\u00fablicos de la Provincia participaron de la reuni\u00f3n de comisi\u00f3n para expresar su opini\u00f3n sobre la modificaci\u00f3n de la norma que regula esta actividad. Se eval\u00faa la posibilidad de invitar a martilleros de distintos departamentos entrerrianos para que tambi\u00e9n manifiesten sus puntos de vista.<\/p>\n<h6><em><strong>Del archivo:\u00a0<a href=\"https:\/\/informelitoral.com.ar\/aranguren-se-prepara-para-la-xiv-fiesta-regional-del-artesano-2025\/\" target=\"_blank\" rel=\"noopener\">Aranguren se prepara para la XIV Fiesta Regional del Artesano 2025<\/a><\/strong><\/em><\/h6>\n","protected":false},"excerpt":{"rendered":"<p>La comisi\u00f3n de Asuntos Constitucionales se reuni\u00f3 para tratar el proyecto de ley que prev\u00e9 cambios en el organismo que selecciona jueces, fiscales y defensores, presentado por el Poder Ejecutivo. Por otro lado, Legislaci\u00f3n General abord\u00f3 dos iniciativas.<\/p>\n","protected":false},"author":2,"featured_media":214575,"comment_status":"open","ping_status":"open","sticky":false,"template":"","format":"standard","meta":{"fifu_image_url":"","fifu_image_alt":"","footnotes":""},"categories":[16],"tags":[3627,5580,196,287],"class_list":{"0":"post-214573","1":"post","2":"type-post","3":"status-publish","4":"format-standard","5":"has-post-thumbnail","7":"category-politi","8":"tag-camara-de-diputados","9":"tag-consejo-de-la-magistratura","10":"tag-diputados","11":"tag-legislativas"},"yoast_head":"<title>Avanzaron en el debate de la reforma del Consejo de la Magistratura - Informe Litoral<\/title>\n<meta name=\"robots\" content=\"index, follow, max-snippet:-1, max-image-preview:large, max-video-preview:-1\" \/>\n<link rel=\"canonical\" href=\"https:\/\/informelitoral.com.ar\/avanzaron-en-el-debate-de-la-reforma-del-consejo-de-la-magistratura\/\" \/>\n<meta property=\"og:locale\" content=\"es_ES\" \/>\n<meta property=\"og:type\" content=\"article\" \/>\n<meta property=\"og:title\" content=\"Avanzaron en el debate de la reforma del Consejo de la Magistratura - Informe Litoral\" \/>\n<meta property=\"og:description\" content=\"La comisi\u00f3n de Asuntos Constitucionales se reuni\u00f3 para tratar el proyecto de ley que prev\u00e9 cambios en el organismo que selecciona jueces, fiscales y defensores, presentado por el Poder Ejecutivo. Por otro lado, Legislaci\u00f3n General abord\u00f3 dos iniciativas.\" \/>\n<meta property=\"og:url\" content=\"https:\/\/informelitoral.com.ar\/avanzaron-en-el-debate-de-la-reforma-del-consejo-de-la-magistratura\/\" \/>\n<meta property=\"og:site_name\" content=\"Informe Litoral\" \/>\n<meta property=\"article:publisher\" content=\"https:\/\/www.facebook.com\/informelitoral\/\" \/>\n<meta property=\"article:published_time\" content=\"2025-03-13T10:07:52+00:00\" \/>\n<meta property=\"og:image\" content=\"https:\/\/informelitoral.com.ar\/%77%70%2d%63%6f%6e%74%65%6e%74\/uploads\/2025\/03\/c95bff76312204b2805b796c20923891.jpg\" \/>\n\t<meta property=\"og:image:width\" content=\"640\" \/>\n\t<meta property=\"og:image:height\" content=\"427\" \/>\n\t<meta property=\"og:image:type\" content=\"image\/jpeg\" \/>\n<meta name=\"author\" content=\"Gonzalo Schmidt\" \/>\n<meta name=\"twitter:card\" content=\"summary_large_image\" \/>\n<meta name=\"twitter:creator\" content=\"@InformeLitoral\" \/>\n<meta name=\"twitter:site\" content=\"@InformeLitoral\" \/>\n<meta name=\"twitter:label1\" content=\"Escrito por\" \/>\n\t<meta name=\"twitter:data1\" content=\"Gonzalo Schmidt\" \/>\n\t<meta name=\"twitter:label2\" content=\"Tiempo de lectura\" \/>\n\t<meta name=\"twitter:data2\" content=\"3 minutos\" \/>\n<script type=\"application\/ld+json\" class=\"yoast-schema-graph\">{\"@context\":\"https:\\\/\\\/schema.org\",\"@graph\":[{\"@type\":\"Article\",\"@id\":\"https:\\\/\\\/informelitoral.com.ar\\\/avanzaron-en-el-debate-de-la-reforma-del-consejo-de-la-magistratura\\\/#article\",\"isPartOf\":{\"@id\":\"https:\\\/\\\/informelitoral.com.ar\\\/avanzaron-en-el-debate-de-la-reforma-del-consejo-de-la-magistratura\\\/\"},\"author\":{\"name\":\"Gonzalo Schmidt\",\"@id\":\"https:\\\/\\\/informelitoral.com.ar\\\/#\\\/schema\\\/person\\\/b9d00407c836482871ef1d57bf8e3180\"},\"headline\":\"Avanzaron en el debate de la reforma del Consejo de la Magistratura\",\"datePublished\":\"2025-03-13T10:07:52+00:00\",\"mainEntityOfPage\":{\"@id\":\"https:\\\/\\\/informelitoral.com.ar\\\/avanzaron-en-el-debate-de-la-reforma-del-consejo-de-la-magistratura\\\/\"},\"wordCount\":571,\"commentCount\":0,\"publisher\":{\"@id\":\"https:\\\/\\\/informelitoral.com.ar\\\/#organization\"},\"image\":{\"@id\":\"https:\\\/\\\/informelitoral.com.ar\\\/avanzaron-en-el-debate-de-la-reforma-del-consejo-de-la-magistratura\\\/#primaryimage\"},\"thumbnailUrl\":\"https:\\\/\\\/informelitoral.com.ar\\\/%77%70%2d%63%6f%6e%74%65%6e%74\\\/uploads\\\/2025\\\/03\\\/c95bff76312204b2805b796c20923891.jpg\",\"keywords\":[\"C\u00e1mara de Diputados\",\"Consejo de la Magistratura\",\"Diputados\",\"Legislativas\"],\"articleSection\":[\"Politica\"],\"inLanguage\":\"es\",\"potentialAction\":[{\"@type\":\"CommentAction\",\"name\":\"Comment\",\"target\":[\"https:\\\/\\\/informelitoral.com.ar\\\/avanzaron-en-el-debate-de-la-reforma-del-consejo-de-la-magistratura\\\/#respond\"]}]},{\"@type\":\"WebPage\",\"@id\":\"https:\\\/\\\/informelitoral.com.ar\\\/avanzaron-en-el-debate-de-la-reforma-del-consejo-de-la-magistratura\\\/\",\"url\":\"https:\\\/\\\/informelitoral.com.ar\\\/avanzaron-en-el-debate-de-la-reforma-del-consejo-de-la-magistratura\\\/\",\"name\":\"Avanzaron en el debate de la reforma del Consejo de la Magistratura - Informe Litoral\",\"isPartOf\":{\"@id\":\"https:\\\/\\\/informelitoral.com.ar\\\/#website\"},\"primaryImageOfPage\":{\"@id\":\"https:\\\/\\\/informelitoral.com.ar\\\/avanzaron-en-el-debate-de-la-reforma-del-consejo-de-la-magistratura\\\/#primaryimage\"},\"image\":{\"@id\":\"https:\\\/\\\/informelitoral.com.ar\\\/avanzaron-en-el-debate-de-la-reforma-del-consejo-de-la-magistratura\\\/#primaryimage\"},\"thumbnailUrl\":\"https:\\\/\\\/informelitoral.com.ar\\\/%77%70%2d%63%6f%6e%74%65%6e%74\\\/uploads\\\/2025\\\/03\\\/c95bff76312204b2805b796c20923891.jpg\",\"datePublished\":\"2025-03-13T10:07:52+00:00\",\"breadcrumb\":{\"@id\":\"https:\\\/\\\/informelitoral.com.ar\\\/avanzaron-en-el-debate-de-la-reforma-del-consejo-de-la-magistratura\\\/#breadcrumb\"},\"inLanguage\":\"es\",\"potentialAction\":[{\"@type\":\"ReadAction\",\"target\":[\"https:\\\/\\\/informelitoral.com.ar\\\/avanzaron-en-el-debate-de-la-reforma-del-consejo-de-la-magistratura\\\/\"]}]},{\"@type\":\"ImageObject\",\"inLanguage\":\"es\",\"@id\":\"https:\\\/\\\/informelitoral.com.ar\\\/avanzaron-en-el-debate-de-la-reforma-del-consejo-de-la-magistratura\\\/#primaryimage\",\"url\":\"https:\\\/\\\/informelitoral.com.ar\\\/%77%70%2d%63%6f%6e%74%65%6e%74\\\/uploads\\\/2025\\\/03\\\/c95bff76312204b2805b796c20923891.jpg\",\"contentUrl\":\"https:\\\/\\\/informelitoral.com.ar\\\/%77%70%2d%63%6f%6e%74%65%6e%74\\\/uploads\\\/2025\\\/03\\\/c95bff76312204b2805b796c20923891.jpg\",\"width\":640,\"height\":427},{\"@type\":\"BreadcrumbList\",\"@id\":\"https:\\\/\\\/informelitoral.com.ar\\\/avanzaron-en-el-debate-de-la-reforma-del-consejo-de-la-magistratura\\\/#breadcrumb\",\"itemListElement\":[{\"@type\":\"ListItem\",\"position\":1,\"name\":\"Portada\",\"item\":\"https:\\\/\\\/informelitoral.com.ar\\\/\"},{\"@type\":\"ListItem\",\"position\":2,\"name\":\"Avanzaron en el debate de la reforma del Consejo de la Magistratura\"}]},{\"@type\":\"WebSite\",\"@id\":\"https:\\\/\\\/informelitoral.com.ar\\\/#website\",\"url\":\"https:\\\/\\\/informelitoral.com.ar\\\/\",\"name\":\"Informe Litoral\",\"description\":\"&quot;Nos informamos&quot; \",\"publisher\":{\"@id\":\"https:\\\/\\\/informelitoral.com.ar\\\/#organization\"},\"potentialAction\":[{\"@type\":\"SearchAction\",\"target\":{\"@type\":\"EntryPoint\",\"urlTemplate\":\"https:\\\/\\\/informelitoral.com.ar\\\/?s={search_term_string}\"},\"query-input\":{\"@type\":\"PropertyValueSpecification\",\"valueRequired\":true,\"valueName\":\"search_term_string\"}}],\"inLanguage\":\"es\"},{\"@type\":\"Organization\",\"@id\":\"https:\\\/\\\/informelitoral.com.ar\\\/#organization\",\"name\":\"Informe Litoral\",\"url\":\"https:\\\/\\\/informelitoral.com.ar\\\/\",\"logo\":{\"@type\":\"ImageObject\",\"inLanguage\":\"es\",\"@id\":\"https:\\\/\\\/informelitoral.com.ar\\\/#\\\/schema\\\/logo\\\/image\\\/\",\"url\":\"https:\\\/\\\/informelitoral.com.ar\\\/%77%70%2d%63%6f%6e%74%65%6e%74\\\/uploads\\\/2021\\\/01\\\/circulo.png\",\"contentUrl\":\"https:\\\/\\\/informelitoral.com.ar\\\/%77%70%2d%63%6f%6e%74%65%6e%74\\\/uploads\\\/2021\\\/01\\\/circulo.png\",\"width\":723,\"height\":731,\"caption\":\"Informe Litoral\"},\"image\":{\"@id\":\"https:\\\/\\\/informelitoral.com.ar\\\/#\\\/schema\\\/logo\\\/image\\\/\"},\"sameAs\":[\"https:\\\/\\\/www.facebook.com\\\/informelitoral\\\/\",\"https:\\\/\\\/x.com\\\/InformeLitoral\",\"https:\\\/\\\/www.instagram.com\\\/informelitoral\\\/\",\"https:\\\/\\\/www.youtube.com\\\/channel\\\/UCua4Qvz8Icb6MYqhoq9xLXw\"]},{\"@type\":\"Person\",\"@id\":\"https:\\\/\\\/informelitoral.com.ar\\\/#\\\/schema\\\/person\\\/b9d00407c836482871ef1d57bf8e3180\",\"name\":\"Gonzalo Schmidt\",\"image\":{\"@type\":\"ImageObject\",\"inLanguage\":\"es\",\"@id\":\"https:\\\/\\\/secure.gravatar.com\\\/avatar\\\/31a1a7b66ff2de83bd0e9fd79d026630d2d99e55e8bfe501287647b4fd9743de?s=96&d=mm&r=g\",\"url\":\"https:\\\/\\\/secure.gravatar.com\\\/avatar\\\/31a1a7b66ff2de83bd0e9fd79d026630d2d99e55e8bfe501287647b4fd9743de?s=96&d=mm&r=g\",\"contentUrl\":\"https:\\\/\\\/secure.gravatar.com\\\/avatar\\\/31a1a7b66ff2de83bd0e9fd79d026630d2d99e55e8bfe501287647b4fd9743de?s=96&d=mm&r=g\",\"caption\":\"Gonzalo Schmidt\"},\"description\":\"Sitio web de noticias de la provincia de Entre R\u00edos, Argentina. Informaci\u00f3n y entretenimiento. Informe Litoral, nos informamos.\",\"sameAs\":[\"http:\\\/\\\/www.isletasnoticias.com.ar\"],\"url\":\"https:\\\/\\\/informelitoral.com.ar\\\/author\\\/gonzalo\\\/\"}]}<\/script>","yoast_head_json":{"title":"Avanzaron en el debate de la reforma del Consejo de la Magistratura - Informe Litoral","robots":{"index":"index","follow":"follow","max-snippet":"max-snippet:-1","max-image-preview":"max-image-preview:large","max-video-preview":"max-video-preview:-1"},"canonical":"https:\/\/informelitoral.com.ar\/avanzaron-en-el-debate-de-la-reforma-del-consejo-de-la-magistratura\/","og_locale":"es_ES","og_type":"article","og_title":"Avanzaron en el debate de la reforma del Consejo de la Magistratura - Informe Litoral","og_description":"La comisi\u00f3n de Asuntos Constitucionales se reuni\u00f3 para tratar el proyecto de ley que prev\u00e9 cambios en el organismo que selecciona jueces, fiscales y defensores, presentado por el Poder Ejecutivo. Por otro lado, Legislaci\u00f3n General abord\u00f3 dos iniciativas.","og_url":"https:\/\/informelitoral.com.ar\/avanzaron-en-el-debate-de-la-reforma-del-consejo-de-la-magistratura\/","og_site_name":"Informe Litoral","article_publisher":"https:\/\/www.facebook.com\/informelitoral\/","article_published_time":"2025-03-13T10:07:52+00:00","og_image":[{"width":640,"height":427,"url":"https:\/\/informelitoral.com.ar\/%77%70%2d%63%6f%6e%74%65%6e%74\/uploads\/2025\/03\/c95bff76312204b2805b796c20923891.jpg","type":"image\/jpeg"}],"author":"Gonzalo Schmidt","twitter_card":"summary_large_image","twitter_creator":"@InformeLitoral","twitter_site":"@InformeLitoral","twitter_misc":{"Escrito por":"Gonzalo Schmidt","Tiempo de lectura":"3 minutos"},"schema":{"@context":"https:\/\/schema.org","@graph":[{"@type":"Article","@id":"https:\/\/informelitoral.com.ar\/avanzaron-en-el-debate-de-la-reforma-del-consejo-de-la-magistratura\/#article","isPartOf":{"@id":"https:\/\/informelitoral.com.ar\/avanzaron-en-el-debate-de-la-reforma-del-consejo-de-la-magistratura\/"},"author":{"name":"Gonzalo Schmidt","@id":"https:\/\/informelitoral.com.ar\/#\/schema\/person\/b9d00407c836482871ef1d57bf8e3180"},"headline":"Avanzaron en el debate de la reforma del Consejo de la Magistratura","datePublished":"2025-03-13T10:07:52+00:00","mainEntityOfPage":{"@id":"https:\/\/informelitoral.com.ar\/avanzaron-en-el-debate-de-la-reforma-del-consejo-de-la-magistratura\/"},"wordCount":571,"commentCount":0,"publisher":{"@id":"https:\/\/informelitoral.com.ar\/#organization"},"image":{"@id":"https:\/\/informelitoral.com.ar\/avanzaron-en-el-debate-de-la-reforma-del-consejo-de-la-magistratura\/#primaryimage"},"thumbnailUrl":"https:\/\/informelitoral.com.ar\/%77%70%2d%63%6f%6e%74%65%6e%74\/uploads\/2025\/03\/c95bff76312204b2805b796c20923891.jpg","keywords":["C\u00e1mara de Diputados","Consejo de la Magistratura","Diputados","Legislativas"],"articleSection":["Politica"],"inLanguage":"es","potentialAction":[{"@type":"CommentAction","name":"Comment","target":["https:\/\/informelitoral.com.ar\/avanzaron-en-el-debate-de-la-reforma-del-consejo-de-la-magistratura\/#respond"]}]},{"@type":"WebPage","@id":"https:\/\/informelitoral.com.ar\/avanzaron-en-el-debate-de-la-reforma-del-consejo-de-la-magistratura\/","url":"https:\/\/informelitoral.com.ar\/avanzaron-en-el-debate-de-la-reforma-del-consejo-de-la-magistratura\/","name":"Avanzaron en el debate de la reforma del Consejo de la Magistratura - Informe Litoral","isPartOf":{"@id":"https:\/\/informelitoral.com.ar\/#website"},"primaryImageOfPage":{"@id":"https:\/\/informelitoral.com.ar\/avanzaron-en-el-debate-de-la-reforma-del-consejo-de-la-magistratura\/#primaryimage"},"image":{"@id":"https:\/\/informelitoral.com.ar\/avanzaron-en-el-debate-de-la-reforma-del-consejo-de-la-magistratura\/#primaryimage"},"thumbnailUrl":"https:\/\/informelitoral.com.ar\/%77%70%2d%63%6f%6e%74%65%6e%74\/uploads\/2025\/03\/c95bff76312204b2805b796c20923891.jpg","datePublished":"2025-03-13T10:07:52+00:00","breadcrumb":{"@id":"https:\/\/informelitoral.com.ar\/avanzaron-en-el-debate-de-la-reforma-del-consejo-de-la-magistratura\/#breadcrumb"},"inLanguage":"es","potentialAction":[{"@type":"ReadAction","target":["https:\/\/informelitoral.com.ar\/avanzaron-en-el-debate-de-la-reforma-del-consejo-de-la-magistratura\/"]}]},{"@type":"ImageObject","inLanguage":"es","@id":"https:\/\/informelitoral.com.ar\/avanzaron-en-el-debate-de-la-reforma-del-consejo-de-la-magistratura\/#primaryimage","url":"https:\/\/informelitoral.com.ar\/%77%70%2d%63%6f%6e%74%65%6e%74\/uploads\/2025\/03\/c95bff76312204b2805b796c20923891.jpg","contentUrl":"https:\/\/informelitoral.com.ar\/%77%70%2d%63%6f%6e%74%65%6e%74\/uploads\/2025\/03\/c95bff76312204b2805b796c20923891.jpg","width":640,"height":427},{"@type":"BreadcrumbList","@id":"https:\/\/informelitoral.com.ar\/avanzaron-en-el-debate-de-la-reforma-del-consejo-de-la-magistratura\/#breadcrumb","itemListElement":[{"@type":"ListItem","position":1,"name":"Portada","item":"https:\/\/informelitoral.com.ar\/"},{"@type":"ListItem","position":2,"name":"Avanzaron en el debate de la reforma del Consejo de la Magistratura"}]},{"@type":"WebSite","@id":"https:\/\/informelitoral.com.ar\/#website","url":"https:\/\/informelitoral.com.ar\/","name":"Informe Litoral","description":"&quot;Nos informamos&quot; ","publisher":{"@id":"https:\/\/informelitoral.com.ar\/#organization"},"potentialAction":[{"@type":"SearchAction","target":{"@type":"EntryPoint","urlTemplate":"https:\/\/informelitoral.com.ar\/?s={search_term_string}"},"query-input":{"@type":"PropertyValueSpecification","valueRequired":true,"valueName":"search_term_string"}}],"inLanguage":"es"},{"@type":"Organization","@id":"https:\/\/informelitoral.com.ar\/#organization","name":"Informe Litoral","url":"https:\/\/informelitoral.com.ar\/","logo":{"@type":"ImageObject","inLanguage":"es","@id":"https:\/\/informelitoral.com.ar\/#\/schema\/logo\/image\/","url":"https:\/\/informelitoral.com.ar\/%77%70%2d%63%6f%6e%74%65%6e%74\/uploads\/2021\/01\/circulo.png","contentUrl":"https:\/\/informelitoral.com.ar\/%77%70%2d%63%6f%6e%74%65%6e%74\/uploads\/2021\/01\/circulo.png","width":723,"height":731,"caption":"Informe Litoral"},"image":{"@id":"https:\/\/informelitoral.com.ar\/#\/schema\/logo\/image\/"},"sameAs":["https:\/\/www.facebook.com\/informelitoral\/","https:\/\/x.com\/InformeLitoral","https:\/\/www.instagram.com\/informelitoral\/","https:\/\/www.youtube.com\/channel\/UCua4Qvz8Icb6MYqhoq9xLXw"]},{"@type":"Person","@id":"https:\/\/informelitoral.com.ar\/#\/schema\/person\/b9d00407c836482871ef1d57bf8e3180","name":"Gonzalo Schmidt","image":{"@type":"ImageObject","inLanguage":"es","@id":"https:\/\/secure.gravatar.com\/avatar\/31a1a7b66ff2de83bd0e9fd79d026630d2d99e55e8bfe501287647b4fd9743de?s=96&d=mm&r=g","url":"https:\/\/secure.gravatar.com\/avatar\/31a1a7b66ff2de83bd0e9fd79d026630d2d99e55e8bfe501287647b4fd9743de?s=96&d=mm&r=g","contentUrl":"https:\/\/secure.gravatar.com\/avatar\/31a1a7b66ff2de83bd0e9fd79d026630d2d99e55e8bfe501287647b4fd9743de?s=96&d=mm&r=g","caption":"Gonzalo Schmidt"},"description":"Sitio web de noticias de la provincia de Entre R\u00edos, Argentina. Informaci\u00f3n y entretenimiento. Informe Litoral, nos informamos.","sameAs":["http:\/\/www.isletasnoticias.com.ar"],"url":"https:\/\/informelitoral.com.ar\/author\/gonzalo\/"}]}},"_links":{"self":[{"href":"https:\/\/informelitoral.com.ar\/%77%70%2d%6a%73%6f%6e\/wp\/v2\/posts\/214573","targetHints":{"allow":["GET"]}}],"collection":[{"href":"https:\/\/informelitoral.com.ar\/%77%70%2d%6a%73%6f%6e\/wp\/v2\/posts"}],"about":[{"href":"https:\/\/informelitoral.com.ar\/%77%70%2d%6a%73%6f%6e\/wp\/v2\/types\/post"}],"author":[{"embeddable":true,"href":"https:\/\/informelitoral.com.ar\/%77%70%2d%6a%73%6f%6e\/wp\/v2\/users\/2"}],"replies":[{"embeddable":true,"href":"https:\/\/informelitoral.com.ar\/%77%70%2d%6a%73%6f%6e\/wp\/v2\/comments?post=214573"}],"version-history":[{"count":0,"href":"https:\/\/informelitoral.com.ar\/%77%70%2d%6a%73%6f%6e\/wp\/v2\/posts\/214573\/revisions"}],"wp:featuredmedia":[{"embeddable":true,"href":"https:\/\/informelitoral.com.ar\/%77%70%2d%6a%73%6f%6e\/wp\/v2\/media\/214575"}],"wp:attachment":[{"href":"https:\/\/informelitoral.com.ar\/%77%70%2d%6a%73%6f%6e\/wp\/v2\/media?parent=214573"}],"wp:term":[{"taxonomy":"category","embeddable":true,"href":"https:\/\/informelitoral.com.ar\/%77%70%2d%6a%73%6f%6e\/wp\/v2\/categories?post=214573"},{"taxonomy":"post_tag","embeddable":true,"href":"https:\/\/informelitoral.com.ar\/%77%70%2d%6a%73%6f%6e\/wp\/v2\/tags?post=214573"}],"curies":[{"name":"wp","href":"https:\/\/api.w.org\/{rel}","templated":true}]}}