{"id":214567,"date":"2025-03-12T23:58:49","date_gmt":"2025-03-13T02:58:49","guid":{"rendered":"https:\/\/informelitoral.com.ar\/?p=214567"},"modified":"2025-03-13T07:01:45","modified_gmt":"2025-03-13T10:01:45","slug":"gustavo-hein-recibio-a-la-diputada-que-reemplaza-a-stefania-cora","status":"publish","type":"post","link":"https:\/\/informelitoral.com.ar\/gustavo-hein-recibio-a-la-diputada-que-reemplaza-a-stefania-cora\/","title":{"rendered":"Gustavo Hein recibi\u00f3 a la diputada que reemplaza a Stefan\u00eda Cora"},"content":{"rendered":"<p>El presidente de la C\u00e1mara de Diputados de Entre R\u00edos, <strong>Gustavo Hein<\/strong>, recibi\u00f3 a <strong>Silvina Decc\u00f3,<\/strong> quien asumi\u00f3 durante la sesi\u00f3n de este mi\u00e9rcoles en la banca que qued\u00f3 vacante tras la renuncia de Stefan\u00eda Cora. Durante el encuentro, dialogaron sobre el trabajo parlamentario y los desaf\u00edos que \u00e9ste implica para la nueva legisladora.<\/p>\n<p>\u201cTengo grandes expectativas. Esto para m\u00ed es una responsabilidad inmensa que quiero asumir con un gran compromiso\u201d, dijo la legisladora del bloque M\u00e1s para Entre R\u00edos sobre su incorporaci\u00f3n a la C\u00e1mara baja provincial.<\/p>\n<p>Acerca de la reuni\u00f3n con Hein, se\u00f1al\u00f3 que fue para interiorizarse del funcionamiento de la instituci\u00f3n legislativa y ponerse a disposici\u00f3n para llevar adelante su \u201ccompromiso con todos los entrerrianos para desempe\u00f1ar la funci\u00f3n de la mejor manera\u201d.<\/p>\n<p>Decc\u00f3 tuvo dos mandatos como concejal en Diamante, por lo cual consider\u00f3 que poseer experiencia en la labor legislativa le ser\u00e1 \u00fatil para ejercer su nuevo rol como diputada. A esto sum\u00f3 su profesi\u00f3n de abogada y su inter\u00e9s por las tem\u00e1ticas sociales.<\/p>\n<p>\u201cMe parece muy interesante poder abordar estos temas y, de hecho, algunas de las comisiones en las que Stefan\u00eda Cora participaba tienen mucha vinculaci\u00f3n con eso\u201d, expres\u00f3 Decc\u00f3.<\/p>\n<h6><em><strong>Nota relacionada:\u00a0<a href=\"https:\/\/informelitoral.com.ar\/silvina-decco-asumio-en-reemplazo-de-stefania-cora\/\" target=\"_blank\" rel=\"noopener\">Silvina Decc\u00f3 asumi\u00f3 en reemplazo de Stefan\u00eda Cora<\/a><\/strong><\/em><\/h6>\n","protected":false},"excerpt":{"rendered":"<p>Silvina Decc\u00f3 prest\u00f3 juramento en la sesi\u00f3n de este mi\u00e9rcoles. En una reuni\u00f3n con el presidente de la C\u00e1mara de Diputados, dialogaron sobre el trabajo legislativo.<\/p>\n","protected":false},"author":2,"featured_media":214568,"comment_status":"open","ping_status":"open","sticky":false,"template":"","format":"standard","meta":{"fifu_image_url":"","fifu_image_alt":"","footnotes":""},"categories":[16],"tags":[3627,196,1589,287,5613],"class_list":{"0":"post-214567","1":"post","2":"type-post","3":"status-publish","4":"format-standard","5":"has-post-thumbnail","7":"category-politi","8":"tag-camara-de-diputados","9":"tag-diputados","10":"tag-gustavo-hein","11":"tag-legislativas","12":"tag-silvina-decco"},"yoast_head":"<title>Gustavo Hein recibi\u00f3 a la diputada que reemplaza a Stefan\u00eda Cora - Informe Litoral<\/title>\n<meta name=\"robots\" content=\"index, follow, max-snippet:-1, max-image-preview:large, max-video-preview:-1\" \/>\n<link rel=\"canonical\" href=\"https:\/\/informelitoral.com.ar\/gustavo-hein-recibio-a-la-diputada-que-reemplaza-a-stefania-cora\/\" \/>\n<meta property=\"og:locale\" content=\"es_ES\" \/>\n<meta property=\"og:type\" content=\"article\" \/>\n<meta property=\"og:title\" content=\"Gustavo Hein recibi\u00f3 a la diputada que reemplaza a Stefan\u00eda Cora - Informe Litoral\" \/>\n<meta property=\"og:description\" content=\"Silvina Decc\u00f3 prest\u00f3 juramento en la sesi\u00f3n de este mi\u00e9rcoles. En una reuni\u00f3n con el presidente de la C\u00e1mara de Diputados, dialogaron sobre el trabajo legislativo.\" \/>\n<meta property=\"og:url\" content=\"https:\/\/informelitoral.com.ar\/gustavo-hein-recibio-a-la-diputada-que-reemplaza-a-stefania-cora\/\" \/>\n<meta property=\"og:site_name\" content=\"Informe Litoral\" \/>\n<meta property=\"article:publisher\" content=\"https:\/\/www.facebook.com\/informelitoral\/\" \/>\n<meta property=\"article:published_time\" content=\"2025-03-13T02:58:49+00:00\" \/>\n<meta property=\"article:modified_time\" content=\"2025-03-13T10:01:45+00:00\" \/>\n<meta property=\"og:image\" content=\"https:\/\/informelitoral.com.ar\/%77%70%2d%63%6f%6e%74%65%6e%74\/uploads\/2025\/03\/hein-decco.jpg\" \/>\n\t<meta property=\"og:image:width\" content=\"2048\" \/>\n\t<meta property=\"og:image:height\" content=\"1365\" \/>\n\t<meta property=\"og:image:type\" content=\"image\/jpeg\" \/>\n<meta name=\"author\" content=\"Gonzalo Schmidt\" \/>\n<meta name=\"twitter:card\" content=\"summary_large_image\" \/>\n<meta name=\"twitter:creator\" content=\"@InformeLitoral\" \/>\n<meta name=\"twitter:site\" content=\"@InformeLitoral\" \/>\n<meta name=\"twitter:label1\" content=\"Escrito por\" \/>\n\t<meta name=\"twitter:data1\" content=\"Gonzalo Schmidt\" \/>\n\t<meta name=\"twitter:label2\" content=\"Tiempo de lectura\" \/>\n\t<meta name=\"twitter:data2\" content=\"1 minuto\" \/>\n<script type=\"application\/ld+json\" class=\"yoast-schema-graph\">{\"@context\":\"https:\\\/\\\/schema.org\",\"@graph\":[{\"@type\":\"Article\",\"@id\":\"https:\\\/\\\/informelitoral.com.ar\\\/gustavo-hein-recibio-a-la-diputada-que-reemplaza-a-stefania-cora\\\/#article\",\"isPartOf\":{\"@id\":\"https:\\\/\\\/informelitoral.com.ar\\\/gustavo-hein-recibio-a-la-diputada-que-reemplaza-a-stefania-cora\\\/\"},\"author\":{\"name\":\"Gonzalo Schmidt\",\"@id\":\"https:\\\/\\\/informelitoral.com.ar\\\/#\\\/schema\\\/person\\\/b9d00407c836482871ef1d57bf8e3180\"},\"headline\":\"Gustavo Hein recibi\u00f3 a la diputada que reemplaza a Stefan\u00eda Cora\",\"datePublished\":\"2025-03-13T02:58:49+00:00\",\"dateModified\":\"2025-03-13T10:01:45+00:00\",\"mainEntityOfPage\":{\"@id\":\"https:\\\/\\\/informelitoral.com.ar\\\/gustavo-hein-recibio-a-la-diputada-que-reemplaza-a-stefania-cora\\\/\"},\"wordCount\":241,\"commentCount\":0,\"publisher\":{\"@id\":\"https:\\\/\\\/informelitoral.com.ar\\\/#organization\"},\"image\":{\"@id\":\"https:\\\/\\\/informelitoral.com.ar\\\/gustavo-hein-recibio-a-la-diputada-que-reemplaza-a-stefania-cora\\\/#primaryimage\"},\"thumbnailUrl\":\"https:\\\/\\\/informelitoral.com.ar\\\/%77%70%2d%63%6f%6e%74%65%6e%74\\\/uploads\\\/2025\\\/03\\\/hein-decco.jpg\",\"keywords\":[\"C\u00e1mara de Diputados\",\"Diputados\",\"Gustavo Hein\",\"Legislativas\",\"Silvina Decc\u00f3\"],\"articleSection\":[\"Politica\"],\"inLanguage\":\"es\",\"potentialAction\":[{\"@type\":\"CommentAction\",\"name\":\"Comment\",\"target\":[\"https:\\\/\\\/informelitoral.com.ar\\\/gustavo-hein-recibio-a-la-diputada-que-reemplaza-a-stefania-cora\\\/#respond\"]}]},{\"@type\":\"WebPage\",\"@id\":\"https:\\\/\\\/informelitoral.com.ar\\\/gustavo-hein-recibio-a-la-diputada-que-reemplaza-a-stefania-cora\\\/\",\"url\":\"https:\\\/\\\/informelitoral.com.ar\\\/gustavo-hein-recibio-a-la-diputada-que-reemplaza-a-stefania-cora\\\/\",\"name\":\"Gustavo Hein recibi\u00f3 a la diputada que reemplaza a Stefan\u00eda Cora - Informe Litoral\",\"isPartOf\":{\"@id\":\"https:\\\/\\\/informelitoral.com.ar\\\/#website\"},\"primaryImageOfPage\":{\"@id\":\"https:\\\/\\\/informelitoral.com.ar\\\/gustavo-hein-recibio-a-la-diputada-que-reemplaza-a-stefania-cora\\\/#primaryimage\"},\"image\":{\"@id\":\"https:\\\/\\\/informelitoral.com.ar\\\/gustavo-hein-recibio-a-la-diputada-que-reemplaza-a-stefania-cora\\\/#primaryimage\"},\"thumbnailUrl\":\"https:\\\/\\\/informelitoral.com.ar\\\/%77%70%2d%63%6f%6e%74%65%6e%74\\\/uploads\\\/2025\\\/03\\\/hein-decco.jpg\",\"datePublished\":\"2025-03-13T02:58:49+00:00\",\"dateModified\":\"2025-03-13T10:01:45+00:00\",\"breadcrumb\":{\"@id\":\"https:\\\/\\\/informelitoral.com.ar\\\/gustavo-hein-recibio-a-la-diputada-que-reemplaza-a-stefania-cora\\\/#breadcrumb\"},\"inLanguage\":\"es\",\"potentialAction\":[{\"@type\":\"ReadAction\",\"target\":[\"https:\\\/\\\/informelitoral.com.ar\\\/gustavo-hein-recibio-a-la-diputada-que-reemplaza-a-stefania-cora\\\/\"]}]},{\"@type\":\"ImageObject\",\"inLanguage\":\"es\",\"@id\":\"https:\\\/\\\/informelitoral.com.ar\\\/gustavo-hein-recibio-a-la-diputada-que-reemplaza-a-stefania-cora\\\/#primaryimage\",\"url\":\"https:\\\/\\\/informelitoral.com.ar\\\/%77%70%2d%63%6f%6e%74%65%6e%74\\\/uploads\\\/2025\\\/03\\\/hein-decco.jpg\",\"contentUrl\":\"https:\\\/\\\/informelitoral.com.ar\\\/%77%70%2d%63%6f%6e%74%65%6e%74\\\/uploads\\\/2025\\\/03\\\/hein-decco.jpg\",\"width\":2048,\"height\":1365},{\"@type\":\"BreadcrumbList\",\"@id\":\"https:\\\/\\\/informelitoral.com.ar\\\/gustavo-hein-recibio-a-la-diputada-que-reemplaza-a-stefania-cora\\\/#breadcrumb\",\"itemListElement\":[{\"@type\":\"ListItem\",\"position\":1,\"name\":\"Portada\",\"item\":\"https:\\\/\\\/informelitoral.com.ar\\\/\"},{\"@type\":\"ListItem\",\"position\":2,\"name\":\"Gustavo Hein recibi\u00f3 a la diputada que reemplaza a Stefan\u00eda Cora\"}]},{\"@type\":\"WebSite\",\"@id\":\"https:\\\/\\\/informelitoral.com.ar\\\/#website\",\"url\":\"https:\\\/\\\/informelitoral.com.ar\\\/\",\"name\":\"Informe Litoral\",\"description\":\"&quot;Nos informamos&quot; \",\"publisher\":{\"@id\":\"https:\\\/\\\/informelitoral.com.ar\\\/#organization\"},\"potentialAction\":[{\"@type\":\"SearchAction\",\"target\":{\"@type\":\"EntryPoint\",\"urlTemplate\":\"https:\\\/\\\/informelitoral.com.ar\\\/?s={search_term_string}\"},\"query-input\":{\"@type\":\"PropertyValueSpecification\",\"valueRequired\":true,\"valueName\":\"search_term_string\"}}],\"inLanguage\":\"es\"},{\"@type\":\"Organization\",\"@id\":\"https:\\\/\\\/informelitoral.com.ar\\\/#organization\",\"name\":\"Informe Litoral\",\"url\":\"https:\\\/\\\/informelitoral.com.ar\\\/\",\"logo\":{\"@type\":\"ImageObject\",\"inLanguage\":\"es\",\"@id\":\"https:\\\/\\\/informelitoral.com.ar\\\/#\\\/schema\\\/logo\\\/image\\\/\",\"url\":\"https:\\\/\\\/informelitoral.com.ar\\\/%77%70%2d%63%6f%6e%74%65%6e%74\\\/uploads\\\/2021\\\/01\\\/circulo.png\",\"contentUrl\":\"https:\\\/\\\/informelitoral.com.ar\\\/%77%70%2d%63%6f%6e%74%65%6e%74\\\/uploads\\\/2021\\\/01\\\/circulo.png\",\"width\":723,\"height\":731,\"caption\":\"Informe Litoral\"},\"image\":{\"@id\":\"https:\\\/\\\/informelitoral.com.ar\\\/#\\\/schema\\\/logo\\\/image\\\/\"},\"sameAs\":[\"https:\\\/\\\/www.facebook.com\\\/informelitoral\\\/\",\"https:\\\/\\\/x.com\\\/InformeLitoral\",\"https:\\\/\\\/www.instagram.com\\\/informelitoral\\\/\",\"https:\\\/\\\/www.youtube.com\\\/channel\\\/UCua4Qvz8Icb6MYqhoq9xLXw\"]},{\"@type\":\"Person\",\"@id\":\"https:\\\/\\\/informelitoral.com.ar\\\/#\\\/schema\\\/person\\\/b9d00407c836482871ef1d57bf8e3180\",\"name\":\"Gonzalo Schmidt\",\"image\":{\"@type\":\"ImageObject\",\"inLanguage\":\"es\",\"@id\":\"https:\\\/\\\/secure.gravatar.com\\\/avatar\\\/31a1a7b66ff2de83bd0e9fd79d026630d2d99e55e8bfe501287647b4fd9743de?s=96&d=mm&r=g\",\"url\":\"https:\\\/\\\/secure.gravatar.com\\\/avatar\\\/31a1a7b66ff2de83bd0e9fd79d026630d2d99e55e8bfe501287647b4fd9743de?s=96&d=mm&r=g\",\"contentUrl\":\"https:\\\/\\\/secure.gravatar.com\\\/avatar\\\/31a1a7b66ff2de83bd0e9fd79d026630d2d99e55e8bfe501287647b4fd9743de?s=96&d=mm&r=g\",\"caption\":\"Gonzalo Schmidt\"},\"description\":\"Sitio web de noticias de la provincia de Entre R\u00edos, Argentina. Informaci\u00f3n y entretenimiento. Informe Litoral, nos informamos.\",\"sameAs\":[\"http:\\\/\\\/www.isletasnoticias.com.ar\"],\"url\":\"https:\\\/\\\/informelitoral.com.ar\\\/author\\\/gonzalo\\\/\"}]}<\/script>","yoast_head_json":{"title":"Gustavo Hein recibi\u00f3 a la diputada que reemplaza a Stefan\u00eda Cora - Informe Litoral","robots":{"index":"index","follow":"follow","max-snippet":"max-snippet:-1","max-image-preview":"max-image-preview:large","max-video-preview":"max-video-preview:-1"},"canonical":"https:\/\/informelitoral.com.ar\/gustavo-hein-recibio-a-la-diputada-que-reemplaza-a-stefania-cora\/","og_locale":"es_ES","og_type":"article","og_title":"Gustavo Hein recibi\u00f3 a la diputada que reemplaza a Stefan\u00eda Cora - Informe Litoral","og_description":"Silvina Decc\u00f3 prest\u00f3 juramento en la sesi\u00f3n de este mi\u00e9rcoles. En una reuni\u00f3n con el presidente de la C\u00e1mara de Diputados, dialogaron sobre el trabajo legislativo.","og_url":"https:\/\/informelitoral.com.ar\/gustavo-hein-recibio-a-la-diputada-que-reemplaza-a-stefania-cora\/","og_site_name":"Informe Litoral","article_publisher":"https:\/\/www.facebook.com\/informelitoral\/","article_published_time":"2025-03-13T02:58:49+00:00","article_modified_time":"2025-03-13T10:01:45+00:00","og_image":[{"width":2048,"height":1365,"url":"https:\/\/informelitoral.com.ar\/%77%70%2d%63%6f%6e%74%65%6e%74\/uploads\/2025\/03\/hein-decco.jpg","type":"image\/jpeg"}],"author":"Gonzalo Schmidt","twitter_card":"summary_large_image","twitter_creator":"@InformeLitoral","twitter_site":"@InformeLitoral","twitter_misc":{"Escrito por":"Gonzalo Schmidt","Tiempo de lectura":"1 minuto"},"schema":{"@context":"https:\/\/schema.org","@graph":[{"@type":"Article","@id":"https:\/\/informelitoral.com.ar\/gustavo-hein-recibio-a-la-diputada-que-reemplaza-a-stefania-cora\/#article","isPartOf":{"@id":"https:\/\/informelitoral.com.ar\/gustavo-hein-recibio-a-la-diputada-que-reemplaza-a-stefania-cora\/"},"author":{"name":"Gonzalo Schmidt","@id":"https:\/\/informelitoral.com.ar\/#\/schema\/person\/b9d00407c836482871ef1d57bf8e3180"},"headline":"Gustavo Hein recibi\u00f3 a la diputada que reemplaza a Stefan\u00eda Cora","datePublished":"2025-03-13T02:58:49+00:00","dateModified":"2025-03-13T10:01:45+00:00","mainEntityOfPage":{"@id":"https:\/\/informelitoral.com.ar\/gustavo-hein-recibio-a-la-diputada-que-reemplaza-a-stefania-cora\/"},"wordCount":241,"commentCount":0,"publisher":{"@id":"https:\/\/informelitoral.com.ar\/#organization"},"image":{"@id":"https:\/\/informelitoral.com.ar\/gustavo-hein-recibio-a-la-diputada-que-reemplaza-a-stefania-cora\/#primaryimage"},"thumbnailUrl":"https:\/\/informelitoral.com.ar\/%77%70%2d%63%6f%6e%74%65%6e%74\/uploads\/2025\/03\/hein-decco.jpg","keywords":["C\u00e1mara de Diputados","Diputados","Gustavo Hein","Legislativas","Silvina Decc\u00f3"],"articleSection":["Politica"],"inLanguage":"es","potentialAction":[{"@type":"CommentAction","name":"Comment","target":["https:\/\/informelitoral.com.ar\/gustavo-hein-recibio-a-la-diputada-que-reemplaza-a-stefania-cora\/#respond"]}]},{"@type":"WebPage","@id":"https:\/\/informelitoral.com.ar\/gustavo-hein-recibio-a-la-diputada-que-reemplaza-a-stefania-cora\/","url":"https:\/\/informelitoral.com.ar\/gustavo-hein-recibio-a-la-diputada-que-reemplaza-a-stefania-cora\/","name":"Gustavo Hein recibi\u00f3 a la diputada que reemplaza a Stefan\u00eda Cora - Informe Litoral","isPartOf":{"@id":"https:\/\/informelitoral.com.ar\/#website"},"primaryImageOfPage":{"@id":"https:\/\/informelitoral.com.ar\/gustavo-hein-recibio-a-la-diputada-que-reemplaza-a-stefania-cora\/#primaryimage"},"image":{"@id":"https:\/\/informelitoral.com.ar\/gustavo-hein-recibio-a-la-diputada-que-reemplaza-a-stefania-cora\/#primaryimage"},"thumbnailUrl":"https:\/\/informelitoral.com.ar\/%77%70%2d%63%6f%6e%74%65%6e%74\/uploads\/2025\/03\/hein-decco.jpg","datePublished":"2025-03-13T02:58:49+00:00","dateModified":"2025-03-13T10:01:45+00:00","breadcrumb":{"@id":"https:\/\/informelitoral.com.ar\/gustavo-hein-recibio-a-la-diputada-que-reemplaza-a-stefania-cora\/#breadcrumb"},"inLanguage":"es","potentialAction":[{"@type":"ReadAction","target":["https:\/\/informelitoral.com.ar\/gustavo-hein-recibio-a-la-diputada-que-reemplaza-a-stefania-cora\/"]}]},{"@type":"ImageObject","inLanguage":"es","@id":"https:\/\/informelitoral.com.ar\/gustavo-hein-recibio-a-la-diputada-que-reemplaza-a-stefania-cora\/#primaryimage","url":"https:\/\/informelitoral.com.ar\/%77%70%2d%63%6f%6e%74%65%6e%74\/uploads\/2025\/03\/hein-decco.jpg","contentUrl":"https:\/\/informelitoral.com.ar\/%77%70%2d%63%6f%6e%74%65%6e%74\/uploads\/2025\/03\/hein-decco.jpg","width":2048,"height":1365},{"@type":"BreadcrumbList","@id":"https:\/\/informelitoral.com.ar\/gustavo-hein-recibio-a-la-diputada-que-reemplaza-a-stefania-cora\/#breadcrumb","itemListElement":[{"@type":"ListItem","position":1,"name":"Portada","item":"https:\/\/informelitoral.com.ar\/"},{"@type":"ListItem","position":2,"name":"Gustavo Hein recibi\u00f3 a la diputada que reemplaza a Stefan\u00eda Cora"}]},{"@type":"WebSite","@id":"https:\/\/informelitoral.com.ar\/#website","url":"https:\/\/informelitoral.com.ar\/","name":"Informe Litoral","description":"&quot;Nos informamos&quot; ","publisher":{"@id":"https:\/\/informelitoral.com.ar\/#organization"},"potentialAction":[{"@type":"SearchAction","target":{"@type":"EntryPoint","urlTemplate":"https:\/\/informelitoral.com.ar\/?s={search_term_string}"},"query-input":{"@type":"PropertyValueSpecification","valueRequired":true,"valueName":"search_term_string"}}],"inLanguage":"es"},{"@type":"Organization","@id":"https:\/\/informelitoral.com.ar\/#organization","name":"Informe Litoral","url":"https:\/\/informelitoral.com.ar\/","logo":{"@type":"ImageObject","inLanguage":"es","@id":"https:\/\/informelitoral.com.ar\/#\/schema\/logo\/image\/","url":"https:\/\/informelitoral.com.ar\/%77%70%2d%63%6f%6e%74%65%6e%74\/uploads\/2021\/01\/circulo.png","contentUrl":"https:\/\/informelitoral.com.ar\/%77%70%2d%63%6f%6e%74%65%6e%74\/uploads\/2021\/01\/circulo.png","width":723,"height":731,"caption":"Informe Litoral"},"image":{"@id":"https:\/\/informelitoral.com.ar\/#\/schema\/logo\/image\/"},"sameAs":["https:\/\/www.facebook.com\/informelitoral\/","https:\/\/x.com\/InformeLitoral","https:\/\/www.instagram.com\/informelitoral\/","https:\/\/www.youtube.com\/channel\/UCua4Qvz8Icb6MYqhoq9xLXw"]},{"@type":"Person","@id":"https:\/\/informelitoral.com.ar\/#\/schema\/person\/b9d00407c836482871ef1d57bf8e3180","name":"Gonzalo Schmidt","image":{"@type":"ImageObject","inLanguage":"es","@id":"https:\/\/secure.gravatar.com\/avatar\/31a1a7b66ff2de83bd0e9fd79d026630d2d99e55e8bfe501287647b4fd9743de?s=96&d=mm&r=g","url":"https:\/\/secure.gravatar.com\/avatar\/31a1a7b66ff2de83bd0e9fd79d026630d2d99e55e8bfe501287647b4fd9743de?s=96&d=mm&r=g","contentUrl":"https:\/\/secure.gravatar.com\/avatar\/31a1a7b66ff2de83bd0e9fd79d026630d2d99e55e8bfe501287647b4fd9743de?s=96&d=mm&r=g","caption":"Gonzalo Schmidt"},"description":"Sitio web de noticias de la provincia de Entre R\u00edos, Argentina. Informaci\u00f3n y entretenimiento. Informe Litoral, nos informamos.","sameAs":["http:\/\/www.isletasnoticias.com.ar"],"url":"https:\/\/informelitoral.com.ar\/author\/gonzalo\/"}]}},"_links":{"self":[{"href":"https:\/\/informelitoral.com.ar\/%77%70%2d%6a%73%6f%6e\/wp\/v2\/posts\/214567","targetHints":{"allow":["GET"]}}],"collection":[{"href":"https:\/\/informelitoral.com.ar\/%77%70%2d%6a%73%6f%6e\/wp\/v2\/posts"}],"about":[{"href":"https:\/\/informelitoral.com.ar\/%77%70%2d%6a%73%6f%6e\/wp\/v2\/types\/post"}],"author":[{"embeddable":true,"href":"https:\/\/informelitoral.com.ar\/%77%70%2d%6a%73%6f%6e\/wp\/v2\/users\/2"}],"replies":[{"embeddable":true,"href":"https:\/\/informelitoral.com.ar\/%77%70%2d%6a%73%6f%6e\/wp\/v2\/comments?post=214567"}],"version-history":[{"count":0,"href":"https:\/\/informelitoral.com.ar\/%77%70%2d%6a%73%6f%6e\/wp\/v2\/posts\/214567\/revisions"}],"wp:featuredmedia":[{"embeddable":true,"href":"https:\/\/informelitoral.com.ar\/%77%70%2d%6a%73%6f%6e\/wp\/v2\/media\/214568"}],"wp:attachment":[{"href":"https:\/\/informelitoral.com.ar\/%77%70%2d%6a%73%6f%6e\/wp\/v2\/media?parent=214567"}],"wp:term":[{"taxonomy":"category","embeddable":true,"href":"https:\/\/informelitoral.com.ar\/%77%70%2d%6a%73%6f%6e\/wp\/v2\/categories?post=214567"},{"taxonomy":"post_tag","embeddable":true,"href":"https:\/\/informelitoral.com.ar\/%77%70%2d%6a%73%6f%6e\/wp\/v2\/tags?post=214567"}],"curies":[{"name":"wp","href":"https:\/\/api.w.org\/{rel}","templated":true}]}}