{"id":214562,"date":"2025-03-13T06:51:10","date_gmt":"2025-03-13T09:51:10","guid":{"rendered":"https:\/\/informelitoral.com.ar\/?p=214562"},"modified":"2025-03-13T06:51:10","modified_gmt":"2025-03-13T09:51:10","slug":"las-temperaturas-recien-subiran-el-fin-de-semana-y-no-hay-lluvias-a-la-vista","status":"publish","type":"post","link":"https:\/\/informelitoral.com.ar\/las-temperaturas-recien-subiran-el-fin-de-semana-y-no-hay-lluvias-a-la-vista\/","title":{"rendered":"Las temperaturas reci\u00e9n subir\u00e1n el fin de semana y no hay lluvias a la vista"},"content":{"rendered":"<p>Un nuevo pulso de aire fr\u00edo provoc\u00f3 el mi\u00e9rcoles condiciones de inestabilidad en la porci\u00f3n central del pa\u00eds, \u201cgenerando lluvias y tormentas dispersas en provincias como C\u00f3rdoba, Santa Fe, San Luis y Entre R\u00edos\u201d, describi\u00f3 el meteor\u00f3logo, Leonardo De Benedictis.<\/p>\n<p>Adem\u00e1s del impacto de las precipitaciones, <b>el ingreso de esta masa de aire fr\u00edo mantiene \u201ctemperaturas oto\u00f1ales en la regi\u00f3n central del pa\u00eds<\/b>, con valores incluso levemente por debajo del promedio para el mes de marzo\u201d. No obstante, la rotaci\u00f3n del viento al sector norte\u00a0<b>favorecer\u00e1 un incremento progresivo de las marcas en los term\u00f3metros\u00a0<\/b>a partir de las jornadas venideras, aunque \u201csin alcanzar los extremos de semanas anteriores\u201d, indic\u00f3 el especialista.<\/p>\n<p>Por otro lado, \u201cel noroeste argentino sigue bajo la influencia de un sistema inestable que ha provocado lluvias y tormentas de variada intensidad. Provincias como Salta, Jujuy y Tucum\u00e1n ya han recibido acumulados significativos en los \u00faltimos d\u00edas y las precipitaciones continuar\u00e1n en la regi\u00f3n\u201d, public\u00f3 en el\u00a0<i>portal Meteored<\/i>.<\/p>\n<div class=\"banner banner-parrafo\">\n<div id=\"banner-ad-interior-art\" data-zone-id=\"123\"><ins class=\"adsbygoogle\" data-ad-client=\"ca-pub-2862858410476109\" data-ad-slot=\"1832599335\" data-adsbygoogle-status=\"done\" data-ad-status=\"filled\"><\/p>\n<h2 id=\"aswift_6_host\"><strong><span style=\"color: var(--td_text_color, #111111); font-family: var(--td_default_google_font_2, 'Roboto', sans-serif); font-size: 22px;\">Pron\u00f3stico para los pr\u00f3ximos d\u00edas<\/span><\/strong><\/h2>\n<p><\/ins><\/div>\n<\/div>\n<p>Mientras\u00a0<b>la inestabilidad comienza a retirarse de la regi\u00f3n central del pa\u00eds, el viento del sector norte propiciar\u00e1 un aumento paulatino de las temperaturas<\/b>, con valores propios de la \u00e9poca.<\/p>\n<p>En Entre R\u00edos se prev\u00e9n\u00a0<b>registros t\u00e9rmicos m\u00ednimos que estar\u00e1n por debajo de los 20 grados al menos hasta el domingo<\/b>. En tanto,\u00a0<b>las m\u00e1ximas rondar\u00edan hoy los 25 grados, subir\u00edan hasta unos 29 grados ma\u00f1anas y el fin de semana alcanzar\u00edan los 30<\/b>.<\/p>\n<p>Seg\u00fan el Servicio Meteorol\u00f3gico Nacional,\u00a0<b>el cielo permanecer\u00e1 con alguna nubosidad<\/b>, mientras que las perspectivas de precipitaciones son nulas para las jornadas que se avecinan en nuestra regi\u00f3n.<\/p>\n<p>En el noreste argentino, la situaci\u00f3n sigue siendo cr\u00edtica debido a la prolongada sequ\u00eda y la falta de precipitaciones significativas, a pesar del descenso t\u00e9rmico registrado en los \u00faltimos d\u00edas.<\/p>\n","protected":false},"excerpt":{"rendered":"<p>Tras las precipitaciones del mi\u00e9rcoles, se registr\u00f3 un nuevo descenso t\u00e9rmico en una parte del pa\u00eds. Este jueves las m\u00ednimas estuvieron por debajo de los 20 y las m\u00e1ximas promediar\u00e1n los 25 grados. El s\u00e1bado y domingo volver\u00e1n a alcanzar los 30 grados. <\/p>\n","protected":false},"author":2,"featured_media":63150,"comment_status":"open","ping_status":"open","sticky":false,"template":"","format":"standard","meta":{"fifu_image_url":"","fifu_image_alt":"","footnotes":""},"categories":[9],"tags":[38,2759,113],"class_list":{"0":"post-214562","1":"post","2":"type-post","3":"status-publish","4":"format-standard","5":"has-post-thumbnail","7":"category-sociedad","8":"tag-el-tiempo","9":"tag-pronostico-del-tiempo","10":"tag-smn"},"yoast_head":"<title>Las temperaturas reci\u00e9n subir\u00e1n el fin de semana y no hay lluvias a la vista - Informe Litoral<\/title>\n<meta name=\"robots\" content=\"index, follow, max-snippet:-1, max-image-preview:large, max-video-preview:-1\" \/>\n<link rel=\"canonical\" href=\"https:\/\/informelitoral.com.ar\/las-temperaturas-recien-subiran-el-fin-de-semana-y-no-hay-lluvias-a-la-vista\/\" \/>\n<meta property=\"og:locale\" content=\"es_ES\" \/>\n<meta property=\"og:type\" content=\"article\" \/>\n<meta property=\"og:title\" content=\"Las temperaturas reci\u00e9n subir\u00e1n el fin de semana y no hay lluvias a la vista - Informe Litoral\" \/>\n<meta property=\"og:description\" content=\"Tras las precipitaciones del mi\u00e9rcoles, se registr\u00f3 un nuevo descenso t\u00e9rmico en una parte del pa\u00eds. Este jueves las m\u00ednimas estuvieron por debajo de los 20 y las m\u00e1ximas promediar\u00e1n los 25 grados. El s\u00e1bado y domingo volver\u00e1n a alcanzar los 30 grados.\" \/>\n<meta property=\"og:url\" content=\"https:\/\/informelitoral.com.ar\/las-temperaturas-recien-subiran-el-fin-de-semana-y-no-hay-lluvias-a-la-vista\/\" \/>\n<meta property=\"og:site_name\" content=\"Informe Litoral\" \/>\n<meta property=\"article:publisher\" content=\"https:\/\/www.facebook.com\/informelitoral\/\" \/>\n<meta property=\"article:published_time\" content=\"2025-03-13T09:51:10+00:00\" \/>\n<meta property=\"og:image\" content=\"https:\/\/informelitoral.com.ar\/%77%70%2d%63%6f%6e%74%65%6e%74\/uploads\/2021\/08\/el-tiempo-cielo-parcialmente-despejado.jpg\" \/>\n\t<meta property=\"og:image:width\" content=\"1156\" \/>\n\t<meta property=\"og:image:height\" content=\"868\" \/>\n\t<meta property=\"og:image:type\" content=\"image\/jpeg\" \/>\n<meta name=\"author\" content=\"Gonzalo Schmidt\" \/>\n<meta name=\"twitter:card\" content=\"summary_large_image\" \/>\n<meta name=\"twitter:creator\" content=\"@InformeLitoral\" \/>\n<meta name=\"twitter:site\" content=\"@InformeLitoral\" \/>\n<meta name=\"twitter:label1\" content=\"Escrito por\" \/>\n\t<meta name=\"twitter:data1\" content=\"Gonzalo Schmidt\" \/>\n\t<meta name=\"twitter:label2\" content=\"Tiempo de lectura\" \/>\n\t<meta name=\"twitter:data2\" content=\"2 minutos\" \/>\n<script type=\"application\/ld+json\" class=\"yoast-schema-graph\">{\"@context\":\"https:\\\/\\\/schema.org\",\"@graph\":[{\"@type\":\"Article\",\"@id\":\"https:\\\/\\\/informelitoral.com.ar\\\/las-temperaturas-recien-subiran-el-fin-de-semana-y-no-hay-lluvias-a-la-vista\\\/#article\",\"isPartOf\":{\"@id\":\"https:\\\/\\\/informelitoral.com.ar\\\/las-temperaturas-recien-subiran-el-fin-de-semana-y-no-hay-lluvias-a-la-vista\\\/\"},\"author\":{\"name\":\"Gonzalo Schmidt\",\"@id\":\"https:\\\/\\\/informelitoral.com.ar\\\/#\\\/schema\\\/person\\\/b9d00407c836482871ef1d57bf8e3180\"},\"headline\":\"Las temperaturas reci\u00e9n subir\u00e1n el fin de semana y no hay lluvias a la vista\",\"datePublished\":\"2025-03-13T09:51:10+00:00\",\"mainEntityOfPage\":{\"@id\":\"https:\\\/\\\/informelitoral.com.ar\\\/las-temperaturas-recien-subiran-el-fin-de-semana-y-no-hay-lluvias-a-la-vista\\\/\"},\"wordCount\":353,\"commentCount\":0,\"publisher\":{\"@id\":\"https:\\\/\\\/informelitoral.com.ar\\\/#organization\"},\"image\":{\"@id\":\"https:\\\/\\\/informelitoral.com.ar\\\/las-temperaturas-recien-subiran-el-fin-de-semana-y-no-hay-lluvias-a-la-vista\\\/#primaryimage\"},\"thumbnailUrl\":\"https:\\\/\\\/informelitoral.com.ar\\\/%77%70%2d%63%6f%6e%74%65%6e%74\\\/uploads\\\/2021\\\/08\\\/el-tiempo-cielo-parcialmente-despejado.jpg\",\"keywords\":[\"El tiempo\",\"Pron\u00f3stico del tiempo\",\"SMN\"],\"articleSection\":[\"Sociedad\"],\"inLanguage\":\"es\",\"potentialAction\":[{\"@type\":\"CommentAction\",\"name\":\"Comment\",\"target\":[\"https:\\\/\\\/informelitoral.com.ar\\\/las-temperaturas-recien-subiran-el-fin-de-semana-y-no-hay-lluvias-a-la-vista\\\/#respond\"]}]},{\"@type\":\"WebPage\",\"@id\":\"https:\\\/\\\/informelitoral.com.ar\\\/las-temperaturas-recien-subiran-el-fin-de-semana-y-no-hay-lluvias-a-la-vista\\\/\",\"url\":\"https:\\\/\\\/informelitoral.com.ar\\\/las-temperaturas-recien-subiran-el-fin-de-semana-y-no-hay-lluvias-a-la-vista\\\/\",\"name\":\"Las temperaturas reci\u00e9n subir\u00e1n el fin de semana y no hay lluvias a la vista - Informe Litoral\",\"isPartOf\":{\"@id\":\"https:\\\/\\\/informelitoral.com.ar\\\/#website\"},\"primaryImageOfPage\":{\"@id\":\"https:\\\/\\\/informelitoral.com.ar\\\/las-temperaturas-recien-subiran-el-fin-de-semana-y-no-hay-lluvias-a-la-vista\\\/#primaryimage\"},\"image\":{\"@id\":\"https:\\\/\\\/informelitoral.com.ar\\\/las-temperaturas-recien-subiran-el-fin-de-semana-y-no-hay-lluvias-a-la-vista\\\/#primaryimage\"},\"thumbnailUrl\":\"https:\\\/\\\/informelitoral.com.ar\\\/%77%70%2d%63%6f%6e%74%65%6e%74\\\/uploads\\\/2021\\\/08\\\/el-tiempo-cielo-parcialmente-despejado.jpg\",\"datePublished\":\"2025-03-13T09:51:10+00:00\",\"breadcrumb\":{\"@id\":\"https:\\\/\\\/informelitoral.com.ar\\\/las-temperaturas-recien-subiran-el-fin-de-semana-y-no-hay-lluvias-a-la-vista\\\/#breadcrumb\"},\"inLanguage\":\"es\",\"potentialAction\":[{\"@type\":\"ReadAction\",\"target\":[\"https:\\\/\\\/informelitoral.com.ar\\\/las-temperaturas-recien-subiran-el-fin-de-semana-y-no-hay-lluvias-a-la-vista\\\/\"]}]},{\"@type\":\"ImageObject\",\"inLanguage\":\"es\",\"@id\":\"https:\\\/\\\/informelitoral.com.ar\\\/las-temperaturas-recien-subiran-el-fin-de-semana-y-no-hay-lluvias-a-la-vista\\\/#primaryimage\",\"url\":\"https:\\\/\\\/informelitoral.com.ar\\\/%77%70%2d%63%6f%6e%74%65%6e%74\\\/uploads\\\/2021\\\/08\\\/el-tiempo-cielo-parcialmente-despejado.jpg\",\"contentUrl\":\"https:\\\/\\\/informelitoral.com.ar\\\/%77%70%2d%63%6f%6e%74%65%6e%74\\\/uploads\\\/2021\\\/08\\\/el-tiempo-cielo-parcialmente-despejado.jpg\",\"width\":1156,\"height\":868},{\"@type\":\"BreadcrumbList\",\"@id\":\"https:\\\/\\\/informelitoral.com.ar\\\/las-temperaturas-recien-subiran-el-fin-de-semana-y-no-hay-lluvias-a-la-vista\\\/#breadcrumb\",\"itemListElement\":[{\"@type\":\"ListItem\",\"position\":1,\"name\":\"Portada\",\"item\":\"https:\\\/\\\/informelitoral.com.ar\\\/\"},{\"@type\":\"ListItem\",\"position\":2,\"name\":\"Las temperaturas reci\u00e9n subir\u00e1n el fin de semana y no hay lluvias a la vista\"}]},{\"@type\":\"WebSite\",\"@id\":\"https:\\\/\\\/informelitoral.com.ar\\\/#website\",\"url\":\"https:\\\/\\\/informelitoral.com.ar\\\/\",\"name\":\"Informe Litoral\",\"description\":\"&quot;Nos informamos&quot; \",\"publisher\":{\"@id\":\"https:\\\/\\\/informelitoral.com.ar\\\/#organization\"},\"potentialAction\":[{\"@type\":\"SearchAction\",\"target\":{\"@type\":\"EntryPoint\",\"urlTemplate\":\"https:\\\/\\\/informelitoral.com.ar\\\/?s={search_term_string}\"},\"query-input\":{\"@type\":\"PropertyValueSpecification\",\"valueRequired\":true,\"valueName\":\"search_term_string\"}}],\"inLanguage\":\"es\"},{\"@type\":\"Organization\",\"@id\":\"https:\\\/\\\/informelitoral.com.ar\\\/#organization\",\"name\":\"Informe Litoral\",\"url\":\"https:\\\/\\\/informelitoral.com.ar\\\/\",\"logo\":{\"@type\":\"ImageObject\",\"inLanguage\":\"es\",\"@id\":\"https:\\\/\\\/informelitoral.com.ar\\\/#\\\/schema\\\/logo\\\/image\\\/\",\"url\":\"https:\\\/\\\/informelitoral.com.ar\\\/%77%70%2d%63%6f%6e%74%65%6e%74\\\/uploads\\\/2021\\\/01\\\/circulo.png\",\"contentUrl\":\"https:\\\/\\\/informelitoral.com.ar\\\/%77%70%2d%63%6f%6e%74%65%6e%74\\\/uploads\\\/2021\\\/01\\\/circulo.png\",\"width\":723,\"height\":731,\"caption\":\"Informe Litoral\"},\"image\":{\"@id\":\"https:\\\/\\\/informelitoral.com.ar\\\/#\\\/schema\\\/logo\\\/image\\\/\"},\"sameAs\":[\"https:\\\/\\\/www.facebook.com\\\/informelitoral\\\/\",\"https:\\\/\\\/x.com\\\/InformeLitoral\",\"https:\\\/\\\/www.instagram.com\\\/informelitoral\\\/\",\"https:\\\/\\\/www.youtube.com\\\/channel\\\/UCua4Qvz8Icb6MYqhoq9xLXw\"]},{\"@type\":\"Person\",\"@id\":\"https:\\\/\\\/informelitoral.com.ar\\\/#\\\/schema\\\/person\\\/b9d00407c836482871ef1d57bf8e3180\",\"name\":\"Gonzalo Schmidt\",\"image\":{\"@type\":\"ImageObject\",\"inLanguage\":\"es\",\"@id\":\"https:\\\/\\\/secure.gravatar.com\\\/avatar\\\/31a1a7b66ff2de83bd0e9fd79d026630d2d99e55e8bfe501287647b4fd9743de?s=96&d=mm&r=g\",\"url\":\"https:\\\/\\\/secure.gravatar.com\\\/avatar\\\/31a1a7b66ff2de83bd0e9fd79d026630d2d99e55e8bfe501287647b4fd9743de?s=96&d=mm&r=g\",\"contentUrl\":\"https:\\\/\\\/secure.gravatar.com\\\/avatar\\\/31a1a7b66ff2de83bd0e9fd79d026630d2d99e55e8bfe501287647b4fd9743de?s=96&d=mm&r=g\",\"caption\":\"Gonzalo Schmidt\"},\"description\":\"Sitio web de noticias de la provincia de Entre R\u00edos, Argentina. Informaci\u00f3n y entretenimiento. Informe Litoral, nos informamos.\",\"sameAs\":[\"http:\\\/\\\/www.isletasnoticias.com.ar\"],\"url\":\"https:\\\/\\\/informelitoral.com.ar\\\/author\\\/gonzalo\\\/\"}]}<\/script>","yoast_head_json":{"title":"Las temperaturas reci\u00e9n subir\u00e1n el fin de semana y no hay lluvias a la vista - Informe Litoral","robots":{"index":"index","follow":"follow","max-snippet":"max-snippet:-1","max-image-preview":"max-image-preview:large","max-video-preview":"max-video-preview:-1"},"canonical":"https:\/\/informelitoral.com.ar\/las-temperaturas-recien-subiran-el-fin-de-semana-y-no-hay-lluvias-a-la-vista\/","og_locale":"es_ES","og_type":"article","og_title":"Las temperaturas reci\u00e9n subir\u00e1n el fin de semana y no hay lluvias a la vista - Informe Litoral","og_description":"Tras las precipitaciones del mi\u00e9rcoles, se registr\u00f3 un nuevo descenso t\u00e9rmico en una parte del pa\u00eds. Este jueves las m\u00ednimas estuvieron por debajo de los 20 y las m\u00e1ximas promediar\u00e1n los 25 grados. El s\u00e1bado y domingo volver\u00e1n a alcanzar los 30 grados.","og_url":"https:\/\/informelitoral.com.ar\/las-temperaturas-recien-subiran-el-fin-de-semana-y-no-hay-lluvias-a-la-vista\/","og_site_name":"Informe Litoral","article_publisher":"https:\/\/www.facebook.com\/informelitoral\/","article_published_time":"2025-03-13T09:51:10+00:00","og_image":[{"width":1156,"height":868,"url":"https:\/\/informelitoral.com.ar\/%77%70%2d%63%6f%6e%74%65%6e%74\/uploads\/2021\/08\/el-tiempo-cielo-parcialmente-despejado.jpg","type":"image\/jpeg"}],"author":"Gonzalo Schmidt","twitter_card":"summary_large_image","twitter_creator":"@InformeLitoral","twitter_site":"@InformeLitoral","twitter_misc":{"Escrito por":"Gonzalo Schmidt","Tiempo de lectura":"2 minutos"},"schema":{"@context":"https:\/\/schema.org","@graph":[{"@type":"Article","@id":"https:\/\/informelitoral.com.ar\/las-temperaturas-recien-subiran-el-fin-de-semana-y-no-hay-lluvias-a-la-vista\/#article","isPartOf":{"@id":"https:\/\/informelitoral.com.ar\/las-temperaturas-recien-subiran-el-fin-de-semana-y-no-hay-lluvias-a-la-vista\/"},"author":{"name":"Gonzalo Schmidt","@id":"https:\/\/informelitoral.com.ar\/#\/schema\/person\/b9d00407c836482871ef1d57bf8e3180"},"headline":"Las temperaturas reci\u00e9n subir\u00e1n el fin de semana y no hay lluvias a la vista","datePublished":"2025-03-13T09:51:10+00:00","mainEntityOfPage":{"@id":"https:\/\/informelitoral.com.ar\/las-temperaturas-recien-subiran-el-fin-de-semana-y-no-hay-lluvias-a-la-vista\/"},"wordCount":353,"commentCount":0,"publisher":{"@id":"https:\/\/informelitoral.com.ar\/#organization"},"image":{"@id":"https:\/\/informelitoral.com.ar\/las-temperaturas-recien-subiran-el-fin-de-semana-y-no-hay-lluvias-a-la-vista\/#primaryimage"},"thumbnailUrl":"https:\/\/informelitoral.com.ar\/%77%70%2d%63%6f%6e%74%65%6e%74\/uploads\/2021\/08\/el-tiempo-cielo-parcialmente-despejado.jpg","keywords":["El tiempo","Pron\u00f3stico del tiempo","SMN"],"articleSection":["Sociedad"],"inLanguage":"es","potentialAction":[{"@type":"CommentAction","name":"Comment","target":["https:\/\/informelitoral.com.ar\/las-temperaturas-recien-subiran-el-fin-de-semana-y-no-hay-lluvias-a-la-vista\/#respond"]}]},{"@type":"WebPage","@id":"https:\/\/informelitoral.com.ar\/las-temperaturas-recien-subiran-el-fin-de-semana-y-no-hay-lluvias-a-la-vista\/","url":"https:\/\/informelitoral.com.ar\/las-temperaturas-recien-subiran-el-fin-de-semana-y-no-hay-lluvias-a-la-vista\/","name":"Las temperaturas reci\u00e9n subir\u00e1n el fin de semana y no hay lluvias a la vista - Informe Litoral","isPartOf":{"@id":"https:\/\/informelitoral.com.ar\/#website"},"primaryImageOfPage":{"@id":"https:\/\/informelitoral.com.ar\/las-temperaturas-recien-subiran-el-fin-de-semana-y-no-hay-lluvias-a-la-vista\/#primaryimage"},"image":{"@id":"https:\/\/informelitoral.com.ar\/las-temperaturas-recien-subiran-el-fin-de-semana-y-no-hay-lluvias-a-la-vista\/#primaryimage"},"thumbnailUrl":"https:\/\/informelitoral.com.ar\/%77%70%2d%63%6f%6e%74%65%6e%74\/uploads\/2021\/08\/el-tiempo-cielo-parcialmente-despejado.jpg","datePublished":"2025-03-13T09:51:10+00:00","breadcrumb":{"@id":"https:\/\/informelitoral.com.ar\/las-temperaturas-recien-subiran-el-fin-de-semana-y-no-hay-lluvias-a-la-vista\/#breadcrumb"},"inLanguage":"es","potentialAction":[{"@type":"ReadAction","target":["https:\/\/informelitoral.com.ar\/las-temperaturas-recien-subiran-el-fin-de-semana-y-no-hay-lluvias-a-la-vista\/"]}]},{"@type":"ImageObject","inLanguage":"es","@id":"https:\/\/informelitoral.com.ar\/las-temperaturas-recien-subiran-el-fin-de-semana-y-no-hay-lluvias-a-la-vista\/#primaryimage","url":"https:\/\/informelitoral.com.ar\/%77%70%2d%63%6f%6e%74%65%6e%74\/uploads\/2021\/08\/el-tiempo-cielo-parcialmente-despejado.jpg","contentUrl":"https:\/\/informelitoral.com.ar\/%77%70%2d%63%6f%6e%74%65%6e%74\/uploads\/2021\/08\/el-tiempo-cielo-parcialmente-despejado.jpg","width":1156,"height":868},{"@type":"BreadcrumbList","@id":"https:\/\/informelitoral.com.ar\/las-temperaturas-recien-subiran-el-fin-de-semana-y-no-hay-lluvias-a-la-vista\/#breadcrumb","itemListElement":[{"@type":"ListItem","position":1,"name":"Portada","item":"https:\/\/informelitoral.com.ar\/"},{"@type":"ListItem","position":2,"name":"Las temperaturas reci\u00e9n subir\u00e1n el fin de semana y no hay lluvias a la vista"}]},{"@type":"WebSite","@id":"https:\/\/informelitoral.com.ar\/#website","url":"https:\/\/informelitoral.com.ar\/","name":"Informe Litoral","description":"&quot;Nos informamos&quot; ","publisher":{"@id":"https:\/\/informelitoral.com.ar\/#organization"},"potentialAction":[{"@type":"SearchAction","target":{"@type":"EntryPoint","urlTemplate":"https:\/\/informelitoral.com.ar\/?s={search_term_string}"},"query-input":{"@type":"PropertyValueSpecification","valueRequired":true,"valueName":"search_term_string"}}],"inLanguage":"es"},{"@type":"Organization","@id":"https:\/\/informelitoral.com.ar\/#organization","name":"Informe Litoral","url":"https:\/\/informelitoral.com.ar\/","logo":{"@type":"ImageObject","inLanguage":"es","@id":"https:\/\/informelitoral.com.ar\/#\/schema\/logo\/image\/","url":"https:\/\/informelitoral.com.ar\/%77%70%2d%63%6f%6e%74%65%6e%74\/uploads\/2021\/01\/circulo.png","contentUrl":"https:\/\/informelitoral.com.ar\/%77%70%2d%63%6f%6e%74%65%6e%74\/uploads\/2021\/01\/circulo.png","width":723,"height":731,"caption":"Informe Litoral"},"image":{"@id":"https:\/\/informelitoral.com.ar\/#\/schema\/logo\/image\/"},"sameAs":["https:\/\/www.facebook.com\/informelitoral\/","https:\/\/x.com\/InformeLitoral","https:\/\/www.instagram.com\/informelitoral\/","https:\/\/www.youtube.com\/channel\/UCua4Qvz8Icb6MYqhoq9xLXw"]},{"@type":"Person","@id":"https:\/\/informelitoral.com.ar\/#\/schema\/person\/b9d00407c836482871ef1d57bf8e3180","name":"Gonzalo Schmidt","image":{"@type":"ImageObject","inLanguage":"es","@id":"https:\/\/secure.gravatar.com\/avatar\/31a1a7b66ff2de83bd0e9fd79d026630d2d99e55e8bfe501287647b4fd9743de?s=96&d=mm&r=g","url":"https:\/\/secure.gravatar.com\/avatar\/31a1a7b66ff2de83bd0e9fd79d026630d2d99e55e8bfe501287647b4fd9743de?s=96&d=mm&r=g","contentUrl":"https:\/\/secure.gravatar.com\/avatar\/31a1a7b66ff2de83bd0e9fd79d026630d2d99e55e8bfe501287647b4fd9743de?s=96&d=mm&r=g","caption":"Gonzalo Schmidt"},"description":"Sitio web de noticias de la provincia de Entre R\u00edos, Argentina. Informaci\u00f3n y entretenimiento. Informe Litoral, nos informamos.","sameAs":["http:\/\/www.isletasnoticias.com.ar"],"url":"https:\/\/informelitoral.com.ar\/author\/gonzalo\/"}]}},"_links":{"self":[{"href":"https:\/\/informelitoral.com.ar\/%77%70%2d%6a%73%6f%6e\/wp\/v2\/posts\/214562","targetHints":{"allow":["GET"]}}],"collection":[{"href":"https:\/\/informelitoral.com.ar\/%77%70%2d%6a%73%6f%6e\/wp\/v2\/posts"}],"about":[{"href":"https:\/\/informelitoral.com.ar\/%77%70%2d%6a%73%6f%6e\/wp\/v2\/types\/post"}],"author":[{"embeddable":true,"href":"https:\/\/informelitoral.com.ar\/%77%70%2d%6a%73%6f%6e\/wp\/v2\/users\/2"}],"replies":[{"embeddable":true,"href":"https:\/\/informelitoral.com.ar\/%77%70%2d%6a%73%6f%6e\/wp\/v2\/comments?post=214562"}],"version-history":[{"count":0,"href":"https:\/\/informelitoral.com.ar\/%77%70%2d%6a%73%6f%6e\/wp\/v2\/posts\/214562\/revisions"}],"wp:featuredmedia":[{"embeddable":true,"href":"https:\/\/informelitoral.com.ar\/%77%70%2d%6a%73%6f%6e\/wp\/v2\/media\/63150"}],"wp:attachment":[{"href":"https:\/\/informelitoral.com.ar\/%77%70%2d%6a%73%6f%6e\/wp\/v2\/media?parent=214562"}],"wp:term":[{"taxonomy":"category","embeddable":true,"href":"https:\/\/informelitoral.com.ar\/%77%70%2d%6a%73%6f%6e\/wp\/v2\/categories?post=214562"},{"taxonomy":"post_tag","embeddable":true,"href":"https:\/\/informelitoral.com.ar\/%77%70%2d%6a%73%6f%6e\/wp\/v2\/tags?post=214562"}],"curies":[{"name":"wp","href":"https:\/\/api.w.org\/{rel}","templated":true}]}}