{"id":214452,"date":"2025-03-12T06:26:36","date_gmt":"2025-03-12T09:26:36","guid":{"rendered":"https:\/\/informelitoral.com.ar\/?p=214452"},"modified":"2025-03-12T06:26:36","modified_gmt":"2025-03-12T09:26:36","slug":"este-miercoles-volvieron-las-lluvias-como-seguira-el-tiempo","status":"publish","type":"post","link":"https:\/\/informelitoral.com.ar\/este-miercoles-volvieron-las-lluvias-como-seguira-el-tiempo\/","title":{"rendered":"Este mi\u00e9rcoles volvieron las lluvias: c\u00f3mo seguir\u00e1 el tiempo"},"content":{"rendered":"<p>El avance de un sistema frontal fr\u00edo est\u00e1 generando cambios en las condiciones meteorol\u00f3gicas sobre el centro y norte de Argentina.<\/p>\n<p>La nubosidad aument\u00f3 significativamente el martes por la tarde sobre el norte de la provincia de La Pampa, San Luis, sur de C\u00f3rdoba, norte de Buenos Aires y probablemente se extienda a sectores del sur de Santa Fe y Entre R\u00edos.<\/p>\n<p><b>Durante las primeras horas de mi\u00e9rcoles comenz\u00f3 a llover en Paran\u00e1 <\/b>y el viento del sur hizo descender notoriamente la temperatura, con registros que rondaban los 15 grados.<\/p>\n<p>Algunas \u201cprecipitaciones podr\u00edan amplificarse de manera localizada, con eventos de intensidad entre leve y moderada. C\u00f3rdoba ser\u00e1 una de las zonas m\u00e1s activas\u201d, adelant\u00f3 el meteor\u00f3logo Leonardo De Benedictis en <i>Meteored<\/i>.<\/p>\n<p><b>En Entre R\u00edos la jornada se presentar\u00e1 inestable, con probabilidad de lluvias<\/b>\u00a0durante todo el d\u00eda y\u00a0<b>no se descartan algunas tormentas aisladas<\/b>.<\/p>\n<p>Lo m\u00e1s llamativo es que\u00a0<b>se anuncian temperaturas m\u00e1ximas por debajo de 20 grados<\/b>, es decir inferiores a las habituales para esta \u00e9poca del a\u00f1o.<\/p>\n<p>Sucede que \u201cadem\u00e1s de la inestabilidad que genera el sistema frontal, su avance refuerza el ingreso de aire fr\u00edo sobre la regi\u00f3n central del pa\u00eds.\u00a0<b>Esto favorecer\u00e1 el establecimiento de temperaturas m\u00e1s propias del oto\u00f1o en toda la franja central<\/b>, generando un ambiente m\u00e1s fresco y estable en los pr\u00f3ximos d\u00edas\u201d.<\/p>\n<p>Mientras tanto, en el norte del pa\u00eds \u201cse est\u00e1n registrando precipitaciones asociadas a lluvias y tormentas que afectan principalmente a Paraguay, pero que tambi\u00e9n generan inestabilidad sobre Formosa y Misiones. Si bien los fen\u00f3menos en esta regi\u00f3n son m\u00e1s dispersos y aislados, se mantiene la posibilidad de eventos puntuales en las pr\u00f3ximas jornadas\u201d.<\/p>\n<h2><strong>C\u00f3mo seguir\u00e1 el tiempo en Entre R\u00edos\u00a0<\/strong><\/h2>\n<p>De acuerdo a las previsiones del Servicio Meteorol\u00f3gico Nacional,\u00a0<b>el tiempo estar\u00eda mejorando el jueves en nuestra provincia<\/b>, con cielo parcialmente nublado y registros t\u00e9rmicos que a la tarde rondar\u00edan los 25 grados.<\/p>\n<p><b>El ambiente fresco se mantendr\u00eda el viernes<\/b>, mientras que\u00a0<b>desde el s\u00e1bado comenzar\u00eda un progresivo aumento de la temperatura<\/b>.<\/p>\n<p>Cabe aclarar que las siguientes jornadas\u00a0<b>no ser\u00edan agobiantes<\/b>, sino que\u00a0<b>las marcas en los term\u00f3metros rondar\u00edan los 30 grados o podr\u00edan apenas superar este registro<\/b>, por lo que el calorcito retornar\u00eda de forma moderada.<\/p>\n","protected":false},"excerpt":{"rendered":"<p>Se cumpli\u00f3 el pron\u00f3stico y la inestabilidad se mantendr\u00e1 durante todo el d\u00eda en Entre R\u00edos. Desde el jueves mejorar\u00e1 y a partir del fin de semana las temperaturas comenzar\u00edan a subir nuevamente. <\/p>\n","protected":false},"author":2,"featured_media":70758,"comment_status":"open","ping_status":"open","sticky":false,"template":"","format":"standard","meta":{"fifu_image_url":"","fifu_image_alt":"","footnotes":""},"categories":[7,9],"tags":[38,114,2759],"class_list":{"0":"post-214452","1":"post","2":"type-post","3":"status-publish","4":"format-standard","5":"has-post-thumbnail","7":"category-nacionales","8":"category-sociedad","9":"tag-el-tiempo","10":"tag-pronostico","11":"tag-pronostico-del-tiempo"},"yoast_head":"<title>Este mi\u00e9rcoles volvieron las lluvias: c\u00f3mo seguir\u00e1 el tiempo - Informe Litoral<\/title>\n<meta name=\"robots\" content=\"index, follow, max-snippet:-1, max-image-preview:large, max-video-preview:-1\" \/>\n<link rel=\"canonical\" href=\"https:\/\/informelitoral.com.ar\/este-miercoles-volvieron-las-lluvias-como-seguira-el-tiempo\/\" \/>\n<meta property=\"og:locale\" content=\"es_ES\" \/>\n<meta property=\"og:type\" content=\"article\" \/>\n<meta property=\"og:title\" content=\"Este mi\u00e9rcoles volvieron las lluvias: c\u00f3mo seguir\u00e1 el tiempo - Informe Litoral\" \/>\n<meta property=\"og:description\" content=\"Se cumpli\u00f3 el pron\u00f3stico y la inestabilidad se mantendr\u00e1 durante todo el d\u00eda en Entre R\u00edos. Desde el jueves mejorar\u00e1 y a partir del fin de semana las temperaturas comenzar\u00edan a subir nuevamente.\" \/>\n<meta property=\"og:url\" content=\"https:\/\/informelitoral.com.ar\/este-miercoles-volvieron-las-lluvias-como-seguira-el-tiempo\/\" \/>\n<meta property=\"og:site_name\" content=\"Informe Litoral\" \/>\n<meta property=\"article:publisher\" content=\"https:\/\/www.facebook.com\/informelitoral\/\" \/>\n<meta property=\"article:published_time\" content=\"2025-03-12T09:26:36+00:00\" \/>\n<meta property=\"og:image\" content=\"https:\/\/informelitoral.com.ar\/%77%70%2d%63%6f%6e%74%65%6e%74\/uploads\/2022\/01\/lluvias_en-780x400-1.jpg\" \/>\n\t<meta property=\"og:image:width\" content=\"780\" \/>\n\t<meta property=\"og:image:height\" content=\"400\" \/>\n\t<meta property=\"og:image:type\" content=\"image\/jpeg\" \/>\n<meta name=\"author\" content=\"Gonzalo Schmidt\" \/>\n<meta name=\"twitter:card\" content=\"summary_large_image\" \/>\n<meta name=\"twitter:creator\" content=\"@InformeLitoral\" \/>\n<meta name=\"twitter:site\" content=\"@InformeLitoral\" \/>\n<meta name=\"twitter:label1\" content=\"Escrito por\" \/>\n\t<meta name=\"twitter:data1\" content=\"Gonzalo Schmidt\" \/>\n\t<meta name=\"twitter:label2\" content=\"Tiempo de lectura\" \/>\n\t<meta name=\"twitter:data2\" content=\"2 minutos\" \/>\n<script type=\"application\/ld+json\" class=\"yoast-schema-graph\">{\"@context\":\"https:\\\/\\\/schema.org\",\"@graph\":[{\"@type\":\"Article\",\"@id\":\"https:\\\/\\\/informelitoral.com.ar\\\/este-miercoles-volvieron-las-lluvias-como-seguira-el-tiempo\\\/#article\",\"isPartOf\":{\"@id\":\"https:\\\/\\\/informelitoral.com.ar\\\/este-miercoles-volvieron-las-lluvias-como-seguira-el-tiempo\\\/\"},\"author\":{\"name\":\"Gonzalo Schmidt\",\"@id\":\"https:\\\/\\\/informelitoral.com.ar\\\/#\\\/schema\\\/person\\\/b9d00407c836482871ef1d57bf8e3180\"},\"headline\":\"Este mi\u00e9rcoles volvieron las lluvias: c\u00f3mo seguir\u00e1 el tiempo\",\"datePublished\":\"2025-03-12T09:26:36+00:00\",\"mainEntityOfPage\":{\"@id\":\"https:\\\/\\\/informelitoral.com.ar\\\/este-miercoles-volvieron-las-lluvias-como-seguira-el-tiempo\\\/\"},\"wordCount\":418,\"commentCount\":0,\"publisher\":{\"@id\":\"https:\\\/\\\/informelitoral.com.ar\\\/#organization\"},\"image\":{\"@id\":\"https:\\\/\\\/informelitoral.com.ar\\\/este-miercoles-volvieron-las-lluvias-como-seguira-el-tiempo\\\/#primaryimage\"},\"thumbnailUrl\":\"https:\\\/\\\/informelitoral.com.ar\\\/%77%70%2d%63%6f%6e%74%65%6e%74\\\/uploads\\\/2022\\\/01\\\/lluvias_en-780x400-1.jpg\",\"keywords\":[\"El tiempo\",\"Pron\u00f3stico\",\"Pron\u00f3stico del tiempo\"],\"articleSection\":[\"Nacionales\",\"Sociedad\"],\"inLanguage\":\"es\",\"potentialAction\":[{\"@type\":\"CommentAction\",\"name\":\"Comment\",\"target\":[\"https:\\\/\\\/informelitoral.com.ar\\\/este-miercoles-volvieron-las-lluvias-como-seguira-el-tiempo\\\/#respond\"]}]},{\"@type\":\"WebPage\",\"@id\":\"https:\\\/\\\/informelitoral.com.ar\\\/este-miercoles-volvieron-las-lluvias-como-seguira-el-tiempo\\\/\",\"url\":\"https:\\\/\\\/informelitoral.com.ar\\\/este-miercoles-volvieron-las-lluvias-como-seguira-el-tiempo\\\/\",\"name\":\"Este mi\u00e9rcoles volvieron las lluvias: c\u00f3mo seguir\u00e1 el tiempo - Informe Litoral\",\"isPartOf\":{\"@id\":\"https:\\\/\\\/informelitoral.com.ar\\\/#website\"},\"primaryImageOfPage\":{\"@id\":\"https:\\\/\\\/informelitoral.com.ar\\\/este-miercoles-volvieron-las-lluvias-como-seguira-el-tiempo\\\/#primaryimage\"},\"image\":{\"@id\":\"https:\\\/\\\/informelitoral.com.ar\\\/este-miercoles-volvieron-las-lluvias-como-seguira-el-tiempo\\\/#primaryimage\"},\"thumbnailUrl\":\"https:\\\/\\\/informelitoral.com.ar\\\/%77%70%2d%63%6f%6e%74%65%6e%74\\\/uploads\\\/2022\\\/01\\\/lluvias_en-780x400-1.jpg\",\"datePublished\":\"2025-03-12T09:26:36+00:00\",\"breadcrumb\":{\"@id\":\"https:\\\/\\\/informelitoral.com.ar\\\/este-miercoles-volvieron-las-lluvias-como-seguira-el-tiempo\\\/#breadcrumb\"},\"inLanguage\":\"es\",\"potentialAction\":[{\"@type\":\"ReadAction\",\"target\":[\"https:\\\/\\\/informelitoral.com.ar\\\/este-miercoles-volvieron-las-lluvias-como-seguira-el-tiempo\\\/\"]}]},{\"@type\":\"ImageObject\",\"inLanguage\":\"es\",\"@id\":\"https:\\\/\\\/informelitoral.com.ar\\\/este-miercoles-volvieron-las-lluvias-como-seguira-el-tiempo\\\/#primaryimage\",\"url\":\"https:\\\/\\\/informelitoral.com.ar\\\/%77%70%2d%63%6f%6e%74%65%6e%74\\\/uploads\\\/2022\\\/01\\\/lluvias_en-780x400-1.jpg\",\"contentUrl\":\"https:\\\/\\\/informelitoral.com.ar\\\/%77%70%2d%63%6f%6e%74%65%6e%74\\\/uploads\\\/2022\\\/01\\\/lluvias_en-780x400-1.jpg\",\"width\":780,\"height\":400},{\"@type\":\"BreadcrumbList\",\"@id\":\"https:\\\/\\\/informelitoral.com.ar\\\/este-miercoles-volvieron-las-lluvias-como-seguira-el-tiempo\\\/#breadcrumb\",\"itemListElement\":[{\"@type\":\"ListItem\",\"position\":1,\"name\":\"Portada\",\"item\":\"https:\\\/\\\/informelitoral.com.ar\\\/\"},{\"@type\":\"ListItem\",\"position\":2,\"name\":\"Este mi\u00e9rcoles volvieron las lluvias: c\u00f3mo seguir\u00e1 el tiempo\"}]},{\"@type\":\"WebSite\",\"@id\":\"https:\\\/\\\/informelitoral.com.ar\\\/#website\",\"url\":\"https:\\\/\\\/informelitoral.com.ar\\\/\",\"name\":\"Informe Litoral\",\"description\":\"&quot;Nos informamos&quot; \",\"publisher\":{\"@id\":\"https:\\\/\\\/informelitoral.com.ar\\\/#organization\"},\"potentialAction\":[{\"@type\":\"SearchAction\",\"target\":{\"@type\":\"EntryPoint\",\"urlTemplate\":\"https:\\\/\\\/informelitoral.com.ar\\\/?s={search_term_string}\"},\"query-input\":{\"@type\":\"PropertyValueSpecification\",\"valueRequired\":true,\"valueName\":\"search_term_string\"}}],\"inLanguage\":\"es\"},{\"@type\":\"Organization\",\"@id\":\"https:\\\/\\\/informelitoral.com.ar\\\/#organization\",\"name\":\"Informe Litoral\",\"url\":\"https:\\\/\\\/informelitoral.com.ar\\\/\",\"logo\":{\"@type\":\"ImageObject\",\"inLanguage\":\"es\",\"@id\":\"https:\\\/\\\/informelitoral.com.ar\\\/#\\\/schema\\\/logo\\\/image\\\/\",\"url\":\"https:\\\/\\\/informelitoral.com.ar\\\/%77%70%2d%63%6f%6e%74%65%6e%74\\\/uploads\\\/2021\\\/01\\\/circulo.png\",\"contentUrl\":\"https:\\\/\\\/informelitoral.com.ar\\\/%77%70%2d%63%6f%6e%74%65%6e%74\\\/uploads\\\/2021\\\/01\\\/circulo.png\",\"width\":723,\"height\":731,\"caption\":\"Informe Litoral\"},\"image\":{\"@id\":\"https:\\\/\\\/informelitoral.com.ar\\\/#\\\/schema\\\/logo\\\/image\\\/\"},\"sameAs\":[\"https:\\\/\\\/www.facebook.com\\\/informelitoral\\\/\",\"https:\\\/\\\/x.com\\\/InformeLitoral\",\"https:\\\/\\\/www.instagram.com\\\/informelitoral\\\/\",\"https:\\\/\\\/www.youtube.com\\\/channel\\\/UCua4Qvz8Icb6MYqhoq9xLXw\"]},{\"@type\":\"Person\",\"@id\":\"https:\\\/\\\/informelitoral.com.ar\\\/#\\\/schema\\\/person\\\/b9d00407c836482871ef1d57bf8e3180\",\"name\":\"Gonzalo Schmidt\",\"image\":{\"@type\":\"ImageObject\",\"inLanguage\":\"es\",\"@id\":\"https:\\\/\\\/secure.gravatar.com\\\/avatar\\\/31a1a7b66ff2de83bd0e9fd79d026630d2d99e55e8bfe501287647b4fd9743de?s=96&d=mm&r=g\",\"url\":\"https:\\\/\\\/secure.gravatar.com\\\/avatar\\\/31a1a7b66ff2de83bd0e9fd79d026630d2d99e55e8bfe501287647b4fd9743de?s=96&d=mm&r=g\",\"contentUrl\":\"https:\\\/\\\/secure.gravatar.com\\\/avatar\\\/31a1a7b66ff2de83bd0e9fd79d026630d2d99e55e8bfe501287647b4fd9743de?s=96&d=mm&r=g\",\"caption\":\"Gonzalo Schmidt\"},\"description\":\"Sitio web de noticias de la provincia de Entre R\u00edos, Argentina. Informaci\u00f3n y entretenimiento. Informe Litoral, nos informamos.\",\"sameAs\":[\"http:\\\/\\\/www.isletasnoticias.com.ar\"],\"url\":\"https:\\\/\\\/informelitoral.com.ar\\\/author\\\/gonzalo\\\/\"}]}<\/script>","yoast_head_json":{"title":"Este mi\u00e9rcoles volvieron las lluvias: c\u00f3mo seguir\u00e1 el tiempo - Informe Litoral","robots":{"index":"index","follow":"follow","max-snippet":"max-snippet:-1","max-image-preview":"max-image-preview:large","max-video-preview":"max-video-preview:-1"},"canonical":"https:\/\/informelitoral.com.ar\/este-miercoles-volvieron-las-lluvias-como-seguira-el-tiempo\/","og_locale":"es_ES","og_type":"article","og_title":"Este mi\u00e9rcoles volvieron las lluvias: c\u00f3mo seguir\u00e1 el tiempo - Informe Litoral","og_description":"Se cumpli\u00f3 el pron\u00f3stico y la inestabilidad se mantendr\u00e1 durante todo el d\u00eda en Entre R\u00edos. Desde el jueves mejorar\u00e1 y a partir del fin de semana las temperaturas comenzar\u00edan a subir nuevamente.","og_url":"https:\/\/informelitoral.com.ar\/este-miercoles-volvieron-las-lluvias-como-seguira-el-tiempo\/","og_site_name":"Informe Litoral","article_publisher":"https:\/\/www.facebook.com\/informelitoral\/","article_published_time":"2025-03-12T09:26:36+00:00","og_image":[{"width":780,"height":400,"url":"https:\/\/informelitoral.com.ar\/%77%70%2d%63%6f%6e%74%65%6e%74\/uploads\/2022\/01\/lluvias_en-780x400-1.jpg","type":"image\/jpeg"}],"author":"Gonzalo Schmidt","twitter_card":"summary_large_image","twitter_creator":"@InformeLitoral","twitter_site":"@InformeLitoral","twitter_misc":{"Escrito por":"Gonzalo Schmidt","Tiempo de lectura":"2 minutos"},"schema":{"@context":"https:\/\/schema.org","@graph":[{"@type":"Article","@id":"https:\/\/informelitoral.com.ar\/este-miercoles-volvieron-las-lluvias-como-seguira-el-tiempo\/#article","isPartOf":{"@id":"https:\/\/informelitoral.com.ar\/este-miercoles-volvieron-las-lluvias-como-seguira-el-tiempo\/"},"author":{"name":"Gonzalo Schmidt","@id":"https:\/\/informelitoral.com.ar\/#\/schema\/person\/b9d00407c836482871ef1d57bf8e3180"},"headline":"Este mi\u00e9rcoles volvieron las lluvias: c\u00f3mo seguir\u00e1 el tiempo","datePublished":"2025-03-12T09:26:36+00:00","mainEntityOfPage":{"@id":"https:\/\/informelitoral.com.ar\/este-miercoles-volvieron-las-lluvias-como-seguira-el-tiempo\/"},"wordCount":418,"commentCount":0,"publisher":{"@id":"https:\/\/informelitoral.com.ar\/#organization"},"image":{"@id":"https:\/\/informelitoral.com.ar\/este-miercoles-volvieron-las-lluvias-como-seguira-el-tiempo\/#primaryimage"},"thumbnailUrl":"https:\/\/informelitoral.com.ar\/%77%70%2d%63%6f%6e%74%65%6e%74\/uploads\/2022\/01\/lluvias_en-780x400-1.jpg","keywords":["El tiempo","Pron\u00f3stico","Pron\u00f3stico del tiempo"],"articleSection":["Nacionales","Sociedad"],"inLanguage":"es","potentialAction":[{"@type":"CommentAction","name":"Comment","target":["https:\/\/informelitoral.com.ar\/este-miercoles-volvieron-las-lluvias-como-seguira-el-tiempo\/#respond"]}]},{"@type":"WebPage","@id":"https:\/\/informelitoral.com.ar\/este-miercoles-volvieron-las-lluvias-como-seguira-el-tiempo\/","url":"https:\/\/informelitoral.com.ar\/este-miercoles-volvieron-las-lluvias-como-seguira-el-tiempo\/","name":"Este mi\u00e9rcoles volvieron las lluvias: c\u00f3mo seguir\u00e1 el tiempo - Informe Litoral","isPartOf":{"@id":"https:\/\/informelitoral.com.ar\/#website"},"primaryImageOfPage":{"@id":"https:\/\/informelitoral.com.ar\/este-miercoles-volvieron-las-lluvias-como-seguira-el-tiempo\/#primaryimage"},"image":{"@id":"https:\/\/informelitoral.com.ar\/este-miercoles-volvieron-las-lluvias-como-seguira-el-tiempo\/#primaryimage"},"thumbnailUrl":"https:\/\/informelitoral.com.ar\/%77%70%2d%63%6f%6e%74%65%6e%74\/uploads\/2022\/01\/lluvias_en-780x400-1.jpg","datePublished":"2025-03-12T09:26:36+00:00","breadcrumb":{"@id":"https:\/\/informelitoral.com.ar\/este-miercoles-volvieron-las-lluvias-como-seguira-el-tiempo\/#breadcrumb"},"inLanguage":"es","potentialAction":[{"@type":"ReadAction","target":["https:\/\/informelitoral.com.ar\/este-miercoles-volvieron-las-lluvias-como-seguira-el-tiempo\/"]}]},{"@type":"ImageObject","inLanguage":"es","@id":"https:\/\/informelitoral.com.ar\/este-miercoles-volvieron-las-lluvias-como-seguira-el-tiempo\/#primaryimage","url":"https:\/\/informelitoral.com.ar\/%77%70%2d%63%6f%6e%74%65%6e%74\/uploads\/2022\/01\/lluvias_en-780x400-1.jpg","contentUrl":"https:\/\/informelitoral.com.ar\/%77%70%2d%63%6f%6e%74%65%6e%74\/uploads\/2022\/01\/lluvias_en-780x400-1.jpg","width":780,"height":400},{"@type":"BreadcrumbList","@id":"https:\/\/informelitoral.com.ar\/este-miercoles-volvieron-las-lluvias-como-seguira-el-tiempo\/#breadcrumb","itemListElement":[{"@type":"ListItem","position":1,"name":"Portada","item":"https:\/\/informelitoral.com.ar\/"},{"@type":"ListItem","position":2,"name":"Este mi\u00e9rcoles volvieron las lluvias: c\u00f3mo seguir\u00e1 el tiempo"}]},{"@type":"WebSite","@id":"https:\/\/informelitoral.com.ar\/#website","url":"https:\/\/informelitoral.com.ar\/","name":"Informe Litoral","description":"&quot;Nos informamos&quot; ","publisher":{"@id":"https:\/\/informelitoral.com.ar\/#organization"},"potentialAction":[{"@type":"SearchAction","target":{"@type":"EntryPoint","urlTemplate":"https:\/\/informelitoral.com.ar\/?s={search_term_string}"},"query-input":{"@type":"PropertyValueSpecification","valueRequired":true,"valueName":"search_term_string"}}],"inLanguage":"es"},{"@type":"Organization","@id":"https:\/\/informelitoral.com.ar\/#organization","name":"Informe Litoral","url":"https:\/\/informelitoral.com.ar\/","logo":{"@type":"ImageObject","inLanguage":"es","@id":"https:\/\/informelitoral.com.ar\/#\/schema\/logo\/image\/","url":"https:\/\/informelitoral.com.ar\/%77%70%2d%63%6f%6e%74%65%6e%74\/uploads\/2021\/01\/circulo.png","contentUrl":"https:\/\/informelitoral.com.ar\/%77%70%2d%63%6f%6e%74%65%6e%74\/uploads\/2021\/01\/circulo.png","width":723,"height":731,"caption":"Informe Litoral"},"image":{"@id":"https:\/\/informelitoral.com.ar\/#\/schema\/logo\/image\/"},"sameAs":["https:\/\/www.facebook.com\/informelitoral\/","https:\/\/x.com\/InformeLitoral","https:\/\/www.instagram.com\/informelitoral\/","https:\/\/www.youtube.com\/channel\/UCua4Qvz8Icb6MYqhoq9xLXw"]},{"@type":"Person","@id":"https:\/\/informelitoral.com.ar\/#\/schema\/person\/b9d00407c836482871ef1d57bf8e3180","name":"Gonzalo Schmidt","image":{"@type":"ImageObject","inLanguage":"es","@id":"https:\/\/secure.gravatar.com\/avatar\/31a1a7b66ff2de83bd0e9fd79d026630d2d99e55e8bfe501287647b4fd9743de?s=96&d=mm&r=g","url":"https:\/\/secure.gravatar.com\/avatar\/31a1a7b66ff2de83bd0e9fd79d026630d2d99e55e8bfe501287647b4fd9743de?s=96&d=mm&r=g","contentUrl":"https:\/\/secure.gravatar.com\/avatar\/31a1a7b66ff2de83bd0e9fd79d026630d2d99e55e8bfe501287647b4fd9743de?s=96&d=mm&r=g","caption":"Gonzalo Schmidt"},"description":"Sitio web de noticias de la provincia de Entre R\u00edos, Argentina. Informaci\u00f3n y entretenimiento. Informe Litoral, nos informamos.","sameAs":["http:\/\/www.isletasnoticias.com.ar"],"url":"https:\/\/informelitoral.com.ar\/author\/gonzalo\/"}]}},"_links":{"self":[{"href":"https:\/\/informelitoral.com.ar\/%77%70%2d%6a%73%6f%6e\/wp\/v2\/posts\/214452","targetHints":{"allow":["GET"]}}],"collection":[{"href":"https:\/\/informelitoral.com.ar\/%77%70%2d%6a%73%6f%6e\/wp\/v2\/posts"}],"about":[{"href":"https:\/\/informelitoral.com.ar\/%77%70%2d%6a%73%6f%6e\/wp\/v2\/types\/post"}],"author":[{"embeddable":true,"href":"https:\/\/informelitoral.com.ar\/%77%70%2d%6a%73%6f%6e\/wp\/v2\/users\/2"}],"replies":[{"embeddable":true,"href":"https:\/\/informelitoral.com.ar\/%77%70%2d%6a%73%6f%6e\/wp\/v2\/comments?post=214452"}],"version-history":[{"count":0,"href":"https:\/\/informelitoral.com.ar\/%77%70%2d%6a%73%6f%6e\/wp\/v2\/posts\/214452\/revisions"}],"wp:featuredmedia":[{"embeddable":true,"href":"https:\/\/informelitoral.com.ar\/%77%70%2d%6a%73%6f%6e\/wp\/v2\/media\/70758"}],"wp:attachment":[{"href":"https:\/\/informelitoral.com.ar\/%77%70%2d%6a%73%6f%6e\/wp\/v2\/media?parent=214452"}],"wp:term":[{"taxonomy":"category","embeddable":true,"href":"https:\/\/informelitoral.com.ar\/%77%70%2d%6a%73%6f%6e\/wp\/v2\/categories?post=214452"},{"taxonomy":"post_tag","embeddable":true,"href":"https:\/\/informelitoral.com.ar\/%77%70%2d%6a%73%6f%6e\/wp\/v2\/tags?post=214452"}],"curies":[{"name":"wp","href":"https:\/\/api.w.org\/{rel}","templated":true}]}}