{"id":214415,"date":"2025-03-11T11:34:49","date_gmt":"2025-03-11T14:34:49","guid":{"rendered":"https:\/\/informelitoral.com.ar\/?p=214415"},"modified":"2025-03-12T06:17:05","modified_gmt":"2025-03-12T09:17:05","slug":"bahia-blanca-dieron-a-conocer-la-identidad-de-15-de-los-16-fallecidos","status":"publish","type":"post","link":"https:\/\/informelitoral.com.ar\/bahia-blanca-dieron-a-conocer-la-identidad-de-15-de-los-16-fallecidos\/","title":{"rendered":"Bah\u00eda Blanca: dieron a conocer la identidad de 15 de los\u00a016 fallecidos\u00a0"},"content":{"rendered":"<p><strong>El Ministerio de Salud bonaerense dio a conocer este lunes la identidad de 15 de los\u00a0<a href=\"https:\/\/www.perfil.com\/noticias\/actualidad\/bahia-blanca-el-intendente-susbielles-elevo-a-15-el-numero-de-muertos-y-dispuso-72-horas-de-duelo.phtml\" target=\"_blank\" rel=\"noopener\">16 fallecidos<\/a><\/strong>\u00a0que se registraron durante el\u00a0<a href=\"https:\/\/www.perfil.com\/noticias\/actualidad\/el-agua-ha-ido-cediendo-y-tenemos-523-evacuados-informo-el-intendente-de-bahia-blanca.phtml\" target=\"_blank\" rel=\"noopener\">temporal que azot\u00f3 a Bah\u00eda Blanca<\/a>. En ese sentido, se trata de 11 mujeres y cinco hombres, uno de los cuales no pudo ser reconocido a\u00fan, precisaron fuentes judiciales.<\/p>\n<h2><strong>La n\u00f3mina est\u00e1 compuesta por:<\/strong><\/h2>\n<ol>\n<li><strong>Margarita Egusquiza, 87 a\u00f1os<\/strong>. Causales de muerte: hipoxia, asfixia mec\u00e1nica, ahogamiento por sumersi\u00f3n. Hallada en el geri\u00e1trico \u00abSarmiento R\u00bb.<\/li>\n<li><strong>Perla Mar\u00eda Re Malena, 99 a\u00f1os<\/strong>. Causales de muerte: hipoxia, asfixia mec\u00e1nica, ahogamiento por sumersi\u00f3n. Hallada en el geri\u00e1trico \u00abSarmiento R\u00bb.<\/li>\n<li><strong>Sara Rueda, 101 a\u00f1os<\/strong>. Causales de muerte: hipoxia, asfixia mec\u00e1nica y ahogamiento por sumersi\u00f3n. Hallada en el geri\u00e1trico \u00abSarmiento R\u00bb.<\/li>\n<li><strong>Elba Yolanda Ressia, 90 a\u00f1os<\/strong>. Causales de muerte: anoxia cerebral y asfixia por sumersi\u00f3n. Hallada a pocas cuadras de la residencia para personas mayores \u201cSarmiento R\u201d.<\/li>\n<li><strong>Nilda Ernesta Schamberger, 82 a\u00f1os.<\/strong>\u00a0Causales de muerte: hipoxia, asfixia mec\u00e1nica y ahogamiento por inundaci\u00f3n. Su cuerpo fue hallado en la residencia geri\u00e1trica \u00abAbuela Graciana\u00bb.<\/li>\n<li><strong>Estela Mar\u00eda Regolf, 83 a\u00f1os.<\/strong>\u00a0Causales de muerte: anoxia cerebral y asfixia por sumersi\u00f3n. Retirada del geri\u00e1trico \u00abAbuela Graciana\u00bb.<\/li>\n<li><strong>Mar\u00eda Isabel Oliva, 53 a\u00f1os.<\/strong>\u00a0Causales de muerte: anoxia cerebral y asfixia por sumersi\u00f3n. Fue hallada en Leopoldo Marechal 2240.<\/li>\n<li><strong>Sof\u00eda Raquel Gonz\u00e1lez<\/strong>, cuya edad se desconoce. Causales de muerte: edema y congesti\u00f3n pulmonar, asfixia por sumersi\u00f3n y ahogamiento. La encontraron en la calle Guatemala 608.<\/li>\n<li><strong>Nelson Javier Zzini, 46 a\u00f1os.\u00a0<\/strong>Causales de muerte: miocardiopat\u00eda dilatada, ocupaci\u00f3n de v\u00eda a\u00e9rea y asfixia por sumersi\u00f3n. Lo encontraron en la v\u00eda p\u00fablica, sobre Maestro Piccioli 2400.<\/li>\n<li><strong>Rolando Ortega<\/strong>, edad desconocida. Causales de muerte: edema pulmonar, ocupaci\u00f3n de v\u00eda a\u00e9rea y asfixia por sumersi\u00f3n. Retirado del geri\u00e1trico \u00abAtardecer\u00bb.<\/li>\n<li><strong>N\u00e9lida Elisei, 78 a\u00f1os<\/strong>. Causales de muerte: edema y congesti\u00f3n pulmonar, asfixia por sumersi\u00f3n y ahogamiento. Retirada del centro de evacuaci\u00f3n \u00abClub Sansinena\u00bb, en Cerri.<\/li>\n<li><strong>\u00c1ngel Eduardo Mosman, 55 a\u00f1os<\/strong>. Causales de muerte: edema pulmonar, ocupaci\u00f3n de v\u00eda a\u00e9rea y asfixia por sumersi\u00f3n. Fue hallado en un descampado.<\/li>\n<li><strong>Anastacia Ag\u00fcero, 85 a\u00f1os<\/strong>. Causales de muerte: edema y congesti\u00f3n pulmonar, asfixia por sumersi\u00f3n y ahogamiento. Fue hallada en la v\u00eda p\u00fablica.<\/li>\n<li><strong>Micaela Vicenta Hern\u00e1ndez, 70 a\u00f1os.<\/strong>\u00a0Causales de muerte: hipoxia, asfixia por ahogamiento y sumersi\u00f3n. Fue encontrada en el cruce de las calles Dasso y Brihuega, Ingeniero White.<\/li>\n<li><strong><a href=\"https:\/\/www.perfil.com\/noticias\/actualidad\/quien-era-ruben-zalazar-el-chofer-que-murio-tras-ayudar-a-las-nenas-desaparecidas-en-bahia-blanca.phtml\" target=\"_blank\" rel=\"noopener\">Rub\u00e9n Omar Zalazar,<\/a>\u00a043 a\u00f1os.<\/strong>\u00a0Causales de muerte: hipoxia cerebral y asfixia por sumersi\u00f3n. Fue encontrado a unos 150 metros de donde intent\u00f3 auxiliar a la\u00a0<a href=\"https:\/\/www.perfil.com\/noticias\/actualidad\/bahia-blanca-pasan-las-horas-y-sigue-sin-haber-noticias-de-las-dos-nenas-desaparecidas.phtml\" target=\"_blank\" rel=\"noopener\">familia Hecker<\/a>, en una zona \u00abpantanosa, de cangrejales y cercana a la salida al mar\u00bb.<\/li>\n<li><strong>NN masculino<\/strong>\u00a0(de entre 50 y 55 a\u00f1os) Causales de muerte: edema agudo pulm\u00f3n, insuficiencia card\u00edaca descompensada e inundaci\u00f3n. Lo encontraron en el Balneario Maldonado.<\/li>\n<\/ol>\n","protected":false},"excerpt":{"rendered":"<p>Fueron identificados como 11 mujeres y cinco hombres, en su mayor\u00eda ancianos. Uno de los fallecidos no pudo ser reconocido a\u00fan.<\/p>\n","protected":false},"author":8,"featured_media":214416,"comment_status":"open","ping_status":"open","sticky":false,"template":"","format":"standard","meta":{"fifu_image_url":"","fifu_image_alt":"","footnotes":""},"categories":[9],"tags":[5612,527],"class_list":{"0":"post-214415","1":"post","2":"type-post","3":"status-publish","4":"format-standard","5":"has-post-thumbnail","7":"category-sociedad","8":"tag-bahia-blanca","9":"tag-temporal"},"yoast_head":"<title>Bah\u00eda Blanca: dieron a conocer la identidad de 15 de los\u00a016 fallecidos\u00a0 - Informe Litoral<\/title>\n<meta name=\"robots\" content=\"index, follow, max-snippet:-1, max-image-preview:large, max-video-preview:-1\" \/>\n<link rel=\"canonical\" href=\"https:\/\/informelitoral.com.ar\/bahia-blanca-dieron-a-conocer-la-identidad-de-15-de-los-16-fallecidos\/\" \/>\n<meta property=\"og:locale\" content=\"es_ES\" \/>\n<meta property=\"og:type\" content=\"article\" \/>\n<meta property=\"og:title\" content=\"Bah\u00eda Blanca: dieron a conocer la identidad de 15 de los\u00a016 fallecidos\u00a0 - Informe Litoral\" \/>\n<meta property=\"og:description\" content=\"Fueron identificados como 11 mujeres y cinco hombres, en su mayor\u00eda ancianos. Uno de los fallecidos no pudo ser reconocido a\u00fan.\" \/>\n<meta property=\"og:url\" content=\"https:\/\/informelitoral.com.ar\/bahia-blanca-dieron-a-conocer-la-identidad-de-15-de-los-16-fallecidos\/\" \/>\n<meta property=\"og:site_name\" content=\"Informe Litoral\" \/>\n<meta property=\"article:publisher\" content=\"https:\/\/www.facebook.com\/informelitoral\/\" \/>\n<meta property=\"article:published_time\" content=\"2025-03-11T14:34:49+00:00\" \/>\n<meta property=\"article:modified_time\" content=\"2025-03-12T09:17:05+00:00\" \/>\n<meta property=\"og:image\" content=\"https:\/\/informelitoral.com.ar\/%77%70%2d%63%6f%6e%74%65%6e%74\/uploads\/2025\/03\/inundaciones-bahia-blancajpg.webp\" \/>\n\t<meta property=\"og:image:width\" content=\"655\" \/>\n\t<meta property=\"og:image:height\" content=\"368\" \/>\n\t<meta property=\"og:image:type\" content=\"image\/webp\" \/>\n<meta name=\"author\" content=\"Sebastian\" \/>\n<meta name=\"twitter:card\" content=\"summary_large_image\" \/>\n<meta name=\"twitter:creator\" content=\"@InformeLitoral\" \/>\n<meta name=\"twitter:site\" content=\"@InformeLitoral\" \/>\n<meta name=\"twitter:label1\" content=\"Escrito por\" \/>\n\t<meta name=\"twitter:data1\" content=\"Sebastian\" \/>\n\t<meta name=\"twitter:label2\" content=\"Tiempo de lectura\" \/>\n\t<meta name=\"twitter:data2\" content=\"2 minutos\" \/>\n<script type=\"application\/ld+json\" class=\"yoast-schema-graph\">{\"@context\":\"https:\\\/\\\/schema.org\",\"@graph\":[{\"@type\":\"Article\",\"@id\":\"https:\\\/\\\/informelitoral.com.ar\\\/bahia-blanca-dieron-a-conocer-la-identidad-de-15-de-los-16-fallecidos\\\/#article\",\"isPartOf\":{\"@id\":\"https:\\\/\\\/informelitoral.com.ar\\\/bahia-blanca-dieron-a-conocer-la-identidad-de-15-de-los-16-fallecidos\\\/\"},\"author\":{\"name\":\"Sebastian\",\"@id\":\"https:\\\/\\\/informelitoral.com.ar\\\/#\\\/schema\\\/person\\\/f05f9f461677119578717524b127d6d5\"},\"headline\":\"Bah\u00eda Blanca: dieron a conocer la identidad de 15 de los\u00a016 fallecidos\u00a0\",\"datePublished\":\"2025-03-11T14:34:49+00:00\",\"dateModified\":\"2025-03-12T09:17:05+00:00\",\"mainEntityOfPage\":{\"@id\":\"https:\\\/\\\/informelitoral.com.ar\\\/bahia-blanca-dieron-a-conocer-la-identidad-de-15-de-los-16-fallecidos\\\/\"},\"wordCount\":507,\"commentCount\":0,\"publisher\":{\"@id\":\"https:\\\/\\\/informelitoral.com.ar\\\/#organization\"},\"image\":{\"@id\":\"https:\\\/\\\/informelitoral.com.ar\\\/bahia-blanca-dieron-a-conocer-la-identidad-de-15-de-los-16-fallecidos\\\/#primaryimage\"},\"thumbnailUrl\":\"https:\\\/\\\/informelitoral.com.ar\\\/%77%70%2d%63%6f%6e%74%65%6e%74\\\/uploads\\\/2025\\\/03\\\/inundaciones-bahia-blancajpg.webp\",\"keywords\":[\"Bah\u00eda Blanca\",\"Temporal\"],\"articleSection\":[\"Sociedad\"],\"inLanguage\":\"es\",\"potentialAction\":[{\"@type\":\"CommentAction\",\"name\":\"Comment\",\"target\":[\"https:\\\/\\\/informelitoral.com.ar\\\/bahia-blanca-dieron-a-conocer-la-identidad-de-15-de-los-16-fallecidos\\\/#respond\"]}]},{\"@type\":\"WebPage\",\"@id\":\"https:\\\/\\\/informelitoral.com.ar\\\/bahia-blanca-dieron-a-conocer-la-identidad-de-15-de-los-16-fallecidos\\\/\",\"url\":\"https:\\\/\\\/informelitoral.com.ar\\\/bahia-blanca-dieron-a-conocer-la-identidad-de-15-de-los-16-fallecidos\\\/\",\"name\":\"Bah\u00eda Blanca: dieron a conocer la identidad de 15 de los\u00a016 fallecidos\u00a0 - Informe Litoral\",\"isPartOf\":{\"@id\":\"https:\\\/\\\/informelitoral.com.ar\\\/#website\"},\"primaryImageOfPage\":{\"@id\":\"https:\\\/\\\/informelitoral.com.ar\\\/bahia-blanca-dieron-a-conocer-la-identidad-de-15-de-los-16-fallecidos\\\/#primaryimage\"},\"image\":{\"@id\":\"https:\\\/\\\/informelitoral.com.ar\\\/bahia-blanca-dieron-a-conocer-la-identidad-de-15-de-los-16-fallecidos\\\/#primaryimage\"},\"thumbnailUrl\":\"https:\\\/\\\/informelitoral.com.ar\\\/%77%70%2d%63%6f%6e%74%65%6e%74\\\/uploads\\\/2025\\\/03\\\/inundaciones-bahia-blancajpg.webp\",\"datePublished\":\"2025-03-11T14:34:49+00:00\",\"dateModified\":\"2025-03-12T09:17:05+00:00\",\"breadcrumb\":{\"@id\":\"https:\\\/\\\/informelitoral.com.ar\\\/bahia-blanca-dieron-a-conocer-la-identidad-de-15-de-los-16-fallecidos\\\/#breadcrumb\"},\"inLanguage\":\"es\",\"potentialAction\":[{\"@type\":\"ReadAction\",\"target\":[\"https:\\\/\\\/informelitoral.com.ar\\\/bahia-blanca-dieron-a-conocer-la-identidad-de-15-de-los-16-fallecidos\\\/\"]}]},{\"@type\":\"ImageObject\",\"inLanguage\":\"es\",\"@id\":\"https:\\\/\\\/informelitoral.com.ar\\\/bahia-blanca-dieron-a-conocer-la-identidad-de-15-de-los-16-fallecidos\\\/#primaryimage\",\"url\":\"https:\\\/\\\/informelitoral.com.ar\\\/%77%70%2d%63%6f%6e%74%65%6e%74\\\/uploads\\\/2025\\\/03\\\/inundaciones-bahia-blancajpg.webp\",\"contentUrl\":\"https:\\\/\\\/informelitoral.com.ar\\\/%77%70%2d%63%6f%6e%74%65%6e%74\\\/uploads\\\/2025\\\/03\\\/inundaciones-bahia-blancajpg.webp\",\"width\":655,\"height\":368},{\"@type\":\"BreadcrumbList\",\"@id\":\"https:\\\/\\\/informelitoral.com.ar\\\/bahia-blanca-dieron-a-conocer-la-identidad-de-15-de-los-16-fallecidos\\\/#breadcrumb\",\"itemListElement\":[{\"@type\":\"ListItem\",\"position\":1,\"name\":\"Portada\",\"item\":\"https:\\\/\\\/informelitoral.com.ar\\\/\"},{\"@type\":\"ListItem\",\"position\":2,\"name\":\"Bah\u00eda Blanca: dieron a conocer la identidad de 15 de los\u00a016 fallecidos\u00a0\"}]},{\"@type\":\"WebSite\",\"@id\":\"https:\\\/\\\/informelitoral.com.ar\\\/#website\",\"url\":\"https:\\\/\\\/informelitoral.com.ar\\\/\",\"name\":\"Informe Litoral\",\"description\":\"&quot;Nos informamos&quot; \",\"publisher\":{\"@id\":\"https:\\\/\\\/informelitoral.com.ar\\\/#organization\"},\"potentialAction\":[{\"@type\":\"SearchAction\",\"target\":{\"@type\":\"EntryPoint\",\"urlTemplate\":\"https:\\\/\\\/informelitoral.com.ar\\\/?s={search_term_string}\"},\"query-input\":{\"@type\":\"PropertyValueSpecification\",\"valueRequired\":true,\"valueName\":\"search_term_string\"}}],\"inLanguage\":\"es\"},{\"@type\":\"Organization\",\"@id\":\"https:\\\/\\\/informelitoral.com.ar\\\/#organization\",\"name\":\"Informe Litoral\",\"url\":\"https:\\\/\\\/informelitoral.com.ar\\\/\",\"logo\":{\"@type\":\"ImageObject\",\"inLanguage\":\"es\",\"@id\":\"https:\\\/\\\/informelitoral.com.ar\\\/#\\\/schema\\\/logo\\\/image\\\/\",\"url\":\"https:\\\/\\\/informelitoral.com.ar\\\/%77%70%2d%63%6f%6e%74%65%6e%74\\\/uploads\\\/2021\\\/01\\\/circulo.png\",\"contentUrl\":\"https:\\\/\\\/informelitoral.com.ar\\\/%77%70%2d%63%6f%6e%74%65%6e%74\\\/uploads\\\/2021\\\/01\\\/circulo.png\",\"width\":723,\"height\":731,\"caption\":\"Informe Litoral\"},\"image\":{\"@id\":\"https:\\\/\\\/informelitoral.com.ar\\\/#\\\/schema\\\/logo\\\/image\\\/\"},\"sameAs\":[\"https:\\\/\\\/www.facebook.com\\\/informelitoral\\\/\",\"https:\\\/\\\/x.com\\\/InformeLitoral\",\"https:\\\/\\\/www.instagram.com\\\/informelitoral\\\/\",\"https:\\\/\\\/www.youtube.com\\\/channel\\\/UCua4Qvz8Icb6MYqhoq9xLXw\"]},{\"@type\":\"Person\",\"@id\":\"https:\\\/\\\/informelitoral.com.ar\\\/#\\\/schema\\\/person\\\/f05f9f461677119578717524b127d6d5\",\"name\":\"Sebastian\",\"image\":{\"@type\":\"ImageObject\",\"inLanguage\":\"es\",\"@id\":\"https:\\\/\\\/secure.gravatar.com\\\/avatar\\\/b71bf7481d447dfb9583c7f2798e7cc64de6efb9067b74633ed8c31059a3bd82?s=96&d=mm&r=g\",\"url\":\"https:\\\/\\\/secure.gravatar.com\\\/avatar\\\/b71bf7481d447dfb9583c7f2798e7cc64de6efb9067b74633ed8c31059a3bd82?s=96&d=mm&r=g\",\"contentUrl\":\"https:\\\/\\\/secure.gravatar.com\\\/avatar\\\/b71bf7481d447dfb9583c7f2798e7cc64de6efb9067b74633ed8c31059a3bd82?s=96&d=mm&r=g\",\"caption\":\"Sebastian\"},\"url\":\"https:\\\/\\\/informelitoral.com.ar\\\/author\\\/sebastian\\\/\"}]}<\/script>","yoast_head_json":{"title":"Bah\u00eda Blanca: dieron a conocer la identidad de 15 de los\u00a016 fallecidos\u00a0 - Informe Litoral","robots":{"index":"index","follow":"follow","max-snippet":"max-snippet:-1","max-image-preview":"max-image-preview:large","max-video-preview":"max-video-preview:-1"},"canonical":"https:\/\/informelitoral.com.ar\/bahia-blanca-dieron-a-conocer-la-identidad-de-15-de-los-16-fallecidos\/","og_locale":"es_ES","og_type":"article","og_title":"Bah\u00eda Blanca: dieron a conocer la identidad de 15 de los\u00a016 fallecidos\u00a0 - Informe Litoral","og_description":"Fueron identificados como 11 mujeres y cinco hombres, en su mayor\u00eda ancianos. Uno de los fallecidos no pudo ser reconocido a\u00fan.","og_url":"https:\/\/informelitoral.com.ar\/bahia-blanca-dieron-a-conocer-la-identidad-de-15-de-los-16-fallecidos\/","og_site_name":"Informe Litoral","article_publisher":"https:\/\/www.facebook.com\/informelitoral\/","article_published_time":"2025-03-11T14:34:49+00:00","article_modified_time":"2025-03-12T09:17:05+00:00","og_image":[{"width":655,"height":368,"url":"https:\/\/informelitoral.com.ar\/%77%70%2d%63%6f%6e%74%65%6e%74\/uploads\/2025\/03\/inundaciones-bahia-blancajpg.webp","type":"image\/webp"}],"author":"Sebastian","twitter_card":"summary_large_image","twitter_creator":"@InformeLitoral","twitter_site":"@InformeLitoral","twitter_misc":{"Escrito por":"Sebastian","Tiempo de lectura":"2 minutos"},"schema":{"@context":"https:\/\/schema.org","@graph":[{"@type":"Article","@id":"https:\/\/informelitoral.com.ar\/bahia-blanca-dieron-a-conocer-la-identidad-de-15-de-los-16-fallecidos\/#article","isPartOf":{"@id":"https:\/\/informelitoral.com.ar\/bahia-blanca-dieron-a-conocer-la-identidad-de-15-de-los-16-fallecidos\/"},"author":{"name":"Sebastian","@id":"https:\/\/informelitoral.com.ar\/#\/schema\/person\/f05f9f461677119578717524b127d6d5"},"headline":"Bah\u00eda Blanca: dieron a conocer la identidad de 15 de los\u00a016 fallecidos\u00a0","datePublished":"2025-03-11T14:34:49+00:00","dateModified":"2025-03-12T09:17:05+00:00","mainEntityOfPage":{"@id":"https:\/\/informelitoral.com.ar\/bahia-blanca-dieron-a-conocer-la-identidad-de-15-de-los-16-fallecidos\/"},"wordCount":507,"commentCount":0,"publisher":{"@id":"https:\/\/informelitoral.com.ar\/#organization"},"image":{"@id":"https:\/\/informelitoral.com.ar\/bahia-blanca-dieron-a-conocer-la-identidad-de-15-de-los-16-fallecidos\/#primaryimage"},"thumbnailUrl":"https:\/\/informelitoral.com.ar\/%77%70%2d%63%6f%6e%74%65%6e%74\/uploads\/2025\/03\/inundaciones-bahia-blancajpg.webp","keywords":["Bah\u00eda Blanca","Temporal"],"articleSection":["Sociedad"],"inLanguage":"es","potentialAction":[{"@type":"CommentAction","name":"Comment","target":["https:\/\/informelitoral.com.ar\/bahia-blanca-dieron-a-conocer-la-identidad-de-15-de-los-16-fallecidos\/#respond"]}]},{"@type":"WebPage","@id":"https:\/\/informelitoral.com.ar\/bahia-blanca-dieron-a-conocer-la-identidad-de-15-de-los-16-fallecidos\/","url":"https:\/\/informelitoral.com.ar\/bahia-blanca-dieron-a-conocer-la-identidad-de-15-de-los-16-fallecidos\/","name":"Bah\u00eda Blanca: dieron a conocer la identidad de 15 de los\u00a016 fallecidos\u00a0 - Informe Litoral","isPartOf":{"@id":"https:\/\/informelitoral.com.ar\/#website"},"primaryImageOfPage":{"@id":"https:\/\/informelitoral.com.ar\/bahia-blanca-dieron-a-conocer-la-identidad-de-15-de-los-16-fallecidos\/#primaryimage"},"image":{"@id":"https:\/\/informelitoral.com.ar\/bahia-blanca-dieron-a-conocer-la-identidad-de-15-de-los-16-fallecidos\/#primaryimage"},"thumbnailUrl":"https:\/\/informelitoral.com.ar\/%77%70%2d%63%6f%6e%74%65%6e%74\/uploads\/2025\/03\/inundaciones-bahia-blancajpg.webp","datePublished":"2025-03-11T14:34:49+00:00","dateModified":"2025-03-12T09:17:05+00:00","breadcrumb":{"@id":"https:\/\/informelitoral.com.ar\/bahia-blanca-dieron-a-conocer-la-identidad-de-15-de-los-16-fallecidos\/#breadcrumb"},"inLanguage":"es","potentialAction":[{"@type":"ReadAction","target":["https:\/\/informelitoral.com.ar\/bahia-blanca-dieron-a-conocer-la-identidad-de-15-de-los-16-fallecidos\/"]}]},{"@type":"ImageObject","inLanguage":"es","@id":"https:\/\/informelitoral.com.ar\/bahia-blanca-dieron-a-conocer-la-identidad-de-15-de-los-16-fallecidos\/#primaryimage","url":"https:\/\/informelitoral.com.ar\/%77%70%2d%63%6f%6e%74%65%6e%74\/uploads\/2025\/03\/inundaciones-bahia-blancajpg.webp","contentUrl":"https:\/\/informelitoral.com.ar\/%77%70%2d%63%6f%6e%74%65%6e%74\/uploads\/2025\/03\/inundaciones-bahia-blancajpg.webp","width":655,"height":368},{"@type":"BreadcrumbList","@id":"https:\/\/informelitoral.com.ar\/bahia-blanca-dieron-a-conocer-la-identidad-de-15-de-los-16-fallecidos\/#breadcrumb","itemListElement":[{"@type":"ListItem","position":1,"name":"Portada","item":"https:\/\/informelitoral.com.ar\/"},{"@type":"ListItem","position":2,"name":"Bah\u00eda Blanca: dieron a conocer la identidad de 15 de los\u00a016 fallecidos\u00a0"}]},{"@type":"WebSite","@id":"https:\/\/informelitoral.com.ar\/#website","url":"https:\/\/informelitoral.com.ar\/","name":"Informe Litoral","description":"&quot;Nos informamos&quot; ","publisher":{"@id":"https:\/\/informelitoral.com.ar\/#organization"},"potentialAction":[{"@type":"SearchAction","target":{"@type":"EntryPoint","urlTemplate":"https:\/\/informelitoral.com.ar\/?s={search_term_string}"},"query-input":{"@type":"PropertyValueSpecification","valueRequired":true,"valueName":"search_term_string"}}],"inLanguage":"es"},{"@type":"Organization","@id":"https:\/\/informelitoral.com.ar\/#organization","name":"Informe Litoral","url":"https:\/\/informelitoral.com.ar\/","logo":{"@type":"ImageObject","inLanguage":"es","@id":"https:\/\/informelitoral.com.ar\/#\/schema\/logo\/image\/","url":"https:\/\/informelitoral.com.ar\/%77%70%2d%63%6f%6e%74%65%6e%74\/uploads\/2021\/01\/circulo.png","contentUrl":"https:\/\/informelitoral.com.ar\/%77%70%2d%63%6f%6e%74%65%6e%74\/uploads\/2021\/01\/circulo.png","width":723,"height":731,"caption":"Informe Litoral"},"image":{"@id":"https:\/\/informelitoral.com.ar\/#\/schema\/logo\/image\/"},"sameAs":["https:\/\/www.facebook.com\/informelitoral\/","https:\/\/x.com\/InformeLitoral","https:\/\/www.instagram.com\/informelitoral\/","https:\/\/www.youtube.com\/channel\/UCua4Qvz8Icb6MYqhoq9xLXw"]},{"@type":"Person","@id":"https:\/\/informelitoral.com.ar\/#\/schema\/person\/f05f9f461677119578717524b127d6d5","name":"Sebastian","image":{"@type":"ImageObject","inLanguage":"es","@id":"https:\/\/secure.gravatar.com\/avatar\/b71bf7481d447dfb9583c7f2798e7cc64de6efb9067b74633ed8c31059a3bd82?s=96&d=mm&r=g","url":"https:\/\/secure.gravatar.com\/avatar\/b71bf7481d447dfb9583c7f2798e7cc64de6efb9067b74633ed8c31059a3bd82?s=96&d=mm&r=g","contentUrl":"https:\/\/secure.gravatar.com\/avatar\/b71bf7481d447dfb9583c7f2798e7cc64de6efb9067b74633ed8c31059a3bd82?s=96&d=mm&r=g","caption":"Sebastian"},"url":"https:\/\/informelitoral.com.ar\/author\/sebastian\/"}]}},"_links":{"self":[{"href":"https:\/\/informelitoral.com.ar\/%77%70%2d%6a%73%6f%6e\/wp\/v2\/posts\/214415","targetHints":{"allow":["GET"]}}],"collection":[{"href":"https:\/\/informelitoral.com.ar\/%77%70%2d%6a%73%6f%6e\/wp\/v2\/posts"}],"about":[{"href":"https:\/\/informelitoral.com.ar\/%77%70%2d%6a%73%6f%6e\/wp\/v2\/types\/post"}],"author":[{"embeddable":true,"href":"https:\/\/informelitoral.com.ar\/%77%70%2d%6a%73%6f%6e\/wp\/v2\/users\/8"}],"replies":[{"embeddable":true,"href":"https:\/\/informelitoral.com.ar\/%77%70%2d%6a%73%6f%6e\/wp\/v2\/comments?post=214415"}],"version-history":[{"count":0,"href":"https:\/\/informelitoral.com.ar\/%77%70%2d%6a%73%6f%6e\/wp\/v2\/posts\/214415\/revisions"}],"wp:featuredmedia":[{"embeddable":true,"href":"https:\/\/informelitoral.com.ar\/%77%70%2d%6a%73%6f%6e\/wp\/v2\/media\/214416"}],"wp:attachment":[{"href":"https:\/\/informelitoral.com.ar\/%77%70%2d%6a%73%6f%6e\/wp\/v2\/media?parent=214415"}],"wp:term":[{"taxonomy":"category","embeddable":true,"href":"https:\/\/informelitoral.com.ar\/%77%70%2d%6a%73%6f%6e\/wp\/v2\/categories?post=214415"},{"taxonomy":"post_tag","embeddable":true,"href":"https:\/\/informelitoral.com.ar\/%77%70%2d%6a%73%6f%6e\/wp\/v2\/tags?post=214415"}],"curies":[{"name":"wp","href":"https:\/\/api.w.org\/{rel}","templated":true}]}}