{"id":214388,"date":"2025-03-11T10:21:05","date_gmt":"2025-03-11T13:21:05","guid":{"rendered":"https:\/\/informelitoral.com.ar\/?p=214388"},"modified":"2025-03-11T10:22:43","modified_gmt":"2025-03-11T13:22:43","slug":"el-municipio-de-parana-incorporo-nuevos-vehiculos-para-el-sistema-de-recoleccion-de-residuos","status":"publish","type":"post","link":"https:\/\/informelitoral.com.ar\/el-municipio-de-parana-incorporo-nuevos-vehiculos-para-el-sistema-de-recoleccion-de-residuos\/","title":{"rendered":"El Municipio de Paran\u00e1 incorpor\u00f3 nuevos veh\u00edculos para el sistema de recolecci\u00f3n de residuos"},"content":{"rendered":"<p><em>\u201cLa gente cuando paga sus impuestos aspira a encontrar una ciudad limpia, una ciudad en permanente evoluci\u00f3n y en pos de dar respuestas es que incorporamos nuevos veh\u00edculos y los contenedores de residuos para llegar donde el vecino reclama. De esta manera demostramos que el dinero de la ciudad se invierte en la ciudad<\/em>\u201d, manifest\u00f3\u00a0<strong>Rosario Romero<\/strong>.<\/p>\n<p>Asimismo, la Intendenta apel\u00f3 a la solidaridad de la poblaci\u00f3n para cuidar los contenedores y respetar los horarios del servicio.\u00a0<em>\u201cLos contenedores son para los residuos urbanos, por lo que hay que evitar tirar escombros, restos de podas y elementos que puedan da\u00f1ar las estructuras de pl\u00e1stico. Creemos que la recolecci\u00f3n de la ciudad es buena, es bien calificada por la poblaci\u00f3n y tiene que seguir siendo as\u00ed\u201d<\/em>, precis\u00f3 Romero.<\/p>\n<p>A partir de este<strong>\u00a0lunes 10 de marzo<\/strong>, en la zona c\u00e9ntrica,\u00a0<strong>los residuos deber\u00e1n depositarse en los contenedores<\/strong>\u00a0entre las\u00a0<strong>19 y las 22 h<\/strong>s. Luego de ese horario, se realizar\u00e1 la recolecci\u00f3n. La medida busca optimizar el servicio, mejorar la circulaci\u00f3n y reforzar la seguridad en los horarios de mayor tr\u00e1nsito vehicular.<\/p>\n<p>Orientado a adoptar estrategias sostenibles para mejorar los servicios p\u00fablicos, el nuevo esquema permitir\u00e1 una circulaci\u00f3n m\u00e1s fluida y segura en las \u00e1reas con mayor concentraci\u00f3n de tr\u00e1nsito y generaci\u00f3n de residuos; especialmente en horarios pico, como el ingreso a los lugares de trabajo y establecimientos educativos.<\/p>\n<p><em>\u201cEl objetivo es optimizar los servicios, mejorar la calidad de la recolecci\u00f3n en la ciudad de Paran\u00e1. La ciudad limpia y ordenada es una de las premisas del gobierno municipal y por ende entendemos que en el \u00e1rea central es importante poder realizar un horario distinto para poder evitar el tr\u00e1nsito vehicular y as\u00ed favorecer claramente el flujo de veh\u00edculos genera en horarios picos con el ingreso a los horarios educativos, comercios y dem\u00e1s\u201d<\/em>, sostuvo\u00a0<strong>Juli\u00e1n Hirschfeld<\/strong>, secretario de Servicios P\u00fablicos.<\/p>\n<p>Durante la jornada de este lunes se presentaron los<strong>\u00a0dos nuevos camiones compactadores, dos camiones volcadores, un elevador y dos camiones limpiadores\u00a0<\/strong>que se pusieron a punto por personal municipal. Adem\u00e1s de\u00a0<strong>500 contenedores de residuos<\/strong>\u00a0que ser\u00e1n distribuidos por toda la ciudad a demanda y para reponer los que est\u00e1n da\u00f1ados.<\/p>\n<p>De la actividad tambi\u00e9n particip\u00f3 el secretario de Gobierno y Coordinaci\u00f3n de Gabinete, Santiago Halle.<\/p>\n<h2><strong>Nuevos horarios y zonas de implementaci\u00f3n<\/strong><\/h2>\n<p>El\u00a0<strong>nuevo horario\u00a0<\/strong>para sacar los residuos domiciliarios ser\u00e1 de\u00a0<strong>19 a 22 hs<\/strong>, en un esquema nocturno que abarcar\u00e1 los puntos m\u00e1s transitados de la capital entrerriana. Esto afectar\u00e1 al cuadrante comprendido por:<\/p>\n<ul>\n<li><strong>Avenida Ram\u00edrez<\/strong><\/li>\n<li><strong>Avenida Racedo<\/strong><\/li>\n<li><strong>Calle Patagonia<\/strong><\/li>\n<li><strong>Zona del Parque Urquiza y la costanera<\/strong><\/li>\n<\/ul>\n<p>Las\u00a0<strong>comisiones vecinales\u00a0<\/strong>que forman parte de este circuito son:<\/p>\n<ul>\n<li><strong>Mar\u00eda Auxiliadora<\/strong><\/li>\n<li><strong>S\u00e1enz Pe\u00f1a<\/strong><\/li>\n<li><strong>Alem<\/strong><\/li>\n<li><strong>Santiague\u00f1a<\/strong><\/li>\n<li><strong>Italia<\/strong><\/li>\n<li><strong>Macarone<\/strong><\/li>\n<li><strong>San Jos\u00e9 de Puerto Nuevo<\/strong><\/li>\n<li><strong>Parque Urquiza<\/strong><\/li>\n<li><strong>Virgen de Lourdes<\/strong><\/li>\n<li><strong>Pablo Balbi<\/strong><\/li>\n<li><strong>33 Orientales<\/strong><\/li>\n<li><strong>Carlos Pellegrini<\/strong><\/li>\n<li><strong>Centro Oeste<\/strong><\/li>\n<\/ul>\n<p>Se solicita la colaboraci\u00f3n de los vecinos para garantizar el correcto funcionamiento del nuevo esquema y mantener limpia la ciudad.<\/p>\n","protected":false},"excerpt":{"rendered":"<p>La intendenta Rosario Romero present\u00f3 camiones contenedores, volcadores, limpiadores y los 500 nuevos contenedores de residuos para la prestaci\u00f3n del servicio de recolecci\u00f3n de residuos. Adem\u00e1s, junto al secretario de Servicios P\u00fablicos, Juli\u00e1n Hirschfeld, anunci\u00f3 el inicio del nuevo esquema de recolecci\u00f3n nocturno de residuos en la zona centro de la ciudad.<\/p>\n","protected":false},"author":8,"featured_media":214389,"comment_status":"open","ping_status":"open","sticky":false,"template":"","format":"standard","meta":{"fifu_image_url":"","fifu_image_alt":"","footnotes":""},"categories":[1597],"tags":[1399,5615,5520],"class_list":{"0":"post-214388","1":"post","2":"type-post","3":"status-publish","4":"format-standard","5":"has-post-thumbnail","7":"category-parana","8":"tag-municipalidad-de-parana","9":"tag-recoleccion-de-residuos","10":"tag-vehiculo"},"yoast_head":"<title>El Municipio de Paran\u00e1 incorpor\u00f3 nuevos veh\u00edculos para el sistema de recolecci\u00f3n de residuos - Informe Litoral<\/title>\n<meta name=\"robots\" content=\"index, follow, max-snippet:-1, max-image-preview:large, max-video-preview:-1\" \/>\n<link rel=\"canonical\" href=\"https:\/\/informelitoral.com.ar\/el-municipio-de-parana-incorporo-nuevos-vehiculos-para-el-sistema-de-recoleccion-de-residuos\/\" \/>\n<meta property=\"og:locale\" content=\"es_ES\" \/>\n<meta property=\"og:type\" content=\"article\" \/>\n<meta property=\"og:title\" content=\"El Municipio de Paran\u00e1 incorpor\u00f3 nuevos veh\u00edculos para el sistema de recolecci\u00f3n de residuos - Informe Litoral\" \/>\n<meta property=\"og:description\" content=\"La intendenta Rosario Romero present\u00f3 camiones contenedores, volcadores, limpiadores y los 500 nuevos contenedores de residuos para la prestaci\u00f3n del servicio de recolecci\u00f3n de residuos. Adem\u00e1s, junto al secretario de Servicios P\u00fablicos, Juli\u00e1n Hirschfeld, anunci\u00f3 el inicio del nuevo esquema de recolecci\u00f3n nocturno de residuos en la zona centro de la ciudad.\" \/>\n<meta property=\"og:url\" content=\"https:\/\/informelitoral.com.ar\/el-municipio-de-parana-incorporo-nuevos-vehiculos-para-el-sistema-de-recoleccion-de-residuos\/\" \/>\n<meta property=\"og:site_name\" content=\"Informe Litoral\" \/>\n<meta property=\"article:publisher\" content=\"https:\/\/www.facebook.com\/informelitoral\/\" \/>\n<meta property=\"article:published_time\" content=\"2025-03-11T13:21:05+00:00\" \/>\n<meta property=\"article:modified_time\" content=\"2025-03-11T13:22:43+00:00\" \/>\n<meta property=\"og:image\" content=\"https:\/\/informelitoral.com.ar\/%77%70%2d%63%6f%6e%74%65%6e%74\/uploads\/2025\/03\/5663688f0a69b53902bea135ccfd196d.jpg\" \/>\n\t<meta property=\"og:image:width\" content=\"760\" \/>\n\t<meta property=\"og:image:height\" content=\"427\" \/>\n\t<meta property=\"og:image:type\" content=\"image\/jpeg\" \/>\n<meta name=\"author\" content=\"Sebastian\" \/>\n<meta name=\"twitter:card\" content=\"summary_large_image\" \/>\n<meta name=\"twitter:creator\" content=\"@InformeLitoral\" \/>\n<meta name=\"twitter:site\" content=\"@InformeLitoral\" \/>\n<meta name=\"twitter:label1\" content=\"Escrito por\" \/>\n\t<meta name=\"twitter:data1\" content=\"Sebastian\" \/>\n\t<meta name=\"twitter:label2\" content=\"Tiempo de lectura\" \/>\n\t<meta name=\"twitter:data2\" content=\"3 minutos\" \/>\n<script type=\"application\/ld+json\" class=\"yoast-schema-graph\">{\"@context\":\"https:\\\/\\\/schema.org\",\"@graph\":[{\"@type\":\"Article\",\"@id\":\"https:\\\/\\\/informelitoral.com.ar\\\/el-municipio-de-parana-incorporo-nuevos-vehiculos-para-el-sistema-de-recoleccion-de-residuos\\\/#article\",\"isPartOf\":{\"@id\":\"https:\\\/\\\/informelitoral.com.ar\\\/el-municipio-de-parana-incorporo-nuevos-vehiculos-para-el-sistema-de-recoleccion-de-residuos\\\/\"},\"author\":{\"name\":\"Sebastian\",\"@id\":\"https:\\\/\\\/informelitoral.com.ar\\\/#\\\/schema\\\/person\\\/f05f9f461677119578717524b127d6d5\"},\"headline\":\"El Municipio de Paran\u00e1 incorpor\u00f3 nuevos veh\u00edculos para el sistema de recolecci\u00f3n de residuos\",\"datePublished\":\"2025-03-11T13:21:05+00:00\",\"dateModified\":\"2025-03-11T13:22:43+00:00\",\"mainEntityOfPage\":{\"@id\":\"https:\\\/\\\/informelitoral.com.ar\\\/el-municipio-de-parana-incorporo-nuevos-vehiculos-para-el-sistema-de-recoleccion-de-residuos\\\/\"},\"wordCount\":532,\"commentCount\":0,\"publisher\":{\"@id\":\"https:\\\/\\\/informelitoral.com.ar\\\/#organization\"},\"image\":{\"@id\":\"https:\\\/\\\/informelitoral.com.ar\\\/el-municipio-de-parana-incorporo-nuevos-vehiculos-para-el-sistema-de-recoleccion-de-residuos\\\/#primaryimage\"},\"thumbnailUrl\":\"https:\\\/\\\/informelitoral.com.ar\\\/%77%70%2d%63%6f%6e%74%65%6e%74\\\/uploads\\\/2025\\\/03\\\/5663688f0a69b53902bea135ccfd196d.jpg\",\"keywords\":[\"Municipalidad de Paran\u00e1\",\"Recolecci\u00f3n de Residuos\",\"Veh\u00edculo\"],\"articleSection\":[\"Paran\u00e1\"],\"inLanguage\":\"es\",\"potentialAction\":[{\"@type\":\"CommentAction\",\"name\":\"Comment\",\"target\":[\"https:\\\/\\\/informelitoral.com.ar\\\/el-municipio-de-parana-incorporo-nuevos-vehiculos-para-el-sistema-de-recoleccion-de-residuos\\\/#respond\"]}]},{\"@type\":\"WebPage\",\"@id\":\"https:\\\/\\\/informelitoral.com.ar\\\/el-municipio-de-parana-incorporo-nuevos-vehiculos-para-el-sistema-de-recoleccion-de-residuos\\\/\",\"url\":\"https:\\\/\\\/informelitoral.com.ar\\\/el-municipio-de-parana-incorporo-nuevos-vehiculos-para-el-sistema-de-recoleccion-de-residuos\\\/\",\"name\":\"El Municipio de Paran\u00e1 incorpor\u00f3 nuevos veh\u00edculos para el sistema de recolecci\u00f3n de residuos - Informe Litoral\",\"isPartOf\":{\"@id\":\"https:\\\/\\\/informelitoral.com.ar\\\/#website\"},\"primaryImageOfPage\":{\"@id\":\"https:\\\/\\\/informelitoral.com.ar\\\/el-municipio-de-parana-incorporo-nuevos-vehiculos-para-el-sistema-de-recoleccion-de-residuos\\\/#primaryimage\"},\"image\":{\"@id\":\"https:\\\/\\\/informelitoral.com.ar\\\/el-municipio-de-parana-incorporo-nuevos-vehiculos-para-el-sistema-de-recoleccion-de-residuos\\\/#primaryimage\"},\"thumbnailUrl\":\"https:\\\/\\\/informelitoral.com.ar\\\/%77%70%2d%63%6f%6e%74%65%6e%74\\\/uploads\\\/2025\\\/03\\\/5663688f0a69b53902bea135ccfd196d.jpg\",\"datePublished\":\"2025-03-11T13:21:05+00:00\",\"dateModified\":\"2025-03-11T13:22:43+00:00\",\"breadcrumb\":{\"@id\":\"https:\\\/\\\/informelitoral.com.ar\\\/el-municipio-de-parana-incorporo-nuevos-vehiculos-para-el-sistema-de-recoleccion-de-residuos\\\/#breadcrumb\"},\"inLanguage\":\"es\",\"potentialAction\":[{\"@type\":\"ReadAction\",\"target\":[\"https:\\\/\\\/informelitoral.com.ar\\\/el-municipio-de-parana-incorporo-nuevos-vehiculos-para-el-sistema-de-recoleccion-de-residuos\\\/\"]}]},{\"@type\":\"ImageObject\",\"inLanguage\":\"es\",\"@id\":\"https:\\\/\\\/informelitoral.com.ar\\\/el-municipio-de-parana-incorporo-nuevos-vehiculos-para-el-sistema-de-recoleccion-de-residuos\\\/#primaryimage\",\"url\":\"https:\\\/\\\/informelitoral.com.ar\\\/%77%70%2d%63%6f%6e%74%65%6e%74\\\/uploads\\\/2025\\\/03\\\/5663688f0a69b53902bea135ccfd196d.jpg\",\"contentUrl\":\"https:\\\/\\\/informelitoral.com.ar\\\/%77%70%2d%63%6f%6e%74%65%6e%74\\\/uploads\\\/2025\\\/03\\\/5663688f0a69b53902bea135ccfd196d.jpg\",\"width\":760,\"height\":427},{\"@type\":\"BreadcrumbList\",\"@id\":\"https:\\\/\\\/informelitoral.com.ar\\\/el-municipio-de-parana-incorporo-nuevos-vehiculos-para-el-sistema-de-recoleccion-de-residuos\\\/#breadcrumb\",\"itemListElement\":[{\"@type\":\"ListItem\",\"position\":1,\"name\":\"Portada\",\"item\":\"https:\\\/\\\/informelitoral.com.ar\\\/\"},{\"@type\":\"ListItem\",\"position\":2,\"name\":\"El Municipio de Paran\u00e1 incorpor\u00f3 nuevos veh\u00edculos para el sistema de recolecci\u00f3n de residuos\"}]},{\"@type\":\"WebSite\",\"@id\":\"https:\\\/\\\/informelitoral.com.ar\\\/#website\",\"url\":\"https:\\\/\\\/informelitoral.com.ar\\\/\",\"name\":\"Informe Litoral\",\"description\":\"&quot;Nos informamos&quot; \",\"publisher\":{\"@id\":\"https:\\\/\\\/informelitoral.com.ar\\\/#organization\"},\"potentialAction\":[{\"@type\":\"SearchAction\",\"target\":{\"@type\":\"EntryPoint\",\"urlTemplate\":\"https:\\\/\\\/informelitoral.com.ar\\\/?s={search_term_string}\"},\"query-input\":{\"@type\":\"PropertyValueSpecification\",\"valueRequired\":true,\"valueName\":\"search_term_string\"}}],\"inLanguage\":\"es\"},{\"@type\":\"Organization\",\"@id\":\"https:\\\/\\\/informelitoral.com.ar\\\/#organization\",\"name\":\"Informe Litoral\",\"url\":\"https:\\\/\\\/informelitoral.com.ar\\\/\",\"logo\":{\"@type\":\"ImageObject\",\"inLanguage\":\"es\",\"@id\":\"https:\\\/\\\/informelitoral.com.ar\\\/#\\\/schema\\\/logo\\\/image\\\/\",\"url\":\"https:\\\/\\\/informelitoral.com.ar\\\/%77%70%2d%63%6f%6e%74%65%6e%74\\\/uploads\\\/2021\\\/01\\\/circulo.png\",\"contentUrl\":\"https:\\\/\\\/informelitoral.com.ar\\\/%77%70%2d%63%6f%6e%74%65%6e%74\\\/uploads\\\/2021\\\/01\\\/circulo.png\",\"width\":723,\"height\":731,\"caption\":\"Informe Litoral\"},\"image\":{\"@id\":\"https:\\\/\\\/informelitoral.com.ar\\\/#\\\/schema\\\/logo\\\/image\\\/\"},\"sameAs\":[\"https:\\\/\\\/www.facebook.com\\\/informelitoral\\\/\",\"https:\\\/\\\/x.com\\\/InformeLitoral\",\"https:\\\/\\\/www.instagram.com\\\/informelitoral\\\/\",\"https:\\\/\\\/www.youtube.com\\\/channel\\\/UCua4Qvz8Icb6MYqhoq9xLXw\"]},{\"@type\":\"Person\",\"@id\":\"https:\\\/\\\/informelitoral.com.ar\\\/#\\\/schema\\\/person\\\/f05f9f461677119578717524b127d6d5\",\"name\":\"Sebastian\",\"image\":{\"@type\":\"ImageObject\",\"inLanguage\":\"es\",\"@id\":\"https:\\\/\\\/secure.gravatar.com\\\/avatar\\\/b71bf7481d447dfb9583c7f2798e7cc64de6efb9067b74633ed8c31059a3bd82?s=96&d=mm&r=g\",\"url\":\"https:\\\/\\\/secure.gravatar.com\\\/avatar\\\/b71bf7481d447dfb9583c7f2798e7cc64de6efb9067b74633ed8c31059a3bd82?s=96&d=mm&r=g\",\"contentUrl\":\"https:\\\/\\\/secure.gravatar.com\\\/avatar\\\/b71bf7481d447dfb9583c7f2798e7cc64de6efb9067b74633ed8c31059a3bd82?s=96&d=mm&r=g\",\"caption\":\"Sebastian\"},\"url\":\"https:\\\/\\\/informelitoral.com.ar\\\/author\\\/sebastian\\\/\"}]}<\/script>","yoast_head_json":{"title":"El Municipio de Paran\u00e1 incorpor\u00f3 nuevos veh\u00edculos para el sistema de recolecci\u00f3n de residuos - Informe Litoral","robots":{"index":"index","follow":"follow","max-snippet":"max-snippet:-1","max-image-preview":"max-image-preview:large","max-video-preview":"max-video-preview:-1"},"canonical":"https:\/\/informelitoral.com.ar\/el-municipio-de-parana-incorporo-nuevos-vehiculos-para-el-sistema-de-recoleccion-de-residuos\/","og_locale":"es_ES","og_type":"article","og_title":"El Municipio de Paran\u00e1 incorpor\u00f3 nuevos veh\u00edculos para el sistema de recolecci\u00f3n de residuos - Informe Litoral","og_description":"La intendenta Rosario Romero present\u00f3 camiones contenedores, volcadores, limpiadores y los 500 nuevos contenedores de residuos para la prestaci\u00f3n del servicio de recolecci\u00f3n de residuos. Adem\u00e1s, junto al secretario de Servicios P\u00fablicos, Juli\u00e1n Hirschfeld, anunci\u00f3 el inicio del nuevo esquema de recolecci\u00f3n nocturno de residuos en la zona centro de la ciudad.","og_url":"https:\/\/informelitoral.com.ar\/el-municipio-de-parana-incorporo-nuevos-vehiculos-para-el-sistema-de-recoleccion-de-residuos\/","og_site_name":"Informe Litoral","article_publisher":"https:\/\/www.facebook.com\/informelitoral\/","article_published_time":"2025-03-11T13:21:05+00:00","article_modified_time":"2025-03-11T13:22:43+00:00","og_image":[{"width":760,"height":427,"url":"https:\/\/informelitoral.com.ar\/%77%70%2d%63%6f%6e%74%65%6e%74\/uploads\/2025\/03\/5663688f0a69b53902bea135ccfd196d.jpg","type":"image\/jpeg"}],"author":"Sebastian","twitter_card":"summary_large_image","twitter_creator":"@InformeLitoral","twitter_site":"@InformeLitoral","twitter_misc":{"Escrito por":"Sebastian","Tiempo de lectura":"3 minutos"},"schema":{"@context":"https:\/\/schema.org","@graph":[{"@type":"Article","@id":"https:\/\/informelitoral.com.ar\/el-municipio-de-parana-incorporo-nuevos-vehiculos-para-el-sistema-de-recoleccion-de-residuos\/#article","isPartOf":{"@id":"https:\/\/informelitoral.com.ar\/el-municipio-de-parana-incorporo-nuevos-vehiculos-para-el-sistema-de-recoleccion-de-residuos\/"},"author":{"name":"Sebastian","@id":"https:\/\/informelitoral.com.ar\/#\/schema\/person\/f05f9f461677119578717524b127d6d5"},"headline":"El Municipio de Paran\u00e1 incorpor\u00f3 nuevos veh\u00edculos para el sistema de recolecci\u00f3n de residuos","datePublished":"2025-03-11T13:21:05+00:00","dateModified":"2025-03-11T13:22:43+00:00","mainEntityOfPage":{"@id":"https:\/\/informelitoral.com.ar\/el-municipio-de-parana-incorporo-nuevos-vehiculos-para-el-sistema-de-recoleccion-de-residuos\/"},"wordCount":532,"commentCount":0,"publisher":{"@id":"https:\/\/informelitoral.com.ar\/#organization"},"image":{"@id":"https:\/\/informelitoral.com.ar\/el-municipio-de-parana-incorporo-nuevos-vehiculos-para-el-sistema-de-recoleccion-de-residuos\/#primaryimage"},"thumbnailUrl":"https:\/\/informelitoral.com.ar\/%77%70%2d%63%6f%6e%74%65%6e%74\/uploads\/2025\/03\/5663688f0a69b53902bea135ccfd196d.jpg","keywords":["Municipalidad de Paran\u00e1","Recolecci\u00f3n de Residuos","Veh\u00edculo"],"articleSection":["Paran\u00e1"],"inLanguage":"es","potentialAction":[{"@type":"CommentAction","name":"Comment","target":["https:\/\/informelitoral.com.ar\/el-municipio-de-parana-incorporo-nuevos-vehiculos-para-el-sistema-de-recoleccion-de-residuos\/#respond"]}]},{"@type":"WebPage","@id":"https:\/\/informelitoral.com.ar\/el-municipio-de-parana-incorporo-nuevos-vehiculos-para-el-sistema-de-recoleccion-de-residuos\/","url":"https:\/\/informelitoral.com.ar\/el-municipio-de-parana-incorporo-nuevos-vehiculos-para-el-sistema-de-recoleccion-de-residuos\/","name":"El Municipio de Paran\u00e1 incorpor\u00f3 nuevos veh\u00edculos para el sistema de recolecci\u00f3n de residuos - Informe Litoral","isPartOf":{"@id":"https:\/\/informelitoral.com.ar\/#website"},"primaryImageOfPage":{"@id":"https:\/\/informelitoral.com.ar\/el-municipio-de-parana-incorporo-nuevos-vehiculos-para-el-sistema-de-recoleccion-de-residuos\/#primaryimage"},"image":{"@id":"https:\/\/informelitoral.com.ar\/el-municipio-de-parana-incorporo-nuevos-vehiculos-para-el-sistema-de-recoleccion-de-residuos\/#primaryimage"},"thumbnailUrl":"https:\/\/informelitoral.com.ar\/%77%70%2d%63%6f%6e%74%65%6e%74\/uploads\/2025\/03\/5663688f0a69b53902bea135ccfd196d.jpg","datePublished":"2025-03-11T13:21:05+00:00","dateModified":"2025-03-11T13:22:43+00:00","breadcrumb":{"@id":"https:\/\/informelitoral.com.ar\/el-municipio-de-parana-incorporo-nuevos-vehiculos-para-el-sistema-de-recoleccion-de-residuos\/#breadcrumb"},"inLanguage":"es","potentialAction":[{"@type":"ReadAction","target":["https:\/\/informelitoral.com.ar\/el-municipio-de-parana-incorporo-nuevos-vehiculos-para-el-sistema-de-recoleccion-de-residuos\/"]}]},{"@type":"ImageObject","inLanguage":"es","@id":"https:\/\/informelitoral.com.ar\/el-municipio-de-parana-incorporo-nuevos-vehiculos-para-el-sistema-de-recoleccion-de-residuos\/#primaryimage","url":"https:\/\/informelitoral.com.ar\/%77%70%2d%63%6f%6e%74%65%6e%74\/uploads\/2025\/03\/5663688f0a69b53902bea135ccfd196d.jpg","contentUrl":"https:\/\/informelitoral.com.ar\/%77%70%2d%63%6f%6e%74%65%6e%74\/uploads\/2025\/03\/5663688f0a69b53902bea135ccfd196d.jpg","width":760,"height":427},{"@type":"BreadcrumbList","@id":"https:\/\/informelitoral.com.ar\/el-municipio-de-parana-incorporo-nuevos-vehiculos-para-el-sistema-de-recoleccion-de-residuos\/#breadcrumb","itemListElement":[{"@type":"ListItem","position":1,"name":"Portada","item":"https:\/\/informelitoral.com.ar\/"},{"@type":"ListItem","position":2,"name":"El Municipio de Paran\u00e1 incorpor\u00f3 nuevos veh\u00edculos para el sistema de recolecci\u00f3n de residuos"}]},{"@type":"WebSite","@id":"https:\/\/informelitoral.com.ar\/#website","url":"https:\/\/informelitoral.com.ar\/","name":"Informe Litoral","description":"&quot;Nos informamos&quot; ","publisher":{"@id":"https:\/\/informelitoral.com.ar\/#organization"},"potentialAction":[{"@type":"SearchAction","target":{"@type":"EntryPoint","urlTemplate":"https:\/\/informelitoral.com.ar\/?s={search_term_string}"},"query-input":{"@type":"PropertyValueSpecification","valueRequired":true,"valueName":"search_term_string"}}],"inLanguage":"es"},{"@type":"Organization","@id":"https:\/\/informelitoral.com.ar\/#organization","name":"Informe Litoral","url":"https:\/\/informelitoral.com.ar\/","logo":{"@type":"ImageObject","inLanguage":"es","@id":"https:\/\/informelitoral.com.ar\/#\/schema\/logo\/image\/","url":"https:\/\/informelitoral.com.ar\/%77%70%2d%63%6f%6e%74%65%6e%74\/uploads\/2021\/01\/circulo.png","contentUrl":"https:\/\/informelitoral.com.ar\/%77%70%2d%63%6f%6e%74%65%6e%74\/uploads\/2021\/01\/circulo.png","width":723,"height":731,"caption":"Informe Litoral"},"image":{"@id":"https:\/\/informelitoral.com.ar\/#\/schema\/logo\/image\/"},"sameAs":["https:\/\/www.facebook.com\/informelitoral\/","https:\/\/x.com\/InformeLitoral","https:\/\/www.instagram.com\/informelitoral\/","https:\/\/www.youtube.com\/channel\/UCua4Qvz8Icb6MYqhoq9xLXw"]},{"@type":"Person","@id":"https:\/\/informelitoral.com.ar\/#\/schema\/person\/f05f9f461677119578717524b127d6d5","name":"Sebastian","image":{"@type":"ImageObject","inLanguage":"es","@id":"https:\/\/secure.gravatar.com\/avatar\/b71bf7481d447dfb9583c7f2798e7cc64de6efb9067b74633ed8c31059a3bd82?s=96&d=mm&r=g","url":"https:\/\/secure.gravatar.com\/avatar\/b71bf7481d447dfb9583c7f2798e7cc64de6efb9067b74633ed8c31059a3bd82?s=96&d=mm&r=g","contentUrl":"https:\/\/secure.gravatar.com\/avatar\/b71bf7481d447dfb9583c7f2798e7cc64de6efb9067b74633ed8c31059a3bd82?s=96&d=mm&r=g","caption":"Sebastian"},"url":"https:\/\/informelitoral.com.ar\/author\/sebastian\/"}]}},"_links":{"self":[{"href":"https:\/\/informelitoral.com.ar\/%77%70%2d%6a%73%6f%6e\/wp\/v2\/posts\/214388","targetHints":{"allow":["GET"]}}],"collection":[{"href":"https:\/\/informelitoral.com.ar\/%77%70%2d%6a%73%6f%6e\/wp\/v2\/posts"}],"about":[{"href":"https:\/\/informelitoral.com.ar\/%77%70%2d%6a%73%6f%6e\/wp\/v2\/types\/post"}],"author":[{"embeddable":true,"href":"https:\/\/informelitoral.com.ar\/%77%70%2d%6a%73%6f%6e\/wp\/v2\/users\/8"}],"replies":[{"embeddable":true,"href":"https:\/\/informelitoral.com.ar\/%77%70%2d%6a%73%6f%6e\/wp\/v2\/comments?post=214388"}],"version-history":[{"count":0,"href":"https:\/\/informelitoral.com.ar\/%77%70%2d%6a%73%6f%6e\/wp\/v2\/posts\/214388\/revisions"}],"wp:featuredmedia":[{"embeddable":true,"href":"https:\/\/informelitoral.com.ar\/%77%70%2d%6a%73%6f%6e\/wp\/v2\/media\/214389"}],"wp:attachment":[{"href":"https:\/\/informelitoral.com.ar\/%77%70%2d%6a%73%6f%6e\/wp\/v2\/media?parent=214388"}],"wp:term":[{"taxonomy":"category","embeddable":true,"href":"https:\/\/informelitoral.com.ar\/%77%70%2d%6a%73%6f%6e\/wp\/v2\/categories?post=214388"},{"taxonomy":"post_tag","embeddable":true,"href":"https:\/\/informelitoral.com.ar\/%77%70%2d%6a%73%6f%6e\/wp\/v2\/tags?post=214388"}],"curies":[{"name":"wp","href":"https:\/\/api.w.org\/{rel}","templated":true}]}}