{"id":214350,"date":"2025-03-11T09:14:55","date_gmt":"2025-03-11T12:14:55","guid":{"rendered":"https:\/\/informelitoral.com.ar\/?p=214350"},"modified":"2025-03-11T09:20:22","modified_gmt":"2025-03-11T12:20:22","slug":"expoagro-2025-comenzo-la-mayor-feria-agroindustrial-de-argentina","status":"publish","type":"post","link":"https:\/\/informelitoral.com.ar\/expoagro-2025-comenzo-la-mayor-feria-agroindustrial-de-argentina\/","title":{"rendered":"Expoagro 2025: comenz\u00f3 la mayor feria agroindustrial de Argentina"},"content":{"rendered":"<p><strong>Expoagro 2025<\/strong>, la feria agroindustrial m\u00e1s importante de Argentina, se llevar\u00e1 a cabo del 11 al 14 de marzo en el predio ferial y aut\u00f3dromo de San Nicol\u00e1s, Buenos Aires. Durante cuatro d\u00edas, productores, empresarios y profesionales del sector agropecuario se reunir\u00e1n para conocer las \u00faltimas innovaciones tecnol\u00f3gicas, establecer v\u00ednculos comerciales y participar en actividades de capacitaci\u00f3n.<\/p>\n<p>Este a\u00f1o, la muestra promete superar las expectativas con el lanzamiento de nuevas tecnolog\u00edas, productos agropecuarios mejorados y oportunidades de financiamiento clave para el crecimiento del sector.<\/p>\n<p>Diego Abdo, Gerente de Comunicaci\u00f3n de Exponenciar -la empresa que organiza el evento- aseguro en di\u00e1logo con \u00c1mbito que \u201ceste a\u00f1o tenemos ciertas particularidades, como siempre, que hacen que la exposici\u00f3n sea distinta a las anteriores, con m\u00e1s de 600 empresas participantes, 13 bancos entre p\u00fablicos y privados, con buenas opciones crediticias y financieras\u201d y agreg\u00f3 que \u201clas empresas ponen todas sus fuerzas para llevar sus lanzamientos\u201d.<\/p>\n<p><strong>Innovaciones tecnol\u00f3gicas<\/strong><\/p>\n<p>La edici\u00f3n de este a\u00f1o se destaca por la presentaci\u00f3n de soluciones tecnol\u00f3gicas avanzadas que buscan mejorar la eficiencia y sostenibilidad en el agro argentino. Empresas l\u00edderes del sector aprovechar\u00e1n la feria para lanzar productos y servicios innovadores que transformar\u00e1n las pr\u00e1cticas agr\u00edcolas tradicionales.<\/p>\n<p>Nidera presentar\u00e1 una nueva l\u00ednea de semillas de ma\u00edz y soja, con mejoras en resistencia a enfermedades y mayor adaptabilidad a distintas condiciones clim\u00e1ticas. Estas innovaciones buscan potenciar los rendimientos y brindar estabilidad a los productores frente a los desaf\u00edos productivos del pa\u00eds.<\/p>\n<p>Por su parte, NK Semillas mostrar\u00e1 su evoluci\u00f3n en h\u00edbridos de girasol y sorgo, con gen\u00e9tica mejorada para tolerar condiciones de estr\u00e9s h\u00eddrico y optimizar el potencial de rendimiento en diversas zonas agroecol\u00f3gicas.<\/p>\n<p>En tanto, Santiago Felizia, gerente de ventas de Supra Semillas, detall\u00f3 en di\u00e1logo con \u00c1mbitos que \u201cmuy pronto habr\u00e1 lanzamientos y comenzar\u00e1n las reuniones con la red de distribuci\u00f3n para presentar nuevas opciones a los productores. Estamos frente a un a\u00f1o con muchas oportunidades, porque vamos a tener una cosecha relativamente buena y con una macro mucho m\u00e1s estabilizada\u201d.<\/p>\n<p>En el sector de maquinaria agr\u00edcola, New Holland har\u00e1 un lanzamiento clave con su nueva serie de cosechadoras equipadas con tecnolog\u00eda de automatizaci\u00f3n, dise\u00f1adas para maximizar la eficiencia en la recolecci\u00f3n y reducir costos operativos. Tambi\u00e9n se exhibir\u00e1 la \u00faltima generaci\u00f3n de tractores de alta potencia, preparados para enfrentar los desaf\u00edos del campo moderno.<\/p>\n<p>En tanto, John Deere presentar\u00e1 su ecosistema interconectado de soluciones inteligentes, que ofrece a los productores herramientas digitales de vanguardia para la toma de decisiones informadas, optimizando recursos y reduciendo el impacto ambiental. Adem\u00e1s, la empresa realizar\u00e1 un lanzamiento exclusivo para Latinoam\u00e9rica, reafirmando su compromiso con la innovaci\u00f3n en el sector.<\/p>\n<p>Justamente en el mundo de las maquinarias habr\u00e1 mucho para ver. Seg\u00fan Abdo, \u201cel Tecn\u00f3dromo, que es un espacio donde las m\u00e1quinas est\u00e1n en movimiento, tendr\u00e1 m\u00e1s de 30 equipos que van a presentar alguna innovaci\u00f3n vinculada con tecnolog\u00eda. Nunca hab\u00eda pasado que 30 empresas quisieran estar ah\u00ed y eso habla de las ganas de mostrar lo que est\u00e1n haciendo\u201d.<\/p>\n<p>El ecosistema AgTech tendr\u00e1 un espacio destacado con startups y desarrolladores de tecnolog\u00eda aplicada al agro, que exhibir\u00e1n drones para monitoreo de cultivos, estaciones meteorol\u00f3gicas inteligentes y plataformas de gesti\u00f3n agr\u00edcola basadas en inteligencia artificial. Empresas emergentes como DeepAgro y Kilimo mostrar\u00e1n sus soluciones para la optimizaci\u00f3n del riego y el control de malezas mediante visi\u00f3n artificial.<\/p>\n<p><strong>Oportunidades de negocio y financiamiento<\/strong><\/p>\n<p>Expoagro 2025 no solo es un espacio para la exhibici\u00f3n de tecnolog\u00edas, sino tambi\u00e9n una plataforma para cerrar negocios y acceder a oportunidades de financiamiento.<\/p>\n<p>El Banco Provincia, principal sponsor de la feria, lanzar\u00e1 nuevas promociones en d\u00f3lares a trav\u00e9s de Procampo Digital, una plataforma que permite a los productores adquirir insumos y maquinaria desde su homebanking. Adem\u00e1s, ofrecer\u00e1 cr\u00e9ditos en pesos y d\u00f3lares con tasas competitivas, facilitando la inversi\u00f3n en tecnolog\u00eda y maquinaria agr\u00edcola.<\/p>\n<p>Otras entidades financieras, tanto p\u00fablicas como privadas, tambi\u00e9n participar\u00e1n en la feria, ofreciendo l\u00edneas de cr\u00e9dito especiales para la compra de maquinaria, insumos y tecnolog\u00eda aplicada al agro. Al referirse a este punto, Abdo se\u00f1al\u00f3 a\u00a0<strong>\u00c1mbito<\/strong>\u00a0que \u201cesta intenci\u00f3n de salir a la cancha con todo, de trabajar con los bancos es fundamental para ir con buenas tasas, con posibilidades financieras distintas. Creo que hay una apertura hacia ese camino tambi\u00e9n de la econom\u00eda\u201d.<\/p>\n<p>En cuanto al an\u00e1lisis del contexto econ\u00f3mico, vale destacar que durante la feria se desarrollar\u00e1 el Foro Econ\u00f3mico en el Anfiteatro SPS, con la presencia de economistas especializados en el sector agropecuario. Uno de los principales expositores ser\u00e1 David Miazzo, quien brindar\u00e1 la charla \u00abEconom\u00eda y Agro: \u00bfQu\u00e9 podemos proyectar para este 2025?\u00bb, donde analizar\u00e1 el contexto actual y las perspectivas para el sector.<\/p>\n<p><strong>Remates de hacienda y negocios ganaderos<\/strong><\/p>\n<p>La ganader\u00eda tendr\u00e1 un papel protag\u00f3nico en Expoagro 2025, con un r\u00e9cord de remates de hacienda que se desarrollar\u00e1n en la Carpa de Remates IPCVA. Desde el lunes 10 hasta el s\u00e1bado 15 de marzo, se llevar\u00e1n a cabo subastas de distintas categor\u00edas de ganado, con la participaci\u00f3n de ocho casas consignatarias.<\/p>\n<p>Estas actividades representan una oportunidad \u00fanica para adquirir o vender hacienda en condiciones competitivas, fortaleciendo el mercado y promoviendo el crecimiento del sector ganadero. Tambi\u00e9n habr\u00e1 espacios dedicados a la mejora gen\u00e9tica y el desarrollo de nuevas razas adaptadas a distintos sistemas productivos, con charlas y exhibiciones organizadas por el Instituto de Promoci\u00f3n de la Carne Vacuna Argentina (IPCVA).<\/p>\n<p><strong>\u00bfMilei visitar\u00e1 la muestra ?<\/strong><\/p>\n<p>Si bien la exposici\u00f3n esta directamente relacionada a la generaci\u00f3n de negocios y facilitar el intercambio comercial, todas las miradas est\u00e1n puestas en la presencia de los funcionarios de alto rango del oficialismo. Al ser consultado sobre este tema y sobre la participaci\u00f3n del presidente\u00a0<strong>Javier Milei,<\/strong>\u00a0Abdo se\u00f1al\u00f3 a\u00a0<strong>\u00c1mbito<\/strong>\u00a0que \u00abest\u00e1n todos invitados, siempre respondemos lo mismo, pero hasta que en las agendas no se clarifiquen no lo sabemos. Est\u00e1 invitado obviamente el presidente, lo hizo en su momento Mart\u00edn Schwartzman, que es nuestro CEO cuando se reuni\u00f3 con Guillermo Francos. Esta todo el mundo invitado, desde el presidente hasta los ministros, los gobernadores de todo el pa\u00eds y realmente esperamos que vengan porque ademas es un a\u00f1o electoral, entonces tiene la particularidad de que los funcionarios y pol\u00edticos pueden presentar sus propuestas. Nosotros estamos abiertos a todos, queremos que el debate se haga y queremos que sea en Expoagro\u201d.<\/p>\n","protected":false},"excerpt":{"rendered":"<p>Expoagro 2025 re\u00fane a l\u00edderes del agro argentino con innovaciones tecnol\u00f3gicas y oportunidades de negocio, consolid\u00e1ndose como la cita ineludible para el sector.<\/p>\n","protected":false},"author":8,"featured_media":214351,"comment_status":"open","ping_status":"open","sticky":false,"template":"","format":"standard","meta":{"fifu_image_url":"","fifu_image_alt":"","footnotes":""},"categories":[10],"tags":[274,3213,659],"class_list":{"0":"post-214350","1":"post","2":"type-post","3":"status-publish","4":"format-standard","5":"has-post-thumbnail","7":"category-campo","8":"tag-agroindustria","9":"tag-expoagro","10":"tag-feria"},"yoast_head":"<title>Expoagro 2025: comenz\u00f3 la mayor feria agroindustrial de Argentina - Informe Litoral<\/title>\n<meta name=\"robots\" content=\"index, follow, max-snippet:-1, max-image-preview:large, max-video-preview:-1\" \/>\n<link rel=\"canonical\" href=\"https:\/\/informelitoral.com.ar\/expoagro-2025-comenzo-la-mayor-feria-agroindustrial-de-argentina\/\" \/>\n<meta property=\"og:locale\" content=\"es_ES\" \/>\n<meta property=\"og:type\" content=\"article\" \/>\n<meta property=\"og:title\" content=\"Expoagro 2025: comenz\u00f3 la mayor feria agroindustrial de Argentina - Informe Litoral\" \/>\n<meta property=\"og:description\" content=\"Expoagro 2025 re\u00fane a l\u00edderes del agro argentino con innovaciones tecnol\u00f3gicas y oportunidades de negocio, consolid\u00e1ndose como la cita ineludible para el sector.\" \/>\n<meta property=\"og:url\" content=\"https:\/\/informelitoral.com.ar\/expoagro-2025-comenzo-la-mayor-feria-agroindustrial-de-argentina\/\" \/>\n<meta property=\"og:site_name\" content=\"Informe Litoral\" \/>\n<meta property=\"article:publisher\" content=\"https:\/\/www.facebook.com\/informelitoral\/\" \/>\n<meta property=\"article:published_time\" content=\"2025-03-11T12:14:55+00:00\" \/>\n<meta property=\"article:modified_time\" content=\"2025-03-11T12:20:22+00:00\" \/>\n<meta property=\"og:image\" content=\"https:\/\/informelitoral.com.ar\/%77%70%2d%63%6f%6e%74%65%6e%74\/uploads\/2025\/03\/expoagro_2020_edicion_ypf_agrojpg.webp\" \/>\n\t<meta property=\"og:image:width\" content=\"655\" \/>\n\t<meta property=\"og:image:height\" content=\"368\" \/>\n\t<meta property=\"og:image:type\" content=\"image\/webp\" \/>\n<meta name=\"author\" content=\"Sebastian\" \/>\n<meta name=\"twitter:card\" content=\"summary_large_image\" \/>\n<meta name=\"twitter:creator\" content=\"@InformeLitoral\" \/>\n<meta name=\"twitter:site\" content=\"@InformeLitoral\" \/>\n<meta name=\"twitter:label1\" content=\"Escrito por\" \/>\n\t<meta name=\"twitter:data1\" content=\"Sebastian\" \/>\n\t<meta name=\"twitter:label2\" content=\"Tiempo de lectura\" \/>\n\t<meta name=\"twitter:data2\" content=\"6 minutos\" \/>\n<script type=\"application\/ld+json\" class=\"yoast-schema-graph\">{\"@context\":\"https:\\\/\\\/schema.org\",\"@graph\":[{\"@type\":\"Article\",\"@id\":\"https:\\\/\\\/informelitoral.com.ar\\\/expoagro-2025-comenzo-la-mayor-feria-agroindustrial-de-argentina\\\/#article\",\"isPartOf\":{\"@id\":\"https:\\\/\\\/informelitoral.com.ar\\\/expoagro-2025-comenzo-la-mayor-feria-agroindustrial-de-argentina\\\/\"},\"author\":{\"name\":\"Sebastian\",\"@id\":\"https:\\\/\\\/informelitoral.com.ar\\\/#\\\/schema\\\/person\\\/f05f9f461677119578717524b127d6d5\"},\"headline\":\"Expoagro 2025: comenz\u00f3 la mayor feria agroindustrial de Argentina\",\"datePublished\":\"2025-03-11T12:14:55+00:00\",\"dateModified\":\"2025-03-11T12:20:22+00:00\",\"mainEntityOfPage\":{\"@id\":\"https:\\\/\\\/informelitoral.com.ar\\\/expoagro-2025-comenzo-la-mayor-feria-agroindustrial-de-argentina\\\/\"},\"wordCount\":1158,\"commentCount\":0,\"publisher\":{\"@id\":\"https:\\\/\\\/informelitoral.com.ar\\\/#organization\"},\"image\":{\"@id\":\"https:\\\/\\\/informelitoral.com.ar\\\/expoagro-2025-comenzo-la-mayor-feria-agroindustrial-de-argentina\\\/#primaryimage\"},\"thumbnailUrl\":\"https:\\\/\\\/informelitoral.com.ar\\\/%77%70%2d%63%6f%6e%74%65%6e%74\\\/uploads\\\/2025\\\/03\\\/expoagro_2020_edicion_ypf_agrojpg.webp\",\"keywords\":[\"Agroindustria\",\"Expoagro\",\"Feria\"],\"articleSection\":[\"Campo\"],\"inLanguage\":\"es\",\"potentialAction\":[{\"@type\":\"CommentAction\",\"name\":\"Comment\",\"target\":[\"https:\\\/\\\/informelitoral.com.ar\\\/expoagro-2025-comenzo-la-mayor-feria-agroindustrial-de-argentina\\\/#respond\"]}]},{\"@type\":\"WebPage\",\"@id\":\"https:\\\/\\\/informelitoral.com.ar\\\/expoagro-2025-comenzo-la-mayor-feria-agroindustrial-de-argentina\\\/\",\"url\":\"https:\\\/\\\/informelitoral.com.ar\\\/expoagro-2025-comenzo-la-mayor-feria-agroindustrial-de-argentina\\\/\",\"name\":\"Expoagro 2025: comenz\u00f3 la mayor feria agroindustrial de Argentina - Informe Litoral\",\"isPartOf\":{\"@id\":\"https:\\\/\\\/informelitoral.com.ar\\\/#website\"},\"primaryImageOfPage\":{\"@id\":\"https:\\\/\\\/informelitoral.com.ar\\\/expoagro-2025-comenzo-la-mayor-feria-agroindustrial-de-argentina\\\/#primaryimage\"},\"image\":{\"@id\":\"https:\\\/\\\/informelitoral.com.ar\\\/expoagro-2025-comenzo-la-mayor-feria-agroindustrial-de-argentina\\\/#primaryimage\"},\"thumbnailUrl\":\"https:\\\/\\\/informelitoral.com.ar\\\/%77%70%2d%63%6f%6e%74%65%6e%74\\\/uploads\\\/2025\\\/03\\\/expoagro_2020_edicion_ypf_agrojpg.webp\",\"datePublished\":\"2025-03-11T12:14:55+00:00\",\"dateModified\":\"2025-03-11T12:20:22+00:00\",\"breadcrumb\":{\"@id\":\"https:\\\/\\\/informelitoral.com.ar\\\/expoagro-2025-comenzo-la-mayor-feria-agroindustrial-de-argentina\\\/#breadcrumb\"},\"inLanguage\":\"es\",\"potentialAction\":[{\"@type\":\"ReadAction\",\"target\":[\"https:\\\/\\\/informelitoral.com.ar\\\/expoagro-2025-comenzo-la-mayor-feria-agroindustrial-de-argentina\\\/\"]}]},{\"@type\":\"ImageObject\",\"inLanguage\":\"es\",\"@id\":\"https:\\\/\\\/informelitoral.com.ar\\\/expoagro-2025-comenzo-la-mayor-feria-agroindustrial-de-argentina\\\/#primaryimage\",\"url\":\"https:\\\/\\\/informelitoral.com.ar\\\/%77%70%2d%63%6f%6e%74%65%6e%74\\\/uploads\\\/2025\\\/03\\\/expoagro_2020_edicion_ypf_agrojpg.webp\",\"contentUrl\":\"https:\\\/\\\/informelitoral.com.ar\\\/%77%70%2d%63%6f%6e%74%65%6e%74\\\/uploads\\\/2025\\\/03\\\/expoagro_2020_edicion_ypf_agrojpg.webp\",\"width\":655,\"height\":368},{\"@type\":\"BreadcrumbList\",\"@id\":\"https:\\\/\\\/informelitoral.com.ar\\\/expoagro-2025-comenzo-la-mayor-feria-agroindustrial-de-argentina\\\/#breadcrumb\",\"itemListElement\":[{\"@type\":\"ListItem\",\"position\":1,\"name\":\"Portada\",\"item\":\"https:\\\/\\\/informelitoral.com.ar\\\/\"},{\"@type\":\"ListItem\",\"position\":2,\"name\":\"Expoagro 2025: comenz\u00f3 la mayor feria agroindustrial de Argentina\"}]},{\"@type\":\"WebSite\",\"@id\":\"https:\\\/\\\/informelitoral.com.ar\\\/#website\",\"url\":\"https:\\\/\\\/informelitoral.com.ar\\\/\",\"name\":\"Informe Litoral\",\"description\":\"&quot;Nos informamos&quot; \",\"publisher\":{\"@id\":\"https:\\\/\\\/informelitoral.com.ar\\\/#organization\"},\"potentialAction\":[{\"@type\":\"SearchAction\",\"target\":{\"@type\":\"EntryPoint\",\"urlTemplate\":\"https:\\\/\\\/informelitoral.com.ar\\\/?s={search_term_string}\"},\"query-input\":{\"@type\":\"PropertyValueSpecification\",\"valueRequired\":true,\"valueName\":\"search_term_string\"}}],\"inLanguage\":\"es\"},{\"@type\":\"Organization\",\"@id\":\"https:\\\/\\\/informelitoral.com.ar\\\/#organization\",\"name\":\"Informe Litoral\",\"url\":\"https:\\\/\\\/informelitoral.com.ar\\\/\",\"logo\":{\"@type\":\"ImageObject\",\"inLanguage\":\"es\",\"@id\":\"https:\\\/\\\/informelitoral.com.ar\\\/#\\\/schema\\\/logo\\\/image\\\/\",\"url\":\"https:\\\/\\\/informelitoral.com.ar\\\/%77%70%2d%63%6f%6e%74%65%6e%74\\\/uploads\\\/2021\\\/01\\\/circulo.png\",\"contentUrl\":\"https:\\\/\\\/informelitoral.com.ar\\\/%77%70%2d%63%6f%6e%74%65%6e%74\\\/uploads\\\/2021\\\/01\\\/circulo.png\",\"width\":723,\"height\":731,\"caption\":\"Informe Litoral\"},\"image\":{\"@id\":\"https:\\\/\\\/informelitoral.com.ar\\\/#\\\/schema\\\/logo\\\/image\\\/\"},\"sameAs\":[\"https:\\\/\\\/www.facebook.com\\\/informelitoral\\\/\",\"https:\\\/\\\/x.com\\\/InformeLitoral\",\"https:\\\/\\\/www.instagram.com\\\/informelitoral\\\/\",\"https:\\\/\\\/www.youtube.com\\\/channel\\\/UCua4Qvz8Icb6MYqhoq9xLXw\"]},{\"@type\":\"Person\",\"@id\":\"https:\\\/\\\/informelitoral.com.ar\\\/#\\\/schema\\\/person\\\/f05f9f461677119578717524b127d6d5\",\"name\":\"Sebastian\",\"image\":{\"@type\":\"ImageObject\",\"inLanguage\":\"es\",\"@id\":\"https:\\\/\\\/secure.gravatar.com\\\/avatar\\\/b71bf7481d447dfb9583c7f2798e7cc64de6efb9067b74633ed8c31059a3bd82?s=96&d=mm&r=g\",\"url\":\"https:\\\/\\\/secure.gravatar.com\\\/avatar\\\/b71bf7481d447dfb9583c7f2798e7cc64de6efb9067b74633ed8c31059a3bd82?s=96&d=mm&r=g\",\"contentUrl\":\"https:\\\/\\\/secure.gravatar.com\\\/avatar\\\/b71bf7481d447dfb9583c7f2798e7cc64de6efb9067b74633ed8c31059a3bd82?s=96&d=mm&r=g\",\"caption\":\"Sebastian\"},\"url\":\"https:\\\/\\\/informelitoral.com.ar\\\/author\\\/sebastian\\\/\"}]}<\/script>","yoast_head_json":{"title":"Expoagro 2025: comenz\u00f3 la mayor feria agroindustrial de Argentina - Informe Litoral","robots":{"index":"index","follow":"follow","max-snippet":"max-snippet:-1","max-image-preview":"max-image-preview:large","max-video-preview":"max-video-preview:-1"},"canonical":"https:\/\/informelitoral.com.ar\/expoagro-2025-comenzo-la-mayor-feria-agroindustrial-de-argentina\/","og_locale":"es_ES","og_type":"article","og_title":"Expoagro 2025: comenz\u00f3 la mayor feria agroindustrial de Argentina - Informe Litoral","og_description":"Expoagro 2025 re\u00fane a l\u00edderes del agro argentino con innovaciones tecnol\u00f3gicas y oportunidades de negocio, consolid\u00e1ndose como la cita ineludible para el sector.","og_url":"https:\/\/informelitoral.com.ar\/expoagro-2025-comenzo-la-mayor-feria-agroindustrial-de-argentina\/","og_site_name":"Informe Litoral","article_publisher":"https:\/\/www.facebook.com\/informelitoral\/","article_published_time":"2025-03-11T12:14:55+00:00","article_modified_time":"2025-03-11T12:20:22+00:00","og_image":[{"width":655,"height":368,"url":"https:\/\/informelitoral.com.ar\/%77%70%2d%63%6f%6e%74%65%6e%74\/uploads\/2025\/03\/expoagro_2020_edicion_ypf_agrojpg.webp","type":"image\/webp"}],"author":"Sebastian","twitter_card":"summary_large_image","twitter_creator":"@InformeLitoral","twitter_site":"@InformeLitoral","twitter_misc":{"Escrito por":"Sebastian","Tiempo de lectura":"6 minutos"},"schema":{"@context":"https:\/\/schema.org","@graph":[{"@type":"Article","@id":"https:\/\/informelitoral.com.ar\/expoagro-2025-comenzo-la-mayor-feria-agroindustrial-de-argentina\/#article","isPartOf":{"@id":"https:\/\/informelitoral.com.ar\/expoagro-2025-comenzo-la-mayor-feria-agroindustrial-de-argentina\/"},"author":{"name":"Sebastian","@id":"https:\/\/informelitoral.com.ar\/#\/schema\/person\/f05f9f461677119578717524b127d6d5"},"headline":"Expoagro 2025: comenz\u00f3 la mayor feria agroindustrial de Argentina","datePublished":"2025-03-11T12:14:55+00:00","dateModified":"2025-03-11T12:20:22+00:00","mainEntityOfPage":{"@id":"https:\/\/informelitoral.com.ar\/expoagro-2025-comenzo-la-mayor-feria-agroindustrial-de-argentina\/"},"wordCount":1158,"commentCount":0,"publisher":{"@id":"https:\/\/informelitoral.com.ar\/#organization"},"image":{"@id":"https:\/\/informelitoral.com.ar\/expoagro-2025-comenzo-la-mayor-feria-agroindustrial-de-argentina\/#primaryimage"},"thumbnailUrl":"https:\/\/informelitoral.com.ar\/%77%70%2d%63%6f%6e%74%65%6e%74\/uploads\/2025\/03\/expoagro_2020_edicion_ypf_agrojpg.webp","keywords":["Agroindustria","Expoagro","Feria"],"articleSection":["Campo"],"inLanguage":"es","potentialAction":[{"@type":"CommentAction","name":"Comment","target":["https:\/\/informelitoral.com.ar\/expoagro-2025-comenzo-la-mayor-feria-agroindustrial-de-argentina\/#respond"]}]},{"@type":"WebPage","@id":"https:\/\/informelitoral.com.ar\/expoagro-2025-comenzo-la-mayor-feria-agroindustrial-de-argentina\/","url":"https:\/\/informelitoral.com.ar\/expoagro-2025-comenzo-la-mayor-feria-agroindustrial-de-argentina\/","name":"Expoagro 2025: comenz\u00f3 la mayor feria agroindustrial de Argentina - Informe Litoral","isPartOf":{"@id":"https:\/\/informelitoral.com.ar\/#website"},"primaryImageOfPage":{"@id":"https:\/\/informelitoral.com.ar\/expoagro-2025-comenzo-la-mayor-feria-agroindustrial-de-argentina\/#primaryimage"},"image":{"@id":"https:\/\/informelitoral.com.ar\/expoagro-2025-comenzo-la-mayor-feria-agroindustrial-de-argentina\/#primaryimage"},"thumbnailUrl":"https:\/\/informelitoral.com.ar\/%77%70%2d%63%6f%6e%74%65%6e%74\/uploads\/2025\/03\/expoagro_2020_edicion_ypf_agrojpg.webp","datePublished":"2025-03-11T12:14:55+00:00","dateModified":"2025-03-11T12:20:22+00:00","breadcrumb":{"@id":"https:\/\/informelitoral.com.ar\/expoagro-2025-comenzo-la-mayor-feria-agroindustrial-de-argentina\/#breadcrumb"},"inLanguage":"es","potentialAction":[{"@type":"ReadAction","target":["https:\/\/informelitoral.com.ar\/expoagro-2025-comenzo-la-mayor-feria-agroindustrial-de-argentina\/"]}]},{"@type":"ImageObject","inLanguage":"es","@id":"https:\/\/informelitoral.com.ar\/expoagro-2025-comenzo-la-mayor-feria-agroindustrial-de-argentina\/#primaryimage","url":"https:\/\/informelitoral.com.ar\/%77%70%2d%63%6f%6e%74%65%6e%74\/uploads\/2025\/03\/expoagro_2020_edicion_ypf_agrojpg.webp","contentUrl":"https:\/\/informelitoral.com.ar\/%77%70%2d%63%6f%6e%74%65%6e%74\/uploads\/2025\/03\/expoagro_2020_edicion_ypf_agrojpg.webp","width":655,"height":368},{"@type":"BreadcrumbList","@id":"https:\/\/informelitoral.com.ar\/expoagro-2025-comenzo-la-mayor-feria-agroindustrial-de-argentina\/#breadcrumb","itemListElement":[{"@type":"ListItem","position":1,"name":"Portada","item":"https:\/\/informelitoral.com.ar\/"},{"@type":"ListItem","position":2,"name":"Expoagro 2025: comenz\u00f3 la mayor feria agroindustrial de Argentina"}]},{"@type":"WebSite","@id":"https:\/\/informelitoral.com.ar\/#website","url":"https:\/\/informelitoral.com.ar\/","name":"Informe Litoral","description":"&quot;Nos informamos&quot; ","publisher":{"@id":"https:\/\/informelitoral.com.ar\/#organization"},"potentialAction":[{"@type":"SearchAction","target":{"@type":"EntryPoint","urlTemplate":"https:\/\/informelitoral.com.ar\/?s={search_term_string}"},"query-input":{"@type":"PropertyValueSpecification","valueRequired":true,"valueName":"search_term_string"}}],"inLanguage":"es"},{"@type":"Organization","@id":"https:\/\/informelitoral.com.ar\/#organization","name":"Informe Litoral","url":"https:\/\/informelitoral.com.ar\/","logo":{"@type":"ImageObject","inLanguage":"es","@id":"https:\/\/informelitoral.com.ar\/#\/schema\/logo\/image\/","url":"https:\/\/informelitoral.com.ar\/%77%70%2d%63%6f%6e%74%65%6e%74\/uploads\/2021\/01\/circulo.png","contentUrl":"https:\/\/informelitoral.com.ar\/%77%70%2d%63%6f%6e%74%65%6e%74\/uploads\/2021\/01\/circulo.png","width":723,"height":731,"caption":"Informe Litoral"},"image":{"@id":"https:\/\/informelitoral.com.ar\/#\/schema\/logo\/image\/"},"sameAs":["https:\/\/www.facebook.com\/informelitoral\/","https:\/\/x.com\/InformeLitoral","https:\/\/www.instagram.com\/informelitoral\/","https:\/\/www.youtube.com\/channel\/UCua4Qvz8Icb6MYqhoq9xLXw"]},{"@type":"Person","@id":"https:\/\/informelitoral.com.ar\/#\/schema\/person\/f05f9f461677119578717524b127d6d5","name":"Sebastian","image":{"@type":"ImageObject","inLanguage":"es","@id":"https:\/\/secure.gravatar.com\/avatar\/b71bf7481d447dfb9583c7f2798e7cc64de6efb9067b74633ed8c31059a3bd82?s=96&d=mm&r=g","url":"https:\/\/secure.gravatar.com\/avatar\/b71bf7481d447dfb9583c7f2798e7cc64de6efb9067b74633ed8c31059a3bd82?s=96&d=mm&r=g","contentUrl":"https:\/\/secure.gravatar.com\/avatar\/b71bf7481d447dfb9583c7f2798e7cc64de6efb9067b74633ed8c31059a3bd82?s=96&d=mm&r=g","caption":"Sebastian"},"url":"https:\/\/informelitoral.com.ar\/author\/sebastian\/"}]}},"_links":{"self":[{"href":"https:\/\/informelitoral.com.ar\/%77%70%2d%6a%73%6f%6e\/wp\/v2\/posts\/214350","targetHints":{"allow":["GET"]}}],"collection":[{"href":"https:\/\/informelitoral.com.ar\/%77%70%2d%6a%73%6f%6e\/wp\/v2\/posts"}],"about":[{"href":"https:\/\/informelitoral.com.ar\/%77%70%2d%6a%73%6f%6e\/wp\/v2\/types\/post"}],"author":[{"embeddable":true,"href":"https:\/\/informelitoral.com.ar\/%77%70%2d%6a%73%6f%6e\/wp\/v2\/users\/8"}],"replies":[{"embeddable":true,"href":"https:\/\/informelitoral.com.ar\/%77%70%2d%6a%73%6f%6e\/wp\/v2\/comments?post=214350"}],"version-history":[{"count":0,"href":"https:\/\/informelitoral.com.ar\/%77%70%2d%6a%73%6f%6e\/wp\/v2\/posts\/214350\/revisions"}],"wp:featuredmedia":[{"embeddable":true,"href":"https:\/\/informelitoral.com.ar\/%77%70%2d%6a%73%6f%6e\/wp\/v2\/media\/214351"}],"wp:attachment":[{"href":"https:\/\/informelitoral.com.ar\/%77%70%2d%6a%73%6f%6e\/wp\/v2\/media?parent=214350"}],"wp:term":[{"taxonomy":"category","embeddable":true,"href":"https:\/\/informelitoral.com.ar\/%77%70%2d%6a%73%6f%6e\/wp\/v2\/categories?post=214350"},{"taxonomy":"post_tag","embeddable":true,"href":"https:\/\/informelitoral.com.ar\/%77%70%2d%6a%73%6f%6e\/wp\/v2\/tags?post=214350"}],"curies":[{"name":"wp","href":"https:\/\/api.w.org\/{rel}","templated":true}]}}