{"id":214343,"date":"2025-03-11T09:06:45","date_gmt":"2025-03-11T12:06:45","guid":{"rendered":"https:\/\/informelitoral.com.ar\/?p=214343"},"modified":"2025-03-11T09:08:26","modified_gmt":"2025-03-11T12:08:26","slug":"el-gobierno-nacional-oficializo-el-dnu-con-un-nuevo-acuerdo-con-el-fmi","status":"publish","type":"post","link":"https:\/\/informelitoral.com.ar\/el-gobierno-nacional-oficializo-el-dnu-con-un-nuevo-acuerdo-con-el-fmi\/","title":{"rendered":"El Gobierno nacional oficializ\u00f3 el DNU con un nuevo acuerdo con el FMI"},"content":{"rendered":"<p>El presidente Javier Milei firm\u00f3 un\u00a0<strong>Decreto de Necesidad y Urgencia (DNU) 179\/2025<\/strong>\u00a0que establece un nuevo\u00a0<strong>Programa de Facilidades Extendidas con el Fondo Monetario Internacional (FMI)<\/strong>. La medida, publicada este lunes en el Bolet\u00edn Oficial, tiene como objetivo\u00a0<strong>cancelar parte de la deuda que el Tesoro mantiene con el Banco Central de la Rep\u00fablica Argentina (BCRA)<\/strong>\u00a0y afrontar vencimientos de cr\u00e9ditos tomados con el organismo internacional en el marco del acuerdo firmado en 2022.<\/p>\n<h2 class=\"wp-block-heading\"><strong>Los puntos clave del DNU<\/strong><\/h2>\n<p>Seg\u00fan el art\u00edculo 1\u00b0 del decreto, las operaciones de cr\u00e9dito p\u00fablico aprobadas bajo este programa tendr\u00e1n\u00a0<strong>un plazo de amortizaci\u00f3n de 10 a\u00f1os, con un per\u00edodo de gracia de 4 a\u00f1os y 6 meses<\/strong>. Los fondos obtenidos se destinar\u00e1n exclusivamente a:<\/p>\n<ul class=\"wp-block-list\">\n<li>Cancelar letras intransferibles en d\u00f3lares en poder del BCRA, comenzando por los vencimientos m\u00e1s pr\u00f3ximos.<\/li>\n<li>Cubrir pagos de deuda correspondientes al acuerdo firmado con el FMI en 2022.<\/li>\n<\/ul>\n<p>El Gobierno justific\u00f3 la urgencia del decreto argumentando que es necesario\u00a0<strong>fortalecer la posici\u00f3n financiera del Banco Central<\/strong>, garantizar la\u00a0<strong>estabilidad macroecon\u00f3mica<\/strong>, reducir las restricciones cambiarias y continuar con la pol\u00edtica de disminuci\u00f3n de la inflaci\u00f3n.<\/p>\n<h2 class=\"wp-block-heading\"><strong>Las razones detr\u00e1s de la medida<\/strong><\/h2>\n<p>El Ejecutivo se\u00f1al\u00f3 que al asumir el gobierno en diciembre de 2023, el pa\u00eds enfrentaba\u00a0<strong>un cuadro cr\u00edtico de estanflaci\u00f3n, sin acceso al financiamiento externo y con reservas internacionales netas negativas de USD 11.200 millones<\/strong>.<\/p>\n<p>Desde entonces, la administraci\u00f3n de Javier Milei implement\u00f3\u00a0<strong>un fuerte ajuste fiscal y una pol\u00edtica de estabilizaci\u00f3n econ\u00f3mica<\/strong>, logrando reducir la inflaci\u00f3n mensual del\u00a0<strong>211,4% interanual en diciembre de 2023<\/strong>\u00a0al\u00a0<strong>2,2% en enero de 2025<\/strong>. Asimismo, destacaron que\u00a0<strong>la pobreza se redujo del 54,8% al 38,9% en el primer a\u00f1o de gesti\u00f3n<\/strong>.<\/p>\n<p>El decreto tambi\u00e9n menciona que\u00a0<strong>las reservas internacionales del Banco Central aumentaron en m\u00e1s de USD 7.000 millones<\/strong>\u00a0desde el inicio de la nueva gesti\u00f3n, aunque sigue siendo necesario sanear su balance para garantizar una mayor estabilidad financiera.<\/p>\n<h2 class=\"wp-block-heading\"><strong>Facultades del Poder Ejecutivo<\/strong><\/h2>\n<p>El DNU establece que el Gobierno nacional suscribir\u00e1 los instrumentos necesarios para cumplir con la medida y podr\u00e1 delegar la ejecuci\u00f3n del programa en el\u00a0<strong>Ministerio de Econom\u00eda<\/strong>, liderado por Luis Caputo.<\/p>\n<p>La decisi\u00f3n ya fue remitida a la\u00a0<strong>Comisi\u00f3n Bicameral Permanente del Congreso<\/strong>, que deber\u00e1 evaluar su validez.<\/p>\n<p>Este nuevo acuerdo con el FMI busca consolidar la estrategia del Gobierno para\u00a0<strong>despejar vencimientos de corto plazo, estabilizar la econom\u00eda y fortalecer la posici\u00f3n del Banco Central<\/strong>, en un contexto donde a\u00fan persisten desaf\u00edos macroecon\u00f3micos y financieros.(<em>LN<\/em>)<\/p>\n","protected":false},"excerpt":{"rendered":"<p>Los fondos ser\u00e1n utilizados para saldar compromisos con el BCRA y el organismo internacional.<\/p>\n","protected":false},"author":8,"featured_media":214344,"comment_status":"open","ping_status":"open","sticky":false,"template":"","format":"standard","meta":{"fifu_image_url":"","fifu_image_alt":"","footnotes":""},"categories":[16],"tags":[3109,2603,4476],"class_list":{"0":"post-214343","1":"post","2":"type-post","3":"status-publish","4":"format-standard","5":"has-post-thumbnail","7":"category-politi","8":"tag-acuerdo-fmi","9":"tag-javier-milei","10":"tag-oficializan"},"yoast_head":"<title>El Gobierno nacional oficializ\u00f3 el DNU con un nuevo acuerdo con el FMI - Informe Litoral<\/title>\n<meta name=\"robots\" content=\"index, follow, max-snippet:-1, max-image-preview:large, max-video-preview:-1\" \/>\n<link rel=\"canonical\" href=\"https:\/\/informelitoral.com.ar\/el-gobierno-nacional-oficializo-el-dnu-con-un-nuevo-acuerdo-con-el-fmi\/\" \/>\n<meta property=\"og:locale\" content=\"es_ES\" \/>\n<meta property=\"og:type\" content=\"article\" \/>\n<meta property=\"og:title\" content=\"El Gobierno nacional oficializ\u00f3 el DNU con un nuevo acuerdo con el FMI - Informe Litoral\" \/>\n<meta property=\"og:description\" content=\"Los fondos ser\u00e1n utilizados para saldar compromisos con el BCRA y el organismo internacional.\" \/>\n<meta property=\"og:url\" content=\"https:\/\/informelitoral.com.ar\/el-gobierno-nacional-oficializo-el-dnu-con-un-nuevo-acuerdo-con-el-fmi\/\" \/>\n<meta property=\"og:site_name\" content=\"Informe Litoral\" \/>\n<meta property=\"article:publisher\" content=\"https:\/\/www.facebook.com\/informelitoral\/\" \/>\n<meta property=\"article:published_time\" content=\"2025-03-11T12:06:45+00:00\" \/>\n<meta property=\"article:modified_time\" content=\"2025-03-11T12:08:26+00:00\" \/>\n<meta property=\"og:image\" content=\"https:\/\/informelitoral.com.ar\/%77%70%2d%63%6f%6e%74%65%6e%74\/uploads\/2025\/03\/919400-fmi.jpg\" \/>\n\t<meta property=\"og:image:width\" content=\"700\" \/>\n\t<meta property=\"og:image:height\" content=\"467\" \/>\n\t<meta property=\"og:image:type\" content=\"image\/jpeg\" \/>\n<meta name=\"author\" content=\"Sebastian\" \/>\n<meta name=\"twitter:card\" content=\"summary_large_image\" \/>\n<meta name=\"twitter:creator\" content=\"@InformeLitoral\" \/>\n<meta name=\"twitter:site\" content=\"@InformeLitoral\" \/>\n<meta name=\"twitter:label1\" content=\"Escrito por\" \/>\n\t<meta name=\"twitter:data1\" content=\"Sebastian\" \/>\n\t<meta name=\"twitter:label2\" content=\"Tiempo de lectura\" \/>\n\t<meta name=\"twitter:data2\" content=\"2 minutos\" \/>\n<script type=\"application\/ld+json\" class=\"yoast-schema-graph\">{\"@context\":\"https:\\\/\\\/schema.org\",\"@graph\":[{\"@type\":\"Article\",\"@id\":\"https:\\\/\\\/informelitoral.com.ar\\\/el-gobierno-nacional-oficializo-el-dnu-con-un-nuevo-acuerdo-con-el-fmi\\\/#article\",\"isPartOf\":{\"@id\":\"https:\\\/\\\/informelitoral.com.ar\\\/el-gobierno-nacional-oficializo-el-dnu-con-un-nuevo-acuerdo-con-el-fmi\\\/\"},\"author\":{\"name\":\"Sebastian\",\"@id\":\"https:\\\/\\\/informelitoral.com.ar\\\/#\\\/schema\\\/person\\\/f05f9f461677119578717524b127d6d5\"},\"headline\":\"El Gobierno nacional oficializ\u00f3 el DNU con un nuevo acuerdo con el FMI\",\"datePublished\":\"2025-03-11T12:06:45+00:00\",\"dateModified\":\"2025-03-11T12:08:26+00:00\",\"mainEntityOfPage\":{\"@id\":\"https:\\\/\\\/informelitoral.com.ar\\\/el-gobierno-nacional-oficializo-el-dnu-con-un-nuevo-acuerdo-con-el-fmi\\\/\"},\"wordCount\":451,\"commentCount\":0,\"publisher\":{\"@id\":\"https:\\\/\\\/informelitoral.com.ar\\\/#organization\"},\"image\":{\"@id\":\"https:\\\/\\\/informelitoral.com.ar\\\/el-gobierno-nacional-oficializo-el-dnu-con-un-nuevo-acuerdo-con-el-fmi\\\/#primaryimage\"},\"thumbnailUrl\":\"https:\\\/\\\/informelitoral.com.ar\\\/%77%70%2d%63%6f%6e%74%65%6e%74\\\/uploads\\\/2025\\\/03\\\/919400-fmi.jpg\",\"keywords\":[\"Acuerdo FMI\",\"Javier Milei\",\"Oficializan\"],\"articleSection\":[\"Politica\"],\"inLanguage\":\"es\",\"potentialAction\":[{\"@type\":\"CommentAction\",\"name\":\"Comment\",\"target\":[\"https:\\\/\\\/informelitoral.com.ar\\\/el-gobierno-nacional-oficializo-el-dnu-con-un-nuevo-acuerdo-con-el-fmi\\\/#respond\"]}]},{\"@type\":\"WebPage\",\"@id\":\"https:\\\/\\\/informelitoral.com.ar\\\/el-gobierno-nacional-oficializo-el-dnu-con-un-nuevo-acuerdo-con-el-fmi\\\/\",\"url\":\"https:\\\/\\\/informelitoral.com.ar\\\/el-gobierno-nacional-oficializo-el-dnu-con-un-nuevo-acuerdo-con-el-fmi\\\/\",\"name\":\"El Gobierno nacional oficializ\u00f3 el DNU con un nuevo acuerdo con el FMI - Informe Litoral\",\"isPartOf\":{\"@id\":\"https:\\\/\\\/informelitoral.com.ar\\\/#website\"},\"primaryImageOfPage\":{\"@id\":\"https:\\\/\\\/informelitoral.com.ar\\\/el-gobierno-nacional-oficializo-el-dnu-con-un-nuevo-acuerdo-con-el-fmi\\\/#primaryimage\"},\"image\":{\"@id\":\"https:\\\/\\\/informelitoral.com.ar\\\/el-gobierno-nacional-oficializo-el-dnu-con-un-nuevo-acuerdo-con-el-fmi\\\/#primaryimage\"},\"thumbnailUrl\":\"https:\\\/\\\/informelitoral.com.ar\\\/%77%70%2d%63%6f%6e%74%65%6e%74\\\/uploads\\\/2025\\\/03\\\/919400-fmi.jpg\",\"datePublished\":\"2025-03-11T12:06:45+00:00\",\"dateModified\":\"2025-03-11T12:08:26+00:00\",\"breadcrumb\":{\"@id\":\"https:\\\/\\\/informelitoral.com.ar\\\/el-gobierno-nacional-oficializo-el-dnu-con-un-nuevo-acuerdo-con-el-fmi\\\/#breadcrumb\"},\"inLanguage\":\"es\",\"potentialAction\":[{\"@type\":\"ReadAction\",\"target\":[\"https:\\\/\\\/informelitoral.com.ar\\\/el-gobierno-nacional-oficializo-el-dnu-con-un-nuevo-acuerdo-con-el-fmi\\\/\"]}]},{\"@type\":\"ImageObject\",\"inLanguage\":\"es\",\"@id\":\"https:\\\/\\\/informelitoral.com.ar\\\/el-gobierno-nacional-oficializo-el-dnu-con-un-nuevo-acuerdo-con-el-fmi\\\/#primaryimage\",\"url\":\"https:\\\/\\\/informelitoral.com.ar\\\/%77%70%2d%63%6f%6e%74%65%6e%74\\\/uploads\\\/2025\\\/03\\\/919400-fmi.jpg\",\"contentUrl\":\"https:\\\/\\\/informelitoral.com.ar\\\/%77%70%2d%63%6f%6e%74%65%6e%74\\\/uploads\\\/2025\\\/03\\\/919400-fmi.jpg\",\"width\":700,\"height\":467},{\"@type\":\"BreadcrumbList\",\"@id\":\"https:\\\/\\\/informelitoral.com.ar\\\/el-gobierno-nacional-oficializo-el-dnu-con-un-nuevo-acuerdo-con-el-fmi\\\/#breadcrumb\",\"itemListElement\":[{\"@type\":\"ListItem\",\"position\":1,\"name\":\"Portada\",\"item\":\"https:\\\/\\\/informelitoral.com.ar\\\/\"},{\"@type\":\"ListItem\",\"position\":2,\"name\":\"El Gobierno nacional oficializ\u00f3 el DNU con un nuevo acuerdo con el FMI\"}]},{\"@type\":\"WebSite\",\"@id\":\"https:\\\/\\\/informelitoral.com.ar\\\/#website\",\"url\":\"https:\\\/\\\/informelitoral.com.ar\\\/\",\"name\":\"Informe Litoral\",\"description\":\"&quot;Nos informamos&quot; \",\"publisher\":{\"@id\":\"https:\\\/\\\/informelitoral.com.ar\\\/#organization\"},\"potentialAction\":[{\"@type\":\"SearchAction\",\"target\":{\"@type\":\"EntryPoint\",\"urlTemplate\":\"https:\\\/\\\/informelitoral.com.ar\\\/?s={search_term_string}\"},\"query-input\":{\"@type\":\"PropertyValueSpecification\",\"valueRequired\":true,\"valueName\":\"search_term_string\"}}],\"inLanguage\":\"es\"},{\"@type\":\"Organization\",\"@id\":\"https:\\\/\\\/informelitoral.com.ar\\\/#organization\",\"name\":\"Informe Litoral\",\"url\":\"https:\\\/\\\/informelitoral.com.ar\\\/\",\"logo\":{\"@type\":\"ImageObject\",\"inLanguage\":\"es\",\"@id\":\"https:\\\/\\\/informelitoral.com.ar\\\/#\\\/schema\\\/logo\\\/image\\\/\",\"url\":\"https:\\\/\\\/informelitoral.com.ar\\\/%77%70%2d%63%6f%6e%74%65%6e%74\\\/uploads\\\/2021\\\/01\\\/circulo.png\",\"contentUrl\":\"https:\\\/\\\/informelitoral.com.ar\\\/%77%70%2d%63%6f%6e%74%65%6e%74\\\/uploads\\\/2021\\\/01\\\/circulo.png\",\"width\":723,\"height\":731,\"caption\":\"Informe Litoral\"},\"image\":{\"@id\":\"https:\\\/\\\/informelitoral.com.ar\\\/#\\\/schema\\\/logo\\\/image\\\/\"},\"sameAs\":[\"https:\\\/\\\/www.facebook.com\\\/informelitoral\\\/\",\"https:\\\/\\\/x.com\\\/InformeLitoral\",\"https:\\\/\\\/www.instagram.com\\\/informelitoral\\\/\",\"https:\\\/\\\/www.youtube.com\\\/channel\\\/UCua4Qvz8Icb6MYqhoq9xLXw\"]},{\"@type\":\"Person\",\"@id\":\"https:\\\/\\\/informelitoral.com.ar\\\/#\\\/schema\\\/person\\\/f05f9f461677119578717524b127d6d5\",\"name\":\"Sebastian\",\"image\":{\"@type\":\"ImageObject\",\"inLanguage\":\"es\",\"@id\":\"https:\\\/\\\/secure.gravatar.com\\\/avatar\\\/b71bf7481d447dfb9583c7f2798e7cc64de6efb9067b74633ed8c31059a3bd82?s=96&d=mm&r=g\",\"url\":\"https:\\\/\\\/secure.gravatar.com\\\/avatar\\\/b71bf7481d447dfb9583c7f2798e7cc64de6efb9067b74633ed8c31059a3bd82?s=96&d=mm&r=g\",\"contentUrl\":\"https:\\\/\\\/secure.gravatar.com\\\/avatar\\\/b71bf7481d447dfb9583c7f2798e7cc64de6efb9067b74633ed8c31059a3bd82?s=96&d=mm&r=g\",\"caption\":\"Sebastian\"},\"url\":\"https:\\\/\\\/informelitoral.com.ar\\\/author\\\/sebastian\\\/\"}]}<\/script>","yoast_head_json":{"title":"El Gobierno nacional oficializ\u00f3 el DNU con un nuevo acuerdo con el FMI - Informe Litoral","robots":{"index":"index","follow":"follow","max-snippet":"max-snippet:-1","max-image-preview":"max-image-preview:large","max-video-preview":"max-video-preview:-1"},"canonical":"https:\/\/informelitoral.com.ar\/el-gobierno-nacional-oficializo-el-dnu-con-un-nuevo-acuerdo-con-el-fmi\/","og_locale":"es_ES","og_type":"article","og_title":"El Gobierno nacional oficializ\u00f3 el DNU con un nuevo acuerdo con el FMI - Informe Litoral","og_description":"Los fondos ser\u00e1n utilizados para saldar compromisos con el BCRA y el organismo internacional.","og_url":"https:\/\/informelitoral.com.ar\/el-gobierno-nacional-oficializo-el-dnu-con-un-nuevo-acuerdo-con-el-fmi\/","og_site_name":"Informe Litoral","article_publisher":"https:\/\/www.facebook.com\/informelitoral\/","article_published_time":"2025-03-11T12:06:45+00:00","article_modified_time":"2025-03-11T12:08:26+00:00","og_image":[{"width":700,"height":467,"url":"https:\/\/informelitoral.com.ar\/%77%70%2d%63%6f%6e%74%65%6e%74\/uploads\/2025\/03\/919400-fmi.jpg","type":"image\/jpeg"}],"author":"Sebastian","twitter_card":"summary_large_image","twitter_creator":"@InformeLitoral","twitter_site":"@InformeLitoral","twitter_misc":{"Escrito por":"Sebastian","Tiempo de lectura":"2 minutos"},"schema":{"@context":"https:\/\/schema.org","@graph":[{"@type":"Article","@id":"https:\/\/informelitoral.com.ar\/el-gobierno-nacional-oficializo-el-dnu-con-un-nuevo-acuerdo-con-el-fmi\/#article","isPartOf":{"@id":"https:\/\/informelitoral.com.ar\/el-gobierno-nacional-oficializo-el-dnu-con-un-nuevo-acuerdo-con-el-fmi\/"},"author":{"name":"Sebastian","@id":"https:\/\/informelitoral.com.ar\/#\/schema\/person\/f05f9f461677119578717524b127d6d5"},"headline":"El Gobierno nacional oficializ\u00f3 el DNU con un nuevo acuerdo con el FMI","datePublished":"2025-03-11T12:06:45+00:00","dateModified":"2025-03-11T12:08:26+00:00","mainEntityOfPage":{"@id":"https:\/\/informelitoral.com.ar\/el-gobierno-nacional-oficializo-el-dnu-con-un-nuevo-acuerdo-con-el-fmi\/"},"wordCount":451,"commentCount":0,"publisher":{"@id":"https:\/\/informelitoral.com.ar\/#organization"},"image":{"@id":"https:\/\/informelitoral.com.ar\/el-gobierno-nacional-oficializo-el-dnu-con-un-nuevo-acuerdo-con-el-fmi\/#primaryimage"},"thumbnailUrl":"https:\/\/informelitoral.com.ar\/%77%70%2d%63%6f%6e%74%65%6e%74\/uploads\/2025\/03\/919400-fmi.jpg","keywords":["Acuerdo FMI","Javier Milei","Oficializan"],"articleSection":["Politica"],"inLanguage":"es","potentialAction":[{"@type":"CommentAction","name":"Comment","target":["https:\/\/informelitoral.com.ar\/el-gobierno-nacional-oficializo-el-dnu-con-un-nuevo-acuerdo-con-el-fmi\/#respond"]}]},{"@type":"WebPage","@id":"https:\/\/informelitoral.com.ar\/el-gobierno-nacional-oficializo-el-dnu-con-un-nuevo-acuerdo-con-el-fmi\/","url":"https:\/\/informelitoral.com.ar\/el-gobierno-nacional-oficializo-el-dnu-con-un-nuevo-acuerdo-con-el-fmi\/","name":"El Gobierno nacional oficializ\u00f3 el DNU con un nuevo acuerdo con el FMI - Informe Litoral","isPartOf":{"@id":"https:\/\/informelitoral.com.ar\/#website"},"primaryImageOfPage":{"@id":"https:\/\/informelitoral.com.ar\/el-gobierno-nacional-oficializo-el-dnu-con-un-nuevo-acuerdo-con-el-fmi\/#primaryimage"},"image":{"@id":"https:\/\/informelitoral.com.ar\/el-gobierno-nacional-oficializo-el-dnu-con-un-nuevo-acuerdo-con-el-fmi\/#primaryimage"},"thumbnailUrl":"https:\/\/informelitoral.com.ar\/%77%70%2d%63%6f%6e%74%65%6e%74\/uploads\/2025\/03\/919400-fmi.jpg","datePublished":"2025-03-11T12:06:45+00:00","dateModified":"2025-03-11T12:08:26+00:00","breadcrumb":{"@id":"https:\/\/informelitoral.com.ar\/el-gobierno-nacional-oficializo-el-dnu-con-un-nuevo-acuerdo-con-el-fmi\/#breadcrumb"},"inLanguage":"es","potentialAction":[{"@type":"ReadAction","target":["https:\/\/informelitoral.com.ar\/el-gobierno-nacional-oficializo-el-dnu-con-un-nuevo-acuerdo-con-el-fmi\/"]}]},{"@type":"ImageObject","inLanguage":"es","@id":"https:\/\/informelitoral.com.ar\/el-gobierno-nacional-oficializo-el-dnu-con-un-nuevo-acuerdo-con-el-fmi\/#primaryimage","url":"https:\/\/informelitoral.com.ar\/%77%70%2d%63%6f%6e%74%65%6e%74\/uploads\/2025\/03\/919400-fmi.jpg","contentUrl":"https:\/\/informelitoral.com.ar\/%77%70%2d%63%6f%6e%74%65%6e%74\/uploads\/2025\/03\/919400-fmi.jpg","width":700,"height":467},{"@type":"BreadcrumbList","@id":"https:\/\/informelitoral.com.ar\/el-gobierno-nacional-oficializo-el-dnu-con-un-nuevo-acuerdo-con-el-fmi\/#breadcrumb","itemListElement":[{"@type":"ListItem","position":1,"name":"Portada","item":"https:\/\/informelitoral.com.ar\/"},{"@type":"ListItem","position":2,"name":"El Gobierno nacional oficializ\u00f3 el DNU con un nuevo acuerdo con el FMI"}]},{"@type":"WebSite","@id":"https:\/\/informelitoral.com.ar\/#website","url":"https:\/\/informelitoral.com.ar\/","name":"Informe Litoral","description":"&quot;Nos informamos&quot; ","publisher":{"@id":"https:\/\/informelitoral.com.ar\/#organization"},"potentialAction":[{"@type":"SearchAction","target":{"@type":"EntryPoint","urlTemplate":"https:\/\/informelitoral.com.ar\/?s={search_term_string}"},"query-input":{"@type":"PropertyValueSpecification","valueRequired":true,"valueName":"search_term_string"}}],"inLanguage":"es"},{"@type":"Organization","@id":"https:\/\/informelitoral.com.ar\/#organization","name":"Informe Litoral","url":"https:\/\/informelitoral.com.ar\/","logo":{"@type":"ImageObject","inLanguage":"es","@id":"https:\/\/informelitoral.com.ar\/#\/schema\/logo\/image\/","url":"https:\/\/informelitoral.com.ar\/%77%70%2d%63%6f%6e%74%65%6e%74\/uploads\/2021\/01\/circulo.png","contentUrl":"https:\/\/informelitoral.com.ar\/%77%70%2d%63%6f%6e%74%65%6e%74\/uploads\/2021\/01\/circulo.png","width":723,"height":731,"caption":"Informe Litoral"},"image":{"@id":"https:\/\/informelitoral.com.ar\/#\/schema\/logo\/image\/"},"sameAs":["https:\/\/www.facebook.com\/informelitoral\/","https:\/\/x.com\/InformeLitoral","https:\/\/www.instagram.com\/informelitoral\/","https:\/\/www.youtube.com\/channel\/UCua4Qvz8Icb6MYqhoq9xLXw"]},{"@type":"Person","@id":"https:\/\/informelitoral.com.ar\/#\/schema\/person\/f05f9f461677119578717524b127d6d5","name":"Sebastian","image":{"@type":"ImageObject","inLanguage":"es","@id":"https:\/\/secure.gravatar.com\/avatar\/b71bf7481d447dfb9583c7f2798e7cc64de6efb9067b74633ed8c31059a3bd82?s=96&d=mm&r=g","url":"https:\/\/secure.gravatar.com\/avatar\/b71bf7481d447dfb9583c7f2798e7cc64de6efb9067b74633ed8c31059a3bd82?s=96&d=mm&r=g","contentUrl":"https:\/\/secure.gravatar.com\/avatar\/b71bf7481d447dfb9583c7f2798e7cc64de6efb9067b74633ed8c31059a3bd82?s=96&d=mm&r=g","caption":"Sebastian"},"url":"https:\/\/informelitoral.com.ar\/author\/sebastian\/"}]}},"_links":{"self":[{"href":"https:\/\/informelitoral.com.ar\/%77%70%2d%6a%73%6f%6e\/wp\/v2\/posts\/214343","targetHints":{"allow":["GET"]}}],"collection":[{"href":"https:\/\/informelitoral.com.ar\/%77%70%2d%6a%73%6f%6e\/wp\/v2\/posts"}],"about":[{"href":"https:\/\/informelitoral.com.ar\/%77%70%2d%6a%73%6f%6e\/wp\/v2\/types\/post"}],"author":[{"embeddable":true,"href":"https:\/\/informelitoral.com.ar\/%77%70%2d%6a%73%6f%6e\/wp\/v2\/users\/8"}],"replies":[{"embeddable":true,"href":"https:\/\/informelitoral.com.ar\/%77%70%2d%6a%73%6f%6e\/wp\/v2\/comments?post=214343"}],"version-history":[{"count":0,"href":"https:\/\/informelitoral.com.ar\/%77%70%2d%6a%73%6f%6e\/wp\/v2\/posts\/214343\/revisions"}],"wp:featuredmedia":[{"embeddable":true,"href":"https:\/\/informelitoral.com.ar\/%77%70%2d%6a%73%6f%6e\/wp\/v2\/media\/214344"}],"wp:attachment":[{"href":"https:\/\/informelitoral.com.ar\/%77%70%2d%6a%73%6f%6e\/wp\/v2\/media?parent=214343"}],"wp:term":[{"taxonomy":"category","embeddable":true,"href":"https:\/\/informelitoral.com.ar\/%77%70%2d%6a%73%6f%6e\/wp\/v2\/categories?post=214343"},{"taxonomy":"post_tag","embeddable":true,"href":"https:\/\/informelitoral.com.ar\/%77%70%2d%6a%73%6f%6e\/wp\/v2\/tags?post=214343"}],"curies":[{"name":"wp","href":"https:\/\/api.w.org\/{rel}","templated":true}]}}