{"id":214295,"date":"2025-03-10T06:39:02","date_gmt":"2025-03-10T09:39:02","guid":{"rendered":"https:\/\/informelitoral.com.ar\/?p=214295"},"modified":"2025-03-10T21:42:25","modified_gmt":"2025-03-11T00:42:25","slug":"diputados-participo-de-una-jornada-de-prevencion-de-suicidios-en-nogoya","status":"publish","type":"post","link":"https:\/\/informelitoral.com.ar\/diputados-participo-de-una-jornada-de-prevencion-de-suicidios-en-nogoya\/","title":{"rendered":"Diputados particip\u00f3 de una jornada de prevenci\u00f3n de suicidios en Nogoy\u00e1"},"content":{"rendered":"<p>El presidente de la C\u00e1mara de Diputados,<strong> Gustavo Hein<\/strong>, particip\u00f3 de la primera jornada de los conversatorios denominados \u201cPrevenci\u00f3n del suicidio: herramientas para equipos de salud\u201d, realizada en Nogoy\u00e1, junto a la vicegobernadora Aluani, el intendente Bernardo Schneider, diputadas provinciales y otras autoridades.<\/p>\n<p>Este encuentro, realizado el viernes en la Asociaci\u00f3n Cultural de Nogoy\u00e1, estuvo destinado a equipos y personal de salud de la ciudad, impulsado por el Programa Provincial de Prevenci\u00f3n del Suicidio; el Municipio y el hospital San Blas.<\/p>\n<p>En su intervenci\u00f3n, Hein expres\u00f3 que esta tem\u00e1tica \u201ctrasciende los colores pol\u00edticos\u201d y afirm\u00f3 que \u201clleg\u00f3 la hora de actuar, de generar una pol\u00edtica cercana, emp\u00e1tica, solidaria, que encare los problemas de frente\u201d. Luego agreg\u00f3: \u201cHay que rodearse de gente que se prepar\u00f3 para esto. Van a estar todos los medios econ\u00f3micos del Estado para hacer que esto funcione\u201d.<\/p>\n<p>\u201cCreemos en una pol\u00edtica humana cercana, tenemos un gobernador que quiere que las cosas funcionen distinto y tiene herramientas que somos nosotros los funcionarios para que trabajemos en conjunto\u201d, remarc\u00f3.<\/p>\n<p>Esta iniciativa surgi\u00f3 el a\u00f1o pasado, a ra\u00edz de que Nogoy\u00e1, al igual que Victoria y Col\u00f3n son ciudades con altos \u00edndices de suicidio, lo cual motiv\u00f3 que el municipio y el hospital San Blas llevaran adelante acciones de prevenci\u00f3n. As\u00ed lo explic\u00f3 Melisa Acevedo, coordinadora de Desarrollo y Salud municipal, en una entrevista con Radio Diputados.<\/p>\n<p>\u201cTuvimos un caso muy importante en la ciudad. Entonces, armamos una mesa interinstitucional con Salud provincial, con la Polic\u00eda y con el Consejo General de Educaci\u00f3n y empezamos a trabajar. Este fue el primer encuentro, que estuvo a cargo de la Direcci\u00f3n de Salud Mental de la Provincia y fue destinado a referentes de instituciones de salud, educaci\u00f3n, polic\u00eda, justicia, municipalidad, clubes y credos\u201d, indic\u00f3 Acevcedo.<\/p>\n<p>\u201cFue una capacitaci\u00f3n muy interesante. Nos brindaron herramientas para poder abordar la tem\u00e1tica. Luego se llev\u00f3 adelante un conversatorio dirigido especialmente a personal de salud como psic\u00f3logos, m\u00e9dicos y \u00a0enfermeros\u201d, agreg\u00f3.<\/p>\n<p>Del encuentro tambi\u00e9n participaron el senador por el Departamento Nogoy\u00e1, <strong>Rafael Cavagna<\/strong>; la directora del Hospital San Bl\u00e1s, <strong>Sandra Fettolini<\/strong>; el director de Salud Mental del Ministerio de Salud, <strong>Gabriel Fern\u00e1ndez Mart\u00ednez<\/strong>; y la viceintendenta de Nogoy\u00e1, <strong>Desir\u00e9e Pe\u00f1aloza.<\/strong> Tambi\u00e9n estuvieron presentes las diputadas <strong>Noelia Taborda, Susana P\u00e9rez<\/strong> y <strong>Carolina Streitenberger.<\/strong><\/p>\n<h6><em><strong>Nota relacionada:\u00a0<a href=\"https:\/\/informelitoral.com.ar\/en-nogoya-abordaron-la-prevencion-de-suicidios\/\" target=\"_blank\" rel=\"noopener\">En Nogoy\u00e1 abordaron la prevenci\u00f3n de suicidios<\/a><\/strong><\/em><\/h6>\n","protected":false},"excerpt":{"rendered":"<p>Con la participaci\u00f3n de integrantes de la C\u00e1mara de Diputados, encabezada por su presidente, Gustavo Hein, y la vicegobernadora Alicia Aluani, el encuentro estuvo destinado a equipos de salud e instituciones de la ciudad.<\/p>\n","protected":false},"author":2,"featured_media":214296,"comment_status":"open","ping_status":"open","sticky":false,"template":"","format":"standard","meta":{"fifu_image_url":"","fifu_image_alt":"","footnotes":""},"categories":[16],"tags":[3627,196,1589,74],"class_list":{"0":"post-214295","1":"post","2":"type-post","3":"status-publish","4":"format-standard","5":"has-post-thumbnail","7":"category-politi","8":"tag-camara-de-diputados","9":"tag-diputados","10":"tag-gustavo-hein","11":"tag-nogoya"},"yoast_head":"<title>Diputados particip\u00f3 de una jornada de prevenci\u00f3n de suicidios en Nogoy\u00e1 - Informe Litoral<\/title>\n<meta name=\"robots\" content=\"index, follow, max-snippet:-1, max-image-preview:large, max-video-preview:-1\" \/>\n<link rel=\"canonical\" href=\"https:\/\/informelitoral.com.ar\/diputados-participo-de-una-jornada-de-prevencion-de-suicidios-en-nogoya\/\" \/>\n<meta property=\"og:locale\" content=\"es_ES\" \/>\n<meta property=\"og:type\" content=\"article\" \/>\n<meta property=\"og:title\" content=\"Diputados particip\u00f3 de una jornada de prevenci\u00f3n de suicidios en Nogoy\u00e1 - Informe Litoral\" \/>\n<meta property=\"og:description\" content=\"Con la participaci\u00f3n de integrantes de la C\u00e1mara de Diputados, encabezada por su presidente, Gustavo Hein, y la vicegobernadora Alicia Aluani, el encuentro estuvo destinado a equipos de salud e instituciones de la ciudad.\" \/>\n<meta property=\"og:url\" content=\"https:\/\/informelitoral.com.ar\/diputados-participo-de-una-jornada-de-prevencion-de-suicidios-en-nogoya\/\" \/>\n<meta property=\"og:site_name\" content=\"Informe Litoral\" \/>\n<meta property=\"article:publisher\" content=\"https:\/\/www.facebook.com\/informelitoral\/\" \/>\n<meta property=\"article:published_time\" content=\"2025-03-10T09:39:02+00:00\" \/>\n<meta property=\"article:modified_time\" content=\"2025-03-11T00:42:25+00:00\" \/>\n<meta property=\"og:image\" content=\"https:\/\/informelitoral.com.ar\/%77%70%2d%63%6f%6e%74%65%6e%74\/uploads\/2025\/03\/9ec3b117eefe4242f4caf2983e568cdf.jpg\" \/>\n\t<meta property=\"og:image:width\" content=\"640\" \/>\n\t<meta property=\"og:image:height\" content=\"427\" \/>\n\t<meta property=\"og:image:type\" content=\"image\/jpeg\" \/>\n<meta name=\"author\" content=\"Gonzalo Schmidt\" \/>\n<meta name=\"twitter:card\" content=\"summary_large_image\" \/>\n<meta name=\"twitter:creator\" content=\"@InformeLitoral\" \/>\n<meta name=\"twitter:site\" content=\"@InformeLitoral\" \/>\n<meta name=\"twitter:label1\" content=\"Escrito por\" \/>\n\t<meta name=\"twitter:data1\" content=\"Gonzalo Schmidt\" \/>\n\t<meta name=\"twitter:label2\" content=\"Tiempo de lectura\" \/>\n\t<meta name=\"twitter:data2\" content=\"2 minutos\" \/>\n<script type=\"application\/ld+json\" class=\"yoast-schema-graph\">{\"@context\":\"https:\\\/\\\/schema.org\",\"@graph\":[{\"@type\":\"Article\",\"@id\":\"https:\\\/\\\/informelitoral.com.ar\\\/diputados-participo-de-una-jornada-de-prevencion-de-suicidios-en-nogoya\\\/#article\",\"isPartOf\":{\"@id\":\"https:\\\/\\\/informelitoral.com.ar\\\/diputados-participo-de-una-jornada-de-prevencion-de-suicidios-en-nogoya\\\/\"},\"author\":{\"name\":\"Gonzalo Schmidt\",\"@id\":\"https:\\\/\\\/informelitoral.com.ar\\\/#\\\/schema\\\/person\\\/b9d00407c836482871ef1d57bf8e3180\"},\"headline\":\"Diputados particip\u00f3 de una jornada de prevenci\u00f3n de suicidios en Nogoy\u00e1\",\"datePublished\":\"2025-03-10T09:39:02+00:00\",\"dateModified\":\"2025-03-11T00:42:25+00:00\",\"mainEntityOfPage\":{\"@id\":\"https:\\\/\\\/informelitoral.com.ar\\\/diputados-participo-de-una-jornada-de-prevencion-de-suicidios-en-nogoya\\\/\"},\"wordCount\":429,\"commentCount\":0,\"publisher\":{\"@id\":\"https:\\\/\\\/informelitoral.com.ar\\\/#organization\"},\"image\":{\"@id\":\"https:\\\/\\\/informelitoral.com.ar\\\/diputados-participo-de-una-jornada-de-prevencion-de-suicidios-en-nogoya\\\/#primaryimage\"},\"thumbnailUrl\":\"https:\\\/\\\/informelitoral.com.ar\\\/%77%70%2d%63%6f%6e%74%65%6e%74\\\/uploads\\\/2025\\\/03\\\/9ec3b117eefe4242f4caf2983e568cdf.jpg\",\"keywords\":[\"C\u00e1mara de Diputados\",\"Diputados\",\"Gustavo Hein\",\"Nogoy\u00e1\"],\"articleSection\":[\"Politica\"],\"inLanguage\":\"es\",\"potentialAction\":[{\"@type\":\"CommentAction\",\"name\":\"Comment\",\"target\":[\"https:\\\/\\\/informelitoral.com.ar\\\/diputados-participo-de-una-jornada-de-prevencion-de-suicidios-en-nogoya\\\/#respond\"]}]},{\"@type\":\"WebPage\",\"@id\":\"https:\\\/\\\/informelitoral.com.ar\\\/diputados-participo-de-una-jornada-de-prevencion-de-suicidios-en-nogoya\\\/\",\"url\":\"https:\\\/\\\/informelitoral.com.ar\\\/diputados-participo-de-una-jornada-de-prevencion-de-suicidios-en-nogoya\\\/\",\"name\":\"Diputados particip\u00f3 de una jornada de prevenci\u00f3n de suicidios en Nogoy\u00e1 - Informe Litoral\",\"isPartOf\":{\"@id\":\"https:\\\/\\\/informelitoral.com.ar\\\/#website\"},\"primaryImageOfPage\":{\"@id\":\"https:\\\/\\\/informelitoral.com.ar\\\/diputados-participo-de-una-jornada-de-prevencion-de-suicidios-en-nogoya\\\/#primaryimage\"},\"image\":{\"@id\":\"https:\\\/\\\/informelitoral.com.ar\\\/diputados-participo-de-una-jornada-de-prevencion-de-suicidios-en-nogoya\\\/#primaryimage\"},\"thumbnailUrl\":\"https:\\\/\\\/informelitoral.com.ar\\\/%77%70%2d%63%6f%6e%74%65%6e%74\\\/uploads\\\/2025\\\/03\\\/9ec3b117eefe4242f4caf2983e568cdf.jpg\",\"datePublished\":\"2025-03-10T09:39:02+00:00\",\"dateModified\":\"2025-03-11T00:42:25+00:00\",\"breadcrumb\":{\"@id\":\"https:\\\/\\\/informelitoral.com.ar\\\/diputados-participo-de-una-jornada-de-prevencion-de-suicidios-en-nogoya\\\/#breadcrumb\"},\"inLanguage\":\"es\",\"potentialAction\":[{\"@type\":\"ReadAction\",\"target\":[\"https:\\\/\\\/informelitoral.com.ar\\\/diputados-participo-de-una-jornada-de-prevencion-de-suicidios-en-nogoya\\\/\"]}]},{\"@type\":\"ImageObject\",\"inLanguage\":\"es\",\"@id\":\"https:\\\/\\\/informelitoral.com.ar\\\/diputados-participo-de-una-jornada-de-prevencion-de-suicidios-en-nogoya\\\/#primaryimage\",\"url\":\"https:\\\/\\\/informelitoral.com.ar\\\/%77%70%2d%63%6f%6e%74%65%6e%74\\\/uploads\\\/2025\\\/03\\\/9ec3b117eefe4242f4caf2983e568cdf.jpg\",\"contentUrl\":\"https:\\\/\\\/informelitoral.com.ar\\\/%77%70%2d%63%6f%6e%74%65%6e%74\\\/uploads\\\/2025\\\/03\\\/9ec3b117eefe4242f4caf2983e568cdf.jpg\",\"width\":640,\"height\":427},{\"@type\":\"BreadcrumbList\",\"@id\":\"https:\\\/\\\/informelitoral.com.ar\\\/diputados-participo-de-una-jornada-de-prevencion-de-suicidios-en-nogoya\\\/#breadcrumb\",\"itemListElement\":[{\"@type\":\"ListItem\",\"position\":1,\"name\":\"Portada\",\"item\":\"https:\\\/\\\/informelitoral.com.ar\\\/\"},{\"@type\":\"ListItem\",\"position\":2,\"name\":\"Diputados particip\u00f3 de una jornada de prevenci\u00f3n de suicidios en Nogoy\u00e1\"}]},{\"@type\":\"WebSite\",\"@id\":\"https:\\\/\\\/informelitoral.com.ar\\\/#website\",\"url\":\"https:\\\/\\\/informelitoral.com.ar\\\/\",\"name\":\"Informe Litoral\",\"description\":\"&quot;Nos informamos&quot; \",\"publisher\":{\"@id\":\"https:\\\/\\\/informelitoral.com.ar\\\/#organization\"},\"potentialAction\":[{\"@type\":\"SearchAction\",\"target\":{\"@type\":\"EntryPoint\",\"urlTemplate\":\"https:\\\/\\\/informelitoral.com.ar\\\/?s={search_term_string}\"},\"query-input\":{\"@type\":\"PropertyValueSpecification\",\"valueRequired\":true,\"valueName\":\"search_term_string\"}}],\"inLanguage\":\"es\"},{\"@type\":\"Organization\",\"@id\":\"https:\\\/\\\/informelitoral.com.ar\\\/#organization\",\"name\":\"Informe Litoral\",\"url\":\"https:\\\/\\\/informelitoral.com.ar\\\/\",\"logo\":{\"@type\":\"ImageObject\",\"inLanguage\":\"es\",\"@id\":\"https:\\\/\\\/informelitoral.com.ar\\\/#\\\/schema\\\/logo\\\/image\\\/\",\"url\":\"https:\\\/\\\/informelitoral.com.ar\\\/%77%70%2d%63%6f%6e%74%65%6e%74\\\/uploads\\\/2021\\\/01\\\/circulo.png\",\"contentUrl\":\"https:\\\/\\\/informelitoral.com.ar\\\/%77%70%2d%63%6f%6e%74%65%6e%74\\\/uploads\\\/2021\\\/01\\\/circulo.png\",\"width\":723,\"height\":731,\"caption\":\"Informe Litoral\"},\"image\":{\"@id\":\"https:\\\/\\\/informelitoral.com.ar\\\/#\\\/schema\\\/logo\\\/image\\\/\"},\"sameAs\":[\"https:\\\/\\\/www.facebook.com\\\/informelitoral\\\/\",\"https:\\\/\\\/x.com\\\/InformeLitoral\",\"https:\\\/\\\/www.instagram.com\\\/informelitoral\\\/\",\"https:\\\/\\\/www.youtube.com\\\/channel\\\/UCua4Qvz8Icb6MYqhoq9xLXw\"]},{\"@type\":\"Person\",\"@id\":\"https:\\\/\\\/informelitoral.com.ar\\\/#\\\/schema\\\/person\\\/b9d00407c836482871ef1d57bf8e3180\",\"name\":\"Gonzalo Schmidt\",\"image\":{\"@type\":\"ImageObject\",\"inLanguage\":\"es\",\"@id\":\"https:\\\/\\\/secure.gravatar.com\\\/avatar\\\/31a1a7b66ff2de83bd0e9fd79d026630d2d99e55e8bfe501287647b4fd9743de?s=96&d=mm&r=g\",\"url\":\"https:\\\/\\\/secure.gravatar.com\\\/avatar\\\/31a1a7b66ff2de83bd0e9fd79d026630d2d99e55e8bfe501287647b4fd9743de?s=96&d=mm&r=g\",\"contentUrl\":\"https:\\\/\\\/secure.gravatar.com\\\/avatar\\\/31a1a7b66ff2de83bd0e9fd79d026630d2d99e55e8bfe501287647b4fd9743de?s=96&d=mm&r=g\",\"caption\":\"Gonzalo Schmidt\"},\"description\":\"Sitio web de noticias de la provincia de Entre R\u00edos, Argentina. Informaci\u00f3n y entretenimiento. Informe Litoral, nos informamos.\",\"sameAs\":[\"http:\\\/\\\/www.isletasnoticias.com.ar\"],\"url\":\"https:\\\/\\\/informelitoral.com.ar\\\/author\\\/gonzalo\\\/\"}]}<\/script>","yoast_head_json":{"title":"Diputados particip\u00f3 de una jornada de prevenci\u00f3n de suicidios en Nogoy\u00e1 - Informe Litoral","robots":{"index":"index","follow":"follow","max-snippet":"max-snippet:-1","max-image-preview":"max-image-preview:large","max-video-preview":"max-video-preview:-1"},"canonical":"https:\/\/informelitoral.com.ar\/diputados-participo-de-una-jornada-de-prevencion-de-suicidios-en-nogoya\/","og_locale":"es_ES","og_type":"article","og_title":"Diputados particip\u00f3 de una jornada de prevenci\u00f3n de suicidios en Nogoy\u00e1 - Informe Litoral","og_description":"Con la participaci\u00f3n de integrantes de la C\u00e1mara de Diputados, encabezada por su presidente, Gustavo Hein, y la vicegobernadora Alicia Aluani, el encuentro estuvo destinado a equipos de salud e instituciones de la ciudad.","og_url":"https:\/\/informelitoral.com.ar\/diputados-participo-de-una-jornada-de-prevencion-de-suicidios-en-nogoya\/","og_site_name":"Informe Litoral","article_publisher":"https:\/\/www.facebook.com\/informelitoral\/","article_published_time":"2025-03-10T09:39:02+00:00","article_modified_time":"2025-03-11T00:42:25+00:00","og_image":[{"width":640,"height":427,"url":"https:\/\/informelitoral.com.ar\/%77%70%2d%63%6f%6e%74%65%6e%74\/uploads\/2025\/03\/9ec3b117eefe4242f4caf2983e568cdf.jpg","type":"image\/jpeg"}],"author":"Gonzalo Schmidt","twitter_card":"summary_large_image","twitter_creator":"@InformeLitoral","twitter_site":"@InformeLitoral","twitter_misc":{"Escrito por":"Gonzalo Schmidt","Tiempo de lectura":"2 minutos"},"schema":{"@context":"https:\/\/schema.org","@graph":[{"@type":"Article","@id":"https:\/\/informelitoral.com.ar\/diputados-participo-de-una-jornada-de-prevencion-de-suicidios-en-nogoya\/#article","isPartOf":{"@id":"https:\/\/informelitoral.com.ar\/diputados-participo-de-una-jornada-de-prevencion-de-suicidios-en-nogoya\/"},"author":{"name":"Gonzalo Schmidt","@id":"https:\/\/informelitoral.com.ar\/#\/schema\/person\/b9d00407c836482871ef1d57bf8e3180"},"headline":"Diputados particip\u00f3 de una jornada de prevenci\u00f3n de suicidios en Nogoy\u00e1","datePublished":"2025-03-10T09:39:02+00:00","dateModified":"2025-03-11T00:42:25+00:00","mainEntityOfPage":{"@id":"https:\/\/informelitoral.com.ar\/diputados-participo-de-una-jornada-de-prevencion-de-suicidios-en-nogoya\/"},"wordCount":429,"commentCount":0,"publisher":{"@id":"https:\/\/informelitoral.com.ar\/#organization"},"image":{"@id":"https:\/\/informelitoral.com.ar\/diputados-participo-de-una-jornada-de-prevencion-de-suicidios-en-nogoya\/#primaryimage"},"thumbnailUrl":"https:\/\/informelitoral.com.ar\/%77%70%2d%63%6f%6e%74%65%6e%74\/uploads\/2025\/03\/9ec3b117eefe4242f4caf2983e568cdf.jpg","keywords":["C\u00e1mara de Diputados","Diputados","Gustavo Hein","Nogoy\u00e1"],"articleSection":["Politica"],"inLanguage":"es","potentialAction":[{"@type":"CommentAction","name":"Comment","target":["https:\/\/informelitoral.com.ar\/diputados-participo-de-una-jornada-de-prevencion-de-suicidios-en-nogoya\/#respond"]}]},{"@type":"WebPage","@id":"https:\/\/informelitoral.com.ar\/diputados-participo-de-una-jornada-de-prevencion-de-suicidios-en-nogoya\/","url":"https:\/\/informelitoral.com.ar\/diputados-participo-de-una-jornada-de-prevencion-de-suicidios-en-nogoya\/","name":"Diputados particip\u00f3 de una jornada de prevenci\u00f3n de suicidios en Nogoy\u00e1 - Informe Litoral","isPartOf":{"@id":"https:\/\/informelitoral.com.ar\/#website"},"primaryImageOfPage":{"@id":"https:\/\/informelitoral.com.ar\/diputados-participo-de-una-jornada-de-prevencion-de-suicidios-en-nogoya\/#primaryimage"},"image":{"@id":"https:\/\/informelitoral.com.ar\/diputados-participo-de-una-jornada-de-prevencion-de-suicidios-en-nogoya\/#primaryimage"},"thumbnailUrl":"https:\/\/informelitoral.com.ar\/%77%70%2d%63%6f%6e%74%65%6e%74\/uploads\/2025\/03\/9ec3b117eefe4242f4caf2983e568cdf.jpg","datePublished":"2025-03-10T09:39:02+00:00","dateModified":"2025-03-11T00:42:25+00:00","breadcrumb":{"@id":"https:\/\/informelitoral.com.ar\/diputados-participo-de-una-jornada-de-prevencion-de-suicidios-en-nogoya\/#breadcrumb"},"inLanguage":"es","potentialAction":[{"@type":"ReadAction","target":["https:\/\/informelitoral.com.ar\/diputados-participo-de-una-jornada-de-prevencion-de-suicidios-en-nogoya\/"]}]},{"@type":"ImageObject","inLanguage":"es","@id":"https:\/\/informelitoral.com.ar\/diputados-participo-de-una-jornada-de-prevencion-de-suicidios-en-nogoya\/#primaryimage","url":"https:\/\/informelitoral.com.ar\/%77%70%2d%63%6f%6e%74%65%6e%74\/uploads\/2025\/03\/9ec3b117eefe4242f4caf2983e568cdf.jpg","contentUrl":"https:\/\/informelitoral.com.ar\/%77%70%2d%63%6f%6e%74%65%6e%74\/uploads\/2025\/03\/9ec3b117eefe4242f4caf2983e568cdf.jpg","width":640,"height":427},{"@type":"BreadcrumbList","@id":"https:\/\/informelitoral.com.ar\/diputados-participo-de-una-jornada-de-prevencion-de-suicidios-en-nogoya\/#breadcrumb","itemListElement":[{"@type":"ListItem","position":1,"name":"Portada","item":"https:\/\/informelitoral.com.ar\/"},{"@type":"ListItem","position":2,"name":"Diputados particip\u00f3 de una jornada de prevenci\u00f3n de suicidios en Nogoy\u00e1"}]},{"@type":"WebSite","@id":"https:\/\/informelitoral.com.ar\/#website","url":"https:\/\/informelitoral.com.ar\/","name":"Informe Litoral","description":"&quot;Nos informamos&quot; ","publisher":{"@id":"https:\/\/informelitoral.com.ar\/#organization"},"potentialAction":[{"@type":"SearchAction","target":{"@type":"EntryPoint","urlTemplate":"https:\/\/informelitoral.com.ar\/?s={search_term_string}"},"query-input":{"@type":"PropertyValueSpecification","valueRequired":true,"valueName":"search_term_string"}}],"inLanguage":"es"},{"@type":"Organization","@id":"https:\/\/informelitoral.com.ar\/#organization","name":"Informe Litoral","url":"https:\/\/informelitoral.com.ar\/","logo":{"@type":"ImageObject","inLanguage":"es","@id":"https:\/\/informelitoral.com.ar\/#\/schema\/logo\/image\/","url":"https:\/\/informelitoral.com.ar\/%77%70%2d%63%6f%6e%74%65%6e%74\/uploads\/2021\/01\/circulo.png","contentUrl":"https:\/\/informelitoral.com.ar\/%77%70%2d%63%6f%6e%74%65%6e%74\/uploads\/2021\/01\/circulo.png","width":723,"height":731,"caption":"Informe Litoral"},"image":{"@id":"https:\/\/informelitoral.com.ar\/#\/schema\/logo\/image\/"},"sameAs":["https:\/\/www.facebook.com\/informelitoral\/","https:\/\/x.com\/InformeLitoral","https:\/\/www.instagram.com\/informelitoral\/","https:\/\/www.youtube.com\/channel\/UCua4Qvz8Icb6MYqhoq9xLXw"]},{"@type":"Person","@id":"https:\/\/informelitoral.com.ar\/#\/schema\/person\/b9d00407c836482871ef1d57bf8e3180","name":"Gonzalo Schmidt","image":{"@type":"ImageObject","inLanguage":"es","@id":"https:\/\/secure.gravatar.com\/avatar\/31a1a7b66ff2de83bd0e9fd79d026630d2d99e55e8bfe501287647b4fd9743de?s=96&d=mm&r=g","url":"https:\/\/secure.gravatar.com\/avatar\/31a1a7b66ff2de83bd0e9fd79d026630d2d99e55e8bfe501287647b4fd9743de?s=96&d=mm&r=g","contentUrl":"https:\/\/secure.gravatar.com\/avatar\/31a1a7b66ff2de83bd0e9fd79d026630d2d99e55e8bfe501287647b4fd9743de?s=96&d=mm&r=g","caption":"Gonzalo Schmidt"},"description":"Sitio web de noticias de la provincia de Entre R\u00edos, Argentina. Informaci\u00f3n y entretenimiento. Informe Litoral, nos informamos.","sameAs":["http:\/\/www.isletasnoticias.com.ar"],"url":"https:\/\/informelitoral.com.ar\/author\/gonzalo\/"}]}},"_links":{"self":[{"href":"https:\/\/informelitoral.com.ar\/%77%70%2d%6a%73%6f%6e\/wp\/v2\/posts\/214295","targetHints":{"allow":["GET"]}}],"collection":[{"href":"https:\/\/informelitoral.com.ar\/%77%70%2d%6a%73%6f%6e\/wp\/v2\/posts"}],"about":[{"href":"https:\/\/informelitoral.com.ar\/%77%70%2d%6a%73%6f%6e\/wp\/v2\/types\/post"}],"author":[{"embeddable":true,"href":"https:\/\/informelitoral.com.ar\/%77%70%2d%6a%73%6f%6e\/wp\/v2\/users\/2"}],"replies":[{"embeddable":true,"href":"https:\/\/informelitoral.com.ar\/%77%70%2d%6a%73%6f%6e\/wp\/v2\/comments?post=214295"}],"version-history":[{"count":0,"href":"https:\/\/informelitoral.com.ar\/%77%70%2d%6a%73%6f%6e\/wp\/v2\/posts\/214295\/revisions"}],"wp:featuredmedia":[{"embeddable":true,"href":"https:\/\/informelitoral.com.ar\/%77%70%2d%6a%73%6f%6e\/wp\/v2\/media\/214296"}],"wp:attachment":[{"href":"https:\/\/informelitoral.com.ar\/%77%70%2d%6a%73%6f%6e\/wp\/v2\/media?parent=214295"}],"wp:term":[{"taxonomy":"category","embeddable":true,"href":"https:\/\/informelitoral.com.ar\/%77%70%2d%6a%73%6f%6e\/wp\/v2\/categories?post=214295"},{"taxonomy":"post_tag","embeddable":true,"href":"https:\/\/informelitoral.com.ar\/%77%70%2d%6a%73%6f%6e\/wp\/v2\/tags?post=214295"}],"curies":[{"name":"wp","href":"https:\/\/api.w.org\/{rel}","templated":true}]}}