{"id":214175,"date":"2025-03-09T09:57:19","date_gmt":"2025-03-09T12:57:19","guid":{"rendered":"https:\/\/informelitoral.com.ar\/?p=214175"},"modified":"2025-03-09T09:57:19","modified_gmt":"2025-03-09T12:57:19","slug":"diputado-oficialista-denuncia-un-desastre-ambiental-en-san-jose","status":"publish","type":"post","link":"https:\/\/informelitoral.com.ar\/diputado-oficialista-denuncia-un-desastre-ambiental-en-san-jose\/","title":{"rendered":"Diputado oficialista denuncia un \u00abdesastre ambiental\u00bb en San Jos\u00e9"},"content":{"rendered":"<p>El presidente de la Comisi\u00f3n de Ambiente de la C\u00e1mara de Diputados de Entre R\u00edos, <strong>Juan Manuel Rossi<\/strong> (Partido Socialista-Juntos por Entre R\u00edos) <strong>present\u00f3 un proyecto de resoluci\u00f3n solicitando al Gobierno de la ciudad de San Jos\u00e9 que informe sobre su plan de gesti\u00f3n de residuos s\u00f3lidos urbanos y las medidas adoptadas respecto al basural a cielo abierto Complejo Ambiental San Jos\u00e9.<\/strong><\/p>\n<p>La iniciativa surge a partir de un informe pericial realizado por la doctora en Ingenier\u00eda Qu\u00edmica, <strong>Mar\u00eda Silvina Patterer,<\/strong> que evidenci\u00f3 altos niveles de contaminaci\u00f3n en agua, suelo y aire, as\u00ed como la presencia de residuos peligrosos en el predio. <strong>\u201cLos resultados del peritaje confirman lo que las organizaciones ambientales vienen denunciando hace tiempo, la ausencia de medidas de prevenci\u00f3n y control ha generado un desastre ambiental que afecta directamente la calidad de vida de la poblaci\u00f3n\u201d,<\/strong> expres\u00f3 Rossi.<\/p>\n<p>El informe t\u00e9cnico detalla la <strong>presencia de focos humeantes activos desde enero,<\/strong> la <strong>acumulaci\u00f3n de residuos sin clasificaci\u00f3n ni compactaci\u00f3n, la existencia de sustancias qu\u00edmicas peligrosas y la contaminaci\u00f3n de cuerpos de agua<\/strong> cercanos. Adem\u00e1s, advierte sobre la <strong>falta de medidas de seguridad<\/strong> que podr\u00edan haber evitado la propagaci\u00f3n de incendios y la degradaci\u00f3n del entorno natural.<\/p>\n<p>\u201cComo Estado, tenemos la obligaci\u00f3n de garantizar la protecci\u00f3n del ambiente y la salud de las comunidades. La inacci\u00f3n de las autoridades locales no solo incumple la normativa ambiental vigente, sino que tambi\u00e9n pone en riesgo la biodiversidad y el bienestar de los vecinos\u201d, sostuvo el legislador, y record\u00f3 que la ley provincial 10.311 que responsabiliza a los municipios de la gesti\u00f3n de los residuos en su art\u00edculo 10.<\/p>\n<p>El proyecto de resoluci\u00f3n tambi\u00e9n <strong>insta a las autoridades municipales a tomar medidas urgentes para mitigar el impacto ambiental del basural y garantizar una gesti\u00f3n adecuada de los residuos<\/strong> en cumplimiento de la legislaci\u00f3n vigente. \u201cNo podemos seguir naturalizando este tipo de situaciones. Es urgente que el municipio rinda cuentas y avance en soluciones concretas\u201d, concluy\u00f3.<\/p>\n<h6><em><strong>Del archivo:\u00a0<a href=\"https:\/\/informelitoral.com.ar\/diputados-reclamo-la-actualizacion-de-fondos-de-salto-grande-para-concordia\/\" target=\"_blank\" rel=\"noopener\">Diputados reclam\u00f3 la actualizaci\u00f3n de fondos de Salto Grande para Concordia<\/a><\/strong><\/em><\/h6>\n","protected":false},"excerpt":{"rendered":"<p>Mediante un proyecto de resoluci\u00f3n insta a las autoridades municipales a tomar medidas urgentes para mitigar el impacto ambiental del basural y garantizar una gesti\u00f3n adecuada de los residuos.<\/p>\n","protected":false},"author":2,"featured_media":212462,"comment_status":"open","ping_status":"open","sticky":false,"template":"","format":"standard","meta":{"fifu_image_url":"","fifu_image_alt":"","footnotes":""},"categories":[16],"tags":[46,388,196,1146],"class_list":{"0":"post-214175","1":"post","2":"type-post","3":"status-publish","4":"format-standard","5":"has-post-thumbnail","7":"category-politi","8":"tag-ambiente","9":"tag-diputado","10":"tag-diputados","11":"tag-san-jose"},"yoast_head":"<title>Diputado oficialista denuncia un &quot;desastre ambiental&quot; en San Jos\u00e9 - Informe Litoral<\/title>\n<meta name=\"robots\" content=\"index, follow, max-snippet:-1, max-image-preview:large, max-video-preview:-1\" \/>\n<link rel=\"canonical\" href=\"https:\/\/informelitoral.com.ar\/diputado-oficialista-denuncia-un-desastre-ambiental-en-san-jose\/\" \/>\n<meta property=\"og:locale\" content=\"es_ES\" \/>\n<meta property=\"og:type\" content=\"article\" \/>\n<meta property=\"og:title\" content=\"Diputado oficialista denuncia un &quot;desastre ambiental&quot; en San Jos\u00e9 - Informe Litoral\" \/>\n<meta property=\"og:description\" content=\"Mediante un proyecto de resoluci\u00f3n insta a las autoridades municipales a tomar medidas urgentes para mitigar el impacto ambiental del basural y garantizar una gesti\u00f3n adecuada de los residuos.\" \/>\n<meta property=\"og:url\" content=\"https:\/\/informelitoral.com.ar\/diputado-oficialista-denuncia-un-desastre-ambiental-en-san-jose\/\" \/>\n<meta property=\"og:site_name\" content=\"Informe Litoral\" \/>\n<meta property=\"article:publisher\" content=\"https:\/\/www.facebook.com\/informelitoral\/\" \/>\n<meta property=\"article:published_time\" content=\"2025-03-09T12:57:19+00:00\" \/>\n<meta property=\"og:image\" content=\"https:\/\/informelitoral.com.ar\/%77%70%2d%63%6f%6e%74%65%6e%74\/uploads\/2025\/02\/diputado-juan-manuel-rossi.jpg\" \/>\n\t<meta property=\"og:image:width\" content=\"1440\" \/>\n\t<meta property=\"og:image:height\" content=\"900\" \/>\n\t<meta property=\"og:image:type\" content=\"image\/jpeg\" \/>\n<meta name=\"author\" content=\"Gonzalo Schmidt\" \/>\n<meta name=\"twitter:card\" content=\"summary_large_image\" \/>\n<meta name=\"twitter:creator\" content=\"@InformeLitoral\" \/>\n<meta name=\"twitter:site\" content=\"@InformeLitoral\" \/>\n<meta name=\"twitter:label1\" content=\"Escrito por\" \/>\n\t<meta name=\"twitter:data1\" content=\"Gonzalo Schmidt\" \/>\n\t<meta name=\"twitter:label2\" content=\"Tiempo de lectura\" \/>\n\t<meta name=\"twitter:data2\" content=\"2 minutos\" \/>\n<script type=\"application\/ld+json\" class=\"yoast-schema-graph\">{\"@context\":\"https:\\\/\\\/schema.org\",\"@graph\":[{\"@type\":\"Article\",\"@id\":\"https:\\\/\\\/informelitoral.com.ar\\\/diputado-oficialista-denuncia-un-desastre-ambiental-en-san-jose\\\/#article\",\"isPartOf\":{\"@id\":\"https:\\\/\\\/informelitoral.com.ar\\\/diputado-oficialista-denuncia-un-desastre-ambiental-en-san-jose\\\/\"},\"author\":{\"name\":\"Gonzalo Schmidt\",\"@id\":\"https:\\\/\\\/informelitoral.com.ar\\\/#\\\/schema\\\/person\\\/b9d00407c836482871ef1d57bf8e3180\"},\"headline\":\"Diputado oficialista denuncia un \u00abdesastre ambiental\u00bb en San Jos\u00e9\",\"datePublished\":\"2025-03-09T12:57:19+00:00\",\"mainEntityOfPage\":{\"@id\":\"https:\\\/\\\/informelitoral.com.ar\\\/diputado-oficialista-denuncia-un-desastre-ambiental-en-san-jose\\\/\"},\"wordCount\":377,\"commentCount\":0,\"publisher\":{\"@id\":\"https:\\\/\\\/informelitoral.com.ar\\\/#organization\"},\"image\":{\"@id\":\"https:\\\/\\\/informelitoral.com.ar\\\/diputado-oficialista-denuncia-un-desastre-ambiental-en-san-jose\\\/#primaryimage\"},\"thumbnailUrl\":\"https:\\\/\\\/informelitoral.com.ar\\\/%77%70%2d%63%6f%6e%74%65%6e%74\\\/uploads\\\/2025\\\/02\\\/diputado-juan-manuel-rossi.jpg\",\"keywords\":[\"Ambiente\",\"Diputado\",\"Diputados\",\"San Jos\u00e9\"],\"articleSection\":[\"Politica\"],\"inLanguage\":\"es\",\"potentialAction\":[{\"@type\":\"CommentAction\",\"name\":\"Comment\",\"target\":[\"https:\\\/\\\/informelitoral.com.ar\\\/diputado-oficialista-denuncia-un-desastre-ambiental-en-san-jose\\\/#respond\"]}]},{\"@type\":\"WebPage\",\"@id\":\"https:\\\/\\\/informelitoral.com.ar\\\/diputado-oficialista-denuncia-un-desastre-ambiental-en-san-jose\\\/\",\"url\":\"https:\\\/\\\/informelitoral.com.ar\\\/diputado-oficialista-denuncia-un-desastre-ambiental-en-san-jose\\\/\",\"name\":\"Diputado oficialista denuncia un \\\"desastre ambiental\\\" en San Jos\u00e9 - Informe Litoral\",\"isPartOf\":{\"@id\":\"https:\\\/\\\/informelitoral.com.ar\\\/#website\"},\"primaryImageOfPage\":{\"@id\":\"https:\\\/\\\/informelitoral.com.ar\\\/diputado-oficialista-denuncia-un-desastre-ambiental-en-san-jose\\\/#primaryimage\"},\"image\":{\"@id\":\"https:\\\/\\\/informelitoral.com.ar\\\/diputado-oficialista-denuncia-un-desastre-ambiental-en-san-jose\\\/#primaryimage\"},\"thumbnailUrl\":\"https:\\\/\\\/informelitoral.com.ar\\\/%77%70%2d%63%6f%6e%74%65%6e%74\\\/uploads\\\/2025\\\/02\\\/diputado-juan-manuel-rossi.jpg\",\"datePublished\":\"2025-03-09T12:57:19+00:00\",\"breadcrumb\":{\"@id\":\"https:\\\/\\\/informelitoral.com.ar\\\/diputado-oficialista-denuncia-un-desastre-ambiental-en-san-jose\\\/#breadcrumb\"},\"inLanguage\":\"es\",\"potentialAction\":[{\"@type\":\"ReadAction\",\"target\":[\"https:\\\/\\\/informelitoral.com.ar\\\/diputado-oficialista-denuncia-un-desastre-ambiental-en-san-jose\\\/\"]}]},{\"@type\":\"ImageObject\",\"inLanguage\":\"es\",\"@id\":\"https:\\\/\\\/informelitoral.com.ar\\\/diputado-oficialista-denuncia-un-desastre-ambiental-en-san-jose\\\/#primaryimage\",\"url\":\"https:\\\/\\\/informelitoral.com.ar\\\/%77%70%2d%63%6f%6e%74%65%6e%74\\\/uploads\\\/2025\\\/02\\\/diputado-juan-manuel-rossi.jpg\",\"contentUrl\":\"https:\\\/\\\/informelitoral.com.ar\\\/%77%70%2d%63%6f%6e%74%65%6e%74\\\/uploads\\\/2025\\\/02\\\/diputado-juan-manuel-rossi.jpg\",\"width\":1440,\"height\":900},{\"@type\":\"BreadcrumbList\",\"@id\":\"https:\\\/\\\/informelitoral.com.ar\\\/diputado-oficialista-denuncia-un-desastre-ambiental-en-san-jose\\\/#breadcrumb\",\"itemListElement\":[{\"@type\":\"ListItem\",\"position\":1,\"name\":\"Portada\",\"item\":\"https:\\\/\\\/informelitoral.com.ar\\\/\"},{\"@type\":\"ListItem\",\"position\":2,\"name\":\"Diputado oficialista denuncia un \u00abdesastre ambiental\u00bb en San Jos\u00e9\"}]},{\"@type\":\"WebSite\",\"@id\":\"https:\\\/\\\/informelitoral.com.ar\\\/#website\",\"url\":\"https:\\\/\\\/informelitoral.com.ar\\\/\",\"name\":\"Informe Litoral\",\"description\":\"&quot;Nos informamos&quot; \",\"publisher\":{\"@id\":\"https:\\\/\\\/informelitoral.com.ar\\\/#organization\"},\"potentialAction\":[{\"@type\":\"SearchAction\",\"target\":{\"@type\":\"EntryPoint\",\"urlTemplate\":\"https:\\\/\\\/informelitoral.com.ar\\\/?s={search_term_string}\"},\"query-input\":{\"@type\":\"PropertyValueSpecification\",\"valueRequired\":true,\"valueName\":\"search_term_string\"}}],\"inLanguage\":\"es\"},{\"@type\":\"Organization\",\"@id\":\"https:\\\/\\\/informelitoral.com.ar\\\/#organization\",\"name\":\"Informe Litoral\",\"url\":\"https:\\\/\\\/informelitoral.com.ar\\\/\",\"logo\":{\"@type\":\"ImageObject\",\"inLanguage\":\"es\",\"@id\":\"https:\\\/\\\/informelitoral.com.ar\\\/#\\\/schema\\\/logo\\\/image\\\/\",\"url\":\"https:\\\/\\\/informelitoral.com.ar\\\/%77%70%2d%63%6f%6e%74%65%6e%74\\\/uploads\\\/2021\\\/01\\\/circulo.png\",\"contentUrl\":\"https:\\\/\\\/informelitoral.com.ar\\\/%77%70%2d%63%6f%6e%74%65%6e%74\\\/uploads\\\/2021\\\/01\\\/circulo.png\",\"width\":723,\"height\":731,\"caption\":\"Informe Litoral\"},\"image\":{\"@id\":\"https:\\\/\\\/informelitoral.com.ar\\\/#\\\/schema\\\/logo\\\/image\\\/\"},\"sameAs\":[\"https:\\\/\\\/www.facebook.com\\\/informelitoral\\\/\",\"https:\\\/\\\/x.com\\\/InformeLitoral\",\"https:\\\/\\\/www.instagram.com\\\/informelitoral\\\/\",\"https:\\\/\\\/www.youtube.com\\\/channel\\\/UCua4Qvz8Icb6MYqhoq9xLXw\"]},{\"@type\":\"Person\",\"@id\":\"https:\\\/\\\/informelitoral.com.ar\\\/#\\\/schema\\\/person\\\/b9d00407c836482871ef1d57bf8e3180\",\"name\":\"Gonzalo Schmidt\",\"image\":{\"@type\":\"ImageObject\",\"inLanguage\":\"es\",\"@id\":\"https:\\\/\\\/secure.gravatar.com\\\/avatar\\\/31a1a7b66ff2de83bd0e9fd79d026630d2d99e55e8bfe501287647b4fd9743de?s=96&d=mm&r=g\",\"url\":\"https:\\\/\\\/secure.gravatar.com\\\/avatar\\\/31a1a7b66ff2de83bd0e9fd79d026630d2d99e55e8bfe501287647b4fd9743de?s=96&d=mm&r=g\",\"contentUrl\":\"https:\\\/\\\/secure.gravatar.com\\\/avatar\\\/31a1a7b66ff2de83bd0e9fd79d026630d2d99e55e8bfe501287647b4fd9743de?s=96&d=mm&r=g\",\"caption\":\"Gonzalo Schmidt\"},\"description\":\"Sitio web de noticias de la provincia de Entre R\u00edos, Argentina. Informaci\u00f3n y entretenimiento. Informe Litoral, nos informamos.\",\"sameAs\":[\"http:\\\/\\\/www.isletasnoticias.com.ar\"],\"url\":\"https:\\\/\\\/informelitoral.com.ar\\\/author\\\/gonzalo\\\/\"}]}<\/script>","yoast_head_json":{"title":"Diputado oficialista denuncia un \"desastre ambiental\" en San Jos\u00e9 - Informe Litoral","robots":{"index":"index","follow":"follow","max-snippet":"max-snippet:-1","max-image-preview":"max-image-preview:large","max-video-preview":"max-video-preview:-1"},"canonical":"https:\/\/informelitoral.com.ar\/diputado-oficialista-denuncia-un-desastre-ambiental-en-san-jose\/","og_locale":"es_ES","og_type":"article","og_title":"Diputado oficialista denuncia un \"desastre ambiental\" en San Jos\u00e9 - Informe Litoral","og_description":"Mediante un proyecto de resoluci\u00f3n insta a las autoridades municipales a tomar medidas urgentes para mitigar el impacto ambiental del basural y garantizar una gesti\u00f3n adecuada de los residuos.","og_url":"https:\/\/informelitoral.com.ar\/diputado-oficialista-denuncia-un-desastre-ambiental-en-san-jose\/","og_site_name":"Informe Litoral","article_publisher":"https:\/\/www.facebook.com\/informelitoral\/","article_published_time":"2025-03-09T12:57:19+00:00","og_image":[{"width":1440,"height":900,"url":"https:\/\/informelitoral.com.ar\/%77%70%2d%63%6f%6e%74%65%6e%74\/uploads\/2025\/02\/diputado-juan-manuel-rossi.jpg","type":"image\/jpeg"}],"author":"Gonzalo Schmidt","twitter_card":"summary_large_image","twitter_creator":"@InformeLitoral","twitter_site":"@InformeLitoral","twitter_misc":{"Escrito por":"Gonzalo Schmidt","Tiempo de lectura":"2 minutos"},"schema":{"@context":"https:\/\/schema.org","@graph":[{"@type":"Article","@id":"https:\/\/informelitoral.com.ar\/diputado-oficialista-denuncia-un-desastre-ambiental-en-san-jose\/#article","isPartOf":{"@id":"https:\/\/informelitoral.com.ar\/diputado-oficialista-denuncia-un-desastre-ambiental-en-san-jose\/"},"author":{"name":"Gonzalo Schmidt","@id":"https:\/\/informelitoral.com.ar\/#\/schema\/person\/b9d00407c836482871ef1d57bf8e3180"},"headline":"Diputado oficialista denuncia un \u00abdesastre ambiental\u00bb en San Jos\u00e9","datePublished":"2025-03-09T12:57:19+00:00","mainEntityOfPage":{"@id":"https:\/\/informelitoral.com.ar\/diputado-oficialista-denuncia-un-desastre-ambiental-en-san-jose\/"},"wordCount":377,"commentCount":0,"publisher":{"@id":"https:\/\/informelitoral.com.ar\/#organization"},"image":{"@id":"https:\/\/informelitoral.com.ar\/diputado-oficialista-denuncia-un-desastre-ambiental-en-san-jose\/#primaryimage"},"thumbnailUrl":"https:\/\/informelitoral.com.ar\/%77%70%2d%63%6f%6e%74%65%6e%74\/uploads\/2025\/02\/diputado-juan-manuel-rossi.jpg","keywords":["Ambiente","Diputado","Diputados","San Jos\u00e9"],"articleSection":["Politica"],"inLanguage":"es","potentialAction":[{"@type":"CommentAction","name":"Comment","target":["https:\/\/informelitoral.com.ar\/diputado-oficialista-denuncia-un-desastre-ambiental-en-san-jose\/#respond"]}]},{"@type":"WebPage","@id":"https:\/\/informelitoral.com.ar\/diputado-oficialista-denuncia-un-desastre-ambiental-en-san-jose\/","url":"https:\/\/informelitoral.com.ar\/diputado-oficialista-denuncia-un-desastre-ambiental-en-san-jose\/","name":"Diputado oficialista denuncia un \"desastre ambiental\" en San Jos\u00e9 - Informe Litoral","isPartOf":{"@id":"https:\/\/informelitoral.com.ar\/#website"},"primaryImageOfPage":{"@id":"https:\/\/informelitoral.com.ar\/diputado-oficialista-denuncia-un-desastre-ambiental-en-san-jose\/#primaryimage"},"image":{"@id":"https:\/\/informelitoral.com.ar\/diputado-oficialista-denuncia-un-desastre-ambiental-en-san-jose\/#primaryimage"},"thumbnailUrl":"https:\/\/informelitoral.com.ar\/%77%70%2d%63%6f%6e%74%65%6e%74\/uploads\/2025\/02\/diputado-juan-manuel-rossi.jpg","datePublished":"2025-03-09T12:57:19+00:00","breadcrumb":{"@id":"https:\/\/informelitoral.com.ar\/diputado-oficialista-denuncia-un-desastre-ambiental-en-san-jose\/#breadcrumb"},"inLanguage":"es","potentialAction":[{"@type":"ReadAction","target":["https:\/\/informelitoral.com.ar\/diputado-oficialista-denuncia-un-desastre-ambiental-en-san-jose\/"]}]},{"@type":"ImageObject","inLanguage":"es","@id":"https:\/\/informelitoral.com.ar\/diputado-oficialista-denuncia-un-desastre-ambiental-en-san-jose\/#primaryimage","url":"https:\/\/informelitoral.com.ar\/%77%70%2d%63%6f%6e%74%65%6e%74\/uploads\/2025\/02\/diputado-juan-manuel-rossi.jpg","contentUrl":"https:\/\/informelitoral.com.ar\/%77%70%2d%63%6f%6e%74%65%6e%74\/uploads\/2025\/02\/diputado-juan-manuel-rossi.jpg","width":1440,"height":900},{"@type":"BreadcrumbList","@id":"https:\/\/informelitoral.com.ar\/diputado-oficialista-denuncia-un-desastre-ambiental-en-san-jose\/#breadcrumb","itemListElement":[{"@type":"ListItem","position":1,"name":"Portada","item":"https:\/\/informelitoral.com.ar\/"},{"@type":"ListItem","position":2,"name":"Diputado oficialista denuncia un \u00abdesastre ambiental\u00bb en San Jos\u00e9"}]},{"@type":"WebSite","@id":"https:\/\/informelitoral.com.ar\/#website","url":"https:\/\/informelitoral.com.ar\/","name":"Informe Litoral","description":"&quot;Nos informamos&quot; ","publisher":{"@id":"https:\/\/informelitoral.com.ar\/#organization"},"potentialAction":[{"@type":"SearchAction","target":{"@type":"EntryPoint","urlTemplate":"https:\/\/informelitoral.com.ar\/?s={search_term_string}"},"query-input":{"@type":"PropertyValueSpecification","valueRequired":true,"valueName":"search_term_string"}}],"inLanguage":"es"},{"@type":"Organization","@id":"https:\/\/informelitoral.com.ar\/#organization","name":"Informe Litoral","url":"https:\/\/informelitoral.com.ar\/","logo":{"@type":"ImageObject","inLanguage":"es","@id":"https:\/\/informelitoral.com.ar\/#\/schema\/logo\/image\/","url":"https:\/\/informelitoral.com.ar\/%77%70%2d%63%6f%6e%74%65%6e%74\/uploads\/2021\/01\/circulo.png","contentUrl":"https:\/\/informelitoral.com.ar\/%77%70%2d%63%6f%6e%74%65%6e%74\/uploads\/2021\/01\/circulo.png","width":723,"height":731,"caption":"Informe Litoral"},"image":{"@id":"https:\/\/informelitoral.com.ar\/#\/schema\/logo\/image\/"},"sameAs":["https:\/\/www.facebook.com\/informelitoral\/","https:\/\/x.com\/InformeLitoral","https:\/\/www.instagram.com\/informelitoral\/","https:\/\/www.youtube.com\/channel\/UCua4Qvz8Icb6MYqhoq9xLXw"]},{"@type":"Person","@id":"https:\/\/informelitoral.com.ar\/#\/schema\/person\/b9d00407c836482871ef1d57bf8e3180","name":"Gonzalo Schmidt","image":{"@type":"ImageObject","inLanguage":"es","@id":"https:\/\/secure.gravatar.com\/avatar\/31a1a7b66ff2de83bd0e9fd79d026630d2d99e55e8bfe501287647b4fd9743de?s=96&d=mm&r=g","url":"https:\/\/secure.gravatar.com\/avatar\/31a1a7b66ff2de83bd0e9fd79d026630d2d99e55e8bfe501287647b4fd9743de?s=96&d=mm&r=g","contentUrl":"https:\/\/secure.gravatar.com\/avatar\/31a1a7b66ff2de83bd0e9fd79d026630d2d99e55e8bfe501287647b4fd9743de?s=96&d=mm&r=g","caption":"Gonzalo Schmidt"},"description":"Sitio web de noticias de la provincia de Entre R\u00edos, Argentina. Informaci\u00f3n y entretenimiento. Informe Litoral, nos informamos.","sameAs":["http:\/\/www.isletasnoticias.com.ar"],"url":"https:\/\/informelitoral.com.ar\/author\/gonzalo\/"}]}},"_links":{"self":[{"href":"https:\/\/informelitoral.com.ar\/%77%70%2d%6a%73%6f%6e\/wp\/v2\/posts\/214175","targetHints":{"allow":["GET"]}}],"collection":[{"href":"https:\/\/informelitoral.com.ar\/%77%70%2d%6a%73%6f%6e\/wp\/v2\/posts"}],"about":[{"href":"https:\/\/informelitoral.com.ar\/%77%70%2d%6a%73%6f%6e\/wp\/v2\/types\/post"}],"author":[{"embeddable":true,"href":"https:\/\/informelitoral.com.ar\/%77%70%2d%6a%73%6f%6e\/wp\/v2\/users\/2"}],"replies":[{"embeddable":true,"href":"https:\/\/informelitoral.com.ar\/%77%70%2d%6a%73%6f%6e\/wp\/v2\/comments?post=214175"}],"version-history":[{"count":0,"href":"https:\/\/informelitoral.com.ar\/%77%70%2d%6a%73%6f%6e\/wp\/v2\/posts\/214175\/revisions"}],"wp:featuredmedia":[{"embeddable":true,"href":"https:\/\/informelitoral.com.ar\/%77%70%2d%6a%73%6f%6e\/wp\/v2\/media\/212462"}],"wp:attachment":[{"href":"https:\/\/informelitoral.com.ar\/%77%70%2d%6a%73%6f%6e\/wp\/v2\/media?parent=214175"}],"wp:term":[{"taxonomy":"category","embeddable":true,"href":"https:\/\/informelitoral.com.ar\/%77%70%2d%6a%73%6f%6e\/wp\/v2\/categories?post=214175"},{"taxonomy":"post_tag","embeddable":true,"href":"https:\/\/informelitoral.com.ar\/%77%70%2d%6a%73%6f%6e\/wp\/v2\/tags?post=214175"}],"curies":[{"name":"wp","href":"https:\/\/api.w.org\/{rel}","templated":true}]}}