{"id":214173,"date":"2025-03-09T09:41:06","date_gmt":"2025-03-09T12:41:06","guid":{"rendered":"https:\/\/informelitoral.com.ar\/?p=214173"},"modified":"2025-03-09T09:41:06","modified_gmt":"2025-03-09T12:41:06","slug":"tras-la-lluvia-el-domingo-esta-fresco-y-soleado","status":"publish","type":"post","link":"https:\/\/informelitoral.com.ar\/tras-la-lluvia-el-domingo-esta-fresco-y-soleado\/","title":{"rendered":"Tras la lluvia, el domingo est\u00e1 fresco y soleado"},"content":{"rendered":"<p>\u201cEl intenso frente fr\u00edo con fuertes tormentas asociadas continuaba su curso hacia el norte de Argentina, luego de haber generado un cambio radical de condiciones en la zona central del pa\u00eds\u201d comunic\u00f3 a\u00a0<i>Meteored<\/i>\u00a0el meteor\u00f3logo Christian Garavaglia.<\/p>\n<p>Y explic\u00f3: \u201cEste recambio de aire que se est\u00e1 produciendo es el m\u00e1s significativo en muchas semanas, luego de un extenso periodo con temperaturas extremas en el norte argentino, que por momentos tambi\u00e9n afectaron la zona central en donde se intercalaron periodos muy h\u00famedos con lluvias y tormentas de relevancia\u201d.<\/p>\n<p>\u201cFinalmente el verano, parece poco a poco ir cedi\u00e9ndole espacio al oto\u00f1o, tal como muestra el derrumbe t\u00e9rmico registrado tras el paso del sistema frontal\u201d, indic\u00f3 el especialista. De hecho, la jornada de domingo amaneci\u00f3 fresca en Diamante y la regi\u00f3n y, seg\u00fan el pron\u00f3stico del Servicio Meteorol\u00f3gico Nacional, se prev\u00e9 cielo parcialmente a algo nublado con temperaturas que oscilar\u00e1n entre los 14 y 21\u00baC.<\/p>\n<h2><strong>Pronostico extendido<\/strong><\/h2>\n<p>Para este lunes, se prev\u00e9 que contin\u00fae el clima oto\u00f1al porque se anticipa que las marcas t\u00e9rmicas ronden entre los 17 y 24\u00baC con cielo parcialmente a algo nublado. Para el martes, en tanto, es espera un ascenso de temperatura con una m\u00ednima estimada en 19\u00baC y una m\u00e1xima prevista en 27, con cielo parcialmente nublado.<\/p>\n<p>Mientras que, entre el mi\u00e9rcoles y el viernes, las m\u00e1ximas continuar\u00e1n en incremento hasta llegar a los 30 y 31\u00baC y sin presencia de precipitaciones.<\/p>\n","protected":false},"excerpt":{"rendered":"<p>El oto\u00f1o avisa que est\u00e1 cerca y se anticipa que la m\u00e1xima llegar\u00e1 a solo 21 grados. Reci\u00e9n desde el mi\u00e9rcoles se prev\u00e9 un aumento de temperaturas. Las lluvias por el momento est\u00e1n lejos. <\/p>\n","protected":false},"author":2,"featured_media":55598,"comment_status":"open","ping_status":"open","sticky":false,"template":"","format":"standard","meta":{"fifu_image_url":"","fifu_image_alt":"","footnotes":""},"categories":[6],"tags":[38,37,114,2759],"class_list":{"0":"post-214173","1":"post","2":"type-post","3":"status-publish","4":"format-standard","5":"has-post-thumbnail","7":"category-entre-rios","8":"tag-el-tiempo","9":"tag-otono","10":"tag-pronostico","11":"tag-pronostico-del-tiempo"},"yoast_head":"<title>Tras la lluvia, el domingo est\u00e1 fresco y soleado - Informe Litoral<\/title>\n<meta name=\"robots\" content=\"index, follow, max-snippet:-1, max-image-preview:large, max-video-preview:-1\" \/>\n<link rel=\"canonical\" href=\"https:\/\/informelitoral.com.ar\/tras-la-lluvia-el-domingo-esta-fresco-y-soleado\/\" \/>\n<meta property=\"og:locale\" content=\"es_ES\" \/>\n<meta property=\"og:type\" content=\"article\" \/>\n<meta property=\"og:title\" content=\"Tras la lluvia, el domingo est\u00e1 fresco y soleado - Informe Litoral\" \/>\n<meta property=\"og:description\" content=\"El oto\u00f1o avisa que est\u00e1 cerca y se anticipa que la m\u00e1xima llegar\u00e1 a solo 21 grados. Reci\u00e9n desde el mi\u00e9rcoles se prev\u00e9 un aumento de temperaturas. Las lluvias por el momento est\u00e1n lejos.\" \/>\n<meta property=\"og:url\" content=\"https:\/\/informelitoral.com.ar\/tras-la-lluvia-el-domingo-esta-fresco-y-soleado\/\" \/>\n<meta property=\"og:site_name\" content=\"Informe Litoral\" \/>\n<meta property=\"article:publisher\" content=\"https:\/\/www.facebook.com\/informelitoral\/\" \/>\n<meta property=\"article:published_time\" content=\"2025-03-09T12:41:06+00:00\" \/>\n<meta property=\"og:image\" content=\"https:\/\/informelitoral.com.ar\/%77%70%2d%63%6f%6e%74%65%6e%74\/uploads\/2021\/01\/sol-amanecer.jpg\" \/>\n\t<meta property=\"og:image:width\" content=\"910\" \/>\n\t<meta property=\"og:image:height\" content=\"683\" \/>\n\t<meta property=\"og:image:type\" content=\"image\/jpeg\" \/>\n<meta name=\"author\" content=\"Gonzalo Schmidt\" \/>\n<meta name=\"twitter:card\" content=\"summary_large_image\" \/>\n<meta name=\"twitter:creator\" content=\"@InformeLitoral\" \/>\n<meta name=\"twitter:site\" content=\"@InformeLitoral\" \/>\n<meta name=\"twitter:label1\" content=\"Escrito por\" \/>\n\t<meta name=\"twitter:data1\" content=\"Gonzalo Schmidt\" \/>\n\t<meta name=\"twitter:label2\" content=\"Tiempo de lectura\" \/>\n\t<meta name=\"twitter:data2\" content=\"1 minuto\" \/>\n<script type=\"application\/ld+json\" class=\"yoast-schema-graph\">{\"@context\":\"https:\\\/\\\/schema.org\",\"@graph\":[{\"@type\":\"Article\",\"@id\":\"https:\\\/\\\/informelitoral.com.ar\\\/tras-la-lluvia-el-domingo-esta-fresco-y-soleado\\\/#article\",\"isPartOf\":{\"@id\":\"https:\\\/\\\/informelitoral.com.ar\\\/tras-la-lluvia-el-domingo-esta-fresco-y-soleado\\\/\"},\"author\":{\"name\":\"Gonzalo Schmidt\",\"@id\":\"https:\\\/\\\/informelitoral.com.ar\\\/#\\\/schema\\\/person\\\/b9d00407c836482871ef1d57bf8e3180\"},\"headline\":\"Tras la lluvia, el domingo est\u00e1 fresco y soleado\",\"datePublished\":\"2025-03-09T12:41:06+00:00\",\"mainEntityOfPage\":{\"@id\":\"https:\\\/\\\/informelitoral.com.ar\\\/tras-la-lluvia-el-domingo-esta-fresco-y-soleado\\\/\"},\"wordCount\":263,\"commentCount\":0,\"publisher\":{\"@id\":\"https:\\\/\\\/informelitoral.com.ar\\\/#organization\"},\"image\":{\"@id\":\"https:\\\/\\\/informelitoral.com.ar\\\/tras-la-lluvia-el-domingo-esta-fresco-y-soleado\\\/#primaryimage\"},\"thumbnailUrl\":\"https:\\\/\\\/informelitoral.com.ar\\\/%77%70%2d%63%6f%6e%74%65%6e%74\\\/uploads\\\/2021\\\/01\\\/sol-amanecer.jpg\",\"keywords\":[\"El tiempo\",\"Oto\u00f1o\",\"Pron\u00f3stico\",\"Pron\u00f3stico del tiempo\"],\"articleSection\":[\"Entre R\u00edos\"],\"inLanguage\":\"es\",\"potentialAction\":[{\"@type\":\"CommentAction\",\"name\":\"Comment\",\"target\":[\"https:\\\/\\\/informelitoral.com.ar\\\/tras-la-lluvia-el-domingo-esta-fresco-y-soleado\\\/#respond\"]}]},{\"@type\":\"WebPage\",\"@id\":\"https:\\\/\\\/informelitoral.com.ar\\\/tras-la-lluvia-el-domingo-esta-fresco-y-soleado\\\/\",\"url\":\"https:\\\/\\\/informelitoral.com.ar\\\/tras-la-lluvia-el-domingo-esta-fresco-y-soleado\\\/\",\"name\":\"Tras la lluvia, el domingo est\u00e1 fresco y soleado - Informe Litoral\",\"isPartOf\":{\"@id\":\"https:\\\/\\\/informelitoral.com.ar\\\/#website\"},\"primaryImageOfPage\":{\"@id\":\"https:\\\/\\\/informelitoral.com.ar\\\/tras-la-lluvia-el-domingo-esta-fresco-y-soleado\\\/#primaryimage\"},\"image\":{\"@id\":\"https:\\\/\\\/informelitoral.com.ar\\\/tras-la-lluvia-el-domingo-esta-fresco-y-soleado\\\/#primaryimage\"},\"thumbnailUrl\":\"https:\\\/\\\/informelitoral.com.ar\\\/%77%70%2d%63%6f%6e%74%65%6e%74\\\/uploads\\\/2021\\\/01\\\/sol-amanecer.jpg\",\"datePublished\":\"2025-03-09T12:41:06+00:00\",\"breadcrumb\":{\"@id\":\"https:\\\/\\\/informelitoral.com.ar\\\/tras-la-lluvia-el-domingo-esta-fresco-y-soleado\\\/#breadcrumb\"},\"inLanguage\":\"es\",\"potentialAction\":[{\"@type\":\"ReadAction\",\"target\":[\"https:\\\/\\\/informelitoral.com.ar\\\/tras-la-lluvia-el-domingo-esta-fresco-y-soleado\\\/\"]}]},{\"@type\":\"ImageObject\",\"inLanguage\":\"es\",\"@id\":\"https:\\\/\\\/informelitoral.com.ar\\\/tras-la-lluvia-el-domingo-esta-fresco-y-soleado\\\/#primaryimage\",\"url\":\"https:\\\/\\\/informelitoral.com.ar\\\/%77%70%2d%63%6f%6e%74%65%6e%74\\\/uploads\\\/2021\\\/01\\\/sol-amanecer.jpg\",\"contentUrl\":\"https:\\\/\\\/informelitoral.com.ar\\\/%77%70%2d%63%6f%6e%74%65%6e%74\\\/uploads\\\/2021\\\/01\\\/sol-amanecer.jpg\",\"width\":910,\"height\":683},{\"@type\":\"BreadcrumbList\",\"@id\":\"https:\\\/\\\/informelitoral.com.ar\\\/tras-la-lluvia-el-domingo-esta-fresco-y-soleado\\\/#breadcrumb\",\"itemListElement\":[{\"@type\":\"ListItem\",\"position\":1,\"name\":\"Portada\",\"item\":\"https:\\\/\\\/informelitoral.com.ar\\\/\"},{\"@type\":\"ListItem\",\"position\":2,\"name\":\"Tras la lluvia, el domingo est\u00e1 fresco y soleado\"}]},{\"@type\":\"WebSite\",\"@id\":\"https:\\\/\\\/informelitoral.com.ar\\\/#website\",\"url\":\"https:\\\/\\\/informelitoral.com.ar\\\/\",\"name\":\"Informe Litoral\",\"description\":\"&quot;Nos informamos&quot; \",\"publisher\":{\"@id\":\"https:\\\/\\\/informelitoral.com.ar\\\/#organization\"},\"potentialAction\":[{\"@type\":\"SearchAction\",\"target\":{\"@type\":\"EntryPoint\",\"urlTemplate\":\"https:\\\/\\\/informelitoral.com.ar\\\/?s={search_term_string}\"},\"query-input\":{\"@type\":\"PropertyValueSpecification\",\"valueRequired\":true,\"valueName\":\"search_term_string\"}}],\"inLanguage\":\"es\"},{\"@type\":\"Organization\",\"@id\":\"https:\\\/\\\/informelitoral.com.ar\\\/#organization\",\"name\":\"Informe Litoral\",\"url\":\"https:\\\/\\\/informelitoral.com.ar\\\/\",\"logo\":{\"@type\":\"ImageObject\",\"inLanguage\":\"es\",\"@id\":\"https:\\\/\\\/informelitoral.com.ar\\\/#\\\/schema\\\/logo\\\/image\\\/\",\"url\":\"https:\\\/\\\/informelitoral.com.ar\\\/%77%70%2d%63%6f%6e%74%65%6e%74\\\/uploads\\\/2021\\\/01\\\/circulo.png\",\"contentUrl\":\"https:\\\/\\\/informelitoral.com.ar\\\/%77%70%2d%63%6f%6e%74%65%6e%74\\\/uploads\\\/2021\\\/01\\\/circulo.png\",\"width\":723,\"height\":731,\"caption\":\"Informe Litoral\"},\"image\":{\"@id\":\"https:\\\/\\\/informelitoral.com.ar\\\/#\\\/schema\\\/logo\\\/image\\\/\"},\"sameAs\":[\"https:\\\/\\\/www.facebook.com\\\/informelitoral\\\/\",\"https:\\\/\\\/x.com\\\/InformeLitoral\",\"https:\\\/\\\/www.instagram.com\\\/informelitoral\\\/\",\"https:\\\/\\\/www.youtube.com\\\/channel\\\/UCua4Qvz8Icb6MYqhoq9xLXw\"]},{\"@type\":\"Person\",\"@id\":\"https:\\\/\\\/informelitoral.com.ar\\\/#\\\/schema\\\/person\\\/b9d00407c836482871ef1d57bf8e3180\",\"name\":\"Gonzalo Schmidt\",\"image\":{\"@type\":\"ImageObject\",\"inLanguage\":\"es\",\"@id\":\"https:\\\/\\\/secure.gravatar.com\\\/avatar\\\/31a1a7b66ff2de83bd0e9fd79d026630d2d99e55e8bfe501287647b4fd9743de?s=96&d=mm&r=g\",\"url\":\"https:\\\/\\\/secure.gravatar.com\\\/avatar\\\/31a1a7b66ff2de83bd0e9fd79d026630d2d99e55e8bfe501287647b4fd9743de?s=96&d=mm&r=g\",\"contentUrl\":\"https:\\\/\\\/secure.gravatar.com\\\/avatar\\\/31a1a7b66ff2de83bd0e9fd79d026630d2d99e55e8bfe501287647b4fd9743de?s=96&d=mm&r=g\",\"caption\":\"Gonzalo Schmidt\"},\"description\":\"Sitio web de noticias de la provincia de Entre R\u00edos, Argentina. Informaci\u00f3n y entretenimiento. Informe Litoral, nos informamos.\",\"sameAs\":[\"http:\\\/\\\/www.isletasnoticias.com.ar\"],\"url\":\"https:\\\/\\\/informelitoral.com.ar\\\/author\\\/gonzalo\\\/\"}]}<\/script>","yoast_head_json":{"title":"Tras la lluvia, el domingo est\u00e1 fresco y soleado - Informe Litoral","robots":{"index":"index","follow":"follow","max-snippet":"max-snippet:-1","max-image-preview":"max-image-preview:large","max-video-preview":"max-video-preview:-1"},"canonical":"https:\/\/informelitoral.com.ar\/tras-la-lluvia-el-domingo-esta-fresco-y-soleado\/","og_locale":"es_ES","og_type":"article","og_title":"Tras la lluvia, el domingo est\u00e1 fresco y soleado - Informe Litoral","og_description":"El oto\u00f1o avisa que est\u00e1 cerca y se anticipa que la m\u00e1xima llegar\u00e1 a solo 21 grados. Reci\u00e9n desde el mi\u00e9rcoles se prev\u00e9 un aumento de temperaturas. Las lluvias por el momento est\u00e1n lejos.","og_url":"https:\/\/informelitoral.com.ar\/tras-la-lluvia-el-domingo-esta-fresco-y-soleado\/","og_site_name":"Informe Litoral","article_publisher":"https:\/\/www.facebook.com\/informelitoral\/","article_published_time":"2025-03-09T12:41:06+00:00","og_image":[{"width":910,"height":683,"url":"https:\/\/informelitoral.com.ar\/%77%70%2d%63%6f%6e%74%65%6e%74\/uploads\/2021\/01\/sol-amanecer.jpg","type":"image\/jpeg"}],"author":"Gonzalo Schmidt","twitter_card":"summary_large_image","twitter_creator":"@InformeLitoral","twitter_site":"@InformeLitoral","twitter_misc":{"Escrito por":"Gonzalo Schmidt","Tiempo de lectura":"1 minuto"},"schema":{"@context":"https:\/\/schema.org","@graph":[{"@type":"Article","@id":"https:\/\/informelitoral.com.ar\/tras-la-lluvia-el-domingo-esta-fresco-y-soleado\/#article","isPartOf":{"@id":"https:\/\/informelitoral.com.ar\/tras-la-lluvia-el-domingo-esta-fresco-y-soleado\/"},"author":{"name":"Gonzalo Schmidt","@id":"https:\/\/informelitoral.com.ar\/#\/schema\/person\/b9d00407c836482871ef1d57bf8e3180"},"headline":"Tras la lluvia, el domingo est\u00e1 fresco y soleado","datePublished":"2025-03-09T12:41:06+00:00","mainEntityOfPage":{"@id":"https:\/\/informelitoral.com.ar\/tras-la-lluvia-el-domingo-esta-fresco-y-soleado\/"},"wordCount":263,"commentCount":0,"publisher":{"@id":"https:\/\/informelitoral.com.ar\/#organization"},"image":{"@id":"https:\/\/informelitoral.com.ar\/tras-la-lluvia-el-domingo-esta-fresco-y-soleado\/#primaryimage"},"thumbnailUrl":"https:\/\/informelitoral.com.ar\/%77%70%2d%63%6f%6e%74%65%6e%74\/uploads\/2021\/01\/sol-amanecer.jpg","keywords":["El tiempo","Oto\u00f1o","Pron\u00f3stico","Pron\u00f3stico del tiempo"],"articleSection":["Entre R\u00edos"],"inLanguage":"es","potentialAction":[{"@type":"CommentAction","name":"Comment","target":["https:\/\/informelitoral.com.ar\/tras-la-lluvia-el-domingo-esta-fresco-y-soleado\/#respond"]}]},{"@type":"WebPage","@id":"https:\/\/informelitoral.com.ar\/tras-la-lluvia-el-domingo-esta-fresco-y-soleado\/","url":"https:\/\/informelitoral.com.ar\/tras-la-lluvia-el-domingo-esta-fresco-y-soleado\/","name":"Tras la lluvia, el domingo est\u00e1 fresco y soleado - Informe Litoral","isPartOf":{"@id":"https:\/\/informelitoral.com.ar\/#website"},"primaryImageOfPage":{"@id":"https:\/\/informelitoral.com.ar\/tras-la-lluvia-el-domingo-esta-fresco-y-soleado\/#primaryimage"},"image":{"@id":"https:\/\/informelitoral.com.ar\/tras-la-lluvia-el-domingo-esta-fresco-y-soleado\/#primaryimage"},"thumbnailUrl":"https:\/\/informelitoral.com.ar\/%77%70%2d%63%6f%6e%74%65%6e%74\/uploads\/2021\/01\/sol-amanecer.jpg","datePublished":"2025-03-09T12:41:06+00:00","breadcrumb":{"@id":"https:\/\/informelitoral.com.ar\/tras-la-lluvia-el-domingo-esta-fresco-y-soleado\/#breadcrumb"},"inLanguage":"es","potentialAction":[{"@type":"ReadAction","target":["https:\/\/informelitoral.com.ar\/tras-la-lluvia-el-domingo-esta-fresco-y-soleado\/"]}]},{"@type":"ImageObject","inLanguage":"es","@id":"https:\/\/informelitoral.com.ar\/tras-la-lluvia-el-domingo-esta-fresco-y-soleado\/#primaryimage","url":"https:\/\/informelitoral.com.ar\/%77%70%2d%63%6f%6e%74%65%6e%74\/uploads\/2021\/01\/sol-amanecer.jpg","contentUrl":"https:\/\/informelitoral.com.ar\/%77%70%2d%63%6f%6e%74%65%6e%74\/uploads\/2021\/01\/sol-amanecer.jpg","width":910,"height":683},{"@type":"BreadcrumbList","@id":"https:\/\/informelitoral.com.ar\/tras-la-lluvia-el-domingo-esta-fresco-y-soleado\/#breadcrumb","itemListElement":[{"@type":"ListItem","position":1,"name":"Portada","item":"https:\/\/informelitoral.com.ar\/"},{"@type":"ListItem","position":2,"name":"Tras la lluvia, el domingo est\u00e1 fresco y soleado"}]},{"@type":"WebSite","@id":"https:\/\/informelitoral.com.ar\/#website","url":"https:\/\/informelitoral.com.ar\/","name":"Informe Litoral","description":"&quot;Nos informamos&quot; ","publisher":{"@id":"https:\/\/informelitoral.com.ar\/#organization"},"potentialAction":[{"@type":"SearchAction","target":{"@type":"EntryPoint","urlTemplate":"https:\/\/informelitoral.com.ar\/?s={search_term_string}"},"query-input":{"@type":"PropertyValueSpecification","valueRequired":true,"valueName":"search_term_string"}}],"inLanguage":"es"},{"@type":"Organization","@id":"https:\/\/informelitoral.com.ar\/#organization","name":"Informe Litoral","url":"https:\/\/informelitoral.com.ar\/","logo":{"@type":"ImageObject","inLanguage":"es","@id":"https:\/\/informelitoral.com.ar\/#\/schema\/logo\/image\/","url":"https:\/\/informelitoral.com.ar\/%77%70%2d%63%6f%6e%74%65%6e%74\/uploads\/2021\/01\/circulo.png","contentUrl":"https:\/\/informelitoral.com.ar\/%77%70%2d%63%6f%6e%74%65%6e%74\/uploads\/2021\/01\/circulo.png","width":723,"height":731,"caption":"Informe Litoral"},"image":{"@id":"https:\/\/informelitoral.com.ar\/#\/schema\/logo\/image\/"},"sameAs":["https:\/\/www.facebook.com\/informelitoral\/","https:\/\/x.com\/InformeLitoral","https:\/\/www.instagram.com\/informelitoral\/","https:\/\/www.youtube.com\/channel\/UCua4Qvz8Icb6MYqhoq9xLXw"]},{"@type":"Person","@id":"https:\/\/informelitoral.com.ar\/#\/schema\/person\/b9d00407c836482871ef1d57bf8e3180","name":"Gonzalo Schmidt","image":{"@type":"ImageObject","inLanguage":"es","@id":"https:\/\/secure.gravatar.com\/avatar\/31a1a7b66ff2de83bd0e9fd79d026630d2d99e55e8bfe501287647b4fd9743de?s=96&d=mm&r=g","url":"https:\/\/secure.gravatar.com\/avatar\/31a1a7b66ff2de83bd0e9fd79d026630d2d99e55e8bfe501287647b4fd9743de?s=96&d=mm&r=g","contentUrl":"https:\/\/secure.gravatar.com\/avatar\/31a1a7b66ff2de83bd0e9fd79d026630d2d99e55e8bfe501287647b4fd9743de?s=96&d=mm&r=g","caption":"Gonzalo Schmidt"},"description":"Sitio web de noticias de la provincia de Entre R\u00edos, Argentina. Informaci\u00f3n y entretenimiento. Informe Litoral, nos informamos.","sameAs":["http:\/\/www.isletasnoticias.com.ar"],"url":"https:\/\/informelitoral.com.ar\/author\/gonzalo\/"}]}},"_links":{"self":[{"href":"https:\/\/informelitoral.com.ar\/%77%70%2d%6a%73%6f%6e\/wp\/v2\/posts\/214173","targetHints":{"allow":["GET"]}}],"collection":[{"href":"https:\/\/informelitoral.com.ar\/%77%70%2d%6a%73%6f%6e\/wp\/v2\/posts"}],"about":[{"href":"https:\/\/informelitoral.com.ar\/%77%70%2d%6a%73%6f%6e\/wp\/v2\/types\/post"}],"author":[{"embeddable":true,"href":"https:\/\/informelitoral.com.ar\/%77%70%2d%6a%73%6f%6e\/wp\/v2\/users\/2"}],"replies":[{"embeddable":true,"href":"https:\/\/informelitoral.com.ar\/%77%70%2d%6a%73%6f%6e\/wp\/v2\/comments?post=214173"}],"version-history":[{"count":0,"href":"https:\/\/informelitoral.com.ar\/%77%70%2d%6a%73%6f%6e\/wp\/v2\/posts\/214173\/revisions"}],"wp:featuredmedia":[{"embeddable":true,"href":"https:\/\/informelitoral.com.ar\/%77%70%2d%6a%73%6f%6e\/wp\/v2\/media\/55598"}],"wp:attachment":[{"href":"https:\/\/informelitoral.com.ar\/%77%70%2d%6a%73%6f%6e\/wp\/v2\/media?parent=214173"}],"wp:term":[{"taxonomy":"category","embeddable":true,"href":"https:\/\/informelitoral.com.ar\/%77%70%2d%6a%73%6f%6e\/wp\/v2\/categories?post=214173"},{"taxonomy":"post_tag","embeddable":true,"href":"https:\/\/informelitoral.com.ar\/%77%70%2d%6a%73%6f%6e\/wp\/v2\/tags?post=214173"}],"curies":[{"name":"wp","href":"https:\/\/api.w.org\/{rel}","templated":true}]}}