{"id":213902,"date":"2025-03-06T08:57:49","date_gmt":"2025-03-06T11:57:49","guid":{"rendered":"https:\/\/informelitoral.com.ar\/?p=213902"},"modified":"2025-03-06T10:16:53","modified_gmt":"2025-03-06T13:16:53","slug":"frigerio-y-lauritto-trabajaron-sobre-nuevos-desafios-y-proyectos-para-concepcion-del-uruguay","status":"publish","type":"post","link":"https:\/\/informelitoral.com.ar\/frigerio-y-lauritto-trabajaron-sobre-nuevos-desafios-y-proyectos-para-concepcion-del-uruguay\/","title":{"rendered":"Frigerio y Laurito trabajaron sobre nuevos desaf\u00edos y proyectos para Concepci\u00f3n del Uruguay"},"content":{"rendered":"<p>Seg\u00fan el intendente, el objetivo principal de la reuni\u00f3n fue explorar c\u00f3mo la provincia puede asistir a los municipios ante este nuevo contexto. \u00abEso nos obliga a readecuar la relaci\u00f3n entre provincia y municipio y ver c\u00f3mo nos ayudamos\u00bb, expres\u00f3 Laurito.<\/p>\n<p>Durante el encuentro, desarrollado este mi\u00e9rcoles en la Casa Gris, se abordaron temas vinculados a diversas \u00e1reas fundamentales para el desarrollo de Concepci\u00f3n del Uruguay, como salud, educaci\u00f3n, seguridad y obras p\u00fablicas. En relaci\u00f3n a estas \u00faltimas, el intendente mencion\u00f3 la reanudaci\u00f3n de algunas y la necesidad de extender otras \u00abcomo el acceso norte\u00bb. Reconoci\u00f3 adem\u00e1s la preocupaci\u00f3n de sus pares en relaci\u00f3n a este tema, ya que las \u00abobras p\u00fablicas no es un tema que nosotros podamos enfrentar en el corto plazo, salvo con los recursos que podamos aportar\u00bb, al igual que la situaci\u00f3n de la vivienda.<\/p>\n<p>Otro tema que gener\u00f3 especial atenci\u00f3n fue la situaci\u00f3n econ\u00f3mica y laboral de la ciudad. Lauritto inform\u00f3 sobre el cierre de dependencias de ARCA, ex AFIP, en su ciudad, lo que implica la p\u00e9rdida de \u00ab21 empleos menos\u00bb. Indic\u00f3 que, si bien las agencias recaudadoras se mantendr\u00e1n en otras localidades, como Concordia y Gualeguaych\u00fa, esto representa una \u00abmuy mala noticia\u00bb para Concepci\u00f3n del Uruguay.<\/p>\n<p>Finalmente, se convers\u00f3 sobre el proyecto del tren de cercan\u00eda, una iniciativa en la que el intendente deposita gran entusiasmo. Destac\u00f3 que el tren no se concibe \u00fanicamente como una atracci\u00f3n tur\u00edstica, sino como una soluci\u00f3n significativa para el transporte urbano diario de pasajeros, ofreciendo un \u00abcosto m\u00e1s reducido\u00bb para atravesar la ciudad.<\/p>\n<p>Al retirarse, Lauritto se mostr\u00f3 agradecido por la disposici\u00f3n del gobernador, calificando la audiencia como positiva y enfocada en la articulaci\u00f3n para el inicio de un nuevo a\u00f1o, construyendo una \u00abagenda abierta de trabajo\u00bb entre la provincia y el municipio.<\/p>\n","protected":false},"excerpt":{"rendered":"<p>El intendente de Concepci\u00f3n del Uruguay, Eduardo Laurito, fue recibido por el gobernador Rogelio Frigerio, con qui\u00e9n abord\u00f3 una serie de temas cruciales que impactan a su municipio. Lauritto se\u00f1al\u00f3 que, ante la postura de la Naci\u00f3n respecto a la financiaci\u00f3n de proyectos locales, generando un \u00abescenario nuevo y complejo\u00bb, es necesario \u00abreadecuar la relaci\u00f3n entre provincia y municipio\u00bb.<\/p>\n","protected":false},"author":8,"featured_media":213903,"comment_status":"open","ping_status":"open","sticky":false,"template":"","format":"standard","meta":{"fifu_image_url":"","fifu_image_alt":"","footnotes":""},"categories":[16],"tags":[5610,642,949],"class_list":{"0":"post-213902","1":"post","2":"type-post","3":"status-publish","4":"format-standard","5":"has-post-thumbnail","7":"category-politi","8":"tag-eduardo-laurito","9":"tag-reunion","10":"tag-rogelio-frigerio"},"yoast_head":"<title>Frigerio y Laurito trabajaron sobre nuevos desaf\u00edos y proyectos para Concepci\u00f3n del Uruguay - Informe Litoral<\/title>\n<meta name=\"robots\" content=\"index, follow, max-snippet:-1, max-image-preview:large, max-video-preview:-1\" \/>\n<link rel=\"canonical\" href=\"https:\/\/informelitoral.com.ar\/frigerio-y-lauritto-trabajaron-sobre-nuevos-desafios-y-proyectos-para-concepcion-del-uruguay\/\" \/>\n<meta property=\"og:locale\" content=\"es_ES\" \/>\n<meta property=\"og:type\" content=\"article\" \/>\n<meta property=\"og:title\" content=\"Frigerio y Laurito trabajaron sobre nuevos desaf\u00edos y proyectos para Concepci\u00f3n del Uruguay - Informe Litoral\" \/>\n<meta property=\"og:description\" content=\"El intendente de Concepci\u00f3n del Uruguay, Eduardo Laurito, fue recibido por el gobernador Rogelio Frigerio, con qui\u00e9n abord\u00f3 una serie de temas cruciales que impactan a su municipio. Lauritto se\u00f1al\u00f3 que, ante la postura de la Naci\u00f3n respecto a la financiaci\u00f3n de proyectos locales, generando un &quot;escenario nuevo y complejo&quot;, es necesario &quot;readecuar la relaci\u00f3n entre provincia y municipio&quot;.\" \/>\n<meta property=\"og:url\" content=\"https:\/\/informelitoral.com.ar\/frigerio-y-lauritto-trabajaron-sobre-nuevos-desafios-y-proyectos-para-concepcion-del-uruguay\/\" \/>\n<meta property=\"og:site_name\" content=\"Informe Litoral\" \/>\n<meta property=\"article:publisher\" content=\"https:\/\/www.facebook.com\/informelitoral\/\" \/>\n<meta property=\"article:published_time\" content=\"2025-03-06T11:57:49+00:00\" \/>\n<meta property=\"article:modified_time\" content=\"2025-03-06T13:16:53+00:00\" \/>\n<meta property=\"og:image\" content=\"https:\/\/informelitoral.com.ar\/%77%70%2d%63%6f%6e%74%65%6e%74\/uploads\/2025\/03\/descarga-3-scaled.jpg\" \/>\n\t<meta property=\"og:image:width\" content=\"2560\" \/>\n\t<meta property=\"og:image:height\" content=\"1703\" \/>\n\t<meta property=\"og:image:type\" content=\"image\/jpeg\" \/>\n<meta name=\"author\" content=\"Sebastian\" \/>\n<meta name=\"twitter:card\" content=\"summary_large_image\" \/>\n<meta name=\"twitter:creator\" content=\"@InformeLitoral\" \/>\n<meta name=\"twitter:site\" content=\"@InformeLitoral\" \/>\n<meta name=\"twitter:label1\" content=\"Escrito por\" \/>\n\t<meta name=\"twitter:data1\" content=\"Sebastian\" \/>\n\t<meta name=\"twitter:label2\" content=\"Tiempo de lectura\" \/>\n\t<meta name=\"twitter:data2\" content=\"2 minutos\" \/>\n<script type=\"application\/ld+json\" class=\"yoast-schema-graph\">{\"@context\":\"https:\\\/\\\/schema.org\",\"@graph\":[{\"@type\":\"Article\",\"@id\":\"https:\\\/\\\/informelitoral.com.ar\\\/frigerio-y-lauritto-trabajaron-sobre-nuevos-desafios-y-proyectos-para-concepcion-del-uruguay\\\/#article\",\"isPartOf\":{\"@id\":\"https:\\\/\\\/informelitoral.com.ar\\\/frigerio-y-lauritto-trabajaron-sobre-nuevos-desafios-y-proyectos-para-concepcion-del-uruguay\\\/\"},\"author\":{\"name\":\"Sebastian\",\"@id\":\"https:\\\/\\\/informelitoral.com.ar\\\/#\\\/schema\\\/person\\\/f05f9f461677119578717524b127d6d5\"},\"headline\":\"Frigerio y Laurito trabajaron sobre nuevos desaf\u00edos y proyectos para Concepci\u00f3n del Uruguay\",\"datePublished\":\"2025-03-06T11:57:49+00:00\",\"dateModified\":\"2025-03-06T13:16:53+00:00\",\"mainEntityOfPage\":{\"@id\":\"https:\\\/\\\/informelitoral.com.ar\\\/frigerio-y-lauritto-trabajaron-sobre-nuevos-desafios-y-proyectos-para-concepcion-del-uruguay\\\/\"},\"wordCount\":340,\"commentCount\":0,\"publisher\":{\"@id\":\"https:\\\/\\\/informelitoral.com.ar\\\/#organization\"},\"image\":{\"@id\":\"https:\\\/\\\/informelitoral.com.ar\\\/frigerio-y-lauritto-trabajaron-sobre-nuevos-desafios-y-proyectos-para-concepcion-del-uruguay\\\/#primaryimage\"},\"thumbnailUrl\":\"https:\\\/\\\/informelitoral.com.ar\\\/%77%70%2d%63%6f%6e%74%65%6e%74\\\/uploads\\\/2025\\\/03\\\/descarga-3-scaled.jpg\",\"keywords\":[\"Eduardo Laurito\",\"Reuni\u00f3n\",\"Rogelio Frigerio\"],\"articleSection\":[\"Politica\"],\"inLanguage\":\"es\",\"potentialAction\":[{\"@type\":\"CommentAction\",\"name\":\"Comment\",\"target\":[\"https:\\\/\\\/informelitoral.com.ar\\\/frigerio-y-lauritto-trabajaron-sobre-nuevos-desafios-y-proyectos-para-concepcion-del-uruguay\\\/#respond\"]}]},{\"@type\":\"WebPage\",\"@id\":\"https:\\\/\\\/informelitoral.com.ar\\\/frigerio-y-lauritto-trabajaron-sobre-nuevos-desafios-y-proyectos-para-concepcion-del-uruguay\\\/\",\"url\":\"https:\\\/\\\/informelitoral.com.ar\\\/frigerio-y-lauritto-trabajaron-sobre-nuevos-desafios-y-proyectos-para-concepcion-del-uruguay\\\/\",\"name\":\"Frigerio y Laurito trabajaron sobre nuevos desaf\u00edos y proyectos para Concepci\u00f3n del Uruguay - Informe Litoral\",\"isPartOf\":{\"@id\":\"https:\\\/\\\/informelitoral.com.ar\\\/#website\"},\"primaryImageOfPage\":{\"@id\":\"https:\\\/\\\/informelitoral.com.ar\\\/frigerio-y-lauritto-trabajaron-sobre-nuevos-desafios-y-proyectos-para-concepcion-del-uruguay\\\/#primaryimage\"},\"image\":{\"@id\":\"https:\\\/\\\/informelitoral.com.ar\\\/frigerio-y-lauritto-trabajaron-sobre-nuevos-desafios-y-proyectos-para-concepcion-del-uruguay\\\/#primaryimage\"},\"thumbnailUrl\":\"https:\\\/\\\/informelitoral.com.ar\\\/%77%70%2d%63%6f%6e%74%65%6e%74\\\/uploads\\\/2025\\\/03\\\/descarga-3-scaled.jpg\",\"datePublished\":\"2025-03-06T11:57:49+00:00\",\"dateModified\":\"2025-03-06T13:16:53+00:00\",\"breadcrumb\":{\"@id\":\"https:\\\/\\\/informelitoral.com.ar\\\/frigerio-y-lauritto-trabajaron-sobre-nuevos-desafios-y-proyectos-para-concepcion-del-uruguay\\\/#breadcrumb\"},\"inLanguage\":\"es\",\"potentialAction\":[{\"@type\":\"ReadAction\",\"target\":[\"https:\\\/\\\/informelitoral.com.ar\\\/frigerio-y-lauritto-trabajaron-sobre-nuevos-desafios-y-proyectos-para-concepcion-del-uruguay\\\/\"]}]},{\"@type\":\"ImageObject\",\"inLanguage\":\"es\",\"@id\":\"https:\\\/\\\/informelitoral.com.ar\\\/frigerio-y-lauritto-trabajaron-sobre-nuevos-desafios-y-proyectos-para-concepcion-del-uruguay\\\/#primaryimage\",\"url\":\"https:\\\/\\\/informelitoral.com.ar\\\/%77%70%2d%63%6f%6e%74%65%6e%74\\\/uploads\\\/2025\\\/03\\\/descarga-3-scaled.jpg\",\"contentUrl\":\"https:\\\/\\\/informelitoral.com.ar\\\/%77%70%2d%63%6f%6e%74%65%6e%74\\\/uploads\\\/2025\\\/03\\\/descarga-3-scaled.jpg\",\"width\":2560,\"height\":1703},{\"@type\":\"BreadcrumbList\",\"@id\":\"https:\\\/\\\/informelitoral.com.ar\\\/frigerio-y-lauritto-trabajaron-sobre-nuevos-desafios-y-proyectos-para-concepcion-del-uruguay\\\/#breadcrumb\",\"itemListElement\":[{\"@type\":\"ListItem\",\"position\":1,\"name\":\"Portada\",\"item\":\"https:\\\/\\\/informelitoral.com.ar\\\/\"},{\"@type\":\"ListItem\",\"position\":2,\"name\":\"Frigerio y Laurito trabajaron sobre nuevos desaf\u00edos y proyectos para Concepci\u00f3n del Uruguay\"}]},{\"@type\":\"WebSite\",\"@id\":\"https:\\\/\\\/informelitoral.com.ar\\\/#website\",\"url\":\"https:\\\/\\\/informelitoral.com.ar\\\/\",\"name\":\"Informe Litoral\",\"description\":\"&quot;Nos informamos&quot; \",\"publisher\":{\"@id\":\"https:\\\/\\\/informelitoral.com.ar\\\/#organization\"},\"potentialAction\":[{\"@type\":\"SearchAction\",\"target\":{\"@type\":\"EntryPoint\",\"urlTemplate\":\"https:\\\/\\\/informelitoral.com.ar\\\/?s={search_term_string}\"},\"query-input\":{\"@type\":\"PropertyValueSpecification\",\"valueRequired\":true,\"valueName\":\"search_term_string\"}}],\"inLanguage\":\"es\"},{\"@type\":\"Organization\",\"@id\":\"https:\\\/\\\/informelitoral.com.ar\\\/#organization\",\"name\":\"Informe Litoral\",\"url\":\"https:\\\/\\\/informelitoral.com.ar\\\/\",\"logo\":{\"@type\":\"ImageObject\",\"inLanguage\":\"es\",\"@id\":\"https:\\\/\\\/informelitoral.com.ar\\\/#\\\/schema\\\/logo\\\/image\\\/\",\"url\":\"https:\\\/\\\/informelitoral.com.ar\\\/%77%70%2d%63%6f%6e%74%65%6e%74\\\/uploads\\\/2021\\\/01\\\/circulo.png\",\"contentUrl\":\"https:\\\/\\\/informelitoral.com.ar\\\/%77%70%2d%63%6f%6e%74%65%6e%74\\\/uploads\\\/2021\\\/01\\\/circulo.png\",\"width\":723,\"height\":731,\"caption\":\"Informe Litoral\"},\"image\":{\"@id\":\"https:\\\/\\\/informelitoral.com.ar\\\/#\\\/schema\\\/logo\\\/image\\\/\"},\"sameAs\":[\"https:\\\/\\\/www.facebook.com\\\/informelitoral\\\/\",\"https:\\\/\\\/x.com\\\/InformeLitoral\",\"https:\\\/\\\/www.instagram.com\\\/informelitoral\\\/\",\"https:\\\/\\\/www.youtube.com\\\/channel\\\/UCua4Qvz8Icb6MYqhoq9xLXw\"]},{\"@type\":\"Person\",\"@id\":\"https:\\\/\\\/informelitoral.com.ar\\\/#\\\/schema\\\/person\\\/f05f9f461677119578717524b127d6d5\",\"name\":\"Sebastian\",\"image\":{\"@type\":\"ImageObject\",\"inLanguage\":\"es\",\"@id\":\"https:\\\/\\\/secure.gravatar.com\\\/avatar\\\/b71bf7481d447dfb9583c7f2798e7cc64de6efb9067b74633ed8c31059a3bd82?s=96&d=mm&r=g\",\"url\":\"https:\\\/\\\/secure.gravatar.com\\\/avatar\\\/b71bf7481d447dfb9583c7f2798e7cc64de6efb9067b74633ed8c31059a3bd82?s=96&d=mm&r=g\",\"contentUrl\":\"https:\\\/\\\/secure.gravatar.com\\\/avatar\\\/b71bf7481d447dfb9583c7f2798e7cc64de6efb9067b74633ed8c31059a3bd82?s=96&d=mm&r=g\",\"caption\":\"Sebastian\"},\"url\":\"https:\\\/\\\/informelitoral.com.ar\\\/author\\\/sebastian\\\/\"}]}<\/script>","yoast_head_json":{"title":"Frigerio y Laurito trabajaron sobre nuevos desaf\u00edos y proyectos para Concepci\u00f3n del Uruguay - Informe Litoral","robots":{"index":"index","follow":"follow","max-snippet":"max-snippet:-1","max-image-preview":"max-image-preview:large","max-video-preview":"max-video-preview:-1"},"canonical":"https:\/\/informelitoral.com.ar\/frigerio-y-lauritto-trabajaron-sobre-nuevos-desafios-y-proyectos-para-concepcion-del-uruguay\/","og_locale":"es_ES","og_type":"article","og_title":"Frigerio y Laurito trabajaron sobre nuevos desaf\u00edos y proyectos para Concepci\u00f3n del Uruguay - Informe Litoral","og_description":"El intendente de Concepci\u00f3n del Uruguay, Eduardo Laurito, fue recibido por el gobernador Rogelio Frigerio, con qui\u00e9n abord\u00f3 una serie de temas cruciales que impactan a su municipio. Lauritto se\u00f1al\u00f3 que, ante la postura de la Naci\u00f3n respecto a la financiaci\u00f3n de proyectos locales, generando un \"escenario nuevo y complejo\", es necesario \"readecuar la relaci\u00f3n entre provincia y municipio\".","og_url":"https:\/\/informelitoral.com.ar\/frigerio-y-lauritto-trabajaron-sobre-nuevos-desafios-y-proyectos-para-concepcion-del-uruguay\/","og_site_name":"Informe Litoral","article_publisher":"https:\/\/www.facebook.com\/informelitoral\/","article_published_time":"2025-03-06T11:57:49+00:00","article_modified_time":"2025-03-06T13:16:53+00:00","og_image":[{"width":2560,"height":1703,"url":"https:\/\/informelitoral.com.ar\/%77%70%2d%63%6f%6e%74%65%6e%74\/uploads\/2025\/03\/descarga-3-scaled.jpg","type":"image\/jpeg"}],"author":"Sebastian","twitter_card":"summary_large_image","twitter_creator":"@InformeLitoral","twitter_site":"@InformeLitoral","twitter_misc":{"Escrito por":"Sebastian","Tiempo de lectura":"2 minutos"},"schema":{"@context":"https:\/\/schema.org","@graph":[{"@type":"Article","@id":"https:\/\/informelitoral.com.ar\/frigerio-y-lauritto-trabajaron-sobre-nuevos-desafios-y-proyectos-para-concepcion-del-uruguay\/#article","isPartOf":{"@id":"https:\/\/informelitoral.com.ar\/frigerio-y-lauritto-trabajaron-sobre-nuevos-desafios-y-proyectos-para-concepcion-del-uruguay\/"},"author":{"name":"Sebastian","@id":"https:\/\/informelitoral.com.ar\/#\/schema\/person\/f05f9f461677119578717524b127d6d5"},"headline":"Frigerio y Laurito trabajaron sobre nuevos desaf\u00edos y proyectos para Concepci\u00f3n del Uruguay","datePublished":"2025-03-06T11:57:49+00:00","dateModified":"2025-03-06T13:16:53+00:00","mainEntityOfPage":{"@id":"https:\/\/informelitoral.com.ar\/frigerio-y-lauritto-trabajaron-sobre-nuevos-desafios-y-proyectos-para-concepcion-del-uruguay\/"},"wordCount":340,"commentCount":0,"publisher":{"@id":"https:\/\/informelitoral.com.ar\/#organization"},"image":{"@id":"https:\/\/informelitoral.com.ar\/frigerio-y-lauritto-trabajaron-sobre-nuevos-desafios-y-proyectos-para-concepcion-del-uruguay\/#primaryimage"},"thumbnailUrl":"https:\/\/informelitoral.com.ar\/%77%70%2d%63%6f%6e%74%65%6e%74\/uploads\/2025\/03\/descarga-3-scaled.jpg","keywords":["Eduardo Laurito","Reuni\u00f3n","Rogelio Frigerio"],"articleSection":["Politica"],"inLanguage":"es","potentialAction":[{"@type":"CommentAction","name":"Comment","target":["https:\/\/informelitoral.com.ar\/frigerio-y-lauritto-trabajaron-sobre-nuevos-desafios-y-proyectos-para-concepcion-del-uruguay\/#respond"]}]},{"@type":"WebPage","@id":"https:\/\/informelitoral.com.ar\/frigerio-y-lauritto-trabajaron-sobre-nuevos-desafios-y-proyectos-para-concepcion-del-uruguay\/","url":"https:\/\/informelitoral.com.ar\/frigerio-y-lauritto-trabajaron-sobre-nuevos-desafios-y-proyectos-para-concepcion-del-uruguay\/","name":"Frigerio y Laurito trabajaron sobre nuevos desaf\u00edos y proyectos para Concepci\u00f3n del Uruguay - Informe Litoral","isPartOf":{"@id":"https:\/\/informelitoral.com.ar\/#website"},"primaryImageOfPage":{"@id":"https:\/\/informelitoral.com.ar\/frigerio-y-lauritto-trabajaron-sobre-nuevos-desafios-y-proyectos-para-concepcion-del-uruguay\/#primaryimage"},"image":{"@id":"https:\/\/informelitoral.com.ar\/frigerio-y-lauritto-trabajaron-sobre-nuevos-desafios-y-proyectos-para-concepcion-del-uruguay\/#primaryimage"},"thumbnailUrl":"https:\/\/informelitoral.com.ar\/%77%70%2d%63%6f%6e%74%65%6e%74\/uploads\/2025\/03\/descarga-3-scaled.jpg","datePublished":"2025-03-06T11:57:49+00:00","dateModified":"2025-03-06T13:16:53+00:00","breadcrumb":{"@id":"https:\/\/informelitoral.com.ar\/frigerio-y-lauritto-trabajaron-sobre-nuevos-desafios-y-proyectos-para-concepcion-del-uruguay\/#breadcrumb"},"inLanguage":"es","potentialAction":[{"@type":"ReadAction","target":["https:\/\/informelitoral.com.ar\/frigerio-y-lauritto-trabajaron-sobre-nuevos-desafios-y-proyectos-para-concepcion-del-uruguay\/"]}]},{"@type":"ImageObject","inLanguage":"es","@id":"https:\/\/informelitoral.com.ar\/frigerio-y-lauritto-trabajaron-sobre-nuevos-desafios-y-proyectos-para-concepcion-del-uruguay\/#primaryimage","url":"https:\/\/informelitoral.com.ar\/%77%70%2d%63%6f%6e%74%65%6e%74\/uploads\/2025\/03\/descarga-3-scaled.jpg","contentUrl":"https:\/\/informelitoral.com.ar\/%77%70%2d%63%6f%6e%74%65%6e%74\/uploads\/2025\/03\/descarga-3-scaled.jpg","width":2560,"height":1703},{"@type":"BreadcrumbList","@id":"https:\/\/informelitoral.com.ar\/frigerio-y-lauritto-trabajaron-sobre-nuevos-desafios-y-proyectos-para-concepcion-del-uruguay\/#breadcrumb","itemListElement":[{"@type":"ListItem","position":1,"name":"Portada","item":"https:\/\/informelitoral.com.ar\/"},{"@type":"ListItem","position":2,"name":"Frigerio y Laurito trabajaron sobre nuevos desaf\u00edos y proyectos para Concepci\u00f3n del Uruguay"}]},{"@type":"WebSite","@id":"https:\/\/informelitoral.com.ar\/#website","url":"https:\/\/informelitoral.com.ar\/","name":"Informe Litoral","description":"&quot;Nos informamos&quot; ","publisher":{"@id":"https:\/\/informelitoral.com.ar\/#organization"},"potentialAction":[{"@type":"SearchAction","target":{"@type":"EntryPoint","urlTemplate":"https:\/\/informelitoral.com.ar\/?s={search_term_string}"},"query-input":{"@type":"PropertyValueSpecification","valueRequired":true,"valueName":"search_term_string"}}],"inLanguage":"es"},{"@type":"Organization","@id":"https:\/\/informelitoral.com.ar\/#organization","name":"Informe Litoral","url":"https:\/\/informelitoral.com.ar\/","logo":{"@type":"ImageObject","inLanguage":"es","@id":"https:\/\/informelitoral.com.ar\/#\/schema\/logo\/image\/","url":"https:\/\/informelitoral.com.ar\/%77%70%2d%63%6f%6e%74%65%6e%74\/uploads\/2021\/01\/circulo.png","contentUrl":"https:\/\/informelitoral.com.ar\/%77%70%2d%63%6f%6e%74%65%6e%74\/uploads\/2021\/01\/circulo.png","width":723,"height":731,"caption":"Informe Litoral"},"image":{"@id":"https:\/\/informelitoral.com.ar\/#\/schema\/logo\/image\/"},"sameAs":["https:\/\/www.facebook.com\/informelitoral\/","https:\/\/x.com\/InformeLitoral","https:\/\/www.instagram.com\/informelitoral\/","https:\/\/www.youtube.com\/channel\/UCua4Qvz8Icb6MYqhoq9xLXw"]},{"@type":"Person","@id":"https:\/\/informelitoral.com.ar\/#\/schema\/person\/f05f9f461677119578717524b127d6d5","name":"Sebastian","image":{"@type":"ImageObject","inLanguage":"es","@id":"https:\/\/secure.gravatar.com\/avatar\/b71bf7481d447dfb9583c7f2798e7cc64de6efb9067b74633ed8c31059a3bd82?s=96&d=mm&r=g","url":"https:\/\/secure.gravatar.com\/avatar\/b71bf7481d447dfb9583c7f2798e7cc64de6efb9067b74633ed8c31059a3bd82?s=96&d=mm&r=g","contentUrl":"https:\/\/secure.gravatar.com\/avatar\/b71bf7481d447dfb9583c7f2798e7cc64de6efb9067b74633ed8c31059a3bd82?s=96&d=mm&r=g","caption":"Sebastian"},"url":"https:\/\/informelitoral.com.ar\/author\/sebastian\/"}]}},"_links":{"self":[{"href":"https:\/\/informelitoral.com.ar\/%77%70%2d%6a%73%6f%6e\/wp\/v2\/posts\/213902","targetHints":{"allow":["GET"]}}],"collection":[{"href":"https:\/\/informelitoral.com.ar\/%77%70%2d%6a%73%6f%6e\/wp\/v2\/posts"}],"about":[{"href":"https:\/\/informelitoral.com.ar\/%77%70%2d%6a%73%6f%6e\/wp\/v2\/types\/post"}],"author":[{"embeddable":true,"href":"https:\/\/informelitoral.com.ar\/%77%70%2d%6a%73%6f%6e\/wp\/v2\/users\/8"}],"replies":[{"embeddable":true,"href":"https:\/\/informelitoral.com.ar\/%77%70%2d%6a%73%6f%6e\/wp\/v2\/comments?post=213902"}],"version-history":[{"count":0,"href":"https:\/\/informelitoral.com.ar\/%77%70%2d%6a%73%6f%6e\/wp\/v2\/posts\/213902\/revisions"}],"wp:featuredmedia":[{"embeddable":true,"href":"https:\/\/informelitoral.com.ar\/%77%70%2d%6a%73%6f%6e\/wp\/v2\/media\/213903"}],"wp:attachment":[{"href":"https:\/\/informelitoral.com.ar\/%77%70%2d%6a%73%6f%6e\/wp\/v2\/media?parent=213902"}],"wp:term":[{"taxonomy":"category","embeddable":true,"href":"https:\/\/informelitoral.com.ar\/%77%70%2d%6a%73%6f%6e\/wp\/v2\/categories?post=213902"},{"taxonomy":"post_tag","embeddable":true,"href":"https:\/\/informelitoral.com.ar\/%77%70%2d%6a%73%6f%6e\/wp\/v2\/tags?post=213902"}],"curies":[{"name":"wp","href":"https:\/\/api.w.org\/{rel}","templated":true}]}}