{"id":213895,"date":"2025-03-06T08:36:18","date_gmt":"2025-03-06T11:36:18","guid":{"rendered":"https:\/\/informelitoral.com.ar\/?p=213895"},"modified":"2025-03-06T17:37:24","modified_gmt":"2025-03-06T20:37:24","slug":"ayuda-escolar-anual-2025-quienes-pueden-cobrarla","status":"publish","type":"post","link":"https:\/\/informelitoral.com.ar\/ayuda-escolar-anual-2025-quienes-pueden-cobrarla\/","title":{"rendered":"Ayuda Escolar Anual: qui\u00e9nes pueden cobrarla"},"content":{"rendered":"<p>La Ayuda Escolar Anual, una asignaci\u00f3n \u00fanica otorgada por el Gobierno, est\u00e1 disponible para todas las familias que tengan hijos en edad escolar, desde el nivel jard\u00edn de infantes, preescolar, primaria hasta secundaria.\u00a0<b>Este beneficio est\u00e1 destinado a aquellos grupos familiares cuyo Ingreso del Grupo Familiar (IGF) no supere los $4.023.266,<\/b>\u00a0sin embargo, no existen l\u00edmites de ingresos para aquellos hogares con hijos que tengan alguna discapacidad. Como se establece en las normativas, esta asignaci\u00f3n es percibida \u00fanicamente por uno de los padres al a\u00f1o, buscando garantizar la equidad en su distribuci\u00f3n.<\/p>\n<p><b>El monto inicial de esta ayuda fue definido en $130.702<\/b>, aunque se ha informado recientemente sobre un refuerzo econ\u00f3mico adicional, que podr\u00eda alcanzar o incluso superar los $85.000, dependiendo de la situaci\u00f3n particular de cada familia. Este ajuste econ\u00f3mico fue comunicado de forma oficial tras su publicaci\u00f3n en el Bolet\u00edn Oficial. La ampliaci\u00f3n de este beneficio tiene como objetivo proporcionar un apoyo m\u00e1s s\u00f3lido a las familias en medio de la creciente demanda de recursos para la educaci\u00f3n.<\/p>\n<h2><strong>Proceso de pago y requisitos para la acreditaci\u00f3n<\/strong><\/h2>\n<p>El proceso de pago de la Ayuda Escolar Anual se llevar\u00e1 a cabo de forma autom\u00e1tica para aquellas familias que ya se encuentran registradas. Sin embargo, en los casos en los que no se haya realizado el dep\u00f3sito, los responsables deber\u00e1n presentar el certificado original que acredite la condici\u00f3n del ni\u00f1o, ni\u00f1a o adolescente como alumno regular del establecimiento educativo correspondiente.<\/p>\n<div class=\"embed nota-relacionada\">\n<div class=\"inner-art\">\n<article class=\" en-bandera\">\n<header class=\"en-bandera__header\">\n<h2 class=\"en-bandera__h2 titulo-sub \"><strong>Oficializan el bono para jubilados en marzo y confirman qui\u00e9nes lo cobrar\u00e1n<\/strong><\/h2>\n<\/header>\n<\/article>\n<\/div>\n<\/div>\n<p><b>Este certificado debe ser entregado al comienzo del ciclo lectivo, con un plazo que se extiende hasta el 31 de marzo.<\/b>\u00a0En caso de no cumplirse esta fecha, ser\u00e1 indispensable realizar la gesti\u00f3n a trav\u00e9s de ANSES para acreditar la escolaridad.<\/p>\n<p>El objetivo de este proceso es facilitar el acceso al beneficio a todas las familias dentro de los plazos establecidos, asegurando que la ayuda llegue a quienes realmente la necesiten. Adem\u00e1s, aquellos que no hayan podido completar la documentaci\u00f3n requerida en tiempo y forma podr\u00e1n regularizar su situaci\u00f3n directamente con ANSES para recibir la asignaci\u00f3n correspondiente. De esta manera, se busca garantizar que todos los ni\u00f1os y adolescentes en edad escolar reciban el apoyo que les corresponde.<\/p>\n<h2><strong>Qu\u00e9 se necesita para acceder al beneficio<\/strong><\/h2>\n<p><b>Para acceder al beneficio de la Ayuda Escolar Anual, uno de los requisitos principales es presentar la declaraci\u00f3n jurada de salario familiar, un paso esencial en el marco establecido para la solicitud. Esta declaraci\u00f3n, junto con el certificado de escolaridad que acredite la asistencia regular del ni\u00f1o, ni\u00f1a o adolescente al sistema educativo formal, es indispensable para completar el proceso<\/b>. Dicho certificado debe ser emitido por el establecimiento educativo correspondiente, ya sea p\u00fablico o privado.<\/p>\n<p>Adem\u00e1s de estos documentos, existen otros criterios que las familias deben cumplir. Es necesario percibir un salario por hijo, o por hijo con discapacidad, para ser considerado elegible. Asimismo, las disposiciones vigentes exigen que los antecedentes laborales de ambos progenitores sean presentados durante la solicitud del subsidio, con el fin de garantizar que se cumple con las condiciones para el acceso a la ayuda.<\/p>\n<h2><strong>Beneficiarios<\/strong><\/h2>\n<p>ANSES, la Administraci\u00f3n Nacional de la Seguridad Social, establece que las asignaciones para la ayuda escolar anual benefician a las familias cuyos hijos asisten a instituciones educativas y cumplen con los requisitos estipulados. En particular, no existen l\u00edmites de edad para acceder a este beneficio en el caso de personas con discapacidad que participen en educaci\u00f3n especial, talleres protegidos, centros de rehabilitaci\u00f3n o est\u00e9n bajo la gu\u00eda de maestros particulares matriculados, de acuerdo con las normativas del organismo.<\/p>\n<p>Para los menores de 18 a\u00f1os, la asignaci\u00f3n est\u00e1 destinada a aquellos que est\u00e9n matriculados en instituciones de ense\u00f1anza inicial, primaria o secundaria, ya sean p\u00fablicas, privadas, municipales, provinciales o nacionales, siempre que est\u00e9n incluidas y fiscalizadas bajo el sistema oficial de educaci\u00f3n. ANSES especifica que los beneficiarios pueden comenzar a recibir esta ayuda a partir de los 45 d\u00edas de vida hasta el mes en el que cumplan los 18 a\u00f1os, siempre que est\u00e9n escolarizados.<\/p>\n<p>Este beneficio se extiende tambi\u00e9n a los estudiantes con discapacidad, quienes tienen acceso a las escuelas especiales, los talleres y otros espacios educativos relacionados con la discapacidad, tanto p\u00fablicos como privados<\/p>\n<h2><strong>El pago se realiza seg\u00fan el \u00faltimo n\u00famero del DNI del beneficiario:<\/strong><\/h2>\n<p><b>DNI terminados en 0<\/b>: Mi\u00e9rcoles 12 de marzo.<\/p>\n<p><b>DNI terminados en 1<\/b>: Jueves 13 de marzo.<\/p>\n<p><b>Con DNI terminados en 2<\/b>: Viernes 14 de marzo.<\/p>\n<p><b>DNI terminados en 3<\/b>: Lunes 17 de marzo.<\/p>\n<p><b>DNI terminados en 4<\/b>: Martes 18 de marzo.<\/p>\n<p><b>Con DNI terminados en 5<\/b>: Mi\u00e9rcoles 19 de marzo.<\/p>\n<p><b>DNI terminados en 6<\/b>: Jueves 20 de marzo.<\/p>\n<p><b>DNI terminados en 7<\/b>: Viernes 21 de marzo.<\/p>\n<p><b>Con DNI terminados en 8<\/b>: Lunes 25 de marzo.<\/p>\n<p><b>DNI terminados en 9<\/b>: Martes 26 de marzo.<\/p>\n<h2><strong>C\u00f3mo tramitar la ayuda escolar anual<\/strong><\/h2>\n<p>Ingresar a Mi ANSES, clickear en \u201cHijos\u201d y luego \u201cPresentar Certificado Escolar\u201d<\/p>\n<p>Completar los datos solicitados y elegir \u201cGenerar Certificado\u201d.<\/p>\n<p>Seguidamente se debe imprimir el certificado y llevarlo al establecimiento educativo para que lo completen y firmen.<\/p>\n<p>Tomar una foto del formulario completo y firmado<\/p>\n<p>Regresar al sitio de ANSES, seleccionar \u201cSubir Certificado\u201d, y cargarla.<\/p>\n","protected":false},"excerpt":{"rendered":"<p>El beneficio est\u00e1 destinado a familias cuyo Ingreso del Grupo Familiar (IGF) no supere los $4.023.266, sin l\u00edmites de ingresos para hijos con discapacidad. Este a\u00f1o, el monto inicial es de $130.702, con la posibilidad de un refuerzo de hasta $85.000.<\/p>\n","protected":false},"author":8,"featured_media":119562,"comment_status":"open","ping_status":"open","sticky":false,"template":"","format":"standard","meta":{"fifu_image_url":"","fifu_image_alt":"","footnotes":""},"categories":[7],"tags":[4647,1178],"class_list":{"0":"post-213895","1":"post","2":"type-post","3":"status-publish","4":"format-standard","5":"has-post-thumbnail","7":"category-nacionales","8":"tag-ayuda-escolar","9":"tag-cronograma-de-pago"},"yoast_head":"<title>Ayuda Escolar Anual: qui\u00e9nes pueden cobrarla - Informe Litoral<\/title>\n<meta name=\"robots\" content=\"index, follow, max-snippet:-1, max-image-preview:large, max-video-preview:-1\" \/>\n<link rel=\"canonical\" href=\"https:\/\/informelitoral.com.ar\/ayuda-escolar-anual-2025-quienes-pueden-cobrarla\/\" \/>\n<meta property=\"og:locale\" content=\"es_ES\" \/>\n<meta property=\"og:type\" content=\"article\" \/>\n<meta property=\"og:title\" content=\"Ayuda Escolar Anual: qui\u00e9nes pueden cobrarla - Informe Litoral\" \/>\n<meta property=\"og:description\" content=\"El beneficio est\u00e1 destinado a familias cuyo Ingreso del Grupo Familiar (IGF) no supere los $4.023.266, sin l\u00edmites de ingresos para hijos con discapacidad. Este a\u00f1o, el monto inicial es de $130.702, con la posibilidad de un refuerzo de hasta $85.000.\" \/>\n<meta property=\"og:url\" content=\"https:\/\/informelitoral.com.ar\/ayuda-escolar-anual-2025-quienes-pueden-cobrarla\/\" \/>\n<meta property=\"og:site_name\" content=\"Informe Litoral\" \/>\n<meta property=\"article:publisher\" content=\"https:\/\/www.facebook.com\/informelitoral\/\" \/>\n<meta property=\"article:published_time\" content=\"2025-03-06T11:36:18+00:00\" \/>\n<meta property=\"article:modified_time\" content=\"2025-03-06T20:37:24+00:00\" \/>\n<meta property=\"og:image\" content=\"https:\/\/informelitoral.com.ar\/%77%70%2d%63%6f%6e%74%65%6e%74\/uploads\/2023\/02\/ya-comenzo-la-temporada-venta-utiles-escolares-la-ciudad-productos-todos-los-bolsillos.webp\" \/>\n\t<meta property=\"og:image:width\" content=\"770\" \/>\n\t<meta property=\"og:image:height\" content=\"433\" \/>\n\t<meta property=\"og:image:type\" content=\"image\/webp\" \/>\n<meta name=\"author\" content=\"Sebastian\" \/>\n<meta name=\"twitter:card\" content=\"summary_large_image\" \/>\n<meta name=\"twitter:creator\" content=\"@InformeLitoral\" \/>\n<meta name=\"twitter:site\" content=\"@InformeLitoral\" \/>\n<meta name=\"twitter:label1\" content=\"Escrito por\" \/>\n\t<meta name=\"twitter:data1\" content=\"Sebastian\" \/>\n\t<meta name=\"twitter:label2\" content=\"Tiempo de lectura\" \/>\n\t<meta name=\"twitter:data2\" content=\"4 minutos\" \/>\n<script type=\"application\/ld+json\" class=\"yoast-schema-graph\">{\"@context\":\"https:\\\/\\\/schema.org\",\"@graph\":[{\"@type\":\"Article\",\"@id\":\"https:\\\/\\\/informelitoral.com.ar\\\/ayuda-escolar-anual-2025-quienes-pueden-cobrarla\\\/#article\",\"isPartOf\":{\"@id\":\"https:\\\/\\\/informelitoral.com.ar\\\/ayuda-escolar-anual-2025-quienes-pueden-cobrarla\\\/\"},\"author\":{\"name\":\"Sebastian\",\"@id\":\"https:\\\/\\\/informelitoral.com.ar\\\/#\\\/schema\\\/person\\\/f05f9f461677119578717524b127d6d5\"},\"headline\":\"Ayuda Escolar Anual: qui\u00e9nes pueden cobrarla\",\"datePublished\":\"2025-03-06T11:36:18+00:00\",\"dateModified\":\"2025-03-06T20:37:24+00:00\",\"mainEntityOfPage\":{\"@id\":\"https:\\\/\\\/informelitoral.com.ar\\\/ayuda-escolar-anual-2025-quienes-pueden-cobrarla\\\/\"},\"wordCount\":899,\"commentCount\":0,\"publisher\":{\"@id\":\"https:\\\/\\\/informelitoral.com.ar\\\/#organization\"},\"image\":{\"@id\":\"https:\\\/\\\/informelitoral.com.ar\\\/ayuda-escolar-anual-2025-quienes-pueden-cobrarla\\\/#primaryimage\"},\"thumbnailUrl\":\"https:\\\/\\\/informelitoral.com.ar\\\/%77%70%2d%63%6f%6e%74%65%6e%74\\\/uploads\\\/2023\\\/02\\\/ya-comenzo-la-temporada-venta-utiles-escolares-la-ciudad-productos-todos-los-bolsillos.webp\",\"keywords\":[\"Ayuda escolar\",\"Cronograma de pago\"],\"articleSection\":[\"Nacionales\"],\"inLanguage\":\"es\",\"potentialAction\":[{\"@type\":\"CommentAction\",\"name\":\"Comment\",\"target\":[\"https:\\\/\\\/informelitoral.com.ar\\\/ayuda-escolar-anual-2025-quienes-pueden-cobrarla\\\/#respond\"]}]},{\"@type\":\"WebPage\",\"@id\":\"https:\\\/\\\/informelitoral.com.ar\\\/ayuda-escolar-anual-2025-quienes-pueden-cobrarla\\\/\",\"url\":\"https:\\\/\\\/informelitoral.com.ar\\\/ayuda-escolar-anual-2025-quienes-pueden-cobrarla\\\/\",\"name\":\"Ayuda Escolar Anual: qui\u00e9nes pueden cobrarla - Informe Litoral\",\"isPartOf\":{\"@id\":\"https:\\\/\\\/informelitoral.com.ar\\\/#website\"},\"primaryImageOfPage\":{\"@id\":\"https:\\\/\\\/informelitoral.com.ar\\\/ayuda-escolar-anual-2025-quienes-pueden-cobrarla\\\/#primaryimage\"},\"image\":{\"@id\":\"https:\\\/\\\/informelitoral.com.ar\\\/ayuda-escolar-anual-2025-quienes-pueden-cobrarla\\\/#primaryimage\"},\"thumbnailUrl\":\"https:\\\/\\\/informelitoral.com.ar\\\/%77%70%2d%63%6f%6e%74%65%6e%74\\\/uploads\\\/2023\\\/02\\\/ya-comenzo-la-temporada-venta-utiles-escolares-la-ciudad-productos-todos-los-bolsillos.webp\",\"datePublished\":\"2025-03-06T11:36:18+00:00\",\"dateModified\":\"2025-03-06T20:37:24+00:00\",\"breadcrumb\":{\"@id\":\"https:\\\/\\\/informelitoral.com.ar\\\/ayuda-escolar-anual-2025-quienes-pueden-cobrarla\\\/#breadcrumb\"},\"inLanguage\":\"es\",\"potentialAction\":[{\"@type\":\"ReadAction\",\"target\":[\"https:\\\/\\\/informelitoral.com.ar\\\/ayuda-escolar-anual-2025-quienes-pueden-cobrarla\\\/\"]}]},{\"@type\":\"ImageObject\",\"inLanguage\":\"es\",\"@id\":\"https:\\\/\\\/informelitoral.com.ar\\\/ayuda-escolar-anual-2025-quienes-pueden-cobrarla\\\/#primaryimage\",\"url\":\"https:\\\/\\\/informelitoral.com.ar\\\/%77%70%2d%63%6f%6e%74%65%6e%74\\\/uploads\\\/2023\\\/02\\\/ya-comenzo-la-temporada-venta-utiles-escolares-la-ciudad-productos-todos-los-bolsillos.webp\",\"contentUrl\":\"https:\\\/\\\/informelitoral.com.ar\\\/%77%70%2d%63%6f%6e%74%65%6e%74\\\/uploads\\\/2023\\\/02\\\/ya-comenzo-la-temporada-venta-utiles-escolares-la-ciudad-productos-todos-los-bolsillos.webp\",\"width\":770,\"height\":433},{\"@type\":\"BreadcrumbList\",\"@id\":\"https:\\\/\\\/informelitoral.com.ar\\\/ayuda-escolar-anual-2025-quienes-pueden-cobrarla\\\/#breadcrumb\",\"itemListElement\":[{\"@type\":\"ListItem\",\"position\":1,\"name\":\"Portada\",\"item\":\"https:\\\/\\\/informelitoral.com.ar\\\/\"},{\"@type\":\"ListItem\",\"position\":2,\"name\":\"Ayuda Escolar Anual: qui\u00e9nes pueden cobrarla\"}]},{\"@type\":\"WebSite\",\"@id\":\"https:\\\/\\\/informelitoral.com.ar\\\/#website\",\"url\":\"https:\\\/\\\/informelitoral.com.ar\\\/\",\"name\":\"Informe Litoral\",\"description\":\"&quot;Nos informamos&quot; \",\"publisher\":{\"@id\":\"https:\\\/\\\/informelitoral.com.ar\\\/#organization\"},\"potentialAction\":[{\"@type\":\"SearchAction\",\"target\":{\"@type\":\"EntryPoint\",\"urlTemplate\":\"https:\\\/\\\/informelitoral.com.ar\\\/?s={search_term_string}\"},\"query-input\":{\"@type\":\"PropertyValueSpecification\",\"valueRequired\":true,\"valueName\":\"search_term_string\"}}],\"inLanguage\":\"es\"},{\"@type\":\"Organization\",\"@id\":\"https:\\\/\\\/informelitoral.com.ar\\\/#organization\",\"name\":\"Informe Litoral\",\"url\":\"https:\\\/\\\/informelitoral.com.ar\\\/\",\"logo\":{\"@type\":\"ImageObject\",\"inLanguage\":\"es\",\"@id\":\"https:\\\/\\\/informelitoral.com.ar\\\/#\\\/schema\\\/logo\\\/image\\\/\",\"url\":\"https:\\\/\\\/informelitoral.com.ar\\\/%77%70%2d%63%6f%6e%74%65%6e%74\\\/uploads\\\/2021\\\/01\\\/circulo.png\",\"contentUrl\":\"https:\\\/\\\/informelitoral.com.ar\\\/%77%70%2d%63%6f%6e%74%65%6e%74\\\/uploads\\\/2021\\\/01\\\/circulo.png\",\"width\":723,\"height\":731,\"caption\":\"Informe Litoral\"},\"image\":{\"@id\":\"https:\\\/\\\/informelitoral.com.ar\\\/#\\\/schema\\\/logo\\\/image\\\/\"},\"sameAs\":[\"https:\\\/\\\/www.facebook.com\\\/informelitoral\\\/\",\"https:\\\/\\\/x.com\\\/InformeLitoral\",\"https:\\\/\\\/www.instagram.com\\\/informelitoral\\\/\",\"https:\\\/\\\/www.youtube.com\\\/channel\\\/UCua4Qvz8Icb6MYqhoq9xLXw\"]},{\"@type\":\"Person\",\"@id\":\"https:\\\/\\\/informelitoral.com.ar\\\/#\\\/schema\\\/person\\\/f05f9f461677119578717524b127d6d5\",\"name\":\"Sebastian\",\"image\":{\"@type\":\"ImageObject\",\"inLanguage\":\"es\",\"@id\":\"https:\\\/\\\/secure.gravatar.com\\\/avatar\\\/b71bf7481d447dfb9583c7f2798e7cc64de6efb9067b74633ed8c31059a3bd82?s=96&d=mm&r=g\",\"url\":\"https:\\\/\\\/secure.gravatar.com\\\/avatar\\\/b71bf7481d447dfb9583c7f2798e7cc64de6efb9067b74633ed8c31059a3bd82?s=96&d=mm&r=g\",\"contentUrl\":\"https:\\\/\\\/secure.gravatar.com\\\/avatar\\\/b71bf7481d447dfb9583c7f2798e7cc64de6efb9067b74633ed8c31059a3bd82?s=96&d=mm&r=g\",\"caption\":\"Sebastian\"},\"url\":\"https:\\\/\\\/informelitoral.com.ar\\\/author\\\/sebastian\\\/\"}]}<\/script>","yoast_head_json":{"title":"Ayuda Escolar Anual: qui\u00e9nes pueden cobrarla - Informe Litoral","robots":{"index":"index","follow":"follow","max-snippet":"max-snippet:-1","max-image-preview":"max-image-preview:large","max-video-preview":"max-video-preview:-1"},"canonical":"https:\/\/informelitoral.com.ar\/ayuda-escolar-anual-2025-quienes-pueden-cobrarla\/","og_locale":"es_ES","og_type":"article","og_title":"Ayuda Escolar Anual: qui\u00e9nes pueden cobrarla - Informe Litoral","og_description":"El beneficio est\u00e1 destinado a familias cuyo Ingreso del Grupo Familiar (IGF) no supere los $4.023.266, sin l\u00edmites de ingresos para hijos con discapacidad. Este a\u00f1o, el monto inicial es de $130.702, con la posibilidad de un refuerzo de hasta $85.000.","og_url":"https:\/\/informelitoral.com.ar\/ayuda-escolar-anual-2025-quienes-pueden-cobrarla\/","og_site_name":"Informe Litoral","article_publisher":"https:\/\/www.facebook.com\/informelitoral\/","article_published_time":"2025-03-06T11:36:18+00:00","article_modified_time":"2025-03-06T20:37:24+00:00","og_image":[{"width":770,"height":433,"url":"https:\/\/informelitoral.com.ar\/%77%70%2d%63%6f%6e%74%65%6e%74\/uploads\/2023\/02\/ya-comenzo-la-temporada-venta-utiles-escolares-la-ciudad-productos-todos-los-bolsillos.webp","type":"image\/webp"}],"author":"Sebastian","twitter_card":"summary_large_image","twitter_creator":"@InformeLitoral","twitter_site":"@InformeLitoral","twitter_misc":{"Escrito por":"Sebastian","Tiempo de lectura":"4 minutos"},"schema":{"@context":"https:\/\/schema.org","@graph":[{"@type":"Article","@id":"https:\/\/informelitoral.com.ar\/ayuda-escolar-anual-2025-quienes-pueden-cobrarla\/#article","isPartOf":{"@id":"https:\/\/informelitoral.com.ar\/ayuda-escolar-anual-2025-quienes-pueden-cobrarla\/"},"author":{"name":"Sebastian","@id":"https:\/\/informelitoral.com.ar\/#\/schema\/person\/f05f9f461677119578717524b127d6d5"},"headline":"Ayuda Escolar Anual: qui\u00e9nes pueden cobrarla","datePublished":"2025-03-06T11:36:18+00:00","dateModified":"2025-03-06T20:37:24+00:00","mainEntityOfPage":{"@id":"https:\/\/informelitoral.com.ar\/ayuda-escolar-anual-2025-quienes-pueden-cobrarla\/"},"wordCount":899,"commentCount":0,"publisher":{"@id":"https:\/\/informelitoral.com.ar\/#organization"},"image":{"@id":"https:\/\/informelitoral.com.ar\/ayuda-escolar-anual-2025-quienes-pueden-cobrarla\/#primaryimage"},"thumbnailUrl":"https:\/\/informelitoral.com.ar\/%77%70%2d%63%6f%6e%74%65%6e%74\/uploads\/2023\/02\/ya-comenzo-la-temporada-venta-utiles-escolares-la-ciudad-productos-todos-los-bolsillos.webp","keywords":["Ayuda escolar","Cronograma de pago"],"articleSection":["Nacionales"],"inLanguage":"es","potentialAction":[{"@type":"CommentAction","name":"Comment","target":["https:\/\/informelitoral.com.ar\/ayuda-escolar-anual-2025-quienes-pueden-cobrarla\/#respond"]}]},{"@type":"WebPage","@id":"https:\/\/informelitoral.com.ar\/ayuda-escolar-anual-2025-quienes-pueden-cobrarla\/","url":"https:\/\/informelitoral.com.ar\/ayuda-escolar-anual-2025-quienes-pueden-cobrarla\/","name":"Ayuda Escolar Anual: qui\u00e9nes pueden cobrarla - Informe Litoral","isPartOf":{"@id":"https:\/\/informelitoral.com.ar\/#website"},"primaryImageOfPage":{"@id":"https:\/\/informelitoral.com.ar\/ayuda-escolar-anual-2025-quienes-pueden-cobrarla\/#primaryimage"},"image":{"@id":"https:\/\/informelitoral.com.ar\/ayuda-escolar-anual-2025-quienes-pueden-cobrarla\/#primaryimage"},"thumbnailUrl":"https:\/\/informelitoral.com.ar\/%77%70%2d%63%6f%6e%74%65%6e%74\/uploads\/2023\/02\/ya-comenzo-la-temporada-venta-utiles-escolares-la-ciudad-productos-todos-los-bolsillos.webp","datePublished":"2025-03-06T11:36:18+00:00","dateModified":"2025-03-06T20:37:24+00:00","breadcrumb":{"@id":"https:\/\/informelitoral.com.ar\/ayuda-escolar-anual-2025-quienes-pueden-cobrarla\/#breadcrumb"},"inLanguage":"es","potentialAction":[{"@type":"ReadAction","target":["https:\/\/informelitoral.com.ar\/ayuda-escolar-anual-2025-quienes-pueden-cobrarla\/"]}]},{"@type":"ImageObject","inLanguage":"es","@id":"https:\/\/informelitoral.com.ar\/ayuda-escolar-anual-2025-quienes-pueden-cobrarla\/#primaryimage","url":"https:\/\/informelitoral.com.ar\/%77%70%2d%63%6f%6e%74%65%6e%74\/uploads\/2023\/02\/ya-comenzo-la-temporada-venta-utiles-escolares-la-ciudad-productos-todos-los-bolsillos.webp","contentUrl":"https:\/\/informelitoral.com.ar\/%77%70%2d%63%6f%6e%74%65%6e%74\/uploads\/2023\/02\/ya-comenzo-la-temporada-venta-utiles-escolares-la-ciudad-productos-todos-los-bolsillos.webp","width":770,"height":433},{"@type":"BreadcrumbList","@id":"https:\/\/informelitoral.com.ar\/ayuda-escolar-anual-2025-quienes-pueden-cobrarla\/#breadcrumb","itemListElement":[{"@type":"ListItem","position":1,"name":"Portada","item":"https:\/\/informelitoral.com.ar\/"},{"@type":"ListItem","position":2,"name":"Ayuda Escolar Anual: qui\u00e9nes pueden cobrarla"}]},{"@type":"WebSite","@id":"https:\/\/informelitoral.com.ar\/#website","url":"https:\/\/informelitoral.com.ar\/","name":"Informe Litoral","description":"&quot;Nos informamos&quot; ","publisher":{"@id":"https:\/\/informelitoral.com.ar\/#organization"},"potentialAction":[{"@type":"SearchAction","target":{"@type":"EntryPoint","urlTemplate":"https:\/\/informelitoral.com.ar\/?s={search_term_string}"},"query-input":{"@type":"PropertyValueSpecification","valueRequired":true,"valueName":"search_term_string"}}],"inLanguage":"es"},{"@type":"Organization","@id":"https:\/\/informelitoral.com.ar\/#organization","name":"Informe Litoral","url":"https:\/\/informelitoral.com.ar\/","logo":{"@type":"ImageObject","inLanguage":"es","@id":"https:\/\/informelitoral.com.ar\/#\/schema\/logo\/image\/","url":"https:\/\/informelitoral.com.ar\/%77%70%2d%63%6f%6e%74%65%6e%74\/uploads\/2021\/01\/circulo.png","contentUrl":"https:\/\/informelitoral.com.ar\/%77%70%2d%63%6f%6e%74%65%6e%74\/uploads\/2021\/01\/circulo.png","width":723,"height":731,"caption":"Informe Litoral"},"image":{"@id":"https:\/\/informelitoral.com.ar\/#\/schema\/logo\/image\/"},"sameAs":["https:\/\/www.facebook.com\/informelitoral\/","https:\/\/x.com\/InformeLitoral","https:\/\/www.instagram.com\/informelitoral\/","https:\/\/www.youtube.com\/channel\/UCua4Qvz8Icb6MYqhoq9xLXw"]},{"@type":"Person","@id":"https:\/\/informelitoral.com.ar\/#\/schema\/person\/f05f9f461677119578717524b127d6d5","name":"Sebastian","image":{"@type":"ImageObject","inLanguage":"es","@id":"https:\/\/secure.gravatar.com\/avatar\/b71bf7481d447dfb9583c7f2798e7cc64de6efb9067b74633ed8c31059a3bd82?s=96&d=mm&r=g","url":"https:\/\/secure.gravatar.com\/avatar\/b71bf7481d447dfb9583c7f2798e7cc64de6efb9067b74633ed8c31059a3bd82?s=96&d=mm&r=g","contentUrl":"https:\/\/secure.gravatar.com\/avatar\/b71bf7481d447dfb9583c7f2798e7cc64de6efb9067b74633ed8c31059a3bd82?s=96&d=mm&r=g","caption":"Sebastian"},"url":"https:\/\/informelitoral.com.ar\/author\/sebastian\/"}]}},"_links":{"self":[{"href":"https:\/\/informelitoral.com.ar\/%77%70%2d%6a%73%6f%6e\/wp\/v2\/posts\/213895","targetHints":{"allow":["GET"]}}],"collection":[{"href":"https:\/\/informelitoral.com.ar\/%77%70%2d%6a%73%6f%6e\/wp\/v2\/posts"}],"about":[{"href":"https:\/\/informelitoral.com.ar\/%77%70%2d%6a%73%6f%6e\/wp\/v2\/types\/post"}],"author":[{"embeddable":true,"href":"https:\/\/informelitoral.com.ar\/%77%70%2d%6a%73%6f%6e\/wp\/v2\/users\/8"}],"replies":[{"embeddable":true,"href":"https:\/\/informelitoral.com.ar\/%77%70%2d%6a%73%6f%6e\/wp\/v2\/comments?post=213895"}],"version-history":[{"count":0,"href":"https:\/\/informelitoral.com.ar\/%77%70%2d%6a%73%6f%6e\/wp\/v2\/posts\/213895\/revisions"}],"wp:featuredmedia":[{"embeddable":true,"href":"https:\/\/informelitoral.com.ar\/%77%70%2d%6a%73%6f%6e\/wp\/v2\/media\/119562"}],"wp:attachment":[{"href":"https:\/\/informelitoral.com.ar\/%77%70%2d%6a%73%6f%6e\/wp\/v2\/media?parent=213895"}],"wp:term":[{"taxonomy":"category","embeddable":true,"href":"https:\/\/informelitoral.com.ar\/%77%70%2d%6a%73%6f%6e\/wp\/v2\/categories?post=213895"},{"taxonomy":"post_tag","embeddable":true,"href":"https:\/\/informelitoral.com.ar\/%77%70%2d%6a%73%6f%6e\/wp\/v2\/tags?post=213895"}],"curies":[{"name":"wp","href":"https:\/\/api.w.org\/{rel}","templated":true}]}}