{"id":213890,"date":"2025-03-06T07:55:30","date_gmt":"2025-03-06T10:55:30","guid":{"rendered":"https:\/\/informelitoral.com.ar\/?p=213890"},"modified":"2025-03-06T07:55:30","modified_gmt":"2025-03-06T10:55:30","slug":"febrero-tuvo-valores-positivos-para-todas-las-categorias-en-los-remates-de-la-ganadera","status":"publish","type":"post","link":"https:\/\/informelitoral.com.ar\/febrero-tuvo-valores-positivos-para-todas-las-categorias-en-los-remates-de-la-ganadera\/","title":{"rendered":"Febrero tuvo valores positivos para todas las categor\u00edas en los remates de La Ganadera"},"content":{"rendered":"<p>En el segundo mes de 2025 se obtuvieron valores positivos en todas las categor\u00edas de la hacienda en pie, se\u00f1al\u00f3 en su an\u00e1lisis mensual la cooperativa La Ganadera, de General Ram\u00edrez, sobre la base de los precios alcanzados en sus diferentes instalaciones de remates feria. A lo largo del mes, los precios de la hacienda en pie lograron una estabilizaci\u00f3n.<\/p>\n<p>Por otro lado, el consumo liviano sigue mostrando un buen ritmo, impulsado por la escasez de mercader\u00eda, logrando un aumento significativo del 7,33%.<\/p>\n<p>En cuanto a la exportaci\u00f3n, se mantiene estable con leves aumentos. Adem\u00e1s, la hacienda destinada a invernada logr\u00f3 aumentos, alcanzando valores considerables en lotes de calidad. Esto se tradujo en aumentos respecto a meses anteriores del 6,70% para las hembras y del 1,93% para los machos.<\/p>\n<p>El \u00cdndice Novillo de Arrendamiento se ubic\u00f3, en febrero, en 2.300,30 pesos.<\/p>\n<p><a href=\"https:\/\/informelitoral.com.ar\/%77%70%2d%63%6f%6e%74%65%6e%74\/uploads\/2025\/03\/c60bd48a-e7b1-484d-bebc-d6b7e371b1df.jpg\"><img loading=\"lazy\" decoding=\"async\" class=\"aligncenter wp-image-213891 size-full\" src=\"https:\/\/informelitoral.com.ar\/%77%70%2d%63%6f%6e%74%65%6e%74\/uploads\/2025\/03\/c60bd48a-e7b1-484d-bebc-d6b7e371b1df.jpg\" alt=\"\" width=\"900\" height=\"1600\" srcset=\"https:\/\/informelitoral.com.ar\/%77%70%2d%63%6f%6e%74%65%6e%74\/uploads\/2025\/03\/c60bd48a-e7b1-484d-bebc-d6b7e371b1df.jpg 900w, https:\/\/informelitoral.com.ar\/%77%70%2d%63%6f%6e%74%65%6e%74\/uploads\/2025\/03\/c60bd48a-e7b1-484d-bebc-d6b7e371b1df-169x300.jpg 169w, https:\/\/informelitoral.com.ar\/%77%70%2d%63%6f%6e%74%65%6e%74\/uploads\/2025\/03\/c60bd48a-e7b1-484d-bebc-d6b7e371b1df-576x1024.jpg 576w, https:\/\/informelitoral.com.ar\/%77%70%2d%63%6f%6e%74%65%6e%74\/uploads\/2025\/03\/c60bd48a-e7b1-484d-bebc-d6b7e371b1df-768x1365.jpg 768w, https:\/\/informelitoral.com.ar\/%77%70%2d%63%6f%6e%74%65%6e%74\/uploads\/2025\/03\/c60bd48a-e7b1-484d-bebc-d6b7e371b1df-864x1536.jpg 864w, https:\/\/informelitoral.com.ar\/%77%70%2d%63%6f%6e%74%65%6e%74\/uploads\/2025\/03\/c60bd48a-e7b1-484d-bebc-d6b7e371b1df-236x420.jpg 236w, https:\/\/informelitoral.com.ar\/%77%70%2d%63%6f%6e%74%65%6e%74\/uploads\/2025\/03\/c60bd48a-e7b1-484d-bebc-d6b7e371b1df-696x1237.jpg 696w\" sizes=\"auto, (max-width: 900px) 100vw, 900px\" \/><\/a><\/p>\n","protected":false},"excerpt":{"rendered":"<p>El consumo liviano mostr\u00f3 buen ritmo y logr\u00f3 un incremento significativo del 7,33%. La exportaci\u00f3n se mantuvo estable con leves aumentos. La invernada alcanz\u00f3 valores considerables en lotes de calidad.<\/p>\n","protected":false},"author":2,"featured_media":201195,"comment_status":"open","ping_status":"open","sticky":false,"template":"","format":"standard","meta":{"fifu_image_url":"","fifu_image_alt":"","footnotes":""},"categories":[10],"tags":[162,453],"class_list":{"0":"post-213890","1":"post","2":"type-post","3":"status-publish","4":"format-standard","5":"has-post-thumbnail","7":"category-campo","8":"tag-ganaderia","9":"tag-hacienda"},"yoast_head":"<title>Febrero tuvo valores positivos para todas las categor\u00edas en los remates de La Ganadera - Informe Litoral<\/title>\n<meta name=\"robots\" content=\"index, follow, max-snippet:-1, max-image-preview:large, max-video-preview:-1\" \/>\n<link rel=\"canonical\" href=\"https:\/\/informelitoral.com.ar\/febrero-tuvo-valores-positivos-para-todas-las-categorias-en-los-remates-de-la-ganadera\/\" \/>\n<meta property=\"og:locale\" content=\"es_ES\" \/>\n<meta property=\"og:type\" content=\"article\" \/>\n<meta property=\"og:title\" content=\"Febrero tuvo valores positivos para todas las categor\u00edas en los remates de La Ganadera - Informe Litoral\" \/>\n<meta property=\"og:description\" content=\"El consumo liviano mostr\u00f3 buen ritmo y logr\u00f3 un incremento significativo del 7,33%. La exportaci\u00f3n se mantuvo estable con leves aumentos. La invernada alcanz\u00f3 valores considerables en lotes de calidad.\" \/>\n<meta property=\"og:url\" content=\"https:\/\/informelitoral.com.ar\/febrero-tuvo-valores-positivos-para-todas-las-categorias-en-los-remates-de-la-ganadera\/\" \/>\n<meta property=\"og:site_name\" content=\"Informe Litoral\" \/>\n<meta property=\"article:publisher\" content=\"https:\/\/www.facebook.com\/informelitoral\/\" \/>\n<meta property=\"article:published_time\" content=\"2025-03-06T10:55:30+00:00\" \/>\n<meta property=\"og:image\" content=\"https:\/\/informelitoral.com.ar\/%77%70%2d%63%6f%6e%74%65%6e%74\/uploads\/2024\/10\/Hacienda-I-scaled.jpg\" \/>\n\t<meta property=\"og:image:width\" content=\"2560\" \/>\n\t<meta property=\"og:image:height\" content=\"1920\" \/>\n\t<meta property=\"og:image:type\" content=\"image\/jpeg\" \/>\n<meta name=\"author\" content=\"Gonzalo Schmidt\" \/>\n<meta name=\"twitter:card\" content=\"summary_large_image\" \/>\n<meta name=\"twitter:creator\" content=\"@InformeLitoral\" \/>\n<meta name=\"twitter:site\" content=\"@InformeLitoral\" \/>\n<meta name=\"twitter:label1\" content=\"Escrito por\" \/>\n\t<meta name=\"twitter:data1\" content=\"Gonzalo Schmidt\" \/>\n\t<meta name=\"twitter:label2\" content=\"Tiempo de lectura\" \/>\n\t<meta name=\"twitter:data2\" content=\"1 minuto\" \/>\n<script type=\"application\/ld+json\" class=\"yoast-schema-graph\">{\"@context\":\"https:\\\/\\\/schema.org\",\"@graph\":[{\"@type\":\"Article\",\"@id\":\"https:\\\/\\\/informelitoral.com.ar\\\/febrero-tuvo-valores-positivos-para-todas-las-categorias-en-los-remates-de-la-ganadera\\\/#article\",\"isPartOf\":{\"@id\":\"https:\\\/\\\/informelitoral.com.ar\\\/febrero-tuvo-valores-positivos-para-todas-las-categorias-en-los-remates-de-la-ganadera\\\/\"},\"author\":{\"name\":\"Gonzalo Schmidt\",\"@id\":\"https:\\\/\\\/informelitoral.com.ar\\\/#\\\/schema\\\/person\\\/b9d00407c836482871ef1d57bf8e3180\"},\"headline\":\"Febrero tuvo valores positivos para todas las categor\u00edas en los remates de La Ganadera\",\"datePublished\":\"2025-03-06T10:55:30+00:00\",\"mainEntityOfPage\":{\"@id\":\"https:\\\/\\\/informelitoral.com.ar\\\/febrero-tuvo-valores-positivos-para-todas-las-categorias-en-los-remates-de-la-ganadera\\\/\"},\"wordCount\":159,\"commentCount\":0,\"publisher\":{\"@id\":\"https:\\\/\\\/informelitoral.com.ar\\\/#organization\"},\"image\":{\"@id\":\"https:\\\/\\\/informelitoral.com.ar\\\/febrero-tuvo-valores-positivos-para-todas-las-categorias-en-los-remates-de-la-ganadera\\\/#primaryimage\"},\"thumbnailUrl\":\"https:\\\/\\\/informelitoral.com.ar\\\/%77%70%2d%63%6f%6e%74%65%6e%74\\\/uploads\\\/2024\\\/10\\\/Hacienda-I-scaled.jpg\",\"keywords\":[\"Ganader\u00eda\",\"Hacienda\"],\"articleSection\":[\"Campo\"],\"inLanguage\":\"es\",\"potentialAction\":[{\"@type\":\"CommentAction\",\"name\":\"Comment\",\"target\":[\"https:\\\/\\\/informelitoral.com.ar\\\/febrero-tuvo-valores-positivos-para-todas-las-categorias-en-los-remates-de-la-ganadera\\\/#respond\"]}]},{\"@type\":\"WebPage\",\"@id\":\"https:\\\/\\\/informelitoral.com.ar\\\/febrero-tuvo-valores-positivos-para-todas-las-categorias-en-los-remates-de-la-ganadera\\\/\",\"url\":\"https:\\\/\\\/informelitoral.com.ar\\\/febrero-tuvo-valores-positivos-para-todas-las-categorias-en-los-remates-de-la-ganadera\\\/\",\"name\":\"Febrero tuvo valores positivos para todas las categor\u00edas en los remates de La Ganadera - Informe Litoral\",\"isPartOf\":{\"@id\":\"https:\\\/\\\/informelitoral.com.ar\\\/#website\"},\"primaryImageOfPage\":{\"@id\":\"https:\\\/\\\/informelitoral.com.ar\\\/febrero-tuvo-valores-positivos-para-todas-las-categorias-en-los-remates-de-la-ganadera\\\/#primaryimage\"},\"image\":{\"@id\":\"https:\\\/\\\/informelitoral.com.ar\\\/febrero-tuvo-valores-positivos-para-todas-las-categorias-en-los-remates-de-la-ganadera\\\/#primaryimage\"},\"thumbnailUrl\":\"https:\\\/\\\/informelitoral.com.ar\\\/%77%70%2d%63%6f%6e%74%65%6e%74\\\/uploads\\\/2024\\\/10\\\/Hacienda-I-scaled.jpg\",\"datePublished\":\"2025-03-06T10:55:30+00:00\",\"breadcrumb\":{\"@id\":\"https:\\\/\\\/informelitoral.com.ar\\\/febrero-tuvo-valores-positivos-para-todas-las-categorias-en-los-remates-de-la-ganadera\\\/#breadcrumb\"},\"inLanguage\":\"es\",\"potentialAction\":[{\"@type\":\"ReadAction\",\"target\":[\"https:\\\/\\\/informelitoral.com.ar\\\/febrero-tuvo-valores-positivos-para-todas-las-categorias-en-los-remates-de-la-ganadera\\\/\"]}]},{\"@type\":\"ImageObject\",\"inLanguage\":\"es\",\"@id\":\"https:\\\/\\\/informelitoral.com.ar\\\/febrero-tuvo-valores-positivos-para-todas-las-categorias-en-los-remates-de-la-ganadera\\\/#primaryimage\",\"url\":\"https:\\\/\\\/informelitoral.com.ar\\\/%77%70%2d%63%6f%6e%74%65%6e%74\\\/uploads\\\/2024\\\/10\\\/Hacienda-I-scaled.jpg\",\"contentUrl\":\"https:\\\/\\\/informelitoral.com.ar\\\/%77%70%2d%63%6f%6e%74%65%6e%74\\\/uploads\\\/2024\\\/10\\\/Hacienda-I-scaled.jpg\",\"width\":2560,\"height\":1920},{\"@type\":\"BreadcrumbList\",\"@id\":\"https:\\\/\\\/informelitoral.com.ar\\\/febrero-tuvo-valores-positivos-para-todas-las-categorias-en-los-remates-de-la-ganadera\\\/#breadcrumb\",\"itemListElement\":[{\"@type\":\"ListItem\",\"position\":1,\"name\":\"Portada\",\"item\":\"https:\\\/\\\/informelitoral.com.ar\\\/\"},{\"@type\":\"ListItem\",\"position\":2,\"name\":\"Febrero tuvo valores positivos para todas las categor\u00edas en los remates de La Ganadera\"}]},{\"@type\":\"WebSite\",\"@id\":\"https:\\\/\\\/informelitoral.com.ar\\\/#website\",\"url\":\"https:\\\/\\\/informelitoral.com.ar\\\/\",\"name\":\"Informe Litoral\",\"description\":\"&quot;Nos informamos&quot; \",\"publisher\":{\"@id\":\"https:\\\/\\\/informelitoral.com.ar\\\/#organization\"},\"potentialAction\":[{\"@type\":\"SearchAction\",\"target\":{\"@type\":\"EntryPoint\",\"urlTemplate\":\"https:\\\/\\\/informelitoral.com.ar\\\/?s={search_term_string}\"},\"query-input\":{\"@type\":\"PropertyValueSpecification\",\"valueRequired\":true,\"valueName\":\"search_term_string\"}}],\"inLanguage\":\"es\"},{\"@type\":\"Organization\",\"@id\":\"https:\\\/\\\/informelitoral.com.ar\\\/#organization\",\"name\":\"Informe Litoral\",\"url\":\"https:\\\/\\\/informelitoral.com.ar\\\/\",\"logo\":{\"@type\":\"ImageObject\",\"inLanguage\":\"es\",\"@id\":\"https:\\\/\\\/informelitoral.com.ar\\\/#\\\/schema\\\/logo\\\/image\\\/\",\"url\":\"https:\\\/\\\/informelitoral.com.ar\\\/%77%70%2d%63%6f%6e%74%65%6e%74\\\/uploads\\\/2021\\\/01\\\/circulo.png\",\"contentUrl\":\"https:\\\/\\\/informelitoral.com.ar\\\/%77%70%2d%63%6f%6e%74%65%6e%74\\\/uploads\\\/2021\\\/01\\\/circulo.png\",\"width\":723,\"height\":731,\"caption\":\"Informe Litoral\"},\"image\":{\"@id\":\"https:\\\/\\\/informelitoral.com.ar\\\/#\\\/schema\\\/logo\\\/image\\\/\"},\"sameAs\":[\"https:\\\/\\\/www.facebook.com\\\/informelitoral\\\/\",\"https:\\\/\\\/x.com\\\/InformeLitoral\",\"https:\\\/\\\/www.instagram.com\\\/informelitoral\\\/\",\"https:\\\/\\\/www.youtube.com\\\/channel\\\/UCua4Qvz8Icb6MYqhoq9xLXw\"]},{\"@type\":\"Person\",\"@id\":\"https:\\\/\\\/informelitoral.com.ar\\\/#\\\/schema\\\/person\\\/b9d00407c836482871ef1d57bf8e3180\",\"name\":\"Gonzalo Schmidt\",\"image\":{\"@type\":\"ImageObject\",\"inLanguage\":\"es\",\"@id\":\"https:\\\/\\\/secure.gravatar.com\\\/avatar\\\/31a1a7b66ff2de83bd0e9fd79d026630d2d99e55e8bfe501287647b4fd9743de?s=96&d=mm&r=g\",\"url\":\"https:\\\/\\\/secure.gravatar.com\\\/avatar\\\/31a1a7b66ff2de83bd0e9fd79d026630d2d99e55e8bfe501287647b4fd9743de?s=96&d=mm&r=g\",\"contentUrl\":\"https:\\\/\\\/secure.gravatar.com\\\/avatar\\\/31a1a7b66ff2de83bd0e9fd79d026630d2d99e55e8bfe501287647b4fd9743de?s=96&d=mm&r=g\",\"caption\":\"Gonzalo Schmidt\"},\"description\":\"Sitio web de noticias de la provincia de Entre R\u00edos, Argentina. Informaci\u00f3n y entretenimiento. Informe Litoral, nos informamos.\",\"sameAs\":[\"http:\\\/\\\/www.isletasnoticias.com.ar\"],\"url\":\"https:\\\/\\\/informelitoral.com.ar\\\/author\\\/gonzalo\\\/\"}]}<\/script>","yoast_head_json":{"title":"Febrero tuvo valores positivos para todas las categor\u00edas en los remates de La Ganadera - Informe Litoral","robots":{"index":"index","follow":"follow","max-snippet":"max-snippet:-1","max-image-preview":"max-image-preview:large","max-video-preview":"max-video-preview:-1"},"canonical":"https:\/\/informelitoral.com.ar\/febrero-tuvo-valores-positivos-para-todas-las-categorias-en-los-remates-de-la-ganadera\/","og_locale":"es_ES","og_type":"article","og_title":"Febrero tuvo valores positivos para todas las categor\u00edas en los remates de La Ganadera - Informe Litoral","og_description":"El consumo liviano mostr\u00f3 buen ritmo y logr\u00f3 un incremento significativo del 7,33%. La exportaci\u00f3n se mantuvo estable con leves aumentos. La invernada alcanz\u00f3 valores considerables en lotes de calidad.","og_url":"https:\/\/informelitoral.com.ar\/febrero-tuvo-valores-positivos-para-todas-las-categorias-en-los-remates-de-la-ganadera\/","og_site_name":"Informe Litoral","article_publisher":"https:\/\/www.facebook.com\/informelitoral\/","article_published_time":"2025-03-06T10:55:30+00:00","og_image":[{"width":2560,"height":1920,"url":"https:\/\/informelitoral.com.ar\/%77%70%2d%63%6f%6e%74%65%6e%74\/uploads\/2024\/10\/Hacienda-I-scaled.jpg","type":"image\/jpeg"}],"author":"Gonzalo Schmidt","twitter_card":"summary_large_image","twitter_creator":"@InformeLitoral","twitter_site":"@InformeLitoral","twitter_misc":{"Escrito por":"Gonzalo Schmidt","Tiempo de lectura":"1 minuto"},"schema":{"@context":"https:\/\/schema.org","@graph":[{"@type":"Article","@id":"https:\/\/informelitoral.com.ar\/febrero-tuvo-valores-positivos-para-todas-las-categorias-en-los-remates-de-la-ganadera\/#article","isPartOf":{"@id":"https:\/\/informelitoral.com.ar\/febrero-tuvo-valores-positivos-para-todas-las-categorias-en-los-remates-de-la-ganadera\/"},"author":{"name":"Gonzalo Schmidt","@id":"https:\/\/informelitoral.com.ar\/#\/schema\/person\/b9d00407c836482871ef1d57bf8e3180"},"headline":"Febrero tuvo valores positivos para todas las categor\u00edas en los remates de La Ganadera","datePublished":"2025-03-06T10:55:30+00:00","mainEntityOfPage":{"@id":"https:\/\/informelitoral.com.ar\/febrero-tuvo-valores-positivos-para-todas-las-categorias-en-los-remates-de-la-ganadera\/"},"wordCount":159,"commentCount":0,"publisher":{"@id":"https:\/\/informelitoral.com.ar\/#organization"},"image":{"@id":"https:\/\/informelitoral.com.ar\/febrero-tuvo-valores-positivos-para-todas-las-categorias-en-los-remates-de-la-ganadera\/#primaryimage"},"thumbnailUrl":"https:\/\/informelitoral.com.ar\/%77%70%2d%63%6f%6e%74%65%6e%74\/uploads\/2024\/10\/Hacienda-I-scaled.jpg","keywords":["Ganader\u00eda","Hacienda"],"articleSection":["Campo"],"inLanguage":"es","potentialAction":[{"@type":"CommentAction","name":"Comment","target":["https:\/\/informelitoral.com.ar\/febrero-tuvo-valores-positivos-para-todas-las-categorias-en-los-remates-de-la-ganadera\/#respond"]}]},{"@type":"WebPage","@id":"https:\/\/informelitoral.com.ar\/febrero-tuvo-valores-positivos-para-todas-las-categorias-en-los-remates-de-la-ganadera\/","url":"https:\/\/informelitoral.com.ar\/febrero-tuvo-valores-positivos-para-todas-las-categorias-en-los-remates-de-la-ganadera\/","name":"Febrero tuvo valores positivos para todas las categor\u00edas en los remates de La Ganadera - Informe Litoral","isPartOf":{"@id":"https:\/\/informelitoral.com.ar\/#website"},"primaryImageOfPage":{"@id":"https:\/\/informelitoral.com.ar\/febrero-tuvo-valores-positivos-para-todas-las-categorias-en-los-remates-de-la-ganadera\/#primaryimage"},"image":{"@id":"https:\/\/informelitoral.com.ar\/febrero-tuvo-valores-positivos-para-todas-las-categorias-en-los-remates-de-la-ganadera\/#primaryimage"},"thumbnailUrl":"https:\/\/informelitoral.com.ar\/%77%70%2d%63%6f%6e%74%65%6e%74\/uploads\/2024\/10\/Hacienda-I-scaled.jpg","datePublished":"2025-03-06T10:55:30+00:00","breadcrumb":{"@id":"https:\/\/informelitoral.com.ar\/febrero-tuvo-valores-positivos-para-todas-las-categorias-en-los-remates-de-la-ganadera\/#breadcrumb"},"inLanguage":"es","potentialAction":[{"@type":"ReadAction","target":["https:\/\/informelitoral.com.ar\/febrero-tuvo-valores-positivos-para-todas-las-categorias-en-los-remates-de-la-ganadera\/"]}]},{"@type":"ImageObject","inLanguage":"es","@id":"https:\/\/informelitoral.com.ar\/febrero-tuvo-valores-positivos-para-todas-las-categorias-en-los-remates-de-la-ganadera\/#primaryimage","url":"https:\/\/informelitoral.com.ar\/%77%70%2d%63%6f%6e%74%65%6e%74\/uploads\/2024\/10\/Hacienda-I-scaled.jpg","contentUrl":"https:\/\/informelitoral.com.ar\/%77%70%2d%63%6f%6e%74%65%6e%74\/uploads\/2024\/10\/Hacienda-I-scaled.jpg","width":2560,"height":1920},{"@type":"BreadcrumbList","@id":"https:\/\/informelitoral.com.ar\/febrero-tuvo-valores-positivos-para-todas-las-categorias-en-los-remates-de-la-ganadera\/#breadcrumb","itemListElement":[{"@type":"ListItem","position":1,"name":"Portada","item":"https:\/\/informelitoral.com.ar\/"},{"@type":"ListItem","position":2,"name":"Febrero tuvo valores positivos para todas las categor\u00edas en los remates de La Ganadera"}]},{"@type":"WebSite","@id":"https:\/\/informelitoral.com.ar\/#website","url":"https:\/\/informelitoral.com.ar\/","name":"Informe Litoral","description":"&quot;Nos informamos&quot; ","publisher":{"@id":"https:\/\/informelitoral.com.ar\/#organization"},"potentialAction":[{"@type":"SearchAction","target":{"@type":"EntryPoint","urlTemplate":"https:\/\/informelitoral.com.ar\/?s={search_term_string}"},"query-input":{"@type":"PropertyValueSpecification","valueRequired":true,"valueName":"search_term_string"}}],"inLanguage":"es"},{"@type":"Organization","@id":"https:\/\/informelitoral.com.ar\/#organization","name":"Informe Litoral","url":"https:\/\/informelitoral.com.ar\/","logo":{"@type":"ImageObject","inLanguage":"es","@id":"https:\/\/informelitoral.com.ar\/#\/schema\/logo\/image\/","url":"https:\/\/informelitoral.com.ar\/%77%70%2d%63%6f%6e%74%65%6e%74\/uploads\/2021\/01\/circulo.png","contentUrl":"https:\/\/informelitoral.com.ar\/%77%70%2d%63%6f%6e%74%65%6e%74\/uploads\/2021\/01\/circulo.png","width":723,"height":731,"caption":"Informe Litoral"},"image":{"@id":"https:\/\/informelitoral.com.ar\/#\/schema\/logo\/image\/"},"sameAs":["https:\/\/www.facebook.com\/informelitoral\/","https:\/\/x.com\/InformeLitoral","https:\/\/www.instagram.com\/informelitoral\/","https:\/\/www.youtube.com\/channel\/UCua4Qvz8Icb6MYqhoq9xLXw"]},{"@type":"Person","@id":"https:\/\/informelitoral.com.ar\/#\/schema\/person\/b9d00407c836482871ef1d57bf8e3180","name":"Gonzalo Schmidt","image":{"@type":"ImageObject","inLanguage":"es","@id":"https:\/\/secure.gravatar.com\/avatar\/31a1a7b66ff2de83bd0e9fd79d026630d2d99e55e8bfe501287647b4fd9743de?s=96&d=mm&r=g","url":"https:\/\/secure.gravatar.com\/avatar\/31a1a7b66ff2de83bd0e9fd79d026630d2d99e55e8bfe501287647b4fd9743de?s=96&d=mm&r=g","contentUrl":"https:\/\/secure.gravatar.com\/avatar\/31a1a7b66ff2de83bd0e9fd79d026630d2d99e55e8bfe501287647b4fd9743de?s=96&d=mm&r=g","caption":"Gonzalo Schmidt"},"description":"Sitio web de noticias de la provincia de Entre R\u00edos, Argentina. Informaci\u00f3n y entretenimiento. Informe Litoral, nos informamos.","sameAs":["http:\/\/www.isletasnoticias.com.ar"],"url":"https:\/\/informelitoral.com.ar\/author\/gonzalo\/"}]}},"_links":{"self":[{"href":"https:\/\/informelitoral.com.ar\/%77%70%2d%6a%73%6f%6e\/wp\/v2\/posts\/213890","targetHints":{"allow":["GET"]}}],"collection":[{"href":"https:\/\/informelitoral.com.ar\/%77%70%2d%6a%73%6f%6e\/wp\/v2\/posts"}],"about":[{"href":"https:\/\/informelitoral.com.ar\/%77%70%2d%6a%73%6f%6e\/wp\/v2\/types\/post"}],"author":[{"embeddable":true,"href":"https:\/\/informelitoral.com.ar\/%77%70%2d%6a%73%6f%6e\/wp\/v2\/users\/2"}],"replies":[{"embeddable":true,"href":"https:\/\/informelitoral.com.ar\/%77%70%2d%6a%73%6f%6e\/wp\/v2\/comments?post=213890"}],"version-history":[{"count":0,"href":"https:\/\/informelitoral.com.ar\/%77%70%2d%6a%73%6f%6e\/wp\/v2\/posts\/213890\/revisions"}],"wp:featuredmedia":[{"embeddable":true,"href":"https:\/\/informelitoral.com.ar\/%77%70%2d%6a%73%6f%6e\/wp\/v2\/media\/201195"}],"wp:attachment":[{"href":"https:\/\/informelitoral.com.ar\/%77%70%2d%6a%73%6f%6e\/wp\/v2\/media?parent=213890"}],"wp:term":[{"taxonomy":"category","embeddable":true,"href":"https:\/\/informelitoral.com.ar\/%77%70%2d%6a%73%6f%6e\/wp\/v2\/categories?post=213890"},{"taxonomy":"post_tag","embeddable":true,"href":"https:\/\/informelitoral.com.ar\/%77%70%2d%6a%73%6f%6e\/wp\/v2\/tags?post=213890"}],"curies":[{"name":"wp","href":"https:\/\/api.w.org\/{rel}","templated":true}]}}