{"id":213888,"date":"2025-03-06T06:30:45","date_gmt":"2025-03-06T09:30:45","guid":{"rendered":"https:\/\/informelitoral.com.ar\/?p=213888"},"modified":"2025-03-06T07:47:54","modified_gmt":"2025-03-06T10:47:54","slug":"fucofa-convoco-a-la-asamblea-de-inicio-de-campana-de-vacunacion","status":"publish","type":"post","link":"https:\/\/informelitoral.com.ar\/fucofa-convoco-a-la-asamblea-de-inicio-de-campana-de-vacunacion\/","title":{"rendered":"Fucofa convoc\u00f3 a la asamblea de inicio de campa\u00f1a de vacunaci\u00f3n"},"content":{"rendered":"<p>La Fundaci\u00f3n de Lucha contra la Fiebre Aftosa (<strong>Fucofa<\/strong>) inform\u00f3 que el pr\u00f3ximo<strong> lunes 10 de marzo, desde las 18,<\/strong> se concretar\u00e1 en la sede de la Sociedad Rural de Villaguay la tradicional asamblea de productores para aprobar el presupuesto final de la primera campa\u00f1a de vacunaci\u00f3n de 2025.<\/p>\n<p>La asamblea, como se recordar\u00e1, hab\u00eda sido programa inicialmente para el 27 de febrero pasado pero ante la negativa de los laboratorios a dar a conocer el precio de la vacuna, el Consejo de Administraci\u00f3n de la Fucofa decidi\u00f3 postergarla hasta tener ese dato clave.<\/p>\n<h6><em><strong>Nota relacionada:\u00a0<a href=\"https:\/\/informelitoral.com.ar\/aftosa-por-falta-de-precio-de-la-vacuna-se-suspendio-la-asamblea-de-la-fucofa\/\" target=\"_blank\" rel=\"noopener\">Aftosa: por falta de precio de la vacuna se suspendi\u00f3 la asamblea de la Fucofa<\/a><\/strong><\/em><\/h6>\n<p>El Senasa, por su parte, ratific\u00f3 que el 10 de marzo se iniciar\u00e1 en las provincias de la zona central y litoral del pa\u00eds la primera campa\u00f1a de vacunaci\u00f3n 2025 contra la fiebre aftosa, a trav\u00e9s de la que se inocular\u00e1 a la totalidad de las categor\u00edas bovinas y bubalinas, de acuerdo al calendario establecido por el organismo. Tambi\u00e9n se realizar\u00e1 la campa\u00f1a de vacunaci\u00f3n contra la brucelosis bovina en terneras de tres a ocho meses en todas aquellas provincias en las que se aplica en forma sistem\u00e1tica.<\/p>\n<h6><em><strong>Leer tambi\u00e9n:\u00a0<a href=\"https:\/\/informelitoral.com.ar\/comienza-la-primera-campana-anual-de-vacunacion-contra-la-fiebre-aftosa-del-2025\/\" target=\"_blank\" rel=\"noopener\">Comienza la primera campa\u00f1a anual de vacunaci\u00f3n contra la fiebre aftosa del 2025<\/a><\/strong><\/em><\/h6>\n<p>De acuerdo al cronograma acordado por el Senasa y los m\u00e1s de 300 entes sanitarios del pa\u00eds, las provincias que comenzar\u00e1n en la fecha mencionada son Chaco, Formosa, Misiones, Corrientes, Entre R\u00edos, Buenos Aires, Santa Fe, C\u00f3rdoba, Tucum\u00e1n, Catamarca, Mendoza, San Juan, La Pampa y San Luis.<\/p>\n<h6><em><strong>Del archivo:\u00a0<a href=\"https:\/\/informelitoral.com.ar\/vacunacion-antiaftosa-se-solicito-la-exclusion-permanente-de-las-categorias-novillo-vaca-y-toro-de-la-segunda-campana\/\" target=\"_blank\" rel=\"noopener\">Vacunaci\u00f3n antiaftosa : se solicit\u00f3 la exclusi\u00f3n de las categor\u00edas novillo, vaca y toro de la segunda campa\u00f1a<\/a><\/strong><\/em><\/h6>\n","protected":false},"excerpt":{"rendered":"<p>Se realizar\u00e1 el lunes 10, a partir de las 18, en la Sociedad Rural de Villaguay. El tema central es la determinaci\u00f3n del precio final de la vacuna. Ese d\u00eda est\u00e1 previsto el inicio de la campa\u00f1a 2025, seg\u00fan lo dispuesto por el Senasa. <\/p>\n","protected":false},"author":2,"featured_media":78512,"comment_status":"open","ping_status":"open","sticky":false,"template":"","format":"standard","meta":{"fifu_image_url":"","fifu_image_alt":"","footnotes":""},"categories":[10],"tags":[516,517,214],"class_list":{"0":"post-213888","1":"post","2":"type-post","3":"status-publish","4":"format-standard","5":"has-post-thumbnail","7":"category-campo","8":"tag-aftosa","9":"tag-fucofa","10":"tag-vacunacion"},"yoast_head":"<title>Fucofa convoc\u00f3 a la asamblea de inicio de campa\u00f1a de vacunaci\u00f3n - Informe Litoral<\/title>\n<meta name=\"robots\" content=\"index, follow, max-snippet:-1, max-image-preview:large, max-video-preview:-1\" \/>\n<link rel=\"canonical\" href=\"https:\/\/informelitoral.com.ar\/fucofa-convoco-a-la-asamblea-de-inicio-de-campana-de-vacunacion\/\" \/>\n<meta property=\"og:locale\" content=\"es_ES\" \/>\n<meta property=\"og:type\" content=\"article\" \/>\n<meta property=\"og:title\" content=\"Fucofa convoc\u00f3 a la asamblea de inicio de campa\u00f1a de vacunaci\u00f3n - Informe Litoral\" \/>\n<meta property=\"og:description\" content=\"Se realizar\u00e1 el lunes 10, a partir de las 18, en la Sociedad Rural de Villaguay. El tema central es la determinaci\u00f3n del precio final de la vacuna. Ese d\u00eda est\u00e1 previsto el inicio de la campa\u00f1a 2025, seg\u00fan lo dispuesto por el Senasa.\" \/>\n<meta property=\"og:url\" content=\"https:\/\/informelitoral.com.ar\/fucofa-convoco-a-la-asamblea-de-inicio-de-campana-de-vacunacion\/\" \/>\n<meta property=\"og:site_name\" content=\"Informe Litoral\" \/>\n<meta property=\"article:publisher\" content=\"https:\/\/www.facebook.com\/informelitoral\/\" \/>\n<meta property=\"article:published_time\" content=\"2025-03-06T09:30:45+00:00\" \/>\n<meta property=\"article:modified_time\" content=\"2025-03-06T10:47:54+00:00\" \/>\n<meta property=\"og:image\" content=\"https:\/\/informelitoral.com.ar\/%77%70%2d%63%6f%6e%74%65%6e%74\/uploads\/2022\/05\/vacuna-aftosa-1080x675-696x435-1.jpg\" \/>\n\t<meta property=\"og:image:width\" content=\"696\" \/>\n\t<meta property=\"og:image:height\" content=\"435\" \/>\n\t<meta property=\"og:image:type\" content=\"image\/jpeg\" \/>\n<meta name=\"author\" content=\"Gonzalo Schmidt\" \/>\n<meta name=\"twitter:card\" content=\"summary_large_image\" \/>\n<meta name=\"twitter:creator\" content=\"@InformeLitoral\" \/>\n<meta name=\"twitter:site\" content=\"@InformeLitoral\" \/>\n<meta name=\"twitter:label1\" content=\"Escrito por\" \/>\n\t<meta name=\"twitter:data1\" content=\"Gonzalo Schmidt\" \/>\n\t<meta name=\"twitter:label2\" content=\"Tiempo de lectura\" \/>\n\t<meta name=\"twitter:data2\" content=\"2 minutos\" \/>\n<script type=\"application\/ld+json\" class=\"yoast-schema-graph\">{\"@context\":\"https:\\\/\\\/schema.org\",\"@graph\":[{\"@type\":\"Article\",\"@id\":\"https:\\\/\\\/informelitoral.com.ar\\\/fucofa-convoco-a-la-asamblea-de-inicio-de-campana-de-vacunacion\\\/#article\",\"isPartOf\":{\"@id\":\"https:\\\/\\\/informelitoral.com.ar\\\/fucofa-convoco-a-la-asamblea-de-inicio-de-campana-de-vacunacion\\\/\"},\"author\":{\"name\":\"Gonzalo Schmidt\",\"@id\":\"https:\\\/\\\/informelitoral.com.ar\\\/#\\\/schema\\\/person\\\/b9d00407c836482871ef1d57bf8e3180\"},\"headline\":\"Fucofa convoc\u00f3 a la asamblea de inicio de campa\u00f1a de vacunaci\u00f3n\",\"datePublished\":\"2025-03-06T09:30:45+00:00\",\"dateModified\":\"2025-03-06T10:47:54+00:00\",\"mainEntityOfPage\":{\"@id\":\"https:\\\/\\\/informelitoral.com.ar\\\/fucofa-convoco-a-la-asamblea-de-inicio-de-campana-de-vacunacion\\\/\"},\"wordCount\":313,\"commentCount\":0,\"publisher\":{\"@id\":\"https:\\\/\\\/informelitoral.com.ar\\\/#organization\"},\"image\":{\"@id\":\"https:\\\/\\\/informelitoral.com.ar\\\/fucofa-convoco-a-la-asamblea-de-inicio-de-campana-de-vacunacion\\\/#primaryimage\"},\"thumbnailUrl\":\"https:\\\/\\\/informelitoral.com.ar\\\/%77%70%2d%63%6f%6e%74%65%6e%74\\\/uploads\\\/2022\\\/05\\\/vacuna-aftosa-1080x675-696x435-1.jpg\",\"keywords\":[\"Aftosa\",\"Fucofa\",\"Vacunaci\u00f3n\"],\"articleSection\":[\"Campo\"],\"inLanguage\":\"es\",\"potentialAction\":[{\"@type\":\"CommentAction\",\"name\":\"Comment\",\"target\":[\"https:\\\/\\\/informelitoral.com.ar\\\/fucofa-convoco-a-la-asamblea-de-inicio-de-campana-de-vacunacion\\\/#respond\"]}]},{\"@type\":\"WebPage\",\"@id\":\"https:\\\/\\\/informelitoral.com.ar\\\/fucofa-convoco-a-la-asamblea-de-inicio-de-campana-de-vacunacion\\\/\",\"url\":\"https:\\\/\\\/informelitoral.com.ar\\\/fucofa-convoco-a-la-asamblea-de-inicio-de-campana-de-vacunacion\\\/\",\"name\":\"Fucofa convoc\u00f3 a la asamblea de inicio de campa\u00f1a de vacunaci\u00f3n - Informe Litoral\",\"isPartOf\":{\"@id\":\"https:\\\/\\\/informelitoral.com.ar\\\/#website\"},\"primaryImageOfPage\":{\"@id\":\"https:\\\/\\\/informelitoral.com.ar\\\/fucofa-convoco-a-la-asamblea-de-inicio-de-campana-de-vacunacion\\\/#primaryimage\"},\"image\":{\"@id\":\"https:\\\/\\\/informelitoral.com.ar\\\/fucofa-convoco-a-la-asamblea-de-inicio-de-campana-de-vacunacion\\\/#primaryimage\"},\"thumbnailUrl\":\"https:\\\/\\\/informelitoral.com.ar\\\/%77%70%2d%63%6f%6e%74%65%6e%74\\\/uploads\\\/2022\\\/05\\\/vacuna-aftosa-1080x675-696x435-1.jpg\",\"datePublished\":\"2025-03-06T09:30:45+00:00\",\"dateModified\":\"2025-03-06T10:47:54+00:00\",\"breadcrumb\":{\"@id\":\"https:\\\/\\\/informelitoral.com.ar\\\/fucofa-convoco-a-la-asamblea-de-inicio-de-campana-de-vacunacion\\\/#breadcrumb\"},\"inLanguage\":\"es\",\"potentialAction\":[{\"@type\":\"ReadAction\",\"target\":[\"https:\\\/\\\/informelitoral.com.ar\\\/fucofa-convoco-a-la-asamblea-de-inicio-de-campana-de-vacunacion\\\/\"]}]},{\"@type\":\"ImageObject\",\"inLanguage\":\"es\",\"@id\":\"https:\\\/\\\/informelitoral.com.ar\\\/fucofa-convoco-a-la-asamblea-de-inicio-de-campana-de-vacunacion\\\/#primaryimage\",\"url\":\"https:\\\/\\\/informelitoral.com.ar\\\/%77%70%2d%63%6f%6e%74%65%6e%74\\\/uploads\\\/2022\\\/05\\\/vacuna-aftosa-1080x675-696x435-1.jpg\",\"contentUrl\":\"https:\\\/\\\/informelitoral.com.ar\\\/%77%70%2d%63%6f%6e%74%65%6e%74\\\/uploads\\\/2022\\\/05\\\/vacuna-aftosa-1080x675-696x435-1.jpg\",\"width\":696,\"height\":435},{\"@type\":\"BreadcrumbList\",\"@id\":\"https:\\\/\\\/informelitoral.com.ar\\\/fucofa-convoco-a-la-asamblea-de-inicio-de-campana-de-vacunacion\\\/#breadcrumb\",\"itemListElement\":[{\"@type\":\"ListItem\",\"position\":1,\"name\":\"Portada\",\"item\":\"https:\\\/\\\/informelitoral.com.ar\\\/\"},{\"@type\":\"ListItem\",\"position\":2,\"name\":\"Fucofa convoc\u00f3 a la asamblea de inicio de campa\u00f1a de vacunaci\u00f3n\"}]},{\"@type\":\"WebSite\",\"@id\":\"https:\\\/\\\/informelitoral.com.ar\\\/#website\",\"url\":\"https:\\\/\\\/informelitoral.com.ar\\\/\",\"name\":\"Informe Litoral\",\"description\":\"&quot;Nos informamos&quot; \",\"publisher\":{\"@id\":\"https:\\\/\\\/informelitoral.com.ar\\\/#organization\"},\"potentialAction\":[{\"@type\":\"SearchAction\",\"target\":{\"@type\":\"EntryPoint\",\"urlTemplate\":\"https:\\\/\\\/informelitoral.com.ar\\\/?s={search_term_string}\"},\"query-input\":{\"@type\":\"PropertyValueSpecification\",\"valueRequired\":true,\"valueName\":\"search_term_string\"}}],\"inLanguage\":\"es\"},{\"@type\":\"Organization\",\"@id\":\"https:\\\/\\\/informelitoral.com.ar\\\/#organization\",\"name\":\"Informe Litoral\",\"url\":\"https:\\\/\\\/informelitoral.com.ar\\\/\",\"logo\":{\"@type\":\"ImageObject\",\"inLanguage\":\"es\",\"@id\":\"https:\\\/\\\/informelitoral.com.ar\\\/#\\\/schema\\\/logo\\\/image\\\/\",\"url\":\"https:\\\/\\\/informelitoral.com.ar\\\/%77%70%2d%63%6f%6e%74%65%6e%74\\\/uploads\\\/2021\\\/01\\\/circulo.png\",\"contentUrl\":\"https:\\\/\\\/informelitoral.com.ar\\\/%77%70%2d%63%6f%6e%74%65%6e%74\\\/uploads\\\/2021\\\/01\\\/circulo.png\",\"width\":723,\"height\":731,\"caption\":\"Informe Litoral\"},\"image\":{\"@id\":\"https:\\\/\\\/informelitoral.com.ar\\\/#\\\/schema\\\/logo\\\/image\\\/\"},\"sameAs\":[\"https:\\\/\\\/www.facebook.com\\\/informelitoral\\\/\",\"https:\\\/\\\/x.com\\\/InformeLitoral\",\"https:\\\/\\\/www.instagram.com\\\/informelitoral\\\/\",\"https:\\\/\\\/www.youtube.com\\\/channel\\\/UCua4Qvz8Icb6MYqhoq9xLXw\"]},{\"@type\":\"Person\",\"@id\":\"https:\\\/\\\/informelitoral.com.ar\\\/#\\\/schema\\\/person\\\/b9d00407c836482871ef1d57bf8e3180\",\"name\":\"Gonzalo Schmidt\",\"image\":{\"@type\":\"ImageObject\",\"inLanguage\":\"es\",\"@id\":\"https:\\\/\\\/secure.gravatar.com\\\/avatar\\\/31a1a7b66ff2de83bd0e9fd79d026630d2d99e55e8bfe501287647b4fd9743de?s=96&d=mm&r=g\",\"url\":\"https:\\\/\\\/secure.gravatar.com\\\/avatar\\\/31a1a7b66ff2de83bd0e9fd79d026630d2d99e55e8bfe501287647b4fd9743de?s=96&d=mm&r=g\",\"contentUrl\":\"https:\\\/\\\/secure.gravatar.com\\\/avatar\\\/31a1a7b66ff2de83bd0e9fd79d026630d2d99e55e8bfe501287647b4fd9743de?s=96&d=mm&r=g\",\"caption\":\"Gonzalo Schmidt\"},\"description\":\"Sitio web de noticias de la provincia de Entre R\u00edos, Argentina. Informaci\u00f3n y entretenimiento. Informe Litoral, nos informamos.\",\"sameAs\":[\"http:\\\/\\\/www.isletasnoticias.com.ar\"],\"url\":\"https:\\\/\\\/informelitoral.com.ar\\\/author\\\/gonzalo\\\/\"}]}<\/script>","yoast_head_json":{"title":"Fucofa convoc\u00f3 a la asamblea de inicio de campa\u00f1a de vacunaci\u00f3n - Informe Litoral","robots":{"index":"index","follow":"follow","max-snippet":"max-snippet:-1","max-image-preview":"max-image-preview:large","max-video-preview":"max-video-preview:-1"},"canonical":"https:\/\/informelitoral.com.ar\/fucofa-convoco-a-la-asamblea-de-inicio-de-campana-de-vacunacion\/","og_locale":"es_ES","og_type":"article","og_title":"Fucofa convoc\u00f3 a la asamblea de inicio de campa\u00f1a de vacunaci\u00f3n - Informe Litoral","og_description":"Se realizar\u00e1 el lunes 10, a partir de las 18, en la Sociedad Rural de Villaguay. El tema central es la determinaci\u00f3n del precio final de la vacuna. Ese d\u00eda est\u00e1 previsto el inicio de la campa\u00f1a 2025, seg\u00fan lo dispuesto por el Senasa.","og_url":"https:\/\/informelitoral.com.ar\/fucofa-convoco-a-la-asamblea-de-inicio-de-campana-de-vacunacion\/","og_site_name":"Informe Litoral","article_publisher":"https:\/\/www.facebook.com\/informelitoral\/","article_published_time":"2025-03-06T09:30:45+00:00","article_modified_time":"2025-03-06T10:47:54+00:00","og_image":[{"width":696,"height":435,"url":"https:\/\/informelitoral.com.ar\/%77%70%2d%63%6f%6e%74%65%6e%74\/uploads\/2022\/05\/vacuna-aftosa-1080x675-696x435-1.jpg","type":"image\/jpeg"}],"author":"Gonzalo Schmidt","twitter_card":"summary_large_image","twitter_creator":"@InformeLitoral","twitter_site":"@InformeLitoral","twitter_misc":{"Escrito por":"Gonzalo Schmidt","Tiempo de lectura":"2 minutos"},"schema":{"@context":"https:\/\/schema.org","@graph":[{"@type":"Article","@id":"https:\/\/informelitoral.com.ar\/fucofa-convoco-a-la-asamblea-de-inicio-de-campana-de-vacunacion\/#article","isPartOf":{"@id":"https:\/\/informelitoral.com.ar\/fucofa-convoco-a-la-asamblea-de-inicio-de-campana-de-vacunacion\/"},"author":{"name":"Gonzalo Schmidt","@id":"https:\/\/informelitoral.com.ar\/#\/schema\/person\/b9d00407c836482871ef1d57bf8e3180"},"headline":"Fucofa convoc\u00f3 a la asamblea de inicio de campa\u00f1a de vacunaci\u00f3n","datePublished":"2025-03-06T09:30:45+00:00","dateModified":"2025-03-06T10:47:54+00:00","mainEntityOfPage":{"@id":"https:\/\/informelitoral.com.ar\/fucofa-convoco-a-la-asamblea-de-inicio-de-campana-de-vacunacion\/"},"wordCount":313,"commentCount":0,"publisher":{"@id":"https:\/\/informelitoral.com.ar\/#organization"},"image":{"@id":"https:\/\/informelitoral.com.ar\/fucofa-convoco-a-la-asamblea-de-inicio-de-campana-de-vacunacion\/#primaryimage"},"thumbnailUrl":"https:\/\/informelitoral.com.ar\/%77%70%2d%63%6f%6e%74%65%6e%74\/uploads\/2022\/05\/vacuna-aftosa-1080x675-696x435-1.jpg","keywords":["Aftosa","Fucofa","Vacunaci\u00f3n"],"articleSection":["Campo"],"inLanguage":"es","potentialAction":[{"@type":"CommentAction","name":"Comment","target":["https:\/\/informelitoral.com.ar\/fucofa-convoco-a-la-asamblea-de-inicio-de-campana-de-vacunacion\/#respond"]}]},{"@type":"WebPage","@id":"https:\/\/informelitoral.com.ar\/fucofa-convoco-a-la-asamblea-de-inicio-de-campana-de-vacunacion\/","url":"https:\/\/informelitoral.com.ar\/fucofa-convoco-a-la-asamblea-de-inicio-de-campana-de-vacunacion\/","name":"Fucofa convoc\u00f3 a la asamblea de inicio de campa\u00f1a de vacunaci\u00f3n - Informe Litoral","isPartOf":{"@id":"https:\/\/informelitoral.com.ar\/#website"},"primaryImageOfPage":{"@id":"https:\/\/informelitoral.com.ar\/fucofa-convoco-a-la-asamblea-de-inicio-de-campana-de-vacunacion\/#primaryimage"},"image":{"@id":"https:\/\/informelitoral.com.ar\/fucofa-convoco-a-la-asamblea-de-inicio-de-campana-de-vacunacion\/#primaryimage"},"thumbnailUrl":"https:\/\/informelitoral.com.ar\/%77%70%2d%63%6f%6e%74%65%6e%74\/uploads\/2022\/05\/vacuna-aftosa-1080x675-696x435-1.jpg","datePublished":"2025-03-06T09:30:45+00:00","dateModified":"2025-03-06T10:47:54+00:00","breadcrumb":{"@id":"https:\/\/informelitoral.com.ar\/fucofa-convoco-a-la-asamblea-de-inicio-de-campana-de-vacunacion\/#breadcrumb"},"inLanguage":"es","potentialAction":[{"@type":"ReadAction","target":["https:\/\/informelitoral.com.ar\/fucofa-convoco-a-la-asamblea-de-inicio-de-campana-de-vacunacion\/"]}]},{"@type":"ImageObject","inLanguage":"es","@id":"https:\/\/informelitoral.com.ar\/fucofa-convoco-a-la-asamblea-de-inicio-de-campana-de-vacunacion\/#primaryimage","url":"https:\/\/informelitoral.com.ar\/%77%70%2d%63%6f%6e%74%65%6e%74\/uploads\/2022\/05\/vacuna-aftosa-1080x675-696x435-1.jpg","contentUrl":"https:\/\/informelitoral.com.ar\/%77%70%2d%63%6f%6e%74%65%6e%74\/uploads\/2022\/05\/vacuna-aftosa-1080x675-696x435-1.jpg","width":696,"height":435},{"@type":"BreadcrumbList","@id":"https:\/\/informelitoral.com.ar\/fucofa-convoco-a-la-asamblea-de-inicio-de-campana-de-vacunacion\/#breadcrumb","itemListElement":[{"@type":"ListItem","position":1,"name":"Portada","item":"https:\/\/informelitoral.com.ar\/"},{"@type":"ListItem","position":2,"name":"Fucofa convoc\u00f3 a la asamblea de inicio de campa\u00f1a de vacunaci\u00f3n"}]},{"@type":"WebSite","@id":"https:\/\/informelitoral.com.ar\/#website","url":"https:\/\/informelitoral.com.ar\/","name":"Informe Litoral","description":"&quot;Nos informamos&quot; ","publisher":{"@id":"https:\/\/informelitoral.com.ar\/#organization"},"potentialAction":[{"@type":"SearchAction","target":{"@type":"EntryPoint","urlTemplate":"https:\/\/informelitoral.com.ar\/?s={search_term_string}"},"query-input":{"@type":"PropertyValueSpecification","valueRequired":true,"valueName":"search_term_string"}}],"inLanguage":"es"},{"@type":"Organization","@id":"https:\/\/informelitoral.com.ar\/#organization","name":"Informe Litoral","url":"https:\/\/informelitoral.com.ar\/","logo":{"@type":"ImageObject","inLanguage":"es","@id":"https:\/\/informelitoral.com.ar\/#\/schema\/logo\/image\/","url":"https:\/\/informelitoral.com.ar\/%77%70%2d%63%6f%6e%74%65%6e%74\/uploads\/2021\/01\/circulo.png","contentUrl":"https:\/\/informelitoral.com.ar\/%77%70%2d%63%6f%6e%74%65%6e%74\/uploads\/2021\/01\/circulo.png","width":723,"height":731,"caption":"Informe Litoral"},"image":{"@id":"https:\/\/informelitoral.com.ar\/#\/schema\/logo\/image\/"},"sameAs":["https:\/\/www.facebook.com\/informelitoral\/","https:\/\/x.com\/InformeLitoral","https:\/\/www.instagram.com\/informelitoral\/","https:\/\/www.youtube.com\/channel\/UCua4Qvz8Icb6MYqhoq9xLXw"]},{"@type":"Person","@id":"https:\/\/informelitoral.com.ar\/#\/schema\/person\/b9d00407c836482871ef1d57bf8e3180","name":"Gonzalo Schmidt","image":{"@type":"ImageObject","inLanguage":"es","@id":"https:\/\/secure.gravatar.com\/avatar\/31a1a7b66ff2de83bd0e9fd79d026630d2d99e55e8bfe501287647b4fd9743de?s=96&d=mm&r=g","url":"https:\/\/secure.gravatar.com\/avatar\/31a1a7b66ff2de83bd0e9fd79d026630d2d99e55e8bfe501287647b4fd9743de?s=96&d=mm&r=g","contentUrl":"https:\/\/secure.gravatar.com\/avatar\/31a1a7b66ff2de83bd0e9fd79d026630d2d99e55e8bfe501287647b4fd9743de?s=96&d=mm&r=g","caption":"Gonzalo Schmidt"},"description":"Sitio web de noticias de la provincia de Entre R\u00edos, Argentina. Informaci\u00f3n y entretenimiento. Informe Litoral, nos informamos.","sameAs":["http:\/\/www.isletasnoticias.com.ar"],"url":"https:\/\/informelitoral.com.ar\/author\/gonzalo\/"}]}},"_links":{"self":[{"href":"https:\/\/informelitoral.com.ar\/%77%70%2d%6a%73%6f%6e\/wp\/v2\/posts\/213888","targetHints":{"allow":["GET"]}}],"collection":[{"href":"https:\/\/informelitoral.com.ar\/%77%70%2d%6a%73%6f%6e\/wp\/v2\/posts"}],"about":[{"href":"https:\/\/informelitoral.com.ar\/%77%70%2d%6a%73%6f%6e\/wp\/v2\/types\/post"}],"author":[{"embeddable":true,"href":"https:\/\/informelitoral.com.ar\/%77%70%2d%6a%73%6f%6e\/wp\/v2\/users\/2"}],"replies":[{"embeddable":true,"href":"https:\/\/informelitoral.com.ar\/%77%70%2d%6a%73%6f%6e\/wp\/v2\/comments?post=213888"}],"version-history":[{"count":0,"href":"https:\/\/informelitoral.com.ar\/%77%70%2d%6a%73%6f%6e\/wp\/v2\/posts\/213888\/revisions"}],"wp:featuredmedia":[{"embeddable":true,"href":"https:\/\/informelitoral.com.ar\/%77%70%2d%6a%73%6f%6e\/wp\/v2\/media\/78512"}],"wp:attachment":[{"href":"https:\/\/informelitoral.com.ar\/%77%70%2d%6a%73%6f%6e\/wp\/v2\/media?parent=213888"}],"wp:term":[{"taxonomy":"category","embeddable":true,"href":"https:\/\/informelitoral.com.ar\/%77%70%2d%6a%73%6f%6e\/wp\/v2\/categories?post=213888"},{"taxonomy":"post_tag","embeddable":true,"href":"https:\/\/informelitoral.com.ar\/%77%70%2d%6a%73%6f%6e\/wp\/v2\/tags?post=213888"}],"curies":[{"name":"wp","href":"https:\/\/api.w.org\/{rel}","templated":true}]}}