{"id":213871,"date":"2025-03-05T22:10:46","date_gmt":"2025-03-06T01:10:46","guid":{"rendered":"https:\/\/informelitoral.com.ar\/?p=213871"},"modified":"2025-03-05T22:10:46","modified_gmt":"2025-03-06T01:10:46","slug":"general-ramirez-festeja-su-137-aniversario","status":"publish","type":"post","link":"https:\/\/informelitoral.com.ar\/general-ramirez-festeja-su-137-aniversario\/","title":{"rendered":"General Ram\u00edrez festeja su 137\u00b0 aniversario"},"content":{"rendered":"<p><strong>El cierre de las actividades para celebrar el 137\u00b0 aniversario de la localidad de General Ram\u00edrez, ser\u00e1 los d\u00edas 8 y 9 de marzo con entrada gratuita. As\u00ed lo cont\u00f3 a <\/strong><em>Radio Diputados<\/em><strong> la intendenta Flavia Pamberger. Estos festejos fueron declarados de inter\u00e9s por la C\u00e1mara baja entrerriana, mediante una propuesta de L\u00e9nico Aranda.<\/strong><\/p>\n<h2><strong>Ram\u00edrez Festeja 2025<\/strong><\/h2>\n<p>El evento, denominado <em>Ram\u00edrez Festeja<\/em>, incluye propuestas art\u00edsticas, culturales, recreativas, gastron\u00f3micas y un espacio para emprendedores. Tambi\u00e9n comercios e industrias, junto a instituciones locales, se suman para poner en valor no solo la identidad cultural de la ciudad, sino tambi\u00e9n la identidad productiva y social.<\/p>\n<p>\u201cEsta ser\u00e1 la novena edici\u00f3n de Ram\u00edrez Festeja. Estamos trabajando a full con actividades durante toda la semana. Anoche hubo teatro en la Casa Municipal de la Cultura, esta noche tenemos una charla que apunta la sector productivo lechero, el jueves hacemos un recorrido por todos los templos de la ciudad y el viernes la Universidad Tecnol\u00f3gica Nacional brindar\u00e1 una charla orientada a la digitalizaci\u00f3n y las nuevas tecnolog\u00edas para las empresas\u201d, describi\u00f3 la intendenta.<\/p>\n<p>En tanto, el s\u00e1bado y el domingo se presentar\u00e1n m\u00e1s de 30 artistas sobre el escenario y habr\u00e1 una feria productiva con el doble de expositores que el a\u00f1o pasado, cont\u00f3 Pamberger. Monchito Merlo, Los Bam Band, Sobredosis de Soda y Grupo Cali ser\u00e1n los n\u00fameros centrales.<\/p>\n<h2><strong>Escuch\u00e1 la entrevista completa:<\/strong><\/h2>\n<p><iframe title=\"Spotify Embed: General Ram\u00edrez festeja su 137\u00b0 aniversario\" style=\"border-radius: 12px\" width=\"100%\" height=\"152\" frameborder=\"0\" allowfullscreen allow=\"autoplay; clipboard-write; encrypted-media; fullscreen; picture-in-picture\" loading=\"lazy\" src=\"https:\/\/open.spotify.com\/embed\/episode\/0tDZihakoeGPVHF5CDqQ8M?go=1&#038;sp_cid=9d8216e2fef382054b83e51658055123&#038;utm_source=oembed&#038;utm_medium=desktop\"><\/iframe><\/p>\n<h6><em><strong>Nota relacionada:\u00a0<a href=\"https:\/\/informelitoral.com.ar\/vuelve-el-concurso-gastronomico-cocina-al-disco-en-ramirez-festeja-2025\/\" target=\"_blank\" rel=\"noopener\">Vuelve el Concurso Gastron\u00f3mico \u00abCocina al Disco\u00bb en Ram\u00edrez Festeja 2025<\/a><\/strong><\/em><\/h6>\n<h6><em><strong><a href=\"https:\/\/informelitoral.com.ar\/ramirez-festeja-2025-dieron-a-conocer-la-grilla-artistica\/\" target=\"_blank\" rel=\"noopener\">Ram\u00edrez Festeja 2025: dieron a conocer la grilla art\u00edstica<\/a><\/strong><\/em><\/h6>\n","protected":false},"excerpt":{"rendered":"<p>La intendenta Flavia Pamberger, brind\u00f3 detalles del Ram\u00edrez Festeja 2025. \u00abEstamos trabajando a full con actividades durante toda la semana\u00bb, expres\u00f3.<\/p>\n","protected":false},"author":2,"featured_media":210275,"comment_status":"open","ping_status":"open","sticky":false,"template":"","format":"standard","meta":{"fifu_image_url":"","fifu_image_alt":"","footnotes":""},"categories":[5,4586],"tags":[196,1534,556,287,835,1286],"class_list":{"0":"post-213871","1":"post","2":"type-post","3":"status-publish","4":"format-standard","5":"has-post-thumbnail","7":"category-zonales","8":"category-general-ramirez","9":"tag-diputados","10":"tag-flavia-pamberger","11":"tag-general-ramirez","12":"tag-legislativas","13":"tag-lenico-aranda","14":"tag-ramirez-festeja"},"yoast_head":"<title>General Ram\u00edrez festeja su 137\u00b0 aniversario - Informe Litoral<\/title>\n<meta name=\"robots\" content=\"index, follow, max-snippet:-1, max-image-preview:large, max-video-preview:-1\" \/>\n<link rel=\"canonical\" href=\"https:\/\/informelitoral.com.ar\/general-ramirez-festeja-su-137-aniversario\/\" \/>\n<meta property=\"og:locale\" content=\"es_ES\" \/>\n<meta property=\"og:type\" content=\"article\" \/>\n<meta property=\"og:title\" content=\"General Ram\u00edrez festeja su 137\u00b0 aniversario - Informe Litoral\" \/>\n<meta property=\"og:description\" content=\"La intendenta Flavia Pamberger, brind\u00f3 detalles del Ram\u00edrez Festeja 2025. &quot;Estamos trabajando a full con actividades durante toda la semana&quot;, expres\u00f3.\" \/>\n<meta property=\"og:url\" content=\"https:\/\/informelitoral.com.ar\/general-ramirez-festeja-su-137-aniversario\/\" \/>\n<meta property=\"og:site_name\" content=\"Informe Litoral\" \/>\n<meta property=\"article:publisher\" content=\"https:\/\/www.facebook.com\/informelitoral\/\" \/>\n<meta property=\"article:published_time\" content=\"2025-03-06T01:10:46+00:00\" \/>\n<meta property=\"og:image\" content=\"https:\/\/informelitoral.com.ar\/%77%70%2d%63%6f%6e%74%65%6e%74\/uploads\/2025\/01\/ramirez-festeja-2024.jpg\" \/>\n\t<meta property=\"og:image:width\" content=\"1080\" \/>\n\t<meta property=\"og:image:height\" content=\"888\" \/>\n\t<meta property=\"og:image:type\" content=\"image\/jpeg\" \/>\n<meta name=\"author\" content=\"Gonzalo Schmidt\" \/>\n<meta name=\"twitter:card\" content=\"summary_large_image\" \/>\n<meta name=\"twitter:creator\" content=\"@InformeLitoral\" \/>\n<meta name=\"twitter:site\" content=\"@InformeLitoral\" \/>\n<meta name=\"twitter:label1\" content=\"Escrito por\" \/>\n\t<meta name=\"twitter:data1\" content=\"Gonzalo Schmidt\" \/>\n\t<meta name=\"twitter:label2\" content=\"Tiempo de lectura\" \/>\n\t<meta name=\"twitter:data2\" content=\"1 minuto\" \/>\n<script type=\"application\/ld+json\" class=\"yoast-schema-graph\">{\"@context\":\"https:\\\/\\\/schema.org\",\"@graph\":[{\"@type\":\"Article\",\"@id\":\"https:\\\/\\\/informelitoral.com.ar\\\/general-ramirez-festeja-su-137-aniversario\\\/#article\",\"isPartOf\":{\"@id\":\"https:\\\/\\\/informelitoral.com.ar\\\/general-ramirez-festeja-su-137-aniversario\\\/\"},\"author\":{\"name\":\"Gonzalo Schmidt\",\"@id\":\"https:\\\/\\\/informelitoral.com.ar\\\/#\\\/schema\\\/person\\\/b9d00407c836482871ef1d57bf8e3180\"},\"headline\":\"General Ram\u00edrez festeja su 137\u00b0 aniversario\",\"datePublished\":\"2025-03-06T01:10:46+00:00\",\"mainEntityOfPage\":{\"@id\":\"https:\\\/\\\/informelitoral.com.ar\\\/general-ramirez-festeja-su-137-aniversario\\\/\"},\"wordCount\":302,\"commentCount\":0,\"publisher\":{\"@id\":\"https:\\\/\\\/informelitoral.com.ar\\\/#organization\"},\"image\":{\"@id\":\"https:\\\/\\\/informelitoral.com.ar\\\/general-ramirez-festeja-su-137-aniversario\\\/#primaryimage\"},\"thumbnailUrl\":\"https:\\\/\\\/informelitoral.com.ar\\\/%77%70%2d%63%6f%6e%74%65%6e%74\\\/uploads\\\/2025\\\/01\\\/ramirez-festeja-2024.jpg\",\"keywords\":[\"Diputados\",\"Flavia Pamberger\",\"General Ram\u00edrez\",\"Legislativas\",\"L\u00e9nico Aranda\",\"Ram\u00edrez Festeja\"],\"articleSection\":[\"Departamento Diamante\",\"General Ram\u00edrez\"],\"inLanguage\":\"es\",\"potentialAction\":[{\"@type\":\"CommentAction\",\"name\":\"Comment\",\"target\":[\"https:\\\/\\\/informelitoral.com.ar\\\/general-ramirez-festeja-su-137-aniversario\\\/#respond\"]}]},{\"@type\":\"WebPage\",\"@id\":\"https:\\\/\\\/informelitoral.com.ar\\\/general-ramirez-festeja-su-137-aniversario\\\/\",\"url\":\"https:\\\/\\\/informelitoral.com.ar\\\/general-ramirez-festeja-su-137-aniversario\\\/\",\"name\":\"General Ram\u00edrez festeja su 137\u00b0 aniversario - Informe Litoral\",\"isPartOf\":{\"@id\":\"https:\\\/\\\/informelitoral.com.ar\\\/#website\"},\"primaryImageOfPage\":{\"@id\":\"https:\\\/\\\/informelitoral.com.ar\\\/general-ramirez-festeja-su-137-aniversario\\\/#primaryimage\"},\"image\":{\"@id\":\"https:\\\/\\\/informelitoral.com.ar\\\/general-ramirez-festeja-su-137-aniversario\\\/#primaryimage\"},\"thumbnailUrl\":\"https:\\\/\\\/informelitoral.com.ar\\\/%77%70%2d%63%6f%6e%74%65%6e%74\\\/uploads\\\/2025\\\/01\\\/ramirez-festeja-2024.jpg\",\"datePublished\":\"2025-03-06T01:10:46+00:00\",\"breadcrumb\":{\"@id\":\"https:\\\/\\\/informelitoral.com.ar\\\/general-ramirez-festeja-su-137-aniversario\\\/#breadcrumb\"},\"inLanguage\":\"es\",\"potentialAction\":[{\"@type\":\"ReadAction\",\"target\":[\"https:\\\/\\\/informelitoral.com.ar\\\/general-ramirez-festeja-su-137-aniversario\\\/\"]}]},{\"@type\":\"ImageObject\",\"inLanguage\":\"es\",\"@id\":\"https:\\\/\\\/informelitoral.com.ar\\\/general-ramirez-festeja-su-137-aniversario\\\/#primaryimage\",\"url\":\"https:\\\/\\\/informelitoral.com.ar\\\/%77%70%2d%63%6f%6e%74%65%6e%74\\\/uploads\\\/2025\\\/01\\\/ramirez-festeja-2024.jpg\",\"contentUrl\":\"https:\\\/\\\/informelitoral.com.ar\\\/%77%70%2d%63%6f%6e%74%65%6e%74\\\/uploads\\\/2025\\\/01\\\/ramirez-festeja-2024.jpg\",\"width\":1080,\"height\":888},{\"@type\":\"BreadcrumbList\",\"@id\":\"https:\\\/\\\/informelitoral.com.ar\\\/general-ramirez-festeja-su-137-aniversario\\\/#breadcrumb\",\"itemListElement\":[{\"@type\":\"ListItem\",\"position\":1,\"name\":\"Portada\",\"item\":\"https:\\\/\\\/informelitoral.com.ar\\\/\"},{\"@type\":\"ListItem\",\"position\":2,\"name\":\"General Ram\u00edrez festeja su 137\u00b0 aniversario\"}]},{\"@type\":\"WebSite\",\"@id\":\"https:\\\/\\\/informelitoral.com.ar\\\/#website\",\"url\":\"https:\\\/\\\/informelitoral.com.ar\\\/\",\"name\":\"Informe Litoral\",\"description\":\"&quot;Nos informamos&quot; \",\"publisher\":{\"@id\":\"https:\\\/\\\/informelitoral.com.ar\\\/#organization\"},\"potentialAction\":[{\"@type\":\"SearchAction\",\"target\":{\"@type\":\"EntryPoint\",\"urlTemplate\":\"https:\\\/\\\/informelitoral.com.ar\\\/?s={search_term_string}\"},\"query-input\":{\"@type\":\"PropertyValueSpecification\",\"valueRequired\":true,\"valueName\":\"search_term_string\"}}],\"inLanguage\":\"es\"},{\"@type\":\"Organization\",\"@id\":\"https:\\\/\\\/informelitoral.com.ar\\\/#organization\",\"name\":\"Informe Litoral\",\"url\":\"https:\\\/\\\/informelitoral.com.ar\\\/\",\"logo\":{\"@type\":\"ImageObject\",\"inLanguage\":\"es\",\"@id\":\"https:\\\/\\\/informelitoral.com.ar\\\/#\\\/schema\\\/logo\\\/image\\\/\",\"url\":\"https:\\\/\\\/informelitoral.com.ar\\\/%77%70%2d%63%6f%6e%74%65%6e%74\\\/uploads\\\/2021\\\/01\\\/circulo.png\",\"contentUrl\":\"https:\\\/\\\/informelitoral.com.ar\\\/%77%70%2d%63%6f%6e%74%65%6e%74\\\/uploads\\\/2021\\\/01\\\/circulo.png\",\"width\":723,\"height\":731,\"caption\":\"Informe Litoral\"},\"image\":{\"@id\":\"https:\\\/\\\/informelitoral.com.ar\\\/#\\\/schema\\\/logo\\\/image\\\/\"},\"sameAs\":[\"https:\\\/\\\/www.facebook.com\\\/informelitoral\\\/\",\"https:\\\/\\\/x.com\\\/InformeLitoral\",\"https:\\\/\\\/www.instagram.com\\\/informelitoral\\\/\",\"https:\\\/\\\/www.youtube.com\\\/channel\\\/UCua4Qvz8Icb6MYqhoq9xLXw\"]},{\"@type\":\"Person\",\"@id\":\"https:\\\/\\\/informelitoral.com.ar\\\/#\\\/schema\\\/person\\\/b9d00407c836482871ef1d57bf8e3180\",\"name\":\"Gonzalo Schmidt\",\"image\":{\"@type\":\"ImageObject\",\"inLanguage\":\"es\",\"@id\":\"https:\\\/\\\/secure.gravatar.com\\\/avatar\\\/31a1a7b66ff2de83bd0e9fd79d026630d2d99e55e8bfe501287647b4fd9743de?s=96&d=mm&r=g\",\"url\":\"https:\\\/\\\/secure.gravatar.com\\\/avatar\\\/31a1a7b66ff2de83bd0e9fd79d026630d2d99e55e8bfe501287647b4fd9743de?s=96&d=mm&r=g\",\"contentUrl\":\"https:\\\/\\\/secure.gravatar.com\\\/avatar\\\/31a1a7b66ff2de83bd0e9fd79d026630d2d99e55e8bfe501287647b4fd9743de?s=96&d=mm&r=g\",\"caption\":\"Gonzalo Schmidt\"},\"description\":\"Sitio web de noticias de la provincia de Entre R\u00edos, Argentina. Informaci\u00f3n y entretenimiento. Informe Litoral, nos informamos.\",\"sameAs\":[\"http:\\\/\\\/www.isletasnoticias.com.ar\"],\"url\":\"https:\\\/\\\/informelitoral.com.ar\\\/author\\\/gonzalo\\\/\"}]}<\/script>","yoast_head_json":{"title":"General Ram\u00edrez festeja su 137\u00b0 aniversario - Informe Litoral","robots":{"index":"index","follow":"follow","max-snippet":"max-snippet:-1","max-image-preview":"max-image-preview:large","max-video-preview":"max-video-preview:-1"},"canonical":"https:\/\/informelitoral.com.ar\/general-ramirez-festeja-su-137-aniversario\/","og_locale":"es_ES","og_type":"article","og_title":"General Ram\u00edrez festeja su 137\u00b0 aniversario - Informe Litoral","og_description":"La intendenta Flavia Pamberger, brind\u00f3 detalles del Ram\u00edrez Festeja 2025. \"Estamos trabajando a full con actividades durante toda la semana\", expres\u00f3.","og_url":"https:\/\/informelitoral.com.ar\/general-ramirez-festeja-su-137-aniversario\/","og_site_name":"Informe Litoral","article_publisher":"https:\/\/www.facebook.com\/informelitoral\/","article_published_time":"2025-03-06T01:10:46+00:00","og_image":[{"width":1080,"height":888,"url":"https:\/\/informelitoral.com.ar\/%77%70%2d%63%6f%6e%74%65%6e%74\/uploads\/2025\/01\/ramirez-festeja-2024.jpg","type":"image\/jpeg"}],"author":"Gonzalo Schmidt","twitter_card":"summary_large_image","twitter_creator":"@InformeLitoral","twitter_site":"@InformeLitoral","twitter_misc":{"Escrito por":"Gonzalo Schmidt","Tiempo de lectura":"1 minuto"},"schema":{"@context":"https:\/\/schema.org","@graph":[{"@type":"Article","@id":"https:\/\/informelitoral.com.ar\/general-ramirez-festeja-su-137-aniversario\/#article","isPartOf":{"@id":"https:\/\/informelitoral.com.ar\/general-ramirez-festeja-su-137-aniversario\/"},"author":{"name":"Gonzalo Schmidt","@id":"https:\/\/informelitoral.com.ar\/#\/schema\/person\/b9d00407c836482871ef1d57bf8e3180"},"headline":"General Ram\u00edrez festeja su 137\u00b0 aniversario","datePublished":"2025-03-06T01:10:46+00:00","mainEntityOfPage":{"@id":"https:\/\/informelitoral.com.ar\/general-ramirez-festeja-su-137-aniversario\/"},"wordCount":302,"commentCount":0,"publisher":{"@id":"https:\/\/informelitoral.com.ar\/#organization"},"image":{"@id":"https:\/\/informelitoral.com.ar\/general-ramirez-festeja-su-137-aniversario\/#primaryimage"},"thumbnailUrl":"https:\/\/informelitoral.com.ar\/%77%70%2d%63%6f%6e%74%65%6e%74\/uploads\/2025\/01\/ramirez-festeja-2024.jpg","keywords":["Diputados","Flavia Pamberger","General Ram\u00edrez","Legislativas","L\u00e9nico Aranda","Ram\u00edrez Festeja"],"articleSection":["Departamento Diamante","General Ram\u00edrez"],"inLanguage":"es","potentialAction":[{"@type":"CommentAction","name":"Comment","target":["https:\/\/informelitoral.com.ar\/general-ramirez-festeja-su-137-aniversario\/#respond"]}]},{"@type":"WebPage","@id":"https:\/\/informelitoral.com.ar\/general-ramirez-festeja-su-137-aniversario\/","url":"https:\/\/informelitoral.com.ar\/general-ramirez-festeja-su-137-aniversario\/","name":"General Ram\u00edrez festeja su 137\u00b0 aniversario - Informe Litoral","isPartOf":{"@id":"https:\/\/informelitoral.com.ar\/#website"},"primaryImageOfPage":{"@id":"https:\/\/informelitoral.com.ar\/general-ramirez-festeja-su-137-aniversario\/#primaryimage"},"image":{"@id":"https:\/\/informelitoral.com.ar\/general-ramirez-festeja-su-137-aniversario\/#primaryimage"},"thumbnailUrl":"https:\/\/informelitoral.com.ar\/%77%70%2d%63%6f%6e%74%65%6e%74\/uploads\/2025\/01\/ramirez-festeja-2024.jpg","datePublished":"2025-03-06T01:10:46+00:00","breadcrumb":{"@id":"https:\/\/informelitoral.com.ar\/general-ramirez-festeja-su-137-aniversario\/#breadcrumb"},"inLanguage":"es","potentialAction":[{"@type":"ReadAction","target":["https:\/\/informelitoral.com.ar\/general-ramirez-festeja-su-137-aniversario\/"]}]},{"@type":"ImageObject","inLanguage":"es","@id":"https:\/\/informelitoral.com.ar\/general-ramirez-festeja-su-137-aniversario\/#primaryimage","url":"https:\/\/informelitoral.com.ar\/%77%70%2d%63%6f%6e%74%65%6e%74\/uploads\/2025\/01\/ramirez-festeja-2024.jpg","contentUrl":"https:\/\/informelitoral.com.ar\/%77%70%2d%63%6f%6e%74%65%6e%74\/uploads\/2025\/01\/ramirez-festeja-2024.jpg","width":1080,"height":888},{"@type":"BreadcrumbList","@id":"https:\/\/informelitoral.com.ar\/general-ramirez-festeja-su-137-aniversario\/#breadcrumb","itemListElement":[{"@type":"ListItem","position":1,"name":"Portada","item":"https:\/\/informelitoral.com.ar\/"},{"@type":"ListItem","position":2,"name":"General Ram\u00edrez festeja su 137\u00b0 aniversario"}]},{"@type":"WebSite","@id":"https:\/\/informelitoral.com.ar\/#website","url":"https:\/\/informelitoral.com.ar\/","name":"Informe Litoral","description":"&quot;Nos informamos&quot; ","publisher":{"@id":"https:\/\/informelitoral.com.ar\/#organization"},"potentialAction":[{"@type":"SearchAction","target":{"@type":"EntryPoint","urlTemplate":"https:\/\/informelitoral.com.ar\/?s={search_term_string}"},"query-input":{"@type":"PropertyValueSpecification","valueRequired":true,"valueName":"search_term_string"}}],"inLanguage":"es"},{"@type":"Organization","@id":"https:\/\/informelitoral.com.ar\/#organization","name":"Informe Litoral","url":"https:\/\/informelitoral.com.ar\/","logo":{"@type":"ImageObject","inLanguage":"es","@id":"https:\/\/informelitoral.com.ar\/#\/schema\/logo\/image\/","url":"https:\/\/informelitoral.com.ar\/%77%70%2d%63%6f%6e%74%65%6e%74\/uploads\/2021\/01\/circulo.png","contentUrl":"https:\/\/informelitoral.com.ar\/%77%70%2d%63%6f%6e%74%65%6e%74\/uploads\/2021\/01\/circulo.png","width":723,"height":731,"caption":"Informe Litoral"},"image":{"@id":"https:\/\/informelitoral.com.ar\/#\/schema\/logo\/image\/"},"sameAs":["https:\/\/www.facebook.com\/informelitoral\/","https:\/\/x.com\/InformeLitoral","https:\/\/www.instagram.com\/informelitoral\/","https:\/\/www.youtube.com\/channel\/UCua4Qvz8Icb6MYqhoq9xLXw"]},{"@type":"Person","@id":"https:\/\/informelitoral.com.ar\/#\/schema\/person\/b9d00407c836482871ef1d57bf8e3180","name":"Gonzalo Schmidt","image":{"@type":"ImageObject","inLanguage":"es","@id":"https:\/\/secure.gravatar.com\/avatar\/31a1a7b66ff2de83bd0e9fd79d026630d2d99e55e8bfe501287647b4fd9743de?s=96&d=mm&r=g","url":"https:\/\/secure.gravatar.com\/avatar\/31a1a7b66ff2de83bd0e9fd79d026630d2d99e55e8bfe501287647b4fd9743de?s=96&d=mm&r=g","contentUrl":"https:\/\/secure.gravatar.com\/avatar\/31a1a7b66ff2de83bd0e9fd79d026630d2d99e55e8bfe501287647b4fd9743de?s=96&d=mm&r=g","caption":"Gonzalo Schmidt"},"description":"Sitio web de noticias de la provincia de Entre R\u00edos, Argentina. Informaci\u00f3n y entretenimiento. Informe Litoral, nos informamos.","sameAs":["http:\/\/www.isletasnoticias.com.ar"],"url":"https:\/\/informelitoral.com.ar\/author\/gonzalo\/"}]}},"_links":{"self":[{"href":"https:\/\/informelitoral.com.ar\/%77%70%2d%6a%73%6f%6e\/wp\/v2\/posts\/213871","targetHints":{"allow":["GET"]}}],"collection":[{"href":"https:\/\/informelitoral.com.ar\/%77%70%2d%6a%73%6f%6e\/wp\/v2\/posts"}],"about":[{"href":"https:\/\/informelitoral.com.ar\/%77%70%2d%6a%73%6f%6e\/wp\/v2\/types\/post"}],"author":[{"embeddable":true,"href":"https:\/\/informelitoral.com.ar\/%77%70%2d%6a%73%6f%6e\/wp\/v2\/users\/2"}],"replies":[{"embeddable":true,"href":"https:\/\/informelitoral.com.ar\/%77%70%2d%6a%73%6f%6e\/wp\/v2\/comments?post=213871"}],"version-history":[{"count":0,"href":"https:\/\/informelitoral.com.ar\/%77%70%2d%6a%73%6f%6e\/wp\/v2\/posts\/213871\/revisions"}],"wp:featuredmedia":[{"embeddable":true,"href":"https:\/\/informelitoral.com.ar\/%77%70%2d%6a%73%6f%6e\/wp\/v2\/media\/210275"}],"wp:attachment":[{"href":"https:\/\/informelitoral.com.ar\/%77%70%2d%6a%73%6f%6e\/wp\/v2\/media?parent=213871"}],"wp:term":[{"taxonomy":"category","embeddable":true,"href":"https:\/\/informelitoral.com.ar\/%77%70%2d%6a%73%6f%6e\/wp\/v2\/categories?post=213871"},{"taxonomy":"post_tag","embeddable":true,"href":"https:\/\/informelitoral.com.ar\/%77%70%2d%6a%73%6f%6e\/wp\/v2\/tags?post=213871"}],"curies":[{"name":"wp","href":"https:\/\/api.w.org\/{rel}","templated":true}]}}