{"id":213749,"date":"2025-03-05T09:02:09","date_gmt":"2025-03-05T12:02:09","guid":{"rendered":"https:\/\/informelitoral.com.ar\/?p=213749"},"modified":"2025-03-05T09:02:09","modified_gmt":"2025-03-05T12:02:09","slug":"libertador-san-martin-la-vicegobernadora-participo-del-festival-del-parque","status":"publish","type":"post","link":"https:\/\/informelitoral.com.ar\/libertador-san-martin-la-vicegobernadora-participo-del-festival-del-parque\/","title":{"rendered":"Libertador San Mart\u00edn: la vicegobernadora particip\u00f3 del Festival del Parque"},"content":{"rendered":"<p>Durante el fin de semana de carnaval, la vicegobernadora presenci\u00f3 la segunda noche del Festival Del Parque Bicentenario 2025, que se desarroll\u00f3 en el polideportivo de la localidad. El evento cont\u00f3 con espect\u00e1culos folcl\u00f3ricos, expo feria de emprendedores y propuesta gastron\u00f3mica.<\/p>\n<p>Acompa\u00f1aron a la vicegobernadora el presidente municipal de Libertador San Mart\u00edn, Dario Heinze; la viceintedente, Claudia Erbes; el senador por el departamento Diamante, Gustavo Vergara; y el diputado provincial, L\u00e9nico Aranda.<\/p>\n<h2><strong>El folclore como uni\u00f3n<\/strong><\/h2>\n<p>Al hacer uso de la palabra, Aluani expres\u00f3 que es \u201cun orgullo y placer compartir con el pueblo y los vecinos este punto de encuentro, de aquellos enamorados del folclore y nuestras tradiciones\u201d.<\/p>\n<p>Adem\u00e1s, la vicegobernadora enfatiz\u00f3 en \u201cel encuentro de la comunidad\u201d y destac\u00f3 la importancia de un \u201cevento que de a poco se va consolidando, y que tenemos el desaf\u00edo en que se convierta en s\u00edmbolo de nuestra identidad cultural\u201d.<\/p>\n<p>Tambi\u00e9n agradeci\u00f3 a \u201cla Municipalidad, y a todos los organizadores y personas que pusieron algo de s\u00ed para llevar adelante este festival. Es muy importante visibilizarlo porque no solamente se muestran a estas generaciones de artistas, sino tambi\u00e9n se genera el movimiento econ\u00f3mico y tur\u00edstico\u201d.<\/p>\n<p>\u201cDesde nuestro Gobierno, encabezado por Rogelio Frigerio, siempre vamos a acompa\u00f1ar la consolidaci\u00f3n de los movimientos y eventos culturales\u201d, y agreg\u00f3 que: \u201cSigamos avanzando en el arte y la cultura como motor, no solamente de la uni\u00f3n de la comunidad, sino tambi\u00e9n para el desarrollo de nuestra querida provincia\u201d.<\/p>\n<p>Por su parte, el intendente Dar\u00edo Heinze agradeci\u00f3 a la vicegobernadora por la presencia en el evento: \u201cPara nuestra localidad es un orgullo muy grande el que nos pueda acompa\u00f1ar\u201d. Adem\u00e1s, se\u00f1al\u00f3 que \u201ces realmente muy importante lo que hace tanto ella como el gobierno por los festivales de la provincia\u201d.<\/p>\n<p>Asimismo, Heinze manifest\u00f3 que \u201cesta fiesta es un gran desaf\u00edo\u201d ya que \u201cla estamos haciendo en un nuevo lugar\u201d y expres\u00f3 que \u201cseguiremos trabajando para crecer a\u00f1o a a\u00f1o\u201d.<\/p>\n<h2><strong>Sobre el Festival<\/strong><\/h2>\n<p>El festival desarroll\u00f3 su 5ta edici\u00f3n este lunes 3 y martes 4 de marzo, y tuvo como epicentro un escenario art\u00edstico donde se presentaron reconocidos artistas folcl\u00f3ricos. Adem\u00e1s, ofreci\u00f3 una expo feria con emprendedores y artesanos de productos regionales, adem\u00e1s de propuestas creativas. Tambi\u00e9n cont\u00f3 con juegos infantiles y un sector gastron\u00f3mico a cargo de instituciones locales.<\/p>\n","protected":false},"excerpt":{"rendered":"<p>Este martes Alicia Aluani particip\u00f3 del Festival Del Parque Bicentenario 2025.<\/p>\n","protected":false},"author":8,"featured_media":213750,"comment_status":"open","ping_status":"open","sticky":false,"template":"","format":"standard","meta":{"fifu_image_url":"","fifu_image_alt":"","footnotes":""},"categories":[5],"tags":[4462,5604,187],"class_list":{"0":"post-213749","1":"post","2":"type-post","3":"status-publish","4":"format-standard","5":"has-post-thumbnail","7":"category-zonales","8":"tag-alicia-aluani","9":"tag-festival-del-parque-bicentenario-de-libertador-san-martin","10":"tag-libertador-san-martin"},"yoast_head":"<title>Libertador San Mart\u00edn: la vicegobernadora particip\u00f3 del Festival del Parque - Informe Litoral<\/title>\n<meta name=\"robots\" content=\"index, follow, max-snippet:-1, max-image-preview:large, max-video-preview:-1\" \/>\n<link rel=\"canonical\" href=\"https:\/\/informelitoral.com.ar\/libertador-san-martin-la-vicegobernadora-participo-del-festival-del-parque\/\" \/>\n<meta property=\"og:locale\" content=\"es_ES\" \/>\n<meta property=\"og:type\" content=\"article\" \/>\n<meta property=\"og:title\" content=\"Libertador San Mart\u00edn: la vicegobernadora particip\u00f3 del Festival del Parque - Informe Litoral\" \/>\n<meta property=\"og:description\" content=\"Este martes Alicia Aluani particip\u00f3 del Festival Del Parque Bicentenario 2025.\" \/>\n<meta property=\"og:url\" content=\"https:\/\/informelitoral.com.ar\/libertador-san-martin-la-vicegobernadora-participo-del-festival-del-parque\/\" \/>\n<meta property=\"og:site_name\" content=\"Informe Litoral\" \/>\n<meta property=\"article:publisher\" content=\"https:\/\/www.facebook.com\/informelitoral\/\" \/>\n<meta property=\"article:published_time\" content=\"2025-03-05T12:02:09+00:00\" \/>\n<meta property=\"og:image\" content=\"https:\/\/informelitoral.com.ar\/%77%70%2d%63%6f%6e%74%65%6e%74\/uploads\/2025\/03\/WhatsApp-Image-2025-03-04-at-23.08.32-4-860x573-1.jpeg\" \/>\n\t<meta property=\"og:image:width\" content=\"860\" \/>\n\t<meta property=\"og:image:height\" content=\"573\" \/>\n\t<meta property=\"og:image:type\" content=\"image\/jpeg\" \/>\n<meta name=\"author\" content=\"Sebastian\" \/>\n<meta name=\"twitter:card\" content=\"summary_large_image\" \/>\n<meta name=\"twitter:creator\" content=\"@InformeLitoral\" \/>\n<meta name=\"twitter:site\" content=\"@InformeLitoral\" \/>\n<meta name=\"twitter:label1\" content=\"Escrito por\" \/>\n\t<meta name=\"twitter:data1\" content=\"Sebastian\" \/>\n\t<meta name=\"twitter:label2\" content=\"Tiempo de lectura\" \/>\n\t<meta name=\"twitter:data2\" content=\"2 minutos\" \/>\n<script type=\"application\/ld+json\" class=\"yoast-schema-graph\">{\"@context\":\"https:\\\/\\\/schema.org\",\"@graph\":[{\"@type\":\"Article\",\"@id\":\"https:\\\/\\\/informelitoral.com.ar\\\/libertador-san-martin-la-vicegobernadora-participo-del-festival-del-parque\\\/#article\",\"isPartOf\":{\"@id\":\"https:\\\/\\\/informelitoral.com.ar\\\/libertador-san-martin-la-vicegobernadora-participo-del-festival-del-parque\\\/\"},\"author\":{\"name\":\"Sebastian\",\"@id\":\"https:\\\/\\\/informelitoral.com.ar\\\/#\\\/schema\\\/person\\\/f05f9f461677119578717524b127d6d5\"},\"headline\":\"Libertador San Mart\u00edn: la vicegobernadora particip\u00f3 del Festival del Parque\",\"datePublished\":\"2025-03-05T12:02:09+00:00\",\"mainEntityOfPage\":{\"@id\":\"https:\\\/\\\/informelitoral.com.ar\\\/libertador-san-martin-la-vicegobernadora-participo-del-festival-del-parque\\\/\"},\"wordCount\":422,\"commentCount\":0,\"publisher\":{\"@id\":\"https:\\\/\\\/informelitoral.com.ar\\\/#organization\"},\"image\":{\"@id\":\"https:\\\/\\\/informelitoral.com.ar\\\/libertador-san-martin-la-vicegobernadora-participo-del-festival-del-parque\\\/#primaryimage\"},\"thumbnailUrl\":\"https:\\\/\\\/informelitoral.com.ar\\\/%77%70%2d%63%6f%6e%74%65%6e%74\\\/uploads\\\/2025\\\/03\\\/WhatsApp-Image-2025-03-04-at-23.08.32-4-860x573-1.jpeg\",\"keywords\":[\"Alicia Aluani\",\"Festival del Parque Bicentenario de Libertador San Mart\u00edn\",\"Libertador San Mart\u00edn\"],\"articleSection\":[\"Departamento Diamante\"],\"inLanguage\":\"es\",\"potentialAction\":[{\"@type\":\"CommentAction\",\"name\":\"Comment\",\"target\":[\"https:\\\/\\\/informelitoral.com.ar\\\/libertador-san-martin-la-vicegobernadora-participo-del-festival-del-parque\\\/#respond\"]}]},{\"@type\":\"WebPage\",\"@id\":\"https:\\\/\\\/informelitoral.com.ar\\\/libertador-san-martin-la-vicegobernadora-participo-del-festival-del-parque\\\/\",\"url\":\"https:\\\/\\\/informelitoral.com.ar\\\/libertador-san-martin-la-vicegobernadora-participo-del-festival-del-parque\\\/\",\"name\":\"Libertador San Mart\u00edn: la vicegobernadora particip\u00f3 del Festival del Parque - Informe Litoral\",\"isPartOf\":{\"@id\":\"https:\\\/\\\/informelitoral.com.ar\\\/#website\"},\"primaryImageOfPage\":{\"@id\":\"https:\\\/\\\/informelitoral.com.ar\\\/libertador-san-martin-la-vicegobernadora-participo-del-festival-del-parque\\\/#primaryimage\"},\"image\":{\"@id\":\"https:\\\/\\\/informelitoral.com.ar\\\/libertador-san-martin-la-vicegobernadora-participo-del-festival-del-parque\\\/#primaryimage\"},\"thumbnailUrl\":\"https:\\\/\\\/informelitoral.com.ar\\\/%77%70%2d%63%6f%6e%74%65%6e%74\\\/uploads\\\/2025\\\/03\\\/WhatsApp-Image-2025-03-04-at-23.08.32-4-860x573-1.jpeg\",\"datePublished\":\"2025-03-05T12:02:09+00:00\",\"breadcrumb\":{\"@id\":\"https:\\\/\\\/informelitoral.com.ar\\\/libertador-san-martin-la-vicegobernadora-participo-del-festival-del-parque\\\/#breadcrumb\"},\"inLanguage\":\"es\",\"potentialAction\":[{\"@type\":\"ReadAction\",\"target\":[\"https:\\\/\\\/informelitoral.com.ar\\\/libertador-san-martin-la-vicegobernadora-participo-del-festival-del-parque\\\/\"]}]},{\"@type\":\"ImageObject\",\"inLanguage\":\"es\",\"@id\":\"https:\\\/\\\/informelitoral.com.ar\\\/libertador-san-martin-la-vicegobernadora-participo-del-festival-del-parque\\\/#primaryimage\",\"url\":\"https:\\\/\\\/informelitoral.com.ar\\\/%77%70%2d%63%6f%6e%74%65%6e%74\\\/uploads\\\/2025\\\/03\\\/WhatsApp-Image-2025-03-04-at-23.08.32-4-860x573-1.jpeg\",\"contentUrl\":\"https:\\\/\\\/informelitoral.com.ar\\\/%77%70%2d%63%6f%6e%74%65%6e%74\\\/uploads\\\/2025\\\/03\\\/WhatsApp-Image-2025-03-04-at-23.08.32-4-860x573-1.jpeg\",\"width\":860,\"height\":573},{\"@type\":\"BreadcrumbList\",\"@id\":\"https:\\\/\\\/informelitoral.com.ar\\\/libertador-san-martin-la-vicegobernadora-participo-del-festival-del-parque\\\/#breadcrumb\",\"itemListElement\":[{\"@type\":\"ListItem\",\"position\":1,\"name\":\"Portada\",\"item\":\"https:\\\/\\\/informelitoral.com.ar\\\/\"},{\"@type\":\"ListItem\",\"position\":2,\"name\":\"Libertador San Mart\u00edn: la vicegobernadora particip\u00f3 del Festival del Parque\"}]},{\"@type\":\"WebSite\",\"@id\":\"https:\\\/\\\/informelitoral.com.ar\\\/#website\",\"url\":\"https:\\\/\\\/informelitoral.com.ar\\\/\",\"name\":\"Informe Litoral\",\"description\":\"&quot;Nos informamos&quot; \",\"publisher\":{\"@id\":\"https:\\\/\\\/informelitoral.com.ar\\\/#organization\"},\"potentialAction\":[{\"@type\":\"SearchAction\",\"target\":{\"@type\":\"EntryPoint\",\"urlTemplate\":\"https:\\\/\\\/informelitoral.com.ar\\\/?s={search_term_string}\"},\"query-input\":{\"@type\":\"PropertyValueSpecification\",\"valueRequired\":true,\"valueName\":\"search_term_string\"}}],\"inLanguage\":\"es\"},{\"@type\":\"Organization\",\"@id\":\"https:\\\/\\\/informelitoral.com.ar\\\/#organization\",\"name\":\"Informe Litoral\",\"url\":\"https:\\\/\\\/informelitoral.com.ar\\\/\",\"logo\":{\"@type\":\"ImageObject\",\"inLanguage\":\"es\",\"@id\":\"https:\\\/\\\/informelitoral.com.ar\\\/#\\\/schema\\\/logo\\\/image\\\/\",\"url\":\"https:\\\/\\\/informelitoral.com.ar\\\/%77%70%2d%63%6f%6e%74%65%6e%74\\\/uploads\\\/2021\\\/01\\\/circulo.png\",\"contentUrl\":\"https:\\\/\\\/informelitoral.com.ar\\\/%77%70%2d%63%6f%6e%74%65%6e%74\\\/uploads\\\/2021\\\/01\\\/circulo.png\",\"width\":723,\"height\":731,\"caption\":\"Informe Litoral\"},\"image\":{\"@id\":\"https:\\\/\\\/informelitoral.com.ar\\\/#\\\/schema\\\/logo\\\/image\\\/\"},\"sameAs\":[\"https:\\\/\\\/www.facebook.com\\\/informelitoral\\\/\",\"https:\\\/\\\/x.com\\\/InformeLitoral\",\"https:\\\/\\\/www.instagram.com\\\/informelitoral\\\/\",\"https:\\\/\\\/www.youtube.com\\\/channel\\\/UCua4Qvz8Icb6MYqhoq9xLXw\"]},{\"@type\":\"Person\",\"@id\":\"https:\\\/\\\/informelitoral.com.ar\\\/#\\\/schema\\\/person\\\/f05f9f461677119578717524b127d6d5\",\"name\":\"Sebastian\",\"image\":{\"@type\":\"ImageObject\",\"inLanguage\":\"es\",\"@id\":\"https:\\\/\\\/secure.gravatar.com\\\/avatar\\\/b71bf7481d447dfb9583c7f2798e7cc64de6efb9067b74633ed8c31059a3bd82?s=96&d=mm&r=g\",\"url\":\"https:\\\/\\\/secure.gravatar.com\\\/avatar\\\/b71bf7481d447dfb9583c7f2798e7cc64de6efb9067b74633ed8c31059a3bd82?s=96&d=mm&r=g\",\"contentUrl\":\"https:\\\/\\\/secure.gravatar.com\\\/avatar\\\/b71bf7481d447dfb9583c7f2798e7cc64de6efb9067b74633ed8c31059a3bd82?s=96&d=mm&r=g\",\"caption\":\"Sebastian\"},\"url\":\"https:\\\/\\\/informelitoral.com.ar\\\/author\\\/sebastian\\\/\"}]}<\/script>","yoast_head_json":{"title":"Libertador San Mart\u00edn: la vicegobernadora particip\u00f3 del Festival del Parque - Informe Litoral","robots":{"index":"index","follow":"follow","max-snippet":"max-snippet:-1","max-image-preview":"max-image-preview:large","max-video-preview":"max-video-preview:-1"},"canonical":"https:\/\/informelitoral.com.ar\/libertador-san-martin-la-vicegobernadora-participo-del-festival-del-parque\/","og_locale":"es_ES","og_type":"article","og_title":"Libertador San Mart\u00edn: la vicegobernadora particip\u00f3 del Festival del Parque - Informe Litoral","og_description":"Este martes Alicia Aluani particip\u00f3 del Festival Del Parque Bicentenario 2025.","og_url":"https:\/\/informelitoral.com.ar\/libertador-san-martin-la-vicegobernadora-participo-del-festival-del-parque\/","og_site_name":"Informe Litoral","article_publisher":"https:\/\/www.facebook.com\/informelitoral\/","article_published_time":"2025-03-05T12:02:09+00:00","og_image":[{"width":860,"height":573,"url":"https:\/\/informelitoral.com.ar\/%77%70%2d%63%6f%6e%74%65%6e%74\/uploads\/2025\/03\/WhatsApp-Image-2025-03-04-at-23.08.32-4-860x573-1.jpeg","type":"image\/jpeg"}],"author":"Sebastian","twitter_card":"summary_large_image","twitter_creator":"@InformeLitoral","twitter_site":"@InformeLitoral","twitter_misc":{"Escrito por":"Sebastian","Tiempo de lectura":"2 minutos"},"schema":{"@context":"https:\/\/schema.org","@graph":[{"@type":"Article","@id":"https:\/\/informelitoral.com.ar\/libertador-san-martin-la-vicegobernadora-participo-del-festival-del-parque\/#article","isPartOf":{"@id":"https:\/\/informelitoral.com.ar\/libertador-san-martin-la-vicegobernadora-participo-del-festival-del-parque\/"},"author":{"name":"Sebastian","@id":"https:\/\/informelitoral.com.ar\/#\/schema\/person\/f05f9f461677119578717524b127d6d5"},"headline":"Libertador San Mart\u00edn: la vicegobernadora particip\u00f3 del Festival del Parque","datePublished":"2025-03-05T12:02:09+00:00","mainEntityOfPage":{"@id":"https:\/\/informelitoral.com.ar\/libertador-san-martin-la-vicegobernadora-participo-del-festival-del-parque\/"},"wordCount":422,"commentCount":0,"publisher":{"@id":"https:\/\/informelitoral.com.ar\/#organization"},"image":{"@id":"https:\/\/informelitoral.com.ar\/libertador-san-martin-la-vicegobernadora-participo-del-festival-del-parque\/#primaryimage"},"thumbnailUrl":"https:\/\/informelitoral.com.ar\/%77%70%2d%63%6f%6e%74%65%6e%74\/uploads\/2025\/03\/WhatsApp-Image-2025-03-04-at-23.08.32-4-860x573-1.jpeg","keywords":["Alicia Aluani","Festival del Parque Bicentenario de Libertador San Mart\u00edn","Libertador San Mart\u00edn"],"articleSection":["Departamento Diamante"],"inLanguage":"es","potentialAction":[{"@type":"CommentAction","name":"Comment","target":["https:\/\/informelitoral.com.ar\/libertador-san-martin-la-vicegobernadora-participo-del-festival-del-parque\/#respond"]}]},{"@type":"WebPage","@id":"https:\/\/informelitoral.com.ar\/libertador-san-martin-la-vicegobernadora-participo-del-festival-del-parque\/","url":"https:\/\/informelitoral.com.ar\/libertador-san-martin-la-vicegobernadora-participo-del-festival-del-parque\/","name":"Libertador San Mart\u00edn: la vicegobernadora particip\u00f3 del Festival del Parque - Informe Litoral","isPartOf":{"@id":"https:\/\/informelitoral.com.ar\/#website"},"primaryImageOfPage":{"@id":"https:\/\/informelitoral.com.ar\/libertador-san-martin-la-vicegobernadora-participo-del-festival-del-parque\/#primaryimage"},"image":{"@id":"https:\/\/informelitoral.com.ar\/libertador-san-martin-la-vicegobernadora-participo-del-festival-del-parque\/#primaryimage"},"thumbnailUrl":"https:\/\/informelitoral.com.ar\/%77%70%2d%63%6f%6e%74%65%6e%74\/uploads\/2025\/03\/WhatsApp-Image-2025-03-04-at-23.08.32-4-860x573-1.jpeg","datePublished":"2025-03-05T12:02:09+00:00","breadcrumb":{"@id":"https:\/\/informelitoral.com.ar\/libertador-san-martin-la-vicegobernadora-participo-del-festival-del-parque\/#breadcrumb"},"inLanguage":"es","potentialAction":[{"@type":"ReadAction","target":["https:\/\/informelitoral.com.ar\/libertador-san-martin-la-vicegobernadora-participo-del-festival-del-parque\/"]}]},{"@type":"ImageObject","inLanguage":"es","@id":"https:\/\/informelitoral.com.ar\/libertador-san-martin-la-vicegobernadora-participo-del-festival-del-parque\/#primaryimage","url":"https:\/\/informelitoral.com.ar\/%77%70%2d%63%6f%6e%74%65%6e%74\/uploads\/2025\/03\/WhatsApp-Image-2025-03-04-at-23.08.32-4-860x573-1.jpeg","contentUrl":"https:\/\/informelitoral.com.ar\/%77%70%2d%63%6f%6e%74%65%6e%74\/uploads\/2025\/03\/WhatsApp-Image-2025-03-04-at-23.08.32-4-860x573-1.jpeg","width":860,"height":573},{"@type":"BreadcrumbList","@id":"https:\/\/informelitoral.com.ar\/libertador-san-martin-la-vicegobernadora-participo-del-festival-del-parque\/#breadcrumb","itemListElement":[{"@type":"ListItem","position":1,"name":"Portada","item":"https:\/\/informelitoral.com.ar\/"},{"@type":"ListItem","position":2,"name":"Libertador San Mart\u00edn: la vicegobernadora particip\u00f3 del Festival del Parque"}]},{"@type":"WebSite","@id":"https:\/\/informelitoral.com.ar\/#website","url":"https:\/\/informelitoral.com.ar\/","name":"Informe Litoral","description":"&quot;Nos informamos&quot; ","publisher":{"@id":"https:\/\/informelitoral.com.ar\/#organization"},"potentialAction":[{"@type":"SearchAction","target":{"@type":"EntryPoint","urlTemplate":"https:\/\/informelitoral.com.ar\/?s={search_term_string}"},"query-input":{"@type":"PropertyValueSpecification","valueRequired":true,"valueName":"search_term_string"}}],"inLanguage":"es"},{"@type":"Organization","@id":"https:\/\/informelitoral.com.ar\/#organization","name":"Informe Litoral","url":"https:\/\/informelitoral.com.ar\/","logo":{"@type":"ImageObject","inLanguage":"es","@id":"https:\/\/informelitoral.com.ar\/#\/schema\/logo\/image\/","url":"https:\/\/informelitoral.com.ar\/%77%70%2d%63%6f%6e%74%65%6e%74\/uploads\/2021\/01\/circulo.png","contentUrl":"https:\/\/informelitoral.com.ar\/%77%70%2d%63%6f%6e%74%65%6e%74\/uploads\/2021\/01\/circulo.png","width":723,"height":731,"caption":"Informe Litoral"},"image":{"@id":"https:\/\/informelitoral.com.ar\/#\/schema\/logo\/image\/"},"sameAs":["https:\/\/www.facebook.com\/informelitoral\/","https:\/\/x.com\/InformeLitoral","https:\/\/www.instagram.com\/informelitoral\/","https:\/\/www.youtube.com\/channel\/UCua4Qvz8Icb6MYqhoq9xLXw"]},{"@type":"Person","@id":"https:\/\/informelitoral.com.ar\/#\/schema\/person\/f05f9f461677119578717524b127d6d5","name":"Sebastian","image":{"@type":"ImageObject","inLanguage":"es","@id":"https:\/\/secure.gravatar.com\/avatar\/b71bf7481d447dfb9583c7f2798e7cc64de6efb9067b74633ed8c31059a3bd82?s=96&d=mm&r=g","url":"https:\/\/secure.gravatar.com\/avatar\/b71bf7481d447dfb9583c7f2798e7cc64de6efb9067b74633ed8c31059a3bd82?s=96&d=mm&r=g","contentUrl":"https:\/\/secure.gravatar.com\/avatar\/b71bf7481d447dfb9583c7f2798e7cc64de6efb9067b74633ed8c31059a3bd82?s=96&d=mm&r=g","caption":"Sebastian"},"url":"https:\/\/informelitoral.com.ar\/author\/sebastian\/"}]}},"_links":{"self":[{"href":"https:\/\/informelitoral.com.ar\/%77%70%2d%6a%73%6f%6e\/wp\/v2\/posts\/213749","targetHints":{"allow":["GET"]}}],"collection":[{"href":"https:\/\/informelitoral.com.ar\/%77%70%2d%6a%73%6f%6e\/wp\/v2\/posts"}],"about":[{"href":"https:\/\/informelitoral.com.ar\/%77%70%2d%6a%73%6f%6e\/wp\/v2\/types\/post"}],"author":[{"embeddable":true,"href":"https:\/\/informelitoral.com.ar\/%77%70%2d%6a%73%6f%6e\/wp\/v2\/users\/8"}],"replies":[{"embeddable":true,"href":"https:\/\/informelitoral.com.ar\/%77%70%2d%6a%73%6f%6e\/wp\/v2\/comments?post=213749"}],"version-history":[{"count":0,"href":"https:\/\/informelitoral.com.ar\/%77%70%2d%6a%73%6f%6e\/wp\/v2\/posts\/213749\/revisions"}],"wp:featuredmedia":[{"embeddable":true,"href":"https:\/\/informelitoral.com.ar\/%77%70%2d%6a%73%6f%6e\/wp\/v2\/media\/213750"}],"wp:attachment":[{"href":"https:\/\/informelitoral.com.ar\/%77%70%2d%6a%73%6f%6e\/wp\/v2\/media?parent=213749"}],"wp:term":[{"taxonomy":"category","embeddable":true,"href":"https:\/\/informelitoral.com.ar\/%77%70%2d%6a%73%6f%6e\/wp\/v2\/categories?post=213749"},{"taxonomy":"post_tag","embeddable":true,"href":"https:\/\/informelitoral.com.ar\/%77%70%2d%6a%73%6f%6e\/wp\/v2\/tags?post=213749"}],"curies":[{"name":"wp","href":"https:\/\/api.w.org\/{rel}","templated":true}]}}