{"id":213743,"date":"2025-03-05T08:56:52","date_gmt":"2025-03-05T11:56:52","guid":{"rendered":"https:\/\/informelitoral.com.ar\/?p=213743"},"modified":"2025-03-05T08:56:52","modified_gmt":"2025-03-05T11:56:52","slug":"el-gobierno-oficializo-la-suba-del-impuesto-a-los-combustibles","status":"publish","type":"post","link":"https:\/\/informelitoral.com.ar\/el-gobierno-oficializo-la-suba-del-impuesto-a-los-combustibles\/","title":{"rendered":"El gobierno oficializ\u00f3 la suba del impuesto a los combustibles"},"content":{"rendered":"<p>El Gobierno nacional oficializ\u00f3 un nuevo aumento en los impuestos a los combustibles, el cual ya se reflej\u00f3 en los precios de la nafta y el gasoil.<\/p>\n<p>Esta medida fue publicada a trav\u00e9s del decreto 146\/2025 en el Bolet\u00edn Oficial, que establece los nuevos montos para los impuestos sobre los combustibles l\u00edquidos (ICL) y el impuesto al di\u00f3xido de carbono. Los valores fijados por el Ejecutivo\u00a0<b>ser\u00e1n aplicables para los hechos imponibles que se perfeccionen entre el 1\u00b0 y el 31 de marzo de 2025<\/b>.<\/p>\n<p>En este contexto, el decreto establece una nueva tabla de incrementos que impactar\u00e1 principalmente en los precios de los combustibles. De acuerdo con la normativa, \u201cel incremento total en los montos de impuesto a que se refiere el primer p\u00e1rrafo de este art\u00edculo que resulte del remanente de la actualizaci\u00f3n correspondiente al primer trimestre calendario del a\u00f1o 2024 y de las actualizaciones correspondientes al segundo, tercer y cuarto trimestres calendario del a\u00f1o 2024, en los t\u00e9rminos del art\u00edculo 7\u00b0 del Anexo del Decreto N\u00b0 501\/18, surtir\u00e1 efectos respecto de la nafta sin plomo, la nafta virgen y el gasoil, para los hechos imponibles que se perfeccionen desde el 1\u00b0 de abril de 2025, inclusive\u201d.<\/p>\n<h2><strong>Detalles sobre el impacto del aumento y sus justificaciones<\/strong><\/h2>\n<p>El Ejecutivo justific\u00f3 esta medida se\u00f1alando que, \u201ccon el prop\u00f3sito de continuar con la finalidad perseguida a trav\u00e9s de los decretos anteriormente se\u00f1alados, resulta necesario, para los productos en cuesti\u00f3n, volver a diferir parcialmente el incremento correspondiente al primer trimestre calendario de 2024 y, en su totalidad, el del segundo, tercer y cuarto trimestre calendario del a\u00f1o 2024\u201d.<\/p>\n<p>Esta decisi\u00f3n, en palabras del Gobierno, busca un equilibrio en los incrementos, considerando la situaci\u00f3n econ\u00f3mica general y los intereses de los consumidores y el sector energ\u00e9tico.<\/p>\n<h2><strong>Efectos de la suba y su relaci\u00f3n con la inflaci\u00f3n<\/strong><\/h2>\n<p>El impacto de este aumento en el precio final de los combustibles fue precisado por las autoridades, quienes han indicado que el ajuste representar\u00e1 un 0,4% en el valor final de la nafta y el gasoil. Este porcentaje, seg\u00fan se destac\u00f3 desde el Ejecutivo, es \u201cmuy por debajo de los datos de inflaci\u00f3n de enero de 2025\u201d, lo que sugiere que el aumento tiene un impacto relativamente bajo en los consumidores en comparaci\u00f3n con la inflaci\u00f3n general.<\/p>\n<p>Cabe recordar que los impuestos sobre los combustibles fueron congelados durante el mes de febrero con el fin de mitigar los efectos del aumento en el bolsillo de los usuarios. Esta medida, seg\u00fan fuentes del Gobierno, fue tomada para evitar un incremento abrupto que pudiera afectar directamente a los sectores m\u00e1s vulnerables de la econom\u00eda. Sin embargo, con la publicaci\u00f3n del decreto, el Ejecutivo subraya que este nuevo ajuste es necesario para mantener el equilibrio fiscal y seguir impulsando el crecimiento del sector energ\u00e9tico, fundamental para la econom\u00eda nacional.<\/p>\n","protected":false},"excerpt":{"rendered":"<p>Los nuevos montos quedaron establecidos mediante la publicaci\u00f3n del decreto 146\/2025, en el Bolet\u00edn Oficial.<\/p>\n","protected":false},"author":8,"featured_media":85084,"comment_status":"open","ping_status":"open","sticky":false,"template":"","format":"standard","meta":{"fifu_image_url":"","fifu_image_alt":"","footnotes":""},"categories":[1594],"tags":[155,156],"class_list":{"0":"post-213743","1":"post","2":"type-post","3":"status-publish","4":"format-standard","5":"has-post-thumbnail","7":"category-economia","8":"tag-aumentos","9":"tag-combustibles"},"yoast_head":"<title>El gobierno oficializ\u00f3 la suba del impuesto a los combustibles - Informe Litoral<\/title>\n<meta name=\"robots\" content=\"index, follow, max-snippet:-1, max-image-preview:large, max-video-preview:-1\" \/>\n<link rel=\"canonical\" href=\"https:\/\/informelitoral.com.ar\/el-gobierno-oficializo-la-suba-del-impuesto-a-los-combustibles\/\" \/>\n<meta property=\"og:locale\" content=\"es_ES\" \/>\n<meta property=\"og:type\" content=\"article\" \/>\n<meta property=\"og:title\" content=\"El gobierno oficializ\u00f3 la suba del impuesto a los combustibles - Informe Litoral\" \/>\n<meta property=\"og:description\" content=\"Los nuevos montos quedaron establecidos mediante la publicaci\u00f3n del decreto 146\/2025, en el Bolet\u00edn Oficial.\" \/>\n<meta property=\"og:url\" content=\"https:\/\/informelitoral.com.ar\/el-gobierno-oficializo-la-suba-del-impuesto-a-los-combustibles\/\" \/>\n<meta property=\"og:site_name\" content=\"Informe Litoral\" \/>\n<meta property=\"article:publisher\" content=\"https:\/\/www.facebook.com\/informelitoral\/\" \/>\n<meta property=\"article:published_time\" content=\"2025-03-05T11:56:52+00:00\" \/>\n<meta property=\"og:image\" content=\"https:\/\/informelitoral.com.ar\/%77%70%2d%63%6f%6e%74%65%6e%74\/uploads\/2022\/08\/combustibles-c45ecbe8-focus-0-0-895-573.jpg\" \/>\n\t<meta property=\"og:image:width\" content=\"895\" \/>\n\t<meta property=\"og:image:height\" content=\"573\" \/>\n\t<meta property=\"og:image:type\" content=\"image\/jpeg\" \/>\n<meta name=\"author\" content=\"Sebastian\" \/>\n<meta name=\"twitter:card\" content=\"summary_large_image\" \/>\n<meta name=\"twitter:creator\" content=\"@InformeLitoral\" \/>\n<meta name=\"twitter:site\" content=\"@InformeLitoral\" \/>\n<meta name=\"twitter:label1\" content=\"Escrito por\" \/>\n\t<meta name=\"twitter:data1\" content=\"Sebastian\" \/>\n\t<meta name=\"twitter:label2\" content=\"Tiempo de lectura\" \/>\n\t<meta name=\"twitter:data2\" content=\"2 minutos\" \/>\n<script type=\"application\/ld+json\" class=\"yoast-schema-graph\">{\"@context\":\"https:\\\/\\\/schema.org\",\"@graph\":[{\"@type\":\"Article\",\"@id\":\"https:\\\/\\\/informelitoral.com.ar\\\/el-gobierno-oficializo-la-suba-del-impuesto-a-los-combustibles\\\/#article\",\"isPartOf\":{\"@id\":\"https:\\\/\\\/informelitoral.com.ar\\\/el-gobierno-oficializo-la-suba-del-impuesto-a-los-combustibles\\\/\"},\"author\":{\"name\":\"Sebastian\",\"@id\":\"https:\\\/\\\/informelitoral.com.ar\\\/#\\\/schema\\\/person\\\/f05f9f461677119578717524b127d6d5\"},\"headline\":\"El gobierno oficializ\u00f3 la suba del impuesto a los combustibles\",\"datePublished\":\"2025-03-05T11:56:52+00:00\",\"mainEntityOfPage\":{\"@id\":\"https:\\\/\\\/informelitoral.com.ar\\\/el-gobierno-oficializo-la-suba-del-impuesto-a-los-combustibles\\\/\"},\"wordCount\":499,\"commentCount\":0,\"publisher\":{\"@id\":\"https:\\\/\\\/informelitoral.com.ar\\\/#organization\"},\"image\":{\"@id\":\"https:\\\/\\\/informelitoral.com.ar\\\/el-gobierno-oficializo-la-suba-del-impuesto-a-los-combustibles\\\/#primaryimage\"},\"thumbnailUrl\":\"https:\\\/\\\/informelitoral.com.ar\\\/%77%70%2d%63%6f%6e%74%65%6e%74\\\/uploads\\\/2022\\\/08\\\/combustibles-c45ecbe8-focus-0-0-895-573.jpg\",\"keywords\":[\"Aumentos\",\"Combustibles\"],\"articleSection\":[\"Econom\u00eda\"],\"inLanguage\":\"es\",\"potentialAction\":[{\"@type\":\"CommentAction\",\"name\":\"Comment\",\"target\":[\"https:\\\/\\\/informelitoral.com.ar\\\/el-gobierno-oficializo-la-suba-del-impuesto-a-los-combustibles\\\/#respond\"]}]},{\"@type\":\"WebPage\",\"@id\":\"https:\\\/\\\/informelitoral.com.ar\\\/el-gobierno-oficializo-la-suba-del-impuesto-a-los-combustibles\\\/\",\"url\":\"https:\\\/\\\/informelitoral.com.ar\\\/el-gobierno-oficializo-la-suba-del-impuesto-a-los-combustibles\\\/\",\"name\":\"El gobierno oficializ\u00f3 la suba del impuesto a los combustibles - Informe Litoral\",\"isPartOf\":{\"@id\":\"https:\\\/\\\/informelitoral.com.ar\\\/#website\"},\"primaryImageOfPage\":{\"@id\":\"https:\\\/\\\/informelitoral.com.ar\\\/el-gobierno-oficializo-la-suba-del-impuesto-a-los-combustibles\\\/#primaryimage\"},\"image\":{\"@id\":\"https:\\\/\\\/informelitoral.com.ar\\\/el-gobierno-oficializo-la-suba-del-impuesto-a-los-combustibles\\\/#primaryimage\"},\"thumbnailUrl\":\"https:\\\/\\\/informelitoral.com.ar\\\/%77%70%2d%63%6f%6e%74%65%6e%74\\\/uploads\\\/2022\\\/08\\\/combustibles-c45ecbe8-focus-0-0-895-573.jpg\",\"datePublished\":\"2025-03-05T11:56:52+00:00\",\"breadcrumb\":{\"@id\":\"https:\\\/\\\/informelitoral.com.ar\\\/el-gobierno-oficializo-la-suba-del-impuesto-a-los-combustibles\\\/#breadcrumb\"},\"inLanguage\":\"es\",\"potentialAction\":[{\"@type\":\"ReadAction\",\"target\":[\"https:\\\/\\\/informelitoral.com.ar\\\/el-gobierno-oficializo-la-suba-del-impuesto-a-los-combustibles\\\/\"]}]},{\"@type\":\"ImageObject\",\"inLanguage\":\"es\",\"@id\":\"https:\\\/\\\/informelitoral.com.ar\\\/el-gobierno-oficializo-la-suba-del-impuesto-a-los-combustibles\\\/#primaryimage\",\"url\":\"https:\\\/\\\/informelitoral.com.ar\\\/%77%70%2d%63%6f%6e%74%65%6e%74\\\/uploads\\\/2022\\\/08\\\/combustibles-c45ecbe8-focus-0-0-895-573.jpg\",\"contentUrl\":\"https:\\\/\\\/informelitoral.com.ar\\\/%77%70%2d%63%6f%6e%74%65%6e%74\\\/uploads\\\/2022\\\/08\\\/combustibles-c45ecbe8-focus-0-0-895-573.jpg\",\"width\":895,\"height\":573},{\"@type\":\"BreadcrumbList\",\"@id\":\"https:\\\/\\\/informelitoral.com.ar\\\/el-gobierno-oficializo-la-suba-del-impuesto-a-los-combustibles\\\/#breadcrumb\",\"itemListElement\":[{\"@type\":\"ListItem\",\"position\":1,\"name\":\"Portada\",\"item\":\"https:\\\/\\\/informelitoral.com.ar\\\/\"},{\"@type\":\"ListItem\",\"position\":2,\"name\":\"El gobierno oficializ\u00f3 la suba del impuesto a los combustibles\"}]},{\"@type\":\"WebSite\",\"@id\":\"https:\\\/\\\/informelitoral.com.ar\\\/#website\",\"url\":\"https:\\\/\\\/informelitoral.com.ar\\\/\",\"name\":\"Informe Litoral\",\"description\":\"&quot;Nos informamos&quot; \",\"publisher\":{\"@id\":\"https:\\\/\\\/informelitoral.com.ar\\\/#organization\"},\"potentialAction\":[{\"@type\":\"SearchAction\",\"target\":{\"@type\":\"EntryPoint\",\"urlTemplate\":\"https:\\\/\\\/informelitoral.com.ar\\\/?s={search_term_string}\"},\"query-input\":{\"@type\":\"PropertyValueSpecification\",\"valueRequired\":true,\"valueName\":\"search_term_string\"}}],\"inLanguage\":\"es\"},{\"@type\":\"Organization\",\"@id\":\"https:\\\/\\\/informelitoral.com.ar\\\/#organization\",\"name\":\"Informe Litoral\",\"url\":\"https:\\\/\\\/informelitoral.com.ar\\\/\",\"logo\":{\"@type\":\"ImageObject\",\"inLanguage\":\"es\",\"@id\":\"https:\\\/\\\/informelitoral.com.ar\\\/#\\\/schema\\\/logo\\\/image\\\/\",\"url\":\"https:\\\/\\\/informelitoral.com.ar\\\/%77%70%2d%63%6f%6e%74%65%6e%74\\\/uploads\\\/2021\\\/01\\\/circulo.png\",\"contentUrl\":\"https:\\\/\\\/informelitoral.com.ar\\\/%77%70%2d%63%6f%6e%74%65%6e%74\\\/uploads\\\/2021\\\/01\\\/circulo.png\",\"width\":723,\"height\":731,\"caption\":\"Informe Litoral\"},\"image\":{\"@id\":\"https:\\\/\\\/informelitoral.com.ar\\\/#\\\/schema\\\/logo\\\/image\\\/\"},\"sameAs\":[\"https:\\\/\\\/www.facebook.com\\\/informelitoral\\\/\",\"https:\\\/\\\/x.com\\\/InformeLitoral\",\"https:\\\/\\\/www.instagram.com\\\/informelitoral\\\/\",\"https:\\\/\\\/www.youtube.com\\\/channel\\\/UCua4Qvz8Icb6MYqhoq9xLXw\"]},{\"@type\":\"Person\",\"@id\":\"https:\\\/\\\/informelitoral.com.ar\\\/#\\\/schema\\\/person\\\/f05f9f461677119578717524b127d6d5\",\"name\":\"Sebastian\",\"image\":{\"@type\":\"ImageObject\",\"inLanguage\":\"es\",\"@id\":\"https:\\\/\\\/secure.gravatar.com\\\/avatar\\\/b71bf7481d447dfb9583c7f2798e7cc64de6efb9067b74633ed8c31059a3bd82?s=96&d=mm&r=g\",\"url\":\"https:\\\/\\\/secure.gravatar.com\\\/avatar\\\/b71bf7481d447dfb9583c7f2798e7cc64de6efb9067b74633ed8c31059a3bd82?s=96&d=mm&r=g\",\"contentUrl\":\"https:\\\/\\\/secure.gravatar.com\\\/avatar\\\/b71bf7481d447dfb9583c7f2798e7cc64de6efb9067b74633ed8c31059a3bd82?s=96&d=mm&r=g\",\"caption\":\"Sebastian\"},\"url\":\"https:\\\/\\\/informelitoral.com.ar\\\/author\\\/sebastian\\\/\"}]}<\/script>","yoast_head_json":{"title":"El gobierno oficializ\u00f3 la suba del impuesto a los combustibles - Informe Litoral","robots":{"index":"index","follow":"follow","max-snippet":"max-snippet:-1","max-image-preview":"max-image-preview:large","max-video-preview":"max-video-preview:-1"},"canonical":"https:\/\/informelitoral.com.ar\/el-gobierno-oficializo-la-suba-del-impuesto-a-los-combustibles\/","og_locale":"es_ES","og_type":"article","og_title":"El gobierno oficializ\u00f3 la suba del impuesto a los combustibles - Informe Litoral","og_description":"Los nuevos montos quedaron establecidos mediante la publicaci\u00f3n del decreto 146\/2025, en el Bolet\u00edn Oficial.","og_url":"https:\/\/informelitoral.com.ar\/el-gobierno-oficializo-la-suba-del-impuesto-a-los-combustibles\/","og_site_name":"Informe Litoral","article_publisher":"https:\/\/www.facebook.com\/informelitoral\/","article_published_time":"2025-03-05T11:56:52+00:00","og_image":[{"width":895,"height":573,"url":"https:\/\/informelitoral.com.ar\/%77%70%2d%63%6f%6e%74%65%6e%74\/uploads\/2022\/08\/combustibles-c45ecbe8-focus-0-0-895-573.jpg","type":"image\/jpeg"}],"author":"Sebastian","twitter_card":"summary_large_image","twitter_creator":"@InformeLitoral","twitter_site":"@InformeLitoral","twitter_misc":{"Escrito por":"Sebastian","Tiempo de lectura":"2 minutos"},"schema":{"@context":"https:\/\/schema.org","@graph":[{"@type":"Article","@id":"https:\/\/informelitoral.com.ar\/el-gobierno-oficializo-la-suba-del-impuesto-a-los-combustibles\/#article","isPartOf":{"@id":"https:\/\/informelitoral.com.ar\/el-gobierno-oficializo-la-suba-del-impuesto-a-los-combustibles\/"},"author":{"name":"Sebastian","@id":"https:\/\/informelitoral.com.ar\/#\/schema\/person\/f05f9f461677119578717524b127d6d5"},"headline":"El gobierno oficializ\u00f3 la suba del impuesto a los combustibles","datePublished":"2025-03-05T11:56:52+00:00","mainEntityOfPage":{"@id":"https:\/\/informelitoral.com.ar\/el-gobierno-oficializo-la-suba-del-impuesto-a-los-combustibles\/"},"wordCount":499,"commentCount":0,"publisher":{"@id":"https:\/\/informelitoral.com.ar\/#organization"},"image":{"@id":"https:\/\/informelitoral.com.ar\/el-gobierno-oficializo-la-suba-del-impuesto-a-los-combustibles\/#primaryimage"},"thumbnailUrl":"https:\/\/informelitoral.com.ar\/%77%70%2d%63%6f%6e%74%65%6e%74\/uploads\/2022\/08\/combustibles-c45ecbe8-focus-0-0-895-573.jpg","keywords":["Aumentos","Combustibles"],"articleSection":["Econom\u00eda"],"inLanguage":"es","potentialAction":[{"@type":"CommentAction","name":"Comment","target":["https:\/\/informelitoral.com.ar\/el-gobierno-oficializo-la-suba-del-impuesto-a-los-combustibles\/#respond"]}]},{"@type":"WebPage","@id":"https:\/\/informelitoral.com.ar\/el-gobierno-oficializo-la-suba-del-impuesto-a-los-combustibles\/","url":"https:\/\/informelitoral.com.ar\/el-gobierno-oficializo-la-suba-del-impuesto-a-los-combustibles\/","name":"El gobierno oficializ\u00f3 la suba del impuesto a los combustibles - Informe Litoral","isPartOf":{"@id":"https:\/\/informelitoral.com.ar\/#website"},"primaryImageOfPage":{"@id":"https:\/\/informelitoral.com.ar\/el-gobierno-oficializo-la-suba-del-impuesto-a-los-combustibles\/#primaryimage"},"image":{"@id":"https:\/\/informelitoral.com.ar\/el-gobierno-oficializo-la-suba-del-impuesto-a-los-combustibles\/#primaryimage"},"thumbnailUrl":"https:\/\/informelitoral.com.ar\/%77%70%2d%63%6f%6e%74%65%6e%74\/uploads\/2022\/08\/combustibles-c45ecbe8-focus-0-0-895-573.jpg","datePublished":"2025-03-05T11:56:52+00:00","breadcrumb":{"@id":"https:\/\/informelitoral.com.ar\/el-gobierno-oficializo-la-suba-del-impuesto-a-los-combustibles\/#breadcrumb"},"inLanguage":"es","potentialAction":[{"@type":"ReadAction","target":["https:\/\/informelitoral.com.ar\/el-gobierno-oficializo-la-suba-del-impuesto-a-los-combustibles\/"]}]},{"@type":"ImageObject","inLanguage":"es","@id":"https:\/\/informelitoral.com.ar\/el-gobierno-oficializo-la-suba-del-impuesto-a-los-combustibles\/#primaryimage","url":"https:\/\/informelitoral.com.ar\/%77%70%2d%63%6f%6e%74%65%6e%74\/uploads\/2022\/08\/combustibles-c45ecbe8-focus-0-0-895-573.jpg","contentUrl":"https:\/\/informelitoral.com.ar\/%77%70%2d%63%6f%6e%74%65%6e%74\/uploads\/2022\/08\/combustibles-c45ecbe8-focus-0-0-895-573.jpg","width":895,"height":573},{"@type":"BreadcrumbList","@id":"https:\/\/informelitoral.com.ar\/el-gobierno-oficializo-la-suba-del-impuesto-a-los-combustibles\/#breadcrumb","itemListElement":[{"@type":"ListItem","position":1,"name":"Portada","item":"https:\/\/informelitoral.com.ar\/"},{"@type":"ListItem","position":2,"name":"El gobierno oficializ\u00f3 la suba del impuesto a los combustibles"}]},{"@type":"WebSite","@id":"https:\/\/informelitoral.com.ar\/#website","url":"https:\/\/informelitoral.com.ar\/","name":"Informe Litoral","description":"&quot;Nos informamos&quot; ","publisher":{"@id":"https:\/\/informelitoral.com.ar\/#organization"},"potentialAction":[{"@type":"SearchAction","target":{"@type":"EntryPoint","urlTemplate":"https:\/\/informelitoral.com.ar\/?s={search_term_string}"},"query-input":{"@type":"PropertyValueSpecification","valueRequired":true,"valueName":"search_term_string"}}],"inLanguage":"es"},{"@type":"Organization","@id":"https:\/\/informelitoral.com.ar\/#organization","name":"Informe Litoral","url":"https:\/\/informelitoral.com.ar\/","logo":{"@type":"ImageObject","inLanguage":"es","@id":"https:\/\/informelitoral.com.ar\/#\/schema\/logo\/image\/","url":"https:\/\/informelitoral.com.ar\/%77%70%2d%63%6f%6e%74%65%6e%74\/uploads\/2021\/01\/circulo.png","contentUrl":"https:\/\/informelitoral.com.ar\/%77%70%2d%63%6f%6e%74%65%6e%74\/uploads\/2021\/01\/circulo.png","width":723,"height":731,"caption":"Informe Litoral"},"image":{"@id":"https:\/\/informelitoral.com.ar\/#\/schema\/logo\/image\/"},"sameAs":["https:\/\/www.facebook.com\/informelitoral\/","https:\/\/x.com\/InformeLitoral","https:\/\/www.instagram.com\/informelitoral\/","https:\/\/www.youtube.com\/channel\/UCua4Qvz8Icb6MYqhoq9xLXw"]},{"@type":"Person","@id":"https:\/\/informelitoral.com.ar\/#\/schema\/person\/f05f9f461677119578717524b127d6d5","name":"Sebastian","image":{"@type":"ImageObject","inLanguage":"es","@id":"https:\/\/secure.gravatar.com\/avatar\/b71bf7481d447dfb9583c7f2798e7cc64de6efb9067b74633ed8c31059a3bd82?s=96&d=mm&r=g","url":"https:\/\/secure.gravatar.com\/avatar\/b71bf7481d447dfb9583c7f2798e7cc64de6efb9067b74633ed8c31059a3bd82?s=96&d=mm&r=g","contentUrl":"https:\/\/secure.gravatar.com\/avatar\/b71bf7481d447dfb9583c7f2798e7cc64de6efb9067b74633ed8c31059a3bd82?s=96&d=mm&r=g","caption":"Sebastian"},"url":"https:\/\/informelitoral.com.ar\/author\/sebastian\/"}]}},"_links":{"self":[{"href":"https:\/\/informelitoral.com.ar\/%77%70%2d%6a%73%6f%6e\/wp\/v2\/posts\/213743","targetHints":{"allow":["GET"]}}],"collection":[{"href":"https:\/\/informelitoral.com.ar\/%77%70%2d%6a%73%6f%6e\/wp\/v2\/posts"}],"about":[{"href":"https:\/\/informelitoral.com.ar\/%77%70%2d%6a%73%6f%6e\/wp\/v2\/types\/post"}],"author":[{"embeddable":true,"href":"https:\/\/informelitoral.com.ar\/%77%70%2d%6a%73%6f%6e\/wp\/v2\/users\/8"}],"replies":[{"embeddable":true,"href":"https:\/\/informelitoral.com.ar\/%77%70%2d%6a%73%6f%6e\/wp\/v2\/comments?post=213743"}],"version-history":[{"count":0,"href":"https:\/\/informelitoral.com.ar\/%77%70%2d%6a%73%6f%6e\/wp\/v2\/posts\/213743\/revisions"}],"wp:featuredmedia":[{"embeddable":true,"href":"https:\/\/informelitoral.com.ar\/%77%70%2d%6a%73%6f%6e\/wp\/v2\/media\/85084"}],"wp:attachment":[{"href":"https:\/\/informelitoral.com.ar\/%77%70%2d%6a%73%6f%6e\/wp\/v2\/media?parent=213743"}],"wp:term":[{"taxonomy":"category","embeddable":true,"href":"https:\/\/informelitoral.com.ar\/%77%70%2d%6a%73%6f%6e\/wp\/v2\/categories?post=213743"},{"taxonomy":"post_tag","embeddable":true,"href":"https:\/\/informelitoral.com.ar\/%77%70%2d%6a%73%6f%6e\/wp\/v2\/tags?post=213743"}],"curies":[{"name":"wp","href":"https:\/\/api.w.org\/{rel}","templated":true}]}}