{"id":213719,"date":"2025-03-05T07:09:35","date_gmt":"2025-03-05T10:09:35","guid":{"rendered":"https:\/\/informelitoral.com.ar\/?p=213719"},"modified":"2025-03-05T07:12:30","modified_gmt":"2025-03-05T10:12:30","slug":"a-mitad-de-semana-siguen-las-temperaturas-extremas","status":"publish","type":"post","link":"https:\/\/informelitoral.com.ar\/a-mitad-de-semana-siguen-las-temperaturas-extremas\/","title":{"rendered":"A mitad de semana, siguen las temperaturas extremas"},"content":{"rendered":"<p>El Servicio Meteorol\u00f3gico Nacional mantiene<strong>\u00a0la alerta amarilla por temperaturas extremas en la regi\u00f3n<\/strong>. Al igual que ayer, se prev\u00e9 un d\u00eda muy h\u00famedo y con cielo parcialmente nublado.<\/p>\n<p>Desde temprano, el calor ya se hac\u00eda sentir: el term\u00f3metro marcaba 27\u00b0, pero la sensaci\u00f3n t\u00e9rmica ascend\u00eda a 30\u00b0, con una humedad del 90%. El viento, d\u00e9bil y del sector este, apenas aliviaba la pesada atm\u00f3sfera.<\/p>\n<p>Durante la ma\u00f1ana, el cielo permanecer\u00e1 parcialmente nublado y la temperatura seguir\u00e1 en ascenso, alcanzando los 30\u00b0, con viento suave del norte. Para la tarde,<strong>\u00a0el calor ser\u00e1 extremo: la m\u00e1xima llegar\u00e1 a 36\u00b0<\/strong>, mientras el viento del norte soplar\u00e1 de manera casi imperceptible. Por la noche, la nubosidad se mantendr\u00e1 variable y la temperatura descender\u00e1 levemente a 30\u00b0.<\/p>\n<h2 class=\"wp-block-heading\"><strong>C\u00f3mo continuar\u00e1 la semana<\/strong><\/h2>\n<p>El organismo nacional prev\u00e9 que la semana contin\u00fae sin lluvias y con temperaturas elevadas. Este jueves, el cielo estar\u00e1 parcialmente nublado y los valores t\u00e9rmicos oscilar\u00e1n entre los 25\u00b0 y los 35\u00b0. El viernes, el calor ser\u00e1 a\u00fan m\u00e1s intenso, con una m\u00ednima de 27\u00b0 y una m\u00e1xima de 36\u00b0.<\/p>\n<p>Sin embargo, el s\u00e1bado podr\u00eda marcar un cambio en las condiciones: se espera inestabilidad, con probabilidad de tormentas y lluvias aisladas, lo que provocar\u00eda un leve descenso de la temperatura.<\/p>\n<p>El sol sale a las 6:55 y se pone a las 19:31<\/p>\n","protected":false},"excerpt":{"rendered":"<p>Se anticipa que la m\u00e1xima llegar\u00e1 a los 36 grados este mi\u00e9rcoles y la sensaci\u00f3n t\u00e9rmica ser\u00e1 m\u00e1s alta todav\u00eda. Reci\u00e9n el s\u00e1bado llegar\u00eda el alivio, seg\u00fan el pron\u00f3stico oficial. <\/p>\n","protected":false},"author":2,"featured_media":213632,"comment_status":"open","ping_status":"open","sticky":false,"template":"","format":"standard","meta":{"fifu_image_url":"","fifu_image_alt":"","footnotes":""},"categories":[6],"tags":[38,2759,113],"class_list":{"0":"post-213719","1":"post","2":"type-post","3":"status-publish","4":"format-standard","5":"has-post-thumbnail","7":"category-entre-rios","8":"tag-el-tiempo","9":"tag-pronostico-del-tiempo","10":"tag-smn"},"yoast_head":"<title>A mitad de semana, siguen las temperaturas extremas - Informe Litoral<\/title>\n<meta name=\"robots\" content=\"index, follow, max-snippet:-1, max-image-preview:large, max-video-preview:-1\" \/>\n<link rel=\"canonical\" href=\"https:\/\/informelitoral.com.ar\/a-mitad-de-semana-siguen-las-temperaturas-extremas\/\" \/>\n<meta property=\"og:locale\" content=\"es_ES\" \/>\n<meta property=\"og:type\" content=\"article\" \/>\n<meta property=\"og:title\" content=\"A mitad de semana, siguen las temperaturas extremas - Informe Litoral\" \/>\n<meta property=\"og:description\" content=\"Se anticipa que la m\u00e1xima llegar\u00e1 a los 36 grados este mi\u00e9rcoles y la sensaci\u00f3n t\u00e9rmica ser\u00e1 m\u00e1s alta todav\u00eda. Reci\u00e9n el s\u00e1bado llegar\u00eda el alivio, seg\u00fan el pron\u00f3stico oficial.\" \/>\n<meta property=\"og:url\" content=\"https:\/\/informelitoral.com.ar\/a-mitad-de-semana-siguen-las-temperaturas-extremas\/\" \/>\n<meta property=\"og:site_name\" content=\"Informe Litoral\" \/>\n<meta property=\"article:publisher\" content=\"https:\/\/www.facebook.com\/informelitoral\/\" \/>\n<meta property=\"article:published_time\" content=\"2025-03-05T10:09:35+00:00\" \/>\n<meta property=\"article:modified_time\" content=\"2025-03-05T10:12:30+00:00\" \/>\n<meta property=\"og:image\" content=\"https:\/\/informelitoral.com.ar\/%77%70%2d%63%6f%6e%74%65%6e%74\/uploads\/2025\/03\/atardecer-despejado-rio-el-tiempo-e1741169362885.jpeg\" \/>\n\t<meta property=\"og:image:width\" content=\"1200\" \/>\n\t<meta property=\"og:image:height\" content=\"1083\" \/>\n\t<meta property=\"og:image:type\" content=\"image\/jpeg\" \/>\n<meta name=\"author\" content=\"Gonzalo Schmidt\" \/>\n<meta name=\"twitter:card\" content=\"summary_large_image\" \/>\n<meta name=\"twitter:creator\" content=\"@InformeLitoral\" \/>\n<meta name=\"twitter:site\" content=\"@InformeLitoral\" \/>\n<meta name=\"twitter:label1\" content=\"Escrito por\" \/>\n\t<meta name=\"twitter:data1\" content=\"Gonzalo Schmidt\" \/>\n\t<meta name=\"twitter:label2\" content=\"Tiempo de lectura\" \/>\n\t<meta name=\"twitter:data2\" content=\"1 minuto\" \/>\n<script type=\"application\/ld+json\" class=\"yoast-schema-graph\">{\"@context\":\"https:\\\/\\\/schema.org\",\"@graph\":[{\"@type\":\"Article\",\"@id\":\"https:\\\/\\\/informelitoral.com.ar\\\/a-mitad-de-semana-siguen-las-temperaturas-extremas\\\/#article\",\"isPartOf\":{\"@id\":\"https:\\\/\\\/informelitoral.com.ar\\\/a-mitad-de-semana-siguen-las-temperaturas-extremas\\\/\"},\"author\":{\"name\":\"Gonzalo Schmidt\",\"@id\":\"https:\\\/\\\/informelitoral.com.ar\\\/#\\\/schema\\\/person\\\/b9d00407c836482871ef1d57bf8e3180\"},\"headline\":\"A mitad de semana, siguen las temperaturas extremas\",\"datePublished\":\"2025-03-05T10:09:35+00:00\",\"dateModified\":\"2025-03-05T10:12:30+00:00\",\"mainEntityOfPage\":{\"@id\":\"https:\\\/\\\/informelitoral.com.ar\\\/a-mitad-de-semana-siguen-las-temperaturas-extremas\\\/\"},\"wordCount\":240,\"commentCount\":0,\"publisher\":{\"@id\":\"https:\\\/\\\/informelitoral.com.ar\\\/#organization\"},\"image\":{\"@id\":\"https:\\\/\\\/informelitoral.com.ar\\\/a-mitad-de-semana-siguen-las-temperaturas-extremas\\\/#primaryimage\"},\"thumbnailUrl\":\"https:\\\/\\\/informelitoral.com.ar\\\/%77%70%2d%63%6f%6e%74%65%6e%74\\\/uploads\\\/2025\\\/03\\\/atardecer-despejado-rio-el-tiempo-e1741169362885.jpeg\",\"keywords\":[\"El tiempo\",\"Pron\u00f3stico del tiempo\",\"SMN\"],\"articleSection\":[\"Entre R\u00edos\"],\"inLanguage\":\"es\",\"potentialAction\":[{\"@type\":\"CommentAction\",\"name\":\"Comment\",\"target\":[\"https:\\\/\\\/informelitoral.com.ar\\\/a-mitad-de-semana-siguen-las-temperaturas-extremas\\\/#respond\"]}]},{\"@type\":\"WebPage\",\"@id\":\"https:\\\/\\\/informelitoral.com.ar\\\/a-mitad-de-semana-siguen-las-temperaturas-extremas\\\/\",\"url\":\"https:\\\/\\\/informelitoral.com.ar\\\/a-mitad-de-semana-siguen-las-temperaturas-extremas\\\/\",\"name\":\"A mitad de semana, siguen las temperaturas extremas - Informe Litoral\",\"isPartOf\":{\"@id\":\"https:\\\/\\\/informelitoral.com.ar\\\/#website\"},\"primaryImageOfPage\":{\"@id\":\"https:\\\/\\\/informelitoral.com.ar\\\/a-mitad-de-semana-siguen-las-temperaturas-extremas\\\/#primaryimage\"},\"image\":{\"@id\":\"https:\\\/\\\/informelitoral.com.ar\\\/a-mitad-de-semana-siguen-las-temperaturas-extremas\\\/#primaryimage\"},\"thumbnailUrl\":\"https:\\\/\\\/informelitoral.com.ar\\\/%77%70%2d%63%6f%6e%74%65%6e%74\\\/uploads\\\/2025\\\/03\\\/atardecer-despejado-rio-el-tiempo-e1741169362885.jpeg\",\"datePublished\":\"2025-03-05T10:09:35+00:00\",\"dateModified\":\"2025-03-05T10:12:30+00:00\",\"breadcrumb\":{\"@id\":\"https:\\\/\\\/informelitoral.com.ar\\\/a-mitad-de-semana-siguen-las-temperaturas-extremas\\\/#breadcrumb\"},\"inLanguage\":\"es\",\"potentialAction\":[{\"@type\":\"ReadAction\",\"target\":[\"https:\\\/\\\/informelitoral.com.ar\\\/a-mitad-de-semana-siguen-las-temperaturas-extremas\\\/\"]}]},{\"@type\":\"ImageObject\",\"inLanguage\":\"es\",\"@id\":\"https:\\\/\\\/informelitoral.com.ar\\\/a-mitad-de-semana-siguen-las-temperaturas-extremas\\\/#primaryimage\",\"url\":\"https:\\\/\\\/informelitoral.com.ar\\\/%77%70%2d%63%6f%6e%74%65%6e%74\\\/uploads\\\/2025\\\/03\\\/atardecer-despejado-rio-el-tiempo-e1741169362885.jpeg\",\"contentUrl\":\"https:\\\/\\\/informelitoral.com.ar\\\/%77%70%2d%63%6f%6e%74%65%6e%74\\\/uploads\\\/2025\\\/03\\\/atardecer-despejado-rio-el-tiempo-e1741169362885.jpeg\",\"width\":1200,\"height\":1083},{\"@type\":\"BreadcrumbList\",\"@id\":\"https:\\\/\\\/informelitoral.com.ar\\\/a-mitad-de-semana-siguen-las-temperaturas-extremas\\\/#breadcrumb\",\"itemListElement\":[{\"@type\":\"ListItem\",\"position\":1,\"name\":\"Portada\",\"item\":\"https:\\\/\\\/informelitoral.com.ar\\\/\"},{\"@type\":\"ListItem\",\"position\":2,\"name\":\"A mitad de semana, siguen las temperaturas extremas\"}]},{\"@type\":\"WebSite\",\"@id\":\"https:\\\/\\\/informelitoral.com.ar\\\/#website\",\"url\":\"https:\\\/\\\/informelitoral.com.ar\\\/\",\"name\":\"Informe Litoral\",\"description\":\"&quot;Nos informamos&quot; \",\"publisher\":{\"@id\":\"https:\\\/\\\/informelitoral.com.ar\\\/#organization\"},\"potentialAction\":[{\"@type\":\"SearchAction\",\"target\":{\"@type\":\"EntryPoint\",\"urlTemplate\":\"https:\\\/\\\/informelitoral.com.ar\\\/?s={search_term_string}\"},\"query-input\":{\"@type\":\"PropertyValueSpecification\",\"valueRequired\":true,\"valueName\":\"search_term_string\"}}],\"inLanguage\":\"es\"},{\"@type\":\"Organization\",\"@id\":\"https:\\\/\\\/informelitoral.com.ar\\\/#organization\",\"name\":\"Informe Litoral\",\"url\":\"https:\\\/\\\/informelitoral.com.ar\\\/\",\"logo\":{\"@type\":\"ImageObject\",\"inLanguage\":\"es\",\"@id\":\"https:\\\/\\\/informelitoral.com.ar\\\/#\\\/schema\\\/logo\\\/image\\\/\",\"url\":\"https:\\\/\\\/informelitoral.com.ar\\\/%77%70%2d%63%6f%6e%74%65%6e%74\\\/uploads\\\/2021\\\/01\\\/circulo.png\",\"contentUrl\":\"https:\\\/\\\/informelitoral.com.ar\\\/%77%70%2d%63%6f%6e%74%65%6e%74\\\/uploads\\\/2021\\\/01\\\/circulo.png\",\"width\":723,\"height\":731,\"caption\":\"Informe Litoral\"},\"image\":{\"@id\":\"https:\\\/\\\/informelitoral.com.ar\\\/#\\\/schema\\\/logo\\\/image\\\/\"},\"sameAs\":[\"https:\\\/\\\/www.facebook.com\\\/informelitoral\\\/\",\"https:\\\/\\\/x.com\\\/InformeLitoral\",\"https:\\\/\\\/www.instagram.com\\\/informelitoral\\\/\",\"https:\\\/\\\/www.youtube.com\\\/channel\\\/UCua4Qvz8Icb6MYqhoq9xLXw\"]},{\"@type\":\"Person\",\"@id\":\"https:\\\/\\\/informelitoral.com.ar\\\/#\\\/schema\\\/person\\\/b9d00407c836482871ef1d57bf8e3180\",\"name\":\"Gonzalo Schmidt\",\"image\":{\"@type\":\"ImageObject\",\"inLanguage\":\"es\",\"@id\":\"https:\\\/\\\/secure.gravatar.com\\\/avatar\\\/31a1a7b66ff2de83bd0e9fd79d026630d2d99e55e8bfe501287647b4fd9743de?s=96&d=mm&r=g\",\"url\":\"https:\\\/\\\/secure.gravatar.com\\\/avatar\\\/31a1a7b66ff2de83bd0e9fd79d026630d2d99e55e8bfe501287647b4fd9743de?s=96&d=mm&r=g\",\"contentUrl\":\"https:\\\/\\\/secure.gravatar.com\\\/avatar\\\/31a1a7b66ff2de83bd0e9fd79d026630d2d99e55e8bfe501287647b4fd9743de?s=96&d=mm&r=g\",\"caption\":\"Gonzalo Schmidt\"},\"description\":\"Sitio web de noticias de la provincia de Entre R\u00edos, Argentina. Informaci\u00f3n y entretenimiento. Informe Litoral, nos informamos.\",\"sameAs\":[\"http:\\\/\\\/www.isletasnoticias.com.ar\"],\"url\":\"https:\\\/\\\/informelitoral.com.ar\\\/author\\\/gonzalo\\\/\"}]}<\/script>","yoast_head_json":{"title":"A mitad de semana, siguen las temperaturas extremas - Informe Litoral","robots":{"index":"index","follow":"follow","max-snippet":"max-snippet:-1","max-image-preview":"max-image-preview:large","max-video-preview":"max-video-preview:-1"},"canonical":"https:\/\/informelitoral.com.ar\/a-mitad-de-semana-siguen-las-temperaturas-extremas\/","og_locale":"es_ES","og_type":"article","og_title":"A mitad de semana, siguen las temperaturas extremas - Informe Litoral","og_description":"Se anticipa que la m\u00e1xima llegar\u00e1 a los 36 grados este mi\u00e9rcoles y la sensaci\u00f3n t\u00e9rmica ser\u00e1 m\u00e1s alta todav\u00eda. Reci\u00e9n el s\u00e1bado llegar\u00eda el alivio, seg\u00fan el pron\u00f3stico oficial.","og_url":"https:\/\/informelitoral.com.ar\/a-mitad-de-semana-siguen-las-temperaturas-extremas\/","og_site_name":"Informe Litoral","article_publisher":"https:\/\/www.facebook.com\/informelitoral\/","article_published_time":"2025-03-05T10:09:35+00:00","article_modified_time":"2025-03-05T10:12:30+00:00","og_image":[{"width":1200,"height":1083,"url":"https:\/\/informelitoral.com.ar\/%77%70%2d%63%6f%6e%74%65%6e%74\/uploads\/2025\/03\/atardecer-despejado-rio-el-tiempo-e1741169362885.jpeg","type":"image\/jpeg"}],"author":"Gonzalo Schmidt","twitter_card":"summary_large_image","twitter_creator":"@InformeLitoral","twitter_site":"@InformeLitoral","twitter_misc":{"Escrito por":"Gonzalo Schmidt","Tiempo de lectura":"1 minuto"},"schema":{"@context":"https:\/\/schema.org","@graph":[{"@type":"Article","@id":"https:\/\/informelitoral.com.ar\/a-mitad-de-semana-siguen-las-temperaturas-extremas\/#article","isPartOf":{"@id":"https:\/\/informelitoral.com.ar\/a-mitad-de-semana-siguen-las-temperaturas-extremas\/"},"author":{"name":"Gonzalo Schmidt","@id":"https:\/\/informelitoral.com.ar\/#\/schema\/person\/b9d00407c836482871ef1d57bf8e3180"},"headline":"A mitad de semana, siguen las temperaturas extremas","datePublished":"2025-03-05T10:09:35+00:00","dateModified":"2025-03-05T10:12:30+00:00","mainEntityOfPage":{"@id":"https:\/\/informelitoral.com.ar\/a-mitad-de-semana-siguen-las-temperaturas-extremas\/"},"wordCount":240,"commentCount":0,"publisher":{"@id":"https:\/\/informelitoral.com.ar\/#organization"},"image":{"@id":"https:\/\/informelitoral.com.ar\/a-mitad-de-semana-siguen-las-temperaturas-extremas\/#primaryimage"},"thumbnailUrl":"https:\/\/informelitoral.com.ar\/%77%70%2d%63%6f%6e%74%65%6e%74\/uploads\/2025\/03\/atardecer-despejado-rio-el-tiempo-e1741169362885.jpeg","keywords":["El tiempo","Pron\u00f3stico del tiempo","SMN"],"articleSection":["Entre R\u00edos"],"inLanguage":"es","potentialAction":[{"@type":"CommentAction","name":"Comment","target":["https:\/\/informelitoral.com.ar\/a-mitad-de-semana-siguen-las-temperaturas-extremas\/#respond"]}]},{"@type":"WebPage","@id":"https:\/\/informelitoral.com.ar\/a-mitad-de-semana-siguen-las-temperaturas-extremas\/","url":"https:\/\/informelitoral.com.ar\/a-mitad-de-semana-siguen-las-temperaturas-extremas\/","name":"A mitad de semana, siguen las temperaturas extremas - Informe Litoral","isPartOf":{"@id":"https:\/\/informelitoral.com.ar\/#website"},"primaryImageOfPage":{"@id":"https:\/\/informelitoral.com.ar\/a-mitad-de-semana-siguen-las-temperaturas-extremas\/#primaryimage"},"image":{"@id":"https:\/\/informelitoral.com.ar\/a-mitad-de-semana-siguen-las-temperaturas-extremas\/#primaryimage"},"thumbnailUrl":"https:\/\/informelitoral.com.ar\/%77%70%2d%63%6f%6e%74%65%6e%74\/uploads\/2025\/03\/atardecer-despejado-rio-el-tiempo-e1741169362885.jpeg","datePublished":"2025-03-05T10:09:35+00:00","dateModified":"2025-03-05T10:12:30+00:00","breadcrumb":{"@id":"https:\/\/informelitoral.com.ar\/a-mitad-de-semana-siguen-las-temperaturas-extremas\/#breadcrumb"},"inLanguage":"es","potentialAction":[{"@type":"ReadAction","target":["https:\/\/informelitoral.com.ar\/a-mitad-de-semana-siguen-las-temperaturas-extremas\/"]}]},{"@type":"ImageObject","inLanguage":"es","@id":"https:\/\/informelitoral.com.ar\/a-mitad-de-semana-siguen-las-temperaturas-extremas\/#primaryimage","url":"https:\/\/informelitoral.com.ar\/%77%70%2d%63%6f%6e%74%65%6e%74\/uploads\/2025\/03\/atardecer-despejado-rio-el-tiempo-e1741169362885.jpeg","contentUrl":"https:\/\/informelitoral.com.ar\/%77%70%2d%63%6f%6e%74%65%6e%74\/uploads\/2025\/03\/atardecer-despejado-rio-el-tiempo-e1741169362885.jpeg","width":1200,"height":1083},{"@type":"BreadcrumbList","@id":"https:\/\/informelitoral.com.ar\/a-mitad-de-semana-siguen-las-temperaturas-extremas\/#breadcrumb","itemListElement":[{"@type":"ListItem","position":1,"name":"Portada","item":"https:\/\/informelitoral.com.ar\/"},{"@type":"ListItem","position":2,"name":"A mitad de semana, siguen las temperaturas extremas"}]},{"@type":"WebSite","@id":"https:\/\/informelitoral.com.ar\/#website","url":"https:\/\/informelitoral.com.ar\/","name":"Informe Litoral","description":"&quot;Nos informamos&quot; ","publisher":{"@id":"https:\/\/informelitoral.com.ar\/#organization"},"potentialAction":[{"@type":"SearchAction","target":{"@type":"EntryPoint","urlTemplate":"https:\/\/informelitoral.com.ar\/?s={search_term_string}"},"query-input":{"@type":"PropertyValueSpecification","valueRequired":true,"valueName":"search_term_string"}}],"inLanguage":"es"},{"@type":"Organization","@id":"https:\/\/informelitoral.com.ar\/#organization","name":"Informe Litoral","url":"https:\/\/informelitoral.com.ar\/","logo":{"@type":"ImageObject","inLanguage":"es","@id":"https:\/\/informelitoral.com.ar\/#\/schema\/logo\/image\/","url":"https:\/\/informelitoral.com.ar\/%77%70%2d%63%6f%6e%74%65%6e%74\/uploads\/2021\/01\/circulo.png","contentUrl":"https:\/\/informelitoral.com.ar\/%77%70%2d%63%6f%6e%74%65%6e%74\/uploads\/2021\/01\/circulo.png","width":723,"height":731,"caption":"Informe Litoral"},"image":{"@id":"https:\/\/informelitoral.com.ar\/#\/schema\/logo\/image\/"},"sameAs":["https:\/\/www.facebook.com\/informelitoral\/","https:\/\/x.com\/InformeLitoral","https:\/\/www.instagram.com\/informelitoral\/","https:\/\/www.youtube.com\/channel\/UCua4Qvz8Icb6MYqhoq9xLXw"]},{"@type":"Person","@id":"https:\/\/informelitoral.com.ar\/#\/schema\/person\/b9d00407c836482871ef1d57bf8e3180","name":"Gonzalo Schmidt","image":{"@type":"ImageObject","inLanguage":"es","@id":"https:\/\/secure.gravatar.com\/avatar\/31a1a7b66ff2de83bd0e9fd79d026630d2d99e55e8bfe501287647b4fd9743de?s=96&d=mm&r=g","url":"https:\/\/secure.gravatar.com\/avatar\/31a1a7b66ff2de83bd0e9fd79d026630d2d99e55e8bfe501287647b4fd9743de?s=96&d=mm&r=g","contentUrl":"https:\/\/secure.gravatar.com\/avatar\/31a1a7b66ff2de83bd0e9fd79d026630d2d99e55e8bfe501287647b4fd9743de?s=96&d=mm&r=g","caption":"Gonzalo Schmidt"},"description":"Sitio web de noticias de la provincia de Entre R\u00edos, Argentina. Informaci\u00f3n y entretenimiento. Informe Litoral, nos informamos.","sameAs":["http:\/\/www.isletasnoticias.com.ar"],"url":"https:\/\/informelitoral.com.ar\/author\/gonzalo\/"}]}},"_links":{"self":[{"href":"https:\/\/informelitoral.com.ar\/%77%70%2d%6a%73%6f%6e\/wp\/v2\/posts\/213719","targetHints":{"allow":["GET"]}}],"collection":[{"href":"https:\/\/informelitoral.com.ar\/%77%70%2d%6a%73%6f%6e\/wp\/v2\/posts"}],"about":[{"href":"https:\/\/informelitoral.com.ar\/%77%70%2d%6a%73%6f%6e\/wp\/v2\/types\/post"}],"author":[{"embeddable":true,"href":"https:\/\/informelitoral.com.ar\/%77%70%2d%6a%73%6f%6e\/wp\/v2\/users\/2"}],"replies":[{"embeddable":true,"href":"https:\/\/informelitoral.com.ar\/%77%70%2d%6a%73%6f%6e\/wp\/v2\/comments?post=213719"}],"version-history":[{"count":0,"href":"https:\/\/informelitoral.com.ar\/%77%70%2d%6a%73%6f%6e\/wp\/v2\/posts\/213719\/revisions"}],"wp:featuredmedia":[{"embeddable":true,"href":"https:\/\/informelitoral.com.ar\/%77%70%2d%6a%73%6f%6e\/wp\/v2\/media\/213632"}],"wp:attachment":[{"href":"https:\/\/informelitoral.com.ar\/%77%70%2d%6a%73%6f%6e\/wp\/v2\/media?parent=213719"}],"wp:term":[{"taxonomy":"category","embeddable":true,"href":"https:\/\/informelitoral.com.ar\/%77%70%2d%6a%73%6f%6e\/wp\/v2\/categories?post=213719"},{"taxonomy":"post_tag","embeddable":true,"href":"https:\/\/informelitoral.com.ar\/%77%70%2d%6a%73%6f%6e\/wp\/v2\/tags?post=213719"}],"curies":[{"name":"wp","href":"https:\/\/api.w.org\/{rel}","templated":true}]}}