{"id":213693,"date":"2025-03-04T10:13:42","date_gmt":"2025-03-04T13:13:42","guid":{"rendered":"https:\/\/informelitoral.com.ar\/?p=213693"},"modified":"2025-03-04T10:13:42","modified_gmt":"2025-03-04T13:13:42","slug":"shakira-llego-a-la-argentina-emocion-y-reencuentro-con-sus-fans","status":"publish","type":"post","link":"https:\/\/informelitoral.com.ar\/shakira-llego-a-la-argentina-emocion-y-reencuentro-con-sus-fans\/","title":{"rendered":"Shakira lleg\u00f3 a la Argentina: Emoci\u00f3n y Reencuentro con sus Fans"},"content":{"rendered":"<p class=\"paragraph\" data-mrf-recirculation=\"Links inline\">De pronto, en el estacionamiento del hotel, la cantante pidi\u00f3 un par de parlantes y llam\u00f3 a su banda. El asombro fue inmediato. Los fans, algunos con l\u00e1grimas en los ojos, otros con los celulares listos para capturar el momento, vieron c\u00f3mo Shakira transformaba una despedida en un momento \u00e9pico. Con su caracter\u00edstica voz rasgada y una emoci\u00f3n palpable, comenz\u00f3 a interpretar \u201c<b>Antolog\u00eda\u201d<\/b>, aquella canci\u00f3n que, desde su \u00e1lbum\u00a0<i>Pies Descalzos<\/i>\u00a0(1995), se convirti\u00f3 en un himno generacional.<\/p>\n<div class=\"inline_2_DSK ad-wrapper ad-desktop\">\n<div class=\"dfpAd ad-inline\"><\/div>\n<\/div>\n<p class=\"paragraph\" data-mrf-recirculation=\"Links inline\">La seguridad intent\u00f3 contener el caos, pero ella rompi\u00f3 el protocolo sin dudarlo. Se acerc\u00f3 a sus seguidores, los abraz\u00f3 y, conmovida por el cari\u00f1o que la envolv\u00eda, dej\u00f3 escapar algunas l\u00e1grimas, lo que provoc\u00f3 un rugido de aplausos y v\u00edtores.<\/p>\n<div class=\"news-module\" data-mrf-recirculation=\"IL_wPVu_IE4S76a5Gsl0lX8mA\" data-testid=\"text-html\" data-mrf-experience=\"IL_wPVu_IE4S76a5Gsl0lX8mA\">\n<div class=\"recommended-card__info\">Shakira se prepara para dar una serie de shows en el pa\u00eds en medio de su gira americana<\/div>\n<\/div>\n<p class=\"paragraph\" data-mrf-recirculation=\"Links inline\">As\u00ed, entre acordes improvisados y un amor palpable en el aire, Shakira se despidi\u00f3 de Chile dejando una huella imborrable. Su conexi\u00f3n con el p\u00fablico, que trasciende los escenarios y los \u00e9xitos radiales, volvi\u00f3 a quedar en evidencia en este encuentro inesperado.<\/p>\n<p class=\"paragraph\" data-mrf-recirculation=\"Links inline\">As\u00ed las cosas, el equipo de producci\u00f3n de la int\u00e9rprete ya se encuentra en la ciudad de Buenos Aires, en el Campo Argentino de Polo, donde se espera una asistencia masiva este pr\u00f3ximo fin de semana.<\/p>\n<div class=\"visual__image image-full-width\"><picture><source srcset=\"https:\/\/www.infobae.com\/resizer\/v2\/HQERDLADRNACFFJXPZWAT6MXKE.jpeg?auth=b5344ebb8a2365cc874db484f54dca0b0026ec0cccbe5fc785537a832d21f1dc&amp;smart=true&amp;width=1200&amp;height=675&amp;quality=85\" media=\"(min-width: 1200px)\" \/><source srcset=\"https:\/\/www.infobae.com\/resizer\/v2\/HQERDLADRNACFFJXPZWAT6MXKE.jpeg?auth=b5344ebb8a2365cc874db484f54dca0b0026ec0cccbe5fc785537a832d21f1dc&amp;smart=true&amp;width=992&amp;height=558&amp;quality=85\" media=\"(min-width: 1000px)\" \/><source srcset=\"https:\/\/www.infobae.com\/resizer\/v2\/HQERDLADRNACFFJXPZWAT6MXKE.jpeg?auth=b5344ebb8a2365cc874db484f54dca0b0026ec0cccbe5fc785537a832d21f1dc&amp;smart=true&amp;width=768&amp;height=432&amp;quality=85\" media=\"(min-width: 768px)\" \/><source srcset=\"https:\/\/www.infobae.com\/resizer\/v2\/HQERDLADRNACFFJXPZWAT6MXKE.jpeg?auth=b5344ebb8a2365cc874db484f54dca0b0026ec0cccbe5fc785537a832d21f1dc&amp;smart=true&amp;width=577&amp;height=325&amp;quality=85\" media=\"(min-width: 580px)\" \/><source srcset=\"https:\/\/www.infobae.com\/resizer\/v2\/HQERDLADRNACFFJXPZWAT6MXKE.jpeg?auth=b5344ebb8a2365cc874db484f54dca0b0026ec0cccbe5fc785537a832d21f1dc&amp;smart=true&amp;width=420&amp;height=236&amp;quality=85\" media=\"(min-width: 350px)\" \/><source srcset=\"https:\/\/www.infobae.com\/resizer\/v2\/HQERDLADRNACFFJXPZWAT6MXKE.jpeg?auth=b5344ebb8a2365cc874db484f54dca0b0026ec0cccbe5fc785537a832d21f1dc&amp;smart=true&amp;width=350&amp;height=197&amp;quality=85\" media=\"(min-width: 80px)\" \/><\/picture>Varios fan\u00e1ticos se dieron cita en Ezeiza a la espera de la cantante colombiana<\/div>\n<p class=\"paragraph\" data-mrf-recirculation=\"Links inline\">Mientras tanto, en Buenos Aires, los seguidores de la barranquillera ya se preparan para dos noches que prometen ser inolvidables. Con un montaje espectacular y un repertorio que incluir\u00e1 sus mayores \u00e9xitos, Shakira busca dejar atr\u00e1s las dificultades y reencontrarse con su p\u00fablico argentino.<\/p>\n<p class=\"paragraph\" data-mrf-recirculation=\"Links inline\">Ocho a\u00f1os pasaron desde su \u00faltima gira,\u00a0<b>\u201cEl Dorado World Tour\u201d<\/b>, y la artista colombiana vuelve a la capital argentina para ofrecer dos noches cargadas de emoci\u00f3n, recuerdos y, por supuesto, pura energ\u00eda latina.<\/p>\n<p class=\"paragraph\" data-mrf-recirculation=\"Links inline\">En el escenario, entonar\u00e1 sus \u00faltimos \u00e9xitos, aquellos que marcaron su nueva etapa art\u00edstica, pero tambi\u00e9n har\u00e1 un viaje en el tiempo, al rescatar esos himnos que la llevaron a la cima de la m\u00fasica global.\u00a0<b>Desde \u201cCiega, sordomuda\u201d hasta \u201cOjos as\u00ed\u201d, pasando por \u201cHips Don\u2019t Lie\u201d y \u201cLa Tortura\u201d,<\/b>\u00a0cada acorde promete desatar la euforia de miles de fan\u00e1ticos que aguardan con ansias su regreso.<\/p>\n<p class=\"paragraph\" data-mrf-recirculation=\"Links inline\">Este tour no es solo un reencuentro con su p\u00fablico, sino tambi\u00e9n una reafirmaci\u00f3n de su identidad.\u00a0<b>\u201cEste tour es una celebraci\u00f3n de mi viaje musical y un \u00e9nfasis en la importancia de mis ra\u00edces latinas en la construcci\u00f3n de mi identidad y \u00e9xito\u201d<\/b>, coment\u00f3 la artista en una reciente entrevista. Un mensaje claro: su esencia sigue intacta, m\u00e1s all\u00e1 del \u00e9xito internacional y de los cambios en su vida personal.<\/p>\n<p class=\"paragraph\" data-mrf-recirculation=\"Links inline\">Porque la cantante no solo vuelve a los escenarios, sino que lo hace en un momento clave de su carrera y de su vida. Tras su medi\u00e1tica separaci\u00f3n de\u00a0<b>Gerard Piqu\u00e9<\/b>, decidi\u00f3 instalarse en\u00a0<b>Estados Unidos<\/b>, desde donde reinvent\u00f3 su carrera con nuevas canciones que se convirtieron en himnos de empoderamiento y resiliencia.<\/p>\n<p class=\"paragraph\" data-mrf-recirculation=\"Links inline\">Luego de Buenos Aires, el tour la llevar\u00e1 a\u00a0<b>M\u00e9xico, Rep\u00fablica Dominicana y varias ciudades de Estados Unidos<\/b>, donde la esperan con la misma devoci\u00f3n. Pero estas dos noches en la Argentina ser\u00e1n especiales: un reencuentro con el pa\u00eds que siempre la recibi\u00f3 con los brazos abiertos y que ahora, tras ocho a\u00f1os de espera, est\u00e1 listo para corear con ella cada verso, cada grito, cada latido.<\/p>\n","protected":false},"excerpt":{"rendered":"<p>La artista colombiana arrib\u00f3 al pa\u00eds en el marco de su gira \u201cLas mujeres ya no lloran\u201d y salud\u00f3 al p\u00fablico que la estaba esperando con carteles y exclamaciones.<\/p>\n","protected":false},"author":8,"featured_media":213694,"comment_status":"open","ping_status":"open","sticky":false,"template":"","format":"standard","meta":{"fifu_image_url":"","fifu_image_alt":"","footnotes":""},"categories":[12],"tags":[],"class_list":{"0":"post-213693","1":"post","2":"type-post","3":"status-publish","4":"format-standard","5":"has-post-thumbnail","7":"category-espectaculos"},"yoast_head":"<title>Shakira lleg\u00f3 a la Argentina: Emoci\u00f3n y Reencuentro con sus Fans - Informe Litoral<\/title>\n<meta name=\"robots\" content=\"index, follow, max-snippet:-1, max-image-preview:large, max-video-preview:-1\" \/>\n<link rel=\"canonical\" href=\"https:\/\/informelitoral.com.ar\/shakira-llego-a-la-argentina-emocion-y-reencuentro-con-sus-fans\/\" \/>\n<meta property=\"og:locale\" content=\"es_ES\" \/>\n<meta property=\"og:type\" content=\"article\" \/>\n<meta property=\"og:title\" content=\"Shakira lleg\u00f3 a la Argentina: Emoci\u00f3n y Reencuentro con sus Fans - Informe Litoral\" \/>\n<meta property=\"og:description\" content=\"La artista colombiana arrib\u00f3 al pa\u00eds en el marco de su gira \u201cLas mujeres ya no lloran\u201d y salud\u00f3 al p\u00fablico que la estaba esperando con carteles y exclamaciones.\" \/>\n<meta property=\"og:url\" content=\"https:\/\/informelitoral.com.ar\/shakira-llego-a-la-argentina-emocion-y-reencuentro-con-sus-fans\/\" \/>\n<meta property=\"og:site_name\" content=\"Informe Litoral\" \/>\n<meta property=\"article:publisher\" content=\"https:\/\/www.facebook.com\/informelitoral\/\" \/>\n<meta property=\"article:published_time\" content=\"2025-03-04T13:13:42+00:00\" \/>\n<meta property=\"og:image\" content=\"https:\/\/informelitoral.com.ar\/%77%70%2d%63%6f%6e%74%65%6e%74\/uploads\/2025\/03\/U1jBKo2VR_1256x620__1.jpg\" \/>\n\t<meta property=\"og:image:width\" content=\"1256\" \/>\n\t<meta property=\"og:image:height\" content=\"620\" \/>\n\t<meta property=\"og:image:type\" content=\"image\/jpeg\" \/>\n<meta name=\"author\" content=\"Sebastian\" \/>\n<meta name=\"twitter:card\" content=\"summary_large_image\" \/>\n<meta name=\"twitter:creator\" content=\"@InformeLitoral\" \/>\n<meta name=\"twitter:site\" content=\"@InformeLitoral\" \/>\n<meta name=\"twitter:label1\" content=\"Escrito por\" \/>\n\t<meta name=\"twitter:data1\" content=\"Sebastian\" \/>\n\t<meta name=\"twitter:label2\" content=\"Tiempo de lectura\" \/>\n\t<meta name=\"twitter:data2\" content=\"3 minutos\" \/>\n<script type=\"application\/ld+json\" class=\"yoast-schema-graph\">{\"@context\":\"https:\\\/\\\/schema.org\",\"@graph\":[{\"@type\":\"Article\",\"@id\":\"https:\\\/\\\/informelitoral.com.ar\\\/shakira-llego-a-la-argentina-emocion-y-reencuentro-con-sus-fans\\\/#article\",\"isPartOf\":{\"@id\":\"https:\\\/\\\/informelitoral.com.ar\\\/shakira-llego-a-la-argentina-emocion-y-reencuentro-con-sus-fans\\\/\"},\"author\":{\"name\":\"Sebastian\",\"@id\":\"https:\\\/\\\/informelitoral.com.ar\\\/#\\\/schema\\\/person\\\/f05f9f461677119578717524b127d6d5\"},\"headline\":\"Shakira lleg\u00f3 a la Argentina: Emoci\u00f3n y Reencuentro con sus Fans\",\"datePublished\":\"2025-03-04T13:13:42+00:00\",\"mainEntityOfPage\":{\"@id\":\"https:\\\/\\\/informelitoral.com.ar\\\/shakira-llego-a-la-argentina-emocion-y-reencuentro-con-sus-fans\\\/\"},\"wordCount\":617,\"commentCount\":0,\"publisher\":{\"@id\":\"https:\\\/\\\/informelitoral.com.ar\\\/#organization\"},\"image\":{\"@id\":\"https:\\\/\\\/informelitoral.com.ar\\\/shakira-llego-a-la-argentina-emocion-y-reencuentro-con-sus-fans\\\/#primaryimage\"},\"thumbnailUrl\":\"https:\\\/\\\/informelitoral.com.ar\\\/%77%70%2d%63%6f%6e%74%65%6e%74\\\/uploads\\\/2025\\\/03\\\/U1jBKo2VR_1256x620__1.jpg\",\"articleSection\":[\"Espect\u00e1culos\"],\"inLanguage\":\"es\",\"potentialAction\":[{\"@type\":\"CommentAction\",\"name\":\"Comment\",\"target\":[\"https:\\\/\\\/informelitoral.com.ar\\\/shakira-llego-a-la-argentina-emocion-y-reencuentro-con-sus-fans\\\/#respond\"]}]},{\"@type\":\"WebPage\",\"@id\":\"https:\\\/\\\/informelitoral.com.ar\\\/shakira-llego-a-la-argentina-emocion-y-reencuentro-con-sus-fans\\\/\",\"url\":\"https:\\\/\\\/informelitoral.com.ar\\\/shakira-llego-a-la-argentina-emocion-y-reencuentro-con-sus-fans\\\/\",\"name\":\"Shakira lleg\u00f3 a la Argentina: Emoci\u00f3n y Reencuentro con sus Fans - Informe Litoral\",\"isPartOf\":{\"@id\":\"https:\\\/\\\/informelitoral.com.ar\\\/#website\"},\"primaryImageOfPage\":{\"@id\":\"https:\\\/\\\/informelitoral.com.ar\\\/shakira-llego-a-la-argentina-emocion-y-reencuentro-con-sus-fans\\\/#primaryimage\"},\"image\":{\"@id\":\"https:\\\/\\\/informelitoral.com.ar\\\/shakira-llego-a-la-argentina-emocion-y-reencuentro-con-sus-fans\\\/#primaryimage\"},\"thumbnailUrl\":\"https:\\\/\\\/informelitoral.com.ar\\\/%77%70%2d%63%6f%6e%74%65%6e%74\\\/uploads\\\/2025\\\/03\\\/U1jBKo2VR_1256x620__1.jpg\",\"datePublished\":\"2025-03-04T13:13:42+00:00\",\"breadcrumb\":{\"@id\":\"https:\\\/\\\/informelitoral.com.ar\\\/shakira-llego-a-la-argentina-emocion-y-reencuentro-con-sus-fans\\\/#breadcrumb\"},\"inLanguage\":\"es\",\"potentialAction\":[{\"@type\":\"ReadAction\",\"target\":[\"https:\\\/\\\/informelitoral.com.ar\\\/shakira-llego-a-la-argentina-emocion-y-reencuentro-con-sus-fans\\\/\"]}]},{\"@type\":\"ImageObject\",\"inLanguage\":\"es\",\"@id\":\"https:\\\/\\\/informelitoral.com.ar\\\/shakira-llego-a-la-argentina-emocion-y-reencuentro-con-sus-fans\\\/#primaryimage\",\"url\":\"https:\\\/\\\/informelitoral.com.ar\\\/%77%70%2d%63%6f%6e%74%65%6e%74\\\/uploads\\\/2025\\\/03\\\/U1jBKo2VR_1256x620__1.jpg\",\"contentUrl\":\"https:\\\/\\\/informelitoral.com.ar\\\/%77%70%2d%63%6f%6e%74%65%6e%74\\\/uploads\\\/2025\\\/03\\\/U1jBKo2VR_1256x620__1.jpg\",\"width\":1256,\"height\":620},{\"@type\":\"BreadcrumbList\",\"@id\":\"https:\\\/\\\/informelitoral.com.ar\\\/shakira-llego-a-la-argentina-emocion-y-reencuentro-con-sus-fans\\\/#breadcrumb\",\"itemListElement\":[{\"@type\":\"ListItem\",\"position\":1,\"name\":\"Portada\",\"item\":\"https:\\\/\\\/informelitoral.com.ar\\\/\"},{\"@type\":\"ListItem\",\"position\":2,\"name\":\"Shakira lleg\u00f3 a la Argentina: Emoci\u00f3n y Reencuentro con sus Fans\"}]},{\"@type\":\"WebSite\",\"@id\":\"https:\\\/\\\/informelitoral.com.ar\\\/#website\",\"url\":\"https:\\\/\\\/informelitoral.com.ar\\\/\",\"name\":\"Informe Litoral\",\"description\":\"&quot;Nos informamos&quot; \",\"publisher\":{\"@id\":\"https:\\\/\\\/informelitoral.com.ar\\\/#organization\"},\"potentialAction\":[{\"@type\":\"SearchAction\",\"target\":{\"@type\":\"EntryPoint\",\"urlTemplate\":\"https:\\\/\\\/informelitoral.com.ar\\\/?s={search_term_string}\"},\"query-input\":{\"@type\":\"PropertyValueSpecification\",\"valueRequired\":true,\"valueName\":\"search_term_string\"}}],\"inLanguage\":\"es\"},{\"@type\":\"Organization\",\"@id\":\"https:\\\/\\\/informelitoral.com.ar\\\/#organization\",\"name\":\"Informe Litoral\",\"url\":\"https:\\\/\\\/informelitoral.com.ar\\\/\",\"logo\":{\"@type\":\"ImageObject\",\"inLanguage\":\"es\",\"@id\":\"https:\\\/\\\/informelitoral.com.ar\\\/#\\\/schema\\\/logo\\\/image\\\/\",\"url\":\"https:\\\/\\\/informelitoral.com.ar\\\/%77%70%2d%63%6f%6e%74%65%6e%74\\\/uploads\\\/2021\\\/01\\\/circulo.png\",\"contentUrl\":\"https:\\\/\\\/informelitoral.com.ar\\\/%77%70%2d%63%6f%6e%74%65%6e%74\\\/uploads\\\/2021\\\/01\\\/circulo.png\",\"width\":723,\"height\":731,\"caption\":\"Informe Litoral\"},\"image\":{\"@id\":\"https:\\\/\\\/informelitoral.com.ar\\\/#\\\/schema\\\/logo\\\/image\\\/\"},\"sameAs\":[\"https:\\\/\\\/www.facebook.com\\\/informelitoral\\\/\",\"https:\\\/\\\/x.com\\\/InformeLitoral\",\"https:\\\/\\\/www.instagram.com\\\/informelitoral\\\/\",\"https:\\\/\\\/www.youtube.com\\\/channel\\\/UCua4Qvz8Icb6MYqhoq9xLXw\"]},{\"@type\":\"Person\",\"@id\":\"https:\\\/\\\/informelitoral.com.ar\\\/#\\\/schema\\\/person\\\/f05f9f461677119578717524b127d6d5\",\"name\":\"Sebastian\",\"image\":{\"@type\":\"ImageObject\",\"inLanguage\":\"es\",\"@id\":\"https:\\\/\\\/secure.gravatar.com\\\/avatar\\\/b71bf7481d447dfb9583c7f2798e7cc64de6efb9067b74633ed8c31059a3bd82?s=96&d=mm&r=g\",\"url\":\"https:\\\/\\\/secure.gravatar.com\\\/avatar\\\/b71bf7481d447dfb9583c7f2798e7cc64de6efb9067b74633ed8c31059a3bd82?s=96&d=mm&r=g\",\"contentUrl\":\"https:\\\/\\\/secure.gravatar.com\\\/avatar\\\/b71bf7481d447dfb9583c7f2798e7cc64de6efb9067b74633ed8c31059a3bd82?s=96&d=mm&r=g\",\"caption\":\"Sebastian\"},\"url\":\"https:\\\/\\\/informelitoral.com.ar\\\/author\\\/sebastian\\\/\"}]}<\/script>","yoast_head_json":{"title":"Shakira lleg\u00f3 a la Argentina: Emoci\u00f3n y Reencuentro con sus Fans - Informe Litoral","robots":{"index":"index","follow":"follow","max-snippet":"max-snippet:-1","max-image-preview":"max-image-preview:large","max-video-preview":"max-video-preview:-1"},"canonical":"https:\/\/informelitoral.com.ar\/shakira-llego-a-la-argentina-emocion-y-reencuentro-con-sus-fans\/","og_locale":"es_ES","og_type":"article","og_title":"Shakira lleg\u00f3 a la Argentina: Emoci\u00f3n y Reencuentro con sus Fans - Informe Litoral","og_description":"La artista colombiana arrib\u00f3 al pa\u00eds en el marco de su gira \u201cLas mujeres ya no lloran\u201d y salud\u00f3 al p\u00fablico que la estaba esperando con carteles y exclamaciones.","og_url":"https:\/\/informelitoral.com.ar\/shakira-llego-a-la-argentina-emocion-y-reencuentro-con-sus-fans\/","og_site_name":"Informe Litoral","article_publisher":"https:\/\/www.facebook.com\/informelitoral\/","article_published_time":"2025-03-04T13:13:42+00:00","og_image":[{"width":1256,"height":620,"url":"https:\/\/informelitoral.com.ar\/%77%70%2d%63%6f%6e%74%65%6e%74\/uploads\/2025\/03\/U1jBKo2VR_1256x620__1.jpg","type":"image\/jpeg"}],"author":"Sebastian","twitter_card":"summary_large_image","twitter_creator":"@InformeLitoral","twitter_site":"@InformeLitoral","twitter_misc":{"Escrito por":"Sebastian","Tiempo de lectura":"3 minutos"},"schema":{"@context":"https:\/\/schema.org","@graph":[{"@type":"Article","@id":"https:\/\/informelitoral.com.ar\/shakira-llego-a-la-argentina-emocion-y-reencuentro-con-sus-fans\/#article","isPartOf":{"@id":"https:\/\/informelitoral.com.ar\/shakira-llego-a-la-argentina-emocion-y-reencuentro-con-sus-fans\/"},"author":{"name":"Sebastian","@id":"https:\/\/informelitoral.com.ar\/#\/schema\/person\/f05f9f461677119578717524b127d6d5"},"headline":"Shakira lleg\u00f3 a la Argentina: Emoci\u00f3n y Reencuentro con sus Fans","datePublished":"2025-03-04T13:13:42+00:00","mainEntityOfPage":{"@id":"https:\/\/informelitoral.com.ar\/shakira-llego-a-la-argentina-emocion-y-reencuentro-con-sus-fans\/"},"wordCount":617,"commentCount":0,"publisher":{"@id":"https:\/\/informelitoral.com.ar\/#organization"},"image":{"@id":"https:\/\/informelitoral.com.ar\/shakira-llego-a-la-argentina-emocion-y-reencuentro-con-sus-fans\/#primaryimage"},"thumbnailUrl":"https:\/\/informelitoral.com.ar\/%77%70%2d%63%6f%6e%74%65%6e%74\/uploads\/2025\/03\/U1jBKo2VR_1256x620__1.jpg","articleSection":["Espect\u00e1culos"],"inLanguage":"es","potentialAction":[{"@type":"CommentAction","name":"Comment","target":["https:\/\/informelitoral.com.ar\/shakira-llego-a-la-argentina-emocion-y-reencuentro-con-sus-fans\/#respond"]}]},{"@type":"WebPage","@id":"https:\/\/informelitoral.com.ar\/shakira-llego-a-la-argentina-emocion-y-reencuentro-con-sus-fans\/","url":"https:\/\/informelitoral.com.ar\/shakira-llego-a-la-argentina-emocion-y-reencuentro-con-sus-fans\/","name":"Shakira lleg\u00f3 a la Argentina: Emoci\u00f3n y Reencuentro con sus Fans - Informe Litoral","isPartOf":{"@id":"https:\/\/informelitoral.com.ar\/#website"},"primaryImageOfPage":{"@id":"https:\/\/informelitoral.com.ar\/shakira-llego-a-la-argentina-emocion-y-reencuentro-con-sus-fans\/#primaryimage"},"image":{"@id":"https:\/\/informelitoral.com.ar\/shakira-llego-a-la-argentina-emocion-y-reencuentro-con-sus-fans\/#primaryimage"},"thumbnailUrl":"https:\/\/informelitoral.com.ar\/%77%70%2d%63%6f%6e%74%65%6e%74\/uploads\/2025\/03\/U1jBKo2VR_1256x620__1.jpg","datePublished":"2025-03-04T13:13:42+00:00","breadcrumb":{"@id":"https:\/\/informelitoral.com.ar\/shakira-llego-a-la-argentina-emocion-y-reencuentro-con-sus-fans\/#breadcrumb"},"inLanguage":"es","potentialAction":[{"@type":"ReadAction","target":["https:\/\/informelitoral.com.ar\/shakira-llego-a-la-argentina-emocion-y-reencuentro-con-sus-fans\/"]}]},{"@type":"ImageObject","inLanguage":"es","@id":"https:\/\/informelitoral.com.ar\/shakira-llego-a-la-argentina-emocion-y-reencuentro-con-sus-fans\/#primaryimage","url":"https:\/\/informelitoral.com.ar\/%77%70%2d%63%6f%6e%74%65%6e%74\/uploads\/2025\/03\/U1jBKo2VR_1256x620__1.jpg","contentUrl":"https:\/\/informelitoral.com.ar\/%77%70%2d%63%6f%6e%74%65%6e%74\/uploads\/2025\/03\/U1jBKo2VR_1256x620__1.jpg","width":1256,"height":620},{"@type":"BreadcrumbList","@id":"https:\/\/informelitoral.com.ar\/shakira-llego-a-la-argentina-emocion-y-reencuentro-con-sus-fans\/#breadcrumb","itemListElement":[{"@type":"ListItem","position":1,"name":"Portada","item":"https:\/\/informelitoral.com.ar\/"},{"@type":"ListItem","position":2,"name":"Shakira lleg\u00f3 a la Argentina: Emoci\u00f3n y Reencuentro con sus Fans"}]},{"@type":"WebSite","@id":"https:\/\/informelitoral.com.ar\/#website","url":"https:\/\/informelitoral.com.ar\/","name":"Informe Litoral","description":"&quot;Nos informamos&quot; ","publisher":{"@id":"https:\/\/informelitoral.com.ar\/#organization"},"potentialAction":[{"@type":"SearchAction","target":{"@type":"EntryPoint","urlTemplate":"https:\/\/informelitoral.com.ar\/?s={search_term_string}"},"query-input":{"@type":"PropertyValueSpecification","valueRequired":true,"valueName":"search_term_string"}}],"inLanguage":"es"},{"@type":"Organization","@id":"https:\/\/informelitoral.com.ar\/#organization","name":"Informe Litoral","url":"https:\/\/informelitoral.com.ar\/","logo":{"@type":"ImageObject","inLanguage":"es","@id":"https:\/\/informelitoral.com.ar\/#\/schema\/logo\/image\/","url":"https:\/\/informelitoral.com.ar\/%77%70%2d%63%6f%6e%74%65%6e%74\/uploads\/2021\/01\/circulo.png","contentUrl":"https:\/\/informelitoral.com.ar\/%77%70%2d%63%6f%6e%74%65%6e%74\/uploads\/2021\/01\/circulo.png","width":723,"height":731,"caption":"Informe Litoral"},"image":{"@id":"https:\/\/informelitoral.com.ar\/#\/schema\/logo\/image\/"},"sameAs":["https:\/\/www.facebook.com\/informelitoral\/","https:\/\/x.com\/InformeLitoral","https:\/\/www.instagram.com\/informelitoral\/","https:\/\/www.youtube.com\/channel\/UCua4Qvz8Icb6MYqhoq9xLXw"]},{"@type":"Person","@id":"https:\/\/informelitoral.com.ar\/#\/schema\/person\/f05f9f461677119578717524b127d6d5","name":"Sebastian","image":{"@type":"ImageObject","inLanguage":"es","@id":"https:\/\/secure.gravatar.com\/avatar\/b71bf7481d447dfb9583c7f2798e7cc64de6efb9067b74633ed8c31059a3bd82?s=96&d=mm&r=g","url":"https:\/\/secure.gravatar.com\/avatar\/b71bf7481d447dfb9583c7f2798e7cc64de6efb9067b74633ed8c31059a3bd82?s=96&d=mm&r=g","contentUrl":"https:\/\/secure.gravatar.com\/avatar\/b71bf7481d447dfb9583c7f2798e7cc64de6efb9067b74633ed8c31059a3bd82?s=96&d=mm&r=g","caption":"Sebastian"},"url":"https:\/\/informelitoral.com.ar\/author\/sebastian\/"}]}},"_links":{"self":[{"href":"https:\/\/informelitoral.com.ar\/%77%70%2d%6a%73%6f%6e\/wp\/v2\/posts\/213693","targetHints":{"allow":["GET"]}}],"collection":[{"href":"https:\/\/informelitoral.com.ar\/%77%70%2d%6a%73%6f%6e\/wp\/v2\/posts"}],"about":[{"href":"https:\/\/informelitoral.com.ar\/%77%70%2d%6a%73%6f%6e\/wp\/v2\/types\/post"}],"author":[{"embeddable":true,"href":"https:\/\/informelitoral.com.ar\/%77%70%2d%6a%73%6f%6e\/wp\/v2\/users\/8"}],"replies":[{"embeddable":true,"href":"https:\/\/informelitoral.com.ar\/%77%70%2d%6a%73%6f%6e\/wp\/v2\/comments?post=213693"}],"version-history":[{"count":0,"href":"https:\/\/informelitoral.com.ar\/%77%70%2d%6a%73%6f%6e\/wp\/v2\/posts\/213693\/revisions"}],"wp:featuredmedia":[{"embeddable":true,"href":"https:\/\/informelitoral.com.ar\/%77%70%2d%6a%73%6f%6e\/wp\/v2\/media\/213694"}],"wp:attachment":[{"href":"https:\/\/informelitoral.com.ar\/%77%70%2d%6a%73%6f%6e\/wp\/v2\/media?parent=213693"}],"wp:term":[{"taxonomy":"category","embeddable":true,"href":"https:\/\/informelitoral.com.ar\/%77%70%2d%6a%73%6f%6e\/wp\/v2\/categories?post=213693"},{"taxonomy":"post_tag","embeddable":true,"href":"https:\/\/informelitoral.com.ar\/%77%70%2d%6a%73%6f%6e\/wp\/v2\/tags?post=213693"}],"curies":[{"name":"wp","href":"https:\/\/api.w.org\/{rel}","templated":true}]}}