{"id":213683,"date":"2025-03-04T09:40:59","date_gmt":"2025-03-04T12:40:59","guid":{"rendered":"https:\/\/informelitoral.com.ar\/?p=213683"},"modified":"2025-03-04T09:40:59","modified_gmt":"2025-03-04T12:40:59","slug":"el-presidente-javier-milei-planea-un-nuevo-viaje-a-israel-antes-de-fin-de-marzo","status":"publish","type":"post","link":"https:\/\/informelitoral.com.ar\/el-presidente-javier-milei-planea-un-nuevo-viaje-a-israel-antes-de-fin-de-marzo\/","title":{"rendered":"El presidente Javier Milei planea un nuevo viaje a Israel antes de fin de marzo"},"content":{"rendered":"<p>El presidente Javier Milei tiene pautado viajar antes de fin de mes a Israel, uno de los pa\u00edses con los que est\u00e1 fuertemente alineando internacionalmente, donde aprovechar\u00e1 para firmar un Memor\u00e1ndum de Entendimiento en materia de cooperaci\u00f3n en la lucha contra el terrorismo.<\/p>\n<p>El embajador argentino en Israel, Axel Wahnish, lo adelant\u00f3 d\u00edas atr\u00e1s en una entrevista con un matutino porte\u00f1o: \u00abEl plan es para fin de marzo. Y el plan es que ser\u00eda una visita oficial, donde tendr\u00edamos encuentros obviamente con los principales actores\u00bb, anticip\u00f3.<\/p>\n<p>\u00abAlgo muy trascendental, es que \u00e9l fue invitado por el presidente de la Knesset, el Parlamento israel\u00ed, a dar un discurso magistral ah\u00ed. Eso es muy simb\u00f3lico, particularmente aqu\u00ed en Israel. Y tambi\u00e9n esperamos poder avanzar en un memor\u00e1ndum hist\u00f3rico, que se viene trabajando hace tiempo. Se va a llamar Memor\u00e1ndum de Libertad y la Democracia, en lucha con el terrorismo, el antisemitismo y la discriminaci\u00f3n\u00bb, precis\u00f3 en el reportaje.<\/p>\n<h2><strong>Detalles que han trascendido<\/strong><\/h2>\n<p>Seg\u00fan trascendi\u00f3 en las \u00faltimas horas, el 23 de marzo ser\u00eda el d\u00eda m\u00e1s probable para que Milei aterrice en el pa\u00eds de Medio Oriente.<\/p>\n<p>En su estad\u00eda, que se estima de cuatro d\u00edas, ser\u00e1 recibido por el primer ministro local, Benjamin Netanyahu. Tambi\u00e9n participar\u00e1 de otras actividades que por estas horas se estaban definiendo.<\/p>\n<h2><strong>Comitiva<\/strong><\/h2>\n<p>Se estima que de la comitiva formar\u00e1n parte la secretaria general de la Presidencia, Karina Milei, y el canciller Gerardo Werthein, quien el mes pasado estuvo reunido con autoridades israel\u00edes.<\/p>\n<p>D\u00edas atr\u00e1s, el primer ministro israel\u00ed le agradeci\u00f3 a Milei, a trav\u00e9s de X, por haber declarado dos d\u00edas de duelo por el asesinato de los ni\u00f1os Ariel y Kfir Bibas, a manos de ese grupo terrorista.<\/p>\n<p>\u00abDeber\u00eda servir de inspiraci\u00f3n a todos los l\u00edderes del mundo civilizado. Gracias por su integridad inquebrantable y su liderazgo sobresaliente. Espero darle la bienvenida a Israel pronto\u00bb, escribi\u00f3, aludiendo as\u00ed al inminente viaje de Milei.<\/p>\n","protected":false},"excerpt":{"rendered":"<p>Firmar\u00e1 con ese pa\u00eds un Memor\u00e1ndum de Entendimiento en materia de cooperaci\u00f3n en la lucha contra el terrorismo. En su estad\u00eda, que se estima de cuatro d\u00edas, ser\u00e1 recibido por el primer ministro local, Benjamin Netanyahu.<\/p>\n","protected":false},"author":8,"featured_media":213684,"comment_status":"open","ping_status":"open","sticky":false,"template":"","format":"standard","meta":{"fifu_image_url":"","fifu_image_alt":"","footnotes":""},"categories":[16],"tags":[],"class_list":{"0":"post-213683","1":"post","2":"type-post","3":"status-publish","4":"format-standard","5":"has-post-thumbnail","7":"category-politi"},"yoast_head":"<title>El presidente Javier Milei planea un nuevo viaje a Israel antes de fin de marzo - Informe Litoral<\/title>\n<meta name=\"robots\" content=\"index, follow, max-snippet:-1, max-image-preview:large, max-video-preview:-1\" \/>\n<link rel=\"canonical\" href=\"https:\/\/informelitoral.com.ar\/el-presidente-javier-milei-planea-un-nuevo-viaje-a-israel-antes-de-fin-de-marzo\/\" \/>\n<meta property=\"og:locale\" content=\"es_ES\" \/>\n<meta property=\"og:type\" content=\"article\" \/>\n<meta property=\"og:title\" content=\"El presidente Javier Milei planea un nuevo viaje a Israel antes de fin de marzo - Informe Litoral\" \/>\n<meta property=\"og:description\" content=\"Firmar\u00e1 con ese pa\u00eds un Memor\u00e1ndum de Entendimiento en materia de cooperaci\u00f3n en la lucha contra el terrorismo. En su estad\u00eda, que se estima de cuatro d\u00edas, ser\u00e1 recibido por el primer ministro local, Benjamin Netanyahu.\" \/>\n<meta property=\"og:url\" content=\"https:\/\/informelitoral.com.ar\/el-presidente-javier-milei-planea-un-nuevo-viaje-a-israel-antes-de-fin-de-marzo\/\" \/>\n<meta property=\"og:site_name\" content=\"Informe Litoral\" \/>\n<meta property=\"article:publisher\" content=\"https:\/\/www.facebook.com\/informelitoral\/\" \/>\n<meta property=\"article:published_time\" content=\"2025-03-04T12:40:59+00:00\" \/>\n<meta property=\"og:image\" content=\"https:\/\/informelitoral.com.ar\/%77%70%2d%63%6f%6e%74%65%6e%74\/uploads\/2025\/03\/cnne-1654684-topshot-argentina-election-runoff-results-milei-1.jpg\" \/>\n\t<meta property=\"og:image:width\" content=\"1480\" \/>\n\t<meta property=\"og:image:height\" content=\"833\" \/>\n\t<meta property=\"og:image:type\" content=\"image\/jpeg\" \/>\n<meta name=\"author\" content=\"Sebastian\" \/>\n<meta name=\"twitter:card\" content=\"summary_large_image\" \/>\n<meta name=\"twitter:creator\" content=\"@InformeLitoral\" \/>\n<meta name=\"twitter:site\" content=\"@InformeLitoral\" \/>\n<meta name=\"twitter:label1\" content=\"Escrito por\" \/>\n\t<meta name=\"twitter:data1\" content=\"Sebastian\" \/>\n\t<meta name=\"twitter:label2\" content=\"Tiempo de lectura\" \/>\n\t<meta name=\"twitter:data2\" content=\"2 minutos\" \/>\n<script type=\"application\/ld+json\" class=\"yoast-schema-graph\">{\"@context\":\"https:\\\/\\\/schema.org\",\"@graph\":[{\"@type\":\"Article\",\"@id\":\"https:\\\/\\\/informelitoral.com.ar\\\/el-presidente-javier-milei-planea-un-nuevo-viaje-a-israel-antes-de-fin-de-marzo\\\/#article\",\"isPartOf\":{\"@id\":\"https:\\\/\\\/informelitoral.com.ar\\\/el-presidente-javier-milei-planea-un-nuevo-viaje-a-israel-antes-de-fin-de-marzo\\\/\"},\"author\":{\"name\":\"Sebastian\",\"@id\":\"https:\\\/\\\/informelitoral.com.ar\\\/#\\\/schema\\\/person\\\/f05f9f461677119578717524b127d6d5\"},\"headline\":\"El presidente Javier Milei planea un nuevo viaje a Israel antes de fin de marzo\",\"datePublished\":\"2025-03-04T12:40:59+00:00\",\"mainEntityOfPage\":{\"@id\":\"https:\\\/\\\/informelitoral.com.ar\\\/el-presidente-javier-milei-planea-un-nuevo-viaje-a-israel-antes-de-fin-de-marzo\\\/\"},\"wordCount\":364,\"commentCount\":0,\"publisher\":{\"@id\":\"https:\\\/\\\/informelitoral.com.ar\\\/#organization\"},\"image\":{\"@id\":\"https:\\\/\\\/informelitoral.com.ar\\\/el-presidente-javier-milei-planea-un-nuevo-viaje-a-israel-antes-de-fin-de-marzo\\\/#primaryimage\"},\"thumbnailUrl\":\"https:\\\/\\\/informelitoral.com.ar\\\/%77%70%2d%63%6f%6e%74%65%6e%74\\\/uploads\\\/2025\\\/03\\\/cnne-1654684-topshot-argentina-election-runoff-results-milei-1.jpg\",\"articleSection\":[\"Politica\"],\"inLanguage\":\"es\",\"potentialAction\":[{\"@type\":\"CommentAction\",\"name\":\"Comment\",\"target\":[\"https:\\\/\\\/informelitoral.com.ar\\\/el-presidente-javier-milei-planea-un-nuevo-viaje-a-israel-antes-de-fin-de-marzo\\\/#respond\"]}]},{\"@type\":\"WebPage\",\"@id\":\"https:\\\/\\\/informelitoral.com.ar\\\/el-presidente-javier-milei-planea-un-nuevo-viaje-a-israel-antes-de-fin-de-marzo\\\/\",\"url\":\"https:\\\/\\\/informelitoral.com.ar\\\/el-presidente-javier-milei-planea-un-nuevo-viaje-a-israel-antes-de-fin-de-marzo\\\/\",\"name\":\"El presidente Javier Milei planea un nuevo viaje a Israel antes de fin de marzo - Informe Litoral\",\"isPartOf\":{\"@id\":\"https:\\\/\\\/informelitoral.com.ar\\\/#website\"},\"primaryImageOfPage\":{\"@id\":\"https:\\\/\\\/informelitoral.com.ar\\\/el-presidente-javier-milei-planea-un-nuevo-viaje-a-israel-antes-de-fin-de-marzo\\\/#primaryimage\"},\"image\":{\"@id\":\"https:\\\/\\\/informelitoral.com.ar\\\/el-presidente-javier-milei-planea-un-nuevo-viaje-a-israel-antes-de-fin-de-marzo\\\/#primaryimage\"},\"thumbnailUrl\":\"https:\\\/\\\/informelitoral.com.ar\\\/%77%70%2d%63%6f%6e%74%65%6e%74\\\/uploads\\\/2025\\\/03\\\/cnne-1654684-topshot-argentina-election-runoff-results-milei-1.jpg\",\"datePublished\":\"2025-03-04T12:40:59+00:00\",\"breadcrumb\":{\"@id\":\"https:\\\/\\\/informelitoral.com.ar\\\/el-presidente-javier-milei-planea-un-nuevo-viaje-a-israel-antes-de-fin-de-marzo\\\/#breadcrumb\"},\"inLanguage\":\"es\",\"potentialAction\":[{\"@type\":\"ReadAction\",\"target\":[\"https:\\\/\\\/informelitoral.com.ar\\\/el-presidente-javier-milei-planea-un-nuevo-viaje-a-israel-antes-de-fin-de-marzo\\\/\"]}]},{\"@type\":\"ImageObject\",\"inLanguage\":\"es\",\"@id\":\"https:\\\/\\\/informelitoral.com.ar\\\/el-presidente-javier-milei-planea-un-nuevo-viaje-a-israel-antes-de-fin-de-marzo\\\/#primaryimage\",\"url\":\"https:\\\/\\\/informelitoral.com.ar\\\/%77%70%2d%63%6f%6e%74%65%6e%74\\\/uploads\\\/2025\\\/03\\\/cnne-1654684-topshot-argentina-election-runoff-results-milei-1.jpg\",\"contentUrl\":\"https:\\\/\\\/informelitoral.com.ar\\\/%77%70%2d%63%6f%6e%74%65%6e%74\\\/uploads\\\/2025\\\/03\\\/cnne-1654684-topshot-argentina-election-runoff-results-milei-1.jpg\",\"width\":1480,\"height\":833},{\"@type\":\"BreadcrumbList\",\"@id\":\"https:\\\/\\\/informelitoral.com.ar\\\/el-presidente-javier-milei-planea-un-nuevo-viaje-a-israel-antes-de-fin-de-marzo\\\/#breadcrumb\",\"itemListElement\":[{\"@type\":\"ListItem\",\"position\":1,\"name\":\"Portada\",\"item\":\"https:\\\/\\\/informelitoral.com.ar\\\/\"},{\"@type\":\"ListItem\",\"position\":2,\"name\":\"El presidente Javier Milei planea un nuevo viaje a Israel antes de fin de marzo\"}]},{\"@type\":\"WebSite\",\"@id\":\"https:\\\/\\\/informelitoral.com.ar\\\/#website\",\"url\":\"https:\\\/\\\/informelitoral.com.ar\\\/\",\"name\":\"Informe Litoral\",\"description\":\"&quot;Nos informamos&quot; \",\"publisher\":{\"@id\":\"https:\\\/\\\/informelitoral.com.ar\\\/#organization\"},\"potentialAction\":[{\"@type\":\"SearchAction\",\"target\":{\"@type\":\"EntryPoint\",\"urlTemplate\":\"https:\\\/\\\/informelitoral.com.ar\\\/?s={search_term_string}\"},\"query-input\":{\"@type\":\"PropertyValueSpecification\",\"valueRequired\":true,\"valueName\":\"search_term_string\"}}],\"inLanguage\":\"es\"},{\"@type\":\"Organization\",\"@id\":\"https:\\\/\\\/informelitoral.com.ar\\\/#organization\",\"name\":\"Informe Litoral\",\"url\":\"https:\\\/\\\/informelitoral.com.ar\\\/\",\"logo\":{\"@type\":\"ImageObject\",\"inLanguage\":\"es\",\"@id\":\"https:\\\/\\\/informelitoral.com.ar\\\/#\\\/schema\\\/logo\\\/image\\\/\",\"url\":\"https:\\\/\\\/informelitoral.com.ar\\\/%77%70%2d%63%6f%6e%74%65%6e%74\\\/uploads\\\/2021\\\/01\\\/circulo.png\",\"contentUrl\":\"https:\\\/\\\/informelitoral.com.ar\\\/%77%70%2d%63%6f%6e%74%65%6e%74\\\/uploads\\\/2021\\\/01\\\/circulo.png\",\"width\":723,\"height\":731,\"caption\":\"Informe Litoral\"},\"image\":{\"@id\":\"https:\\\/\\\/informelitoral.com.ar\\\/#\\\/schema\\\/logo\\\/image\\\/\"},\"sameAs\":[\"https:\\\/\\\/www.facebook.com\\\/informelitoral\\\/\",\"https:\\\/\\\/x.com\\\/InformeLitoral\",\"https:\\\/\\\/www.instagram.com\\\/informelitoral\\\/\",\"https:\\\/\\\/www.youtube.com\\\/channel\\\/UCua4Qvz8Icb6MYqhoq9xLXw\"]},{\"@type\":\"Person\",\"@id\":\"https:\\\/\\\/informelitoral.com.ar\\\/#\\\/schema\\\/person\\\/f05f9f461677119578717524b127d6d5\",\"name\":\"Sebastian\",\"image\":{\"@type\":\"ImageObject\",\"inLanguage\":\"es\",\"@id\":\"https:\\\/\\\/secure.gravatar.com\\\/avatar\\\/b71bf7481d447dfb9583c7f2798e7cc64de6efb9067b74633ed8c31059a3bd82?s=96&d=mm&r=g\",\"url\":\"https:\\\/\\\/secure.gravatar.com\\\/avatar\\\/b71bf7481d447dfb9583c7f2798e7cc64de6efb9067b74633ed8c31059a3bd82?s=96&d=mm&r=g\",\"contentUrl\":\"https:\\\/\\\/secure.gravatar.com\\\/avatar\\\/b71bf7481d447dfb9583c7f2798e7cc64de6efb9067b74633ed8c31059a3bd82?s=96&d=mm&r=g\",\"caption\":\"Sebastian\"},\"url\":\"https:\\\/\\\/informelitoral.com.ar\\\/author\\\/sebastian\\\/\"}]}<\/script>","yoast_head_json":{"title":"El presidente Javier Milei planea un nuevo viaje a Israel antes de fin de marzo - Informe Litoral","robots":{"index":"index","follow":"follow","max-snippet":"max-snippet:-1","max-image-preview":"max-image-preview:large","max-video-preview":"max-video-preview:-1"},"canonical":"https:\/\/informelitoral.com.ar\/el-presidente-javier-milei-planea-un-nuevo-viaje-a-israel-antes-de-fin-de-marzo\/","og_locale":"es_ES","og_type":"article","og_title":"El presidente Javier Milei planea un nuevo viaje a Israel antes de fin de marzo - Informe Litoral","og_description":"Firmar\u00e1 con ese pa\u00eds un Memor\u00e1ndum de Entendimiento en materia de cooperaci\u00f3n en la lucha contra el terrorismo. En su estad\u00eda, que se estima de cuatro d\u00edas, ser\u00e1 recibido por el primer ministro local, Benjamin Netanyahu.","og_url":"https:\/\/informelitoral.com.ar\/el-presidente-javier-milei-planea-un-nuevo-viaje-a-israel-antes-de-fin-de-marzo\/","og_site_name":"Informe Litoral","article_publisher":"https:\/\/www.facebook.com\/informelitoral\/","article_published_time":"2025-03-04T12:40:59+00:00","og_image":[{"width":1480,"height":833,"url":"https:\/\/informelitoral.com.ar\/%77%70%2d%63%6f%6e%74%65%6e%74\/uploads\/2025\/03\/cnne-1654684-topshot-argentina-election-runoff-results-milei-1.jpg","type":"image\/jpeg"}],"author":"Sebastian","twitter_card":"summary_large_image","twitter_creator":"@InformeLitoral","twitter_site":"@InformeLitoral","twitter_misc":{"Escrito por":"Sebastian","Tiempo de lectura":"2 minutos"},"schema":{"@context":"https:\/\/schema.org","@graph":[{"@type":"Article","@id":"https:\/\/informelitoral.com.ar\/el-presidente-javier-milei-planea-un-nuevo-viaje-a-israel-antes-de-fin-de-marzo\/#article","isPartOf":{"@id":"https:\/\/informelitoral.com.ar\/el-presidente-javier-milei-planea-un-nuevo-viaje-a-israel-antes-de-fin-de-marzo\/"},"author":{"name":"Sebastian","@id":"https:\/\/informelitoral.com.ar\/#\/schema\/person\/f05f9f461677119578717524b127d6d5"},"headline":"El presidente Javier Milei planea un nuevo viaje a Israel antes de fin de marzo","datePublished":"2025-03-04T12:40:59+00:00","mainEntityOfPage":{"@id":"https:\/\/informelitoral.com.ar\/el-presidente-javier-milei-planea-un-nuevo-viaje-a-israel-antes-de-fin-de-marzo\/"},"wordCount":364,"commentCount":0,"publisher":{"@id":"https:\/\/informelitoral.com.ar\/#organization"},"image":{"@id":"https:\/\/informelitoral.com.ar\/el-presidente-javier-milei-planea-un-nuevo-viaje-a-israel-antes-de-fin-de-marzo\/#primaryimage"},"thumbnailUrl":"https:\/\/informelitoral.com.ar\/%77%70%2d%63%6f%6e%74%65%6e%74\/uploads\/2025\/03\/cnne-1654684-topshot-argentina-election-runoff-results-milei-1.jpg","articleSection":["Politica"],"inLanguage":"es","potentialAction":[{"@type":"CommentAction","name":"Comment","target":["https:\/\/informelitoral.com.ar\/el-presidente-javier-milei-planea-un-nuevo-viaje-a-israel-antes-de-fin-de-marzo\/#respond"]}]},{"@type":"WebPage","@id":"https:\/\/informelitoral.com.ar\/el-presidente-javier-milei-planea-un-nuevo-viaje-a-israel-antes-de-fin-de-marzo\/","url":"https:\/\/informelitoral.com.ar\/el-presidente-javier-milei-planea-un-nuevo-viaje-a-israel-antes-de-fin-de-marzo\/","name":"El presidente Javier Milei planea un nuevo viaje a Israel antes de fin de marzo - Informe Litoral","isPartOf":{"@id":"https:\/\/informelitoral.com.ar\/#website"},"primaryImageOfPage":{"@id":"https:\/\/informelitoral.com.ar\/el-presidente-javier-milei-planea-un-nuevo-viaje-a-israel-antes-de-fin-de-marzo\/#primaryimage"},"image":{"@id":"https:\/\/informelitoral.com.ar\/el-presidente-javier-milei-planea-un-nuevo-viaje-a-israel-antes-de-fin-de-marzo\/#primaryimage"},"thumbnailUrl":"https:\/\/informelitoral.com.ar\/%77%70%2d%63%6f%6e%74%65%6e%74\/uploads\/2025\/03\/cnne-1654684-topshot-argentina-election-runoff-results-milei-1.jpg","datePublished":"2025-03-04T12:40:59+00:00","breadcrumb":{"@id":"https:\/\/informelitoral.com.ar\/el-presidente-javier-milei-planea-un-nuevo-viaje-a-israel-antes-de-fin-de-marzo\/#breadcrumb"},"inLanguage":"es","potentialAction":[{"@type":"ReadAction","target":["https:\/\/informelitoral.com.ar\/el-presidente-javier-milei-planea-un-nuevo-viaje-a-israel-antes-de-fin-de-marzo\/"]}]},{"@type":"ImageObject","inLanguage":"es","@id":"https:\/\/informelitoral.com.ar\/el-presidente-javier-milei-planea-un-nuevo-viaje-a-israel-antes-de-fin-de-marzo\/#primaryimage","url":"https:\/\/informelitoral.com.ar\/%77%70%2d%63%6f%6e%74%65%6e%74\/uploads\/2025\/03\/cnne-1654684-topshot-argentina-election-runoff-results-milei-1.jpg","contentUrl":"https:\/\/informelitoral.com.ar\/%77%70%2d%63%6f%6e%74%65%6e%74\/uploads\/2025\/03\/cnne-1654684-topshot-argentina-election-runoff-results-milei-1.jpg","width":1480,"height":833},{"@type":"BreadcrumbList","@id":"https:\/\/informelitoral.com.ar\/el-presidente-javier-milei-planea-un-nuevo-viaje-a-israel-antes-de-fin-de-marzo\/#breadcrumb","itemListElement":[{"@type":"ListItem","position":1,"name":"Portada","item":"https:\/\/informelitoral.com.ar\/"},{"@type":"ListItem","position":2,"name":"El presidente Javier Milei planea un nuevo viaje a Israel antes de fin de marzo"}]},{"@type":"WebSite","@id":"https:\/\/informelitoral.com.ar\/#website","url":"https:\/\/informelitoral.com.ar\/","name":"Informe Litoral","description":"&quot;Nos informamos&quot; ","publisher":{"@id":"https:\/\/informelitoral.com.ar\/#organization"},"potentialAction":[{"@type":"SearchAction","target":{"@type":"EntryPoint","urlTemplate":"https:\/\/informelitoral.com.ar\/?s={search_term_string}"},"query-input":{"@type":"PropertyValueSpecification","valueRequired":true,"valueName":"search_term_string"}}],"inLanguage":"es"},{"@type":"Organization","@id":"https:\/\/informelitoral.com.ar\/#organization","name":"Informe Litoral","url":"https:\/\/informelitoral.com.ar\/","logo":{"@type":"ImageObject","inLanguage":"es","@id":"https:\/\/informelitoral.com.ar\/#\/schema\/logo\/image\/","url":"https:\/\/informelitoral.com.ar\/%77%70%2d%63%6f%6e%74%65%6e%74\/uploads\/2021\/01\/circulo.png","contentUrl":"https:\/\/informelitoral.com.ar\/%77%70%2d%63%6f%6e%74%65%6e%74\/uploads\/2021\/01\/circulo.png","width":723,"height":731,"caption":"Informe Litoral"},"image":{"@id":"https:\/\/informelitoral.com.ar\/#\/schema\/logo\/image\/"},"sameAs":["https:\/\/www.facebook.com\/informelitoral\/","https:\/\/x.com\/InformeLitoral","https:\/\/www.instagram.com\/informelitoral\/","https:\/\/www.youtube.com\/channel\/UCua4Qvz8Icb6MYqhoq9xLXw"]},{"@type":"Person","@id":"https:\/\/informelitoral.com.ar\/#\/schema\/person\/f05f9f461677119578717524b127d6d5","name":"Sebastian","image":{"@type":"ImageObject","inLanguage":"es","@id":"https:\/\/secure.gravatar.com\/avatar\/b71bf7481d447dfb9583c7f2798e7cc64de6efb9067b74633ed8c31059a3bd82?s=96&d=mm&r=g","url":"https:\/\/secure.gravatar.com\/avatar\/b71bf7481d447dfb9583c7f2798e7cc64de6efb9067b74633ed8c31059a3bd82?s=96&d=mm&r=g","contentUrl":"https:\/\/secure.gravatar.com\/avatar\/b71bf7481d447dfb9583c7f2798e7cc64de6efb9067b74633ed8c31059a3bd82?s=96&d=mm&r=g","caption":"Sebastian"},"url":"https:\/\/informelitoral.com.ar\/author\/sebastian\/"}]}},"_links":{"self":[{"href":"https:\/\/informelitoral.com.ar\/%77%70%2d%6a%73%6f%6e\/wp\/v2\/posts\/213683","targetHints":{"allow":["GET"]}}],"collection":[{"href":"https:\/\/informelitoral.com.ar\/%77%70%2d%6a%73%6f%6e\/wp\/v2\/posts"}],"about":[{"href":"https:\/\/informelitoral.com.ar\/%77%70%2d%6a%73%6f%6e\/wp\/v2\/types\/post"}],"author":[{"embeddable":true,"href":"https:\/\/informelitoral.com.ar\/%77%70%2d%6a%73%6f%6e\/wp\/v2\/users\/8"}],"replies":[{"embeddable":true,"href":"https:\/\/informelitoral.com.ar\/%77%70%2d%6a%73%6f%6e\/wp\/v2\/comments?post=213683"}],"version-history":[{"count":0,"href":"https:\/\/informelitoral.com.ar\/%77%70%2d%6a%73%6f%6e\/wp\/v2\/posts\/213683\/revisions"}],"wp:featuredmedia":[{"embeddable":true,"href":"https:\/\/informelitoral.com.ar\/%77%70%2d%6a%73%6f%6e\/wp\/v2\/media\/213684"}],"wp:attachment":[{"href":"https:\/\/informelitoral.com.ar\/%77%70%2d%6a%73%6f%6e\/wp\/v2\/media?parent=213683"}],"wp:term":[{"taxonomy":"category","embeddable":true,"href":"https:\/\/informelitoral.com.ar\/%77%70%2d%6a%73%6f%6e\/wp\/v2\/categories?post=213683"},{"taxonomy":"post_tag","embeddable":true,"href":"https:\/\/informelitoral.com.ar\/%77%70%2d%6a%73%6f%6e\/wp\/v2\/tags?post=213683"}],"curies":[{"name":"wp","href":"https:\/\/api.w.org\/{rel}","templated":true}]}}