{"id":2135,"date":"2013-06-12T09:22:22","date_gmt":"2013-06-12T12:22:22","guid":{"rendered":"http:\/\/www.isletasnoticias.com.ar\/?p=2135"},"modified":"2013-06-12T09:24:38","modified_gmt":"2013-06-12T12:24:38","slug":"12-de-junio-dia-mundial-contra-el-trabajo-infantil","status":"publish","type":"post","link":"https:\/\/informelitoral.com.ar\/12-de-junio-dia-mundial-contra-el-trabajo-infantil\/","title":{"rendered":"12 de junio: D\u00eda Mundial contra el trabajo infantil"},"content":{"rendered":"<p><strong>\u00a0Se conmemora el 12 de junio y promueve el conocimiento y la lucha contra el trabajo infantil. <\/strong><\/p>\n<p><img loading=\"lazy\" decoding=\"async\" class=\"size-medium wp-image-2136 alignright\" alt=\"trabajo\" src=\"http:\/\/www.isletasnoticias.com.ar\/%77%70%2d%63%6f%6e%74%65%6e%74\/uploads\/2013\/06\/trabajo-206x300.jpg\" width=\"206\" height=\"300\" srcset=\"https:\/\/informelitoral.com.ar\/%77%70%2d%63%6f%6e%74%65%6e%74\/uploads\/2013\/06\/trabajo-206x300.jpg 206w, https:\/\/informelitoral.com.ar\/%77%70%2d%63%6f%6e%74%65%6e%74\/uploads\/2013\/06\/trabajo.jpg 250w\" sizes=\"auto, (max-width: 206px) 100vw, 206px\" \/>La Conferencia de \u00c1msterdam de 1997 sobre la lucha contra las formas m\u00e1s intolerables del trabajo infantil y la Conferencia Internacional de Oslo sobre el Trabajo Infantil de 1997, se\u00f1alaron la atenci\u00f3n a la urgente necesidad de una acci\u00f3n mundial concertada para poner fin al trabajo infantil, al instar a que se ampl\u00ede la recopilaci\u00f3n de informaci\u00f3n, estad\u00edsticas e investigaci\u00f3n emp\u00edrica que ayudar\u00eda a informar esta acci\u00f3n.<\/p>\n<p>En el mundo, un gran n\u00famero de ni\u00f1os est\u00e1n involucrados en trabajo dom\u00e9stico remunerado o no remunerado en el hogar de un tercero o empleador. Estos ni\u00f1os son particularmente vulnerables a la explotaci\u00f3n. El trabajo que realizan a menudo est\u00e1 oculto a los ojos del p\u00fablico, ya que estos ni\u00f1os puede que se encuentren aislados o trabajen muy lejos del hogar familiar. Las historias de abuso de ni\u00f1os involucrados en trabajo dom\u00e9stico son muy comunes. En el D\u00eda mundial contra el trabajo infantil de 2013 se hace un llamamiento en favor de:<\/p>\n<ul>\n<li>la realizaci\u00f3n de reformas legislativas y la aplicaci\u00f3n de pol\u00edticas que garanticen la eliminaci\u00f3n del trabajo infantil en el trabajo dom\u00e9stico, y el establecimiento de condiciones de trabajo decente, as\u00ed como la protecci\u00f3n adecuada para los j\u00f3venes trabajadores dom\u00e9sticos por encima de la edad m\u00ednima legal de admisi\u00f3n al empleo.<\/li>\n<li>a ratificaci\u00f3n por los Estados Miembros del Convenio de la OIT n\u00fam. 189 sobre el trabajo decente para las trabajadoras y los trabajadores dom\u00e9sticos y su aplicaci\u00f3n<\/li>\n<li>junto con los Convenios relativos al trabajo infantil (Convenio n\u00fam. 138 sobre la edad m\u00ednima de admisi\u00f3n al empleo y el Convenio n\u00fam. 182 sobre las peores formas de trabajo infantil).<\/li>\n<li>la toma de medidas para promover el movimiento mundial contra el trabajo infantil y fortalecer la capacidad de las organizaciones de trabajadoras y trabajadores dom\u00e9sticos para abordar la cuesti\u00f3n del trabajo infantil.<\/li>\n<\/ul>\n<p>Fuente:<em> ONU.<\/em><\/p>\n","protected":false},"excerpt":{"rendered":"<p>&nbsp;Se conmemora el 12 de junio y promueve el conocimiento y la lucha contra el trabajo infantil. La Conferencia de &Aacute;msterdam de 1997 sobre la lucha contra las formas m&aacute;s intolerables del trabajo infantil y la Conferencia Internacional de Oslo sobre el Trabajo Infantil de 1997, se&ntilde;alaron la atenci&oacute;n a la urgente necesidad de una [&hellip;]<\/p>\n","protected":false},"author":2,"featured_media":0,"comment_status":"open","ping_status":"open","sticky":false,"template":"","format":"standard","meta":{"fifu_image_url":"","fifu_image_alt":"","footnotes":""},"categories":[8],"tags":[],"class_list":{"0":"post-2135","1":"post","2":"type-post","3":"status-publish","4":"format-standard","6":"category-internacionales"},"yoast_head":"<title>12 de junio: D\u00eda Mundial contra el trabajo infantil - Informe Litoral<\/title>\n<meta name=\"robots\" content=\"index, follow, max-snippet:-1, max-image-preview:large, max-video-preview:-1\" \/>\n<link rel=\"canonical\" href=\"https:\/\/informelitoral.com.ar\/12-de-junio-dia-mundial-contra-el-trabajo-infantil\/\" \/>\n<meta property=\"og:locale\" content=\"es_ES\" \/>\n<meta property=\"og:type\" content=\"article\" \/>\n<meta property=\"og:title\" content=\"12 de junio: D\u00eda Mundial contra el trabajo infantil - Informe Litoral\" \/>\n<meta property=\"og:description\" content=\"&nbsp;Se conmemora el 12 de junio y promueve el conocimiento y la lucha contra el trabajo infantil. La Conferencia de &Aacute;msterdam de 1997 sobre la lucha contra las formas m&aacute;s intolerables del trabajo infantil y la Conferencia Internacional de Oslo sobre el Trabajo Infantil de 1997, se&ntilde;alaron la atenci&oacute;n a la urgente necesidad de una [&hellip;]\" \/>\n<meta property=\"og:url\" content=\"https:\/\/informelitoral.com.ar\/12-de-junio-dia-mundial-contra-el-trabajo-infantil\/\" \/>\n<meta property=\"og:site_name\" content=\"Informe Litoral\" \/>\n<meta property=\"article:publisher\" content=\"https:\/\/www.facebook.com\/informelitoral\/\" \/>\n<meta property=\"article:published_time\" content=\"2013-06-12T12:22:22+00:00\" \/>\n<meta property=\"article:modified_time\" content=\"2013-06-12T12:24:38+00:00\" \/>\n<meta property=\"og:image\" content=\"https:\/\/informelitoral.com.ar\/%77%70%2d%63%6f%6e%74%65%6e%74\/uploads\/2013\/06\/trabajo.jpg\" \/>\n\t<meta property=\"og:image:width\" content=\"250\" \/>\n\t<meta property=\"og:image:height\" content=\"364\" \/>\n\t<meta property=\"og:image:type\" content=\"image\/jpeg\" \/>\n<meta name=\"author\" content=\"Gonzalo Schmidt\" \/>\n<meta name=\"twitter:card\" content=\"summary_large_image\" \/>\n<meta name=\"twitter:creator\" content=\"@InformeLitoral\" \/>\n<meta name=\"twitter:site\" content=\"@InformeLitoral\" \/>\n<meta name=\"twitter:label1\" content=\"Escrito por\" \/>\n\t<meta name=\"twitter:data1\" content=\"Gonzalo Schmidt\" \/>\n\t<meta name=\"twitter:label2\" content=\"Tiempo de lectura\" \/>\n\t<meta name=\"twitter:data2\" content=\"2 minutos\" \/>\n<script type=\"application\/ld+json\" class=\"yoast-schema-graph\">{\"@context\":\"https:\\\/\\\/schema.org\",\"@graph\":[{\"@type\":\"Article\",\"@id\":\"https:\\\/\\\/informelitoral.com.ar\\\/12-de-junio-dia-mundial-contra-el-trabajo-infantil\\\/#article\",\"isPartOf\":{\"@id\":\"https:\\\/\\\/informelitoral.com.ar\\\/12-de-junio-dia-mundial-contra-el-trabajo-infantil\\\/\"},\"author\":{\"name\":\"Gonzalo Schmidt\",\"@id\":\"https:\\\/\\\/informelitoral.com.ar\\\/#\\\/schema\\\/person\\\/b9d00407c836482871ef1d57bf8e3180\"},\"headline\":\"12 de junio: D\u00eda Mundial contra el trabajo infantil\",\"datePublished\":\"2013-06-12T12:22:22+00:00\",\"dateModified\":\"2013-06-12T12:24:38+00:00\",\"mainEntityOfPage\":{\"@id\":\"https:\\\/\\\/informelitoral.com.ar\\\/12-de-junio-dia-mundial-contra-el-trabajo-infantil\\\/\"},\"wordCount\":363,\"commentCount\":0,\"publisher\":{\"@id\":\"https:\\\/\\\/informelitoral.com.ar\\\/#organization\"},\"image\":{\"@id\":\"https:\\\/\\\/informelitoral.com.ar\\\/12-de-junio-dia-mundial-contra-el-trabajo-infantil\\\/#primaryimage\"},\"thumbnailUrl\":\"http:\\\/\\\/www.isletasnoticias.com.ar\\\/%77%70%2d%63%6f%6e%74%65%6e%74\\\/uploads\\\/2013\\\/06\\\/trabajo-206x300.jpg\",\"articleSection\":[\"Internacionales\"],\"inLanguage\":\"es\",\"potentialAction\":[{\"@type\":\"CommentAction\",\"name\":\"Comment\",\"target\":[\"https:\\\/\\\/informelitoral.com.ar\\\/12-de-junio-dia-mundial-contra-el-trabajo-infantil\\\/#respond\"]}]},{\"@type\":\"WebPage\",\"@id\":\"https:\\\/\\\/informelitoral.com.ar\\\/12-de-junio-dia-mundial-contra-el-trabajo-infantil\\\/\",\"url\":\"https:\\\/\\\/informelitoral.com.ar\\\/12-de-junio-dia-mundial-contra-el-trabajo-infantil\\\/\",\"name\":\"12 de junio: D\u00eda Mundial contra el trabajo infantil - Informe Litoral\",\"isPartOf\":{\"@id\":\"https:\\\/\\\/informelitoral.com.ar\\\/#website\"},\"primaryImageOfPage\":{\"@id\":\"https:\\\/\\\/informelitoral.com.ar\\\/12-de-junio-dia-mundial-contra-el-trabajo-infantil\\\/#primaryimage\"},\"image\":{\"@id\":\"https:\\\/\\\/informelitoral.com.ar\\\/12-de-junio-dia-mundial-contra-el-trabajo-infantil\\\/#primaryimage\"},\"thumbnailUrl\":\"http:\\\/\\\/www.isletasnoticias.com.ar\\\/%77%70%2d%63%6f%6e%74%65%6e%74\\\/uploads\\\/2013\\\/06\\\/trabajo-206x300.jpg\",\"datePublished\":\"2013-06-12T12:22:22+00:00\",\"dateModified\":\"2013-06-12T12:24:38+00:00\",\"breadcrumb\":{\"@id\":\"https:\\\/\\\/informelitoral.com.ar\\\/12-de-junio-dia-mundial-contra-el-trabajo-infantil\\\/#breadcrumb\"},\"inLanguage\":\"es\",\"potentialAction\":[{\"@type\":\"ReadAction\",\"target\":[\"https:\\\/\\\/informelitoral.com.ar\\\/12-de-junio-dia-mundial-contra-el-trabajo-infantil\\\/\"]}]},{\"@type\":\"ImageObject\",\"inLanguage\":\"es\",\"@id\":\"https:\\\/\\\/informelitoral.com.ar\\\/12-de-junio-dia-mundial-contra-el-trabajo-infantil\\\/#primaryimage\",\"url\":\"http:\\\/\\\/www.isletasnoticias.com.ar\\\/%77%70%2d%63%6f%6e%74%65%6e%74\\\/uploads\\\/2013\\\/06\\\/trabajo-206x300.jpg\",\"contentUrl\":\"http:\\\/\\\/www.isletasnoticias.com.ar\\\/%77%70%2d%63%6f%6e%74%65%6e%74\\\/uploads\\\/2013\\\/06\\\/trabajo-206x300.jpg\"},{\"@type\":\"BreadcrumbList\",\"@id\":\"https:\\\/\\\/informelitoral.com.ar\\\/12-de-junio-dia-mundial-contra-el-trabajo-infantil\\\/#breadcrumb\",\"itemListElement\":[{\"@type\":\"ListItem\",\"position\":1,\"name\":\"Portada\",\"item\":\"https:\\\/\\\/informelitoral.com.ar\\\/\"},{\"@type\":\"ListItem\",\"position\":2,\"name\":\"12 de junio: D\u00eda Mundial contra el trabajo infantil\"}]},{\"@type\":\"WebSite\",\"@id\":\"https:\\\/\\\/informelitoral.com.ar\\\/#website\",\"url\":\"https:\\\/\\\/informelitoral.com.ar\\\/\",\"name\":\"Informe Litoral\",\"description\":\"&quot;Nos informamos&quot; \",\"publisher\":{\"@id\":\"https:\\\/\\\/informelitoral.com.ar\\\/#organization\"},\"potentialAction\":[{\"@type\":\"SearchAction\",\"target\":{\"@type\":\"EntryPoint\",\"urlTemplate\":\"https:\\\/\\\/informelitoral.com.ar\\\/?s={search_term_string}\"},\"query-input\":{\"@type\":\"PropertyValueSpecification\",\"valueRequired\":true,\"valueName\":\"search_term_string\"}}],\"inLanguage\":\"es\"},{\"@type\":\"Organization\",\"@id\":\"https:\\\/\\\/informelitoral.com.ar\\\/#organization\",\"name\":\"Informe Litoral\",\"url\":\"https:\\\/\\\/informelitoral.com.ar\\\/\",\"logo\":{\"@type\":\"ImageObject\",\"inLanguage\":\"es\",\"@id\":\"https:\\\/\\\/informelitoral.com.ar\\\/#\\\/schema\\\/logo\\\/image\\\/\",\"url\":\"https:\\\/\\\/informelitoral.com.ar\\\/%77%70%2d%63%6f%6e%74%65%6e%74\\\/uploads\\\/2021\\\/01\\\/circulo.png\",\"contentUrl\":\"https:\\\/\\\/informelitoral.com.ar\\\/%77%70%2d%63%6f%6e%74%65%6e%74\\\/uploads\\\/2021\\\/01\\\/circulo.png\",\"width\":723,\"height\":731,\"caption\":\"Informe Litoral\"},\"image\":{\"@id\":\"https:\\\/\\\/informelitoral.com.ar\\\/#\\\/schema\\\/logo\\\/image\\\/\"},\"sameAs\":[\"https:\\\/\\\/www.facebook.com\\\/informelitoral\\\/\",\"https:\\\/\\\/x.com\\\/InformeLitoral\",\"https:\\\/\\\/www.instagram.com\\\/informelitoral\\\/\",\"https:\\\/\\\/www.youtube.com\\\/channel\\\/UCua4Qvz8Icb6MYqhoq9xLXw\"]},{\"@type\":\"Person\",\"@id\":\"https:\\\/\\\/informelitoral.com.ar\\\/#\\\/schema\\\/person\\\/b9d00407c836482871ef1d57bf8e3180\",\"name\":\"Gonzalo Schmidt\",\"image\":{\"@type\":\"ImageObject\",\"inLanguage\":\"es\",\"@id\":\"https:\\\/\\\/secure.gravatar.com\\\/avatar\\\/31a1a7b66ff2de83bd0e9fd79d026630d2d99e55e8bfe501287647b4fd9743de?s=96&d=mm&r=g\",\"url\":\"https:\\\/\\\/secure.gravatar.com\\\/avatar\\\/31a1a7b66ff2de83bd0e9fd79d026630d2d99e55e8bfe501287647b4fd9743de?s=96&d=mm&r=g\",\"contentUrl\":\"https:\\\/\\\/secure.gravatar.com\\\/avatar\\\/31a1a7b66ff2de83bd0e9fd79d026630d2d99e55e8bfe501287647b4fd9743de?s=96&d=mm&r=g\",\"caption\":\"Gonzalo Schmidt\"},\"description\":\"Sitio web de noticias de la provincia de Entre R\u00edos, Argentina. Informaci\u00f3n y entretenimiento. Informe Litoral, nos informamos.\",\"sameAs\":[\"http:\\\/\\\/www.isletasnoticias.com.ar\"],\"url\":\"https:\\\/\\\/informelitoral.com.ar\\\/author\\\/gonzalo\\\/\"}]}<\/script>","yoast_head_json":{"title":"12 de junio: D\u00eda Mundial contra el trabajo infantil - Informe Litoral","robots":{"index":"index","follow":"follow","max-snippet":"max-snippet:-1","max-image-preview":"max-image-preview:large","max-video-preview":"max-video-preview:-1"},"canonical":"https:\/\/informelitoral.com.ar\/12-de-junio-dia-mundial-contra-el-trabajo-infantil\/","og_locale":"es_ES","og_type":"article","og_title":"12 de junio: D\u00eda Mundial contra el trabajo infantil - Informe Litoral","og_description":"&nbsp;Se conmemora el 12 de junio y promueve el conocimiento y la lucha contra el trabajo infantil. La Conferencia de &Aacute;msterdam de 1997 sobre la lucha contra las formas m&aacute;s intolerables del trabajo infantil y la Conferencia Internacional de Oslo sobre el Trabajo Infantil de 1997, se&ntilde;alaron la atenci&oacute;n a la urgente necesidad de una [&hellip;]","og_url":"https:\/\/informelitoral.com.ar\/12-de-junio-dia-mundial-contra-el-trabajo-infantil\/","og_site_name":"Informe Litoral","article_publisher":"https:\/\/www.facebook.com\/informelitoral\/","article_published_time":"2013-06-12T12:22:22+00:00","article_modified_time":"2013-06-12T12:24:38+00:00","og_image":[{"width":250,"height":364,"url":"https:\/\/informelitoral.com.ar\/%77%70%2d%63%6f%6e%74%65%6e%74\/uploads\/2013\/06\/trabajo.jpg","type":"image\/jpeg"}],"author":"Gonzalo Schmidt","twitter_card":"summary_large_image","twitter_creator":"@InformeLitoral","twitter_site":"@InformeLitoral","twitter_misc":{"Escrito por":"Gonzalo Schmidt","Tiempo de lectura":"2 minutos"},"schema":{"@context":"https:\/\/schema.org","@graph":[{"@type":"Article","@id":"https:\/\/informelitoral.com.ar\/12-de-junio-dia-mundial-contra-el-trabajo-infantil\/#article","isPartOf":{"@id":"https:\/\/informelitoral.com.ar\/12-de-junio-dia-mundial-contra-el-trabajo-infantil\/"},"author":{"name":"Gonzalo Schmidt","@id":"https:\/\/informelitoral.com.ar\/#\/schema\/person\/b9d00407c836482871ef1d57bf8e3180"},"headline":"12 de junio: D\u00eda Mundial contra el trabajo infantil","datePublished":"2013-06-12T12:22:22+00:00","dateModified":"2013-06-12T12:24:38+00:00","mainEntityOfPage":{"@id":"https:\/\/informelitoral.com.ar\/12-de-junio-dia-mundial-contra-el-trabajo-infantil\/"},"wordCount":363,"commentCount":0,"publisher":{"@id":"https:\/\/informelitoral.com.ar\/#organization"},"image":{"@id":"https:\/\/informelitoral.com.ar\/12-de-junio-dia-mundial-contra-el-trabajo-infantil\/#primaryimage"},"thumbnailUrl":"http:\/\/www.isletasnoticias.com.ar\/%77%70%2d%63%6f%6e%74%65%6e%74\/uploads\/2013\/06\/trabajo-206x300.jpg","articleSection":["Internacionales"],"inLanguage":"es","potentialAction":[{"@type":"CommentAction","name":"Comment","target":["https:\/\/informelitoral.com.ar\/12-de-junio-dia-mundial-contra-el-trabajo-infantil\/#respond"]}]},{"@type":"WebPage","@id":"https:\/\/informelitoral.com.ar\/12-de-junio-dia-mundial-contra-el-trabajo-infantil\/","url":"https:\/\/informelitoral.com.ar\/12-de-junio-dia-mundial-contra-el-trabajo-infantil\/","name":"12 de junio: D\u00eda Mundial contra el trabajo infantil - Informe Litoral","isPartOf":{"@id":"https:\/\/informelitoral.com.ar\/#website"},"primaryImageOfPage":{"@id":"https:\/\/informelitoral.com.ar\/12-de-junio-dia-mundial-contra-el-trabajo-infantil\/#primaryimage"},"image":{"@id":"https:\/\/informelitoral.com.ar\/12-de-junio-dia-mundial-contra-el-trabajo-infantil\/#primaryimage"},"thumbnailUrl":"http:\/\/www.isletasnoticias.com.ar\/%77%70%2d%63%6f%6e%74%65%6e%74\/uploads\/2013\/06\/trabajo-206x300.jpg","datePublished":"2013-06-12T12:22:22+00:00","dateModified":"2013-06-12T12:24:38+00:00","breadcrumb":{"@id":"https:\/\/informelitoral.com.ar\/12-de-junio-dia-mundial-contra-el-trabajo-infantil\/#breadcrumb"},"inLanguage":"es","potentialAction":[{"@type":"ReadAction","target":["https:\/\/informelitoral.com.ar\/12-de-junio-dia-mundial-contra-el-trabajo-infantil\/"]}]},{"@type":"ImageObject","inLanguage":"es","@id":"https:\/\/informelitoral.com.ar\/12-de-junio-dia-mundial-contra-el-trabajo-infantil\/#primaryimage","url":"http:\/\/www.isletasnoticias.com.ar\/%77%70%2d%63%6f%6e%74%65%6e%74\/uploads\/2013\/06\/trabajo-206x300.jpg","contentUrl":"http:\/\/www.isletasnoticias.com.ar\/%77%70%2d%63%6f%6e%74%65%6e%74\/uploads\/2013\/06\/trabajo-206x300.jpg"},{"@type":"BreadcrumbList","@id":"https:\/\/informelitoral.com.ar\/12-de-junio-dia-mundial-contra-el-trabajo-infantil\/#breadcrumb","itemListElement":[{"@type":"ListItem","position":1,"name":"Portada","item":"https:\/\/informelitoral.com.ar\/"},{"@type":"ListItem","position":2,"name":"12 de junio: D\u00eda Mundial contra el trabajo infantil"}]},{"@type":"WebSite","@id":"https:\/\/informelitoral.com.ar\/#website","url":"https:\/\/informelitoral.com.ar\/","name":"Informe Litoral","description":"&quot;Nos informamos&quot; ","publisher":{"@id":"https:\/\/informelitoral.com.ar\/#organization"},"potentialAction":[{"@type":"SearchAction","target":{"@type":"EntryPoint","urlTemplate":"https:\/\/informelitoral.com.ar\/?s={search_term_string}"},"query-input":{"@type":"PropertyValueSpecification","valueRequired":true,"valueName":"search_term_string"}}],"inLanguage":"es"},{"@type":"Organization","@id":"https:\/\/informelitoral.com.ar\/#organization","name":"Informe Litoral","url":"https:\/\/informelitoral.com.ar\/","logo":{"@type":"ImageObject","inLanguage":"es","@id":"https:\/\/informelitoral.com.ar\/#\/schema\/logo\/image\/","url":"https:\/\/informelitoral.com.ar\/%77%70%2d%63%6f%6e%74%65%6e%74\/uploads\/2021\/01\/circulo.png","contentUrl":"https:\/\/informelitoral.com.ar\/%77%70%2d%63%6f%6e%74%65%6e%74\/uploads\/2021\/01\/circulo.png","width":723,"height":731,"caption":"Informe Litoral"},"image":{"@id":"https:\/\/informelitoral.com.ar\/#\/schema\/logo\/image\/"},"sameAs":["https:\/\/www.facebook.com\/informelitoral\/","https:\/\/x.com\/InformeLitoral","https:\/\/www.instagram.com\/informelitoral\/","https:\/\/www.youtube.com\/channel\/UCua4Qvz8Icb6MYqhoq9xLXw"]},{"@type":"Person","@id":"https:\/\/informelitoral.com.ar\/#\/schema\/person\/b9d00407c836482871ef1d57bf8e3180","name":"Gonzalo Schmidt","image":{"@type":"ImageObject","inLanguage":"es","@id":"https:\/\/secure.gravatar.com\/avatar\/31a1a7b66ff2de83bd0e9fd79d026630d2d99e55e8bfe501287647b4fd9743de?s=96&d=mm&r=g","url":"https:\/\/secure.gravatar.com\/avatar\/31a1a7b66ff2de83bd0e9fd79d026630d2d99e55e8bfe501287647b4fd9743de?s=96&d=mm&r=g","contentUrl":"https:\/\/secure.gravatar.com\/avatar\/31a1a7b66ff2de83bd0e9fd79d026630d2d99e55e8bfe501287647b4fd9743de?s=96&d=mm&r=g","caption":"Gonzalo Schmidt"},"description":"Sitio web de noticias de la provincia de Entre R\u00edos, Argentina. Informaci\u00f3n y entretenimiento. Informe Litoral, nos informamos.","sameAs":["http:\/\/www.isletasnoticias.com.ar"],"url":"https:\/\/informelitoral.com.ar\/author\/gonzalo\/"}]}},"_links":{"self":[{"href":"https:\/\/informelitoral.com.ar\/%77%70%2d%6a%73%6f%6e\/wp\/v2\/posts\/2135","targetHints":{"allow":["GET"]}}],"collection":[{"href":"https:\/\/informelitoral.com.ar\/%77%70%2d%6a%73%6f%6e\/wp\/v2\/posts"}],"about":[{"href":"https:\/\/informelitoral.com.ar\/%77%70%2d%6a%73%6f%6e\/wp\/v2\/types\/post"}],"author":[{"embeddable":true,"href":"https:\/\/informelitoral.com.ar\/%77%70%2d%6a%73%6f%6e\/wp\/v2\/users\/2"}],"replies":[{"embeddable":true,"href":"https:\/\/informelitoral.com.ar\/%77%70%2d%6a%73%6f%6e\/wp\/v2\/comments?post=2135"}],"version-history":[{"count":0,"href":"https:\/\/informelitoral.com.ar\/%77%70%2d%6a%73%6f%6e\/wp\/v2\/posts\/2135\/revisions"}],"wp:attachment":[{"href":"https:\/\/informelitoral.com.ar\/%77%70%2d%6a%73%6f%6e\/wp\/v2\/media?parent=2135"}],"wp:term":[{"taxonomy":"category","embeddable":true,"href":"https:\/\/informelitoral.com.ar\/%77%70%2d%6a%73%6f%6e\/wp\/v2\/categories?post=2135"},{"taxonomy":"post_tag","embeddable":true,"href":"https:\/\/informelitoral.com.ar\/%77%70%2d%6a%73%6f%6e\/wp\/v2\/tags?post=2135"}],"curies":[{"name":"wp","href":"https:\/\/api.w.org\/{rel}","templated":true}]}}