{"id":213469,"date":"2025-01-28T15:17:42","date_gmt":"2025-01-28T18:17:42","guid":{"rendered":"https:\/\/informelitoral.com.ar\/?p=213469"},"modified":"2025-02-28T22:20:03","modified_gmt":"2025-03-01T01:20:03","slug":"hein-y-maier-abordaron-los-proyectos-de-areas-metropolitanas-y-denuncia-digital","status":"publish","type":"post","link":"https:\/\/informelitoral.com.ar\/hein-y-maier-abordaron-los-proyectos-de-areas-metropolitanas-y-denuncia-digital\/","title":{"rendered":"Hein y Maier abordaron los proyectos de \u00c1reas Metropolitanas y Denuncia Digital"},"content":{"rendered":"<p>El presidente de la C\u00e1mara baja provincial, Gustavo Hein, recibi\u00f3 al diputado Jorge Maier (Juntos por Entre R\u00edos), con quien abord\u00f3 los temas de la agenda parlamentaria. El legislador inform\u00f3 que evaluaron dos proyectos de su autor\u00eda, uno que propone la conformaci\u00f3n de \u00c1reas Metropolitanas y otro que instrumenta la posibilidad de realizar denuncias policiales y judiciales en la modalidad virtual.<\/p>\n<p>\u201cComo es habitual, el presidente de la C\u00e1mara trabaja con apertura y di\u00e1logo con los diferentes bloques y con cada uno de los legisladores\u201d, dijo Maier. En ese marco, agreg\u00f3: \u201cRepasamos la actividad legislativa de 2024, a\u00f1o en que pudimos brindarle al gobernador Rogelio Frigerio todos los instrumentos jur\u00eddicos necesarios para poder llevar adelante una gesti\u00f3n moderna, eficaz y cercana a los entrerrianos\u201d.<\/p>\n<p>En cuanto al a\u00f1o legislativo que est\u00e1 por comenzar, el diputado se\u00f1al\u00f3 que plante\u00f3 a Hein la necesidad de trabajar sobre sus proyectos de ley sobre las \u00c1reas Metropolitanas, explic\u00f3 que \u201ces una herramienta legislativa para que dos o m\u00e1s ciudades puedan, con la participaci\u00f3n de la Provincia, acordar y realizar acciones acerca de necesidades comunes, como puede ser el transporte, el agua potable y otros servicios p\u00fablicos\u201d.<\/p>\n<p>Se trata de una propuesta que tuvo tratamiento durante el a\u00f1o pasado y por la cual mantuvo conversaciones con intendentes. \u201cCreo que este a\u00f1o va a tener tratamiento preferencial, porque es un instrumento muy necesario\u201d, estim\u00f3.<\/p>\n<p>Por otro lado, Maier le coment\u00f3 a Hein \u201cuna necesidad que es de mucha angustia para los vecinos, como es la seguridad\u201d. En ese marco, se refiri\u00f3 a su iniciativa para que \u201clos ciudadanos de la provincia puedan hacer las denuncias sin trasladarse a la Justicia o a un destacamento policial, sino que lo puedan hacer a trav\u00e9s de medios digitales, con los par\u00e1metros necesarios para que\u00a0tenga\u00a0validez\u201d.<\/p>\n","protected":false},"excerpt":{"rendered":"<p>El presidente de la C\u00e1mara de Diputados y el legislador mantuvieron una reuni\u00f3n de trabajo, durante la cual analizaron distintos instrumentos legislativos que se prev\u00e9 tratar durante este.<\/p>\n","protected":false},"author":2,"featured_media":213470,"comment_status":"open","ping_status":"open","sticky":false,"template":"","format":"standard","meta":{"fifu_image_url":"","fifu_image_alt":"","footnotes":""},"categories":[16],"tags":[3627,196,1589,287],"class_list":{"0":"post-213469","1":"post","2":"type-post","3":"status-publish","4":"format-standard","5":"has-post-thumbnail","7":"category-politi","8":"tag-camara-de-diputados","9":"tag-diputados","10":"tag-gustavo-hein","11":"tag-legislativas"},"yoast_head":"<title>Hein y Maier abordaron los proyectos de \u00c1reas Metropolitanas y Denuncia Digital - Informe Litoral<\/title>\n<meta name=\"robots\" content=\"index, follow, max-snippet:-1, max-image-preview:large, max-video-preview:-1\" \/>\n<link rel=\"canonical\" href=\"https:\/\/informelitoral.com.ar\/hein-y-maier-abordaron-los-proyectos-de-areas-metropolitanas-y-denuncia-digital\/\" \/>\n<meta property=\"og:locale\" content=\"es_ES\" \/>\n<meta property=\"og:type\" content=\"article\" \/>\n<meta property=\"og:title\" content=\"Hein y Maier abordaron los proyectos de \u00c1reas Metropolitanas y Denuncia Digital - Informe Litoral\" \/>\n<meta property=\"og:description\" content=\"El presidente de la C\u00e1mara de Diputados y el legislador mantuvieron una reuni\u00f3n de trabajo, durante la cual analizaron distintos instrumentos legislativos que se prev\u00e9 tratar durante este.\" \/>\n<meta property=\"og:url\" content=\"https:\/\/informelitoral.com.ar\/hein-y-maier-abordaron-los-proyectos-de-areas-metropolitanas-y-denuncia-digital\/\" \/>\n<meta property=\"og:site_name\" content=\"Informe Litoral\" \/>\n<meta property=\"article:publisher\" content=\"https:\/\/www.facebook.com\/informelitoral\/\" \/>\n<meta property=\"article:published_time\" content=\"2025-01-28T18:17:42+00:00\" \/>\n<meta property=\"article:modified_time\" content=\"2025-03-01T01:20:03+00:00\" \/>\n<meta property=\"og:image\" content=\"https:\/\/informelitoral.com.ar\/%77%70%2d%63%6f%6e%74%65%6e%74\/uploads\/2025\/02\/hein-maier.jpg\" \/>\n\t<meta property=\"og:image:width\" content=\"1023\" \/>\n\t<meta property=\"og:image:height\" content=\"682\" \/>\n\t<meta property=\"og:image:type\" content=\"image\/jpeg\" \/>\n<meta name=\"author\" content=\"Gonzalo Schmidt\" \/>\n<meta name=\"twitter:card\" content=\"summary_large_image\" \/>\n<meta name=\"twitter:creator\" content=\"@InformeLitoral\" \/>\n<meta name=\"twitter:site\" content=\"@InformeLitoral\" \/>\n<meta name=\"twitter:label1\" content=\"Escrito por\" \/>\n\t<meta name=\"twitter:data1\" content=\"Gonzalo Schmidt\" \/>\n\t<meta name=\"twitter:label2\" content=\"Tiempo de lectura\" \/>\n\t<meta name=\"twitter:data2\" content=\"2 minutos\" \/>\n<script type=\"application\/ld+json\" class=\"yoast-schema-graph\">{\"@context\":\"https:\\\/\\\/schema.org\",\"@graph\":[{\"@type\":\"Article\",\"@id\":\"https:\\\/\\\/informelitoral.com.ar\\\/hein-y-maier-abordaron-los-proyectos-de-areas-metropolitanas-y-denuncia-digital\\\/#article\",\"isPartOf\":{\"@id\":\"https:\\\/\\\/informelitoral.com.ar\\\/hein-y-maier-abordaron-los-proyectos-de-areas-metropolitanas-y-denuncia-digital\\\/\"},\"author\":{\"name\":\"Gonzalo Schmidt\",\"@id\":\"https:\\\/\\\/informelitoral.com.ar\\\/#\\\/schema\\\/person\\\/b9d00407c836482871ef1d57bf8e3180\"},\"headline\":\"Hein y Maier abordaron los proyectos de \u00c1reas Metropolitanas y Denuncia Digital\",\"datePublished\":\"2025-01-28T18:17:42+00:00\",\"dateModified\":\"2025-03-01T01:20:03+00:00\",\"mainEntityOfPage\":{\"@id\":\"https:\\\/\\\/informelitoral.com.ar\\\/hein-y-maier-abordaron-los-proyectos-de-areas-metropolitanas-y-denuncia-digital\\\/\"},\"wordCount\":326,\"commentCount\":0,\"publisher\":{\"@id\":\"https:\\\/\\\/informelitoral.com.ar\\\/#organization\"},\"image\":{\"@id\":\"https:\\\/\\\/informelitoral.com.ar\\\/hein-y-maier-abordaron-los-proyectos-de-areas-metropolitanas-y-denuncia-digital\\\/#primaryimage\"},\"thumbnailUrl\":\"https:\\\/\\\/informelitoral.com.ar\\\/%77%70%2d%63%6f%6e%74%65%6e%74\\\/uploads\\\/2025\\\/02\\\/hein-maier.jpg\",\"keywords\":[\"C\u00e1mara de Diputados\",\"Diputados\",\"Gustavo Hein\",\"Legislativas\"],\"articleSection\":[\"Politica\"],\"inLanguage\":\"es\",\"potentialAction\":[{\"@type\":\"CommentAction\",\"name\":\"Comment\",\"target\":[\"https:\\\/\\\/informelitoral.com.ar\\\/hein-y-maier-abordaron-los-proyectos-de-areas-metropolitanas-y-denuncia-digital\\\/#respond\"]}]},{\"@type\":\"WebPage\",\"@id\":\"https:\\\/\\\/informelitoral.com.ar\\\/hein-y-maier-abordaron-los-proyectos-de-areas-metropolitanas-y-denuncia-digital\\\/\",\"url\":\"https:\\\/\\\/informelitoral.com.ar\\\/hein-y-maier-abordaron-los-proyectos-de-areas-metropolitanas-y-denuncia-digital\\\/\",\"name\":\"Hein y Maier abordaron los proyectos de \u00c1reas Metropolitanas y Denuncia Digital - Informe Litoral\",\"isPartOf\":{\"@id\":\"https:\\\/\\\/informelitoral.com.ar\\\/#website\"},\"primaryImageOfPage\":{\"@id\":\"https:\\\/\\\/informelitoral.com.ar\\\/hein-y-maier-abordaron-los-proyectos-de-areas-metropolitanas-y-denuncia-digital\\\/#primaryimage\"},\"image\":{\"@id\":\"https:\\\/\\\/informelitoral.com.ar\\\/hein-y-maier-abordaron-los-proyectos-de-areas-metropolitanas-y-denuncia-digital\\\/#primaryimage\"},\"thumbnailUrl\":\"https:\\\/\\\/informelitoral.com.ar\\\/%77%70%2d%63%6f%6e%74%65%6e%74\\\/uploads\\\/2025\\\/02\\\/hein-maier.jpg\",\"datePublished\":\"2025-01-28T18:17:42+00:00\",\"dateModified\":\"2025-03-01T01:20:03+00:00\",\"breadcrumb\":{\"@id\":\"https:\\\/\\\/informelitoral.com.ar\\\/hein-y-maier-abordaron-los-proyectos-de-areas-metropolitanas-y-denuncia-digital\\\/#breadcrumb\"},\"inLanguage\":\"es\",\"potentialAction\":[{\"@type\":\"ReadAction\",\"target\":[\"https:\\\/\\\/informelitoral.com.ar\\\/hein-y-maier-abordaron-los-proyectos-de-areas-metropolitanas-y-denuncia-digital\\\/\"]}]},{\"@type\":\"ImageObject\",\"inLanguage\":\"es\",\"@id\":\"https:\\\/\\\/informelitoral.com.ar\\\/hein-y-maier-abordaron-los-proyectos-de-areas-metropolitanas-y-denuncia-digital\\\/#primaryimage\",\"url\":\"https:\\\/\\\/informelitoral.com.ar\\\/%77%70%2d%63%6f%6e%74%65%6e%74\\\/uploads\\\/2025\\\/02\\\/hein-maier.jpg\",\"contentUrl\":\"https:\\\/\\\/informelitoral.com.ar\\\/%77%70%2d%63%6f%6e%74%65%6e%74\\\/uploads\\\/2025\\\/02\\\/hein-maier.jpg\",\"width\":1023,\"height\":682},{\"@type\":\"BreadcrumbList\",\"@id\":\"https:\\\/\\\/informelitoral.com.ar\\\/hein-y-maier-abordaron-los-proyectos-de-areas-metropolitanas-y-denuncia-digital\\\/#breadcrumb\",\"itemListElement\":[{\"@type\":\"ListItem\",\"position\":1,\"name\":\"Portada\",\"item\":\"https:\\\/\\\/informelitoral.com.ar\\\/\"},{\"@type\":\"ListItem\",\"position\":2,\"name\":\"Hein y Maier abordaron los proyectos de \u00c1reas Metropolitanas y Denuncia Digital\"}]},{\"@type\":\"WebSite\",\"@id\":\"https:\\\/\\\/informelitoral.com.ar\\\/#website\",\"url\":\"https:\\\/\\\/informelitoral.com.ar\\\/\",\"name\":\"Informe Litoral\",\"description\":\"&quot;Nos informamos&quot; \",\"publisher\":{\"@id\":\"https:\\\/\\\/informelitoral.com.ar\\\/#organization\"},\"potentialAction\":[{\"@type\":\"SearchAction\",\"target\":{\"@type\":\"EntryPoint\",\"urlTemplate\":\"https:\\\/\\\/informelitoral.com.ar\\\/?s={search_term_string}\"},\"query-input\":{\"@type\":\"PropertyValueSpecification\",\"valueRequired\":true,\"valueName\":\"search_term_string\"}}],\"inLanguage\":\"es\"},{\"@type\":\"Organization\",\"@id\":\"https:\\\/\\\/informelitoral.com.ar\\\/#organization\",\"name\":\"Informe Litoral\",\"url\":\"https:\\\/\\\/informelitoral.com.ar\\\/\",\"logo\":{\"@type\":\"ImageObject\",\"inLanguage\":\"es\",\"@id\":\"https:\\\/\\\/informelitoral.com.ar\\\/#\\\/schema\\\/logo\\\/image\\\/\",\"url\":\"https:\\\/\\\/informelitoral.com.ar\\\/%77%70%2d%63%6f%6e%74%65%6e%74\\\/uploads\\\/2021\\\/01\\\/circulo.png\",\"contentUrl\":\"https:\\\/\\\/informelitoral.com.ar\\\/%77%70%2d%63%6f%6e%74%65%6e%74\\\/uploads\\\/2021\\\/01\\\/circulo.png\",\"width\":723,\"height\":731,\"caption\":\"Informe Litoral\"},\"image\":{\"@id\":\"https:\\\/\\\/informelitoral.com.ar\\\/#\\\/schema\\\/logo\\\/image\\\/\"},\"sameAs\":[\"https:\\\/\\\/www.facebook.com\\\/informelitoral\\\/\",\"https:\\\/\\\/x.com\\\/InformeLitoral\",\"https:\\\/\\\/www.instagram.com\\\/informelitoral\\\/\",\"https:\\\/\\\/www.youtube.com\\\/channel\\\/UCua4Qvz8Icb6MYqhoq9xLXw\"]},{\"@type\":\"Person\",\"@id\":\"https:\\\/\\\/informelitoral.com.ar\\\/#\\\/schema\\\/person\\\/b9d00407c836482871ef1d57bf8e3180\",\"name\":\"Gonzalo Schmidt\",\"image\":{\"@type\":\"ImageObject\",\"inLanguage\":\"es\",\"@id\":\"https:\\\/\\\/secure.gravatar.com\\\/avatar\\\/31a1a7b66ff2de83bd0e9fd79d026630d2d99e55e8bfe501287647b4fd9743de?s=96&d=mm&r=g\",\"url\":\"https:\\\/\\\/secure.gravatar.com\\\/avatar\\\/31a1a7b66ff2de83bd0e9fd79d026630d2d99e55e8bfe501287647b4fd9743de?s=96&d=mm&r=g\",\"contentUrl\":\"https:\\\/\\\/secure.gravatar.com\\\/avatar\\\/31a1a7b66ff2de83bd0e9fd79d026630d2d99e55e8bfe501287647b4fd9743de?s=96&d=mm&r=g\",\"caption\":\"Gonzalo Schmidt\"},\"description\":\"Sitio web de noticias de la provincia de Entre R\u00edos, Argentina. Informaci\u00f3n y entretenimiento. Informe Litoral, nos informamos.\",\"sameAs\":[\"http:\\\/\\\/www.isletasnoticias.com.ar\"],\"url\":\"https:\\\/\\\/informelitoral.com.ar\\\/author\\\/gonzalo\\\/\"}]}<\/script>","yoast_head_json":{"title":"Hein y Maier abordaron los proyectos de \u00c1reas Metropolitanas y Denuncia Digital - Informe Litoral","robots":{"index":"index","follow":"follow","max-snippet":"max-snippet:-1","max-image-preview":"max-image-preview:large","max-video-preview":"max-video-preview:-1"},"canonical":"https:\/\/informelitoral.com.ar\/hein-y-maier-abordaron-los-proyectos-de-areas-metropolitanas-y-denuncia-digital\/","og_locale":"es_ES","og_type":"article","og_title":"Hein y Maier abordaron los proyectos de \u00c1reas Metropolitanas y Denuncia Digital - Informe Litoral","og_description":"El presidente de la C\u00e1mara de Diputados y el legislador mantuvieron una reuni\u00f3n de trabajo, durante la cual analizaron distintos instrumentos legislativos que se prev\u00e9 tratar durante este.","og_url":"https:\/\/informelitoral.com.ar\/hein-y-maier-abordaron-los-proyectos-de-areas-metropolitanas-y-denuncia-digital\/","og_site_name":"Informe Litoral","article_publisher":"https:\/\/www.facebook.com\/informelitoral\/","article_published_time":"2025-01-28T18:17:42+00:00","article_modified_time":"2025-03-01T01:20:03+00:00","og_image":[{"width":1023,"height":682,"url":"https:\/\/informelitoral.com.ar\/%77%70%2d%63%6f%6e%74%65%6e%74\/uploads\/2025\/02\/hein-maier.jpg","type":"image\/jpeg"}],"author":"Gonzalo Schmidt","twitter_card":"summary_large_image","twitter_creator":"@InformeLitoral","twitter_site":"@InformeLitoral","twitter_misc":{"Escrito por":"Gonzalo Schmidt","Tiempo de lectura":"2 minutos"},"schema":{"@context":"https:\/\/schema.org","@graph":[{"@type":"Article","@id":"https:\/\/informelitoral.com.ar\/hein-y-maier-abordaron-los-proyectos-de-areas-metropolitanas-y-denuncia-digital\/#article","isPartOf":{"@id":"https:\/\/informelitoral.com.ar\/hein-y-maier-abordaron-los-proyectos-de-areas-metropolitanas-y-denuncia-digital\/"},"author":{"name":"Gonzalo Schmidt","@id":"https:\/\/informelitoral.com.ar\/#\/schema\/person\/b9d00407c836482871ef1d57bf8e3180"},"headline":"Hein y Maier abordaron los proyectos de \u00c1reas Metropolitanas y Denuncia Digital","datePublished":"2025-01-28T18:17:42+00:00","dateModified":"2025-03-01T01:20:03+00:00","mainEntityOfPage":{"@id":"https:\/\/informelitoral.com.ar\/hein-y-maier-abordaron-los-proyectos-de-areas-metropolitanas-y-denuncia-digital\/"},"wordCount":326,"commentCount":0,"publisher":{"@id":"https:\/\/informelitoral.com.ar\/#organization"},"image":{"@id":"https:\/\/informelitoral.com.ar\/hein-y-maier-abordaron-los-proyectos-de-areas-metropolitanas-y-denuncia-digital\/#primaryimage"},"thumbnailUrl":"https:\/\/informelitoral.com.ar\/%77%70%2d%63%6f%6e%74%65%6e%74\/uploads\/2025\/02\/hein-maier.jpg","keywords":["C\u00e1mara de Diputados","Diputados","Gustavo Hein","Legislativas"],"articleSection":["Politica"],"inLanguage":"es","potentialAction":[{"@type":"CommentAction","name":"Comment","target":["https:\/\/informelitoral.com.ar\/hein-y-maier-abordaron-los-proyectos-de-areas-metropolitanas-y-denuncia-digital\/#respond"]}]},{"@type":"WebPage","@id":"https:\/\/informelitoral.com.ar\/hein-y-maier-abordaron-los-proyectos-de-areas-metropolitanas-y-denuncia-digital\/","url":"https:\/\/informelitoral.com.ar\/hein-y-maier-abordaron-los-proyectos-de-areas-metropolitanas-y-denuncia-digital\/","name":"Hein y Maier abordaron los proyectos de \u00c1reas Metropolitanas y Denuncia Digital - Informe Litoral","isPartOf":{"@id":"https:\/\/informelitoral.com.ar\/#website"},"primaryImageOfPage":{"@id":"https:\/\/informelitoral.com.ar\/hein-y-maier-abordaron-los-proyectos-de-areas-metropolitanas-y-denuncia-digital\/#primaryimage"},"image":{"@id":"https:\/\/informelitoral.com.ar\/hein-y-maier-abordaron-los-proyectos-de-areas-metropolitanas-y-denuncia-digital\/#primaryimage"},"thumbnailUrl":"https:\/\/informelitoral.com.ar\/%77%70%2d%63%6f%6e%74%65%6e%74\/uploads\/2025\/02\/hein-maier.jpg","datePublished":"2025-01-28T18:17:42+00:00","dateModified":"2025-03-01T01:20:03+00:00","breadcrumb":{"@id":"https:\/\/informelitoral.com.ar\/hein-y-maier-abordaron-los-proyectos-de-areas-metropolitanas-y-denuncia-digital\/#breadcrumb"},"inLanguage":"es","potentialAction":[{"@type":"ReadAction","target":["https:\/\/informelitoral.com.ar\/hein-y-maier-abordaron-los-proyectos-de-areas-metropolitanas-y-denuncia-digital\/"]}]},{"@type":"ImageObject","inLanguage":"es","@id":"https:\/\/informelitoral.com.ar\/hein-y-maier-abordaron-los-proyectos-de-areas-metropolitanas-y-denuncia-digital\/#primaryimage","url":"https:\/\/informelitoral.com.ar\/%77%70%2d%63%6f%6e%74%65%6e%74\/uploads\/2025\/02\/hein-maier.jpg","contentUrl":"https:\/\/informelitoral.com.ar\/%77%70%2d%63%6f%6e%74%65%6e%74\/uploads\/2025\/02\/hein-maier.jpg","width":1023,"height":682},{"@type":"BreadcrumbList","@id":"https:\/\/informelitoral.com.ar\/hein-y-maier-abordaron-los-proyectos-de-areas-metropolitanas-y-denuncia-digital\/#breadcrumb","itemListElement":[{"@type":"ListItem","position":1,"name":"Portada","item":"https:\/\/informelitoral.com.ar\/"},{"@type":"ListItem","position":2,"name":"Hein y Maier abordaron los proyectos de \u00c1reas Metropolitanas y Denuncia Digital"}]},{"@type":"WebSite","@id":"https:\/\/informelitoral.com.ar\/#website","url":"https:\/\/informelitoral.com.ar\/","name":"Informe Litoral","description":"&quot;Nos informamos&quot; ","publisher":{"@id":"https:\/\/informelitoral.com.ar\/#organization"},"potentialAction":[{"@type":"SearchAction","target":{"@type":"EntryPoint","urlTemplate":"https:\/\/informelitoral.com.ar\/?s={search_term_string}"},"query-input":{"@type":"PropertyValueSpecification","valueRequired":true,"valueName":"search_term_string"}}],"inLanguage":"es"},{"@type":"Organization","@id":"https:\/\/informelitoral.com.ar\/#organization","name":"Informe Litoral","url":"https:\/\/informelitoral.com.ar\/","logo":{"@type":"ImageObject","inLanguage":"es","@id":"https:\/\/informelitoral.com.ar\/#\/schema\/logo\/image\/","url":"https:\/\/informelitoral.com.ar\/%77%70%2d%63%6f%6e%74%65%6e%74\/uploads\/2021\/01\/circulo.png","contentUrl":"https:\/\/informelitoral.com.ar\/%77%70%2d%63%6f%6e%74%65%6e%74\/uploads\/2021\/01\/circulo.png","width":723,"height":731,"caption":"Informe Litoral"},"image":{"@id":"https:\/\/informelitoral.com.ar\/#\/schema\/logo\/image\/"},"sameAs":["https:\/\/www.facebook.com\/informelitoral\/","https:\/\/x.com\/InformeLitoral","https:\/\/www.instagram.com\/informelitoral\/","https:\/\/www.youtube.com\/channel\/UCua4Qvz8Icb6MYqhoq9xLXw"]},{"@type":"Person","@id":"https:\/\/informelitoral.com.ar\/#\/schema\/person\/b9d00407c836482871ef1d57bf8e3180","name":"Gonzalo Schmidt","image":{"@type":"ImageObject","inLanguage":"es","@id":"https:\/\/secure.gravatar.com\/avatar\/31a1a7b66ff2de83bd0e9fd79d026630d2d99e55e8bfe501287647b4fd9743de?s=96&d=mm&r=g","url":"https:\/\/secure.gravatar.com\/avatar\/31a1a7b66ff2de83bd0e9fd79d026630d2d99e55e8bfe501287647b4fd9743de?s=96&d=mm&r=g","contentUrl":"https:\/\/secure.gravatar.com\/avatar\/31a1a7b66ff2de83bd0e9fd79d026630d2d99e55e8bfe501287647b4fd9743de?s=96&d=mm&r=g","caption":"Gonzalo Schmidt"},"description":"Sitio web de noticias de la provincia de Entre R\u00edos, Argentina. Informaci\u00f3n y entretenimiento. Informe Litoral, nos informamos.","sameAs":["http:\/\/www.isletasnoticias.com.ar"],"url":"https:\/\/informelitoral.com.ar\/author\/gonzalo\/"}]}},"_links":{"self":[{"href":"https:\/\/informelitoral.com.ar\/%77%70%2d%6a%73%6f%6e\/wp\/v2\/posts\/213469","targetHints":{"allow":["GET"]}}],"collection":[{"href":"https:\/\/informelitoral.com.ar\/%77%70%2d%6a%73%6f%6e\/wp\/v2\/posts"}],"about":[{"href":"https:\/\/informelitoral.com.ar\/%77%70%2d%6a%73%6f%6e\/wp\/v2\/types\/post"}],"author":[{"embeddable":true,"href":"https:\/\/informelitoral.com.ar\/%77%70%2d%6a%73%6f%6e\/wp\/v2\/users\/2"}],"replies":[{"embeddable":true,"href":"https:\/\/informelitoral.com.ar\/%77%70%2d%6a%73%6f%6e\/wp\/v2\/comments?post=213469"}],"version-history":[{"count":0,"href":"https:\/\/informelitoral.com.ar\/%77%70%2d%6a%73%6f%6e\/wp\/v2\/posts\/213469\/revisions"}],"wp:featuredmedia":[{"embeddable":true,"href":"https:\/\/informelitoral.com.ar\/%77%70%2d%6a%73%6f%6e\/wp\/v2\/media\/213470"}],"wp:attachment":[{"href":"https:\/\/informelitoral.com.ar\/%77%70%2d%6a%73%6f%6e\/wp\/v2\/media?parent=213469"}],"wp:term":[{"taxonomy":"category","embeddable":true,"href":"https:\/\/informelitoral.com.ar\/%77%70%2d%6a%73%6f%6e\/wp\/v2\/categories?post=213469"},{"taxonomy":"post_tag","embeddable":true,"href":"https:\/\/informelitoral.com.ar\/%77%70%2d%6a%73%6f%6e\/wp\/v2\/tags?post=213469"}],"curies":[{"name":"wp","href":"https:\/\/api.w.org\/{rel}","templated":true}]}}