{"id":213466,"date":"2025-01-28T22:14:43","date_gmt":"2025-01-29T01:14:43","guid":{"rendered":"https:\/\/informelitoral.com.ar\/?p=213466"},"modified":"2025-02-28T22:16:51","modified_gmt":"2025-03-01T01:16:51","slug":"salinas-impulsa-proyectos-que-apuntan-a-la-inclusion-de-personas-con-discapacidad","status":"publish","type":"post","link":"https:\/\/informelitoral.com.ar\/salinas-impulsa-proyectos-que-apuntan-a-la-inclusion-de-personas-con-discapacidad\/","title":{"rendered":"Salinas impulsa proyectos que apuntan a la inclusi\u00f3n de personas con discapacidad"},"content":{"rendered":"<p><strong>La diputada entrerriana Liliana Salinas (Partido Conservador Popular) coment\u00f3 a <\/strong><em>Radio Diputados<\/em><strong> cu\u00e1les ser\u00e1n los ejes de su trabajo durante 2025. Especialmente, espera que se d\u00e9 tratamiento a sus iniciativas en beneficio de las personas con discapacidad.<\/strong><\/p>\n<p>\u201cTengo el deseo de que se puedan trabajar en comisi\u00f3n los proyectos que hemos presentado el a\u00f1o pasado. Tengo proyectos de inclusi\u00f3n, de salud, de discapacidad\u201d, dijo sobre las expectativas. \u201cEl a\u00f1o pasado fue at\u00edpico y dif\u00edcil. Hab\u00eda que darle prioridad a las iniciativas del Ejecutivo, que eran necesarias\u201d, agreg\u00f3.<\/p>\n<p>A su vez, sostuvo: \u201cVamos a seguir acompa\u00f1ando y haciendo mucho territorio. Sin duda que para eso estamos y queremos seguir siendo el nexo entre el gobierno y el pueblo\u201d.<\/p>\n<p>Acerca de sus propuestas, dijo que \u201capuntan mucho a la educaci\u00f3n, que es una de las falencias m\u00e1s grandes que existen en el tema de la inclusi\u00f3n\u201d. Ejemplific\u00f3 que \u201clas escuelas no est\u00e1n preparadas, no hay ba\u00f1os adecuados y tienen escaleras, por ejemplo\u201d.<\/p>\n<p>\u201cLos chicos con autismo, muchas veces cuando tienen crisis por el mismo barullo y la vor\u00e1gine de la escuela, se ponen mal y hay que retirarlos. Entonces, ser\u00eda excelente que tuvieran contenci\u00f3n en la instituci\u00f3n, porque la crisis de los chicos con autismo es un ratito. Solamente necesitan un poquito de silencio y vuelven a integrarse. Muchas veces no tiene sentido que pierdan una ma\u00f1ana de clases\u201d, continu\u00f3.<\/p>\n<p>En ese marco, record\u00f3 que present\u00f3 un proyecto de ley que tiene el objeto establecer la capacitaci\u00f3n docente obligatoria en discapacidad para todos los niveles educativos en la provincia, con el fin de garantizar una educaci\u00f3n inclusiva y equitativa.<\/p>\n<h2><strong>Escuch\u00e1 la entrevista completa:<\/strong><\/h2>\n<p><iframe title=\"Spotify Embed: Salinas impulsa proyectos que apuntan a la inclusi\u00f3n de personas con discapacidad\" style=\"border-radius: 12px\" width=\"100%\" height=\"152\" frameborder=\"0\" allowfullscreen allow=\"autoplay; clipboard-write; encrypted-media; fullscreen; picture-in-picture\" loading=\"lazy\" src=\"https:\/\/open.spotify.com\/embed\/episode\/3ZvmTiYX3YEZPCHPl9knii?go=1&#038;sp_cid=26e4316e8c1a1e6e515eac0b827a7d94&#038;utm_source=oembed&#038;utm_medium=desktop\"><\/iframe><\/p>\n","protected":false},"excerpt":{"rendered":"<p>La legisladora coment\u00f3 c\u00f3mo piensa encarar su tarea legislativa durante el 2025. Educaci\u00f3n y salud, entre sus prioridades.<\/p>\n","protected":false},"author":2,"featured_media":72172,"comment_status":"open","ping_status":"open","sticky":false,"template":"","format":"standard","meta":{"fifu_image_url":"","fifu_image_alt":"","footnotes":""},"categories":[16],"tags":[3627,196,287],"class_list":{"0":"post-213466","1":"post","2":"type-post","3":"status-publish","4":"format-standard","5":"has-post-thumbnail","7":"category-politi","8":"tag-camara-de-diputados","9":"tag-diputados","10":"tag-legislativas"},"yoast_head":"<title>Salinas impulsa proyectos que apuntan a la inclusi\u00f3n de personas con discapacidad - Informe Litoral<\/title>\n<meta name=\"robots\" content=\"index, follow, max-snippet:-1, max-image-preview:large, max-video-preview:-1\" \/>\n<link rel=\"canonical\" href=\"https:\/\/informelitoral.com.ar\/salinas-impulsa-proyectos-que-apuntan-a-la-inclusion-de-personas-con-discapacidad\/\" \/>\n<meta property=\"og:locale\" content=\"es_ES\" \/>\n<meta property=\"og:type\" content=\"article\" \/>\n<meta property=\"og:title\" content=\"Salinas impulsa proyectos que apuntan a la inclusi\u00f3n de personas con discapacidad - Informe Litoral\" \/>\n<meta property=\"og:description\" content=\"La legisladora coment\u00f3 c\u00f3mo piensa encarar su tarea legislativa durante el 2025. Educaci\u00f3n y salud, entre sus prioridades.\" \/>\n<meta property=\"og:url\" content=\"https:\/\/informelitoral.com.ar\/salinas-impulsa-proyectos-que-apuntan-a-la-inclusion-de-personas-con-discapacidad\/\" \/>\n<meta property=\"og:site_name\" content=\"Informe Litoral\" \/>\n<meta property=\"article:publisher\" content=\"https:\/\/www.facebook.com\/informelitoral\/\" \/>\n<meta property=\"article:published_time\" content=\"2025-01-29T01:14:43+00:00\" \/>\n<meta property=\"article:modified_time\" content=\"2025-03-01T01:16:51+00:00\" \/>\n<meta property=\"og:image\" content=\"https:\/\/informelitoral.com.ar\/%77%70%2d%63%6f%6e%74%65%6e%74\/uploads\/2022\/02\/1802-ARANGUREN-COLONIA-VACACIONES-PERSONAS-CON-DISCAPACIDAD.jpg\" \/>\n\t<meta property=\"og:image:width\" content=\"650\" \/>\n\t<meta property=\"og:image:height\" content=\"433\" \/>\n\t<meta property=\"og:image:type\" content=\"image\/jpeg\" \/>\n<meta name=\"author\" content=\"Gonzalo Schmidt\" \/>\n<meta name=\"twitter:card\" content=\"summary_large_image\" \/>\n<meta name=\"twitter:creator\" content=\"@InformeLitoral\" \/>\n<meta name=\"twitter:site\" content=\"@InformeLitoral\" \/>\n<meta name=\"twitter:label1\" content=\"Escrito por\" \/>\n\t<meta name=\"twitter:data1\" content=\"Gonzalo Schmidt\" \/>\n\t<meta name=\"twitter:label2\" content=\"Tiempo de lectura\" \/>\n\t<meta name=\"twitter:data2\" content=\"2 minutos\" \/>\n<script type=\"application\/ld+json\" class=\"yoast-schema-graph\">{\"@context\":\"https:\\\/\\\/schema.org\",\"@graph\":[{\"@type\":\"Article\",\"@id\":\"https:\\\/\\\/informelitoral.com.ar\\\/salinas-impulsa-proyectos-que-apuntan-a-la-inclusion-de-personas-con-discapacidad\\\/#article\",\"isPartOf\":{\"@id\":\"https:\\\/\\\/informelitoral.com.ar\\\/salinas-impulsa-proyectos-que-apuntan-a-la-inclusion-de-personas-con-discapacidad\\\/\"},\"author\":{\"name\":\"Gonzalo Schmidt\",\"@id\":\"https:\\\/\\\/informelitoral.com.ar\\\/#\\\/schema\\\/person\\\/b9d00407c836482871ef1d57bf8e3180\"},\"headline\":\"Salinas impulsa proyectos que apuntan a la inclusi\u00f3n de personas con discapacidad\",\"datePublished\":\"2025-01-29T01:14:43+00:00\",\"dateModified\":\"2025-03-01T01:16:51+00:00\",\"mainEntityOfPage\":{\"@id\":\"https:\\\/\\\/informelitoral.com.ar\\\/salinas-impulsa-proyectos-que-apuntan-a-la-inclusion-de-personas-con-discapacidad\\\/\"},\"wordCount\":337,\"commentCount\":0,\"publisher\":{\"@id\":\"https:\\\/\\\/informelitoral.com.ar\\\/#organization\"},\"image\":{\"@id\":\"https:\\\/\\\/informelitoral.com.ar\\\/salinas-impulsa-proyectos-que-apuntan-a-la-inclusion-de-personas-con-discapacidad\\\/#primaryimage\"},\"thumbnailUrl\":\"https:\\\/\\\/informelitoral.com.ar\\\/%77%70%2d%63%6f%6e%74%65%6e%74\\\/uploads\\\/2022\\\/02\\\/1802-ARANGUREN-COLONIA-VACACIONES-PERSONAS-CON-DISCAPACIDAD.jpg\",\"keywords\":[\"C\u00e1mara de Diputados\",\"Diputados\",\"Legislativas\"],\"articleSection\":[\"Politica\"],\"inLanguage\":\"es\",\"potentialAction\":[{\"@type\":\"CommentAction\",\"name\":\"Comment\",\"target\":[\"https:\\\/\\\/informelitoral.com.ar\\\/salinas-impulsa-proyectos-que-apuntan-a-la-inclusion-de-personas-con-discapacidad\\\/#respond\"]}]},{\"@type\":\"WebPage\",\"@id\":\"https:\\\/\\\/informelitoral.com.ar\\\/salinas-impulsa-proyectos-que-apuntan-a-la-inclusion-de-personas-con-discapacidad\\\/\",\"url\":\"https:\\\/\\\/informelitoral.com.ar\\\/salinas-impulsa-proyectos-que-apuntan-a-la-inclusion-de-personas-con-discapacidad\\\/\",\"name\":\"Salinas impulsa proyectos que apuntan a la inclusi\u00f3n de personas con discapacidad - Informe Litoral\",\"isPartOf\":{\"@id\":\"https:\\\/\\\/informelitoral.com.ar\\\/#website\"},\"primaryImageOfPage\":{\"@id\":\"https:\\\/\\\/informelitoral.com.ar\\\/salinas-impulsa-proyectos-que-apuntan-a-la-inclusion-de-personas-con-discapacidad\\\/#primaryimage\"},\"image\":{\"@id\":\"https:\\\/\\\/informelitoral.com.ar\\\/salinas-impulsa-proyectos-que-apuntan-a-la-inclusion-de-personas-con-discapacidad\\\/#primaryimage\"},\"thumbnailUrl\":\"https:\\\/\\\/informelitoral.com.ar\\\/%77%70%2d%63%6f%6e%74%65%6e%74\\\/uploads\\\/2022\\\/02\\\/1802-ARANGUREN-COLONIA-VACACIONES-PERSONAS-CON-DISCAPACIDAD.jpg\",\"datePublished\":\"2025-01-29T01:14:43+00:00\",\"dateModified\":\"2025-03-01T01:16:51+00:00\",\"breadcrumb\":{\"@id\":\"https:\\\/\\\/informelitoral.com.ar\\\/salinas-impulsa-proyectos-que-apuntan-a-la-inclusion-de-personas-con-discapacidad\\\/#breadcrumb\"},\"inLanguage\":\"es\",\"potentialAction\":[{\"@type\":\"ReadAction\",\"target\":[\"https:\\\/\\\/informelitoral.com.ar\\\/salinas-impulsa-proyectos-que-apuntan-a-la-inclusion-de-personas-con-discapacidad\\\/\"]}]},{\"@type\":\"ImageObject\",\"inLanguage\":\"es\",\"@id\":\"https:\\\/\\\/informelitoral.com.ar\\\/salinas-impulsa-proyectos-que-apuntan-a-la-inclusion-de-personas-con-discapacidad\\\/#primaryimage\",\"url\":\"https:\\\/\\\/informelitoral.com.ar\\\/%77%70%2d%63%6f%6e%74%65%6e%74\\\/uploads\\\/2022\\\/02\\\/1802-ARANGUREN-COLONIA-VACACIONES-PERSONAS-CON-DISCAPACIDAD.jpg\",\"contentUrl\":\"https:\\\/\\\/informelitoral.com.ar\\\/%77%70%2d%63%6f%6e%74%65%6e%74\\\/uploads\\\/2022\\\/02\\\/1802-ARANGUREN-COLONIA-VACACIONES-PERSONAS-CON-DISCAPACIDAD.jpg\",\"width\":650,\"height\":433},{\"@type\":\"BreadcrumbList\",\"@id\":\"https:\\\/\\\/informelitoral.com.ar\\\/salinas-impulsa-proyectos-que-apuntan-a-la-inclusion-de-personas-con-discapacidad\\\/#breadcrumb\",\"itemListElement\":[{\"@type\":\"ListItem\",\"position\":1,\"name\":\"Portada\",\"item\":\"https:\\\/\\\/informelitoral.com.ar\\\/\"},{\"@type\":\"ListItem\",\"position\":2,\"name\":\"Salinas impulsa proyectos que apuntan a la inclusi\u00f3n de personas con discapacidad\"}]},{\"@type\":\"WebSite\",\"@id\":\"https:\\\/\\\/informelitoral.com.ar\\\/#website\",\"url\":\"https:\\\/\\\/informelitoral.com.ar\\\/\",\"name\":\"Informe Litoral\",\"description\":\"&quot;Nos informamos&quot; \",\"publisher\":{\"@id\":\"https:\\\/\\\/informelitoral.com.ar\\\/#organization\"},\"potentialAction\":[{\"@type\":\"SearchAction\",\"target\":{\"@type\":\"EntryPoint\",\"urlTemplate\":\"https:\\\/\\\/informelitoral.com.ar\\\/?s={search_term_string}\"},\"query-input\":{\"@type\":\"PropertyValueSpecification\",\"valueRequired\":true,\"valueName\":\"search_term_string\"}}],\"inLanguage\":\"es\"},{\"@type\":\"Organization\",\"@id\":\"https:\\\/\\\/informelitoral.com.ar\\\/#organization\",\"name\":\"Informe Litoral\",\"url\":\"https:\\\/\\\/informelitoral.com.ar\\\/\",\"logo\":{\"@type\":\"ImageObject\",\"inLanguage\":\"es\",\"@id\":\"https:\\\/\\\/informelitoral.com.ar\\\/#\\\/schema\\\/logo\\\/image\\\/\",\"url\":\"https:\\\/\\\/informelitoral.com.ar\\\/%77%70%2d%63%6f%6e%74%65%6e%74\\\/uploads\\\/2021\\\/01\\\/circulo.png\",\"contentUrl\":\"https:\\\/\\\/informelitoral.com.ar\\\/%77%70%2d%63%6f%6e%74%65%6e%74\\\/uploads\\\/2021\\\/01\\\/circulo.png\",\"width\":723,\"height\":731,\"caption\":\"Informe Litoral\"},\"image\":{\"@id\":\"https:\\\/\\\/informelitoral.com.ar\\\/#\\\/schema\\\/logo\\\/image\\\/\"},\"sameAs\":[\"https:\\\/\\\/www.facebook.com\\\/informelitoral\\\/\",\"https:\\\/\\\/x.com\\\/InformeLitoral\",\"https:\\\/\\\/www.instagram.com\\\/informelitoral\\\/\",\"https:\\\/\\\/www.youtube.com\\\/channel\\\/UCua4Qvz8Icb6MYqhoq9xLXw\"]},{\"@type\":\"Person\",\"@id\":\"https:\\\/\\\/informelitoral.com.ar\\\/#\\\/schema\\\/person\\\/b9d00407c836482871ef1d57bf8e3180\",\"name\":\"Gonzalo Schmidt\",\"image\":{\"@type\":\"ImageObject\",\"inLanguage\":\"es\",\"@id\":\"https:\\\/\\\/secure.gravatar.com\\\/avatar\\\/31a1a7b66ff2de83bd0e9fd79d026630d2d99e55e8bfe501287647b4fd9743de?s=96&d=mm&r=g\",\"url\":\"https:\\\/\\\/secure.gravatar.com\\\/avatar\\\/31a1a7b66ff2de83bd0e9fd79d026630d2d99e55e8bfe501287647b4fd9743de?s=96&d=mm&r=g\",\"contentUrl\":\"https:\\\/\\\/secure.gravatar.com\\\/avatar\\\/31a1a7b66ff2de83bd0e9fd79d026630d2d99e55e8bfe501287647b4fd9743de?s=96&d=mm&r=g\",\"caption\":\"Gonzalo Schmidt\"},\"description\":\"Sitio web de noticias de la provincia de Entre R\u00edos, Argentina. Informaci\u00f3n y entretenimiento. Informe Litoral, nos informamos.\",\"sameAs\":[\"http:\\\/\\\/www.isletasnoticias.com.ar\"],\"url\":\"https:\\\/\\\/informelitoral.com.ar\\\/author\\\/gonzalo\\\/\"}]}<\/script>","yoast_head_json":{"title":"Salinas impulsa proyectos que apuntan a la inclusi\u00f3n de personas con discapacidad - Informe Litoral","robots":{"index":"index","follow":"follow","max-snippet":"max-snippet:-1","max-image-preview":"max-image-preview:large","max-video-preview":"max-video-preview:-1"},"canonical":"https:\/\/informelitoral.com.ar\/salinas-impulsa-proyectos-que-apuntan-a-la-inclusion-de-personas-con-discapacidad\/","og_locale":"es_ES","og_type":"article","og_title":"Salinas impulsa proyectos que apuntan a la inclusi\u00f3n de personas con discapacidad - Informe Litoral","og_description":"La legisladora coment\u00f3 c\u00f3mo piensa encarar su tarea legislativa durante el 2025. Educaci\u00f3n y salud, entre sus prioridades.","og_url":"https:\/\/informelitoral.com.ar\/salinas-impulsa-proyectos-que-apuntan-a-la-inclusion-de-personas-con-discapacidad\/","og_site_name":"Informe Litoral","article_publisher":"https:\/\/www.facebook.com\/informelitoral\/","article_published_time":"2025-01-29T01:14:43+00:00","article_modified_time":"2025-03-01T01:16:51+00:00","og_image":[{"width":650,"height":433,"url":"https:\/\/informelitoral.com.ar\/%77%70%2d%63%6f%6e%74%65%6e%74\/uploads\/2022\/02\/1802-ARANGUREN-COLONIA-VACACIONES-PERSONAS-CON-DISCAPACIDAD.jpg","type":"image\/jpeg"}],"author":"Gonzalo Schmidt","twitter_card":"summary_large_image","twitter_creator":"@InformeLitoral","twitter_site":"@InformeLitoral","twitter_misc":{"Escrito por":"Gonzalo Schmidt","Tiempo de lectura":"2 minutos"},"schema":{"@context":"https:\/\/schema.org","@graph":[{"@type":"Article","@id":"https:\/\/informelitoral.com.ar\/salinas-impulsa-proyectos-que-apuntan-a-la-inclusion-de-personas-con-discapacidad\/#article","isPartOf":{"@id":"https:\/\/informelitoral.com.ar\/salinas-impulsa-proyectos-que-apuntan-a-la-inclusion-de-personas-con-discapacidad\/"},"author":{"name":"Gonzalo Schmidt","@id":"https:\/\/informelitoral.com.ar\/#\/schema\/person\/b9d00407c836482871ef1d57bf8e3180"},"headline":"Salinas impulsa proyectos que apuntan a la inclusi\u00f3n de personas con discapacidad","datePublished":"2025-01-29T01:14:43+00:00","dateModified":"2025-03-01T01:16:51+00:00","mainEntityOfPage":{"@id":"https:\/\/informelitoral.com.ar\/salinas-impulsa-proyectos-que-apuntan-a-la-inclusion-de-personas-con-discapacidad\/"},"wordCount":337,"commentCount":0,"publisher":{"@id":"https:\/\/informelitoral.com.ar\/#organization"},"image":{"@id":"https:\/\/informelitoral.com.ar\/salinas-impulsa-proyectos-que-apuntan-a-la-inclusion-de-personas-con-discapacidad\/#primaryimage"},"thumbnailUrl":"https:\/\/informelitoral.com.ar\/%77%70%2d%63%6f%6e%74%65%6e%74\/uploads\/2022\/02\/1802-ARANGUREN-COLONIA-VACACIONES-PERSONAS-CON-DISCAPACIDAD.jpg","keywords":["C\u00e1mara de Diputados","Diputados","Legislativas"],"articleSection":["Politica"],"inLanguage":"es","potentialAction":[{"@type":"CommentAction","name":"Comment","target":["https:\/\/informelitoral.com.ar\/salinas-impulsa-proyectos-que-apuntan-a-la-inclusion-de-personas-con-discapacidad\/#respond"]}]},{"@type":"WebPage","@id":"https:\/\/informelitoral.com.ar\/salinas-impulsa-proyectos-que-apuntan-a-la-inclusion-de-personas-con-discapacidad\/","url":"https:\/\/informelitoral.com.ar\/salinas-impulsa-proyectos-que-apuntan-a-la-inclusion-de-personas-con-discapacidad\/","name":"Salinas impulsa proyectos que apuntan a la inclusi\u00f3n de personas con discapacidad - Informe Litoral","isPartOf":{"@id":"https:\/\/informelitoral.com.ar\/#website"},"primaryImageOfPage":{"@id":"https:\/\/informelitoral.com.ar\/salinas-impulsa-proyectos-que-apuntan-a-la-inclusion-de-personas-con-discapacidad\/#primaryimage"},"image":{"@id":"https:\/\/informelitoral.com.ar\/salinas-impulsa-proyectos-que-apuntan-a-la-inclusion-de-personas-con-discapacidad\/#primaryimage"},"thumbnailUrl":"https:\/\/informelitoral.com.ar\/%77%70%2d%63%6f%6e%74%65%6e%74\/uploads\/2022\/02\/1802-ARANGUREN-COLONIA-VACACIONES-PERSONAS-CON-DISCAPACIDAD.jpg","datePublished":"2025-01-29T01:14:43+00:00","dateModified":"2025-03-01T01:16:51+00:00","breadcrumb":{"@id":"https:\/\/informelitoral.com.ar\/salinas-impulsa-proyectos-que-apuntan-a-la-inclusion-de-personas-con-discapacidad\/#breadcrumb"},"inLanguage":"es","potentialAction":[{"@type":"ReadAction","target":["https:\/\/informelitoral.com.ar\/salinas-impulsa-proyectos-que-apuntan-a-la-inclusion-de-personas-con-discapacidad\/"]}]},{"@type":"ImageObject","inLanguage":"es","@id":"https:\/\/informelitoral.com.ar\/salinas-impulsa-proyectos-que-apuntan-a-la-inclusion-de-personas-con-discapacidad\/#primaryimage","url":"https:\/\/informelitoral.com.ar\/%77%70%2d%63%6f%6e%74%65%6e%74\/uploads\/2022\/02\/1802-ARANGUREN-COLONIA-VACACIONES-PERSONAS-CON-DISCAPACIDAD.jpg","contentUrl":"https:\/\/informelitoral.com.ar\/%77%70%2d%63%6f%6e%74%65%6e%74\/uploads\/2022\/02\/1802-ARANGUREN-COLONIA-VACACIONES-PERSONAS-CON-DISCAPACIDAD.jpg","width":650,"height":433},{"@type":"BreadcrumbList","@id":"https:\/\/informelitoral.com.ar\/salinas-impulsa-proyectos-que-apuntan-a-la-inclusion-de-personas-con-discapacidad\/#breadcrumb","itemListElement":[{"@type":"ListItem","position":1,"name":"Portada","item":"https:\/\/informelitoral.com.ar\/"},{"@type":"ListItem","position":2,"name":"Salinas impulsa proyectos que apuntan a la inclusi\u00f3n de personas con discapacidad"}]},{"@type":"WebSite","@id":"https:\/\/informelitoral.com.ar\/#website","url":"https:\/\/informelitoral.com.ar\/","name":"Informe Litoral","description":"&quot;Nos informamos&quot; ","publisher":{"@id":"https:\/\/informelitoral.com.ar\/#organization"},"potentialAction":[{"@type":"SearchAction","target":{"@type":"EntryPoint","urlTemplate":"https:\/\/informelitoral.com.ar\/?s={search_term_string}"},"query-input":{"@type":"PropertyValueSpecification","valueRequired":true,"valueName":"search_term_string"}}],"inLanguage":"es"},{"@type":"Organization","@id":"https:\/\/informelitoral.com.ar\/#organization","name":"Informe Litoral","url":"https:\/\/informelitoral.com.ar\/","logo":{"@type":"ImageObject","inLanguage":"es","@id":"https:\/\/informelitoral.com.ar\/#\/schema\/logo\/image\/","url":"https:\/\/informelitoral.com.ar\/%77%70%2d%63%6f%6e%74%65%6e%74\/uploads\/2021\/01\/circulo.png","contentUrl":"https:\/\/informelitoral.com.ar\/%77%70%2d%63%6f%6e%74%65%6e%74\/uploads\/2021\/01\/circulo.png","width":723,"height":731,"caption":"Informe Litoral"},"image":{"@id":"https:\/\/informelitoral.com.ar\/#\/schema\/logo\/image\/"},"sameAs":["https:\/\/www.facebook.com\/informelitoral\/","https:\/\/x.com\/InformeLitoral","https:\/\/www.instagram.com\/informelitoral\/","https:\/\/www.youtube.com\/channel\/UCua4Qvz8Icb6MYqhoq9xLXw"]},{"@type":"Person","@id":"https:\/\/informelitoral.com.ar\/#\/schema\/person\/b9d00407c836482871ef1d57bf8e3180","name":"Gonzalo Schmidt","image":{"@type":"ImageObject","inLanguage":"es","@id":"https:\/\/secure.gravatar.com\/avatar\/31a1a7b66ff2de83bd0e9fd79d026630d2d99e55e8bfe501287647b4fd9743de?s=96&d=mm&r=g","url":"https:\/\/secure.gravatar.com\/avatar\/31a1a7b66ff2de83bd0e9fd79d026630d2d99e55e8bfe501287647b4fd9743de?s=96&d=mm&r=g","contentUrl":"https:\/\/secure.gravatar.com\/avatar\/31a1a7b66ff2de83bd0e9fd79d026630d2d99e55e8bfe501287647b4fd9743de?s=96&d=mm&r=g","caption":"Gonzalo Schmidt"},"description":"Sitio web de noticias de la provincia de Entre R\u00edos, Argentina. Informaci\u00f3n y entretenimiento. Informe Litoral, nos informamos.","sameAs":["http:\/\/www.isletasnoticias.com.ar"],"url":"https:\/\/informelitoral.com.ar\/author\/gonzalo\/"}]}},"_links":{"self":[{"href":"https:\/\/informelitoral.com.ar\/%77%70%2d%6a%73%6f%6e\/wp\/v2\/posts\/213466","targetHints":{"allow":["GET"]}}],"collection":[{"href":"https:\/\/informelitoral.com.ar\/%77%70%2d%6a%73%6f%6e\/wp\/v2\/posts"}],"about":[{"href":"https:\/\/informelitoral.com.ar\/%77%70%2d%6a%73%6f%6e\/wp\/v2\/types\/post"}],"author":[{"embeddable":true,"href":"https:\/\/informelitoral.com.ar\/%77%70%2d%6a%73%6f%6e\/wp\/v2\/users\/2"}],"replies":[{"embeddable":true,"href":"https:\/\/informelitoral.com.ar\/%77%70%2d%6a%73%6f%6e\/wp\/v2\/comments?post=213466"}],"version-history":[{"count":0,"href":"https:\/\/informelitoral.com.ar\/%77%70%2d%6a%73%6f%6e\/wp\/v2\/posts\/213466\/revisions"}],"wp:featuredmedia":[{"embeddable":true,"href":"https:\/\/informelitoral.com.ar\/%77%70%2d%6a%73%6f%6e\/wp\/v2\/media\/72172"}],"wp:attachment":[{"href":"https:\/\/informelitoral.com.ar\/%77%70%2d%6a%73%6f%6e\/wp\/v2\/media?parent=213466"}],"wp:term":[{"taxonomy":"category","embeddable":true,"href":"https:\/\/informelitoral.com.ar\/%77%70%2d%6a%73%6f%6e\/wp\/v2\/categories?post=213466"},{"taxonomy":"post_tag","embeddable":true,"href":"https:\/\/informelitoral.com.ar\/%77%70%2d%6a%73%6f%6e\/wp\/v2\/tags?post=213466"}],"curies":[{"name":"wp","href":"https:\/\/api.w.org\/{rel}","templated":true}]}}