{"id":213464,"date":"2025-01-28T22:12:03","date_gmt":"2025-01-29T01:12:03","guid":{"rendered":"https:\/\/informelitoral.com.ar\/?p=213464"},"modified":"2025-02-28T22:14:06","modified_gmt":"2025-03-01T01:14:06","slug":"el-carnaval-es-un-motor-turistico-sumamente-importante-para-gualeguahchu","status":"publish","type":"post","link":"https:\/\/informelitoral.com.ar\/el-carnaval-es-un-motor-turistico-sumamente-importante-para-gualeguahchu\/","title":{"rendered":"\u201cEl carnaval es un motor tur\u00edstico sumamente importante para Gualeguahch\u00fa\u00bb"},"content":{"rendered":"<p><strong>\u201cEl Carnaval del Pa\u00eds empez\u00f3 el segundo fin de semana de enero y contin\u00faa todos los s\u00e1bados de enero y febrero, extendido hasta el fin de semana largo. Es un evento privado de la ciudad, organizado por los clubes, que se desarrolla en un predio municipal que es el Cors\u00f3dromo con el acompa\u00f1amiento del Estado\u201d, destac\u00f3 Julieta Carrazza, viceintendenta de Gualeguaych\u00fa, en di\u00e1logo con Radio Diputados.<\/strong><\/p>\n<p>Esta edici\u00f3n del espect\u00e1culo fue declarada de inter\u00e9s por la C\u00e1mara baja de Entre R\u00edos, a trav\u00e9s de un proyecto de Lorena Arrozogaray (M\u00e1s para Entre R\u00edos) y Carlos Damasco (Fe y Libertad). Adem\u00e1s, la C\u00e1mara reconoci\u00f3 su valor como expresi\u00f3n art\u00edstica, motor econ\u00f3mico y atractivo tur\u00edstico principal de la ciudad, a trav\u00e9s de una iniciativa de Gabriela Lena (Juntos por Entre R\u00edos).<\/p>\n<p>\u201cEs un motor tur\u00edstico sumamente importante para nuestra ciudad, es una marca de Gualeguaych\u00fa desde hace much\u00edsimos a\u00f1os\u201d, resalt\u00f3 Carrazza. \u201cEs un espect\u00e1culo incre\u00edble, muy enmarcado en las ra\u00edces de la ciudad\u201d, agreg\u00f3. Adem\u00e1s de sus aspectos culturales y su impulso tur\u00edstico, remarc\u00f3 que el evento emplea mano de obra local durante todo el a\u00f1o para su organizaci\u00f3n y realizaci\u00f3n.<\/p>\n<p>Asimismo, mencion\u00f3 que \u201cla \u00e9poca fuerte del carnaval es febrero\u201d, mientras que en enero suele acudir menos p\u00fablico. \u201cVen\u00edamos de una afluencia muy grande de nuestros hermanos uruguayos y eso ha disminuido por el tipo de cambio, as\u00ed que trabajamos fuertemente en que el producto sea lo mejor posible. Esperamos que en febrero haya un repunte de turistas en Gualeguaych\u00fa\u201d, a\u00f1adi\u00f3.<\/p>\n<p>Finalmente, expuso que de jueves a domingo la ocupaci\u00f3n hotelera en la localidad ronda en un 80% en promedio, mientras que es menor el resto de la semana.<\/p>\n<h2><strong>Escuch\u00e1 la entrevista completa:<\/strong><\/h2>\n<p><iframe title=\"Spotify Embed: \u201cEl carnaval es un motor tur\u00edstico sumamente importante para Gualeguahch\u00fa&quot;\" style=\"border-radius: 12px\" width=\"100%\" height=\"152\" frameborder=\"0\" allowfullscreen allow=\"autoplay; clipboard-write; encrypted-media; fullscreen; picture-in-picture\" loading=\"lazy\" src=\"https:\/\/open.spotify.com\/embed\/episode\/57A0a3DMYoQqGvlNIkNfxY?go=1&#038;sp_cid=7575e5dd7e6757ee5afb4b5e926e7efc&#038;utm_source=oembed&#038;utm_medium=desktop\"><\/iframe><\/p>\n","protected":false},"excerpt":{"rendered":"<p>La viceintendenta Julieta Carrazza se refiri\u00f3 a la marcha de la presente edici\u00f3n del Carnaval del Pa\u00eds y de la temporada tur\u00edstica en la ciudad. El espect\u00e1culo fue declarado de inter\u00e9s por la C\u00e1mara de Diputados.<\/p>\n","protected":false},"author":2,"featured_media":40469,"comment_status":"open","ping_status":"open","sticky":false,"template":"","format":"standard","meta":{"fifu_image_url":"","fifu_image_alt":"","footnotes":""},"categories":[16],"tags":[3627,1392,2168,196],"class_list":{"0":"post-213464","1":"post","2":"type-post","3":"status-publish","4":"format-standard","5":"has-post-thumbnail","7":"category-politi","8":"tag-camara-de-diputados","9":"tag-carnaval","10":"tag-carnaval-del-pais","11":"tag-diputados"},"yoast_head":"<title>\u201cEl carnaval es un motor tur\u00edstico sumamente importante para Gualeguahch\u00fa&quot; - Informe Litoral<\/title>\n<meta name=\"robots\" content=\"index, follow, max-snippet:-1, max-image-preview:large, max-video-preview:-1\" \/>\n<link rel=\"canonical\" href=\"https:\/\/informelitoral.com.ar\/el-carnaval-es-un-motor-turistico-sumamente-importante-para-gualeguahchu\/\" \/>\n<meta property=\"og:locale\" content=\"es_ES\" \/>\n<meta property=\"og:type\" content=\"article\" \/>\n<meta property=\"og:title\" content=\"\u201cEl carnaval es un motor tur\u00edstico sumamente importante para Gualeguahch\u00fa&quot; - Informe Litoral\" \/>\n<meta property=\"og:description\" content=\"La viceintendenta Julieta Carrazza se refiri\u00f3 a la marcha de la presente edici\u00f3n del Carnaval del Pa\u00eds y de la temporada tur\u00edstica en la ciudad. El espect\u00e1culo fue declarado de inter\u00e9s por la C\u00e1mara de Diputados.\" \/>\n<meta property=\"og:url\" content=\"https:\/\/informelitoral.com.ar\/el-carnaval-es-un-motor-turistico-sumamente-importante-para-gualeguahchu\/\" \/>\n<meta property=\"og:site_name\" content=\"Informe Litoral\" \/>\n<meta property=\"article:publisher\" content=\"https:\/\/www.facebook.com\/informelitoral\/\" \/>\n<meta property=\"article:published_time\" content=\"2025-01-29T01:12:03+00:00\" \/>\n<meta property=\"article:modified_time\" content=\"2025-03-01T01:14:06+00:00\" \/>\n<meta property=\"og:image\" content=\"https:\/\/informelitoral.com.ar\/%77%70%2d%63%6f%6e%74%65%6e%74\/uploads\/2020\/02\/FERIADO-CARNAVAL.jpg\" \/>\n\t<meta property=\"og:image:width\" content=\"800\" \/>\n\t<meta property=\"og:image:height\" content=\"600\" \/>\n\t<meta property=\"og:image:type\" content=\"image\/jpeg\" \/>\n<meta name=\"author\" content=\"Gonzalo Schmidt\" \/>\n<meta name=\"twitter:card\" content=\"summary_large_image\" \/>\n<meta name=\"twitter:creator\" content=\"@InformeLitoral\" \/>\n<meta name=\"twitter:site\" content=\"@InformeLitoral\" \/>\n<meta name=\"twitter:label1\" content=\"Escrito por\" \/>\n\t<meta name=\"twitter:data1\" content=\"Gonzalo Schmidt\" \/>\n\t<meta name=\"twitter:label2\" content=\"Tiempo de lectura\" \/>\n\t<meta name=\"twitter:data2\" content=\"2 minutos\" \/>\n<script type=\"application\/ld+json\" class=\"yoast-schema-graph\">{\"@context\":\"https:\\\/\\\/schema.org\",\"@graph\":[{\"@type\":\"Article\",\"@id\":\"https:\\\/\\\/informelitoral.com.ar\\\/el-carnaval-es-un-motor-turistico-sumamente-importante-para-gualeguahchu\\\/#article\",\"isPartOf\":{\"@id\":\"https:\\\/\\\/informelitoral.com.ar\\\/el-carnaval-es-un-motor-turistico-sumamente-importante-para-gualeguahchu\\\/\"},\"author\":{\"name\":\"Gonzalo Schmidt\",\"@id\":\"https:\\\/\\\/informelitoral.com.ar\\\/#\\\/schema\\\/person\\\/b9d00407c836482871ef1d57bf8e3180\"},\"headline\":\"\u201cEl carnaval es un motor tur\u00edstico sumamente importante para Gualeguahch\u00fa\u00bb\",\"datePublished\":\"2025-01-29T01:12:03+00:00\",\"dateModified\":\"2025-03-01T01:14:06+00:00\",\"mainEntityOfPage\":{\"@id\":\"https:\\\/\\\/informelitoral.com.ar\\\/el-carnaval-es-un-motor-turistico-sumamente-importante-para-gualeguahchu\\\/\"},\"wordCount\":360,\"commentCount\":0,\"publisher\":{\"@id\":\"https:\\\/\\\/informelitoral.com.ar\\\/#organization\"},\"image\":{\"@id\":\"https:\\\/\\\/informelitoral.com.ar\\\/el-carnaval-es-un-motor-turistico-sumamente-importante-para-gualeguahchu\\\/#primaryimage\"},\"thumbnailUrl\":\"https:\\\/\\\/informelitoral.com.ar\\\/%77%70%2d%63%6f%6e%74%65%6e%74\\\/uploads\\\/2020\\\/02\\\/FERIADO-CARNAVAL.jpg\",\"keywords\":[\"C\u00e1mara de Diputados\",\"Carnaval\",\"Carnaval del Pa\u00eds\",\"Diputados\"],\"articleSection\":[\"Politica\"],\"inLanguage\":\"es\",\"potentialAction\":[{\"@type\":\"CommentAction\",\"name\":\"Comment\",\"target\":[\"https:\\\/\\\/informelitoral.com.ar\\\/el-carnaval-es-un-motor-turistico-sumamente-importante-para-gualeguahchu\\\/#respond\"]}]},{\"@type\":\"WebPage\",\"@id\":\"https:\\\/\\\/informelitoral.com.ar\\\/el-carnaval-es-un-motor-turistico-sumamente-importante-para-gualeguahchu\\\/\",\"url\":\"https:\\\/\\\/informelitoral.com.ar\\\/el-carnaval-es-un-motor-turistico-sumamente-importante-para-gualeguahchu\\\/\",\"name\":\"\u201cEl carnaval es un motor tur\u00edstico sumamente importante para Gualeguahch\u00fa\\\" - Informe Litoral\",\"isPartOf\":{\"@id\":\"https:\\\/\\\/informelitoral.com.ar\\\/#website\"},\"primaryImageOfPage\":{\"@id\":\"https:\\\/\\\/informelitoral.com.ar\\\/el-carnaval-es-un-motor-turistico-sumamente-importante-para-gualeguahchu\\\/#primaryimage\"},\"image\":{\"@id\":\"https:\\\/\\\/informelitoral.com.ar\\\/el-carnaval-es-un-motor-turistico-sumamente-importante-para-gualeguahchu\\\/#primaryimage\"},\"thumbnailUrl\":\"https:\\\/\\\/informelitoral.com.ar\\\/%77%70%2d%63%6f%6e%74%65%6e%74\\\/uploads\\\/2020\\\/02\\\/FERIADO-CARNAVAL.jpg\",\"datePublished\":\"2025-01-29T01:12:03+00:00\",\"dateModified\":\"2025-03-01T01:14:06+00:00\",\"breadcrumb\":{\"@id\":\"https:\\\/\\\/informelitoral.com.ar\\\/el-carnaval-es-un-motor-turistico-sumamente-importante-para-gualeguahchu\\\/#breadcrumb\"},\"inLanguage\":\"es\",\"potentialAction\":[{\"@type\":\"ReadAction\",\"target\":[\"https:\\\/\\\/informelitoral.com.ar\\\/el-carnaval-es-un-motor-turistico-sumamente-importante-para-gualeguahchu\\\/\"]}]},{\"@type\":\"ImageObject\",\"inLanguage\":\"es\",\"@id\":\"https:\\\/\\\/informelitoral.com.ar\\\/el-carnaval-es-un-motor-turistico-sumamente-importante-para-gualeguahchu\\\/#primaryimage\",\"url\":\"https:\\\/\\\/informelitoral.com.ar\\\/%77%70%2d%63%6f%6e%74%65%6e%74\\\/uploads\\\/2020\\\/02\\\/FERIADO-CARNAVAL.jpg\",\"contentUrl\":\"https:\\\/\\\/informelitoral.com.ar\\\/%77%70%2d%63%6f%6e%74%65%6e%74\\\/uploads\\\/2020\\\/02\\\/FERIADO-CARNAVAL.jpg\",\"width\":800,\"height\":600},{\"@type\":\"BreadcrumbList\",\"@id\":\"https:\\\/\\\/informelitoral.com.ar\\\/el-carnaval-es-un-motor-turistico-sumamente-importante-para-gualeguahchu\\\/#breadcrumb\",\"itemListElement\":[{\"@type\":\"ListItem\",\"position\":1,\"name\":\"Portada\",\"item\":\"https:\\\/\\\/informelitoral.com.ar\\\/\"},{\"@type\":\"ListItem\",\"position\":2,\"name\":\"\u201cEl carnaval es un motor tur\u00edstico sumamente importante para Gualeguahch\u00fa\u00bb\"}]},{\"@type\":\"WebSite\",\"@id\":\"https:\\\/\\\/informelitoral.com.ar\\\/#website\",\"url\":\"https:\\\/\\\/informelitoral.com.ar\\\/\",\"name\":\"Informe Litoral\",\"description\":\"&quot;Nos informamos&quot; \",\"publisher\":{\"@id\":\"https:\\\/\\\/informelitoral.com.ar\\\/#organization\"},\"potentialAction\":[{\"@type\":\"SearchAction\",\"target\":{\"@type\":\"EntryPoint\",\"urlTemplate\":\"https:\\\/\\\/informelitoral.com.ar\\\/?s={search_term_string}\"},\"query-input\":{\"@type\":\"PropertyValueSpecification\",\"valueRequired\":true,\"valueName\":\"search_term_string\"}}],\"inLanguage\":\"es\"},{\"@type\":\"Organization\",\"@id\":\"https:\\\/\\\/informelitoral.com.ar\\\/#organization\",\"name\":\"Informe Litoral\",\"url\":\"https:\\\/\\\/informelitoral.com.ar\\\/\",\"logo\":{\"@type\":\"ImageObject\",\"inLanguage\":\"es\",\"@id\":\"https:\\\/\\\/informelitoral.com.ar\\\/#\\\/schema\\\/logo\\\/image\\\/\",\"url\":\"https:\\\/\\\/informelitoral.com.ar\\\/%77%70%2d%63%6f%6e%74%65%6e%74\\\/uploads\\\/2021\\\/01\\\/circulo.png\",\"contentUrl\":\"https:\\\/\\\/informelitoral.com.ar\\\/%77%70%2d%63%6f%6e%74%65%6e%74\\\/uploads\\\/2021\\\/01\\\/circulo.png\",\"width\":723,\"height\":731,\"caption\":\"Informe Litoral\"},\"image\":{\"@id\":\"https:\\\/\\\/informelitoral.com.ar\\\/#\\\/schema\\\/logo\\\/image\\\/\"},\"sameAs\":[\"https:\\\/\\\/www.facebook.com\\\/informelitoral\\\/\",\"https:\\\/\\\/x.com\\\/InformeLitoral\",\"https:\\\/\\\/www.instagram.com\\\/informelitoral\\\/\",\"https:\\\/\\\/www.youtube.com\\\/channel\\\/UCua4Qvz8Icb6MYqhoq9xLXw\"]},{\"@type\":\"Person\",\"@id\":\"https:\\\/\\\/informelitoral.com.ar\\\/#\\\/schema\\\/person\\\/b9d00407c836482871ef1d57bf8e3180\",\"name\":\"Gonzalo Schmidt\",\"image\":{\"@type\":\"ImageObject\",\"inLanguage\":\"es\",\"@id\":\"https:\\\/\\\/secure.gravatar.com\\\/avatar\\\/31a1a7b66ff2de83bd0e9fd79d026630d2d99e55e8bfe501287647b4fd9743de?s=96&d=mm&r=g\",\"url\":\"https:\\\/\\\/secure.gravatar.com\\\/avatar\\\/31a1a7b66ff2de83bd0e9fd79d026630d2d99e55e8bfe501287647b4fd9743de?s=96&d=mm&r=g\",\"contentUrl\":\"https:\\\/\\\/secure.gravatar.com\\\/avatar\\\/31a1a7b66ff2de83bd0e9fd79d026630d2d99e55e8bfe501287647b4fd9743de?s=96&d=mm&r=g\",\"caption\":\"Gonzalo Schmidt\"},\"description\":\"Sitio web de noticias de la provincia de Entre R\u00edos, Argentina. Informaci\u00f3n y entretenimiento. Informe Litoral, nos informamos.\",\"sameAs\":[\"http:\\\/\\\/www.isletasnoticias.com.ar\"],\"url\":\"https:\\\/\\\/informelitoral.com.ar\\\/author\\\/gonzalo\\\/\"}]}<\/script>","yoast_head_json":{"title":"\u201cEl carnaval es un motor tur\u00edstico sumamente importante para Gualeguahch\u00fa\" - Informe Litoral","robots":{"index":"index","follow":"follow","max-snippet":"max-snippet:-1","max-image-preview":"max-image-preview:large","max-video-preview":"max-video-preview:-1"},"canonical":"https:\/\/informelitoral.com.ar\/el-carnaval-es-un-motor-turistico-sumamente-importante-para-gualeguahchu\/","og_locale":"es_ES","og_type":"article","og_title":"\u201cEl carnaval es un motor tur\u00edstico sumamente importante para Gualeguahch\u00fa\" - Informe Litoral","og_description":"La viceintendenta Julieta Carrazza se refiri\u00f3 a la marcha de la presente edici\u00f3n del Carnaval del Pa\u00eds y de la temporada tur\u00edstica en la ciudad. El espect\u00e1culo fue declarado de inter\u00e9s por la C\u00e1mara de Diputados.","og_url":"https:\/\/informelitoral.com.ar\/el-carnaval-es-un-motor-turistico-sumamente-importante-para-gualeguahchu\/","og_site_name":"Informe Litoral","article_publisher":"https:\/\/www.facebook.com\/informelitoral\/","article_published_time":"2025-01-29T01:12:03+00:00","article_modified_time":"2025-03-01T01:14:06+00:00","og_image":[{"width":800,"height":600,"url":"https:\/\/informelitoral.com.ar\/%77%70%2d%63%6f%6e%74%65%6e%74\/uploads\/2020\/02\/FERIADO-CARNAVAL.jpg","type":"image\/jpeg"}],"author":"Gonzalo Schmidt","twitter_card":"summary_large_image","twitter_creator":"@InformeLitoral","twitter_site":"@InformeLitoral","twitter_misc":{"Escrito por":"Gonzalo Schmidt","Tiempo de lectura":"2 minutos"},"schema":{"@context":"https:\/\/schema.org","@graph":[{"@type":"Article","@id":"https:\/\/informelitoral.com.ar\/el-carnaval-es-un-motor-turistico-sumamente-importante-para-gualeguahchu\/#article","isPartOf":{"@id":"https:\/\/informelitoral.com.ar\/el-carnaval-es-un-motor-turistico-sumamente-importante-para-gualeguahchu\/"},"author":{"name":"Gonzalo Schmidt","@id":"https:\/\/informelitoral.com.ar\/#\/schema\/person\/b9d00407c836482871ef1d57bf8e3180"},"headline":"\u201cEl carnaval es un motor tur\u00edstico sumamente importante para Gualeguahch\u00fa\u00bb","datePublished":"2025-01-29T01:12:03+00:00","dateModified":"2025-03-01T01:14:06+00:00","mainEntityOfPage":{"@id":"https:\/\/informelitoral.com.ar\/el-carnaval-es-un-motor-turistico-sumamente-importante-para-gualeguahchu\/"},"wordCount":360,"commentCount":0,"publisher":{"@id":"https:\/\/informelitoral.com.ar\/#organization"},"image":{"@id":"https:\/\/informelitoral.com.ar\/el-carnaval-es-un-motor-turistico-sumamente-importante-para-gualeguahchu\/#primaryimage"},"thumbnailUrl":"https:\/\/informelitoral.com.ar\/%77%70%2d%63%6f%6e%74%65%6e%74\/uploads\/2020\/02\/FERIADO-CARNAVAL.jpg","keywords":["C\u00e1mara de Diputados","Carnaval","Carnaval del Pa\u00eds","Diputados"],"articleSection":["Politica"],"inLanguage":"es","potentialAction":[{"@type":"CommentAction","name":"Comment","target":["https:\/\/informelitoral.com.ar\/el-carnaval-es-un-motor-turistico-sumamente-importante-para-gualeguahchu\/#respond"]}]},{"@type":"WebPage","@id":"https:\/\/informelitoral.com.ar\/el-carnaval-es-un-motor-turistico-sumamente-importante-para-gualeguahchu\/","url":"https:\/\/informelitoral.com.ar\/el-carnaval-es-un-motor-turistico-sumamente-importante-para-gualeguahchu\/","name":"\u201cEl carnaval es un motor tur\u00edstico sumamente importante para Gualeguahch\u00fa\" - Informe Litoral","isPartOf":{"@id":"https:\/\/informelitoral.com.ar\/#website"},"primaryImageOfPage":{"@id":"https:\/\/informelitoral.com.ar\/el-carnaval-es-un-motor-turistico-sumamente-importante-para-gualeguahchu\/#primaryimage"},"image":{"@id":"https:\/\/informelitoral.com.ar\/el-carnaval-es-un-motor-turistico-sumamente-importante-para-gualeguahchu\/#primaryimage"},"thumbnailUrl":"https:\/\/informelitoral.com.ar\/%77%70%2d%63%6f%6e%74%65%6e%74\/uploads\/2020\/02\/FERIADO-CARNAVAL.jpg","datePublished":"2025-01-29T01:12:03+00:00","dateModified":"2025-03-01T01:14:06+00:00","breadcrumb":{"@id":"https:\/\/informelitoral.com.ar\/el-carnaval-es-un-motor-turistico-sumamente-importante-para-gualeguahchu\/#breadcrumb"},"inLanguage":"es","potentialAction":[{"@type":"ReadAction","target":["https:\/\/informelitoral.com.ar\/el-carnaval-es-un-motor-turistico-sumamente-importante-para-gualeguahchu\/"]}]},{"@type":"ImageObject","inLanguage":"es","@id":"https:\/\/informelitoral.com.ar\/el-carnaval-es-un-motor-turistico-sumamente-importante-para-gualeguahchu\/#primaryimage","url":"https:\/\/informelitoral.com.ar\/%77%70%2d%63%6f%6e%74%65%6e%74\/uploads\/2020\/02\/FERIADO-CARNAVAL.jpg","contentUrl":"https:\/\/informelitoral.com.ar\/%77%70%2d%63%6f%6e%74%65%6e%74\/uploads\/2020\/02\/FERIADO-CARNAVAL.jpg","width":800,"height":600},{"@type":"BreadcrumbList","@id":"https:\/\/informelitoral.com.ar\/el-carnaval-es-un-motor-turistico-sumamente-importante-para-gualeguahchu\/#breadcrumb","itemListElement":[{"@type":"ListItem","position":1,"name":"Portada","item":"https:\/\/informelitoral.com.ar\/"},{"@type":"ListItem","position":2,"name":"\u201cEl carnaval es un motor tur\u00edstico sumamente importante para Gualeguahch\u00fa\u00bb"}]},{"@type":"WebSite","@id":"https:\/\/informelitoral.com.ar\/#website","url":"https:\/\/informelitoral.com.ar\/","name":"Informe Litoral","description":"&quot;Nos informamos&quot; ","publisher":{"@id":"https:\/\/informelitoral.com.ar\/#organization"},"potentialAction":[{"@type":"SearchAction","target":{"@type":"EntryPoint","urlTemplate":"https:\/\/informelitoral.com.ar\/?s={search_term_string}"},"query-input":{"@type":"PropertyValueSpecification","valueRequired":true,"valueName":"search_term_string"}}],"inLanguage":"es"},{"@type":"Organization","@id":"https:\/\/informelitoral.com.ar\/#organization","name":"Informe Litoral","url":"https:\/\/informelitoral.com.ar\/","logo":{"@type":"ImageObject","inLanguage":"es","@id":"https:\/\/informelitoral.com.ar\/#\/schema\/logo\/image\/","url":"https:\/\/informelitoral.com.ar\/%77%70%2d%63%6f%6e%74%65%6e%74\/uploads\/2021\/01\/circulo.png","contentUrl":"https:\/\/informelitoral.com.ar\/%77%70%2d%63%6f%6e%74%65%6e%74\/uploads\/2021\/01\/circulo.png","width":723,"height":731,"caption":"Informe Litoral"},"image":{"@id":"https:\/\/informelitoral.com.ar\/#\/schema\/logo\/image\/"},"sameAs":["https:\/\/www.facebook.com\/informelitoral\/","https:\/\/x.com\/InformeLitoral","https:\/\/www.instagram.com\/informelitoral\/","https:\/\/www.youtube.com\/channel\/UCua4Qvz8Icb6MYqhoq9xLXw"]},{"@type":"Person","@id":"https:\/\/informelitoral.com.ar\/#\/schema\/person\/b9d00407c836482871ef1d57bf8e3180","name":"Gonzalo Schmidt","image":{"@type":"ImageObject","inLanguage":"es","@id":"https:\/\/secure.gravatar.com\/avatar\/31a1a7b66ff2de83bd0e9fd79d026630d2d99e55e8bfe501287647b4fd9743de?s=96&d=mm&r=g","url":"https:\/\/secure.gravatar.com\/avatar\/31a1a7b66ff2de83bd0e9fd79d026630d2d99e55e8bfe501287647b4fd9743de?s=96&d=mm&r=g","contentUrl":"https:\/\/secure.gravatar.com\/avatar\/31a1a7b66ff2de83bd0e9fd79d026630d2d99e55e8bfe501287647b4fd9743de?s=96&d=mm&r=g","caption":"Gonzalo Schmidt"},"description":"Sitio web de noticias de la provincia de Entre R\u00edos, Argentina. Informaci\u00f3n y entretenimiento. Informe Litoral, nos informamos.","sameAs":["http:\/\/www.isletasnoticias.com.ar"],"url":"https:\/\/informelitoral.com.ar\/author\/gonzalo\/"}]}},"_links":{"self":[{"href":"https:\/\/informelitoral.com.ar\/%77%70%2d%6a%73%6f%6e\/wp\/v2\/posts\/213464","targetHints":{"allow":["GET"]}}],"collection":[{"href":"https:\/\/informelitoral.com.ar\/%77%70%2d%6a%73%6f%6e\/wp\/v2\/posts"}],"about":[{"href":"https:\/\/informelitoral.com.ar\/%77%70%2d%6a%73%6f%6e\/wp\/v2\/types\/post"}],"author":[{"embeddable":true,"href":"https:\/\/informelitoral.com.ar\/%77%70%2d%6a%73%6f%6e\/wp\/v2\/users\/2"}],"replies":[{"embeddable":true,"href":"https:\/\/informelitoral.com.ar\/%77%70%2d%6a%73%6f%6e\/wp\/v2\/comments?post=213464"}],"version-history":[{"count":0,"href":"https:\/\/informelitoral.com.ar\/%77%70%2d%6a%73%6f%6e\/wp\/v2\/posts\/213464\/revisions"}],"wp:featuredmedia":[{"embeddable":true,"href":"https:\/\/informelitoral.com.ar\/%77%70%2d%6a%73%6f%6e\/wp\/v2\/media\/40469"}],"wp:attachment":[{"href":"https:\/\/informelitoral.com.ar\/%77%70%2d%6a%73%6f%6e\/wp\/v2\/media?parent=213464"}],"wp:term":[{"taxonomy":"category","embeddable":true,"href":"https:\/\/informelitoral.com.ar\/%77%70%2d%6a%73%6f%6e\/wp\/v2\/categories?post=213464"},{"taxonomy":"post_tag","embeddable":true,"href":"https:\/\/informelitoral.com.ar\/%77%70%2d%6a%73%6f%6e\/wp\/v2\/tags?post=213464"}],"curies":[{"name":"wp","href":"https:\/\/api.w.org\/{rel}","templated":true}]}}