{"id":213459,"date":"2025-01-29T22:04:54","date_gmt":"2025-01-30T01:04:54","guid":{"rendered":"https:\/\/informelitoral.com.ar\/?p=213459"},"modified":"2025-02-28T22:07:57","modified_gmt":"2025-03-01T01:07:57","slug":"ayelen-acosta-buscamos-coordinar-acciones-positivas-con-la-camara-de-diputados","status":"publish","type":"post","link":"https:\/\/informelitoral.com.ar\/ayelen-acosta-buscamos-coordinar-acciones-positivas-con-la-camara-de-diputados\/","title":{"rendered":"Ayel\u00e9n Acosta: \u201cBuscamos coordinar acciones positivas con la C\u00e1mara de Diputados\u201d"},"content":{"rendered":"<p><strong>Luego de reunirse con el presidente de la C\u00e1mara de Diputados, Gustavo Hein, la secretaria de Pol\u00edticas de Cuidado del Ministerio de Desarrollo Humano, Ayel\u00e9n Acosta, dijo que acordaron \u201ccoordinar acciones positivas y en conjunto\u201d para dar respuesta a las demandas de los entrerrianos.<\/strong><\/p>\n<p>Luego de agradecer al presidente de la C\u00e1mara por esa instancia, Acosta destac\u00f3: \u201cBuscamos articular distintas acciones, como venimos haciendo desde el a\u00f1o pasado. En 2024 pudimos hacerlo desde lo legislativo y con actividades y lo mismo vamos a hacer este en 2025\u201d.<\/p>\n<p>\u201cHablamos de trabajar sobre un convenio donde podamos interactuar de manera mucho m\u00e1s positiva respecto de las pol\u00edticas que nos tocan desde el Ministerio de Desarrollo Humano y en este caso desde la Secretar\u00eda de Pol\u00edticas de Cuidado. Los dos entendemos que hay que poner mucho foco en los ciudadanos\u201d, dijo la funcionaria, quien record\u00f3 que de su Secretar\u00eda dependen las direcciones de Juventud, Mujeres, Adultos Mayores y el Instituto Provincial de Discapacidad (Iprodi).<\/p>\n<p>\u201cLa visi\u00f3n del presidente es abrir la C\u00e1mara a la sociedad en general y ah\u00ed es donde buscamos coordinar para que se sepa qu\u00e9 es lo que trabajan los diputados, cu\u00e1les son los objetivos del gobierno provincial y poder comunicar mejor qu\u00e9 tipo de programas tenemos dentro del Ejecutivo para que la gente pueda acceder a ellos\u201d, mencion\u00f3.<\/p>\n<p>En ese sentido, record\u00f3 que tanto a la C\u00e1mara como al Poder Ejecutivo llegan requerimientos de distintas entidades de la sociedad civil y es necesario \u201ccoordinar acciones positivas y en conjunto para poder resolver algunos problemas\u201d. Es as\u00ed que dialogaron sobre la necesidad de fortalecer la sinton\u00eda entre estos temas y los proyectos de los diputados.<\/p>\n<p>Por otro lado, Acosta hizo hincapi\u00e9 en las pol\u00edticas que se llevan adelante desde su Secretar\u00eda relacionadas con la ni\u00f1ez y con el \u00e1rea de Mujeres. Record\u00f3 que recientemente se unificaron dos alquileres de la Direcci\u00f3n de Mujeres, en un solo local que est\u00e1 en calle Alameda de la Federaci\u00f3n 609, para brindar una mejor atenci\u00f3n a quienes necesitan realizar una denuncia o acceder a alguno de los programas que brinda la repartici\u00f3n.<\/p>\n<h2><strong>Escuch\u00e1 la entrevista completa:<\/strong><\/h2>\n<p><iframe title=\"Spotify Embed: Ayel\u00e9n Acosta: \u201cBuscamos coordinar acciones positivas con la C\u00e1mara de Diputados\u201d\" style=\"border-radius: 12px\" width=\"100%\" height=\"152\" frameborder=\"0\" allowfullscreen allow=\"autoplay; clipboard-write; encrypted-media; fullscreen; picture-in-picture\" loading=\"lazy\" src=\"https:\/\/open.spotify.com\/embed\/episode\/1mznkouCE7edvm5OwDGYuQ?go=1&#038;sp_cid=2beae216a47fc3b1db6edfdb849d120f&#038;utm_source=oembed&#038;utm_medium=desktop\"><\/iframe><\/p>\n<h6><em><strong>Del archivo:\u00a0<a href=\"https:\/\/informelitoral.com.ar\/ayelen-acosta-explico-los-objetivos-del-1o-foro-mujer-activa-con-voz-en-parana\/\" target=\"_blank\" rel=\"noopener\">Ayel\u00e9n Acosta explic\u00f3 los objetivos del 1\u00ba Foro Mujer Activa con Voz en Paran\u00e1<\/a><\/strong><\/em><\/h6>\n","protected":false},"excerpt":{"rendered":"<p>La secretaria de Pol\u00edticas de Cuidado se reuni\u00f3 con el presidente de la CDER, Gustavo Hein. Dijo que buscan mayor sinton\u00eda entre esta repartici\u00f3n y el trabajo legislativo.<\/p>\n","protected":false},"author":2,"featured_media":213460,"comment_status":"open","ping_status":"open","sticky":false,"template":"","format":"standard","meta":{"fifu_image_url":"","fifu_image_alt":"","footnotes":""},"categories":[16],"tags":[5389,3627,196,287],"class_list":{"0":"post-213459","1":"post","2":"type-post","3":"status-publish","4":"format-standard","5":"has-post-thumbnail","7":"category-politi","8":"tag-ayelen-acosta","9":"tag-camara-de-diputados","10":"tag-diputados","11":"tag-legislativas"},"yoast_head":"<title>Ayel\u00e9n Acosta: \u201cBuscamos coordinar acciones positivas con la C\u00e1mara de Diputados\u201d - Informe Litoral<\/title>\n<meta name=\"robots\" content=\"index, follow, max-snippet:-1, max-image-preview:large, max-video-preview:-1\" \/>\n<link rel=\"canonical\" href=\"https:\/\/informelitoral.com.ar\/ayelen-acosta-buscamos-coordinar-acciones-positivas-con-la-camara-de-diputados\/\" \/>\n<meta property=\"og:locale\" content=\"es_ES\" \/>\n<meta property=\"og:type\" content=\"article\" \/>\n<meta property=\"og:title\" content=\"Ayel\u00e9n Acosta: \u201cBuscamos coordinar acciones positivas con la C\u00e1mara de Diputados\u201d - Informe Litoral\" \/>\n<meta property=\"og:description\" content=\"La secretaria de Pol\u00edticas de Cuidado se reuni\u00f3 con el presidente de la CDER, Gustavo Hein. Dijo que buscan mayor sinton\u00eda entre esta repartici\u00f3n y el trabajo legislativo.\" \/>\n<meta property=\"og:url\" content=\"https:\/\/informelitoral.com.ar\/ayelen-acosta-buscamos-coordinar-acciones-positivas-con-la-camara-de-diputados\/\" \/>\n<meta property=\"og:site_name\" content=\"Informe Litoral\" \/>\n<meta property=\"article:publisher\" content=\"https:\/\/www.facebook.com\/informelitoral\/\" \/>\n<meta property=\"article:published_time\" content=\"2025-01-30T01:04:54+00:00\" \/>\n<meta property=\"article:modified_time\" content=\"2025-03-01T01:07:57+00:00\" \/>\n<meta property=\"og:image\" content=\"https:\/\/informelitoral.com.ar\/%77%70%2d%63%6f%6e%74%65%6e%74\/uploads\/2025\/02\/hein-ayelen-acosta-scaled.jpg\" \/>\n\t<meta property=\"og:image:width\" content=\"2560\" \/>\n\t<meta property=\"og:image:height\" content=\"1750\" \/>\n\t<meta property=\"og:image:type\" content=\"image\/jpeg\" \/>\n<meta name=\"author\" content=\"Gonzalo Schmidt\" \/>\n<meta name=\"twitter:card\" content=\"summary_large_image\" \/>\n<meta name=\"twitter:creator\" content=\"@InformeLitoral\" \/>\n<meta name=\"twitter:site\" content=\"@InformeLitoral\" \/>\n<meta name=\"twitter:label1\" content=\"Escrito por\" \/>\n\t<meta name=\"twitter:data1\" content=\"Gonzalo Schmidt\" \/>\n\t<meta name=\"twitter:label2\" content=\"Tiempo de lectura\" \/>\n\t<meta name=\"twitter:data2\" content=\"2 minutos\" \/>\n<script type=\"application\/ld+json\" class=\"yoast-schema-graph\">{\"@context\":\"https:\\\/\\\/schema.org\",\"@graph\":[{\"@type\":\"Article\",\"@id\":\"https:\\\/\\\/informelitoral.com.ar\\\/ayelen-acosta-buscamos-coordinar-acciones-positivas-con-la-camara-de-diputados\\\/#article\",\"isPartOf\":{\"@id\":\"https:\\\/\\\/informelitoral.com.ar\\\/ayelen-acosta-buscamos-coordinar-acciones-positivas-con-la-camara-de-diputados\\\/\"},\"author\":{\"name\":\"Gonzalo Schmidt\",\"@id\":\"https:\\\/\\\/informelitoral.com.ar\\\/#\\\/schema\\\/person\\\/b9d00407c836482871ef1d57bf8e3180\"},\"headline\":\"Ayel\u00e9n Acosta: \u201cBuscamos coordinar acciones positivas con la C\u00e1mara de Diputados\u201d\",\"datePublished\":\"2025-01-30T01:04:54+00:00\",\"dateModified\":\"2025-03-01T01:07:57+00:00\",\"mainEntityOfPage\":{\"@id\":\"https:\\\/\\\/informelitoral.com.ar\\\/ayelen-acosta-buscamos-coordinar-acciones-positivas-con-la-camara-de-diputados\\\/\"},\"wordCount\":430,\"commentCount\":0,\"publisher\":{\"@id\":\"https:\\\/\\\/informelitoral.com.ar\\\/#organization\"},\"image\":{\"@id\":\"https:\\\/\\\/informelitoral.com.ar\\\/ayelen-acosta-buscamos-coordinar-acciones-positivas-con-la-camara-de-diputados\\\/#primaryimage\"},\"thumbnailUrl\":\"https:\\\/\\\/informelitoral.com.ar\\\/%77%70%2d%63%6f%6e%74%65%6e%74\\\/uploads\\\/2025\\\/02\\\/hein-ayelen-acosta-scaled.jpg\",\"keywords\":[\"Ayel\u00e9n Acosta\",\"C\u00e1mara de Diputados\",\"Diputados\",\"Legislativas\"],\"articleSection\":[\"Politica\"],\"inLanguage\":\"es\",\"potentialAction\":[{\"@type\":\"CommentAction\",\"name\":\"Comment\",\"target\":[\"https:\\\/\\\/informelitoral.com.ar\\\/ayelen-acosta-buscamos-coordinar-acciones-positivas-con-la-camara-de-diputados\\\/#respond\"]}]},{\"@type\":\"WebPage\",\"@id\":\"https:\\\/\\\/informelitoral.com.ar\\\/ayelen-acosta-buscamos-coordinar-acciones-positivas-con-la-camara-de-diputados\\\/\",\"url\":\"https:\\\/\\\/informelitoral.com.ar\\\/ayelen-acosta-buscamos-coordinar-acciones-positivas-con-la-camara-de-diputados\\\/\",\"name\":\"Ayel\u00e9n Acosta: \u201cBuscamos coordinar acciones positivas con la C\u00e1mara de Diputados\u201d - Informe Litoral\",\"isPartOf\":{\"@id\":\"https:\\\/\\\/informelitoral.com.ar\\\/#website\"},\"primaryImageOfPage\":{\"@id\":\"https:\\\/\\\/informelitoral.com.ar\\\/ayelen-acosta-buscamos-coordinar-acciones-positivas-con-la-camara-de-diputados\\\/#primaryimage\"},\"image\":{\"@id\":\"https:\\\/\\\/informelitoral.com.ar\\\/ayelen-acosta-buscamos-coordinar-acciones-positivas-con-la-camara-de-diputados\\\/#primaryimage\"},\"thumbnailUrl\":\"https:\\\/\\\/informelitoral.com.ar\\\/%77%70%2d%63%6f%6e%74%65%6e%74\\\/uploads\\\/2025\\\/02\\\/hein-ayelen-acosta-scaled.jpg\",\"datePublished\":\"2025-01-30T01:04:54+00:00\",\"dateModified\":\"2025-03-01T01:07:57+00:00\",\"breadcrumb\":{\"@id\":\"https:\\\/\\\/informelitoral.com.ar\\\/ayelen-acosta-buscamos-coordinar-acciones-positivas-con-la-camara-de-diputados\\\/#breadcrumb\"},\"inLanguage\":\"es\",\"potentialAction\":[{\"@type\":\"ReadAction\",\"target\":[\"https:\\\/\\\/informelitoral.com.ar\\\/ayelen-acosta-buscamos-coordinar-acciones-positivas-con-la-camara-de-diputados\\\/\"]}]},{\"@type\":\"ImageObject\",\"inLanguage\":\"es\",\"@id\":\"https:\\\/\\\/informelitoral.com.ar\\\/ayelen-acosta-buscamos-coordinar-acciones-positivas-con-la-camara-de-diputados\\\/#primaryimage\",\"url\":\"https:\\\/\\\/informelitoral.com.ar\\\/%77%70%2d%63%6f%6e%74%65%6e%74\\\/uploads\\\/2025\\\/02\\\/hein-ayelen-acosta-scaled.jpg\",\"contentUrl\":\"https:\\\/\\\/informelitoral.com.ar\\\/%77%70%2d%63%6f%6e%74%65%6e%74\\\/uploads\\\/2025\\\/02\\\/hein-ayelen-acosta-scaled.jpg\",\"width\":2560,\"height\":1750},{\"@type\":\"BreadcrumbList\",\"@id\":\"https:\\\/\\\/informelitoral.com.ar\\\/ayelen-acosta-buscamos-coordinar-acciones-positivas-con-la-camara-de-diputados\\\/#breadcrumb\",\"itemListElement\":[{\"@type\":\"ListItem\",\"position\":1,\"name\":\"Portada\",\"item\":\"https:\\\/\\\/informelitoral.com.ar\\\/\"},{\"@type\":\"ListItem\",\"position\":2,\"name\":\"Ayel\u00e9n Acosta: \u201cBuscamos coordinar acciones positivas con la C\u00e1mara de Diputados\u201d\"}]},{\"@type\":\"WebSite\",\"@id\":\"https:\\\/\\\/informelitoral.com.ar\\\/#website\",\"url\":\"https:\\\/\\\/informelitoral.com.ar\\\/\",\"name\":\"Informe Litoral\",\"description\":\"&quot;Nos informamos&quot; \",\"publisher\":{\"@id\":\"https:\\\/\\\/informelitoral.com.ar\\\/#organization\"},\"potentialAction\":[{\"@type\":\"SearchAction\",\"target\":{\"@type\":\"EntryPoint\",\"urlTemplate\":\"https:\\\/\\\/informelitoral.com.ar\\\/?s={search_term_string}\"},\"query-input\":{\"@type\":\"PropertyValueSpecification\",\"valueRequired\":true,\"valueName\":\"search_term_string\"}}],\"inLanguage\":\"es\"},{\"@type\":\"Organization\",\"@id\":\"https:\\\/\\\/informelitoral.com.ar\\\/#organization\",\"name\":\"Informe Litoral\",\"url\":\"https:\\\/\\\/informelitoral.com.ar\\\/\",\"logo\":{\"@type\":\"ImageObject\",\"inLanguage\":\"es\",\"@id\":\"https:\\\/\\\/informelitoral.com.ar\\\/#\\\/schema\\\/logo\\\/image\\\/\",\"url\":\"https:\\\/\\\/informelitoral.com.ar\\\/%77%70%2d%63%6f%6e%74%65%6e%74\\\/uploads\\\/2021\\\/01\\\/circulo.png\",\"contentUrl\":\"https:\\\/\\\/informelitoral.com.ar\\\/%77%70%2d%63%6f%6e%74%65%6e%74\\\/uploads\\\/2021\\\/01\\\/circulo.png\",\"width\":723,\"height\":731,\"caption\":\"Informe Litoral\"},\"image\":{\"@id\":\"https:\\\/\\\/informelitoral.com.ar\\\/#\\\/schema\\\/logo\\\/image\\\/\"},\"sameAs\":[\"https:\\\/\\\/www.facebook.com\\\/informelitoral\\\/\",\"https:\\\/\\\/x.com\\\/InformeLitoral\",\"https:\\\/\\\/www.instagram.com\\\/informelitoral\\\/\",\"https:\\\/\\\/www.youtube.com\\\/channel\\\/UCua4Qvz8Icb6MYqhoq9xLXw\"]},{\"@type\":\"Person\",\"@id\":\"https:\\\/\\\/informelitoral.com.ar\\\/#\\\/schema\\\/person\\\/b9d00407c836482871ef1d57bf8e3180\",\"name\":\"Gonzalo Schmidt\",\"image\":{\"@type\":\"ImageObject\",\"inLanguage\":\"es\",\"@id\":\"https:\\\/\\\/secure.gravatar.com\\\/avatar\\\/31a1a7b66ff2de83bd0e9fd79d026630d2d99e55e8bfe501287647b4fd9743de?s=96&d=mm&r=g\",\"url\":\"https:\\\/\\\/secure.gravatar.com\\\/avatar\\\/31a1a7b66ff2de83bd0e9fd79d026630d2d99e55e8bfe501287647b4fd9743de?s=96&d=mm&r=g\",\"contentUrl\":\"https:\\\/\\\/secure.gravatar.com\\\/avatar\\\/31a1a7b66ff2de83bd0e9fd79d026630d2d99e55e8bfe501287647b4fd9743de?s=96&d=mm&r=g\",\"caption\":\"Gonzalo Schmidt\"},\"description\":\"Sitio web de noticias de la provincia de Entre R\u00edos, Argentina. Informaci\u00f3n y entretenimiento. Informe Litoral, nos informamos.\",\"sameAs\":[\"http:\\\/\\\/www.isletasnoticias.com.ar\"],\"url\":\"https:\\\/\\\/informelitoral.com.ar\\\/author\\\/gonzalo\\\/\"}]}<\/script>","yoast_head_json":{"title":"Ayel\u00e9n Acosta: \u201cBuscamos coordinar acciones positivas con la C\u00e1mara de Diputados\u201d - Informe Litoral","robots":{"index":"index","follow":"follow","max-snippet":"max-snippet:-1","max-image-preview":"max-image-preview:large","max-video-preview":"max-video-preview:-1"},"canonical":"https:\/\/informelitoral.com.ar\/ayelen-acosta-buscamos-coordinar-acciones-positivas-con-la-camara-de-diputados\/","og_locale":"es_ES","og_type":"article","og_title":"Ayel\u00e9n Acosta: \u201cBuscamos coordinar acciones positivas con la C\u00e1mara de Diputados\u201d - Informe Litoral","og_description":"La secretaria de Pol\u00edticas de Cuidado se reuni\u00f3 con el presidente de la CDER, Gustavo Hein. Dijo que buscan mayor sinton\u00eda entre esta repartici\u00f3n y el trabajo legislativo.","og_url":"https:\/\/informelitoral.com.ar\/ayelen-acosta-buscamos-coordinar-acciones-positivas-con-la-camara-de-diputados\/","og_site_name":"Informe Litoral","article_publisher":"https:\/\/www.facebook.com\/informelitoral\/","article_published_time":"2025-01-30T01:04:54+00:00","article_modified_time":"2025-03-01T01:07:57+00:00","og_image":[{"width":2560,"height":1750,"url":"https:\/\/informelitoral.com.ar\/%77%70%2d%63%6f%6e%74%65%6e%74\/uploads\/2025\/02\/hein-ayelen-acosta-scaled.jpg","type":"image\/jpeg"}],"author":"Gonzalo Schmidt","twitter_card":"summary_large_image","twitter_creator":"@InformeLitoral","twitter_site":"@InformeLitoral","twitter_misc":{"Escrito por":"Gonzalo Schmidt","Tiempo de lectura":"2 minutos"},"schema":{"@context":"https:\/\/schema.org","@graph":[{"@type":"Article","@id":"https:\/\/informelitoral.com.ar\/ayelen-acosta-buscamos-coordinar-acciones-positivas-con-la-camara-de-diputados\/#article","isPartOf":{"@id":"https:\/\/informelitoral.com.ar\/ayelen-acosta-buscamos-coordinar-acciones-positivas-con-la-camara-de-diputados\/"},"author":{"name":"Gonzalo Schmidt","@id":"https:\/\/informelitoral.com.ar\/#\/schema\/person\/b9d00407c836482871ef1d57bf8e3180"},"headline":"Ayel\u00e9n Acosta: \u201cBuscamos coordinar acciones positivas con la C\u00e1mara de Diputados\u201d","datePublished":"2025-01-30T01:04:54+00:00","dateModified":"2025-03-01T01:07:57+00:00","mainEntityOfPage":{"@id":"https:\/\/informelitoral.com.ar\/ayelen-acosta-buscamos-coordinar-acciones-positivas-con-la-camara-de-diputados\/"},"wordCount":430,"commentCount":0,"publisher":{"@id":"https:\/\/informelitoral.com.ar\/#organization"},"image":{"@id":"https:\/\/informelitoral.com.ar\/ayelen-acosta-buscamos-coordinar-acciones-positivas-con-la-camara-de-diputados\/#primaryimage"},"thumbnailUrl":"https:\/\/informelitoral.com.ar\/%77%70%2d%63%6f%6e%74%65%6e%74\/uploads\/2025\/02\/hein-ayelen-acosta-scaled.jpg","keywords":["Ayel\u00e9n Acosta","C\u00e1mara de Diputados","Diputados","Legislativas"],"articleSection":["Politica"],"inLanguage":"es","potentialAction":[{"@type":"CommentAction","name":"Comment","target":["https:\/\/informelitoral.com.ar\/ayelen-acosta-buscamos-coordinar-acciones-positivas-con-la-camara-de-diputados\/#respond"]}]},{"@type":"WebPage","@id":"https:\/\/informelitoral.com.ar\/ayelen-acosta-buscamos-coordinar-acciones-positivas-con-la-camara-de-diputados\/","url":"https:\/\/informelitoral.com.ar\/ayelen-acosta-buscamos-coordinar-acciones-positivas-con-la-camara-de-diputados\/","name":"Ayel\u00e9n Acosta: \u201cBuscamos coordinar acciones positivas con la C\u00e1mara de Diputados\u201d - Informe Litoral","isPartOf":{"@id":"https:\/\/informelitoral.com.ar\/#website"},"primaryImageOfPage":{"@id":"https:\/\/informelitoral.com.ar\/ayelen-acosta-buscamos-coordinar-acciones-positivas-con-la-camara-de-diputados\/#primaryimage"},"image":{"@id":"https:\/\/informelitoral.com.ar\/ayelen-acosta-buscamos-coordinar-acciones-positivas-con-la-camara-de-diputados\/#primaryimage"},"thumbnailUrl":"https:\/\/informelitoral.com.ar\/%77%70%2d%63%6f%6e%74%65%6e%74\/uploads\/2025\/02\/hein-ayelen-acosta-scaled.jpg","datePublished":"2025-01-30T01:04:54+00:00","dateModified":"2025-03-01T01:07:57+00:00","breadcrumb":{"@id":"https:\/\/informelitoral.com.ar\/ayelen-acosta-buscamos-coordinar-acciones-positivas-con-la-camara-de-diputados\/#breadcrumb"},"inLanguage":"es","potentialAction":[{"@type":"ReadAction","target":["https:\/\/informelitoral.com.ar\/ayelen-acosta-buscamos-coordinar-acciones-positivas-con-la-camara-de-diputados\/"]}]},{"@type":"ImageObject","inLanguage":"es","@id":"https:\/\/informelitoral.com.ar\/ayelen-acosta-buscamos-coordinar-acciones-positivas-con-la-camara-de-diputados\/#primaryimage","url":"https:\/\/informelitoral.com.ar\/%77%70%2d%63%6f%6e%74%65%6e%74\/uploads\/2025\/02\/hein-ayelen-acosta-scaled.jpg","contentUrl":"https:\/\/informelitoral.com.ar\/%77%70%2d%63%6f%6e%74%65%6e%74\/uploads\/2025\/02\/hein-ayelen-acosta-scaled.jpg","width":2560,"height":1750},{"@type":"BreadcrumbList","@id":"https:\/\/informelitoral.com.ar\/ayelen-acosta-buscamos-coordinar-acciones-positivas-con-la-camara-de-diputados\/#breadcrumb","itemListElement":[{"@type":"ListItem","position":1,"name":"Portada","item":"https:\/\/informelitoral.com.ar\/"},{"@type":"ListItem","position":2,"name":"Ayel\u00e9n Acosta: \u201cBuscamos coordinar acciones positivas con la C\u00e1mara de Diputados\u201d"}]},{"@type":"WebSite","@id":"https:\/\/informelitoral.com.ar\/#website","url":"https:\/\/informelitoral.com.ar\/","name":"Informe Litoral","description":"&quot;Nos informamos&quot; ","publisher":{"@id":"https:\/\/informelitoral.com.ar\/#organization"},"potentialAction":[{"@type":"SearchAction","target":{"@type":"EntryPoint","urlTemplate":"https:\/\/informelitoral.com.ar\/?s={search_term_string}"},"query-input":{"@type":"PropertyValueSpecification","valueRequired":true,"valueName":"search_term_string"}}],"inLanguage":"es"},{"@type":"Organization","@id":"https:\/\/informelitoral.com.ar\/#organization","name":"Informe Litoral","url":"https:\/\/informelitoral.com.ar\/","logo":{"@type":"ImageObject","inLanguage":"es","@id":"https:\/\/informelitoral.com.ar\/#\/schema\/logo\/image\/","url":"https:\/\/informelitoral.com.ar\/%77%70%2d%63%6f%6e%74%65%6e%74\/uploads\/2021\/01\/circulo.png","contentUrl":"https:\/\/informelitoral.com.ar\/%77%70%2d%63%6f%6e%74%65%6e%74\/uploads\/2021\/01\/circulo.png","width":723,"height":731,"caption":"Informe Litoral"},"image":{"@id":"https:\/\/informelitoral.com.ar\/#\/schema\/logo\/image\/"},"sameAs":["https:\/\/www.facebook.com\/informelitoral\/","https:\/\/x.com\/InformeLitoral","https:\/\/www.instagram.com\/informelitoral\/","https:\/\/www.youtube.com\/channel\/UCua4Qvz8Icb6MYqhoq9xLXw"]},{"@type":"Person","@id":"https:\/\/informelitoral.com.ar\/#\/schema\/person\/b9d00407c836482871ef1d57bf8e3180","name":"Gonzalo Schmidt","image":{"@type":"ImageObject","inLanguage":"es","@id":"https:\/\/secure.gravatar.com\/avatar\/31a1a7b66ff2de83bd0e9fd79d026630d2d99e55e8bfe501287647b4fd9743de?s=96&d=mm&r=g","url":"https:\/\/secure.gravatar.com\/avatar\/31a1a7b66ff2de83bd0e9fd79d026630d2d99e55e8bfe501287647b4fd9743de?s=96&d=mm&r=g","contentUrl":"https:\/\/secure.gravatar.com\/avatar\/31a1a7b66ff2de83bd0e9fd79d026630d2d99e55e8bfe501287647b4fd9743de?s=96&d=mm&r=g","caption":"Gonzalo Schmidt"},"description":"Sitio web de noticias de la provincia de Entre R\u00edos, Argentina. Informaci\u00f3n y entretenimiento. Informe Litoral, nos informamos.","sameAs":["http:\/\/www.isletasnoticias.com.ar"],"url":"https:\/\/informelitoral.com.ar\/author\/gonzalo\/"}]}},"_links":{"self":[{"href":"https:\/\/informelitoral.com.ar\/%77%70%2d%6a%73%6f%6e\/wp\/v2\/posts\/213459","targetHints":{"allow":["GET"]}}],"collection":[{"href":"https:\/\/informelitoral.com.ar\/%77%70%2d%6a%73%6f%6e\/wp\/v2\/posts"}],"about":[{"href":"https:\/\/informelitoral.com.ar\/%77%70%2d%6a%73%6f%6e\/wp\/v2\/types\/post"}],"author":[{"embeddable":true,"href":"https:\/\/informelitoral.com.ar\/%77%70%2d%6a%73%6f%6e\/wp\/v2\/users\/2"}],"replies":[{"embeddable":true,"href":"https:\/\/informelitoral.com.ar\/%77%70%2d%6a%73%6f%6e\/wp\/v2\/comments?post=213459"}],"version-history":[{"count":0,"href":"https:\/\/informelitoral.com.ar\/%77%70%2d%6a%73%6f%6e\/wp\/v2\/posts\/213459\/revisions"}],"wp:featuredmedia":[{"embeddable":true,"href":"https:\/\/informelitoral.com.ar\/%77%70%2d%6a%73%6f%6e\/wp\/v2\/media\/213460"}],"wp:attachment":[{"href":"https:\/\/informelitoral.com.ar\/%77%70%2d%6a%73%6f%6e\/wp\/v2\/media?parent=213459"}],"wp:term":[{"taxonomy":"category","embeddable":true,"href":"https:\/\/informelitoral.com.ar\/%77%70%2d%6a%73%6f%6e\/wp\/v2\/categories?post=213459"},{"taxonomy":"post_tag","embeddable":true,"href":"https:\/\/informelitoral.com.ar\/%77%70%2d%6a%73%6f%6e\/wp\/v2\/tags?post=213459"}],"curies":[{"name":"wp","href":"https:\/\/api.w.org\/{rel}","templated":true}]}}