{"id":213420,"date":"2025-02-28T14:56:15","date_gmt":"2025-02-28T17:56:15","guid":{"rendered":"https:\/\/informelitoral.com.ar\/?p=213420"},"modified":"2025-02-28T22:21:30","modified_gmt":"2025-03-01T01:21:30","slug":"el-instituto-becario-realizara-tramites-para-las-becas-secundarias-en-ramirez","status":"publish","type":"post","link":"https:\/\/informelitoral.com.ar\/el-instituto-becario-realizara-tramites-para-las-becas-secundarias-en-ramirez\/","title":{"rendered":"El Instituto Becario realizar\u00e1 tr\u00e1mites para las Becas Secundarias en Ram\u00edrez"},"content":{"rendered":"<p>El<strong> Instituto Becario<\/strong> llevar\u00e1 a cabo un abordaje territorial en <strong>General Ram\u00edrez<\/strong> el pr\u00f3ximo jueves 6 de marzo, con el fin de brindar informaci\u00f3n y realizar tr\u00e1mites para las <strong>Becas Secundarias 2025<\/strong>.<\/p>\n<h2><strong>Detalles del evento:<\/strong><\/h2>\n<ul>\n<li>Fecha: Jueves 6 de marzo.<\/li>\n<li>Horario: De 9:00 a 13:00 horas.<\/li>\n<li>Lugar: Casa Municipal de la Cultura, ubicada en Belgrano 430, General Ram\u00edrez.<\/li>\n<\/ul>\n<p>Durante la jornada, los interesados podr\u00e1n realizar consultas e inscribirse para acceder a las becas secundarias correspondientes al ciclo lectivo 2025.<\/p>\n<p>Para obtener m\u00e1s informaci\u00f3n sobre las becas y los requisitos, se puede visitar la p\u00e1gina web oficial del organismo:<strong> <a href=\"http:\/\/www.institutobecario.gov.ar\">www.institutobecario.gov.ar<\/a><\/strong><\/p>\n<h2><strong>Documentaci\u00f3n a digitalizar<\/strong><\/h2>\n<h2><strong>Renovaciones 2025<\/strong><\/h2>\n<ul>\n<li>Constancia de alumno\/a regular o inscripci\u00f3n al ciclo lectivo a\u00f1o 2025.<\/li>\n<li>Bolet\u00edn de calificaciones a\u00f1o 2024 firmado por la autoridad del establecimiento.<\/li>\n<\/ul>\n<h2><strong>Becas nuevas 2025<\/strong><\/h2>\n<ul>\n<li>DNI, ambos lados (solicitante).<\/li>\n<li>Constancia de CUIL (solicitante).<\/li>\n<li>Constancia de alumno\/a regular o inscripci\u00f3n al ciclo lectivo a\u00f1o 2025.<\/li>\n<li>Bolet\u00edn de calificaciones a\u00f1o 2024 firmado por la autoridad del establecimiento, ambos lados.<\/li>\n<\/ul>\n<h2><strong>Comprobantes de ingresos, seg\u00fan corresponda:<\/strong><\/h2>\n<ul>\n<li>Trabajadores registrados: 2 (dos) \u00faltimos recibos de sueldo.<\/li>\n<li>Jubilados: \u00faltimo recibo de jubilaci\u00f3n.<\/li>\n<li>Asignaci\u00f3n Universal por Hijo u otros planes sociales: Comprobante actualizado que acredite con datos personales dicho beneficio.<\/li>\n<li>Trabajadores no registrados y desocupados: declaraci\u00f3n jurada realizada en la comisar\u00eda m\u00e1s cercana. La misma, debe informar qu\u00e9 actividad efect\u00faa y qu\u00e9 ingreso aproximado mensual posee y Certificaci\u00f3n Negativa de ANSES (actualizada).<\/li>\n<li>Monotributista: constancia de opci\u00f3n a AFIP donde figure la categor\u00eda.<br \/>\nOtro: si tus padres son separados o divorciados, acreditar con la correspondiente documentaci\u00f3n. <em>(Informe Litoral)<\/em><\/li>\n<\/ul>\n","protected":false},"excerpt":{"rendered":"<p>La atenci\u00f3n se llevar\u00e1 a cabo el jueves, 6 de marzo, en la Casa Municipal de la Cultura.<\/p>\n","protected":false},"author":8,"featured_media":75903,"comment_status":"open","ping_status":"open","sticky":false,"template":"","format":"standard","meta":{"fifu_image_url":"","fifu_image_alt":"","footnotes":""},"categories":[5,4586],"tags":[3061,381,556,382,111],"class_list":{"0":"post-213420","1":"post","2":"type-post","3":"status-publish","4":"format-standard","5":"has-post-thumbnail","7":"category-zonales","8":"category-general-ramirez","9":"tag-atencion-al-publico","10":"tag-becas","11":"tag-general-ramirez","12":"tag-inaubepro","13":"tag-municipales"},"yoast_head":"<title>El Instituto Becario realizar\u00e1 tr\u00e1mites para las Becas Secundarias en Ram\u00edrez - Informe Litoral<\/title>\n<meta name=\"robots\" content=\"index, follow, max-snippet:-1, max-image-preview:large, max-video-preview:-1\" \/>\n<link rel=\"canonical\" href=\"https:\/\/informelitoral.com.ar\/el-instituto-becario-realizara-tramites-para-las-becas-secundarias-en-ramirez\/\" \/>\n<meta property=\"og:locale\" content=\"es_ES\" \/>\n<meta property=\"og:type\" content=\"article\" \/>\n<meta property=\"og:title\" content=\"El Instituto Becario realizar\u00e1 tr\u00e1mites para las Becas Secundarias en Ram\u00edrez - Informe Litoral\" \/>\n<meta property=\"og:description\" content=\"La atenci\u00f3n se llevar\u00e1 a cabo el jueves, 6 de marzo, en la Casa Municipal de la Cultura.\" \/>\n<meta property=\"og:url\" content=\"https:\/\/informelitoral.com.ar\/el-instituto-becario-realizara-tramites-para-las-becas-secundarias-en-ramirez\/\" \/>\n<meta property=\"og:site_name\" content=\"Informe Litoral\" \/>\n<meta property=\"article:publisher\" content=\"https:\/\/www.facebook.com\/informelitoral\/\" \/>\n<meta property=\"article:published_time\" content=\"2025-02-28T17:56:15+00:00\" \/>\n<meta property=\"article:modified_time\" content=\"2025-03-01T01:21:30+00:00\" \/>\n<meta property=\"og:image\" content=\"https:\/\/informelitoral.com.ar\/%77%70%2d%63%6f%6e%74%65%6e%74\/uploads\/2022\/04\/municipalidad-gral-ramirez-2022.jpg\" \/>\n\t<meta property=\"og:image:width\" content=\"1600\" \/>\n\t<meta property=\"og:image:height\" content=\"1200\" \/>\n\t<meta property=\"og:image:type\" content=\"image\/jpeg\" \/>\n<meta name=\"author\" content=\"Sebastian\" \/>\n<meta name=\"twitter:card\" content=\"summary_large_image\" \/>\n<meta name=\"twitter:creator\" content=\"@InformeLitoral\" \/>\n<meta name=\"twitter:site\" content=\"@InformeLitoral\" \/>\n<meta name=\"twitter:label1\" content=\"Escrito por\" \/>\n\t<meta name=\"twitter:data1\" content=\"Sebastian\" \/>\n\t<meta name=\"twitter:label2\" content=\"Tiempo de lectura\" \/>\n\t<meta name=\"twitter:data2\" content=\"1 minuto\" \/>\n<script type=\"application\/ld+json\" class=\"yoast-schema-graph\">{\"@context\":\"https:\\\/\\\/schema.org\",\"@graph\":[{\"@type\":\"Article\",\"@id\":\"https:\\\/\\\/informelitoral.com.ar\\\/el-instituto-becario-realizara-tramites-para-las-becas-secundarias-en-ramirez\\\/#article\",\"isPartOf\":{\"@id\":\"https:\\\/\\\/informelitoral.com.ar\\\/el-instituto-becario-realizara-tramites-para-las-becas-secundarias-en-ramirez\\\/\"},\"author\":{\"name\":\"Sebastian\",\"@id\":\"https:\\\/\\\/informelitoral.com.ar\\\/#\\\/schema\\\/person\\\/f05f9f461677119578717524b127d6d5\"},\"headline\":\"El Instituto Becario realizar\u00e1 tr\u00e1mites para las Becas Secundarias en Ram\u00edrez\",\"datePublished\":\"2025-02-28T17:56:15+00:00\",\"dateModified\":\"2025-03-01T01:21:30+00:00\",\"mainEntityOfPage\":{\"@id\":\"https:\\\/\\\/informelitoral.com.ar\\\/el-instituto-becario-realizara-tramites-para-las-becas-secundarias-en-ramirez\\\/\"},\"wordCount\":286,\"commentCount\":0,\"publisher\":{\"@id\":\"https:\\\/\\\/informelitoral.com.ar\\\/#organization\"},\"image\":{\"@id\":\"https:\\\/\\\/informelitoral.com.ar\\\/el-instituto-becario-realizara-tramites-para-las-becas-secundarias-en-ramirez\\\/#primaryimage\"},\"thumbnailUrl\":\"https:\\\/\\\/informelitoral.com.ar\\\/%77%70%2d%63%6f%6e%74%65%6e%74\\\/uploads\\\/2022\\\/04\\\/municipalidad-gral-ramirez-2022.jpg\",\"keywords\":[\"Atenci\u00f3n al p\u00fablico\",\"Becas\",\"General Ram\u00edrez\",\"InAuBePro\",\"Municipales\"],\"articleSection\":[\"Departamento Diamante\",\"General Ram\u00edrez\"],\"inLanguage\":\"es\",\"potentialAction\":[{\"@type\":\"CommentAction\",\"name\":\"Comment\",\"target\":[\"https:\\\/\\\/informelitoral.com.ar\\\/el-instituto-becario-realizara-tramites-para-las-becas-secundarias-en-ramirez\\\/#respond\"]}]},{\"@type\":\"WebPage\",\"@id\":\"https:\\\/\\\/informelitoral.com.ar\\\/el-instituto-becario-realizara-tramites-para-las-becas-secundarias-en-ramirez\\\/\",\"url\":\"https:\\\/\\\/informelitoral.com.ar\\\/el-instituto-becario-realizara-tramites-para-las-becas-secundarias-en-ramirez\\\/\",\"name\":\"El Instituto Becario realizar\u00e1 tr\u00e1mites para las Becas Secundarias en Ram\u00edrez - Informe Litoral\",\"isPartOf\":{\"@id\":\"https:\\\/\\\/informelitoral.com.ar\\\/#website\"},\"primaryImageOfPage\":{\"@id\":\"https:\\\/\\\/informelitoral.com.ar\\\/el-instituto-becario-realizara-tramites-para-las-becas-secundarias-en-ramirez\\\/#primaryimage\"},\"image\":{\"@id\":\"https:\\\/\\\/informelitoral.com.ar\\\/el-instituto-becario-realizara-tramites-para-las-becas-secundarias-en-ramirez\\\/#primaryimage\"},\"thumbnailUrl\":\"https:\\\/\\\/informelitoral.com.ar\\\/%77%70%2d%63%6f%6e%74%65%6e%74\\\/uploads\\\/2022\\\/04\\\/municipalidad-gral-ramirez-2022.jpg\",\"datePublished\":\"2025-02-28T17:56:15+00:00\",\"dateModified\":\"2025-03-01T01:21:30+00:00\",\"breadcrumb\":{\"@id\":\"https:\\\/\\\/informelitoral.com.ar\\\/el-instituto-becario-realizara-tramites-para-las-becas-secundarias-en-ramirez\\\/#breadcrumb\"},\"inLanguage\":\"es\",\"potentialAction\":[{\"@type\":\"ReadAction\",\"target\":[\"https:\\\/\\\/informelitoral.com.ar\\\/el-instituto-becario-realizara-tramites-para-las-becas-secundarias-en-ramirez\\\/\"]}]},{\"@type\":\"ImageObject\",\"inLanguage\":\"es\",\"@id\":\"https:\\\/\\\/informelitoral.com.ar\\\/el-instituto-becario-realizara-tramites-para-las-becas-secundarias-en-ramirez\\\/#primaryimage\",\"url\":\"https:\\\/\\\/informelitoral.com.ar\\\/%77%70%2d%63%6f%6e%74%65%6e%74\\\/uploads\\\/2022\\\/04\\\/municipalidad-gral-ramirez-2022.jpg\",\"contentUrl\":\"https:\\\/\\\/informelitoral.com.ar\\\/%77%70%2d%63%6f%6e%74%65%6e%74\\\/uploads\\\/2022\\\/04\\\/municipalidad-gral-ramirez-2022.jpg\",\"width\":1600,\"height\":1200},{\"@type\":\"BreadcrumbList\",\"@id\":\"https:\\\/\\\/informelitoral.com.ar\\\/el-instituto-becario-realizara-tramites-para-las-becas-secundarias-en-ramirez\\\/#breadcrumb\",\"itemListElement\":[{\"@type\":\"ListItem\",\"position\":1,\"name\":\"Portada\",\"item\":\"https:\\\/\\\/informelitoral.com.ar\\\/\"},{\"@type\":\"ListItem\",\"position\":2,\"name\":\"El Instituto Becario realizar\u00e1 tr\u00e1mites para las Becas Secundarias en Ram\u00edrez\"}]},{\"@type\":\"WebSite\",\"@id\":\"https:\\\/\\\/informelitoral.com.ar\\\/#website\",\"url\":\"https:\\\/\\\/informelitoral.com.ar\\\/\",\"name\":\"Informe Litoral\",\"description\":\"&quot;Nos informamos&quot; \",\"publisher\":{\"@id\":\"https:\\\/\\\/informelitoral.com.ar\\\/#organization\"},\"potentialAction\":[{\"@type\":\"SearchAction\",\"target\":{\"@type\":\"EntryPoint\",\"urlTemplate\":\"https:\\\/\\\/informelitoral.com.ar\\\/?s={search_term_string}\"},\"query-input\":{\"@type\":\"PropertyValueSpecification\",\"valueRequired\":true,\"valueName\":\"search_term_string\"}}],\"inLanguage\":\"es\"},{\"@type\":\"Organization\",\"@id\":\"https:\\\/\\\/informelitoral.com.ar\\\/#organization\",\"name\":\"Informe Litoral\",\"url\":\"https:\\\/\\\/informelitoral.com.ar\\\/\",\"logo\":{\"@type\":\"ImageObject\",\"inLanguage\":\"es\",\"@id\":\"https:\\\/\\\/informelitoral.com.ar\\\/#\\\/schema\\\/logo\\\/image\\\/\",\"url\":\"https:\\\/\\\/informelitoral.com.ar\\\/%77%70%2d%63%6f%6e%74%65%6e%74\\\/uploads\\\/2021\\\/01\\\/circulo.png\",\"contentUrl\":\"https:\\\/\\\/informelitoral.com.ar\\\/%77%70%2d%63%6f%6e%74%65%6e%74\\\/uploads\\\/2021\\\/01\\\/circulo.png\",\"width\":723,\"height\":731,\"caption\":\"Informe Litoral\"},\"image\":{\"@id\":\"https:\\\/\\\/informelitoral.com.ar\\\/#\\\/schema\\\/logo\\\/image\\\/\"},\"sameAs\":[\"https:\\\/\\\/www.facebook.com\\\/informelitoral\\\/\",\"https:\\\/\\\/x.com\\\/InformeLitoral\",\"https:\\\/\\\/www.instagram.com\\\/informelitoral\\\/\",\"https:\\\/\\\/www.youtube.com\\\/channel\\\/UCua4Qvz8Icb6MYqhoq9xLXw\"]},{\"@type\":\"Person\",\"@id\":\"https:\\\/\\\/informelitoral.com.ar\\\/#\\\/schema\\\/person\\\/f05f9f461677119578717524b127d6d5\",\"name\":\"Sebastian\",\"image\":{\"@type\":\"ImageObject\",\"inLanguage\":\"es\",\"@id\":\"https:\\\/\\\/secure.gravatar.com\\\/avatar\\\/b71bf7481d447dfb9583c7f2798e7cc64de6efb9067b74633ed8c31059a3bd82?s=96&d=mm&r=g\",\"url\":\"https:\\\/\\\/secure.gravatar.com\\\/avatar\\\/b71bf7481d447dfb9583c7f2798e7cc64de6efb9067b74633ed8c31059a3bd82?s=96&d=mm&r=g\",\"contentUrl\":\"https:\\\/\\\/secure.gravatar.com\\\/avatar\\\/b71bf7481d447dfb9583c7f2798e7cc64de6efb9067b74633ed8c31059a3bd82?s=96&d=mm&r=g\",\"caption\":\"Sebastian\"},\"url\":\"https:\\\/\\\/informelitoral.com.ar\\\/author\\\/sebastian\\\/\"}]}<\/script>","yoast_head_json":{"title":"El Instituto Becario realizar\u00e1 tr\u00e1mites para las Becas Secundarias en Ram\u00edrez - Informe Litoral","robots":{"index":"index","follow":"follow","max-snippet":"max-snippet:-1","max-image-preview":"max-image-preview:large","max-video-preview":"max-video-preview:-1"},"canonical":"https:\/\/informelitoral.com.ar\/el-instituto-becario-realizara-tramites-para-las-becas-secundarias-en-ramirez\/","og_locale":"es_ES","og_type":"article","og_title":"El Instituto Becario realizar\u00e1 tr\u00e1mites para las Becas Secundarias en Ram\u00edrez - Informe Litoral","og_description":"La atenci\u00f3n se llevar\u00e1 a cabo el jueves, 6 de marzo, en la Casa Municipal de la Cultura.","og_url":"https:\/\/informelitoral.com.ar\/el-instituto-becario-realizara-tramites-para-las-becas-secundarias-en-ramirez\/","og_site_name":"Informe Litoral","article_publisher":"https:\/\/www.facebook.com\/informelitoral\/","article_published_time":"2025-02-28T17:56:15+00:00","article_modified_time":"2025-03-01T01:21:30+00:00","og_image":[{"width":1600,"height":1200,"url":"https:\/\/informelitoral.com.ar\/%77%70%2d%63%6f%6e%74%65%6e%74\/uploads\/2022\/04\/municipalidad-gral-ramirez-2022.jpg","type":"image\/jpeg"}],"author":"Sebastian","twitter_card":"summary_large_image","twitter_creator":"@InformeLitoral","twitter_site":"@InformeLitoral","twitter_misc":{"Escrito por":"Sebastian","Tiempo de lectura":"1 minuto"},"schema":{"@context":"https:\/\/schema.org","@graph":[{"@type":"Article","@id":"https:\/\/informelitoral.com.ar\/el-instituto-becario-realizara-tramites-para-las-becas-secundarias-en-ramirez\/#article","isPartOf":{"@id":"https:\/\/informelitoral.com.ar\/el-instituto-becario-realizara-tramites-para-las-becas-secundarias-en-ramirez\/"},"author":{"name":"Sebastian","@id":"https:\/\/informelitoral.com.ar\/#\/schema\/person\/f05f9f461677119578717524b127d6d5"},"headline":"El Instituto Becario realizar\u00e1 tr\u00e1mites para las Becas Secundarias en Ram\u00edrez","datePublished":"2025-02-28T17:56:15+00:00","dateModified":"2025-03-01T01:21:30+00:00","mainEntityOfPage":{"@id":"https:\/\/informelitoral.com.ar\/el-instituto-becario-realizara-tramites-para-las-becas-secundarias-en-ramirez\/"},"wordCount":286,"commentCount":0,"publisher":{"@id":"https:\/\/informelitoral.com.ar\/#organization"},"image":{"@id":"https:\/\/informelitoral.com.ar\/el-instituto-becario-realizara-tramites-para-las-becas-secundarias-en-ramirez\/#primaryimage"},"thumbnailUrl":"https:\/\/informelitoral.com.ar\/%77%70%2d%63%6f%6e%74%65%6e%74\/uploads\/2022\/04\/municipalidad-gral-ramirez-2022.jpg","keywords":["Atenci\u00f3n al p\u00fablico","Becas","General Ram\u00edrez","InAuBePro","Municipales"],"articleSection":["Departamento Diamante","General Ram\u00edrez"],"inLanguage":"es","potentialAction":[{"@type":"CommentAction","name":"Comment","target":["https:\/\/informelitoral.com.ar\/el-instituto-becario-realizara-tramites-para-las-becas-secundarias-en-ramirez\/#respond"]}]},{"@type":"WebPage","@id":"https:\/\/informelitoral.com.ar\/el-instituto-becario-realizara-tramites-para-las-becas-secundarias-en-ramirez\/","url":"https:\/\/informelitoral.com.ar\/el-instituto-becario-realizara-tramites-para-las-becas-secundarias-en-ramirez\/","name":"El Instituto Becario realizar\u00e1 tr\u00e1mites para las Becas Secundarias en Ram\u00edrez - Informe Litoral","isPartOf":{"@id":"https:\/\/informelitoral.com.ar\/#website"},"primaryImageOfPage":{"@id":"https:\/\/informelitoral.com.ar\/el-instituto-becario-realizara-tramites-para-las-becas-secundarias-en-ramirez\/#primaryimage"},"image":{"@id":"https:\/\/informelitoral.com.ar\/el-instituto-becario-realizara-tramites-para-las-becas-secundarias-en-ramirez\/#primaryimage"},"thumbnailUrl":"https:\/\/informelitoral.com.ar\/%77%70%2d%63%6f%6e%74%65%6e%74\/uploads\/2022\/04\/municipalidad-gral-ramirez-2022.jpg","datePublished":"2025-02-28T17:56:15+00:00","dateModified":"2025-03-01T01:21:30+00:00","breadcrumb":{"@id":"https:\/\/informelitoral.com.ar\/el-instituto-becario-realizara-tramites-para-las-becas-secundarias-en-ramirez\/#breadcrumb"},"inLanguage":"es","potentialAction":[{"@type":"ReadAction","target":["https:\/\/informelitoral.com.ar\/el-instituto-becario-realizara-tramites-para-las-becas-secundarias-en-ramirez\/"]}]},{"@type":"ImageObject","inLanguage":"es","@id":"https:\/\/informelitoral.com.ar\/el-instituto-becario-realizara-tramites-para-las-becas-secundarias-en-ramirez\/#primaryimage","url":"https:\/\/informelitoral.com.ar\/%77%70%2d%63%6f%6e%74%65%6e%74\/uploads\/2022\/04\/municipalidad-gral-ramirez-2022.jpg","contentUrl":"https:\/\/informelitoral.com.ar\/%77%70%2d%63%6f%6e%74%65%6e%74\/uploads\/2022\/04\/municipalidad-gral-ramirez-2022.jpg","width":1600,"height":1200},{"@type":"BreadcrumbList","@id":"https:\/\/informelitoral.com.ar\/el-instituto-becario-realizara-tramites-para-las-becas-secundarias-en-ramirez\/#breadcrumb","itemListElement":[{"@type":"ListItem","position":1,"name":"Portada","item":"https:\/\/informelitoral.com.ar\/"},{"@type":"ListItem","position":2,"name":"El Instituto Becario realizar\u00e1 tr\u00e1mites para las Becas Secundarias en Ram\u00edrez"}]},{"@type":"WebSite","@id":"https:\/\/informelitoral.com.ar\/#website","url":"https:\/\/informelitoral.com.ar\/","name":"Informe Litoral","description":"&quot;Nos informamos&quot; ","publisher":{"@id":"https:\/\/informelitoral.com.ar\/#organization"},"potentialAction":[{"@type":"SearchAction","target":{"@type":"EntryPoint","urlTemplate":"https:\/\/informelitoral.com.ar\/?s={search_term_string}"},"query-input":{"@type":"PropertyValueSpecification","valueRequired":true,"valueName":"search_term_string"}}],"inLanguage":"es"},{"@type":"Organization","@id":"https:\/\/informelitoral.com.ar\/#organization","name":"Informe Litoral","url":"https:\/\/informelitoral.com.ar\/","logo":{"@type":"ImageObject","inLanguage":"es","@id":"https:\/\/informelitoral.com.ar\/#\/schema\/logo\/image\/","url":"https:\/\/informelitoral.com.ar\/%77%70%2d%63%6f%6e%74%65%6e%74\/uploads\/2021\/01\/circulo.png","contentUrl":"https:\/\/informelitoral.com.ar\/%77%70%2d%63%6f%6e%74%65%6e%74\/uploads\/2021\/01\/circulo.png","width":723,"height":731,"caption":"Informe Litoral"},"image":{"@id":"https:\/\/informelitoral.com.ar\/#\/schema\/logo\/image\/"},"sameAs":["https:\/\/www.facebook.com\/informelitoral\/","https:\/\/x.com\/InformeLitoral","https:\/\/www.instagram.com\/informelitoral\/","https:\/\/www.youtube.com\/channel\/UCua4Qvz8Icb6MYqhoq9xLXw"]},{"@type":"Person","@id":"https:\/\/informelitoral.com.ar\/#\/schema\/person\/f05f9f461677119578717524b127d6d5","name":"Sebastian","image":{"@type":"ImageObject","inLanguage":"es","@id":"https:\/\/secure.gravatar.com\/avatar\/b71bf7481d447dfb9583c7f2798e7cc64de6efb9067b74633ed8c31059a3bd82?s=96&d=mm&r=g","url":"https:\/\/secure.gravatar.com\/avatar\/b71bf7481d447dfb9583c7f2798e7cc64de6efb9067b74633ed8c31059a3bd82?s=96&d=mm&r=g","contentUrl":"https:\/\/secure.gravatar.com\/avatar\/b71bf7481d447dfb9583c7f2798e7cc64de6efb9067b74633ed8c31059a3bd82?s=96&d=mm&r=g","caption":"Sebastian"},"url":"https:\/\/informelitoral.com.ar\/author\/sebastian\/"}]}},"_links":{"self":[{"href":"https:\/\/informelitoral.com.ar\/%77%70%2d%6a%73%6f%6e\/wp\/v2\/posts\/213420","targetHints":{"allow":["GET"]}}],"collection":[{"href":"https:\/\/informelitoral.com.ar\/%77%70%2d%6a%73%6f%6e\/wp\/v2\/posts"}],"about":[{"href":"https:\/\/informelitoral.com.ar\/%77%70%2d%6a%73%6f%6e\/wp\/v2\/types\/post"}],"author":[{"embeddable":true,"href":"https:\/\/informelitoral.com.ar\/%77%70%2d%6a%73%6f%6e\/wp\/v2\/users\/8"}],"replies":[{"embeddable":true,"href":"https:\/\/informelitoral.com.ar\/%77%70%2d%6a%73%6f%6e\/wp\/v2\/comments?post=213420"}],"version-history":[{"count":0,"href":"https:\/\/informelitoral.com.ar\/%77%70%2d%6a%73%6f%6e\/wp\/v2\/posts\/213420\/revisions"}],"wp:featuredmedia":[{"embeddable":true,"href":"https:\/\/informelitoral.com.ar\/%77%70%2d%6a%73%6f%6e\/wp\/v2\/media\/75903"}],"wp:attachment":[{"href":"https:\/\/informelitoral.com.ar\/%77%70%2d%6a%73%6f%6e\/wp\/v2\/media?parent=213420"}],"wp:term":[{"taxonomy":"category","embeddable":true,"href":"https:\/\/informelitoral.com.ar\/%77%70%2d%6a%73%6f%6e\/wp\/v2\/categories?post=213420"},{"taxonomy":"post_tag","embeddable":true,"href":"https:\/\/informelitoral.com.ar\/%77%70%2d%6a%73%6f%6e\/wp\/v2\/tags?post=213420"}],"curies":[{"name":"wp","href":"https:\/\/api.w.org\/{rel}","templated":true}]}}