{"id":213408,"date":"2025-02-28T14:23:05","date_gmt":"2025-02-28T17:23:05","guid":{"rendered":"https:\/\/informelitoral.com.ar\/?p=213408"},"modified":"2025-02-28T14:43:44","modified_gmt":"2025-02-28T17:43:44","slug":"boca-vs-rosario-central-hora-tv-y-formaciones","status":"publish","type":"post","link":"https:\/\/informelitoral.com.ar\/boca-vs-rosario-central-hora-tv-y-formaciones\/","title":{"rendered":"Boca vs. Rosario Central: hora, TV y formaciones"},"content":{"rendered":"<p class=\"paragraph font__body-regular\"><b>Gago expres\u00f3 su deseo de continuar en el cargo<\/b>, pero el malestar de los hinchas y la desgastada relaci\u00f3n con el plantel son otros dos factores que le juegan en contra para ese objetivo.<\/p>\n<p class=\"paragraph font__body-regular\">De momento,\u00a0<b>el entrenador s\u00f3lo tiene confirmado el partido de esta noche<\/b>, que ser\u00e1 un term\u00f3metro sobre el grado de furia popular tras quedar afuera de la Copa.<\/p>\n<h2 class=\"font--primary font__display\"><strong>La sucesi\u00f3n ya est\u00e1 en marcha<\/strong><\/h2>\n<p class=\"paragraph font__body-regular\">Con Gago todav\u00eda en el cargo,\u00a0<b>la sucesi\u00f3n del banco de Boca ya se puso en marcha<\/b>\u00a0y la danza de nombres se activ\u00f3 en fuerza en las \u00faltimas horas.<\/p>\n<p class=\"paragraph font__body-regular\"><strong>El Consejo de F\u00fatbol hizo un contacto con Cristian\u00a0<i>Kily\u00a0<\/i>Gonz\u00e1lez, un t\u00e9cnico del gusto de Riquelme que estar\u00eda cerca de renunciar en Uni\u00f3n de Santa Fe.<\/strong><\/p>\n<p class=\"paragraph font__body-regular\">Tambi\u00e9n se mencionaron candidatos de peso que actualmente permanecen sin trabajo: <b>Guillermo Barros Schelotto, Gerardo Martino, Gabriel Milito, Gabriel Heinze y Jos\u00e9 Pekerman<\/b>, entre otros.<\/p>\n<h2 class=\"font--primary font__display\"><strong>Alan Velasco, fuera de la convocatoria tras errar el penal decisivo de la eliminaci\u00f3n<\/strong><\/h2>\n<p class=\"paragraph font__body-regular\">El delantero\u00a0<b>Alan Velasco<\/b>, el refuerzo m\u00e1s caro de Boca en el \u00faltimo mercado de pases (10.000.000 de pesos),\u00a0<b>fall\u00f3 el penal que defini\u00f3 la llave en favor de Alianza Lima.<\/b><\/p>\n<p class=\"paragraph font__body-regular\">Acaso para protegerlo, Gago no lo concentr\u00f3 para el partido con Rosario Central, que tambi\u00e9n marcar\u00e1 una medida del enojo de los hinchas con los jugadores.<\/p>\n<p class=\"paragraph font__body-regular\">El ex Independiente fue preservado por una molestia en el tobillo derecho. Tampoco ingresaron en la convocatoria el colombiano <b>Frank Fabra y Lucas Janson.<\/b><\/p>\n<h2 class=\"font--primary font__display\"><strong>La probable formaci\u00f3n de Boca vs. Rosario Central, por el Torneo Apertura<\/strong><\/h2>\n<p class=\"paragraph font__body-regular\">Agust\u00edn Marches\u00edn; Luis Adv\u00edncula, Rodrigo Battaglia, Marcos Rojo, Marcelo Saracchi; Ander Herrera, Milton Delgado, Kevin Zen\u00f3n; Carlos Palacios; Miguel Merentiel y Edinson Cavani. DT: Edinson Cavani<\/p>\n<h2 class=\"font--primary font__display\"><strong>La probable formaci\u00f3n de Rosario Central vs. Boca, por el Torneo Apertura<\/strong><\/h2>\n<p class=\"paragraph font__body-regular\">Jorge Broun; Enzo Gim\u00e9nez, Juan Cruz Komar o Juan Gim\u00e9nez, Carlos Quintana y Agust\u00edn S\u00e1ndez; Federico Navarro y Franco Ibarra; Santiago L\u00f3pez Grobin, Ignacio Malcorra y Jaminton Campaz; Enzo Copetti. DT: Ariel Holan.<\/p>\n<ul class=\"ul__list list\">\n<li class=\"list__item\">\u00c1rbitro: Hern\u00e1n Mastr\u00e1ngelo.<\/li>\n<li class=\"list__item\">VAR: H\u00e9ctor Paletta.<\/li>\n<li class=\"list__item\">Estadio: Boca Juniors.<\/li>\n<li class=\"list__item\">Hora: 20.00.<\/li>\n<li class=\"list__item\">TV: ESPN Premium.<\/li>\n<\/ul>\n","protected":false},"excerpt":{"rendered":"<p>El Xeneize vuelve a la Bombonera tres d\u00edas despu\u00e9s de la dura eliminaci\u00f3n en la Copa Libertadores ante Alianza Lima. El director t\u00e9cnico, principal apuntado, est\u00e1 acosado por fuertes rumores de salida.<\/p>\n","protected":false},"author":8,"featured_media":213101,"comment_status":"open","ping_status":"open","sticky":false,"template":"","format":"standard","meta":{"fifu_image_url":"","fifu_image_alt":"","footnotes":""},"categories":[13],"tags":[384,3721,3181],"class_list":{"0":"post-213408","1":"post","2":"type-post","3":"status-publish","4":"format-standard","5":"has-post-thumbnail","7":"category-deportes","8":"tag-boca-juniors","9":"tag-partidos","10":"tag-rosario-central"},"yoast_head":"<title>Boca vs. Rosario Central: hora, TV y formaciones - Informe Litoral<\/title>\n<meta name=\"robots\" content=\"index, follow, max-snippet:-1, max-image-preview:large, max-video-preview:-1\" \/>\n<link rel=\"canonical\" href=\"https:\/\/informelitoral.com.ar\/boca-vs-rosario-central-hora-tv-y-formaciones\/\" \/>\n<meta property=\"og:locale\" content=\"es_ES\" \/>\n<meta property=\"og:type\" content=\"article\" \/>\n<meta property=\"og:title\" content=\"Boca vs. Rosario Central: hora, TV y formaciones - Informe Litoral\" \/>\n<meta property=\"og:description\" content=\"El Xeneize vuelve a la Bombonera tres d\u00edas despu\u00e9s de la dura eliminaci\u00f3n en la Copa Libertadores ante Alianza Lima. El director t\u00e9cnico, principal apuntado, est\u00e1 acosado por fuertes rumores de salida.\" \/>\n<meta property=\"og:url\" content=\"https:\/\/informelitoral.com.ar\/boca-vs-rosario-central-hora-tv-y-formaciones\/\" \/>\n<meta property=\"og:site_name\" content=\"Informe Litoral\" \/>\n<meta property=\"article:publisher\" content=\"https:\/\/www.facebook.com\/informelitoral\/\" \/>\n<meta property=\"article:published_time\" content=\"2025-02-28T17:23:05+00:00\" \/>\n<meta property=\"article:modified_time\" content=\"2025-02-28T17:43:44+00:00\" \/>\n<meta property=\"og:image\" content=\"https:\/\/informelitoral.com.ar\/%77%70%2d%63%6f%6e%74%65%6e%74\/uploads\/2025\/02\/donofriojpg.webp\" \/>\n\t<meta property=\"og:image:width\" content=\"770\" \/>\n\t<meta property=\"og:image:height\" content=\"433\" \/>\n\t<meta property=\"og:image:type\" content=\"image\/webp\" \/>\n<meta name=\"author\" content=\"Sebastian\" \/>\n<meta name=\"twitter:card\" content=\"summary_large_image\" \/>\n<meta name=\"twitter:creator\" content=\"@InformeLitoral\" \/>\n<meta name=\"twitter:site\" content=\"@InformeLitoral\" \/>\n<meta name=\"twitter:label1\" content=\"Escrito por\" \/>\n\t<meta name=\"twitter:data1\" content=\"Sebastian\" \/>\n\t<meta name=\"twitter:label2\" content=\"Tiempo de lectura\" \/>\n\t<meta name=\"twitter:data2\" content=\"2 minutos\" \/>\n<script type=\"application\/ld+json\" class=\"yoast-schema-graph\">{\"@context\":\"https:\\\/\\\/schema.org\",\"@graph\":[{\"@type\":\"Article\",\"@id\":\"https:\\\/\\\/informelitoral.com.ar\\\/boca-vs-rosario-central-hora-tv-y-formaciones\\\/#article\",\"isPartOf\":{\"@id\":\"https:\\\/\\\/informelitoral.com.ar\\\/boca-vs-rosario-central-hora-tv-y-formaciones\\\/\"},\"author\":{\"name\":\"Sebastian\",\"@id\":\"https:\\\/\\\/informelitoral.com.ar\\\/#\\\/schema\\\/person\\\/f05f9f461677119578717524b127d6d5\"},\"headline\":\"Boca vs. Rosario Central: hora, TV y formaciones\",\"datePublished\":\"2025-02-28T17:23:05+00:00\",\"dateModified\":\"2025-02-28T17:43:44+00:00\",\"mainEntityOfPage\":{\"@id\":\"https:\\\/\\\/informelitoral.com.ar\\\/boca-vs-rosario-central-hora-tv-y-formaciones\\\/\"},\"wordCount\":377,\"commentCount\":0,\"publisher\":{\"@id\":\"https:\\\/\\\/informelitoral.com.ar\\\/#organization\"},\"image\":{\"@id\":\"https:\\\/\\\/informelitoral.com.ar\\\/boca-vs-rosario-central-hora-tv-y-formaciones\\\/#primaryimage\"},\"thumbnailUrl\":\"https:\\\/\\\/informelitoral.com.ar\\\/%77%70%2d%63%6f%6e%74%65%6e%74\\\/uploads\\\/2025\\\/02\\\/donofriojpg.webp\",\"keywords\":[\"Boca Juniors\",\"Partidos\",\"Rosario Central\"],\"articleSection\":[\"Deportes\"],\"inLanguage\":\"es\",\"potentialAction\":[{\"@type\":\"CommentAction\",\"name\":\"Comment\",\"target\":[\"https:\\\/\\\/informelitoral.com.ar\\\/boca-vs-rosario-central-hora-tv-y-formaciones\\\/#respond\"]}]},{\"@type\":\"WebPage\",\"@id\":\"https:\\\/\\\/informelitoral.com.ar\\\/boca-vs-rosario-central-hora-tv-y-formaciones\\\/\",\"url\":\"https:\\\/\\\/informelitoral.com.ar\\\/boca-vs-rosario-central-hora-tv-y-formaciones\\\/\",\"name\":\"Boca vs. Rosario Central: hora, TV y formaciones - Informe Litoral\",\"isPartOf\":{\"@id\":\"https:\\\/\\\/informelitoral.com.ar\\\/#website\"},\"primaryImageOfPage\":{\"@id\":\"https:\\\/\\\/informelitoral.com.ar\\\/boca-vs-rosario-central-hora-tv-y-formaciones\\\/#primaryimage\"},\"image\":{\"@id\":\"https:\\\/\\\/informelitoral.com.ar\\\/boca-vs-rosario-central-hora-tv-y-formaciones\\\/#primaryimage\"},\"thumbnailUrl\":\"https:\\\/\\\/informelitoral.com.ar\\\/%77%70%2d%63%6f%6e%74%65%6e%74\\\/uploads\\\/2025\\\/02\\\/donofriojpg.webp\",\"datePublished\":\"2025-02-28T17:23:05+00:00\",\"dateModified\":\"2025-02-28T17:43:44+00:00\",\"breadcrumb\":{\"@id\":\"https:\\\/\\\/informelitoral.com.ar\\\/boca-vs-rosario-central-hora-tv-y-formaciones\\\/#breadcrumb\"},\"inLanguage\":\"es\",\"potentialAction\":[{\"@type\":\"ReadAction\",\"target\":[\"https:\\\/\\\/informelitoral.com.ar\\\/boca-vs-rosario-central-hora-tv-y-formaciones\\\/\"]}]},{\"@type\":\"ImageObject\",\"inLanguage\":\"es\",\"@id\":\"https:\\\/\\\/informelitoral.com.ar\\\/boca-vs-rosario-central-hora-tv-y-formaciones\\\/#primaryimage\",\"url\":\"https:\\\/\\\/informelitoral.com.ar\\\/%77%70%2d%63%6f%6e%74%65%6e%74\\\/uploads\\\/2025\\\/02\\\/donofriojpg.webp\",\"contentUrl\":\"https:\\\/\\\/informelitoral.com.ar\\\/%77%70%2d%63%6f%6e%74%65%6e%74\\\/uploads\\\/2025\\\/02\\\/donofriojpg.webp\",\"width\":770,\"height\":433},{\"@type\":\"BreadcrumbList\",\"@id\":\"https:\\\/\\\/informelitoral.com.ar\\\/boca-vs-rosario-central-hora-tv-y-formaciones\\\/#breadcrumb\",\"itemListElement\":[{\"@type\":\"ListItem\",\"position\":1,\"name\":\"Portada\",\"item\":\"https:\\\/\\\/informelitoral.com.ar\\\/\"},{\"@type\":\"ListItem\",\"position\":2,\"name\":\"Boca vs. Rosario Central: hora, TV y formaciones\"}]},{\"@type\":\"WebSite\",\"@id\":\"https:\\\/\\\/informelitoral.com.ar\\\/#website\",\"url\":\"https:\\\/\\\/informelitoral.com.ar\\\/\",\"name\":\"Informe Litoral\",\"description\":\"&quot;Nos informamos&quot; \",\"publisher\":{\"@id\":\"https:\\\/\\\/informelitoral.com.ar\\\/#organization\"},\"potentialAction\":[{\"@type\":\"SearchAction\",\"target\":{\"@type\":\"EntryPoint\",\"urlTemplate\":\"https:\\\/\\\/informelitoral.com.ar\\\/?s={search_term_string}\"},\"query-input\":{\"@type\":\"PropertyValueSpecification\",\"valueRequired\":true,\"valueName\":\"search_term_string\"}}],\"inLanguage\":\"es\"},{\"@type\":\"Organization\",\"@id\":\"https:\\\/\\\/informelitoral.com.ar\\\/#organization\",\"name\":\"Informe Litoral\",\"url\":\"https:\\\/\\\/informelitoral.com.ar\\\/\",\"logo\":{\"@type\":\"ImageObject\",\"inLanguage\":\"es\",\"@id\":\"https:\\\/\\\/informelitoral.com.ar\\\/#\\\/schema\\\/logo\\\/image\\\/\",\"url\":\"https:\\\/\\\/informelitoral.com.ar\\\/%77%70%2d%63%6f%6e%74%65%6e%74\\\/uploads\\\/2021\\\/01\\\/circulo.png\",\"contentUrl\":\"https:\\\/\\\/informelitoral.com.ar\\\/%77%70%2d%63%6f%6e%74%65%6e%74\\\/uploads\\\/2021\\\/01\\\/circulo.png\",\"width\":723,\"height\":731,\"caption\":\"Informe Litoral\"},\"image\":{\"@id\":\"https:\\\/\\\/informelitoral.com.ar\\\/#\\\/schema\\\/logo\\\/image\\\/\"},\"sameAs\":[\"https:\\\/\\\/www.facebook.com\\\/informelitoral\\\/\",\"https:\\\/\\\/x.com\\\/InformeLitoral\",\"https:\\\/\\\/www.instagram.com\\\/informelitoral\\\/\",\"https:\\\/\\\/www.youtube.com\\\/channel\\\/UCua4Qvz8Icb6MYqhoq9xLXw\"]},{\"@type\":\"Person\",\"@id\":\"https:\\\/\\\/informelitoral.com.ar\\\/#\\\/schema\\\/person\\\/f05f9f461677119578717524b127d6d5\",\"name\":\"Sebastian\",\"image\":{\"@type\":\"ImageObject\",\"inLanguage\":\"es\",\"@id\":\"https:\\\/\\\/secure.gravatar.com\\\/avatar\\\/b71bf7481d447dfb9583c7f2798e7cc64de6efb9067b74633ed8c31059a3bd82?s=96&d=mm&r=g\",\"url\":\"https:\\\/\\\/secure.gravatar.com\\\/avatar\\\/b71bf7481d447dfb9583c7f2798e7cc64de6efb9067b74633ed8c31059a3bd82?s=96&d=mm&r=g\",\"contentUrl\":\"https:\\\/\\\/secure.gravatar.com\\\/avatar\\\/b71bf7481d447dfb9583c7f2798e7cc64de6efb9067b74633ed8c31059a3bd82?s=96&d=mm&r=g\",\"caption\":\"Sebastian\"},\"url\":\"https:\\\/\\\/informelitoral.com.ar\\\/author\\\/sebastian\\\/\"}]}<\/script>","yoast_head_json":{"title":"Boca vs. Rosario Central: hora, TV y formaciones - Informe Litoral","robots":{"index":"index","follow":"follow","max-snippet":"max-snippet:-1","max-image-preview":"max-image-preview:large","max-video-preview":"max-video-preview:-1"},"canonical":"https:\/\/informelitoral.com.ar\/boca-vs-rosario-central-hora-tv-y-formaciones\/","og_locale":"es_ES","og_type":"article","og_title":"Boca vs. Rosario Central: hora, TV y formaciones - Informe Litoral","og_description":"El Xeneize vuelve a la Bombonera tres d\u00edas despu\u00e9s de la dura eliminaci\u00f3n en la Copa Libertadores ante Alianza Lima. El director t\u00e9cnico, principal apuntado, est\u00e1 acosado por fuertes rumores de salida.","og_url":"https:\/\/informelitoral.com.ar\/boca-vs-rosario-central-hora-tv-y-formaciones\/","og_site_name":"Informe Litoral","article_publisher":"https:\/\/www.facebook.com\/informelitoral\/","article_published_time":"2025-02-28T17:23:05+00:00","article_modified_time":"2025-02-28T17:43:44+00:00","og_image":[{"width":770,"height":433,"url":"https:\/\/informelitoral.com.ar\/%77%70%2d%63%6f%6e%74%65%6e%74\/uploads\/2025\/02\/donofriojpg.webp","type":"image\/webp"}],"author":"Sebastian","twitter_card":"summary_large_image","twitter_creator":"@InformeLitoral","twitter_site":"@InformeLitoral","twitter_misc":{"Escrito por":"Sebastian","Tiempo de lectura":"2 minutos"},"schema":{"@context":"https:\/\/schema.org","@graph":[{"@type":"Article","@id":"https:\/\/informelitoral.com.ar\/boca-vs-rosario-central-hora-tv-y-formaciones\/#article","isPartOf":{"@id":"https:\/\/informelitoral.com.ar\/boca-vs-rosario-central-hora-tv-y-formaciones\/"},"author":{"name":"Sebastian","@id":"https:\/\/informelitoral.com.ar\/#\/schema\/person\/f05f9f461677119578717524b127d6d5"},"headline":"Boca vs. Rosario Central: hora, TV y formaciones","datePublished":"2025-02-28T17:23:05+00:00","dateModified":"2025-02-28T17:43:44+00:00","mainEntityOfPage":{"@id":"https:\/\/informelitoral.com.ar\/boca-vs-rosario-central-hora-tv-y-formaciones\/"},"wordCount":377,"commentCount":0,"publisher":{"@id":"https:\/\/informelitoral.com.ar\/#organization"},"image":{"@id":"https:\/\/informelitoral.com.ar\/boca-vs-rosario-central-hora-tv-y-formaciones\/#primaryimage"},"thumbnailUrl":"https:\/\/informelitoral.com.ar\/%77%70%2d%63%6f%6e%74%65%6e%74\/uploads\/2025\/02\/donofriojpg.webp","keywords":["Boca Juniors","Partidos","Rosario Central"],"articleSection":["Deportes"],"inLanguage":"es","potentialAction":[{"@type":"CommentAction","name":"Comment","target":["https:\/\/informelitoral.com.ar\/boca-vs-rosario-central-hora-tv-y-formaciones\/#respond"]}]},{"@type":"WebPage","@id":"https:\/\/informelitoral.com.ar\/boca-vs-rosario-central-hora-tv-y-formaciones\/","url":"https:\/\/informelitoral.com.ar\/boca-vs-rosario-central-hora-tv-y-formaciones\/","name":"Boca vs. Rosario Central: hora, TV y formaciones - Informe Litoral","isPartOf":{"@id":"https:\/\/informelitoral.com.ar\/#website"},"primaryImageOfPage":{"@id":"https:\/\/informelitoral.com.ar\/boca-vs-rosario-central-hora-tv-y-formaciones\/#primaryimage"},"image":{"@id":"https:\/\/informelitoral.com.ar\/boca-vs-rosario-central-hora-tv-y-formaciones\/#primaryimage"},"thumbnailUrl":"https:\/\/informelitoral.com.ar\/%77%70%2d%63%6f%6e%74%65%6e%74\/uploads\/2025\/02\/donofriojpg.webp","datePublished":"2025-02-28T17:23:05+00:00","dateModified":"2025-02-28T17:43:44+00:00","breadcrumb":{"@id":"https:\/\/informelitoral.com.ar\/boca-vs-rosario-central-hora-tv-y-formaciones\/#breadcrumb"},"inLanguage":"es","potentialAction":[{"@type":"ReadAction","target":["https:\/\/informelitoral.com.ar\/boca-vs-rosario-central-hora-tv-y-formaciones\/"]}]},{"@type":"ImageObject","inLanguage":"es","@id":"https:\/\/informelitoral.com.ar\/boca-vs-rosario-central-hora-tv-y-formaciones\/#primaryimage","url":"https:\/\/informelitoral.com.ar\/%77%70%2d%63%6f%6e%74%65%6e%74\/uploads\/2025\/02\/donofriojpg.webp","contentUrl":"https:\/\/informelitoral.com.ar\/%77%70%2d%63%6f%6e%74%65%6e%74\/uploads\/2025\/02\/donofriojpg.webp","width":770,"height":433},{"@type":"BreadcrumbList","@id":"https:\/\/informelitoral.com.ar\/boca-vs-rosario-central-hora-tv-y-formaciones\/#breadcrumb","itemListElement":[{"@type":"ListItem","position":1,"name":"Portada","item":"https:\/\/informelitoral.com.ar\/"},{"@type":"ListItem","position":2,"name":"Boca vs. Rosario Central: hora, TV y formaciones"}]},{"@type":"WebSite","@id":"https:\/\/informelitoral.com.ar\/#website","url":"https:\/\/informelitoral.com.ar\/","name":"Informe Litoral","description":"&quot;Nos informamos&quot; ","publisher":{"@id":"https:\/\/informelitoral.com.ar\/#organization"},"potentialAction":[{"@type":"SearchAction","target":{"@type":"EntryPoint","urlTemplate":"https:\/\/informelitoral.com.ar\/?s={search_term_string}"},"query-input":{"@type":"PropertyValueSpecification","valueRequired":true,"valueName":"search_term_string"}}],"inLanguage":"es"},{"@type":"Organization","@id":"https:\/\/informelitoral.com.ar\/#organization","name":"Informe Litoral","url":"https:\/\/informelitoral.com.ar\/","logo":{"@type":"ImageObject","inLanguage":"es","@id":"https:\/\/informelitoral.com.ar\/#\/schema\/logo\/image\/","url":"https:\/\/informelitoral.com.ar\/%77%70%2d%63%6f%6e%74%65%6e%74\/uploads\/2021\/01\/circulo.png","contentUrl":"https:\/\/informelitoral.com.ar\/%77%70%2d%63%6f%6e%74%65%6e%74\/uploads\/2021\/01\/circulo.png","width":723,"height":731,"caption":"Informe Litoral"},"image":{"@id":"https:\/\/informelitoral.com.ar\/#\/schema\/logo\/image\/"},"sameAs":["https:\/\/www.facebook.com\/informelitoral\/","https:\/\/x.com\/InformeLitoral","https:\/\/www.instagram.com\/informelitoral\/","https:\/\/www.youtube.com\/channel\/UCua4Qvz8Icb6MYqhoq9xLXw"]},{"@type":"Person","@id":"https:\/\/informelitoral.com.ar\/#\/schema\/person\/f05f9f461677119578717524b127d6d5","name":"Sebastian","image":{"@type":"ImageObject","inLanguage":"es","@id":"https:\/\/secure.gravatar.com\/avatar\/b71bf7481d447dfb9583c7f2798e7cc64de6efb9067b74633ed8c31059a3bd82?s=96&d=mm&r=g","url":"https:\/\/secure.gravatar.com\/avatar\/b71bf7481d447dfb9583c7f2798e7cc64de6efb9067b74633ed8c31059a3bd82?s=96&d=mm&r=g","contentUrl":"https:\/\/secure.gravatar.com\/avatar\/b71bf7481d447dfb9583c7f2798e7cc64de6efb9067b74633ed8c31059a3bd82?s=96&d=mm&r=g","caption":"Sebastian"},"url":"https:\/\/informelitoral.com.ar\/author\/sebastian\/"}]}},"_links":{"self":[{"href":"https:\/\/informelitoral.com.ar\/%77%70%2d%6a%73%6f%6e\/wp\/v2\/posts\/213408","targetHints":{"allow":["GET"]}}],"collection":[{"href":"https:\/\/informelitoral.com.ar\/%77%70%2d%6a%73%6f%6e\/wp\/v2\/posts"}],"about":[{"href":"https:\/\/informelitoral.com.ar\/%77%70%2d%6a%73%6f%6e\/wp\/v2\/types\/post"}],"author":[{"embeddable":true,"href":"https:\/\/informelitoral.com.ar\/%77%70%2d%6a%73%6f%6e\/wp\/v2\/users\/8"}],"replies":[{"embeddable":true,"href":"https:\/\/informelitoral.com.ar\/%77%70%2d%6a%73%6f%6e\/wp\/v2\/comments?post=213408"}],"version-history":[{"count":0,"href":"https:\/\/informelitoral.com.ar\/%77%70%2d%6a%73%6f%6e\/wp\/v2\/posts\/213408\/revisions"}],"wp:featuredmedia":[{"embeddable":true,"href":"https:\/\/informelitoral.com.ar\/%77%70%2d%6a%73%6f%6e\/wp\/v2\/media\/213101"}],"wp:attachment":[{"href":"https:\/\/informelitoral.com.ar\/%77%70%2d%6a%73%6f%6e\/wp\/v2\/media?parent=213408"}],"wp:term":[{"taxonomy":"category","embeddable":true,"href":"https:\/\/informelitoral.com.ar\/%77%70%2d%6a%73%6f%6e\/wp\/v2\/categories?post=213408"},{"taxonomy":"post_tag","embeddable":true,"href":"https:\/\/informelitoral.com.ar\/%77%70%2d%6a%73%6f%6e\/wp\/v2\/tags?post=213408"}],"curies":[{"name":"wp","href":"https:\/\/api.w.org\/{rel}","templated":true}]}}