{"id":213321,"date":"2025-02-28T08:21:28","date_gmt":"2025-02-28T11:21:28","guid":{"rendered":"https:\/\/informelitoral.com.ar\/?p=213321"},"modified":"2025-02-28T08:26:35","modified_gmt":"2025-02-28T11:26:35","slug":"renaper-subio-el-costo-del-dni-y-otros-tramites","status":"publish","type":"post","link":"https:\/\/informelitoral.com.ar\/renaper-subio-el-costo-del-dni-y-otros-tramites\/","title":{"rendered":"Renaper: subi\u00f3 el costo del DNI y otros tr\u00e1mites"},"content":{"rendered":"<p>El Gobierno nacional actualiz\u00f3 los valores de los documentos del Registro Nacional de las Personas (Renaper). De esta manera, el monto base del documento nacional de identidad (DNI) pasar\u00e1 a ser $7.500.<\/p>\n<p>La actualizaci\u00f3n se hizo efectiva mediante la publicaci\u00f3n en el Bolet\u00edn Oficial de la resoluci\u00f3n 93\/2025, que aprueba el nuevo cuadro tarifario del Renaper, organismo dependiente de la Vicejefatura de Gabinete del Interior, que funciona dentro de la cartera que comanda Guillermo Francos.<\/p>\n<p>Las modificaciones abarcan tanto los tr\u00e1mites para ciudadanos argentinos como para personas extranjeras, as\u00ed como los servicios adicionales relacionados con la validaci\u00f3n y verificaci\u00f3n de datos.<\/p>\n<div class=\"headline-wrapper\">\n<h2 class=\"header headline-class-h2\"><strong>Los nuevos valores del DNI<\/strong><\/h2>\n<\/div>\n<p class=\"paragraph\" data-mrf-recirculation=\"Links inline\">Hasta hoy, el monto base del DNI era de 3 mil pesos, con un valor m\u00e1ximo de 13 mil. Ahora, los montos quedaron establecidos de la siguiente manera:<\/p>\n<ul class=\"list\" data-icon=\"\u2b24\">\n<li data-icon=\"\u2b24\"><b>DNI reci\u00e9n nacido (de 0 a 6 meses)<\/b>: este tr\u00e1mite no tiene costo.<\/li>\n<li data-icon=\"\u2b24\"><b>Primer DNI (carta de ciudadan\u00eda y opci\u00f3n de nacionalidad)<\/b>: el costo es de $7.500.<\/li>\n<li data-icon=\"\u2b24\"><b>Actualizaciones de DNI (5\/8 a\u00f1os y 14 a\u00f1os)<\/b>: se mantienen en $7.500.<\/li>\n<li data-icon=\"\u2b24\"><b>Nuevo ejemplar de DNI (por actualizaci\u00f3n de datos, cambio de domicilio, adopci\u00f3n, entre otros)<\/b>: tambi\u00e9n tiene un valor de $7.500.<\/li>\n<li data-icon=\"\u2b24\"><b>Tr\u00e1mite expr\u00e9s<\/b>: para obtener el DNI en 24 horas h\u00e1biles, el valor asciende a $22.000, mientras que el servicio al instante (en oficinas habilitadas) cuesta $33.000.<\/li>\n<li data-icon=\"\u2b24\"><b>Tr\u00e1mites para personas extranjeras<\/b><\/li>\n<li data-icon=\"\u2b24\"><b>Primera identificaci\u00f3n para ciudadanos del MERCOSUR y Estados asociados (menores de 14 a\u00f1os y mayores con residencia temporaria)<\/b>: $14.000.<\/li>\n<li data-icon=\"\u2b24\"><b>Actualizaci\u00f3n de DNI para extranjeros (de 5 a 8 a\u00f1os y 14 a\u00f1os)<\/b>: este tr\u00e1mite tambi\u00e9n tiene un costo de $14.000.<\/li>\n<li data-icon=\"\u2b24\"><b>Nuevo ejemplar de DNI para extranjeros<\/b>: $14.000.<\/li>\n<\/ul>\n<div class=\"headline-wrapper\">\n<h2 class=\"header headline-class-h2\"><strong>Servicios adicionales<\/strong><\/h2>\n<\/div>\n<ul class=\"list\" data-icon=\"\u2b24\">\n<li data-icon=\"\u2b24\"><b>Servicios de validaci\u00f3n mediante tecnolog\u00eda API REST<\/b>: el costo de la transacci\u00f3n var\u00eda, con tarifas que van desde $40 para hasta 35.000 transacciones mensuales, hasta $15 para m\u00e1s de 2 millones de transacciones.<\/li>\n<li data-icon=\"\u2b24\"><b>Verificaci\u00f3n de pasaporte y prueba de vida pasiva<\/b>: ambos servicios tienen un valor de $50.<\/li>\n<\/ul>\n<p class=\"paragraph\" data-mrf-recirculation=\"Links inline\">Adem\u00e1s, el Renaper tambi\u00e9n estableci\u00f3 tarifas para la fabricaci\u00f3n de credenciales diplom\u00e1ticas y no diplom\u00e1ticas, que ascienden a $22.000.<\/p>\n<p class=\"paragraph\" data-mrf-recirculation=\"Links inline\">Por otro lado, se mantienen exenciones para personas que no puedan costear los pagos, como aquellas que carecen de recursos econ\u00f3micos o que necesiten un nuevo ejemplar de DNI por errores formales dentro de los 90 d\u00edas posteriores a la entrega del documento.<\/p>\n<p>Este ajuste en las tarifas busca reflejar los costos asociados con la emisi\u00f3n de los documentos, as\u00ed como la implementaci\u00f3n de nuevas tecnolog\u00edas para mejorar la eficiencia en los tr\u00e1mites.<\/p>\n<p>Dentro de sus argumentos, el Gobierno nacional asegura que \u201clos recursos que ingresen a la Direcci\u00f3n Nacional del Registro Nacional de las Personas en virtud de la prestaci\u00f3n del servicio de validaci\u00f3n de datos, identidad y biometr\u00eda por v\u00eda web, de conformidad con los convenios que \u00e9sta suscriba, ser\u00e1n afectados a la modernizaci\u00f3n y fortalecimiento institucional\u201d.<\/p>\n<h2><strong>C\u00f3mo tramitar el DNI en el celular gratis<\/strong><\/h2>\n<p>Tenerlo es opcional y no reemplaza al DNI tarjeta vigente sino que lo complementa. Son dos formas de portar la identidad y cada uno elige cu\u00e1l de los documentos presentar al momento de realizar un tr\u00e1mite cotidiano.<\/p>\n<p>Para tenerlo se necesita contar con un tel\u00e9fono inteligente, una casilla de correo electr\u00f3nico, una cuenta en Mi Argentina y la app descargada en el tel\u00e9fono. Pero el tr\u00e1mite deber\u00e1 ser presencial. Es decir, es necesario acercarse hasta cualquiera de los centros de documentaci\u00f3n (Renaper, m\u00f3viles de DNI, CGP, Registro Civil o consulados si resid\u00eds en el exterior) y al gestionar un nuevo documento, solicitar el DNI Digital sin costo adicional.<\/p>\n<p>El m\u00f3vil debe contar con sistema operativo Android a partir de la versi\u00f3n 5.0.21 y\/o en iOS a partir de la versi\u00f3n 11.0.<\/p>\n","protected":false},"excerpt":{"rendered":"<p>Las modificaciones abarcan tanto los procedimientos para ciudadanos argentinos como para personas extranjeras<\/p>\n","protected":false},"author":8,"featured_media":62683,"comment_status":"open","ping_status":"open","sticky":false,"template":"","format":"standard","meta":{"fifu_image_url":"","fifu_image_alt":"","footnotes":""},"categories":[7],"tags":[2356,805,270],"class_list":{"0":"post-213321","1":"post","2":"type-post","3":"status-publish","4":"format-standard","5":"has-post-thumbnail","7":"category-nacionales","8":"tag-nuevo-dni","9":"tag-renaper","10":"tag-tramites"},"yoast_head":"<title>Renaper: subi\u00f3 el costo del DNI y otros tr\u00e1mites - Informe Litoral<\/title>\n<meta name=\"robots\" content=\"index, follow, max-snippet:-1, max-image-preview:large, max-video-preview:-1\" \/>\n<link rel=\"canonical\" href=\"https:\/\/informelitoral.com.ar\/renaper-subio-el-costo-del-dni-y-otros-tramites\/\" \/>\n<meta property=\"og:locale\" content=\"es_ES\" \/>\n<meta property=\"og:type\" content=\"article\" \/>\n<meta property=\"og:title\" content=\"Renaper: subi\u00f3 el costo del DNI y otros tr\u00e1mites - Informe Litoral\" \/>\n<meta property=\"og:description\" content=\"Las modificaciones abarcan tanto los procedimientos para ciudadanos argentinos como para personas extranjeras\" \/>\n<meta property=\"og:url\" content=\"https:\/\/informelitoral.com.ar\/renaper-subio-el-costo-del-dni-y-otros-tramites\/\" \/>\n<meta property=\"og:site_name\" content=\"Informe Litoral\" \/>\n<meta property=\"article:publisher\" content=\"https:\/\/www.facebook.com\/informelitoral\/\" \/>\n<meta property=\"article:published_time\" content=\"2025-02-28T11:21:28+00:00\" \/>\n<meta property=\"article:modified_time\" content=\"2025-02-28T11:26:35+00:00\" \/>\n<meta property=\"og:image\" content=\"https:\/\/informelitoral.com.ar\/%77%70%2d%63%6f%6e%74%65%6e%74\/uploads\/2021\/07\/dni-personas-no-binarias.jpg\" \/>\n\t<meta property=\"og:image:width\" content=\"750\" \/>\n\t<meta property=\"og:image:height\" content=\"500\" \/>\n\t<meta property=\"og:image:type\" content=\"image\/jpeg\" \/>\n<meta name=\"author\" content=\"Sebastian\" \/>\n<meta name=\"twitter:card\" content=\"summary_large_image\" \/>\n<meta name=\"twitter:creator\" content=\"@InformeLitoral\" \/>\n<meta name=\"twitter:site\" content=\"@InformeLitoral\" \/>\n<meta name=\"twitter:label1\" content=\"Escrito por\" \/>\n\t<meta name=\"twitter:data1\" content=\"Sebastian\" \/>\n\t<meta name=\"twitter:label2\" content=\"Tiempo de lectura\" \/>\n\t<meta name=\"twitter:data2\" content=\"3 minutos\" \/>\n<script type=\"application\/ld+json\" class=\"yoast-schema-graph\">{\"@context\":\"https:\\\/\\\/schema.org\",\"@graph\":[{\"@type\":\"Article\",\"@id\":\"https:\\\/\\\/informelitoral.com.ar\\\/renaper-subio-el-costo-del-dni-y-otros-tramites\\\/#article\",\"isPartOf\":{\"@id\":\"https:\\\/\\\/informelitoral.com.ar\\\/renaper-subio-el-costo-del-dni-y-otros-tramites\\\/\"},\"author\":{\"name\":\"Sebastian\",\"@id\":\"https:\\\/\\\/informelitoral.com.ar\\\/#\\\/schema\\\/person\\\/f05f9f461677119578717524b127d6d5\"},\"headline\":\"Renaper: subi\u00f3 el costo del DNI y otros tr\u00e1mites\",\"datePublished\":\"2025-02-28T11:21:28+00:00\",\"dateModified\":\"2025-02-28T11:26:35+00:00\",\"mainEntityOfPage\":{\"@id\":\"https:\\\/\\\/informelitoral.com.ar\\\/renaper-subio-el-costo-del-dni-y-otros-tramites\\\/\"},\"wordCount\":653,\"commentCount\":0,\"publisher\":{\"@id\":\"https:\\\/\\\/informelitoral.com.ar\\\/#organization\"},\"image\":{\"@id\":\"https:\\\/\\\/informelitoral.com.ar\\\/renaper-subio-el-costo-del-dni-y-otros-tramites\\\/#primaryimage\"},\"thumbnailUrl\":\"https:\\\/\\\/informelitoral.com.ar\\\/%77%70%2d%63%6f%6e%74%65%6e%74\\\/uploads\\\/2021\\\/07\\\/dni-personas-no-binarias.jpg\",\"keywords\":[\"Nuevo DNI\",\"RENAPER\",\"Tr\u00e1mites\"],\"articleSection\":[\"Nacionales\"],\"inLanguage\":\"es\",\"potentialAction\":[{\"@type\":\"CommentAction\",\"name\":\"Comment\",\"target\":[\"https:\\\/\\\/informelitoral.com.ar\\\/renaper-subio-el-costo-del-dni-y-otros-tramites\\\/#respond\"]}]},{\"@type\":\"WebPage\",\"@id\":\"https:\\\/\\\/informelitoral.com.ar\\\/renaper-subio-el-costo-del-dni-y-otros-tramites\\\/\",\"url\":\"https:\\\/\\\/informelitoral.com.ar\\\/renaper-subio-el-costo-del-dni-y-otros-tramites\\\/\",\"name\":\"Renaper: subi\u00f3 el costo del DNI y otros tr\u00e1mites - Informe Litoral\",\"isPartOf\":{\"@id\":\"https:\\\/\\\/informelitoral.com.ar\\\/#website\"},\"primaryImageOfPage\":{\"@id\":\"https:\\\/\\\/informelitoral.com.ar\\\/renaper-subio-el-costo-del-dni-y-otros-tramites\\\/#primaryimage\"},\"image\":{\"@id\":\"https:\\\/\\\/informelitoral.com.ar\\\/renaper-subio-el-costo-del-dni-y-otros-tramites\\\/#primaryimage\"},\"thumbnailUrl\":\"https:\\\/\\\/informelitoral.com.ar\\\/%77%70%2d%63%6f%6e%74%65%6e%74\\\/uploads\\\/2021\\\/07\\\/dni-personas-no-binarias.jpg\",\"datePublished\":\"2025-02-28T11:21:28+00:00\",\"dateModified\":\"2025-02-28T11:26:35+00:00\",\"breadcrumb\":{\"@id\":\"https:\\\/\\\/informelitoral.com.ar\\\/renaper-subio-el-costo-del-dni-y-otros-tramites\\\/#breadcrumb\"},\"inLanguage\":\"es\",\"potentialAction\":[{\"@type\":\"ReadAction\",\"target\":[\"https:\\\/\\\/informelitoral.com.ar\\\/renaper-subio-el-costo-del-dni-y-otros-tramites\\\/\"]}]},{\"@type\":\"ImageObject\",\"inLanguage\":\"es\",\"@id\":\"https:\\\/\\\/informelitoral.com.ar\\\/renaper-subio-el-costo-del-dni-y-otros-tramites\\\/#primaryimage\",\"url\":\"https:\\\/\\\/informelitoral.com.ar\\\/%77%70%2d%63%6f%6e%74%65%6e%74\\\/uploads\\\/2021\\\/07\\\/dni-personas-no-binarias.jpg\",\"contentUrl\":\"https:\\\/\\\/informelitoral.com.ar\\\/%77%70%2d%63%6f%6e%74%65%6e%74\\\/uploads\\\/2021\\\/07\\\/dni-personas-no-binarias.jpg\",\"width\":750,\"height\":500},{\"@type\":\"BreadcrumbList\",\"@id\":\"https:\\\/\\\/informelitoral.com.ar\\\/renaper-subio-el-costo-del-dni-y-otros-tramites\\\/#breadcrumb\",\"itemListElement\":[{\"@type\":\"ListItem\",\"position\":1,\"name\":\"Portada\",\"item\":\"https:\\\/\\\/informelitoral.com.ar\\\/\"},{\"@type\":\"ListItem\",\"position\":2,\"name\":\"Renaper: subi\u00f3 el costo del DNI y otros tr\u00e1mites\"}]},{\"@type\":\"WebSite\",\"@id\":\"https:\\\/\\\/informelitoral.com.ar\\\/#website\",\"url\":\"https:\\\/\\\/informelitoral.com.ar\\\/\",\"name\":\"Informe Litoral\",\"description\":\"&quot;Nos informamos&quot; \",\"publisher\":{\"@id\":\"https:\\\/\\\/informelitoral.com.ar\\\/#organization\"},\"potentialAction\":[{\"@type\":\"SearchAction\",\"target\":{\"@type\":\"EntryPoint\",\"urlTemplate\":\"https:\\\/\\\/informelitoral.com.ar\\\/?s={search_term_string}\"},\"query-input\":{\"@type\":\"PropertyValueSpecification\",\"valueRequired\":true,\"valueName\":\"search_term_string\"}}],\"inLanguage\":\"es\"},{\"@type\":\"Organization\",\"@id\":\"https:\\\/\\\/informelitoral.com.ar\\\/#organization\",\"name\":\"Informe Litoral\",\"url\":\"https:\\\/\\\/informelitoral.com.ar\\\/\",\"logo\":{\"@type\":\"ImageObject\",\"inLanguage\":\"es\",\"@id\":\"https:\\\/\\\/informelitoral.com.ar\\\/#\\\/schema\\\/logo\\\/image\\\/\",\"url\":\"https:\\\/\\\/informelitoral.com.ar\\\/%77%70%2d%63%6f%6e%74%65%6e%74\\\/uploads\\\/2021\\\/01\\\/circulo.png\",\"contentUrl\":\"https:\\\/\\\/informelitoral.com.ar\\\/%77%70%2d%63%6f%6e%74%65%6e%74\\\/uploads\\\/2021\\\/01\\\/circulo.png\",\"width\":723,\"height\":731,\"caption\":\"Informe Litoral\"},\"image\":{\"@id\":\"https:\\\/\\\/informelitoral.com.ar\\\/#\\\/schema\\\/logo\\\/image\\\/\"},\"sameAs\":[\"https:\\\/\\\/www.facebook.com\\\/informelitoral\\\/\",\"https:\\\/\\\/x.com\\\/InformeLitoral\",\"https:\\\/\\\/www.instagram.com\\\/informelitoral\\\/\",\"https:\\\/\\\/www.youtube.com\\\/channel\\\/UCua4Qvz8Icb6MYqhoq9xLXw\"]},{\"@type\":\"Person\",\"@id\":\"https:\\\/\\\/informelitoral.com.ar\\\/#\\\/schema\\\/person\\\/f05f9f461677119578717524b127d6d5\",\"name\":\"Sebastian\",\"image\":{\"@type\":\"ImageObject\",\"inLanguage\":\"es\",\"@id\":\"https:\\\/\\\/secure.gravatar.com\\\/avatar\\\/b71bf7481d447dfb9583c7f2798e7cc64de6efb9067b74633ed8c31059a3bd82?s=96&d=mm&r=g\",\"url\":\"https:\\\/\\\/secure.gravatar.com\\\/avatar\\\/b71bf7481d447dfb9583c7f2798e7cc64de6efb9067b74633ed8c31059a3bd82?s=96&d=mm&r=g\",\"contentUrl\":\"https:\\\/\\\/secure.gravatar.com\\\/avatar\\\/b71bf7481d447dfb9583c7f2798e7cc64de6efb9067b74633ed8c31059a3bd82?s=96&d=mm&r=g\",\"caption\":\"Sebastian\"},\"url\":\"https:\\\/\\\/informelitoral.com.ar\\\/author\\\/sebastian\\\/\"}]}<\/script>","yoast_head_json":{"title":"Renaper: subi\u00f3 el costo del DNI y otros tr\u00e1mites - Informe Litoral","robots":{"index":"index","follow":"follow","max-snippet":"max-snippet:-1","max-image-preview":"max-image-preview:large","max-video-preview":"max-video-preview:-1"},"canonical":"https:\/\/informelitoral.com.ar\/renaper-subio-el-costo-del-dni-y-otros-tramites\/","og_locale":"es_ES","og_type":"article","og_title":"Renaper: subi\u00f3 el costo del DNI y otros tr\u00e1mites - Informe Litoral","og_description":"Las modificaciones abarcan tanto los procedimientos para ciudadanos argentinos como para personas extranjeras","og_url":"https:\/\/informelitoral.com.ar\/renaper-subio-el-costo-del-dni-y-otros-tramites\/","og_site_name":"Informe Litoral","article_publisher":"https:\/\/www.facebook.com\/informelitoral\/","article_published_time":"2025-02-28T11:21:28+00:00","article_modified_time":"2025-02-28T11:26:35+00:00","og_image":[{"width":750,"height":500,"url":"https:\/\/informelitoral.com.ar\/%77%70%2d%63%6f%6e%74%65%6e%74\/uploads\/2021\/07\/dni-personas-no-binarias.jpg","type":"image\/jpeg"}],"author":"Sebastian","twitter_card":"summary_large_image","twitter_creator":"@InformeLitoral","twitter_site":"@InformeLitoral","twitter_misc":{"Escrito por":"Sebastian","Tiempo de lectura":"3 minutos"},"schema":{"@context":"https:\/\/schema.org","@graph":[{"@type":"Article","@id":"https:\/\/informelitoral.com.ar\/renaper-subio-el-costo-del-dni-y-otros-tramites\/#article","isPartOf":{"@id":"https:\/\/informelitoral.com.ar\/renaper-subio-el-costo-del-dni-y-otros-tramites\/"},"author":{"name":"Sebastian","@id":"https:\/\/informelitoral.com.ar\/#\/schema\/person\/f05f9f461677119578717524b127d6d5"},"headline":"Renaper: subi\u00f3 el costo del DNI y otros tr\u00e1mites","datePublished":"2025-02-28T11:21:28+00:00","dateModified":"2025-02-28T11:26:35+00:00","mainEntityOfPage":{"@id":"https:\/\/informelitoral.com.ar\/renaper-subio-el-costo-del-dni-y-otros-tramites\/"},"wordCount":653,"commentCount":0,"publisher":{"@id":"https:\/\/informelitoral.com.ar\/#organization"},"image":{"@id":"https:\/\/informelitoral.com.ar\/renaper-subio-el-costo-del-dni-y-otros-tramites\/#primaryimage"},"thumbnailUrl":"https:\/\/informelitoral.com.ar\/%77%70%2d%63%6f%6e%74%65%6e%74\/uploads\/2021\/07\/dni-personas-no-binarias.jpg","keywords":["Nuevo DNI","RENAPER","Tr\u00e1mites"],"articleSection":["Nacionales"],"inLanguage":"es","potentialAction":[{"@type":"CommentAction","name":"Comment","target":["https:\/\/informelitoral.com.ar\/renaper-subio-el-costo-del-dni-y-otros-tramites\/#respond"]}]},{"@type":"WebPage","@id":"https:\/\/informelitoral.com.ar\/renaper-subio-el-costo-del-dni-y-otros-tramites\/","url":"https:\/\/informelitoral.com.ar\/renaper-subio-el-costo-del-dni-y-otros-tramites\/","name":"Renaper: subi\u00f3 el costo del DNI y otros tr\u00e1mites - Informe Litoral","isPartOf":{"@id":"https:\/\/informelitoral.com.ar\/#website"},"primaryImageOfPage":{"@id":"https:\/\/informelitoral.com.ar\/renaper-subio-el-costo-del-dni-y-otros-tramites\/#primaryimage"},"image":{"@id":"https:\/\/informelitoral.com.ar\/renaper-subio-el-costo-del-dni-y-otros-tramites\/#primaryimage"},"thumbnailUrl":"https:\/\/informelitoral.com.ar\/%77%70%2d%63%6f%6e%74%65%6e%74\/uploads\/2021\/07\/dni-personas-no-binarias.jpg","datePublished":"2025-02-28T11:21:28+00:00","dateModified":"2025-02-28T11:26:35+00:00","breadcrumb":{"@id":"https:\/\/informelitoral.com.ar\/renaper-subio-el-costo-del-dni-y-otros-tramites\/#breadcrumb"},"inLanguage":"es","potentialAction":[{"@type":"ReadAction","target":["https:\/\/informelitoral.com.ar\/renaper-subio-el-costo-del-dni-y-otros-tramites\/"]}]},{"@type":"ImageObject","inLanguage":"es","@id":"https:\/\/informelitoral.com.ar\/renaper-subio-el-costo-del-dni-y-otros-tramites\/#primaryimage","url":"https:\/\/informelitoral.com.ar\/%77%70%2d%63%6f%6e%74%65%6e%74\/uploads\/2021\/07\/dni-personas-no-binarias.jpg","contentUrl":"https:\/\/informelitoral.com.ar\/%77%70%2d%63%6f%6e%74%65%6e%74\/uploads\/2021\/07\/dni-personas-no-binarias.jpg","width":750,"height":500},{"@type":"BreadcrumbList","@id":"https:\/\/informelitoral.com.ar\/renaper-subio-el-costo-del-dni-y-otros-tramites\/#breadcrumb","itemListElement":[{"@type":"ListItem","position":1,"name":"Portada","item":"https:\/\/informelitoral.com.ar\/"},{"@type":"ListItem","position":2,"name":"Renaper: subi\u00f3 el costo del DNI y otros tr\u00e1mites"}]},{"@type":"WebSite","@id":"https:\/\/informelitoral.com.ar\/#website","url":"https:\/\/informelitoral.com.ar\/","name":"Informe Litoral","description":"&quot;Nos informamos&quot; ","publisher":{"@id":"https:\/\/informelitoral.com.ar\/#organization"},"potentialAction":[{"@type":"SearchAction","target":{"@type":"EntryPoint","urlTemplate":"https:\/\/informelitoral.com.ar\/?s={search_term_string}"},"query-input":{"@type":"PropertyValueSpecification","valueRequired":true,"valueName":"search_term_string"}}],"inLanguage":"es"},{"@type":"Organization","@id":"https:\/\/informelitoral.com.ar\/#organization","name":"Informe Litoral","url":"https:\/\/informelitoral.com.ar\/","logo":{"@type":"ImageObject","inLanguage":"es","@id":"https:\/\/informelitoral.com.ar\/#\/schema\/logo\/image\/","url":"https:\/\/informelitoral.com.ar\/%77%70%2d%63%6f%6e%74%65%6e%74\/uploads\/2021\/01\/circulo.png","contentUrl":"https:\/\/informelitoral.com.ar\/%77%70%2d%63%6f%6e%74%65%6e%74\/uploads\/2021\/01\/circulo.png","width":723,"height":731,"caption":"Informe Litoral"},"image":{"@id":"https:\/\/informelitoral.com.ar\/#\/schema\/logo\/image\/"},"sameAs":["https:\/\/www.facebook.com\/informelitoral\/","https:\/\/x.com\/InformeLitoral","https:\/\/www.instagram.com\/informelitoral\/","https:\/\/www.youtube.com\/channel\/UCua4Qvz8Icb6MYqhoq9xLXw"]},{"@type":"Person","@id":"https:\/\/informelitoral.com.ar\/#\/schema\/person\/f05f9f461677119578717524b127d6d5","name":"Sebastian","image":{"@type":"ImageObject","inLanguage":"es","@id":"https:\/\/secure.gravatar.com\/avatar\/b71bf7481d447dfb9583c7f2798e7cc64de6efb9067b74633ed8c31059a3bd82?s=96&d=mm&r=g","url":"https:\/\/secure.gravatar.com\/avatar\/b71bf7481d447dfb9583c7f2798e7cc64de6efb9067b74633ed8c31059a3bd82?s=96&d=mm&r=g","contentUrl":"https:\/\/secure.gravatar.com\/avatar\/b71bf7481d447dfb9583c7f2798e7cc64de6efb9067b74633ed8c31059a3bd82?s=96&d=mm&r=g","caption":"Sebastian"},"url":"https:\/\/informelitoral.com.ar\/author\/sebastian\/"}]}},"_links":{"self":[{"href":"https:\/\/informelitoral.com.ar\/%77%70%2d%6a%73%6f%6e\/wp\/v2\/posts\/213321","targetHints":{"allow":["GET"]}}],"collection":[{"href":"https:\/\/informelitoral.com.ar\/%77%70%2d%6a%73%6f%6e\/wp\/v2\/posts"}],"about":[{"href":"https:\/\/informelitoral.com.ar\/%77%70%2d%6a%73%6f%6e\/wp\/v2\/types\/post"}],"author":[{"embeddable":true,"href":"https:\/\/informelitoral.com.ar\/%77%70%2d%6a%73%6f%6e\/wp\/v2\/users\/8"}],"replies":[{"embeddable":true,"href":"https:\/\/informelitoral.com.ar\/%77%70%2d%6a%73%6f%6e\/wp\/v2\/comments?post=213321"}],"version-history":[{"count":0,"href":"https:\/\/informelitoral.com.ar\/%77%70%2d%6a%73%6f%6e\/wp\/v2\/posts\/213321\/revisions"}],"wp:featuredmedia":[{"embeddable":true,"href":"https:\/\/informelitoral.com.ar\/%77%70%2d%6a%73%6f%6e\/wp\/v2\/media\/62683"}],"wp:attachment":[{"href":"https:\/\/informelitoral.com.ar\/%77%70%2d%6a%73%6f%6e\/wp\/v2\/media?parent=213321"}],"wp:term":[{"taxonomy":"category","embeddable":true,"href":"https:\/\/informelitoral.com.ar\/%77%70%2d%6a%73%6f%6e\/wp\/v2\/categories?post=213321"},{"taxonomy":"post_tag","embeddable":true,"href":"https:\/\/informelitoral.com.ar\/%77%70%2d%6a%73%6f%6e\/wp\/v2\/tags?post=213321"}],"curies":[{"name":"wp","href":"https:\/\/api.w.org\/{rel}","templated":true}]}}