{"id":213290,"date":"2025-02-28T05:14:06","date_gmt":"2025-02-28T08:14:06","guid":{"rendered":"https:\/\/informelitoral.com.ar\/?p=213290"},"modified":"2025-02-28T07:23:46","modified_gmt":"2025-02-28T10:23:46","slug":"claudia-mizawak-juro-como-vocal-suplente-del-jurado-de-enjuiciamiento","status":"publish","type":"post","link":"https:\/\/informelitoral.com.ar\/claudia-mizawak-juro-como-vocal-suplente-del-jurado-de-enjuiciamiento\/","title":{"rendered":"Claudia Mizawak jur\u00f3 como vocal suplente del Jurado de Enjuiciamiento"},"content":{"rendered":"<p>El acto oficial se realiz\u00f3 este jueves por la ma\u00f1ana en el Sal\u00f3n de la Vicegobernaci\u00f3n de Entre R\u00edos y estuvo encabezado por la vicegobernadora y presidente de la Honorable C\u00e1mara de Senadores de Entre R\u00edos, <strong>Alicia Aluani.<\/strong><\/p>\n<p>En la oportunidad, la<strong> Dra. Claudia Mizawak<\/strong> jur\u00f3 como representante suplente del alto tribunal ante el Honorable Jurado de Enjuiciamiento para intervenir en la causa caratulada \u201cBonabotta Guillermo Fernando \u2013vocal titular de la Sala Segunda de la C\u00e1mara Tercera del Trabajo de Paran\u00e1- denuncia en su contra promovida por el Superior Tribunal de Justicia de Entre R\u00edos- Resoluci\u00f3n N\u00ba006 con fecha 25\/09\/24\u201d.<\/p>\n<p>Acompa\u00f1aron la prosecretaria de la C\u00e1mara de Senadores, <strong>Sara Foletto<\/strong> y el secretario del Jurado de Enjuiciamiento,<strong> Eduardo Rodr\u00edguez Vagar\u00eda.<\/strong><\/p>\n<h6><em><strong>Del archivo de Informe Litoral:\u00a0<a href=\"https:\/\/informelitoral.com.ar\/el-becario-y-el-copnaf-acuerdan-becas-para-jovenes-sin-cuidados-parentales\/\" target=\"_blank\" rel=\"noopener\">El Becario y el Copnaf acuerdan becas para j\u00f3venes sin cuidados parentales<\/a><\/strong><\/em><\/h6>\n","protected":false},"excerpt":{"rendered":"<p>La vicegobernadora y presidente del Senado, Alicia Aluani, tom\u00f3 juramento a la Dra. Claudia Mizawak como representante suplente del alto tribunal ante el Honorable Jurado de Enjuiciamiento.<\/p>\n","protected":false},"author":2,"featured_media":213291,"comment_status":"open","ping_status":"open","sticky":false,"template":"","format":"standard","meta":{"fifu_image_url":"","fifu_image_alt":"","footnotes":""},"categories":[16],"tags":[4462,287,464],"class_list":{"0":"post-213290","1":"post","2":"type-post","3":"status-publish","4":"format-standard","5":"has-post-thumbnail","7":"category-politi","8":"tag-alicia-aluani","9":"tag-legislativas","10":"tag-senado"},"yoast_head":"<title>Claudia Mizawak jur\u00f3 como vocal suplente del Jurado de Enjuiciamiento - Informe Litoral<\/title>\n<meta name=\"robots\" content=\"index, follow, max-snippet:-1, max-image-preview:large, max-video-preview:-1\" \/>\n<link rel=\"canonical\" href=\"https:\/\/informelitoral.com.ar\/claudia-mizawak-juro-como-vocal-suplente-del-jurado-de-enjuiciamiento\/\" \/>\n<meta property=\"og:locale\" content=\"es_ES\" \/>\n<meta property=\"og:type\" content=\"article\" \/>\n<meta property=\"og:title\" content=\"Claudia Mizawak jur\u00f3 como vocal suplente del Jurado de Enjuiciamiento - Informe Litoral\" \/>\n<meta property=\"og:description\" content=\"La vicegobernadora y presidente del Senado, Alicia Aluani, tom\u00f3 juramento a la Dra. Claudia Mizawak como representante suplente del alto tribunal ante el Honorable Jurado de Enjuiciamiento.\" \/>\n<meta property=\"og:url\" content=\"https:\/\/informelitoral.com.ar\/claudia-mizawak-juro-como-vocal-suplente-del-jurado-de-enjuiciamiento\/\" \/>\n<meta property=\"og:site_name\" content=\"Informe Litoral\" \/>\n<meta property=\"article:publisher\" content=\"https:\/\/www.facebook.com\/informelitoral\/\" \/>\n<meta property=\"article:published_time\" content=\"2025-02-28T08:14:06+00:00\" \/>\n<meta property=\"article:modified_time\" content=\"2025-02-28T10:23:46+00:00\" \/>\n<meta property=\"og:image\" content=\"https:\/\/informelitoral.com.ar\/%77%70%2d%63%6f%6e%74%65%6e%74\/uploads\/2025\/02\/PSX_20250227_122325-860x573-1.jpg\" \/>\n\t<meta property=\"og:image:width\" content=\"860\" \/>\n\t<meta property=\"og:image:height\" content=\"573\" \/>\n\t<meta property=\"og:image:type\" content=\"image\/jpeg\" \/>\n<meta name=\"author\" content=\"Gonzalo Schmidt\" \/>\n<meta name=\"twitter:card\" content=\"summary_large_image\" \/>\n<meta name=\"twitter:creator\" content=\"@InformeLitoral\" \/>\n<meta name=\"twitter:site\" content=\"@InformeLitoral\" \/>\n<meta name=\"twitter:label1\" content=\"Escrito por\" \/>\n\t<meta name=\"twitter:data1\" content=\"Gonzalo Schmidt\" \/>\n\t<meta name=\"twitter:label2\" content=\"Tiempo de lectura\" \/>\n\t<meta name=\"twitter:data2\" content=\"1 minuto\" \/>\n<script type=\"application\/ld+json\" class=\"yoast-schema-graph\">{\"@context\":\"https:\\\/\\\/schema.org\",\"@graph\":[{\"@type\":\"Article\",\"@id\":\"https:\\\/\\\/informelitoral.com.ar\\\/claudia-mizawak-juro-como-vocal-suplente-del-jurado-de-enjuiciamiento\\\/#article\",\"isPartOf\":{\"@id\":\"https:\\\/\\\/informelitoral.com.ar\\\/claudia-mizawak-juro-como-vocal-suplente-del-jurado-de-enjuiciamiento\\\/\"},\"author\":{\"name\":\"Gonzalo Schmidt\",\"@id\":\"https:\\\/\\\/informelitoral.com.ar\\\/#\\\/schema\\\/person\\\/b9d00407c836482871ef1d57bf8e3180\"},\"headline\":\"Claudia Mizawak jur\u00f3 como vocal suplente del Jurado de Enjuiciamiento\",\"datePublished\":\"2025-02-28T08:14:06+00:00\",\"dateModified\":\"2025-02-28T10:23:46+00:00\",\"mainEntityOfPage\":{\"@id\":\"https:\\\/\\\/informelitoral.com.ar\\\/claudia-mizawak-juro-como-vocal-suplente-del-jurado-de-enjuiciamiento\\\/\"},\"wordCount\":161,\"commentCount\":0,\"publisher\":{\"@id\":\"https:\\\/\\\/informelitoral.com.ar\\\/#organization\"},\"image\":{\"@id\":\"https:\\\/\\\/informelitoral.com.ar\\\/claudia-mizawak-juro-como-vocal-suplente-del-jurado-de-enjuiciamiento\\\/#primaryimage\"},\"thumbnailUrl\":\"https:\\\/\\\/informelitoral.com.ar\\\/%77%70%2d%63%6f%6e%74%65%6e%74\\\/uploads\\\/2025\\\/02\\\/PSX_20250227_122325-860x573-1.jpg\",\"keywords\":[\"Alicia Aluani\",\"Legislativas\",\"Senado\"],\"articleSection\":[\"Politica\"],\"inLanguage\":\"es\",\"potentialAction\":[{\"@type\":\"CommentAction\",\"name\":\"Comment\",\"target\":[\"https:\\\/\\\/informelitoral.com.ar\\\/claudia-mizawak-juro-como-vocal-suplente-del-jurado-de-enjuiciamiento\\\/#respond\"]}]},{\"@type\":\"WebPage\",\"@id\":\"https:\\\/\\\/informelitoral.com.ar\\\/claudia-mizawak-juro-como-vocal-suplente-del-jurado-de-enjuiciamiento\\\/\",\"url\":\"https:\\\/\\\/informelitoral.com.ar\\\/claudia-mizawak-juro-como-vocal-suplente-del-jurado-de-enjuiciamiento\\\/\",\"name\":\"Claudia Mizawak jur\u00f3 como vocal suplente del Jurado de Enjuiciamiento - Informe Litoral\",\"isPartOf\":{\"@id\":\"https:\\\/\\\/informelitoral.com.ar\\\/#website\"},\"primaryImageOfPage\":{\"@id\":\"https:\\\/\\\/informelitoral.com.ar\\\/claudia-mizawak-juro-como-vocal-suplente-del-jurado-de-enjuiciamiento\\\/#primaryimage\"},\"image\":{\"@id\":\"https:\\\/\\\/informelitoral.com.ar\\\/claudia-mizawak-juro-como-vocal-suplente-del-jurado-de-enjuiciamiento\\\/#primaryimage\"},\"thumbnailUrl\":\"https:\\\/\\\/informelitoral.com.ar\\\/%77%70%2d%63%6f%6e%74%65%6e%74\\\/uploads\\\/2025\\\/02\\\/PSX_20250227_122325-860x573-1.jpg\",\"datePublished\":\"2025-02-28T08:14:06+00:00\",\"dateModified\":\"2025-02-28T10:23:46+00:00\",\"breadcrumb\":{\"@id\":\"https:\\\/\\\/informelitoral.com.ar\\\/claudia-mizawak-juro-como-vocal-suplente-del-jurado-de-enjuiciamiento\\\/#breadcrumb\"},\"inLanguage\":\"es\",\"potentialAction\":[{\"@type\":\"ReadAction\",\"target\":[\"https:\\\/\\\/informelitoral.com.ar\\\/claudia-mizawak-juro-como-vocal-suplente-del-jurado-de-enjuiciamiento\\\/\"]}]},{\"@type\":\"ImageObject\",\"inLanguage\":\"es\",\"@id\":\"https:\\\/\\\/informelitoral.com.ar\\\/claudia-mizawak-juro-como-vocal-suplente-del-jurado-de-enjuiciamiento\\\/#primaryimage\",\"url\":\"https:\\\/\\\/informelitoral.com.ar\\\/%77%70%2d%63%6f%6e%74%65%6e%74\\\/uploads\\\/2025\\\/02\\\/PSX_20250227_122325-860x573-1.jpg\",\"contentUrl\":\"https:\\\/\\\/informelitoral.com.ar\\\/%77%70%2d%63%6f%6e%74%65%6e%74\\\/uploads\\\/2025\\\/02\\\/PSX_20250227_122325-860x573-1.jpg\",\"width\":860,\"height\":573},{\"@type\":\"BreadcrumbList\",\"@id\":\"https:\\\/\\\/informelitoral.com.ar\\\/claudia-mizawak-juro-como-vocal-suplente-del-jurado-de-enjuiciamiento\\\/#breadcrumb\",\"itemListElement\":[{\"@type\":\"ListItem\",\"position\":1,\"name\":\"Portada\",\"item\":\"https:\\\/\\\/informelitoral.com.ar\\\/\"},{\"@type\":\"ListItem\",\"position\":2,\"name\":\"Claudia Mizawak jur\u00f3 como vocal suplente del Jurado de Enjuiciamiento\"}]},{\"@type\":\"WebSite\",\"@id\":\"https:\\\/\\\/informelitoral.com.ar\\\/#website\",\"url\":\"https:\\\/\\\/informelitoral.com.ar\\\/\",\"name\":\"Informe Litoral\",\"description\":\"&quot;Nos informamos&quot; \",\"publisher\":{\"@id\":\"https:\\\/\\\/informelitoral.com.ar\\\/#organization\"},\"potentialAction\":[{\"@type\":\"SearchAction\",\"target\":{\"@type\":\"EntryPoint\",\"urlTemplate\":\"https:\\\/\\\/informelitoral.com.ar\\\/?s={search_term_string}\"},\"query-input\":{\"@type\":\"PropertyValueSpecification\",\"valueRequired\":true,\"valueName\":\"search_term_string\"}}],\"inLanguage\":\"es\"},{\"@type\":\"Organization\",\"@id\":\"https:\\\/\\\/informelitoral.com.ar\\\/#organization\",\"name\":\"Informe Litoral\",\"url\":\"https:\\\/\\\/informelitoral.com.ar\\\/\",\"logo\":{\"@type\":\"ImageObject\",\"inLanguage\":\"es\",\"@id\":\"https:\\\/\\\/informelitoral.com.ar\\\/#\\\/schema\\\/logo\\\/image\\\/\",\"url\":\"https:\\\/\\\/informelitoral.com.ar\\\/%77%70%2d%63%6f%6e%74%65%6e%74\\\/uploads\\\/2021\\\/01\\\/circulo.png\",\"contentUrl\":\"https:\\\/\\\/informelitoral.com.ar\\\/%77%70%2d%63%6f%6e%74%65%6e%74\\\/uploads\\\/2021\\\/01\\\/circulo.png\",\"width\":723,\"height\":731,\"caption\":\"Informe Litoral\"},\"image\":{\"@id\":\"https:\\\/\\\/informelitoral.com.ar\\\/#\\\/schema\\\/logo\\\/image\\\/\"},\"sameAs\":[\"https:\\\/\\\/www.facebook.com\\\/informelitoral\\\/\",\"https:\\\/\\\/x.com\\\/InformeLitoral\",\"https:\\\/\\\/www.instagram.com\\\/informelitoral\\\/\",\"https:\\\/\\\/www.youtube.com\\\/channel\\\/UCua4Qvz8Icb6MYqhoq9xLXw\"]},{\"@type\":\"Person\",\"@id\":\"https:\\\/\\\/informelitoral.com.ar\\\/#\\\/schema\\\/person\\\/b9d00407c836482871ef1d57bf8e3180\",\"name\":\"Gonzalo Schmidt\",\"image\":{\"@type\":\"ImageObject\",\"inLanguage\":\"es\",\"@id\":\"https:\\\/\\\/secure.gravatar.com\\\/avatar\\\/31a1a7b66ff2de83bd0e9fd79d026630d2d99e55e8bfe501287647b4fd9743de?s=96&d=mm&r=g\",\"url\":\"https:\\\/\\\/secure.gravatar.com\\\/avatar\\\/31a1a7b66ff2de83bd0e9fd79d026630d2d99e55e8bfe501287647b4fd9743de?s=96&d=mm&r=g\",\"contentUrl\":\"https:\\\/\\\/secure.gravatar.com\\\/avatar\\\/31a1a7b66ff2de83bd0e9fd79d026630d2d99e55e8bfe501287647b4fd9743de?s=96&d=mm&r=g\",\"caption\":\"Gonzalo Schmidt\"},\"description\":\"Sitio web de noticias de la provincia de Entre R\u00edos, Argentina. Informaci\u00f3n y entretenimiento. Informe Litoral, nos informamos.\",\"sameAs\":[\"http:\\\/\\\/www.isletasnoticias.com.ar\"],\"url\":\"https:\\\/\\\/informelitoral.com.ar\\\/author\\\/gonzalo\\\/\"}]}<\/script>","yoast_head_json":{"title":"Claudia Mizawak jur\u00f3 como vocal suplente del Jurado de Enjuiciamiento - Informe Litoral","robots":{"index":"index","follow":"follow","max-snippet":"max-snippet:-1","max-image-preview":"max-image-preview:large","max-video-preview":"max-video-preview:-1"},"canonical":"https:\/\/informelitoral.com.ar\/claudia-mizawak-juro-como-vocal-suplente-del-jurado-de-enjuiciamiento\/","og_locale":"es_ES","og_type":"article","og_title":"Claudia Mizawak jur\u00f3 como vocal suplente del Jurado de Enjuiciamiento - Informe Litoral","og_description":"La vicegobernadora y presidente del Senado, Alicia Aluani, tom\u00f3 juramento a la Dra. Claudia Mizawak como representante suplente del alto tribunal ante el Honorable Jurado de Enjuiciamiento.","og_url":"https:\/\/informelitoral.com.ar\/claudia-mizawak-juro-como-vocal-suplente-del-jurado-de-enjuiciamiento\/","og_site_name":"Informe Litoral","article_publisher":"https:\/\/www.facebook.com\/informelitoral\/","article_published_time":"2025-02-28T08:14:06+00:00","article_modified_time":"2025-02-28T10:23:46+00:00","og_image":[{"width":860,"height":573,"url":"https:\/\/informelitoral.com.ar\/%77%70%2d%63%6f%6e%74%65%6e%74\/uploads\/2025\/02\/PSX_20250227_122325-860x573-1.jpg","type":"image\/jpeg"}],"author":"Gonzalo Schmidt","twitter_card":"summary_large_image","twitter_creator":"@InformeLitoral","twitter_site":"@InformeLitoral","twitter_misc":{"Escrito por":"Gonzalo Schmidt","Tiempo de lectura":"1 minuto"},"schema":{"@context":"https:\/\/schema.org","@graph":[{"@type":"Article","@id":"https:\/\/informelitoral.com.ar\/claudia-mizawak-juro-como-vocal-suplente-del-jurado-de-enjuiciamiento\/#article","isPartOf":{"@id":"https:\/\/informelitoral.com.ar\/claudia-mizawak-juro-como-vocal-suplente-del-jurado-de-enjuiciamiento\/"},"author":{"name":"Gonzalo Schmidt","@id":"https:\/\/informelitoral.com.ar\/#\/schema\/person\/b9d00407c836482871ef1d57bf8e3180"},"headline":"Claudia Mizawak jur\u00f3 como vocal suplente del Jurado de Enjuiciamiento","datePublished":"2025-02-28T08:14:06+00:00","dateModified":"2025-02-28T10:23:46+00:00","mainEntityOfPage":{"@id":"https:\/\/informelitoral.com.ar\/claudia-mizawak-juro-como-vocal-suplente-del-jurado-de-enjuiciamiento\/"},"wordCount":161,"commentCount":0,"publisher":{"@id":"https:\/\/informelitoral.com.ar\/#organization"},"image":{"@id":"https:\/\/informelitoral.com.ar\/claudia-mizawak-juro-como-vocal-suplente-del-jurado-de-enjuiciamiento\/#primaryimage"},"thumbnailUrl":"https:\/\/informelitoral.com.ar\/%77%70%2d%63%6f%6e%74%65%6e%74\/uploads\/2025\/02\/PSX_20250227_122325-860x573-1.jpg","keywords":["Alicia Aluani","Legislativas","Senado"],"articleSection":["Politica"],"inLanguage":"es","potentialAction":[{"@type":"CommentAction","name":"Comment","target":["https:\/\/informelitoral.com.ar\/claudia-mizawak-juro-como-vocal-suplente-del-jurado-de-enjuiciamiento\/#respond"]}]},{"@type":"WebPage","@id":"https:\/\/informelitoral.com.ar\/claudia-mizawak-juro-como-vocal-suplente-del-jurado-de-enjuiciamiento\/","url":"https:\/\/informelitoral.com.ar\/claudia-mizawak-juro-como-vocal-suplente-del-jurado-de-enjuiciamiento\/","name":"Claudia Mizawak jur\u00f3 como vocal suplente del Jurado de Enjuiciamiento - Informe Litoral","isPartOf":{"@id":"https:\/\/informelitoral.com.ar\/#website"},"primaryImageOfPage":{"@id":"https:\/\/informelitoral.com.ar\/claudia-mizawak-juro-como-vocal-suplente-del-jurado-de-enjuiciamiento\/#primaryimage"},"image":{"@id":"https:\/\/informelitoral.com.ar\/claudia-mizawak-juro-como-vocal-suplente-del-jurado-de-enjuiciamiento\/#primaryimage"},"thumbnailUrl":"https:\/\/informelitoral.com.ar\/%77%70%2d%63%6f%6e%74%65%6e%74\/uploads\/2025\/02\/PSX_20250227_122325-860x573-1.jpg","datePublished":"2025-02-28T08:14:06+00:00","dateModified":"2025-02-28T10:23:46+00:00","breadcrumb":{"@id":"https:\/\/informelitoral.com.ar\/claudia-mizawak-juro-como-vocal-suplente-del-jurado-de-enjuiciamiento\/#breadcrumb"},"inLanguage":"es","potentialAction":[{"@type":"ReadAction","target":["https:\/\/informelitoral.com.ar\/claudia-mizawak-juro-como-vocal-suplente-del-jurado-de-enjuiciamiento\/"]}]},{"@type":"ImageObject","inLanguage":"es","@id":"https:\/\/informelitoral.com.ar\/claudia-mizawak-juro-como-vocal-suplente-del-jurado-de-enjuiciamiento\/#primaryimage","url":"https:\/\/informelitoral.com.ar\/%77%70%2d%63%6f%6e%74%65%6e%74\/uploads\/2025\/02\/PSX_20250227_122325-860x573-1.jpg","contentUrl":"https:\/\/informelitoral.com.ar\/%77%70%2d%63%6f%6e%74%65%6e%74\/uploads\/2025\/02\/PSX_20250227_122325-860x573-1.jpg","width":860,"height":573},{"@type":"BreadcrumbList","@id":"https:\/\/informelitoral.com.ar\/claudia-mizawak-juro-como-vocal-suplente-del-jurado-de-enjuiciamiento\/#breadcrumb","itemListElement":[{"@type":"ListItem","position":1,"name":"Portada","item":"https:\/\/informelitoral.com.ar\/"},{"@type":"ListItem","position":2,"name":"Claudia Mizawak jur\u00f3 como vocal suplente del Jurado de Enjuiciamiento"}]},{"@type":"WebSite","@id":"https:\/\/informelitoral.com.ar\/#website","url":"https:\/\/informelitoral.com.ar\/","name":"Informe Litoral","description":"&quot;Nos informamos&quot; ","publisher":{"@id":"https:\/\/informelitoral.com.ar\/#organization"},"potentialAction":[{"@type":"SearchAction","target":{"@type":"EntryPoint","urlTemplate":"https:\/\/informelitoral.com.ar\/?s={search_term_string}"},"query-input":{"@type":"PropertyValueSpecification","valueRequired":true,"valueName":"search_term_string"}}],"inLanguage":"es"},{"@type":"Organization","@id":"https:\/\/informelitoral.com.ar\/#organization","name":"Informe Litoral","url":"https:\/\/informelitoral.com.ar\/","logo":{"@type":"ImageObject","inLanguage":"es","@id":"https:\/\/informelitoral.com.ar\/#\/schema\/logo\/image\/","url":"https:\/\/informelitoral.com.ar\/%77%70%2d%63%6f%6e%74%65%6e%74\/uploads\/2021\/01\/circulo.png","contentUrl":"https:\/\/informelitoral.com.ar\/%77%70%2d%63%6f%6e%74%65%6e%74\/uploads\/2021\/01\/circulo.png","width":723,"height":731,"caption":"Informe Litoral"},"image":{"@id":"https:\/\/informelitoral.com.ar\/#\/schema\/logo\/image\/"},"sameAs":["https:\/\/www.facebook.com\/informelitoral\/","https:\/\/x.com\/InformeLitoral","https:\/\/www.instagram.com\/informelitoral\/","https:\/\/www.youtube.com\/channel\/UCua4Qvz8Icb6MYqhoq9xLXw"]},{"@type":"Person","@id":"https:\/\/informelitoral.com.ar\/#\/schema\/person\/b9d00407c836482871ef1d57bf8e3180","name":"Gonzalo Schmidt","image":{"@type":"ImageObject","inLanguage":"es","@id":"https:\/\/secure.gravatar.com\/avatar\/31a1a7b66ff2de83bd0e9fd79d026630d2d99e55e8bfe501287647b4fd9743de?s=96&d=mm&r=g","url":"https:\/\/secure.gravatar.com\/avatar\/31a1a7b66ff2de83bd0e9fd79d026630d2d99e55e8bfe501287647b4fd9743de?s=96&d=mm&r=g","contentUrl":"https:\/\/secure.gravatar.com\/avatar\/31a1a7b66ff2de83bd0e9fd79d026630d2d99e55e8bfe501287647b4fd9743de?s=96&d=mm&r=g","caption":"Gonzalo Schmidt"},"description":"Sitio web de noticias de la provincia de Entre R\u00edos, Argentina. Informaci\u00f3n y entretenimiento. Informe Litoral, nos informamos.","sameAs":["http:\/\/www.isletasnoticias.com.ar"],"url":"https:\/\/informelitoral.com.ar\/author\/gonzalo\/"}]}},"_links":{"self":[{"href":"https:\/\/informelitoral.com.ar\/%77%70%2d%6a%73%6f%6e\/wp\/v2\/posts\/213290","targetHints":{"allow":["GET"]}}],"collection":[{"href":"https:\/\/informelitoral.com.ar\/%77%70%2d%6a%73%6f%6e\/wp\/v2\/posts"}],"about":[{"href":"https:\/\/informelitoral.com.ar\/%77%70%2d%6a%73%6f%6e\/wp\/v2\/types\/post"}],"author":[{"embeddable":true,"href":"https:\/\/informelitoral.com.ar\/%77%70%2d%6a%73%6f%6e\/wp\/v2\/users\/2"}],"replies":[{"embeddable":true,"href":"https:\/\/informelitoral.com.ar\/%77%70%2d%6a%73%6f%6e\/wp\/v2\/comments?post=213290"}],"version-history":[{"count":0,"href":"https:\/\/informelitoral.com.ar\/%77%70%2d%6a%73%6f%6e\/wp\/v2\/posts\/213290\/revisions"}],"wp:featuredmedia":[{"embeddable":true,"href":"https:\/\/informelitoral.com.ar\/%77%70%2d%6a%73%6f%6e\/wp\/v2\/media\/213291"}],"wp:attachment":[{"href":"https:\/\/informelitoral.com.ar\/%77%70%2d%6a%73%6f%6e\/wp\/v2\/media?parent=213290"}],"wp:term":[{"taxonomy":"category","embeddable":true,"href":"https:\/\/informelitoral.com.ar\/%77%70%2d%6a%73%6f%6e\/wp\/v2\/categories?post=213290"},{"taxonomy":"post_tag","embeddable":true,"href":"https:\/\/informelitoral.com.ar\/%77%70%2d%6a%73%6f%6e\/wp\/v2\/tags?post=213290"}],"curies":[{"name":"wp","href":"https:\/\/api.w.org\/{rel}","templated":true}]}}