{"id":213211,"date":"2025-02-27T08:54:49","date_gmt":"2025-02-27T11:54:49","guid":{"rendered":"https:\/\/informelitoral.com.ar\/?p=213211"},"modified":"2025-02-27T09:04:03","modified_gmt":"2025-02-27T12:04:03","slug":"confirmaron-cuando-empieza-el-torneo-copa-2025","status":"publish","type":"post","link":"https:\/\/informelitoral.com.ar\/confirmaron-cuando-empieza-el-torneo-copa-2025\/","title":{"rendered":"Confirmaron cu\u00e1ndo empieza el Torneo Copa 2025"},"content":{"rendered":"<p>Se confirm\u00f3 este s\u00e1bado que el <strong>\u201cTorneo Copa 2025\u201d<\/strong> que disputar\u00e1n equipos que integran la Liga Diamantina y la Liga Paranaense de F\u00fatbol, se iniciar\u00e1 el <strong>pr\u00f3ximo 30 de marzo<\/strong>.<\/p>\n<p>Desde la dirigencia se indic\u00f3 que de la LDF participar\u00e1n los elencos de: Hurac\u00e1n, Atl\u00e9tico Diamantino (CAD), San Mart\u00edn, Belgrano, Valle Mar\u00eda, San Jos\u00e9 (A. Brasilera), Dep. Strobel y Puerto Nuevo, donde los 6 primeros presentar\u00e1n tambi\u00e9n equipos de la Sub-23.<\/p>\n<p>En tanto, de la capital entrerriana estar\u00e1n los representantes de los clubes: Belgrano, Patronato, Don Bosco, Atl\u00e9tico Paran\u00e1, Pe\u00f1arol, San Miguel, Argentino Juniors, San Benito, Universitario, Atl. Oro Verde, Camioneros, Instituto, Toritos, Sportivo Urquiza, Palermo y Neuqu\u00e9n.<\/p>\n<h2><strong>Formato del certamen<\/strong><\/h2>\n<p>Ser\u00e1n 24 equipos en total, 16 de Paran\u00e1 y 8 de Diamante; en grupos de 4 zonas de 6 equipos cada una, 4 de la LPF y 2 de la LDF.<\/p>\n<p>El sistema de juego incluir\u00e1 partidos de ida y vuelta, aproximadamente 10 partidos por equipo, donde clasificar\u00e1n los primeros de cada grupo a semifinales. A\u00fan se define si la semifinal ser\u00e1 a ida y vuelta, pero siempre en la cancha del mejor clasificado.<\/p>\n<h2><strong>Reglamento y arbitraje:<\/strong><\/h2>\n<ul>\n<li>El torneo se regir\u00e1 por el reglamento de la Liga Paranaense de F\u00fatbol (la Liga Diamantina participa como invitada).<\/li>\n<li>Se utilizar\u00e1 el sistema Comet (CO o MT).<\/li>\n<li>Los \u00e1rbitros ser\u00e1n de la Liga Paranaense.<\/li>\n<li>El Tribunal de Disciplina ser\u00e1 el de la Liga Paranaense.<\/li>\n<li>En caso de suspensi\u00f3n por clima, el partido se recuperar\u00e1 a las 72 horas<\/li>\n<li>El Personal especializado en el sistema Comet dar\u00e1 una charla a los equipos de Diamante.<\/li>\n<\/ul>\n<h2><strong>Detalles Adicionales:<\/strong><\/h2>\n<ul>\n<li>Partidos: Se jugar\u00e1n los s\u00e1bados, debido a los compromisos dominicales del Patronato.<\/li>\n<\/ul>\n<h2><strong>La categor\u00eda Sub-23, jugar\u00e1 preliminarmente a los partidos de Primera.<\/strong><\/h2>\n<ul>\n<li>Entradas: El precio m\u00e1ximo ser\u00e1 de $ 4.000, a criterio del club organizador.<\/li>\n<li>Sorteo: Se realizar\u00e1 el 19 de marzo en Paran\u00e1, con la presencia obligatoria de todos los clubes.<\/li>\n<li>Fecha de inicio: 30 de marzo.<\/li>\n<li>L\u00edmite de edad: 35 a\u00f1os.<\/li>\n<li>Expulsiones: Jugadores expulsados con m\u00e1s de 3 fechas no podr\u00e1n seguir participando.<\/li>\n<\/ul>\n","protected":false},"excerpt":{"rendered":"<p>Diamante y Paran\u00e1 se preparan para un enfrentamiento futbol\u00edstico sin precedentes con el inicio de la Copa 2025.<\/p>\n","protected":false},"author":8,"featured_media":213213,"comment_status":"open","ping_status":"open","sticky":false,"template":"","format":"standard","meta":{"fifu_image_url":"","fifu_image_alt":"","footnotes":""},"categories":[5],"tags":[1385,57,5601,5602],"class_list":{"0":"post-213211","1":"post","2":"type-post","3":"status-publish","4":"format-standard","5":"has-post-thumbnail","7":"category-zonales","8":"tag-departamento-diamante","9":"tag-futbol","10":"tag-torne-copa","11":"tag-torneo-copa-2025"},"yoast_head":"<title>Confirmaron cu\u00e1ndo empieza el Torneo Copa 2025 - Informe Litoral<\/title>\n<meta name=\"robots\" content=\"index, follow, max-snippet:-1, max-image-preview:large, max-video-preview:-1\" \/>\n<link rel=\"canonical\" href=\"https:\/\/informelitoral.com.ar\/confirmaron-cuando-empieza-el-torneo-copa-2025\/\" \/>\n<meta property=\"og:locale\" content=\"es_ES\" \/>\n<meta property=\"og:type\" content=\"article\" \/>\n<meta property=\"og:title\" content=\"Confirmaron cu\u00e1ndo empieza el Torneo Copa 2025 - Informe Litoral\" \/>\n<meta property=\"og:description\" content=\"Diamante y Paran\u00e1 se preparan para un enfrentamiento futbol\u00edstico sin precedentes con el inicio de la Copa 2025.\" \/>\n<meta property=\"og:url\" content=\"https:\/\/informelitoral.com.ar\/confirmaron-cuando-empieza-el-torneo-copa-2025\/\" \/>\n<meta property=\"og:site_name\" content=\"Informe Litoral\" \/>\n<meta property=\"article:publisher\" content=\"https:\/\/www.facebook.com\/informelitoral\/\" \/>\n<meta property=\"article:published_time\" content=\"2025-02-27T11:54:49+00:00\" \/>\n<meta property=\"article:modified_time\" content=\"2025-02-27T12:04:03+00:00\" \/>\n<meta property=\"og:image\" content=\"https:\/\/informelitoral.com.ar\/%77%70%2d%63%6f%6e%74%65%6e%74\/uploads\/2025\/02\/01Red.jpg\" \/>\n\t<meta property=\"og:image:width\" content=\"913\" \/>\n\t<meta property=\"og:image:height\" content=\"510\" \/>\n\t<meta property=\"og:image:type\" content=\"image\/jpeg\" \/>\n<meta name=\"author\" content=\"Sebastian\" \/>\n<meta name=\"twitter:card\" content=\"summary_large_image\" \/>\n<meta name=\"twitter:creator\" content=\"@InformeLitoral\" \/>\n<meta name=\"twitter:site\" content=\"@InformeLitoral\" \/>\n<meta name=\"twitter:label1\" content=\"Escrito por\" \/>\n\t<meta name=\"twitter:data1\" content=\"Sebastian\" \/>\n\t<meta name=\"twitter:label2\" content=\"Tiempo de lectura\" \/>\n\t<meta name=\"twitter:data2\" content=\"2 minutos\" \/>\n<script type=\"application\/ld+json\" class=\"yoast-schema-graph\">{\"@context\":\"https:\\\/\\\/schema.org\",\"@graph\":[{\"@type\":\"Article\",\"@id\":\"https:\\\/\\\/informelitoral.com.ar\\\/confirmaron-cuando-empieza-el-torneo-copa-2025\\\/#article\",\"isPartOf\":{\"@id\":\"https:\\\/\\\/informelitoral.com.ar\\\/confirmaron-cuando-empieza-el-torneo-copa-2025\\\/\"},\"author\":{\"name\":\"Sebastian\",\"@id\":\"https:\\\/\\\/informelitoral.com.ar\\\/#\\\/schema\\\/person\\\/f05f9f461677119578717524b127d6d5\"},\"headline\":\"Confirmaron cu\u00e1ndo empieza el Torneo Copa 2025\",\"datePublished\":\"2025-02-27T11:54:49+00:00\",\"dateModified\":\"2025-02-27T12:04:03+00:00\",\"mainEntityOfPage\":{\"@id\":\"https:\\\/\\\/informelitoral.com.ar\\\/confirmaron-cuando-empieza-el-torneo-copa-2025\\\/\"},\"wordCount\":356,\"commentCount\":0,\"publisher\":{\"@id\":\"https:\\\/\\\/informelitoral.com.ar\\\/#organization\"},\"image\":{\"@id\":\"https:\\\/\\\/informelitoral.com.ar\\\/confirmaron-cuando-empieza-el-torneo-copa-2025\\\/#primaryimage\"},\"thumbnailUrl\":\"https:\\\/\\\/informelitoral.com.ar\\\/%77%70%2d%63%6f%6e%74%65%6e%74\\\/uploads\\\/2025\\\/02\\\/01Red.jpg\",\"keywords\":[\"Departamento Diamante\",\"F\u00fatbol\",\"Torne Copa\",\"Torneo Copa 2025\"],\"articleSection\":[\"Departamento Diamante\"],\"inLanguage\":\"es\",\"potentialAction\":[{\"@type\":\"CommentAction\",\"name\":\"Comment\",\"target\":[\"https:\\\/\\\/informelitoral.com.ar\\\/confirmaron-cuando-empieza-el-torneo-copa-2025\\\/#respond\"]}]},{\"@type\":\"WebPage\",\"@id\":\"https:\\\/\\\/informelitoral.com.ar\\\/confirmaron-cuando-empieza-el-torneo-copa-2025\\\/\",\"url\":\"https:\\\/\\\/informelitoral.com.ar\\\/confirmaron-cuando-empieza-el-torneo-copa-2025\\\/\",\"name\":\"Confirmaron cu\u00e1ndo empieza el Torneo Copa 2025 - Informe Litoral\",\"isPartOf\":{\"@id\":\"https:\\\/\\\/informelitoral.com.ar\\\/#website\"},\"primaryImageOfPage\":{\"@id\":\"https:\\\/\\\/informelitoral.com.ar\\\/confirmaron-cuando-empieza-el-torneo-copa-2025\\\/#primaryimage\"},\"image\":{\"@id\":\"https:\\\/\\\/informelitoral.com.ar\\\/confirmaron-cuando-empieza-el-torneo-copa-2025\\\/#primaryimage\"},\"thumbnailUrl\":\"https:\\\/\\\/informelitoral.com.ar\\\/%77%70%2d%63%6f%6e%74%65%6e%74\\\/uploads\\\/2025\\\/02\\\/01Red.jpg\",\"datePublished\":\"2025-02-27T11:54:49+00:00\",\"dateModified\":\"2025-02-27T12:04:03+00:00\",\"breadcrumb\":{\"@id\":\"https:\\\/\\\/informelitoral.com.ar\\\/confirmaron-cuando-empieza-el-torneo-copa-2025\\\/#breadcrumb\"},\"inLanguage\":\"es\",\"potentialAction\":[{\"@type\":\"ReadAction\",\"target\":[\"https:\\\/\\\/informelitoral.com.ar\\\/confirmaron-cuando-empieza-el-torneo-copa-2025\\\/\"]}]},{\"@type\":\"ImageObject\",\"inLanguage\":\"es\",\"@id\":\"https:\\\/\\\/informelitoral.com.ar\\\/confirmaron-cuando-empieza-el-torneo-copa-2025\\\/#primaryimage\",\"url\":\"https:\\\/\\\/informelitoral.com.ar\\\/%77%70%2d%63%6f%6e%74%65%6e%74\\\/uploads\\\/2025\\\/02\\\/01Red.jpg\",\"contentUrl\":\"https:\\\/\\\/informelitoral.com.ar\\\/%77%70%2d%63%6f%6e%74%65%6e%74\\\/uploads\\\/2025\\\/02\\\/01Red.jpg\",\"width\":913,\"height\":510},{\"@type\":\"BreadcrumbList\",\"@id\":\"https:\\\/\\\/informelitoral.com.ar\\\/confirmaron-cuando-empieza-el-torneo-copa-2025\\\/#breadcrumb\",\"itemListElement\":[{\"@type\":\"ListItem\",\"position\":1,\"name\":\"Portada\",\"item\":\"https:\\\/\\\/informelitoral.com.ar\\\/\"},{\"@type\":\"ListItem\",\"position\":2,\"name\":\"Confirmaron cu\u00e1ndo empieza el Torneo Copa 2025\"}]},{\"@type\":\"WebSite\",\"@id\":\"https:\\\/\\\/informelitoral.com.ar\\\/#website\",\"url\":\"https:\\\/\\\/informelitoral.com.ar\\\/\",\"name\":\"Informe Litoral\",\"description\":\"&quot;Nos informamos&quot; \",\"publisher\":{\"@id\":\"https:\\\/\\\/informelitoral.com.ar\\\/#organization\"},\"potentialAction\":[{\"@type\":\"SearchAction\",\"target\":{\"@type\":\"EntryPoint\",\"urlTemplate\":\"https:\\\/\\\/informelitoral.com.ar\\\/?s={search_term_string}\"},\"query-input\":{\"@type\":\"PropertyValueSpecification\",\"valueRequired\":true,\"valueName\":\"search_term_string\"}}],\"inLanguage\":\"es\"},{\"@type\":\"Organization\",\"@id\":\"https:\\\/\\\/informelitoral.com.ar\\\/#organization\",\"name\":\"Informe Litoral\",\"url\":\"https:\\\/\\\/informelitoral.com.ar\\\/\",\"logo\":{\"@type\":\"ImageObject\",\"inLanguage\":\"es\",\"@id\":\"https:\\\/\\\/informelitoral.com.ar\\\/#\\\/schema\\\/logo\\\/image\\\/\",\"url\":\"https:\\\/\\\/informelitoral.com.ar\\\/%77%70%2d%63%6f%6e%74%65%6e%74\\\/uploads\\\/2021\\\/01\\\/circulo.png\",\"contentUrl\":\"https:\\\/\\\/informelitoral.com.ar\\\/%77%70%2d%63%6f%6e%74%65%6e%74\\\/uploads\\\/2021\\\/01\\\/circulo.png\",\"width\":723,\"height\":731,\"caption\":\"Informe Litoral\"},\"image\":{\"@id\":\"https:\\\/\\\/informelitoral.com.ar\\\/#\\\/schema\\\/logo\\\/image\\\/\"},\"sameAs\":[\"https:\\\/\\\/www.facebook.com\\\/informelitoral\\\/\",\"https:\\\/\\\/x.com\\\/InformeLitoral\",\"https:\\\/\\\/www.instagram.com\\\/informelitoral\\\/\",\"https:\\\/\\\/www.youtube.com\\\/channel\\\/UCua4Qvz8Icb6MYqhoq9xLXw\"]},{\"@type\":\"Person\",\"@id\":\"https:\\\/\\\/informelitoral.com.ar\\\/#\\\/schema\\\/person\\\/f05f9f461677119578717524b127d6d5\",\"name\":\"Sebastian\",\"image\":{\"@type\":\"ImageObject\",\"inLanguage\":\"es\",\"@id\":\"https:\\\/\\\/secure.gravatar.com\\\/avatar\\\/b71bf7481d447dfb9583c7f2798e7cc64de6efb9067b74633ed8c31059a3bd82?s=96&d=mm&r=g\",\"url\":\"https:\\\/\\\/secure.gravatar.com\\\/avatar\\\/b71bf7481d447dfb9583c7f2798e7cc64de6efb9067b74633ed8c31059a3bd82?s=96&d=mm&r=g\",\"contentUrl\":\"https:\\\/\\\/secure.gravatar.com\\\/avatar\\\/b71bf7481d447dfb9583c7f2798e7cc64de6efb9067b74633ed8c31059a3bd82?s=96&d=mm&r=g\",\"caption\":\"Sebastian\"},\"url\":\"https:\\\/\\\/informelitoral.com.ar\\\/author\\\/sebastian\\\/\"}]}<\/script>","yoast_head_json":{"title":"Confirmaron cu\u00e1ndo empieza el Torneo Copa 2025 - Informe Litoral","robots":{"index":"index","follow":"follow","max-snippet":"max-snippet:-1","max-image-preview":"max-image-preview:large","max-video-preview":"max-video-preview:-1"},"canonical":"https:\/\/informelitoral.com.ar\/confirmaron-cuando-empieza-el-torneo-copa-2025\/","og_locale":"es_ES","og_type":"article","og_title":"Confirmaron cu\u00e1ndo empieza el Torneo Copa 2025 - Informe Litoral","og_description":"Diamante y Paran\u00e1 se preparan para un enfrentamiento futbol\u00edstico sin precedentes con el inicio de la Copa 2025.","og_url":"https:\/\/informelitoral.com.ar\/confirmaron-cuando-empieza-el-torneo-copa-2025\/","og_site_name":"Informe Litoral","article_publisher":"https:\/\/www.facebook.com\/informelitoral\/","article_published_time":"2025-02-27T11:54:49+00:00","article_modified_time":"2025-02-27T12:04:03+00:00","og_image":[{"width":913,"height":510,"url":"https:\/\/informelitoral.com.ar\/%77%70%2d%63%6f%6e%74%65%6e%74\/uploads\/2025\/02\/01Red.jpg","type":"image\/jpeg"}],"author":"Sebastian","twitter_card":"summary_large_image","twitter_creator":"@InformeLitoral","twitter_site":"@InformeLitoral","twitter_misc":{"Escrito por":"Sebastian","Tiempo de lectura":"2 minutos"},"schema":{"@context":"https:\/\/schema.org","@graph":[{"@type":"Article","@id":"https:\/\/informelitoral.com.ar\/confirmaron-cuando-empieza-el-torneo-copa-2025\/#article","isPartOf":{"@id":"https:\/\/informelitoral.com.ar\/confirmaron-cuando-empieza-el-torneo-copa-2025\/"},"author":{"name":"Sebastian","@id":"https:\/\/informelitoral.com.ar\/#\/schema\/person\/f05f9f461677119578717524b127d6d5"},"headline":"Confirmaron cu\u00e1ndo empieza el Torneo Copa 2025","datePublished":"2025-02-27T11:54:49+00:00","dateModified":"2025-02-27T12:04:03+00:00","mainEntityOfPage":{"@id":"https:\/\/informelitoral.com.ar\/confirmaron-cuando-empieza-el-torneo-copa-2025\/"},"wordCount":356,"commentCount":0,"publisher":{"@id":"https:\/\/informelitoral.com.ar\/#organization"},"image":{"@id":"https:\/\/informelitoral.com.ar\/confirmaron-cuando-empieza-el-torneo-copa-2025\/#primaryimage"},"thumbnailUrl":"https:\/\/informelitoral.com.ar\/%77%70%2d%63%6f%6e%74%65%6e%74\/uploads\/2025\/02\/01Red.jpg","keywords":["Departamento Diamante","F\u00fatbol","Torne Copa","Torneo Copa 2025"],"articleSection":["Departamento Diamante"],"inLanguage":"es","potentialAction":[{"@type":"CommentAction","name":"Comment","target":["https:\/\/informelitoral.com.ar\/confirmaron-cuando-empieza-el-torneo-copa-2025\/#respond"]}]},{"@type":"WebPage","@id":"https:\/\/informelitoral.com.ar\/confirmaron-cuando-empieza-el-torneo-copa-2025\/","url":"https:\/\/informelitoral.com.ar\/confirmaron-cuando-empieza-el-torneo-copa-2025\/","name":"Confirmaron cu\u00e1ndo empieza el Torneo Copa 2025 - Informe Litoral","isPartOf":{"@id":"https:\/\/informelitoral.com.ar\/#website"},"primaryImageOfPage":{"@id":"https:\/\/informelitoral.com.ar\/confirmaron-cuando-empieza-el-torneo-copa-2025\/#primaryimage"},"image":{"@id":"https:\/\/informelitoral.com.ar\/confirmaron-cuando-empieza-el-torneo-copa-2025\/#primaryimage"},"thumbnailUrl":"https:\/\/informelitoral.com.ar\/%77%70%2d%63%6f%6e%74%65%6e%74\/uploads\/2025\/02\/01Red.jpg","datePublished":"2025-02-27T11:54:49+00:00","dateModified":"2025-02-27T12:04:03+00:00","breadcrumb":{"@id":"https:\/\/informelitoral.com.ar\/confirmaron-cuando-empieza-el-torneo-copa-2025\/#breadcrumb"},"inLanguage":"es","potentialAction":[{"@type":"ReadAction","target":["https:\/\/informelitoral.com.ar\/confirmaron-cuando-empieza-el-torneo-copa-2025\/"]}]},{"@type":"ImageObject","inLanguage":"es","@id":"https:\/\/informelitoral.com.ar\/confirmaron-cuando-empieza-el-torneo-copa-2025\/#primaryimage","url":"https:\/\/informelitoral.com.ar\/%77%70%2d%63%6f%6e%74%65%6e%74\/uploads\/2025\/02\/01Red.jpg","contentUrl":"https:\/\/informelitoral.com.ar\/%77%70%2d%63%6f%6e%74%65%6e%74\/uploads\/2025\/02\/01Red.jpg","width":913,"height":510},{"@type":"BreadcrumbList","@id":"https:\/\/informelitoral.com.ar\/confirmaron-cuando-empieza-el-torneo-copa-2025\/#breadcrumb","itemListElement":[{"@type":"ListItem","position":1,"name":"Portada","item":"https:\/\/informelitoral.com.ar\/"},{"@type":"ListItem","position":2,"name":"Confirmaron cu\u00e1ndo empieza el Torneo Copa 2025"}]},{"@type":"WebSite","@id":"https:\/\/informelitoral.com.ar\/#website","url":"https:\/\/informelitoral.com.ar\/","name":"Informe Litoral","description":"&quot;Nos informamos&quot; ","publisher":{"@id":"https:\/\/informelitoral.com.ar\/#organization"},"potentialAction":[{"@type":"SearchAction","target":{"@type":"EntryPoint","urlTemplate":"https:\/\/informelitoral.com.ar\/?s={search_term_string}"},"query-input":{"@type":"PropertyValueSpecification","valueRequired":true,"valueName":"search_term_string"}}],"inLanguage":"es"},{"@type":"Organization","@id":"https:\/\/informelitoral.com.ar\/#organization","name":"Informe Litoral","url":"https:\/\/informelitoral.com.ar\/","logo":{"@type":"ImageObject","inLanguage":"es","@id":"https:\/\/informelitoral.com.ar\/#\/schema\/logo\/image\/","url":"https:\/\/informelitoral.com.ar\/%77%70%2d%63%6f%6e%74%65%6e%74\/uploads\/2021\/01\/circulo.png","contentUrl":"https:\/\/informelitoral.com.ar\/%77%70%2d%63%6f%6e%74%65%6e%74\/uploads\/2021\/01\/circulo.png","width":723,"height":731,"caption":"Informe Litoral"},"image":{"@id":"https:\/\/informelitoral.com.ar\/#\/schema\/logo\/image\/"},"sameAs":["https:\/\/www.facebook.com\/informelitoral\/","https:\/\/x.com\/InformeLitoral","https:\/\/www.instagram.com\/informelitoral\/","https:\/\/www.youtube.com\/channel\/UCua4Qvz8Icb6MYqhoq9xLXw"]},{"@type":"Person","@id":"https:\/\/informelitoral.com.ar\/#\/schema\/person\/f05f9f461677119578717524b127d6d5","name":"Sebastian","image":{"@type":"ImageObject","inLanguage":"es","@id":"https:\/\/secure.gravatar.com\/avatar\/b71bf7481d447dfb9583c7f2798e7cc64de6efb9067b74633ed8c31059a3bd82?s=96&d=mm&r=g","url":"https:\/\/secure.gravatar.com\/avatar\/b71bf7481d447dfb9583c7f2798e7cc64de6efb9067b74633ed8c31059a3bd82?s=96&d=mm&r=g","contentUrl":"https:\/\/secure.gravatar.com\/avatar\/b71bf7481d447dfb9583c7f2798e7cc64de6efb9067b74633ed8c31059a3bd82?s=96&d=mm&r=g","caption":"Sebastian"},"url":"https:\/\/informelitoral.com.ar\/author\/sebastian\/"}]}},"_links":{"self":[{"href":"https:\/\/informelitoral.com.ar\/%77%70%2d%6a%73%6f%6e\/wp\/v2\/posts\/213211","targetHints":{"allow":["GET"]}}],"collection":[{"href":"https:\/\/informelitoral.com.ar\/%77%70%2d%6a%73%6f%6e\/wp\/v2\/posts"}],"about":[{"href":"https:\/\/informelitoral.com.ar\/%77%70%2d%6a%73%6f%6e\/wp\/v2\/types\/post"}],"author":[{"embeddable":true,"href":"https:\/\/informelitoral.com.ar\/%77%70%2d%6a%73%6f%6e\/wp\/v2\/users\/8"}],"replies":[{"embeddable":true,"href":"https:\/\/informelitoral.com.ar\/%77%70%2d%6a%73%6f%6e\/wp\/v2\/comments?post=213211"}],"version-history":[{"count":0,"href":"https:\/\/informelitoral.com.ar\/%77%70%2d%6a%73%6f%6e\/wp\/v2\/posts\/213211\/revisions"}],"wp:featuredmedia":[{"embeddable":true,"href":"https:\/\/informelitoral.com.ar\/%77%70%2d%6a%73%6f%6e\/wp\/v2\/media\/213213"}],"wp:attachment":[{"href":"https:\/\/informelitoral.com.ar\/%77%70%2d%6a%73%6f%6e\/wp\/v2\/media?parent=213211"}],"wp:term":[{"taxonomy":"category","embeddable":true,"href":"https:\/\/informelitoral.com.ar\/%77%70%2d%6a%73%6f%6e\/wp\/v2\/categories?post=213211"},{"taxonomy":"post_tag","embeddable":true,"href":"https:\/\/informelitoral.com.ar\/%77%70%2d%6a%73%6f%6e\/wp\/v2\/tags?post=213211"}],"curies":[{"name":"wp","href":"https:\/\/api.w.org\/{rel}","templated":true}]}}