{"id":213182,"date":"2025-02-27T07:25:42","date_gmt":"2025-02-27T10:25:42","guid":{"rendered":"https:\/\/informelitoral.com.ar\/?p=213182"},"modified":"2025-02-27T07:34:34","modified_gmt":"2025-02-27T10:34:34","slug":"las-ventas-de-combustibles-siguieron-bajando-en-enero","status":"publish","type":"post","link":"https:\/\/informelitoral.com.ar\/las-ventas-de-combustibles-siguieron-bajando-en-enero\/","title":{"rendered":"Las ventas de combustibles siguieron bajando en enero"},"content":{"rendered":"<p>Un informe de la consultora Politikon Chaco en base a datos oficiales precis\u00f3 que las ventas totales de naftas y gasoil alcanzaron los 1.422.211 metros c\u00fabicos. Este es el d\u00e9cimo cuarto mes consecutivo de descensos.<\/p>\n<p>La venta de naftas represent\u00f3 el 59% del total comercializado, mostrando un incremento interanual del 1,6%. Este aumento fue impulsado principalmente por la nafta premium, que creci\u00f3 un 14,0%, mientras que la s\u00faper disminuy\u00f3 un 2,2%.<\/p>\n<h6><em><strong>Te puede interesar:\u00a0<a href=\"https:\/\/informelitoral.com.ar\/vaticano-dieron-a-conocer-el-parte-medico-del-papa-francisco\/\" target=\"_blank\" rel=\"noopener\">Vaticano: dieron a conocer el parte m\u00e9dico del Papa Francisco<\/a><\/strong><\/em><\/h6>\n<p>En tanto, el gasoil represent\u00f3 el 41% del total, registrando una ca\u00edda del 8,9% en comparaci\u00f3n con enero de 2024. Al igual que en las naftas, el gasoil premium mostr\u00f3 un alza del 7,5%, mientras que el com\u00fan retrocedi\u00f3 un 17,3%.<\/p>\n<h2><strong>Detalles<\/strong><\/h2>\n<p>Ocho de las 24 jurisdicciones subnacionales presentaron subas interanuales en las ventas de combustible, destac\u00e1ndose Salta (8,2%), Catamarca (6,7%) y La Rioja (5,8%).<\/p>\n<p><b>Santa Fe, Entre R\u00edos, CABA y La Pampa registraron los descensos m\u00e1s fuertes, todos de doble d\u00edgito.<\/b><\/p>\n<p>En 22 de las 24 jurisdicciones subnacionales, la nafta predomin\u00f3 en las ventas sobre el gasoil, con picos de concentraci\u00f3n en CABA (77% del total). En La Pampa y Mendoza, el gasoil fue el combustible predominante.<\/p>\n<p>Diecis\u00e9is provincias registraron incrementos interanuales en la venta de naftas, lideradas por Salta (9,1%), Mendoza (8,5%) y Catamarca (7,9%). CABA experiment\u00f3 la mayor baja (-8,0%). La nafta s\u00faper mostr\u00f3 alzas solo en ocho distritos, mientras que la premium creci\u00f3 en 23 distritos.<\/p>\n<p>El gasoil tuvo alzas en solo seis distritos, con Tierra del Fuego liderando el crecimiento (+8,1%). Santa Fe registr\u00f3 el descenso m\u00e1s fuerte (-23,3%). El gasoil com\u00fan solo tuvo alzas en Tierra del Fuego (+5,4%), mientras que veinte distritos exhibieron incrementos en el Premium.<\/p>\n","protected":false},"excerpt":{"rendered":"<p>La merma interanual fue de 3% y de 4,9% con relaci\u00f3n a diciembre. Santa Fe, Entre R\u00edos, CABA y La Pampa registraron los descensos m\u00e1s fuertes, todos de doble d\u00edgito.<\/p>\n","protected":false},"author":8,"featured_media":85084,"comment_status":"open","ping_status":"open","sticky":false,"template":"","format":"standard","meta":{"fifu_image_url":"","fifu_image_alt":"","footnotes":""},"categories":[1594],"tags":[156,393,81],"class_list":{"0":"post-213182","1":"post","2":"type-post","3":"status-publish","4":"format-standard","5":"has-post-thumbnail","7":"category-economia","8":"tag-combustibles","9":"tag-consumo","10":"tag-entre-rios"},"yoast_head":"<title>Las ventas de combustibles siguieron bajando en enero - Informe Litoral<\/title>\n<meta name=\"robots\" content=\"index, follow, max-snippet:-1, max-image-preview:large, max-video-preview:-1\" \/>\n<link rel=\"canonical\" href=\"https:\/\/informelitoral.com.ar\/las-ventas-de-combustibles-siguieron-bajando-en-enero\/\" \/>\n<meta property=\"og:locale\" content=\"es_ES\" \/>\n<meta property=\"og:type\" content=\"article\" \/>\n<meta property=\"og:title\" content=\"Las ventas de combustibles siguieron bajando en enero - Informe Litoral\" \/>\n<meta property=\"og:description\" content=\"La merma interanual fue de 3% y de 4,9% con relaci\u00f3n a diciembre. Santa Fe, Entre R\u00edos, CABA y La Pampa registraron los descensos m\u00e1s fuertes, todos de doble d\u00edgito.\" \/>\n<meta property=\"og:url\" content=\"https:\/\/informelitoral.com.ar\/las-ventas-de-combustibles-siguieron-bajando-en-enero\/\" \/>\n<meta property=\"og:site_name\" content=\"Informe Litoral\" \/>\n<meta property=\"article:publisher\" content=\"https:\/\/www.facebook.com\/informelitoral\/\" \/>\n<meta property=\"article:published_time\" content=\"2025-02-27T10:25:42+00:00\" \/>\n<meta property=\"article:modified_time\" content=\"2025-02-27T10:34:34+00:00\" \/>\n<meta property=\"og:image\" content=\"https:\/\/informelitoral.com.ar\/%77%70%2d%63%6f%6e%74%65%6e%74\/uploads\/2022\/08\/combustibles-c45ecbe8-focus-0-0-895-573.jpg\" \/>\n\t<meta property=\"og:image:width\" content=\"895\" \/>\n\t<meta property=\"og:image:height\" content=\"573\" \/>\n\t<meta property=\"og:image:type\" content=\"image\/jpeg\" \/>\n<meta name=\"author\" content=\"Sebastian\" \/>\n<meta name=\"twitter:card\" content=\"summary_large_image\" \/>\n<meta name=\"twitter:creator\" content=\"@InformeLitoral\" \/>\n<meta name=\"twitter:site\" content=\"@InformeLitoral\" \/>\n<meta name=\"twitter:label1\" content=\"Escrito por\" \/>\n\t<meta name=\"twitter:data1\" content=\"Sebastian\" \/>\n\t<meta name=\"twitter:label2\" content=\"Tiempo de lectura\" \/>\n\t<meta name=\"twitter:data2\" content=\"1 minuto\" \/>\n<script type=\"application\/ld+json\" class=\"yoast-schema-graph\">{\"@context\":\"https:\\\/\\\/schema.org\",\"@graph\":[{\"@type\":\"Article\",\"@id\":\"https:\\\/\\\/informelitoral.com.ar\\\/las-ventas-de-combustibles-siguieron-bajando-en-enero\\\/#article\",\"isPartOf\":{\"@id\":\"https:\\\/\\\/informelitoral.com.ar\\\/las-ventas-de-combustibles-siguieron-bajando-en-enero\\\/\"},\"author\":{\"name\":\"Sebastian\",\"@id\":\"https:\\\/\\\/informelitoral.com.ar\\\/#\\\/schema\\\/person\\\/f05f9f461677119578717524b127d6d5\"},\"headline\":\"Las ventas de combustibles siguieron bajando en enero\",\"datePublished\":\"2025-02-27T10:25:42+00:00\",\"dateModified\":\"2025-02-27T10:34:34+00:00\",\"mainEntityOfPage\":{\"@id\":\"https:\\\/\\\/informelitoral.com.ar\\\/las-ventas-de-combustibles-siguieron-bajando-en-enero\\\/\"},\"wordCount\":289,\"commentCount\":0,\"publisher\":{\"@id\":\"https:\\\/\\\/informelitoral.com.ar\\\/#organization\"},\"image\":{\"@id\":\"https:\\\/\\\/informelitoral.com.ar\\\/las-ventas-de-combustibles-siguieron-bajando-en-enero\\\/#primaryimage\"},\"thumbnailUrl\":\"https:\\\/\\\/informelitoral.com.ar\\\/%77%70%2d%63%6f%6e%74%65%6e%74\\\/uploads\\\/2022\\\/08\\\/combustibles-c45ecbe8-focus-0-0-895-573.jpg\",\"keywords\":[\"Combustibles\",\"Consumo\",\"Entre R\u00edos\"],\"articleSection\":[\"Econom\u00eda\"],\"inLanguage\":\"es\",\"potentialAction\":[{\"@type\":\"CommentAction\",\"name\":\"Comment\",\"target\":[\"https:\\\/\\\/informelitoral.com.ar\\\/las-ventas-de-combustibles-siguieron-bajando-en-enero\\\/#respond\"]}]},{\"@type\":\"WebPage\",\"@id\":\"https:\\\/\\\/informelitoral.com.ar\\\/las-ventas-de-combustibles-siguieron-bajando-en-enero\\\/\",\"url\":\"https:\\\/\\\/informelitoral.com.ar\\\/las-ventas-de-combustibles-siguieron-bajando-en-enero\\\/\",\"name\":\"Las ventas de combustibles siguieron bajando en enero - Informe Litoral\",\"isPartOf\":{\"@id\":\"https:\\\/\\\/informelitoral.com.ar\\\/#website\"},\"primaryImageOfPage\":{\"@id\":\"https:\\\/\\\/informelitoral.com.ar\\\/las-ventas-de-combustibles-siguieron-bajando-en-enero\\\/#primaryimage\"},\"image\":{\"@id\":\"https:\\\/\\\/informelitoral.com.ar\\\/las-ventas-de-combustibles-siguieron-bajando-en-enero\\\/#primaryimage\"},\"thumbnailUrl\":\"https:\\\/\\\/informelitoral.com.ar\\\/%77%70%2d%63%6f%6e%74%65%6e%74\\\/uploads\\\/2022\\\/08\\\/combustibles-c45ecbe8-focus-0-0-895-573.jpg\",\"datePublished\":\"2025-02-27T10:25:42+00:00\",\"dateModified\":\"2025-02-27T10:34:34+00:00\",\"breadcrumb\":{\"@id\":\"https:\\\/\\\/informelitoral.com.ar\\\/las-ventas-de-combustibles-siguieron-bajando-en-enero\\\/#breadcrumb\"},\"inLanguage\":\"es\",\"potentialAction\":[{\"@type\":\"ReadAction\",\"target\":[\"https:\\\/\\\/informelitoral.com.ar\\\/las-ventas-de-combustibles-siguieron-bajando-en-enero\\\/\"]}]},{\"@type\":\"ImageObject\",\"inLanguage\":\"es\",\"@id\":\"https:\\\/\\\/informelitoral.com.ar\\\/las-ventas-de-combustibles-siguieron-bajando-en-enero\\\/#primaryimage\",\"url\":\"https:\\\/\\\/informelitoral.com.ar\\\/%77%70%2d%63%6f%6e%74%65%6e%74\\\/uploads\\\/2022\\\/08\\\/combustibles-c45ecbe8-focus-0-0-895-573.jpg\",\"contentUrl\":\"https:\\\/\\\/informelitoral.com.ar\\\/%77%70%2d%63%6f%6e%74%65%6e%74\\\/uploads\\\/2022\\\/08\\\/combustibles-c45ecbe8-focus-0-0-895-573.jpg\",\"width\":895,\"height\":573},{\"@type\":\"BreadcrumbList\",\"@id\":\"https:\\\/\\\/informelitoral.com.ar\\\/las-ventas-de-combustibles-siguieron-bajando-en-enero\\\/#breadcrumb\",\"itemListElement\":[{\"@type\":\"ListItem\",\"position\":1,\"name\":\"Portada\",\"item\":\"https:\\\/\\\/informelitoral.com.ar\\\/\"},{\"@type\":\"ListItem\",\"position\":2,\"name\":\"Las ventas de combustibles siguieron bajando en enero\"}]},{\"@type\":\"WebSite\",\"@id\":\"https:\\\/\\\/informelitoral.com.ar\\\/#website\",\"url\":\"https:\\\/\\\/informelitoral.com.ar\\\/\",\"name\":\"Informe Litoral\",\"description\":\"&quot;Nos informamos&quot; \",\"publisher\":{\"@id\":\"https:\\\/\\\/informelitoral.com.ar\\\/#organization\"},\"potentialAction\":[{\"@type\":\"SearchAction\",\"target\":{\"@type\":\"EntryPoint\",\"urlTemplate\":\"https:\\\/\\\/informelitoral.com.ar\\\/?s={search_term_string}\"},\"query-input\":{\"@type\":\"PropertyValueSpecification\",\"valueRequired\":true,\"valueName\":\"search_term_string\"}}],\"inLanguage\":\"es\"},{\"@type\":\"Organization\",\"@id\":\"https:\\\/\\\/informelitoral.com.ar\\\/#organization\",\"name\":\"Informe Litoral\",\"url\":\"https:\\\/\\\/informelitoral.com.ar\\\/\",\"logo\":{\"@type\":\"ImageObject\",\"inLanguage\":\"es\",\"@id\":\"https:\\\/\\\/informelitoral.com.ar\\\/#\\\/schema\\\/logo\\\/image\\\/\",\"url\":\"https:\\\/\\\/informelitoral.com.ar\\\/%77%70%2d%63%6f%6e%74%65%6e%74\\\/uploads\\\/2021\\\/01\\\/circulo.png\",\"contentUrl\":\"https:\\\/\\\/informelitoral.com.ar\\\/%77%70%2d%63%6f%6e%74%65%6e%74\\\/uploads\\\/2021\\\/01\\\/circulo.png\",\"width\":723,\"height\":731,\"caption\":\"Informe Litoral\"},\"image\":{\"@id\":\"https:\\\/\\\/informelitoral.com.ar\\\/#\\\/schema\\\/logo\\\/image\\\/\"},\"sameAs\":[\"https:\\\/\\\/www.facebook.com\\\/informelitoral\\\/\",\"https:\\\/\\\/x.com\\\/InformeLitoral\",\"https:\\\/\\\/www.instagram.com\\\/informelitoral\\\/\",\"https:\\\/\\\/www.youtube.com\\\/channel\\\/UCua4Qvz8Icb6MYqhoq9xLXw\"]},{\"@type\":\"Person\",\"@id\":\"https:\\\/\\\/informelitoral.com.ar\\\/#\\\/schema\\\/person\\\/f05f9f461677119578717524b127d6d5\",\"name\":\"Sebastian\",\"image\":{\"@type\":\"ImageObject\",\"inLanguage\":\"es\",\"@id\":\"https:\\\/\\\/secure.gravatar.com\\\/avatar\\\/b71bf7481d447dfb9583c7f2798e7cc64de6efb9067b74633ed8c31059a3bd82?s=96&d=mm&r=g\",\"url\":\"https:\\\/\\\/secure.gravatar.com\\\/avatar\\\/b71bf7481d447dfb9583c7f2798e7cc64de6efb9067b74633ed8c31059a3bd82?s=96&d=mm&r=g\",\"contentUrl\":\"https:\\\/\\\/secure.gravatar.com\\\/avatar\\\/b71bf7481d447dfb9583c7f2798e7cc64de6efb9067b74633ed8c31059a3bd82?s=96&d=mm&r=g\",\"caption\":\"Sebastian\"},\"url\":\"https:\\\/\\\/informelitoral.com.ar\\\/author\\\/sebastian\\\/\"}]}<\/script>","yoast_head_json":{"title":"Las ventas de combustibles siguieron bajando en enero - Informe Litoral","robots":{"index":"index","follow":"follow","max-snippet":"max-snippet:-1","max-image-preview":"max-image-preview:large","max-video-preview":"max-video-preview:-1"},"canonical":"https:\/\/informelitoral.com.ar\/las-ventas-de-combustibles-siguieron-bajando-en-enero\/","og_locale":"es_ES","og_type":"article","og_title":"Las ventas de combustibles siguieron bajando en enero - Informe Litoral","og_description":"La merma interanual fue de 3% y de 4,9% con relaci\u00f3n a diciembre. Santa Fe, Entre R\u00edos, CABA y La Pampa registraron los descensos m\u00e1s fuertes, todos de doble d\u00edgito.","og_url":"https:\/\/informelitoral.com.ar\/las-ventas-de-combustibles-siguieron-bajando-en-enero\/","og_site_name":"Informe Litoral","article_publisher":"https:\/\/www.facebook.com\/informelitoral\/","article_published_time":"2025-02-27T10:25:42+00:00","article_modified_time":"2025-02-27T10:34:34+00:00","og_image":[{"width":895,"height":573,"url":"https:\/\/informelitoral.com.ar\/%77%70%2d%63%6f%6e%74%65%6e%74\/uploads\/2022\/08\/combustibles-c45ecbe8-focus-0-0-895-573.jpg","type":"image\/jpeg"}],"author":"Sebastian","twitter_card":"summary_large_image","twitter_creator":"@InformeLitoral","twitter_site":"@InformeLitoral","twitter_misc":{"Escrito por":"Sebastian","Tiempo de lectura":"1 minuto"},"schema":{"@context":"https:\/\/schema.org","@graph":[{"@type":"Article","@id":"https:\/\/informelitoral.com.ar\/las-ventas-de-combustibles-siguieron-bajando-en-enero\/#article","isPartOf":{"@id":"https:\/\/informelitoral.com.ar\/las-ventas-de-combustibles-siguieron-bajando-en-enero\/"},"author":{"name":"Sebastian","@id":"https:\/\/informelitoral.com.ar\/#\/schema\/person\/f05f9f461677119578717524b127d6d5"},"headline":"Las ventas de combustibles siguieron bajando en enero","datePublished":"2025-02-27T10:25:42+00:00","dateModified":"2025-02-27T10:34:34+00:00","mainEntityOfPage":{"@id":"https:\/\/informelitoral.com.ar\/las-ventas-de-combustibles-siguieron-bajando-en-enero\/"},"wordCount":289,"commentCount":0,"publisher":{"@id":"https:\/\/informelitoral.com.ar\/#organization"},"image":{"@id":"https:\/\/informelitoral.com.ar\/las-ventas-de-combustibles-siguieron-bajando-en-enero\/#primaryimage"},"thumbnailUrl":"https:\/\/informelitoral.com.ar\/%77%70%2d%63%6f%6e%74%65%6e%74\/uploads\/2022\/08\/combustibles-c45ecbe8-focus-0-0-895-573.jpg","keywords":["Combustibles","Consumo","Entre R\u00edos"],"articleSection":["Econom\u00eda"],"inLanguage":"es","potentialAction":[{"@type":"CommentAction","name":"Comment","target":["https:\/\/informelitoral.com.ar\/las-ventas-de-combustibles-siguieron-bajando-en-enero\/#respond"]}]},{"@type":"WebPage","@id":"https:\/\/informelitoral.com.ar\/las-ventas-de-combustibles-siguieron-bajando-en-enero\/","url":"https:\/\/informelitoral.com.ar\/las-ventas-de-combustibles-siguieron-bajando-en-enero\/","name":"Las ventas de combustibles siguieron bajando en enero - Informe Litoral","isPartOf":{"@id":"https:\/\/informelitoral.com.ar\/#website"},"primaryImageOfPage":{"@id":"https:\/\/informelitoral.com.ar\/las-ventas-de-combustibles-siguieron-bajando-en-enero\/#primaryimage"},"image":{"@id":"https:\/\/informelitoral.com.ar\/las-ventas-de-combustibles-siguieron-bajando-en-enero\/#primaryimage"},"thumbnailUrl":"https:\/\/informelitoral.com.ar\/%77%70%2d%63%6f%6e%74%65%6e%74\/uploads\/2022\/08\/combustibles-c45ecbe8-focus-0-0-895-573.jpg","datePublished":"2025-02-27T10:25:42+00:00","dateModified":"2025-02-27T10:34:34+00:00","breadcrumb":{"@id":"https:\/\/informelitoral.com.ar\/las-ventas-de-combustibles-siguieron-bajando-en-enero\/#breadcrumb"},"inLanguage":"es","potentialAction":[{"@type":"ReadAction","target":["https:\/\/informelitoral.com.ar\/las-ventas-de-combustibles-siguieron-bajando-en-enero\/"]}]},{"@type":"ImageObject","inLanguage":"es","@id":"https:\/\/informelitoral.com.ar\/las-ventas-de-combustibles-siguieron-bajando-en-enero\/#primaryimage","url":"https:\/\/informelitoral.com.ar\/%77%70%2d%63%6f%6e%74%65%6e%74\/uploads\/2022\/08\/combustibles-c45ecbe8-focus-0-0-895-573.jpg","contentUrl":"https:\/\/informelitoral.com.ar\/%77%70%2d%63%6f%6e%74%65%6e%74\/uploads\/2022\/08\/combustibles-c45ecbe8-focus-0-0-895-573.jpg","width":895,"height":573},{"@type":"BreadcrumbList","@id":"https:\/\/informelitoral.com.ar\/las-ventas-de-combustibles-siguieron-bajando-en-enero\/#breadcrumb","itemListElement":[{"@type":"ListItem","position":1,"name":"Portada","item":"https:\/\/informelitoral.com.ar\/"},{"@type":"ListItem","position":2,"name":"Las ventas de combustibles siguieron bajando en enero"}]},{"@type":"WebSite","@id":"https:\/\/informelitoral.com.ar\/#website","url":"https:\/\/informelitoral.com.ar\/","name":"Informe Litoral","description":"&quot;Nos informamos&quot; ","publisher":{"@id":"https:\/\/informelitoral.com.ar\/#organization"},"potentialAction":[{"@type":"SearchAction","target":{"@type":"EntryPoint","urlTemplate":"https:\/\/informelitoral.com.ar\/?s={search_term_string}"},"query-input":{"@type":"PropertyValueSpecification","valueRequired":true,"valueName":"search_term_string"}}],"inLanguage":"es"},{"@type":"Organization","@id":"https:\/\/informelitoral.com.ar\/#organization","name":"Informe Litoral","url":"https:\/\/informelitoral.com.ar\/","logo":{"@type":"ImageObject","inLanguage":"es","@id":"https:\/\/informelitoral.com.ar\/#\/schema\/logo\/image\/","url":"https:\/\/informelitoral.com.ar\/%77%70%2d%63%6f%6e%74%65%6e%74\/uploads\/2021\/01\/circulo.png","contentUrl":"https:\/\/informelitoral.com.ar\/%77%70%2d%63%6f%6e%74%65%6e%74\/uploads\/2021\/01\/circulo.png","width":723,"height":731,"caption":"Informe Litoral"},"image":{"@id":"https:\/\/informelitoral.com.ar\/#\/schema\/logo\/image\/"},"sameAs":["https:\/\/www.facebook.com\/informelitoral\/","https:\/\/x.com\/InformeLitoral","https:\/\/www.instagram.com\/informelitoral\/","https:\/\/www.youtube.com\/channel\/UCua4Qvz8Icb6MYqhoq9xLXw"]},{"@type":"Person","@id":"https:\/\/informelitoral.com.ar\/#\/schema\/person\/f05f9f461677119578717524b127d6d5","name":"Sebastian","image":{"@type":"ImageObject","inLanguage":"es","@id":"https:\/\/secure.gravatar.com\/avatar\/b71bf7481d447dfb9583c7f2798e7cc64de6efb9067b74633ed8c31059a3bd82?s=96&d=mm&r=g","url":"https:\/\/secure.gravatar.com\/avatar\/b71bf7481d447dfb9583c7f2798e7cc64de6efb9067b74633ed8c31059a3bd82?s=96&d=mm&r=g","contentUrl":"https:\/\/secure.gravatar.com\/avatar\/b71bf7481d447dfb9583c7f2798e7cc64de6efb9067b74633ed8c31059a3bd82?s=96&d=mm&r=g","caption":"Sebastian"},"url":"https:\/\/informelitoral.com.ar\/author\/sebastian\/"}]}},"_links":{"self":[{"href":"https:\/\/informelitoral.com.ar\/%77%70%2d%6a%73%6f%6e\/wp\/v2\/posts\/213182","targetHints":{"allow":["GET"]}}],"collection":[{"href":"https:\/\/informelitoral.com.ar\/%77%70%2d%6a%73%6f%6e\/wp\/v2\/posts"}],"about":[{"href":"https:\/\/informelitoral.com.ar\/%77%70%2d%6a%73%6f%6e\/wp\/v2\/types\/post"}],"author":[{"embeddable":true,"href":"https:\/\/informelitoral.com.ar\/%77%70%2d%6a%73%6f%6e\/wp\/v2\/users\/8"}],"replies":[{"embeddable":true,"href":"https:\/\/informelitoral.com.ar\/%77%70%2d%6a%73%6f%6e\/wp\/v2\/comments?post=213182"}],"version-history":[{"count":0,"href":"https:\/\/informelitoral.com.ar\/%77%70%2d%6a%73%6f%6e\/wp\/v2\/posts\/213182\/revisions"}],"wp:featuredmedia":[{"embeddable":true,"href":"https:\/\/informelitoral.com.ar\/%77%70%2d%6a%73%6f%6e\/wp\/v2\/media\/85084"}],"wp:attachment":[{"href":"https:\/\/informelitoral.com.ar\/%77%70%2d%6a%73%6f%6e\/wp\/v2\/media?parent=213182"}],"wp:term":[{"taxonomy":"category","embeddable":true,"href":"https:\/\/informelitoral.com.ar\/%77%70%2d%6a%73%6f%6e\/wp\/v2\/categories?post=213182"},{"taxonomy":"post_tag","embeddable":true,"href":"https:\/\/informelitoral.com.ar\/%77%70%2d%6a%73%6f%6e\/wp\/v2\/tags?post=213182"}],"curies":[{"name":"wp","href":"https:\/\/api.w.org\/{rel}","templated":true}]}}