{"id":213162,"date":"2025-02-27T06:56:43","date_gmt":"2025-02-27T09:56:43","guid":{"rendered":"https:\/\/informelitoral.com.ar\/?p=213162"},"modified":"2025-02-27T07:03:44","modified_gmt":"2025-02-27T10:03:44","slug":"la-alta-probabilidad-de-lluvias-y-tormentas-persiste-en-entre-rios","status":"publish","type":"post","link":"https:\/\/informelitoral.com.ar\/la-alta-probabilidad-de-lluvias-y-tormentas-persiste-en-entre-rios\/","title":{"rendered":"Entre R\u00edos: la alta probabilidad de lluvias y tormentas se mantiene para esta jornada"},"content":{"rendered":"<p>Las condiciones meteorol\u00f3gicas en Argentina contin\u00faan marcadas por \u201cla persistencia de\u00a0<b>una masa de aire caluroso y h\u00famedo que favorece la formaci\u00f3n de tormentas en el centro del territorio nacional<\/b> y mantiene las temperaturas en niveles extremadamente altos en el norte del pa\u00eds\u201d, indic\u00f3 el meteor\u00f3logo, Leonardo De Benedictis.<\/p>\n<div class=\"embed nota-relacionada\">\n<div class=\"inner-art\">\n<article class=\" en-bandera\">\n<header class=\"en-bandera__header\">\n<h2 class=\"en-bandera__h2 titulo-sub \"><strong>En qu\u00e9 provincias rigen hoy alertas por calor extremo, tormentas o granizo<\/strong><\/h2>\n<\/header>\n<\/article>\n<\/div>\n<\/div>\n<p>Este fen\u00f3meno \u201cviene afectando a varias provincias con lluvias y tormentas de variada intensidad, al tiempo que la ola de calor en el norte sigue estableciendo r\u00e9cords por su duraci\u00f3n\u201d, destac\u00f3 el especialista.<\/p>\n<p>As\u00ed es que\u00a0<b>en la franja central, las precipitaciones continuas podr\u00edan dejar acumulados muy significativos de hasta 400 mil\u00edmetro<\/b>s.<\/p>\n<p>Las lluvias y tormentas afectaron de manera recurrente a Buenos Aires, La Pampa, Entre R\u00edos, Santa Fe, C\u00f3rdoba y San Luis, extendi\u00e9ndose tambi\u00e9n a Mendoza en menor medida.<\/p>\n<h2><strong>Aguaceros e inestabilidad<\/strong><\/h2>\n<p>En el caso de nuestra provincia ya se han acumulado en algunos sectores m\u00e1s de 100 mil\u00edmetros, mientras que\u00a0<b>los aguaceros generaron este mi\u00e9rcoles anegamientos y otros inconvenientes.<\/b><\/p>\n<div class=\"embed nota-relacionada\">\n<div class=\"inner-art\">\n<article class=\" en-bandera\">\n<header class=\"en-bandera__header\">\n<h2 class=\"en-bandera__h2 titulo-sub \"><strong>Intensas lluvias y alerta por tormentas en gran parte de Entre R\u00edos: se registran anegamientos<\/strong><\/h2>\n<\/header>\n<\/article>\n<\/div>\n<\/div>\n<p>Se prev\u00e9 que\u00a0<b>las condiciones de inestabilidad se mantengan en la franja central del pa\u00eds \u201chasta principios de la pr\u00f3xima semana<\/b>, cuando las precipitaciones comenzar\u00e1n a desplazarse hacia el norte\u201d.<\/p>\n<p>Hasta entonces, se recomienda estar atentos a las actualizaciones de los pron\u00f3sticos y tomar las precauciones necesarias ante la probabilidad de tormentas severas\u201d.<\/p>\n<h2><strong>El pron\u00f3stico en Entre R\u00edos<\/strong><\/h2>\n<p>Se aguardan temperaturas m\u00e1ximas cercanas a los 30 grados, producto de un mejoramiento temporario que tendr\u00eda lugar por la tarde.<\/p>\n<p><b>El viernes se mantendr\u00eda la inestabilidad<\/b>, con registros t\u00e9rmicos que podr\u00edan alcanzar los 30 grados y sensaciones t\u00e9rmicas superiores.<\/p>\n<p><b>De cara al fin de semana largo de carnaval<\/b>, el s\u00e1bado y el domingo seguir\u00edan las condiciones de tiempo similares a los d\u00edas precedentes, con probabilidad de tormentas.<\/p>\n<p>Estar\u00eda mejor para quienes decidan tomarse minivacaciones el\u00a0<b>lunes y martes<\/b>, aunque\u00a0<b>las marcas en los term\u00f3metros podr\u00edan superar los 36 grados, por lo que ser\u00edan nuevamente jornadas muy agobiantes debido a la alta humedad<\/b>.<\/p>\n","protected":false},"excerpt":{"rendered":"<p>Mientras se prev\u00e9 que la inestabilidad con precipitaciones contin\u00fae sobre la franja central del pa\u00eds, el norte sigue bajo una intensa ola de calor que se mantendr\u00eda hasta la pr\u00f3xima semana. Pronto en Entre R\u00edos se superar\u00edan otra vez los 35 grados.<\/p>\n","protected":false},"author":8,"featured_media":213163,"comment_status":"open","ping_status":"open","sticky":false,"template":"","format":"standard","meta":{"fifu_image_url":"","fifu_image_alt":"","footnotes":""},"categories":[7],"tags":[113],"class_list":{"0":"post-213162","1":"post","2":"type-post","3":"status-publish","4":"format-standard","5":"has-post-thumbnail","7":"category-nacionales","8":"tag-smn"},"yoast_head":"<title>Entre R\u00edos: la alta probabilidad de lluvias y tormentas se mantiene para esta jornada - Informe Litoral<\/title>\n<meta name=\"robots\" content=\"index, follow, max-snippet:-1, max-image-preview:large, max-video-preview:-1\" \/>\n<link rel=\"canonical\" href=\"https:\/\/informelitoral.com.ar\/la-alta-probabilidad-de-lluvias-y-tormentas-persiste-en-entre-rios\/\" \/>\n<meta property=\"og:locale\" content=\"es_ES\" \/>\n<meta property=\"og:type\" content=\"article\" \/>\n<meta property=\"og:title\" content=\"Entre R\u00edos: la alta probabilidad de lluvias y tormentas se mantiene para esta jornada - Informe Litoral\" \/>\n<meta property=\"og:description\" content=\"Mientras se prev\u00e9 que la inestabilidad con precipitaciones contin\u00fae sobre la franja central del pa\u00eds, el norte sigue bajo una intensa ola de calor que se mantendr\u00eda hasta la pr\u00f3xima semana. Pronto en Entre R\u00edos se superar\u00edan otra vez los 35 grados.\" \/>\n<meta property=\"og:url\" content=\"https:\/\/informelitoral.com.ar\/la-alta-probabilidad-de-lluvias-y-tormentas-persiste-en-entre-rios\/\" \/>\n<meta property=\"og:site_name\" content=\"Informe Litoral\" \/>\n<meta property=\"article:publisher\" content=\"https:\/\/www.facebook.com\/informelitoral\/\" \/>\n<meta property=\"article:published_time\" content=\"2025-02-27T09:56:43+00:00\" \/>\n<meta property=\"article:modified_time\" content=\"2025-02-27T10:03:44+00:00\" \/>\n<meta property=\"og:image\" content=\"https:\/\/informelitoral.com.ar\/%77%70%2d%63%6f%6e%74%65%6e%74\/uploads\/2025\/02\/20250227_064517-scaled-e1740650594132.jpg\" \/>\n\t<meta property=\"og:image:width\" content=\"2560\" \/>\n\t<meta property=\"og:image:height\" content=\"1650\" \/>\n\t<meta property=\"og:image:type\" content=\"image\/jpeg\" \/>\n<meta name=\"author\" content=\"Sebastian\" \/>\n<meta name=\"twitter:card\" content=\"summary_large_image\" \/>\n<meta name=\"twitter:creator\" content=\"@InformeLitoral\" \/>\n<meta name=\"twitter:site\" content=\"@InformeLitoral\" \/>\n<meta name=\"twitter:label1\" content=\"Escrito por\" \/>\n\t<meta name=\"twitter:data1\" content=\"Sebastian\" \/>\n\t<meta name=\"twitter:label2\" content=\"Tiempo de lectura\" \/>\n\t<meta name=\"twitter:data2\" content=\"2 minutos\" \/>\n<script type=\"application\/ld+json\" class=\"yoast-schema-graph\">{\"@context\":\"https:\\\/\\\/schema.org\",\"@graph\":[{\"@type\":\"Article\",\"@id\":\"https:\\\/\\\/informelitoral.com.ar\\\/la-alta-probabilidad-de-lluvias-y-tormentas-persiste-en-entre-rios\\\/#article\",\"isPartOf\":{\"@id\":\"https:\\\/\\\/informelitoral.com.ar\\\/la-alta-probabilidad-de-lluvias-y-tormentas-persiste-en-entre-rios\\\/\"},\"author\":{\"name\":\"Sebastian\",\"@id\":\"https:\\\/\\\/informelitoral.com.ar\\\/#\\\/schema\\\/person\\\/f05f9f461677119578717524b127d6d5\"},\"headline\":\"Entre R\u00edos: la alta probabilidad de lluvias y tormentas se mantiene para esta jornada\",\"datePublished\":\"2025-02-27T09:56:43+00:00\",\"dateModified\":\"2025-02-27T10:03:44+00:00\",\"mainEntityOfPage\":{\"@id\":\"https:\\\/\\\/informelitoral.com.ar\\\/la-alta-probabilidad-de-lluvias-y-tormentas-persiste-en-entre-rios\\\/\"},\"wordCount\":395,\"commentCount\":0,\"publisher\":{\"@id\":\"https:\\\/\\\/informelitoral.com.ar\\\/#organization\"},\"image\":{\"@id\":\"https:\\\/\\\/informelitoral.com.ar\\\/la-alta-probabilidad-de-lluvias-y-tormentas-persiste-en-entre-rios\\\/#primaryimage\"},\"thumbnailUrl\":\"https:\\\/\\\/informelitoral.com.ar\\\/%77%70%2d%63%6f%6e%74%65%6e%74\\\/uploads\\\/2025\\\/02\\\/20250227_064517-scaled-e1740650594132.jpg\",\"keywords\":[\"SMN\"],\"articleSection\":[\"Nacionales\"],\"inLanguage\":\"es\",\"potentialAction\":[{\"@type\":\"CommentAction\",\"name\":\"Comment\",\"target\":[\"https:\\\/\\\/informelitoral.com.ar\\\/la-alta-probabilidad-de-lluvias-y-tormentas-persiste-en-entre-rios\\\/#respond\"]}]},{\"@type\":\"WebPage\",\"@id\":\"https:\\\/\\\/informelitoral.com.ar\\\/la-alta-probabilidad-de-lluvias-y-tormentas-persiste-en-entre-rios\\\/\",\"url\":\"https:\\\/\\\/informelitoral.com.ar\\\/la-alta-probabilidad-de-lluvias-y-tormentas-persiste-en-entre-rios\\\/\",\"name\":\"Entre R\u00edos: la alta probabilidad de lluvias y tormentas se mantiene para esta jornada - Informe Litoral\",\"isPartOf\":{\"@id\":\"https:\\\/\\\/informelitoral.com.ar\\\/#website\"},\"primaryImageOfPage\":{\"@id\":\"https:\\\/\\\/informelitoral.com.ar\\\/la-alta-probabilidad-de-lluvias-y-tormentas-persiste-en-entre-rios\\\/#primaryimage\"},\"image\":{\"@id\":\"https:\\\/\\\/informelitoral.com.ar\\\/la-alta-probabilidad-de-lluvias-y-tormentas-persiste-en-entre-rios\\\/#primaryimage\"},\"thumbnailUrl\":\"https:\\\/\\\/informelitoral.com.ar\\\/%77%70%2d%63%6f%6e%74%65%6e%74\\\/uploads\\\/2025\\\/02\\\/20250227_064517-scaled-e1740650594132.jpg\",\"datePublished\":\"2025-02-27T09:56:43+00:00\",\"dateModified\":\"2025-02-27T10:03:44+00:00\",\"breadcrumb\":{\"@id\":\"https:\\\/\\\/informelitoral.com.ar\\\/la-alta-probabilidad-de-lluvias-y-tormentas-persiste-en-entre-rios\\\/#breadcrumb\"},\"inLanguage\":\"es\",\"potentialAction\":[{\"@type\":\"ReadAction\",\"target\":[\"https:\\\/\\\/informelitoral.com.ar\\\/la-alta-probabilidad-de-lluvias-y-tormentas-persiste-en-entre-rios\\\/\"]}]},{\"@type\":\"ImageObject\",\"inLanguage\":\"es\",\"@id\":\"https:\\\/\\\/informelitoral.com.ar\\\/la-alta-probabilidad-de-lluvias-y-tormentas-persiste-en-entre-rios\\\/#primaryimage\",\"url\":\"https:\\\/\\\/informelitoral.com.ar\\\/%77%70%2d%63%6f%6e%74%65%6e%74\\\/uploads\\\/2025\\\/02\\\/20250227_064517-scaled-e1740650594132.jpg\",\"contentUrl\":\"https:\\\/\\\/informelitoral.com.ar\\\/%77%70%2d%63%6f%6e%74%65%6e%74\\\/uploads\\\/2025\\\/02\\\/20250227_064517-scaled-e1740650594132.jpg\",\"width\":2560,\"height\":1650},{\"@type\":\"BreadcrumbList\",\"@id\":\"https:\\\/\\\/informelitoral.com.ar\\\/la-alta-probabilidad-de-lluvias-y-tormentas-persiste-en-entre-rios\\\/#breadcrumb\",\"itemListElement\":[{\"@type\":\"ListItem\",\"position\":1,\"name\":\"Portada\",\"item\":\"https:\\\/\\\/informelitoral.com.ar\\\/\"},{\"@type\":\"ListItem\",\"position\":2,\"name\":\"Entre R\u00edos: la alta probabilidad de lluvias y tormentas se mantiene para esta jornada\"}]},{\"@type\":\"WebSite\",\"@id\":\"https:\\\/\\\/informelitoral.com.ar\\\/#website\",\"url\":\"https:\\\/\\\/informelitoral.com.ar\\\/\",\"name\":\"Informe Litoral\",\"description\":\"&quot;Nos informamos&quot; \",\"publisher\":{\"@id\":\"https:\\\/\\\/informelitoral.com.ar\\\/#organization\"},\"potentialAction\":[{\"@type\":\"SearchAction\",\"target\":{\"@type\":\"EntryPoint\",\"urlTemplate\":\"https:\\\/\\\/informelitoral.com.ar\\\/?s={search_term_string}\"},\"query-input\":{\"@type\":\"PropertyValueSpecification\",\"valueRequired\":true,\"valueName\":\"search_term_string\"}}],\"inLanguage\":\"es\"},{\"@type\":\"Organization\",\"@id\":\"https:\\\/\\\/informelitoral.com.ar\\\/#organization\",\"name\":\"Informe Litoral\",\"url\":\"https:\\\/\\\/informelitoral.com.ar\\\/\",\"logo\":{\"@type\":\"ImageObject\",\"inLanguage\":\"es\",\"@id\":\"https:\\\/\\\/informelitoral.com.ar\\\/#\\\/schema\\\/logo\\\/image\\\/\",\"url\":\"https:\\\/\\\/informelitoral.com.ar\\\/%77%70%2d%63%6f%6e%74%65%6e%74\\\/uploads\\\/2021\\\/01\\\/circulo.png\",\"contentUrl\":\"https:\\\/\\\/informelitoral.com.ar\\\/%77%70%2d%63%6f%6e%74%65%6e%74\\\/uploads\\\/2021\\\/01\\\/circulo.png\",\"width\":723,\"height\":731,\"caption\":\"Informe Litoral\"},\"image\":{\"@id\":\"https:\\\/\\\/informelitoral.com.ar\\\/#\\\/schema\\\/logo\\\/image\\\/\"},\"sameAs\":[\"https:\\\/\\\/www.facebook.com\\\/informelitoral\\\/\",\"https:\\\/\\\/x.com\\\/InformeLitoral\",\"https:\\\/\\\/www.instagram.com\\\/informelitoral\\\/\",\"https:\\\/\\\/www.youtube.com\\\/channel\\\/UCua4Qvz8Icb6MYqhoq9xLXw\"]},{\"@type\":\"Person\",\"@id\":\"https:\\\/\\\/informelitoral.com.ar\\\/#\\\/schema\\\/person\\\/f05f9f461677119578717524b127d6d5\",\"name\":\"Sebastian\",\"image\":{\"@type\":\"ImageObject\",\"inLanguage\":\"es\",\"@id\":\"https:\\\/\\\/secure.gravatar.com\\\/avatar\\\/b71bf7481d447dfb9583c7f2798e7cc64de6efb9067b74633ed8c31059a3bd82?s=96&d=mm&r=g\",\"url\":\"https:\\\/\\\/secure.gravatar.com\\\/avatar\\\/b71bf7481d447dfb9583c7f2798e7cc64de6efb9067b74633ed8c31059a3bd82?s=96&d=mm&r=g\",\"contentUrl\":\"https:\\\/\\\/secure.gravatar.com\\\/avatar\\\/b71bf7481d447dfb9583c7f2798e7cc64de6efb9067b74633ed8c31059a3bd82?s=96&d=mm&r=g\",\"caption\":\"Sebastian\"},\"url\":\"https:\\\/\\\/informelitoral.com.ar\\\/author\\\/sebastian\\\/\"}]}<\/script>","yoast_head_json":{"title":"Entre R\u00edos: la alta probabilidad de lluvias y tormentas se mantiene para esta jornada - Informe Litoral","robots":{"index":"index","follow":"follow","max-snippet":"max-snippet:-1","max-image-preview":"max-image-preview:large","max-video-preview":"max-video-preview:-1"},"canonical":"https:\/\/informelitoral.com.ar\/la-alta-probabilidad-de-lluvias-y-tormentas-persiste-en-entre-rios\/","og_locale":"es_ES","og_type":"article","og_title":"Entre R\u00edos: la alta probabilidad de lluvias y tormentas se mantiene para esta jornada - Informe Litoral","og_description":"Mientras se prev\u00e9 que la inestabilidad con precipitaciones contin\u00fae sobre la franja central del pa\u00eds, el norte sigue bajo una intensa ola de calor que se mantendr\u00eda hasta la pr\u00f3xima semana. Pronto en Entre R\u00edos se superar\u00edan otra vez los 35 grados.","og_url":"https:\/\/informelitoral.com.ar\/la-alta-probabilidad-de-lluvias-y-tormentas-persiste-en-entre-rios\/","og_site_name":"Informe Litoral","article_publisher":"https:\/\/www.facebook.com\/informelitoral\/","article_published_time":"2025-02-27T09:56:43+00:00","article_modified_time":"2025-02-27T10:03:44+00:00","og_image":[{"width":2560,"height":1650,"url":"https:\/\/informelitoral.com.ar\/%77%70%2d%63%6f%6e%74%65%6e%74\/uploads\/2025\/02\/20250227_064517-scaled-e1740650594132.jpg","type":"image\/jpeg"}],"author":"Sebastian","twitter_card":"summary_large_image","twitter_creator":"@InformeLitoral","twitter_site":"@InformeLitoral","twitter_misc":{"Escrito por":"Sebastian","Tiempo de lectura":"2 minutos"},"schema":{"@context":"https:\/\/schema.org","@graph":[{"@type":"Article","@id":"https:\/\/informelitoral.com.ar\/la-alta-probabilidad-de-lluvias-y-tormentas-persiste-en-entre-rios\/#article","isPartOf":{"@id":"https:\/\/informelitoral.com.ar\/la-alta-probabilidad-de-lluvias-y-tormentas-persiste-en-entre-rios\/"},"author":{"name":"Sebastian","@id":"https:\/\/informelitoral.com.ar\/#\/schema\/person\/f05f9f461677119578717524b127d6d5"},"headline":"Entre R\u00edos: la alta probabilidad de lluvias y tormentas se mantiene para esta jornada","datePublished":"2025-02-27T09:56:43+00:00","dateModified":"2025-02-27T10:03:44+00:00","mainEntityOfPage":{"@id":"https:\/\/informelitoral.com.ar\/la-alta-probabilidad-de-lluvias-y-tormentas-persiste-en-entre-rios\/"},"wordCount":395,"commentCount":0,"publisher":{"@id":"https:\/\/informelitoral.com.ar\/#organization"},"image":{"@id":"https:\/\/informelitoral.com.ar\/la-alta-probabilidad-de-lluvias-y-tormentas-persiste-en-entre-rios\/#primaryimage"},"thumbnailUrl":"https:\/\/informelitoral.com.ar\/%77%70%2d%63%6f%6e%74%65%6e%74\/uploads\/2025\/02\/20250227_064517-scaled-e1740650594132.jpg","keywords":["SMN"],"articleSection":["Nacionales"],"inLanguage":"es","potentialAction":[{"@type":"CommentAction","name":"Comment","target":["https:\/\/informelitoral.com.ar\/la-alta-probabilidad-de-lluvias-y-tormentas-persiste-en-entre-rios\/#respond"]}]},{"@type":"WebPage","@id":"https:\/\/informelitoral.com.ar\/la-alta-probabilidad-de-lluvias-y-tormentas-persiste-en-entre-rios\/","url":"https:\/\/informelitoral.com.ar\/la-alta-probabilidad-de-lluvias-y-tormentas-persiste-en-entre-rios\/","name":"Entre R\u00edos: la alta probabilidad de lluvias y tormentas se mantiene para esta jornada - Informe Litoral","isPartOf":{"@id":"https:\/\/informelitoral.com.ar\/#website"},"primaryImageOfPage":{"@id":"https:\/\/informelitoral.com.ar\/la-alta-probabilidad-de-lluvias-y-tormentas-persiste-en-entre-rios\/#primaryimage"},"image":{"@id":"https:\/\/informelitoral.com.ar\/la-alta-probabilidad-de-lluvias-y-tormentas-persiste-en-entre-rios\/#primaryimage"},"thumbnailUrl":"https:\/\/informelitoral.com.ar\/%77%70%2d%63%6f%6e%74%65%6e%74\/uploads\/2025\/02\/20250227_064517-scaled-e1740650594132.jpg","datePublished":"2025-02-27T09:56:43+00:00","dateModified":"2025-02-27T10:03:44+00:00","breadcrumb":{"@id":"https:\/\/informelitoral.com.ar\/la-alta-probabilidad-de-lluvias-y-tormentas-persiste-en-entre-rios\/#breadcrumb"},"inLanguage":"es","potentialAction":[{"@type":"ReadAction","target":["https:\/\/informelitoral.com.ar\/la-alta-probabilidad-de-lluvias-y-tormentas-persiste-en-entre-rios\/"]}]},{"@type":"ImageObject","inLanguage":"es","@id":"https:\/\/informelitoral.com.ar\/la-alta-probabilidad-de-lluvias-y-tormentas-persiste-en-entre-rios\/#primaryimage","url":"https:\/\/informelitoral.com.ar\/%77%70%2d%63%6f%6e%74%65%6e%74\/uploads\/2025\/02\/20250227_064517-scaled-e1740650594132.jpg","contentUrl":"https:\/\/informelitoral.com.ar\/%77%70%2d%63%6f%6e%74%65%6e%74\/uploads\/2025\/02\/20250227_064517-scaled-e1740650594132.jpg","width":2560,"height":1650},{"@type":"BreadcrumbList","@id":"https:\/\/informelitoral.com.ar\/la-alta-probabilidad-de-lluvias-y-tormentas-persiste-en-entre-rios\/#breadcrumb","itemListElement":[{"@type":"ListItem","position":1,"name":"Portada","item":"https:\/\/informelitoral.com.ar\/"},{"@type":"ListItem","position":2,"name":"Entre R\u00edos: la alta probabilidad de lluvias y tormentas se mantiene para esta jornada"}]},{"@type":"WebSite","@id":"https:\/\/informelitoral.com.ar\/#website","url":"https:\/\/informelitoral.com.ar\/","name":"Informe Litoral","description":"&quot;Nos informamos&quot; ","publisher":{"@id":"https:\/\/informelitoral.com.ar\/#organization"},"potentialAction":[{"@type":"SearchAction","target":{"@type":"EntryPoint","urlTemplate":"https:\/\/informelitoral.com.ar\/?s={search_term_string}"},"query-input":{"@type":"PropertyValueSpecification","valueRequired":true,"valueName":"search_term_string"}}],"inLanguage":"es"},{"@type":"Organization","@id":"https:\/\/informelitoral.com.ar\/#organization","name":"Informe Litoral","url":"https:\/\/informelitoral.com.ar\/","logo":{"@type":"ImageObject","inLanguage":"es","@id":"https:\/\/informelitoral.com.ar\/#\/schema\/logo\/image\/","url":"https:\/\/informelitoral.com.ar\/%77%70%2d%63%6f%6e%74%65%6e%74\/uploads\/2021\/01\/circulo.png","contentUrl":"https:\/\/informelitoral.com.ar\/%77%70%2d%63%6f%6e%74%65%6e%74\/uploads\/2021\/01\/circulo.png","width":723,"height":731,"caption":"Informe Litoral"},"image":{"@id":"https:\/\/informelitoral.com.ar\/#\/schema\/logo\/image\/"},"sameAs":["https:\/\/www.facebook.com\/informelitoral\/","https:\/\/x.com\/InformeLitoral","https:\/\/www.instagram.com\/informelitoral\/","https:\/\/www.youtube.com\/channel\/UCua4Qvz8Icb6MYqhoq9xLXw"]},{"@type":"Person","@id":"https:\/\/informelitoral.com.ar\/#\/schema\/person\/f05f9f461677119578717524b127d6d5","name":"Sebastian","image":{"@type":"ImageObject","inLanguage":"es","@id":"https:\/\/secure.gravatar.com\/avatar\/b71bf7481d447dfb9583c7f2798e7cc64de6efb9067b74633ed8c31059a3bd82?s=96&d=mm&r=g","url":"https:\/\/secure.gravatar.com\/avatar\/b71bf7481d447dfb9583c7f2798e7cc64de6efb9067b74633ed8c31059a3bd82?s=96&d=mm&r=g","contentUrl":"https:\/\/secure.gravatar.com\/avatar\/b71bf7481d447dfb9583c7f2798e7cc64de6efb9067b74633ed8c31059a3bd82?s=96&d=mm&r=g","caption":"Sebastian"},"url":"https:\/\/informelitoral.com.ar\/author\/sebastian\/"}]}},"_links":{"self":[{"href":"https:\/\/informelitoral.com.ar\/%77%70%2d%6a%73%6f%6e\/wp\/v2\/posts\/213162","targetHints":{"allow":["GET"]}}],"collection":[{"href":"https:\/\/informelitoral.com.ar\/%77%70%2d%6a%73%6f%6e\/wp\/v2\/posts"}],"about":[{"href":"https:\/\/informelitoral.com.ar\/%77%70%2d%6a%73%6f%6e\/wp\/v2\/types\/post"}],"author":[{"embeddable":true,"href":"https:\/\/informelitoral.com.ar\/%77%70%2d%6a%73%6f%6e\/wp\/v2\/users\/8"}],"replies":[{"embeddable":true,"href":"https:\/\/informelitoral.com.ar\/%77%70%2d%6a%73%6f%6e\/wp\/v2\/comments?post=213162"}],"version-history":[{"count":0,"href":"https:\/\/informelitoral.com.ar\/%77%70%2d%6a%73%6f%6e\/wp\/v2\/posts\/213162\/revisions"}],"wp:featuredmedia":[{"embeddable":true,"href":"https:\/\/informelitoral.com.ar\/%77%70%2d%6a%73%6f%6e\/wp\/v2\/media\/213163"}],"wp:attachment":[{"href":"https:\/\/informelitoral.com.ar\/%77%70%2d%6a%73%6f%6e\/wp\/v2\/media?parent=213162"}],"wp:term":[{"taxonomy":"category","embeddable":true,"href":"https:\/\/informelitoral.com.ar\/%77%70%2d%6a%73%6f%6e\/wp\/v2\/categories?post=213162"},{"taxonomy":"post_tag","embeddable":true,"href":"https:\/\/informelitoral.com.ar\/%77%70%2d%6a%73%6f%6e\/wp\/v2\/tags?post=213162"}],"curies":[{"name":"wp","href":"https:\/\/api.w.org\/{rel}","templated":true}]}}