{"id":213131,"date":"2025-02-26T20:06:24","date_gmt":"2025-02-26T23:06:24","guid":{"rendered":"https:\/\/informelitoral.com.ar\/?p=213131"},"modified":"2025-02-26T20:35:27","modified_gmt":"2025-02-26T23:35:27","slug":"aranguren-destacan-segunda-subasta-de-terrenos-y-las-mejoras-previstas","status":"publish","type":"post","link":"https:\/\/informelitoral.com.ar\/aranguren-destacan-segunda-subasta-de-terrenos-y-las-mejoras-previstas\/","title":{"rendered":"Aranguren: destacan segunda subasta de terrenos y las mejoras previstas"},"content":{"rendered":"<p>El Presidente Municipal de Aranguren, <strong>Luis Siebenlist,<\/strong> junto al secretario de Gobierno, bioingeniero, <strong>Ramiro Mu\u00f1oz<\/strong>, brindaron una entrevista radial en la que detallaron cuestiones vinculadas a la<strong> subasta de terrenos municipales, avance de obra y las mejoras que tienen previstas realizar<\/strong> en ese sector, lo cual se traduce en una muy buena oportunidad para quienes deseen invertir.<\/p>\n<h6><em><strong>Te puede interesar:\u00a0<a href=\"https:\/\/informelitoral.com.ar\/convocatoria-abierta-para-profesores-de-los-talleres-municipales-2025-en-aranguren\/\" target=\"_blank\" rel=\"noopener\">Convocatoria abierta para profesores de los Talleres Municipales 2025 en Aranguren<\/a><\/strong><\/em><\/h6>\n<p><strong>Los 37 lotes disponibles para la venta ya cuentan con agua corriente, cloacas y pr\u00f3ximamente se realizar\u00e1 el tendido el\u00e9ctrico, adem\u00e1s de afirmado de calles. Sobre Avenida Victoria se har\u00e1n 500 metros lineales de cord\u00f3n cuenta y compactaci\u00f3n de calles, lo cual permitir\u00e1 habilitar las dos manos y a su vez mejorar\u00e1 la oferta de los terrenos que se vender\u00e1n con el frente hacia la mencionada arteria.<\/strong><\/p>\n<p>Durante la primera parte de la entrevista, Siebenlist manifest\u00f3 que: \u201cEl 13 de marzo realizaremos la subasta p\u00fablica que ser\u00e1 presencial, quienes est\u00e9n interesados en los lotes podr\u00e1n concurrir y participar de esta subasta, es una nueva oportunidad para quienes tengan ganas de invertir, es una linda posibilidad para quienes deseen hacer su casa. Al respecto, sobre estos lotes, que ya cuentan con servicio de agua corriente y cloacas, informamos que pronto vamos a firmar convenio con la Cooperativa San Mart\u00edn para hacer la extensi\u00f3n de la red el\u00e9ctrica lo cual lo hacemos 100% con recursos genuinos del Municipio. Adem\u00e1s, estaremos realizando otras obras complementarias en ese lugar. Estamos tomando la iniciativa ya que no tenemos aporte desde Provincia para esto, pero tenemos los recursos propios para poder hacerlo\u201d, expres\u00f3 el Presidente Municipal de Aranguren.<\/p>\n<p><strong>En este marco de obras en la zona de urbanizaci\u00f3n sur, tambi\u00e9n se realizar\u00e1 cord\u00f3n cuneta sobre Avenida Victoria: <\/strong>\u201cEstamos armando el equipo de trabajo para comenzar en estos d\u00edas. Se trata de una construcci\u00f3n de 500 metros lineales de cord\u00f3n cuneta, lo que comprender\u00e1 la salida hacia Victoria. La inversi\u00f3n ser\u00e1 de 30 millones de pesos, aproximadamente, entre materiales, mano de obra y seguramente ser\u00e1 a\u00fan mayor si contamos el material calc\u00e1reo como piedra y broza ya que para habilitar las dos manos tenemos que adaptarlo con una compactaci\u00f3n correspondiente ya que tenemos un importante flujo de ingreso y egreso hacia Victoria. A su vez, esta obra va a contribuir en una mejora para quienes est\u00e9n interesados en \u00a0adquirir terrenos ah\u00ed, tendr\u00e1n mejorado su frente. A su vez, dentro de los loteos que se van a subastar, las calles internas van a ser compactadas como corresponde, quienes compren terreno no van a estar en el barro. Trataremos de hacer obras complementarias para quienes deseen invertir le resulte atractivo por contar con todos los servicios b\u00e1sicos, es decir, poder entrar y salir con los veh\u00edculos particulares sin problemas, como asimismo los servicios sanitarios como cloacas, agua y tendido el\u00e9ctrico. Ser\u00e1 una gran inversi\u00f3n la que estaremos haciendo en esa zona para finalizar con obras muy importantes en uno de los principales ingresos a la localidad para que quede mas armonioso y a su vez podamos descongestionar el tr\u00e1nsito en esa zona ya que hemos tenido muchos inconvenientes\u201d, finaliz\u00f3 Siebenlist.<\/p>\n<h6><em><strong>Ver tambi\u00e9n:\u00a0<a href=\"https:\/\/informelitoral.com.ar\/la-xiv-fiesta-del-artesano-de-aranguren-tiene-fecha-y-artistas-confirmados\/\" target=\"_blank\" rel=\"noopener\">La XIV Fiesta del Artesano de Aranguren tiene fecha y artistas confirmados<\/a><\/strong><\/em><\/h6>\n<p><strong>Por su parte, el secretario de Gobierno, Ramiro Mu\u00f1oz, agreg\u00f3 detalles sobre los terrenos que se subastar\u00e1n<\/strong>: \u201cEs una muy buena oportunidad para invertir para quienes tienen dinero y desean capitalizarse, que m\u00e1s lindo que poder invertir en el desarrollo inmobiliario de nuestra localidad. Invitamos a vecinos de Aranguren y de otras localidades que tengan intenciones de hacer inversiones importantes que se acerquen al Municipio por si tienen alguna duda, tanto al Ejecutivo o a la Direcci\u00f3n de Obras P\u00fablicas para evacuar dudas o recibir el asesoramiento correspondiente. Tambi\u00e9n pueden contactarse con el Martillero, Rub\u00e9n Gobatto, quien se encuentra muy abocado al proyecto y tambi\u00e9n puede contribuir para evacuar dudas. Por parte del Municipio nos encontramos trabajando a full para poder mejorar la oferta de los terrenos que se est\u00e1n haciendo\u201d, especific\u00f3 el bioingeniero.<\/p>\n<h2><strong>Dimensiones, cantidad de terrenos y detalles t\u00e9cnicos<\/strong><\/h2>\n<p>\u201cSon 38 lotes en total en las manzanas F y H. Tenemos que recordar que ya se hizo una edici\u00f3n de la subasta y se vendi\u00f3 un terreno, por lo tanto, quedan disponibles 37 unidades de 200 metros cuadrados cada uno con 10 metros de frente, con un peque\u00f1o margen de variaci\u00f3n. Todos los terrenos tienen fines residenciales. El objetivo es ampliar el n\u00famero de venta que despu\u00e9s nos va a dar la posibilidad de realizar obras de infraestructura que se necesita para todo el predio en general, no solamente las manzanas F y H\u201d, expres\u00f3 el Secretario de Gobierno de Aranguren, quien agreg\u00f3 qu\u00e9: \u201cQueremos que los terrenos cuenten con luz de obra porque contemplamos las posibilidades que existen para financiar obras como por el ejemplo el programa crediticio que surgi\u00f3 de I.A.P.V. A su vez, el hecho de adquirir el terreno por subasta lo pueden escriturar inmediatamente, lo cual es un instrumento muy importante para poder acceder a un cr\u00e9dito hipotecario con la escritura en la mano, en ese sentido, nos hemos planteado ser \u00e1giles en las cuestiones burocr\u00e1ticas. Tambi\u00e9n es importante remarcar y que est\u00e1 contemplado en la normativa es que una persona puede adquirir hasta dos terrenos\u201d, afirm\u00f3 Mu\u00f1oz.<\/p>\n<p>Por \u00faltimo el secretario de Gobierno reflexion\u00f3: \u201cGestionar fondos no consiste muchas veces en leer res\u00famenes de coparticipaci\u00f3n o de recibos de sueldos sino que tiene mucho que ver con poder comunicar y transformar un n\u00famero, que fuera de contexto no dice demasiado, poder trasladarlo a un elemento a disposici\u00f3n del bienestar del vecino, lo cual sigue siendo la principal ocupaci\u00f3n de esta gesti\u00f3n con fondos leg\u00edtimos que la ley asigna para los municipios\u201d, concluy\u00f3.<\/p>\n<h2><strong>Aumento para municipales\u00a0<\/strong><\/h2>\n<p>Por \u00faltimo, el Presidente Municipal dio la noticia tanto para delegados gremiales de SEDAPPER y UPCN y en general para los trabajadores municipales, que percibir\u00e1n este mes un aumento salarial del 10%.<\/p>\n<h6><em><strong>Del archivo:\u00a0<a href=\"https:\/\/informelitoral.com.ar\/la-municipalidad-de-parana-continua-con-la-obra-de-conectividad-este-oeste\/\" target=\"_blank\" rel=\"noopener\">La Municipalidad de Paran\u00e1 continu\u0301a con la obra de Conectividad Este\/Oeste<\/a><\/strong><\/em><\/h6>\n","protected":false},"excerpt":{"rendered":"<p>Los terrenos se rematar\u00e1n el 13 de marzo del corriente a\u00f1o. El intendente y el secretario de Gobierno  brindaron detalles al respecto.<\/p>\n","protected":false},"author":2,"featured_media":213133,"comment_status":"open","ping_status":"open","sticky":false,"template":"","format":"standard","meta":{"fifu_image_url":"","fifu_image_alt":"","footnotes":""},"categories":[4592],"tags":[143,1789,1580,201,316,875],"class_list":{"0":"post-213131","1":"post","2":"type-post","3":"status-publish","4":"format-standard","5":"has-post-thumbnail","7":"category-departamento-nogoya","8":"tag-aranguren","9":"tag-luis-siebenlist","10":"tag-municipalidad-de-aranguren","11":"tag-municipios","12":"tag-obras-publicas","13":"tag-terrenos"},"yoast_head":"<title>Aranguren: destacan segunda subasta de terrenos y las mejoras previstas - Informe Litoral<\/title>\n<meta name=\"robots\" content=\"index, follow, max-snippet:-1, max-image-preview:large, max-video-preview:-1\" \/>\n<link rel=\"canonical\" href=\"https:\/\/informelitoral.com.ar\/aranguren-destacan-segunda-subasta-de-terrenos-y-las-mejoras-previstas\/\" \/>\n<meta property=\"og:locale\" content=\"es_ES\" \/>\n<meta property=\"og:type\" content=\"article\" \/>\n<meta property=\"og:title\" content=\"Aranguren: destacan segunda subasta de terrenos y las mejoras previstas - Informe Litoral\" \/>\n<meta property=\"og:description\" content=\"Los terrenos se rematar\u00e1n el 13 de marzo del corriente a\u00f1o. El intendente y el secretario de Gobierno brindaron detalles al respecto.\" \/>\n<meta property=\"og:url\" content=\"https:\/\/informelitoral.com.ar\/aranguren-destacan-segunda-subasta-de-terrenos-y-las-mejoras-previstas\/\" \/>\n<meta property=\"og:site_name\" content=\"Informe Litoral\" \/>\n<meta property=\"article:publisher\" content=\"https:\/\/www.facebook.com\/informelitoral\/\" \/>\n<meta property=\"article:published_time\" content=\"2025-02-26T23:06:24+00:00\" \/>\n<meta property=\"article:modified_time\" content=\"2025-02-26T23:35:27+00:00\" \/>\n<meta property=\"og:image\" content=\"https:\/\/informelitoral.com.ar\/%77%70%2d%63%6f%6e%74%65%6e%74\/uploads\/2025\/02\/IMG_7855-scaled.jpg\" \/>\n\t<meta property=\"og:image:width\" content=\"2560\" \/>\n\t<meta property=\"og:image:height\" content=\"1707\" \/>\n\t<meta property=\"og:image:type\" content=\"image\/jpeg\" \/>\n<meta name=\"author\" content=\"Gonzalo Schmidt\" \/>\n<meta name=\"twitter:card\" content=\"summary_large_image\" \/>\n<meta name=\"twitter:creator\" content=\"@InformeLitoral\" \/>\n<meta name=\"twitter:site\" content=\"@InformeLitoral\" \/>\n<meta name=\"twitter:label1\" content=\"Escrito por\" \/>\n\t<meta name=\"twitter:data1\" content=\"Gonzalo Schmidt\" \/>\n\t<meta name=\"twitter:label2\" content=\"Tiempo de lectura\" \/>\n\t<meta name=\"twitter:data2\" content=\"5 minutos\" \/>\n<script type=\"application\/ld+json\" class=\"yoast-schema-graph\">{\"@context\":\"https:\\\/\\\/schema.org\",\"@graph\":[{\"@type\":\"Article\",\"@id\":\"https:\\\/\\\/informelitoral.com.ar\\\/aranguren-destacan-segunda-subasta-de-terrenos-y-las-mejoras-previstas\\\/#article\",\"isPartOf\":{\"@id\":\"https:\\\/\\\/informelitoral.com.ar\\\/aranguren-destacan-segunda-subasta-de-terrenos-y-las-mejoras-previstas\\\/\"},\"author\":{\"name\":\"Gonzalo Schmidt\",\"@id\":\"https:\\\/\\\/informelitoral.com.ar\\\/#\\\/schema\\\/person\\\/b9d00407c836482871ef1d57bf8e3180\"},\"headline\":\"Aranguren: destacan segunda subasta de terrenos y las mejoras previstas\",\"datePublished\":\"2025-02-26T23:06:24+00:00\",\"dateModified\":\"2025-02-26T23:35:27+00:00\",\"mainEntityOfPage\":{\"@id\":\"https:\\\/\\\/informelitoral.com.ar\\\/aranguren-destacan-segunda-subasta-de-terrenos-y-las-mejoras-previstas\\\/\"},\"wordCount\":1066,\"commentCount\":0,\"publisher\":{\"@id\":\"https:\\\/\\\/informelitoral.com.ar\\\/#organization\"},\"image\":{\"@id\":\"https:\\\/\\\/informelitoral.com.ar\\\/aranguren-destacan-segunda-subasta-de-terrenos-y-las-mejoras-previstas\\\/#primaryimage\"},\"thumbnailUrl\":\"https:\\\/\\\/informelitoral.com.ar\\\/%77%70%2d%63%6f%6e%74%65%6e%74\\\/uploads\\\/2025\\\/02\\\/IMG_7855-scaled.jpg\",\"keywords\":[\"Aranguren\",\"Luis Siebenlist\",\"Municipalidad de Aranguren\",\"Municipios\",\"Obras p\u00fablicas\",\"Terrenos\"],\"articleSection\":[\"Departamento Nogoy\u00e1\"],\"inLanguage\":\"es\",\"potentialAction\":[{\"@type\":\"CommentAction\",\"name\":\"Comment\",\"target\":[\"https:\\\/\\\/informelitoral.com.ar\\\/aranguren-destacan-segunda-subasta-de-terrenos-y-las-mejoras-previstas\\\/#respond\"]}]},{\"@type\":\"WebPage\",\"@id\":\"https:\\\/\\\/informelitoral.com.ar\\\/aranguren-destacan-segunda-subasta-de-terrenos-y-las-mejoras-previstas\\\/\",\"url\":\"https:\\\/\\\/informelitoral.com.ar\\\/aranguren-destacan-segunda-subasta-de-terrenos-y-las-mejoras-previstas\\\/\",\"name\":\"Aranguren: destacan segunda subasta de terrenos y las mejoras previstas - Informe Litoral\",\"isPartOf\":{\"@id\":\"https:\\\/\\\/informelitoral.com.ar\\\/#website\"},\"primaryImageOfPage\":{\"@id\":\"https:\\\/\\\/informelitoral.com.ar\\\/aranguren-destacan-segunda-subasta-de-terrenos-y-las-mejoras-previstas\\\/#primaryimage\"},\"image\":{\"@id\":\"https:\\\/\\\/informelitoral.com.ar\\\/aranguren-destacan-segunda-subasta-de-terrenos-y-las-mejoras-previstas\\\/#primaryimage\"},\"thumbnailUrl\":\"https:\\\/\\\/informelitoral.com.ar\\\/%77%70%2d%63%6f%6e%74%65%6e%74\\\/uploads\\\/2025\\\/02\\\/IMG_7855-scaled.jpg\",\"datePublished\":\"2025-02-26T23:06:24+00:00\",\"dateModified\":\"2025-02-26T23:35:27+00:00\",\"breadcrumb\":{\"@id\":\"https:\\\/\\\/informelitoral.com.ar\\\/aranguren-destacan-segunda-subasta-de-terrenos-y-las-mejoras-previstas\\\/#breadcrumb\"},\"inLanguage\":\"es\",\"potentialAction\":[{\"@type\":\"ReadAction\",\"target\":[\"https:\\\/\\\/informelitoral.com.ar\\\/aranguren-destacan-segunda-subasta-de-terrenos-y-las-mejoras-previstas\\\/\"]}]},{\"@type\":\"ImageObject\",\"inLanguage\":\"es\",\"@id\":\"https:\\\/\\\/informelitoral.com.ar\\\/aranguren-destacan-segunda-subasta-de-terrenos-y-las-mejoras-previstas\\\/#primaryimage\",\"url\":\"https:\\\/\\\/informelitoral.com.ar\\\/%77%70%2d%63%6f%6e%74%65%6e%74\\\/uploads\\\/2025\\\/02\\\/IMG_7855-scaled.jpg\",\"contentUrl\":\"https:\\\/\\\/informelitoral.com.ar\\\/%77%70%2d%63%6f%6e%74%65%6e%74\\\/uploads\\\/2025\\\/02\\\/IMG_7855-scaled.jpg\",\"width\":2560,\"height\":1707},{\"@type\":\"BreadcrumbList\",\"@id\":\"https:\\\/\\\/informelitoral.com.ar\\\/aranguren-destacan-segunda-subasta-de-terrenos-y-las-mejoras-previstas\\\/#breadcrumb\",\"itemListElement\":[{\"@type\":\"ListItem\",\"position\":1,\"name\":\"Portada\",\"item\":\"https:\\\/\\\/informelitoral.com.ar\\\/\"},{\"@type\":\"ListItem\",\"position\":2,\"name\":\"Aranguren: destacan segunda subasta de terrenos y las mejoras previstas\"}]},{\"@type\":\"WebSite\",\"@id\":\"https:\\\/\\\/informelitoral.com.ar\\\/#website\",\"url\":\"https:\\\/\\\/informelitoral.com.ar\\\/\",\"name\":\"Informe Litoral\",\"description\":\"&quot;Nos informamos&quot; \",\"publisher\":{\"@id\":\"https:\\\/\\\/informelitoral.com.ar\\\/#organization\"},\"potentialAction\":[{\"@type\":\"SearchAction\",\"target\":{\"@type\":\"EntryPoint\",\"urlTemplate\":\"https:\\\/\\\/informelitoral.com.ar\\\/?s={search_term_string}\"},\"query-input\":{\"@type\":\"PropertyValueSpecification\",\"valueRequired\":true,\"valueName\":\"search_term_string\"}}],\"inLanguage\":\"es\"},{\"@type\":\"Organization\",\"@id\":\"https:\\\/\\\/informelitoral.com.ar\\\/#organization\",\"name\":\"Informe Litoral\",\"url\":\"https:\\\/\\\/informelitoral.com.ar\\\/\",\"logo\":{\"@type\":\"ImageObject\",\"inLanguage\":\"es\",\"@id\":\"https:\\\/\\\/informelitoral.com.ar\\\/#\\\/schema\\\/logo\\\/image\\\/\",\"url\":\"https:\\\/\\\/informelitoral.com.ar\\\/%77%70%2d%63%6f%6e%74%65%6e%74\\\/uploads\\\/2021\\\/01\\\/circulo.png\",\"contentUrl\":\"https:\\\/\\\/informelitoral.com.ar\\\/%77%70%2d%63%6f%6e%74%65%6e%74\\\/uploads\\\/2021\\\/01\\\/circulo.png\",\"width\":723,\"height\":731,\"caption\":\"Informe Litoral\"},\"image\":{\"@id\":\"https:\\\/\\\/informelitoral.com.ar\\\/#\\\/schema\\\/logo\\\/image\\\/\"},\"sameAs\":[\"https:\\\/\\\/www.facebook.com\\\/informelitoral\\\/\",\"https:\\\/\\\/x.com\\\/InformeLitoral\",\"https:\\\/\\\/www.instagram.com\\\/informelitoral\\\/\",\"https:\\\/\\\/www.youtube.com\\\/channel\\\/UCua4Qvz8Icb6MYqhoq9xLXw\"]},{\"@type\":\"Person\",\"@id\":\"https:\\\/\\\/informelitoral.com.ar\\\/#\\\/schema\\\/person\\\/b9d00407c836482871ef1d57bf8e3180\",\"name\":\"Gonzalo Schmidt\",\"image\":{\"@type\":\"ImageObject\",\"inLanguage\":\"es\",\"@id\":\"https:\\\/\\\/secure.gravatar.com\\\/avatar\\\/31a1a7b66ff2de83bd0e9fd79d026630d2d99e55e8bfe501287647b4fd9743de?s=96&d=mm&r=g\",\"url\":\"https:\\\/\\\/secure.gravatar.com\\\/avatar\\\/31a1a7b66ff2de83bd0e9fd79d026630d2d99e55e8bfe501287647b4fd9743de?s=96&d=mm&r=g\",\"contentUrl\":\"https:\\\/\\\/secure.gravatar.com\\\/avatar\\\/31a1a7b66ff2de83bd0e9fd79d026630d2d99e55e8bfe501287647b4fd9743de?s=96&d=mm&r=g\",\"caption\":\"Gonzalo Schmidt\"},\"description\":\"Sitio web de noticias de la provincia de Entre R\u00edos, Argentina. Informaci\u00f3n y entretenimiento. Informe Litoral, nos informamos.\",\"sameAs\":[\"http:\\\/\\\/www.isletasnoticias.com.ar\"],\"url\":\"https:\\\/\\\/informelitoral.com.ar\\\/author\\\/gonzalo\\\/\"}]}<\/script>","yoast_head_json":{"title":"Aranguren: destacan segunda subasta de terrenos y las mejoras previstas - Informe Litoral","robots":{"index":"index","follow":"follow","max-snippet":"max-snippet:-1","max-image-preview":"max-image-preview:large","max-video-preview":"max-video-preview:-1"},"canonical":"https:\/\/informelitoral.com.ar\/aranguren-destacan-segunda-subasta-de-terrenos-y-las-mejoras-previstas\/","og_locale":"es_ES","og_type":"article","og_title":"Aranguren: destacan segunda subasta de terrenos y las mejoras previstas - Informe Litoral","og_description":"Los terrenos se rematar\u00e1n el 13 de marzo del corriente a\u00f1o. El intendente y el secretario de Gobierno brindaron detalles al respecto.","og_url":"https:\/\/informelitoral.com.ar\/aranguren-destacan-segunda-subasta-de-terrenos-y-las-mejoras-previstas\/","og_site_name":"Informe Litoral","article_publisher":"https:\/\/www.facebook.com\/informelitoral\/","article_published_time":"2025-02-26T23:06:24+00:00","article_modified_time":"2025-02-26T23:35:27+00:00","og_image":[{"width":2560,"height":1707,"url":"https:\/\/informelitoral.com.ar\/%77%70%2d%63%6f%6e%74%65%6e%74\/uploads\/2025\/02\/IMG_7855-scaled.jpg","type":"image\/jpeg"}],"author":"Gonzalo Schmidt","twitter_card":"summary_large_image","twitter_creator":"@InformeLitoral","twitter_site":"@InformeLitoral","twitter_misc":{"Escrito por":"Gonzalo Schmidt","Tiempo de lectura":"5 minutos"},"schema":{"@context":"https:\/\/schema.org","@graph":[{"@type":"Article","@id":"https:\/\/informelitoral.com.ar\/aranguren-destacan-segunda-subasta-de-terrenos-y-las-mejoras-previstas\/#article","isPartOf":{"@id":"https:\/\/informelitoral.com.ar\/aranguren-destacan-segunda-subasta-de-terrenos-y-las-mejoras-previstas\/"},"author":{"name":"Gonzalo Schmidt","@id":"https:\/\/informelitoral.com.ar\/#\/schema\/person\/b9d00407c836482871ef1d57bf8e3180"},"headline":"Aranguren: destacan segunda subasta de terrenos y las mejoras previstas","datePublished":"2025-02-26T23:06:24+00:00","dateModified":"2025-02-26T23:35:27+00:00","mainEntityOfPage":{"@id":"https:\/\/informelitoral.com.ar\/aranguren-destacan-segunda-subasta-de-terrenos-y-las-mejoras-previstas\/"},"wordCount":1066,"commentCount":0,"publisher":{"@id":"https:\/\/informelitoral.com.ar\/#organization"},"image":{"@id":"https:\/\/informelitoral.com.ar\/aranguren-destacan-segunda-subasta-de-terrenos-y-las-mejoras-previstas\/#primaryimage"},"thumbnailUrl":"https:\/\/informelitoral.com.ar\/%77%70%2d%63%6f%6e%74%65%6e%74\/uploads\/2025\/02\/IMG_7855-scaled.jpg","keywords":["Aranguren","Luis Siebenlist","Municipalidad de Aranguren","Municipios","Obras p\u00fablicas","Terrenos"],"articleSection":["Departamento Nogoy\u00e1"],"inLanguage":"es","potentialAction":[{"@type":"CommentAction","name":"Comment","target":["https:\/\/informelitoral.com.ar\/aranguren-destacan-segunda-subasta-de-terrenos-y-las-mejoras-previstas\/#respond"]}]},{"@type":"WebPage","@id":"https:\/\/informelitoral.com.ar\/aranguren-destacan-segunda-subasta-de-terrenos-y-las-mejoras-previstas\/","url":"https:\/\/informelitoral.com.ar\/aranguren-destacan-segunda-subasta-de-terrenos-y-las-mejoras-previstas\/","name":"Aranguren: destacan segunda subasta de terrenos y las mejoras previstas - Informe Litoral","isPartOf":{"@id":"https:\/\/informelitoral.com.ar\/#website"},"primaryImageOfPage":{"@id":"https:\/\/informelitoral.com.ar\/aranguren-destacan-segunda-subasta-de-terrenos-y-las-mejoras-previstas\/#primaryimage"},"image":{"@id":"https:\/\/informelitoral.com.ar\/aranguren-destacan-segunda-subasta-de-terrenos-y-las-mejoras-previstas\/#primaryimage"},"thumbnailUrl":"https:\/\/informelitoral.com.ar\/%77%70%2d%63%6f%6e%74%65%6e%74\/uploads\/2025\/02\/IMG_7855-scaled.jpg","datePublished":"2025-02-26T23:06:24+00:00","dateModified":"2025-02-26T23:35:27+00:00","breadcrumb":{"@id":"https:\/\/informelitoral.com.ar\/aranguren-destacan-segunda-subasta-de-terrenos-y-las-mejoras-previstas\/#breadcrumb"},"inLanguage":"es","potentialAction":[{"@type":"ReadAction","target":["https:\/\/informelitoral.com.ar\/aranguren-destacan-segunda-subasta-de-terrenos-y-las-mejoras-previstas\/"]}]},{"@type":"ImageObject","inLanguage":"es","@id":"https:\/\/informelitoral.com.ar\/aranguren-destacan-segunda-subasta-de-terrenos-y-las-mejoras-previstas\/#primaryimage","url":"https:\/\/informelitoral.com.ar\/%77%70%2d%63%6f%6e%74%65%6e%74\/uploads\/2025\/02\/IMG_7855-scaled.jpg","contentUrl":"https:\/\/informelitoral.com.ar\/%77%70%2d%63%6f%6e%74%65%6e%74\/uploads\/2025\/02\/IMG_7855-scaled.jpg","width":2560,"height":1707},{"@type":"BreadcrumbList","@id":"https:\/\/informelitoral.com.ar\/aranguren-destacan-segunda-subasta-de-terrenos-y-las-mejoras-previstas\/#breadcrumb","itemListElement":[{"@type":"ListItem","position":1,"name":"Portada","item":"https:\/\/informelitoral.com.ar\/"},{"@type":"ListItem","position":2,"name":"Aranguren: destacan segunda subasta de terrenos y las mejoras previstas"}]},{"@type":"WebSite","@id":"https:\/\/informelitoral.com.ar\/#website","url":"https:\/\/informelitoral.com.ar\/","name":"Informe Litoral","description":"&quot;Nos informamos&quot; ","publisher":{"@id":"https:\/\/informelitoral.com.ar\/#organization"},"potentialAction":[{"@type":"SearchAction","target":{"@type":"EntryPoint","urlTemplate":"https:\/\/informelitoral.com.ar\/?s={search_term_string}"},"query-input":{"@type":"PropertyValueSpecification","valueRequired":true,"valueName":"search_term_string"}}],"inLanguage":"es"},{"@type":"Organization","@id":"https:\/\/informelitoral.com.ar\/#organization","name":"Informe Litoral","url":"https:\/\/informelitoral.com.ar\/","logo":{"@type":"ImageObject","inLanguage":"es","@id":"https:\/\/informelitoral.com.ar\/#\/schema\/logo\/image\/","url":"https:\/\/informelitoral.com.ar\/%77%70%2d%63%6f%6e%74%65%6e%74\/uploads\/2021\/01\/circulo.png","contentUrl":"https:\/\/informelitoral.com.ar\/%77%70%2d%63%6f%6e%74%65%6e%74\/uploads\/2021\/01\/circulo.png","width":723,"height":731,"caption":"Informe Litoral"},"image":{"@id":"https:\/\/informelitoral.com.ar\/#\/schema\/logo\/image\/"},"sameAs":["https:\/\/www.facebook.com\/informelitoral\/","https:\/\/x.com\/InformeLitoral","https:\/\/www.instagram.com\/informelitoral\/","https:\/\/www.youtube.com\/channel\/UCua4Qvz8Icb6MYqhoq9xLXw"]},{"@type":"Person","@id":"https:\/\/informelitoral.com.ar\/#\/schema\/person\/b9d00407c836482871ef1d57bf8e3180","name":"Gonzalo Schmidt","image":{"@type":"ImageObject","inLanguage":"es","@id":"https:\/\/secure.gravatar.com\/avatar\/31a1a7b66ff2de83bd0e9fd79d026630d2d99e55e8bfe501287647b4fd9743de?s=96&d=mm&r=g","url":"https:\/\/secure.gravatar.com\/avatar\/31a1a7b66ff2de83bd0e9fd79d026630d2d99e55e8bfe501287647b4fd9743de?s=96&d=mm&r=g","contentUrl":"https:\/\/secure.gravatar.com\/avatar\/31a1a7b66ff2de83bd0e9fd79d026630d2d99e55e8bfe501287647b4fd9743de?s=96&d=mm&r=g","caption":"Gonzalo Schmidt"},"description":"Sitio web de noticias de la provincia de Entre R\u00edos, Argentina. Informaci\u00f3n y entretenimiento. Informe Litoral, nos informamos.","sameAs":["http:\/\/www.isletasnoticias.com.ar"],"url":"https:\/\/informelitoral.com.ar\/author\/gonzalo\/"}]}},"_links":{"self":[{"href":"https:\/\/informelitoral.com.ar\/%77%70%2d%6a%73%6f%6e\/wp\/v2\/posts\/213131","targetHints":{"allow":["GET"]}}],"collection":[{"href":"https:\/\/informelitoral.com.ar\/%77%70%2d%6a%73%6f%6e\/wp\/v2\/posts"}],"about":[{"href":"https:\/\/informelitoral.com.ar\/%77%70%2d%6a%73%6f%6e\/wp\/v2\/types\/post"}],"author":[{"embeddable":true,"href":"https:\/\/informelitoral.com.ar\/%77%70%2d%6a%73%6f%6e\/wp\/v2\/users\/2"}],"replies":[{"embeddable":true,"href":"https:\/\/informelitoral.com.ar\/%77%70%2d%6a%73%6f%6e\/wp\/v2\/comments?post=213131"}],"version-history":[{"count":0,"href":"https:\/\/informelitoral.com.ar\/%77%70%2d%6a%73%6f%6e\/wp\/v2\/posts\/213131\/revisions"}],"wp:featuredmedia":[{"embeddable":true,"href":"https:\/\/informelitoral.com.ar\/%77%70%2d%6a%73%6f%6e\/wp\/v2\/media\/213133"}],"wp:attachment":[{"href":"https:\/\/informelitoral.com.ar\/%77%70%2d%6a%73%6f%6e\/wp\/v2\/media?parent=213131"}],"wp:term":[{"taxonomy":"category","embeddable":true,"href":"https:\/\/informelitoral.com.ar\/%77%70%2d%6a%73%6f%6e\/wp\/v2\/categories?post=213131"},{"taxonomy":"post_tag","embeddable":true,"href":"https:\/\/informelitoral.com.ar\/%77%70%2d%6a%73%6f%6e\/wp\/v2\/tags?post=213131"}],"curies":[{"name":"wp","href":"https:\/\/api.w.org\/{rel}","templated":true}]}}