{"id":213112,"date":"2025-02-26T10:34:11","date_gmt":"2025-02-26T13:34:11","guid":{"rendered":"https:\/\/informelitoral.com.ar\/?p=213112"},"modified":"2025-02-26T20:32:43","modified_gmt":"2025-02-26T23:32:43","slug":"argentina-volvera-a-exportar-ganado-vacuno-en-pie-para-faena","status":"publish","type":"post","link":"https:\/\/informelitoral.com.ar\/argentina-volvera-a-exportar-ganado-vacuno-en-pie-para-faena\/","title":{"rendered":"Argentina volver\u00e1 a exportar ganado vacuno en pie para faena"},"content":{"rendered":"<p>El Gobierno nacional, a trav\u00e9s del Decreto N\u00b0 133\/2025\u00a0que se public\u00f3 en el Bolet\u00edn Oficial, elimin\u00f3 este mi\u00e9rcoles\u00a0<strong>una prohibici\u00f3n que ten\u00eda m\u00e1s de medio siglo<\/strong>\u00a0y que pesaba sobre la\u00a0cadena de ganados y carnes.<\/p>\n<p>Se trata del\u00a0<strong>Decreto 322\/1973<\/strong>\u00a0que no permit\u00eda las\u00a0<strong>exportaciones de ganado vacuno en pie con destino a faena para consumo<\/strong>.<\/p>\n<p>Seg\u00fan inform\u00f3 la Secretar\u00eda de Agricultura, Ganader\u00eda y Pesca, esta medida hist\u00f3rica \u201ctiene el objetivo principal de promover y asegurar la vigencia efectiva, en todo el territorio nacional, de\u00a0<strong>un sistema econ\u00f3mico basado en decisiones libres, adoptadas en un \u00e1mbito de libre concurrencia<\/strong>, con respeto a la propiedad privada y a los principios constitucionales de libre circulaci\u00f3n de bienes, servicios y trabajo\u201d.<\/p>\n<p>Adem\u00e1s, la cartera que conduce Sergio Iraeta agreg\u00f3 que \u201ctambi\u00e9n busca promover\u00a0<strong>una mayor inserci\u00f3n de la Rep\u00fablica Argentina en el comercio mundial\u201d<\/strong>.<\/p>\n<h2><strong>Ganado en pie<\/strong><\/h2>\n<p>En esta l\u00ednea, consider\u00f3 tambi\u00e9n que \u201cla exportaci\u00f3n ganadera, adem\u00e1s de constituir una apreciable fuente de divisas,\u00a0<strong>promueve en nuestro pa\u00eds acciones en favor del mejoramiento zoot\u00e9cnico de las razas ganaderas<\/strong> y suma prestigio de la producci\u00f3n nacional\u201d.<\/p>\n<p>Y cerr\u00f3: \u201cDe esta manera,\u00a0<strong>se da de baja una reglamentaci\u00f3n definida hace medio siglo, en un contexto claramente diferente<\/strong>, permitiendo una mayor competencia dentro de la cadena de ganados y carnes y, por lo tanto, mayor libertad de mercado\u201d.<\/p>\n<p><span class=\"css-1jxf684 r-bcqeeo r-1ttztb7 r-qvutc0 r-poiln3\">Quien se hizo esto de esta decisi\u00f3n fue, como es tradicional en medidas as\u00ed,\u00a0<strong>el ministro de Desregulaci\u00f3n y Transformaci\u00f3n del Estado, Federico Sturzenegger<\/strong>.<\/span><\/p>\n<p>A trav\u00e9s de su cuenta en la red social X, afirm\u00f3 que el decreto\u00a0<strong>\u201c<\/strong><span class=\"css-1jxf684 r-bcqeeo r-1ttztb7 r-qvutc0 r-poiln3\"><strong>abre un sinf\u00edn de nuevos mercados para el sector ganadero<\/strong> de nuestro pa\u00eds\u201d.<\/span><\/p>\n<p>Y defendi\u00f3 la medida en que \u201cl<span class=\"css-1jxf684 r-bcqeeo r-1ttztb7 r-qvutc0 r-poiln3\">a exportaci\u00f3n de ganado en pie es u<strong>n mercado activo e importante en el mundo\u201d<\/strong>, citando adem\u00e1s que \u201cla mayor\u00eda de los pa\u00edses ganaderos lo permiten (92 pa\u00edses exportan ganado en pie)\u201d.<\/span><\/p>\n<h6><em><strong>Te puede interesar:\u00a0<a href=\"https:\/\/informelitoral.com.ar\/propuesta-para-recuperar-la-ganaderia-ovina-y-caprina-en-entre-rios\/\" target=\"_blank\" rel=\"noopener\">Propuesta para recuperar la ganader\u00eda ovina y caprina en Entre R\u00edos<\/a><\/strong><\/em><\/h6>\n<p>Sturzenegger ejemplific\u00f3 que e<span class=\"css-1jxf684 r-bcqeeo r-1ttztb7 r-qvutc0 r-poiln3\">l monstruo del mercado mundial es\u00a0<strong>Australia, con barcos que cargan 30.000 cabezas de donde abastece el mercado asi\u00e1tico.<\/strong>\u00a0Dijo tambi\u00e9n que ese pa\u00eds, junto a Francia y Canad\u00e1\u0301, exportan cada uno m\u00e1s de 1.000 millones de d\u00f3lares por a\u00f1o de ganado en pie.<\/span><\/p>\n<p>Y eso no solo sucede lejos: tambi\u00e9n en nuestra regi\u00f3n, el funcionario asegur\u00f3 que\u00a0<strong><span class=\"css-1jxf684 r-bcqeeo r-1ttztb7 r-qvutc0 r-poiln3\">Uruguay exporta 250.000 cabezas por a\u00f1o y Brasil 750.000.<\/span><\/strong><\/p>\n<p><span class=\"css-1jxf684 r-bcqeeo r-1ttztb7 r-qvutc0 r-poiln3\">\u201cEl ganado en pie, adem\u00e1s,\u00a0<strong>es importante porque es un producto buscado por sociedades que tienen m\u00e9todos particulares de faena (Turqu\u00eda, por ejemplo, no faena animales castrados)<\/strong>. Excluirnos gratuitamente de esos mercados es un sinsentido\u201d, prosigui\u00f3.<\/span><\/p>\n<p>En este marco, aprovech\u00f3 para cuestionar a quienes enfocan la cuesti\u00f3n de la\u00a0<strong>competitividad<\/strong>\u00a0solo en el valor del d\u00f3lar en relaci\u00f3n al peso argentino.<\/p>\n<p><span class=\"css-1jxf684 r-bcqeeo r-1ttztb7 r-qvutc0 r-poiln3\">\u201cEn las \u00faltimas semanas se estuvo discutiendo el tema del tipo de cambio, pero\u00a0<strong>pareciera omitirse del debate la extraordinaria la cantidad de restricciones que le hab\u00edamos autoimpuesto a nuestro comercio.<\/strong>\u00a0Adem\u00e1s de este ejemplo, en los \u00faltimos d\u00edas hemos debatido los casos de cueros, carb\u00f3n y chatarra, todos con prohibiciones o puntos de exportaci\u00f3n limitados que cercenan las posibilidades de exportaci\u00f3n. Ins\u00f3lito\u201d, cerr\u00f3.<\/span><\/p>\n<\/div>\n<\/div>\n","protected":false},"excerpt":{"rendered":"<p>Durante m\u00e1s de medio siglo, este tipo de operaciones estuvieron prohibidas. Adem\u00e1s de \u00abconstituir una apreciable fuente de divisas\u00bb, la Secretar\u00eda de Agricultura dijo que esto \u00abpromueve acciones en favor del mejoramiento zoot\u00e9cnico\u00bb.<\/p>\n","protected":false},"author":8,"featured_media":195327,"comment_status":"open","ping_status":"open","sticky":false,"template":"","format":"standard","meta":{"fifu_image_url":"","fifu_image_alt":"","footnotes":""},"categories":[10],"tags":[259,162,5596],"class_list":{"0":"post-213112","1":"post","2":"type-post","3":"status-publish","4":"format-standard","5":"has-post-thumbnail","7":"category-campo","8":"tag-exportacion","9":"tag-ganaderia","10":"tag-ganado-en-pie"},"yoast_head":"<title>Argentina volver\u00e1 a exportar ganado vacuno en pie para faena - Informe Litoral<\/title>\n<meta name=\"robots\" content=\"index, follow, max-snippet:-1, max-image-preview:large, max-video-preview:-1\" \/>\n<link rel=\"canonical\" href=\"https:\/\/informelitoral.com.ar\/argentina-volvera-a-exportar-ganado-vacuno-en-pie-para-faena\/\" \/>\n<meta property=\"og:locale\" content=\"es_ES\" \/>\n<meta property=\"og:type\" content=\"article\" \/>\n<meta property=\"og:title\" content=\"Argentina volver\u00e1 a exportar ganado vacuno en pie para faena - Informe Litoral\" \/>\n<meta property=\"og:description\" content=\"Durante m\u00e1s de medio siglo, este tipo de operaciones estuvieron prohibidas. Adem\u00e1s de &quot;constituir una apreciable fuente de divisas&quot;, la Secretar\u00eda de Agricultura dijo que esto &quot;promueve acciones en favor del mejoramiento zoot\u00e9cnico&quot;.\" \/>\n<meta property=\"og:url\" content=\"https:\/\/informelitoral.com.ar\/argentina-volvera-a-exportar-ganado-vacuno-en-pie-para-faena\/\" \/>\n<meta property=\"og:site_name\" content=\"Informe Litoral\" \/>\n<meta property=\"article:publisher\" content=\"https:\/\/www.facebook.com\/informelitoral\/\" \/>\n<meta property=\"article:published_time\" content=\"2025-02-26T13:34:11+00:00\" \/>\n<meta property=\"article:modified_time\" content=\"2025-02-26T23:32:43+00:00\" \/>\n<meta property=\"og:image\" content=\"https:\/\/informelitoral.com.ar\/%77%70%2d%63%6f%6e%74%65%6e%74\/uploads\/2024\/08\/VacasIII.jpg\" \/>\n\t<meta property=\"og:image:width\" content=\"924\" \/>\n\t<meta property=\"og:image:height\" content=\"456\" \/>\n\t<meta property=\"og:image:type\" content=\"image\/jpeg\" \/>\n<meta name=\"author\" content=\"Sebastian\" \/>\n<meta name=\"twitter:card\" content=\"summary_large_image\" \/>\n<meta name=\"twitter:creator\" content=\"@InformeLitoral\" \/>\n<meta name=\"twitter:site\" content=\"@InformeLitoral\" \/>\n<meta name=\"twitter:label1\" content=\"Escrito por\" \/>\n\t<meta name=\"twitter:data1\" content=\"Sebastian\" \/>\n\t<meta name=\"twitter:label2\" content=\"Tiempo de lectura\" \/>\n\t<meta name=\"twitter:data2\" content=\"3 minutos\" \/>\n<script type=\"application\/ld+json\" class=\"yoast-schema-graph\">{\"@context\":\"https:\\\/\\\/schema.org\",\"@graph\":[{\"@type\":\"Article\",\"@id\":\"https:\\\/\\\/informelitoral.com.ar\\\/argentina-volvera-a-exportar-ganado-vacuno-en-pie-para-faena\\\/#article\",\"isPartOf\":{\"@id\":\"https:\\\/\\\/informelitoral.com.ar\\\/argentina-volvera-a-exportar-ganado-vacuno-en-pie-para-faena\\\/\"},\"author\":{\"name\":\"Sebastian\",\"@id\":\"https:\\\/\\\/informelitoral.com.ar\\\/#\\\/schema\\\/person\\\/f05f9f461677119578717524b127d6d5\"},\"headline\":\"Argentina volver\u00e1 a exportar ganado vacuno en pie para faena\",\"datePublished\":\"2025-02-26T13:34:11+00:00\",\"dateModified\":\"2025-02-26T23:32:43+00:00\",\"mainEntityOfPage\":{\"@id\":\"https:\\\/\\\/informelitoral.com.ar\\\/argentina-volvera-a-exportar-ganado-vacuno-en-pie-para-faena\\\/\"},\"wordCount\":585,\"commentCount\":0,\"publisher\":{\"@id\":\"https:\\\/\\\/informelitoral.com.ar\\\/#organization\"},\"image\":{\"@id\":\"https:\\\/\\\/informelitoral.com.ar\\\/argentina-volvera-a-exportar-ganado-vacuno-en-pie-para-faena\\\/#primaryimage\"},\"thumbnailUrl\":\"https:\\\/\\\/informelitoral.com.ar\\\/%77%70%2d%63%6f%6e%74%65%6e%74\\\/uploads\\\/2024\\\/08\\\/VacasIII.jpg\",\"keywords\":[\"Exportaci\u00f3n\",\"Ganader\u00eda\",\"Ganado en Pie\"],\"articleSection\":[\"Campo\"],\"inLanguage\":\"es\",\"potentialAction\":[{\"@type\":\"CommentAction\",\"name\":\"Comment\",\"target\":[\"https:\\\/\\\/informelitoral.com.ar\\\/argentina-volvera-a-exportar-ganado-vacuno-en-pie-para-faena\\\/#respond\"]}]},{\"@type\":\"WebPage\",\"@id\":\"https:\\\/\\\/informelitoral.com.ar\\\/argentina-volvera-a-exportar-ganado-vacuno-en-pie-para-faena\\\/\",\"url\":\"https:\\\/\\\/informelitoral.com.ar\\\/argentina-volvera-a-exportar-ganado-vacuno-en-pie-para-faena\\\/\",\"name\":\"Argentina volver\u00e1 a exportar ganado vacuno en pie para faena - Informe Litoral\",\"isPartOf\":{\"@id\":\"https:\\\/\\\/informelitoral.com.ar\\\/#website\"},\"primaryImageOfPage\":{\"@id\":\"https:\\\/\\\/informelitoral.com.ar\\\/argentina-volvera-a-exportar-ganado-vacuno-en-pie-para-faena\\\/#primaryimage\"},\"image\":{\"@id\":\"https:\\\/\\\/informelitoral.com.ar\\\/argentina-volvera-a-exportar-ganado-vacuno-en-pie-para-faena\\\/#primaryimage\"},\"thumbnailUrl\":\"https:\\\/\\\/informelitoral.com.ar\\\/%77%70%2d%63%6f%6e%74%65%6e%74\\\/uploads\\\/2024\\\/08\\\/VacasIII.jpg\",\"datePublished\":\"2025-02-26T13:34:11+00:00\",\"dateModified\":\"2025-02-26T23:32:43+00:00\",\"breadcrumb\":{\"@id\":\"https:\\\/\\\/informelitoral.com.ar\\\/argentina-volvera-a-exportar-ganado-vacuno-en-pie-para-faena\\\/#breadcrumb\"},\"inLanguage\":\"es\",\"potentialAction\":[{\"@type\":\"ReadAction\",\"target\":[\"https:\\\/\\\/informelitoral.com.ar\\\/argentina-volvera-a-exportar-ganado-vacuno-en-pie-para-faena\\\/\"]}]},{\"@type\":\"ImageObject\",\"inLanguage\":\"es\",\"@id\":\"https:\\\/\\\/informelitoral.com.ar\\\/argentina-volvera-a-exportar-ganado-vacuno-en-pie-para-faena\\\/#primaryimage\",\"url\":\"https:\\\/\\\/informelitoral.com.ar\\\/%77%70%2d%63%6f%6e%74%65%6e%74\\\/uploads\\\/2024\\\/08\\\/VacasIII.jpg\",\"contentUrl\":\"https:\\\/\\\/informelitoral.com.ar\\\/%77%70%2d%63%6f%6e%74%65%6e%74\\\/uploads\\\/2024\\\/08\\\/VacasIII.jpg\",\"width\":924,\"height\":456},{\"@type\":\"BreadcrumbList\",\"@id\":\"https:\\\/\\\/informelitoral.com.ar\\\/argentina-volvera-a-exportar-ganado-vacuno-en-pie-para-faena\\\/#breadcrumb\",\"itemListElement\":[{\"@type\":\"ListItem\",\"position\":1,\"name\":\"Portada\",\"item\":\"https:\\\/\\\/informelitoral.com.ar\\\/\"},{\"@type\":\"ListItem\",\"position\":2,\"name\":\"Argentina volver\u00e1 a exportar ganado vacuno en pie para faena\"}]},{\"@type\":\"WebSite\",\"@id\":\"https:\\\/\\\/informelitoral.com.ar\\\/#website\",\"url\":\"https:\\\/\\\/informelitoral.com.ar\\\/\",\"name\":\"Informe Litoral\",\"description\":\"&quot;Nos informamos&quot; \",\"publisher\":{\"@id\":\"https:\\\/\\\/informelitoral.com.ar\\\/#organization\"},\"potentialAction\":[{\"@type\":\"SearchAction\",\"target\":{\"@type\":\"EntryPoint\",\"urlTemplate\":\"https:\\\/\\\/informelitoral.com.ar\\\/?s={search_term_string}\"},\"query-input\":{\"@type\":\"PropertyValueSpecification\",\"valueRequired\":true,\"valueName\":\"search_term_string\"}}],\"inLanguage\":\"es\"},{\"@type\":\"Organization\",\"@id\":\"https:\\\/\\\/informelitoral.com.ar\\\/#organization\",\"name\":\"Informe Litoral\",\"url\":\"https:\\\/\\\/informelitoral.com.ar\\\/\",\"logo\":{\"@type\":\"ImageObject\",\"inLanguage\":\"es\",\"@id\":\"https:\\\/\\\/informelitoral.com.ar\\\/#\\\/schema\\\/logo\\\/image\\\/\",\"url\":\"https:\\\/\\\/informelitoral.com.ar\\\/%77%70%2d%63%6f%6e%74%65%6e%74\\\/uploads\\\/2021\\\/01\\\/circulo.png\",\"contentUrl\":\"https:\\\/\\\/informelitoral.com.ar\\\/%77%70%2d%63%6f%6e%74%65%6e%74\\\/uploads\\\/2021\\\/01\\\/circulo.png\",\"width\":723,\"height\":731,\"caption\":\"Informe Litoral\"},\"image\":{\"@id\":\"https:\\\/\\\/informelitoral.com.ar\\\/#\\\/schema\\\/logo\\\/image\\\/\"},\"sameAs\":[\"https:\\\/\\\/www.facebook.com\\\/informelitoral\\\/\",\"https:\\\/\\\/x.com\\\/InformeLitoral\",\"https:\\\/\\\/www.instagram.com\\\/informelitoral\\\/\",\"https:\\\/\\\/www.youtube.com\\\/channel\\\/UCua4Qvz8Icb6MYqhoq9xLXw\"]},{\"@type\":\"Person\",\"@id\":\"https:\\\/\\\/informelitoral.com.ar\\\/#\\\/schema\\\/person\\\/f05f9f461677119578717524b127d6d5\",\"name\":\"Sebastian\",\"image\":{\"@type\":\"ImageObject\",\"inLanguage\":\"es\",\"@id\":\"https:\\\/\\\/secure.gravatar.com\\\/avatar\\\/b71bf7481d447dfb9583c7f2798e7cc64de6efb9067b74633ed8c31059a3bd82?s=96&d=mm&r=g\",\"url\":\"https:\\\/\\\/secure.gravatar.com\\\/avatar\\\/b71bf7481d447dfb9583c7f2798e7cc64de6efb9067b74633ed8c31059a3bd82?s=96&d=mm&r=g\",\"contentUrl\":\"https:\\\/\\\/secure.gravatar.com\\\/avatar\\\/b71bf7481d447dfb9583c7f2798e7cc64de6efb9067b74633ed8c31059a3bd82?s=96&d=mm&r=g\",\"caption\":\"Sebastian\"},\"url\":\"https:\\\/\\\/informelitoral.com.ar\\\/author\\\/sebastian\\\/\"}]}<\/script>","yoast_head_json":{"title":"Argentina volver\u00e1 a exportar ganado vacuno en pie para faena - Informe Litoral","robots":{"index":"index","follow":"follow","max-snippet":"max-snippet:-1","max-image-preview":"max-image-preview:large","max-video-preview":"max-video-preview:-1"},"canonical":"https:\/\/informelitoral.com.ar\/argentina-volvera-a-exportar-ganado-vacuno-en-pie-para-faena\/","og_locale":"es_ES","og_type":"article","og_title":"Argentina volver\u00e1 a exportar ganado vacuno en pie para faena - Informe Litoral","og_description":"Durante m\u00e1s de medio siglo, este tipo de operaciones estuvieron prohibidas. Adem\u00e1s de \"constituir una apreciable fuente de divisas\", la Secretar\u00eda de Agricultura dijo que esto \"promueve acciones en favor del mejoramiento zoot\u00e9cnico\".","og_url":"https:\/\/informelitoral.com.ar\/argentina-volvera-a-exportar-ganado-vacuno-en-pie-para-faena\/","og_site_name":"Informe Litoral","article_publisher":"https:\/\/www.facebook.com\/informelitoral\/","article_published_time":"2025-02-26T13:34:11+00:00","article_modified_time":"2025-02-26T23:32:43+00:00","og_image":[{"width":924,"height":456,"url":"https:\/\/informelitoral.com.ar\/%77%70%2d%63%6f%6e%74%65%6e%74\/uploads\/2024\/08\/VacasIII.jpg","type":"image\/jpeg"}],"author":"Sebastian","twitter_card":"summary_large_image","twitter_creator":"@InformeLitoral","twitter_site":"@InformeLitoral","twitter_misc":{"Escrito por":"Sebastian","Tiempo de lectura":"3 minutos"},"schema":{"@context":"https:\/\/schema.org","@graph":[{"@type":"Article","@id":"https:\/\/informelitoral.com.ar\/argentina-volvera-a-exportar-ganado-vacuno-en-pie-para-faena\/#article","isPartOf":{"@id":"https:\/\/informelitoral.com.ar\/argentina-volvera-a-exportar-ganado-vacuno-en-pie-para-faena\/"},"author":{"name":"Sebastian","@id":"https:\/\/informelitoral.com.ar\/#\/schema\/person\/f05f9f461677119578717524b127d6d5"},"headline":"Argentina volver\u00e1 a exportar ganado vacuno en pie para faena","datePublished":"2025-02-26T13:34:11+00:00","dateModified":"2025-02-26T23:32:43+00:00","mainEntityOfPage":{"@id":"https:\/\/informelitoral.com.ar\/argentina-volvera-a-exportar-ganado-vacuno-en-pie-para-faena\/"},"wordCount":585,"commentCount":0,"publisher":{"@id":"https:\/\/informelitoral.com.ar\/#organization"},"image":{"@id":"https:\/\/informelitoral.com.ar\/argentina-volvera-a-exportar-ganado-vacuno-en-pie-para-faena\/#primaryimage"},"thumbnailUrl":"https:\/\/informelitoral.com.ar\/%77%70%2d%63%6f%6e%74%65%6e%74\/uploads\/2024\/08\/VacasIII.jpg","keywords":["Exportaci\u00f3n","Ganader\u00eda","Ganado en Pie"],"articleSection":["Campo"],"inLanguage":"es","potentialAction":[{"@type":"CommentAction","name":"Comment","target":["https:\/\/informelitoral.com.ar\/argentina-volvera-a-exportar-ganado-vacuno-en-pie-para-faena\/#respond"]}]},{"@type":"WebPage","@id":"https:\/\/informelitoral.com.ar\/argentina-volvera-a-exportar-ganado-vacuno-en-pie-para-faena\/","url":"https:\/\/informelitoral.com.ar\/argentina-volvera-a-exportar-ganado-vacuno-en-pie-para-faena\/","name":"Argentina volver\u00e1 a exportar ganado vacuno en pie para faena - Informe Litoral","isPartOf":{"@id":"https:\/\/informelitoral.com.ar\/#website"},"primaryImageOfPage":{"@id":"https:\/\/informelitoral.com.ar\/argentina-volvera-a-exportar-ganado-vacuno-en-pie-para-faena\/#primaryimage"},"image":{"@id":"https:\/\/informelitoral.com.ar\/argentina-volvera-a-exportar-ganado-vacuno-en-pie-para-faena\/#primaryimage"},"thumbnailUrl":"https:\/\/informelitoral.com.ar\/%77%70%2d%63%6f%6e%74%65%6e%74\/uploads\/2024\/08\/VacasIII.jpg","datePublished":"2025-02-26T13:34:11+00:00","dateModified":"2025-02-26T23:32:43+00:00","breadcrumb":{"@id":"https:\/\/informelitoral.com.ar\/argentina-volvera-a-exportar-ganado-vacuno-en-pie-para-faena\/#breadcrumb"},"inLanguage":"es","potentialAction":[{"@type":"ReadAction","target":["https:\/\/informelitoral.com.ar\/argentina-volvera-a-exportar-ganado-vacuno-en-pie-para-faena\/"]}]},{"@type":"ImageObject","inLanguage":"es","@id":"https:\/\/informelitoral.com.ar\/argentina-volvera-a-exportar-ganado-vacuno-en-pie-para-faena\/#primaryimage","url":"https:\/\/informelitoral.com.ar\/%77%70%2d%63%6f%6e%74%65%6e%74\/uploads\/2024\/08\/VacasIII.jpg","contentUrl":"https:\/\/informelitoral.com.ar\/%77%70%2d%63%6f%6e%74%65%6e%74\/uploads\/2024\/08\/VacasIII.jpg","width":924,"height":456},{"@type":"BreadcrumbList","@id":"https:\/\/informelitoral.com.ar\/argentina-volvera-a-exportar-ganado-vacuno-en-pie-para-faena\/#breadcrumb","itemListElement":[{"@type":"ListItem","position":1,"name":"Portada","item":"https:\/\/informelitoral.com.ar\/"},{"@type":"ListItem","position":2,"name":"Argentina volver\u00e1 a exportar ganado vacuno en pie para faena"}]},{"@type":"WebSite","@id":"https:\/\/informelitoral.com.ar\/#website","url":"https:\/\/informelitoral.com.ar\/","name":"Informe Litoral","description":"&quot;Nos informamos&quot; ","publisher":{"@id":"https:\/\/informelitoral.com.ar\/#organization"},"potentialAction":[{"@type":"SearchAction","target":{"@type":"EntryPoint","urlTemplate":"https:\/\/informelitoral.com.ar\/?s={search_term_string}"},"query-input":{"@type":"PropertyValueSpecification","valueRequired":true,"valueName":"search_term_string"}}],"inLanguage":"es"},{"@type":"Organization","@id":"https:\/\/informelitoral.com.ar\/#organization","name":"Informe Litoral","url":"https:\/\/informelitoral.com.ar\/","logo":{"@type":"ImageObject","inLanguage":"es","@id":"https:\/\/informelitoral.com.ar\/#\/schema\/logo\/image\/","url":"https:\/\/informelitoral.com.ar\/%77%70%2d%63%6f%6e%74%65%6e%74\/uploads\/2021\/01\/circulo.png","contentUrl":"https:\/\/informelitoral.com.ar\/%77%70%2d%63%6f%6e%74%65%6e%74\/uploads\/2021\/01\/circulo.png","width":723,"height":731,"caption":"Informe Litoral"},"image":{"@id":"https:\/\/informelitoral.com.ar\/#\/schema\/logo\/image\/"},"sameAs":["https:\/\/www.facebook.com\/informelitoral\/","https:\/\/x.com\/InformeLitoral","https:\/\/www.instagram.com\/informelitoral\/","https:\/\/www.youtube.com\/channel\/UCua4Qvz8Icb6MYqhoq9xLXw"]},{"@type":"Person","@id":"https:\/\/informelitoral.com.ar\/#\/schema\/person\/f05f9f461677119578717524b127d6d5","name":"Sebastian","image":{"@type":"ImageObject","inLanguage":"es","@id":"https:\/\/secure.gravatar.com\/avatar\/b71bf7481d447dfb9583c7f2798e7cc64de6efb9067b74633ed8c31059a3bd82?s=96&d=mm&r=g","url":"https:\/\/secure.gravatar.com\/avatar\/b71bf7481d447dfb9583c7f2798e7cc64de6efb9067b74633ed8c31059a3bd82?s=96&d=mm&r=g","contentUrl":"https:\/\/secure.gravatar.com\/avatar\/b71bf7481d447dfb9583c7f2798e7cc64de6efb9067b74633ed8c31059a3bd82?s=96&d=mm&r=g","caption":"Sebastian"},"url":"https:\/\/informelitoral.com.ar\/author\/sebastian\/"}]}},"_links":{"self":[{"href":"https:\/\/informelitoral.com.ar\/%77%70%2d%6a%73%6f%6e\/wp\/v2\/posts\/213112","targetHints":{"allow":["GET"]}}],"collection":[{"href":"https:\/\/informelitoral.com.ar\/%77%70%2d%6a%73%6f%6e\/wp\/v2\/posts"}],"about":[{"href":"https:\/\/informelitoral.com.ar\/%77%70%2d%6a%73%6f%6e\/wp\/v2\/types\/post"}],"author":[{"embeddable":true,"href":"https:\/\/informelitoral.com.ar\/%77%70%2d%6a%73%6f%6e\/wp\/v2\/users\/8"}],"replies":[{"embeddable":true,"href":"https:\/\/informelitoral.com.ar\/%77%70%2d%6a%73%6f%6e\/wp\/v2\/comments?post=213112"}],"version-history":[{"count":0,"href":"https:\/\/informelitoral.com.ar\/%77%70%2d%6a%73%6f%6e\/wp\/v2\/posts\/213112\/revisions"}],"wp:featuredmedia":[{"embeddable":true,"href":"https:\/\/informelitoral.com.ar\/%77%70%2d%6a%73%6f%6e\/wp\/v2\/media\/195327"}],"wp:attachment":[{"href":"https:\/\/informelitoral.com.ar\/%77%70%2d%6a%73%6f%6e\/wp\/v2\/media?parent=213112"}],"wp:term":[{"taxonomy":"category","embeddable":true,"href":"https:\/\/informelitoral.com.ar\/%77%70%2d%6a%73%6f%6e\/wp\/v2\/categories?post=213112"},{"taxonomy":"post_tag","embeddable":true,"href":"https:\/\/informelitoral.com.ar\/%77%70%2d%6a%73%6f%6e\/wp\/v2\/tags?post=213112"}],"curies":[{"name":"wp","href":"https:\/\/api.w.org\/{rel}","templated":true}]}}