{"id":213099,"date":"2025-02-26T09:32:01","date_gmt":"2025-02-26T12:32:01","guid":{"rendered":"https:\/\/informelitoral.com.ar\/?p=213099"},"modified":"2025-02-26T09:35:00","modified_gmt":"2025-02-26T12:35:00","slug":"copa-libertadores-boca-se-perdio-de-ganar-los-3-6-millones-de-dolares","status":"publish","type":"post","link":"https:\/\/informelitoral.com.ar\/copa-libertadores-boca-se-perdio-de-ganar-los-3-6-millones-de-dolares\/","title":{"rendered":"Copa Libertadores: Boca se perdi\u00f3 de ganar los 3.6 millones de d\u00f3lares"},"content":{"rendered":"<p class=\"paragraph font__body-regular\"><b>La eliminaci\u00f3n de Boca en la Copa Libertadores<\/b>\u00a0no s\u00f3lo fue un duro golpe a nivel deportivo, sino que tambi\u00e9n lo fue en la cuesti\u00f3n econ\u00f3mica. Es que\u00a0<b>el Xeneize se perdi\u00f3 de ganar los 3.6 millones de d\u00f3lares<\/b><b>,<\/b>\u00a0que iba a obtener en caso de clasificar a la fase de grupos.<\/p>\n<div class=\"AV6543bedcd858799fe90b5c47\">\n<div id=\"aniBox\">\n<div id=\"aniplayer_AV6543bedcd858799fe90b5c47-1740573006960\">\n<div id=\"aniplayer_AV6543bedcd858799fe90b5c47-1740573006960gui\">\n<div id=\"av-caption\">\n<div id=\"av-close-btn-overlay\" class=\"av-pos-top-left\"><\/div>\n<\/div>\n<\/div>\n<\/div>\n<\/div>\n<\/div>\n<p class=\"paragraph font__body-regular\"><img decoding=\"async\" src=\"https:\/\/tn.com.ar\/resizer\/v2\/el-boca-de-fernando-gago-quedo-afuera-de-la-copa-libertadores-en-el-repechaje-foto-ap-33C3OKDEBFD6RJJJSYD3XHPT2A.jpg?auth=e95bc8deaf52d12ec012eecc574be81056c719140116991a0004864781d56a82&amp;width=767\" alt=\"El Boca de Fernando Gago qued\u00f3 afuera de la Copa Libertadores en el repechaje. (Foto: AP)\" \/><\/p>\n<p class=\"paragraph font__body-regular\">Pero eso no es todo: la Libertadores reparte m\u00e1s de 30 millones en premios, algo que le hubiese venido muy bien el conjunto Xeneize despu\u00e9s de\u00a0<b>un mercado de pases muy completo, en el que gast\u00f3 por un valor de 25 millones de d\u00f3lares.<\/b><\/p>\n<p class=\"paragraph font__body-regular\">A pesar de que Boca\u00a0<b>se asegur\u00f3 un monto de 500 mil d\u00f3lares<\/b>, que fueron otorgados por Conmebol a los participantes de la Fase 2 del torneo, la recaudaci\u00f3n resulta muy magra ante proyecci\u00f3n de lo que podr\u00eda haber percibido con una campa\u00f1a acorde a su historia.<\/p>\n<p class=\"paragraph font__body-regular\">Para peor, cada equipo participante de la fase de grupos se asegura<b>\u00a0un mill\u00f3n de d\u00f3lares por partido jugado<\/b>, por lo que cada uno de los 32 clubes que disputan esa instancia, consiguen,\u00a0<b>de m\u00ednima, 6 millones de d\u00f3lares, sin contar el plus por partido ganado.<\/b><\/p>\n<p class=\"paragraph font__body-regular\">El torneo tiene tambi\u00e9n pautadas las cifras para los duelos mano a mano: USD 1.250.00 en\u00a0<b>octavos de final<\/b>, USD 1.700.000 en\u00a0<b>cuartos de final<\/b>, USD 2.300.000 en\u00a0<b>semifinales<\/b>, 7 millones al\u00a0<b>subcampe\u00f3n\u00a0<\/b>y 23\u00a0<b>millones\u00a0<\/b>al campe\u00f3n.<\/p>\n<p class=\"paragraph font__body-regular\">Por ejemplo, el campe\u00f3n de la versi\u00f3n 2024 fue\u00a0<b>Botafogo de Brasil<\/b>, que tambi\u00e9n hab\u00eda iniciado su camino en la Fase II y termin\u00f3 cosechando\u00a0<b>m\u00e1s de 30 millones de d\u00f3lares<\/b> luego de ganar el t\u00edtulo.<\/p>\n<h2 class=\"font--primary font__display\"><strong>Cu\u00e1nto gast\u00f3 Boca en el mercado de pases<\/strong><\/h2>\n<p class=\"paragraph font__body-regular\">Durante el verano,\u00a0<b>Boca hizo uno de los mercados m\u00e1s interesantes de los \u00faltimos tiempos y<\/b>\u00a0gast\u00f3 por una\u00a0<b>suma aproximada a los 25 millones de d\u00f3lares.<\/b><\/p>\n<p class=\"paragraph font__body-regular\">La mayor\u00eda de las transferencias estuvo solventada por el dinero que entr\u00f3 por los pases de\u00a0<b>Cristian Medina<\/b>, que fue comprado por el grupo econ\u00f3mico de Foster Gillet, y de\u00a0<b>Aaron Anselmino<\/b>, que fue vendido al Chelsea.<\/p>\n<p class=\"paragraph font__body-regular\">Por el mediocampista, Boca percibi\u00f3 unos 15 millones de d\u00f3lares, ya qu se pag\u00f3 su cl\u00e1usula de rescici\u00f3n, mientras que por el defensor, el Xeneize se qued\u00f3 con una suma de 18 millones de d\u00f3lares.<\/p>\n<h2 class=\"font--primary font__display\"><strong>Cu\u00e1nto cost\u00f3 cada refuerzo de Boca<\/strong><\/h2>\n<p class=\"paragraph font__body-regular\"><b>Agustin Marchesin<\/b>: 1.5 millones de d\u00f3lares<\/p>\n<p class=\"paragraph font__body-regular\"><b>Ander Herrera<\/b>: lleg\u00f3 con el pase en su poder a costo cero.<\/p>\n<p class=\"paragraph font__body-regular\"><b>Carlos Palacios<\/b>: Boca desembols\u00f3 4 millones de d\u00f3lares por el 100 por ciento de la ficha.<\/p>\n<p class=\"paragraph font__body-regular\"><b>Alan Velasco:<\/b>\u00a0Boca gast\u00f3 10.000.000 d\u00f3lares por el 85% de la ficha. Se trata de la segunda compra m\u00e1s cara de la historia del club, detr\u00e1s de la de Rom\u00e1n Riquelme al Villarreal, que cost\u00f3 12 millones.<\/p>\n<p class=\"paragraph font__body-regular\"><b>Ayton Costa:<\/b>\u00a0pag\u00f3 por su ficha 3.500.000 d\u00f3lares a Royal Antwerp de B\u00e9lgica<\/p>\n<p class=\"paragraph font__body-regular\"><b>Williams Alarc\u00f3n:<\/b>\u00a0Boca se qued\u00f3 con los servicios del chileno por 4.800.000 d\u00f3lares.<\/p>\n<p class=\"paragraph font__body-regular\"><b>Rodrigo Battaglia:\u00a0<\/b>Lleg\u00f3 desde Atl\u00e9tico Mineiro por un costo de 1.600.000.<\/p>\n","protected":false},"excerpt":{"rendered":"<p>El Xeneize, que cay\u00f3 por penales ante Alianza Lima en la Fase 2 del torneo, no cobrar\u00e1 un importante premio.<\/p>\n","protected":false},"author":8,"featured_media":213101,"comment_status":"open","ping_status":"open","sticky":false,"template":"","format":"standard","meta":{"fifu_image_url":"","fifu_image_alt":"","footnotes":""},"categories":[13],"tags":[384,400],"class_list":{"0":"post-213099","1":"post","2":"type-post","3":"status-publish","4":"format-standard","5":"has-post-thumbnail","7":"category-deportes","8":"tag-boca-juniors","9":"tag-copa-libertadores"},"yoast_head":"<title>Copa Libertadores: Boca se perdi\u00f3 de ganar los 3.6 millones de d\u00f3lares - Informe Litoral<\/title>\n<meta name=\"robots\" content=\"index, follow, max-snippet:-1, max-image-preview:large, max-video-preview:-1\" \/>\n<link rel=\"canonical\" href=\"https:\/\/informelitoral.com.ar\/copa-libertadores-boca-se-perdio-de-ganar-los-3-6-millones-de-dolares\/\" \/>\n<meta property=\"og:locale\" content=\"es_ES\" \/>\n<meta property=\"og:type\" content=\"article\" \/>\n<meta property=\"og:title\" content=\"Copa Libertadores: Boca se perdi\u00f3 de ganar los 3.6 millones de d\u00f3lares - Informe Litoral\" \/>\n<meta property=\"og:description\" content=\"El Xeneize, que cay\u00f3 por penales ante Alianza Lima en la Fase 2 del torneo, no cobrar\u00e1 un importante premio.\" \/>\n<meta property=\"og:url\" content=\"https:\/\/informelitoral.com.ar\/copa-libertadores-boca-se-perdio-de-ganar-los-3-6-millones-de-dolares\/\" \/>\n<meta property=\"og:site_name\" content=\"Informe Litoral\" \/>\n<meta property=\"article:publisher\" content=\"https:\/\/www.facebook.com\/informelitoral\/\" \/>\n<meta property=\"article:published_time\" content=\"2025-02-26T12:32:01+00:00\" \/>\n<meta property=\"article:modified_time\" content=\"2025-02-26T12:35:00+00:00\" \/>\n<meta property=\"og:image\" content=\"https:\/\/informelitoral.com.ar\/%77%70%2d%63%6f%6e%74%65%6e%74\/uploads\/2025\/02\/donofriojpg.webp\" \/>\n\t<meta property=\"og:image:width\" content=\"770\" \/>\n\t<meta property=\"og:image:height\" content=\"433\" \/>\n\t<meta property=\"og:image:type\" content=\"image\/webp\" \/>\n<meta name=\"author\" content=\"Sebastian\" \/>\n<meta name=\"twitter:card\" content=\"summary_large_image\" \/>\n<meta name=\"twitter:creator\" content=\"@InformeLitoral\" \/>\n<meta name=\"twitter:site\" content=\"@InformeLitoral\" \/>\n<meta name=\"twitter:label1\" content=\"Escrito por\" \/>\n\t<meta name=\"twitter:data1\" content=\"Sebastian\" \/>\n\t<meta name=\"twitter:label2\" content=\"Tiempo de lectura\" \/>\n\t<meta name=\"twitter:data2\" content=\"3 minutos\" \/>\n<script type=\"application\/ld+json\" class=\"yoast-schema-graph\">{\"@context\":\"https:\\\/\\\/schema.org\",\"@graph\":[{\"@type\":\"Article\",\"@id\":\"https:\\\/\\\/informelitoral.com.ar\\\/copa-libertadores-boca-se-perdio-de-ganar-los-3-6-millones-de-dolares\\\/#article\",\"isPartOf\":{\"@id\":\"https:\\\/\\\/informelitoral.com.ar\\\/copa-libertadores-boca-se-perdio-de-ganar-los-3-6-millones-de-dolares\\\/\"},\"author\":{\"name\":\"Sebastian\",\"@id\":\"https:\\\/\\\/informelitoral.com.ar\\\/#\\\/schema\\\/person\\\/f05f9f461677119578717524b127d6d5\"},\"headline\":\"Copa Libertadores: Boca se perdi\u00f3 de ganar los 3.6 millones de d\u00f3lares\",\"datePublished\":\"2025-02-26T12:32:01+00:00\",\"dateModified\":\"2025-02-26T12:35:00+00:00\",\"mainEntityOfPage\":{\"@id\":\"https:\\\/\\\/informelitoral.com.ar\\\/copa-libertadores-boca-se-perdio-de-ganar-los-3-6-millones-de-dolares\\\/\"},\"wordCount\":519,\"commentCount\":0,\"publisher\":{\"@id\":\"https:\\\/\\\/informelitoral.com.ar\\\/#organization\"},\"image\":{\"@id\":\"https:\\\/\\\/informelitoral.com.ar\\\/copa-libertadores-boca-se-perdio-de-ganar-los-3-6-millones-de-dolares\\\/#primaryimage\"},\"thumbnailUrl\":\"https:\\\/\\\/informelitoral.com.ar\\\/%77%70%2d%63%6f%6e%74%65%6e%74\\\/uploads\\\/2025\\\/02\\\/donofriojpg.webp\",\"keywords\":[\"Boca Juniors\",\"Copa Libertadores\"],\"articleSection\":[\"Deportes\"],\"inLanguage\":\"es\",\"potentialAction\":[{\"@type\":\"CommentAction\",\"name\":\"Comment\",\"target\":[\"https:\\\/\\\/informelitoral.com.ar\\\/copa-libertadores-boca-se-perdio-de-ganar-los-3-6-millones-de-dolares\\\/#respond\"]}]},{\"@type\":\"WebPage\",\"@id\":\"https:\\\/\\\/informelitoral.com.ar\\\/copa-libertadores-boca-se-perdio-de-ganar-los-3-6-millones-de-dolares\\\/\",\"url\":\"https:\\\/\\\/informelitoral.com.ar\\\/copa-libertadores-boca-se-perdio-de-ganar-los-3-6-millones-de-dolares\\\/\",\"name\":\"Copa Libertadores: Boca se perdi\u00f3 de ganar los 3.6 millones de d\u00f3lares - Informe Litoral\",\"isPartOf\":{\"@id\":\"https:\\\/\\\/informelitoral.com.ar\\\/#website\"},\"primaryImageOfPage\":{\"@id\":\"https:\\\/\\\/informelitoral.com.ar\\\/copa-libertadores-boca-se-perdio-de-ganar-los-3-6-millones-de-dolares\\\/#primaryimage\"},\"image\":{\"@id\":\"https:\\\/\\\/informelitoral.com.ar\\\/copa-libertadores-boca-se-perdio-de-ganar-los-3-6-millones-de-dolares\\\/#primaryimage\"},\"thumbnailUrl\":\"https:\\\/\\\/informelitoral.com.ar\\\/%77%70%2d%63%6f%6e%74%65%6e%74\\\/uploads\\\/2025\\\/02\\\/donofriojpg.webp\",\"datePublished\":\"2025-02-26T12:32:01+00:00\",\"dateModified\":\"2025-02-26T12:35:00+00:00\",\"breadcrumb\":{\"@id\":\"https:\\\/\\\/informelitoral.com.ar\\\/copa-libertadores-boca-se-perdio-de-ganar-los-3-6-millones-de-dolares\\\/#breadcrumb\"},\"inLanguage\":\"es\",\"potentialAction\":[{\"@type\":\"ReadAction\",\"target\":[\"https:\\\/\\\/informelitoral.com.ar\\\/copa-libertadores-boca-se-perdio-de-ganar-los-3-6-millones-de-dolares\\\/\"]}]},{\"@type\":\"ImageObject\",\"inLanguage\":\"es\",\"@id\":\"https:\\\/\\\/informelitoral.com.ar\\\/copa-libertadores-boca-se-perdio-de-ganar-los-3-6-millones-de-dolares\\\/#primaryimage\",\"url\":\"https:\\\/\\\/informelitoral.com.ar\\\/%77%70%2d%63%6f%6e%74%65%6e%74\\\/uploads\\\/2025\\\/02\\\/donofriojpg.webp\",\"contentUrl\":\"https:\\\/\\\/informelitoral.com.ar\\\/%77%70%2d%63%6f%6e%74%65%6e%74\\\/uploads\\\/2025\\\/02\\\/donofriojpg.webp\",\"width\":770,\"height\":433},{\"@type\":\"BreadcrumbList\",\"@id\":\"https:\\\/\\\/informelitoral.com.ar\\\/copa-libertadores-boca-se-perdio-de-ganar-los-3-6-millones-de-dolares\\\/#breadcrumb\",\"itemListElement\":[{\"@type\":\"ListItem\",\"position\":1,\"name\":\"Portada\",\"item\":\"https:\\\/\\\/informelitoral.com.ar\\\/\"},{\"@type\":\"ListItem\",\"position\":2,\"name\":\"Copa Libertadores: Boca se perdi\u00f3 de ganar los 3.6 millones de d\u00f3lares\"}]},{\"@type\":\"WebSite\",\"@id\":\"https:\\\/\\\/informelitoral.com.ar\\\/#website\",\"url\":\"https:\\\/\\\/informelitoral.com.ar\\\/\",\"name\":\"Informe Litoral\",\"description\":\"&quot;Nos informamos&quot; \",\"publisher\":{\"@id\":\"https:\\\/\\\/informelitoral.com.ar\\\/#organization\"},\"potentialAction\":[{\"@type\":\"SearchAction\",\"target\":{\"@type\":\"EntryPoint\",\"urlTemplate\":\"https:\\\/\\\/informelitoral.com.ar\\\/?s={search_term_string}\"},\"query-input\":{\"@type\":\"PropertyValueSpecification\",\"valueRequired\":true,\"valueName\":\"search_term_string\"}}],\"inLanguage\":\"es\"},{\"@type\":\"Organization\",\"@id\":\"https:\\\/\\\/informelitoral.com.ar\\\/#organization\",\"name\":\"Informe Litoral\",\"url\":\"https:\\\/\\\/informelitoral.com.ar\\\/\",\"logo\":{\"@type\":\"ImageObject\",\"inLanguage\":\"es\",\"@id\":\"https:\\\/\\\/informelitoral.com.ar\\\/#\\\/schema\\\/logo\\\/image\\\/\",\"url\":\"https:\\\/\\\/informelitoral.com.ar\\\/%77%70%2d%63%6f%6e%74%65%6e%74\\\/uploads\\\/2021\\\/01\\\/circulo.png\",\"contentUrl\":\"https:\\\/\\\/informelitoral.com.ar\\\/%77%70%2d%63%6f%6e%74%65%6e%74\\\/uploads\\\/2021\\\/01\\\/circulo.png\",\"width\":723,\"height\":731,\"caption\":\"Informe Litoral\"},\"image\":{\"@id\":\"https:\\\/\\\/informelitoral.com.ar\\\/#\\\/schema\\\/logo\\\/image\\\/\"},\"sameAs\":[\"https:\\\/\\\/www.facebook.com\\\/informelitoral\\\/\",\"https:\\\/\\\/x.com\\\/InformeLitoral\",\"https:\\\/\\\/www.instagram.com\\\/informelitoral\\\/\",\"https:\\\/\\\/www.youtube.com\\\/channel\\\/UCua4Qvz8Icb6MYqhoq9xLXw\"]},{\"@type\":\"Person\",\"@id\":\"https:\\\/\\\/informelitoral.com.ar\\\/#\\\/schema\\\/person\\\/f05f9f461677119578717524b127d6d5\",\"name\":\"Sebastian\",\"image\":{\"@type\":\"ImageObject\",\"inLanguage\":\"es\",\"@id\":\"https:\\\/\\\/secure.gravatar.com\\\/avatar\\\/b71bf7481d447dfb9583c7f2798e7cc64de6efb9067b74633ed8c31059a3bd82?s=96&d=mm&r=g\",\"url\":\"https:\\\/\\\/secure.gravatar.com\\\/avatar\\\/b71bf7481d447dfb9583c7f2798e7cc64de6efb9067b74633ed8c31059a3bd82?s=96&d=mm&r=g\",\"contentUrl\":\"https:\\\/\\\/secure.gravatar.com\\\/avatar\\\/b71bf7481d447dfb9583c7f2798e7cc64de6efb9067b74633ed8c31059a3bd82?s=96&d=mm&r=g\",\"caption\":\"Sebastian\"},\"url\":\"https:\\\/\\\/informelitoral.com.ar\\\/author\\\/sebastian\\\/\"}]}<\/script>","yoast_head_json":{"title":"Copa Libertadores: Boca se perdi\u00f3 de ganar los 3.6 millones de d\u00f3lares - Informe Litoral","robots":{"index":"index","follow":"follow","max-snippet":"max-snippet:-1","max-image-preview":"max-image-preview:large","max-video-preview":"max-video-preview:-1"},"canonical":"https:\/\/informelitoral.com.ar\/copa-libertadores-boca-se-perdio-de-ganar-los-3-6-millones-de-dolares\/","og_locale":"es_ES","og_type":"article","og_title":"Copa Libertadores: Boca se perdi\u00f3 de ganar los 3.6 millones de d\u00f3lares - Informe Litoral","og_description":"El Xeneize, que cay\u00f3 por penales ante Alianza Lima en la Fase 2 del torneo, no cobrar\u00e1 un importante premio.","og_url":"https:\/\/informelitoral.com.ar\/copa-libertadores-boca-se-perdio-de-ganar-los-3-6-millones-de-dolares\/","og_site_name":"Informe Litoral","article_publisher":"https:\/\/www.facebook.com\/informelitoral\/","article_published_time":"2025-02-26T12:32:01+00:00","article_modified_time":"2025-02-26T12:35:00+00:00","og_image":[{"width":770,"height":433,"url":"https:\/\/informelitoral.com.ar\/%77%70%2d%63%6f%6e%74%65%6e%74\/uploads\/2025\/02\/donofriojpg.webp","type":"image\/webp"}],"author":"Sebastian","twitter_card":"summary_large_image","twitter_creator":"@InformeLitoral","twitter_site":"@InformeLitoral","twitter_misc":{"Escrito por":"Sebastian","Tiempo de lectura":"3 minutos"},"schema":{"@context":"https:\/\/schema.org","@graph":[{"@type":"Article","@id":"https:\/\/informelitoral.com.ar\/copa-libertadores-boca-se-perdio-de-ganar-los-3-6-millones-de-dolares\/#article","isPartOf":{"@id":"https:\/\/informelitoral.com.ar\/copa-libertadores-boca-se-perdio-de-ganar-los-3-6-millones-de-dolares\/"},"author":{"name":"Sebastian","@id":"https:\/\/informelitoral.com.ar\/#\/schema\/person\/f05f9f461677119578717524b127d6d5"},"headline":"Copa Libertadores: Boca se perdi\u00f3 de ganar los 3.6 millones de d\u00f3lares","datePublished":"2025-02-26T12:32:01+00:00","dateModified":"2025-02-26T12:35:00+00:00","mainEntityOfPage":{"@id":"https:\/\/informelitoral.com.ar\/copa-libertadores-boca-se-perdio-de-ganar-los-3-6-millones-de-dolares\/"},"wordCount":519,"commentCount":0,"publisher":{"@id":"https:\/\/informelitoral.com.ar\/#organization"},"image":{"@id":"https:\/\/informelitoral.com.ar\/copa-libertadores-boca-se-perdio-de-ganar-los-3-6-millones-de-dolares\/#primaryimage"},"thumbnailUrl":"https:\/\/informelitoral.com.ar\/%77%70%2d%63%6f%6e%74%65%6e%74\/uploads\/2025\/02\/donofriojpg.webp","keywords":["Boca Juniors","Copa Libertadores"],"articleSection":["Deportes"],"inLanguage":"es","potentialAction":[{"@type":"CommentAction","name":"Comment","target":["https:\/\/informelitoral.com.ar\/copa-libertadores-boca-se-perdio-de-ganar-los-3-6-millones-de-dolares\/#respond"]}]},{"@type":"WebPage","@id":"https:\/\/informelitoral.com.ar\/copa-libertadores-boca-se-perdio-de-ganar-los-3-6-millones-de-dolares\/","url":"https:\/\/informelitoral.com.ar\/copa-libertadores-boca-se-perdio-de-ganar-los-3-6-millones-de-dolares\/","name":"Copa Libertadores: Boca se perdi\u00f3 de ganar los 3.6 millones de d\u00f3lares - Informe Litoral","isPartOf":{"@id":"https:\/\/informelitoral.com.ar\/#website"},"primaryImageOfPage":{"@id":"https:\/\/informelitoral.com.ar\/copa-libertadores-boca-se-perdio-de-ganar-los-3-6-millones-de-dolares\/#primaryimage"},"image":{"@id":"https:\/\/informelitoral.com.ar\/copa-libertadores-boca-se-perdio-de-ganar-los-3-6-millones-de-dolares\/#primaryimage"},"thumbnailUrl":"https:\/\/informelitoral.com.ar\/%77%70%2d%63%6f%6e%74%65%6e%74\/uploads\/2025\/02\/donofriojpg.webp","datePublished":"2025-02-26T12:32:01+00:00","dateModified":"2025-02-26T12:35:00+00:00","breadcrumb":{"@id":"https:\/\/informelitoral.com.ar\/copa-libertadores-boca-se-perdio-de-ganar-los-3-6-millones-de-dolares\/#breadcrumb"},"inLanguage":"es","potentialAction":[{"@type":"ReadAction","target":["https:\/\/informelitoral.com.ar\/copa-libertadores-boca-se-perdio-de-ganar-los-3-6-millones-de-dolares\/"]}]},{"@type":"ImageObject","inLanguage":"es","@id":"https:\/\/informelitoral.com.ar\/copa-libertadores-boca-se-perdio-de-ganar-los-3-6-millones-de-dolares\/#primaryimage","url":"https:\/\/informelitoral.com.ar\/%77%70%2d%63%6f%6e%74%65%6e%74\/uploads\/2025\/02\/donofriojpg.webp","contentUrl":"https:\/\/informelitoral.com.ar\/%77%70%2d%63%6f%6e%74%65%6e%74\/uploads\/2025\/02\/donofriojpg.webp","width":770,"height":433},{"@type":"BreadcrumbList","@id":"https:\/\/informelitoral.com.ar\/copa-libertadores-boca-se-perdio-de-ganar-los-3-6-millones-de-dolares\/#breadcrumb","itemListElement":[{"@type":"ListItem","position":1,"name":"Portada","item":"https:\/\/informelitoral.com.ar\/"},{"@type":"ListItem","position":2,"name":"Copa Libertadores: Boca se perdi\u00f3 de ganar los 3.6 millones de d\u00f3lares"}]},{"@type":"WebSite","@id":"https:\/\/informelitoral.com.ar\/#website","url":"https:\/\/informelitoral.com.ar\/","name":"Informe Litoral","description":"&quot;Nos informamos&quot; ","publisher":{"@id":"https:\/\/informelitoral.com.ar\/#organization"},"potentialAction":[{"@type":"SearchAction","target":{"@type":"EntryPoint","urlTemplate":"https:\/\/informelitoral.com.ar\/?s={search_term_string}"},"query-input":{"@type":"PropertyValueSpecification","valueRequired":true,"valueName":"search_term_string"}}],"inLanguage":"es"},{"@type":"Organization","@id":"https:\/\/informelitoral.com.ar\/#organization","name":"Informe Litoral","url":"https:\/\/informelitoral.com.ar\/","logo":{"@type":"ImageObject","inLanguage":"es","@id":"https:\/\/informelitoral.com.ar\/#\/schema\/logo\/image\/","url":"https:\/\/informelitoral.com.ar\/%77%70%2d%63%6f%6e%74%65%6e%74\/uploads\/2021\/01\/circulo.png","contentUrl":"https:\/\/informelitoral.com.ar\/%77%70%2d%63%6f%6e%74%65%6e%74\/uploads\/2021\/01\/circulo.png","width":723,"height":731,"caption":"Informe Litoral"},"image":{"@id":"https:\/\/informelitoral.com.ar\/#\/schema\/logo\/image\/"},"sameAs":["https:\/\/www.facebook.com\/informelitoral\/","https:\/\/x.com\/InformeLitoral","https:\/\/www.instagram.com\/informelitoral\/","https:\/\/www.youtube.com\/channel\/UCua4Qvz8Icb6MYqhoq9xLXw"]},{"@type":"Person","@id":"https:\/\/informelitoral.com.ar\/#\/schema\/person\/f05f9f461677119578717524b127d6d5","name":"Sebastian","image":{"@type":"ImageObject","inLanguage":"es","@id":"https:\/\/secure.gravatar.com\/avatar\/b71bf7481d447dfb9583c7f2798e7cc64de6efb9067b74633ed8c31059a3bd82?s=96&d=mm&r=g","url":"https:\/\/secure.gravatar.com\/avatar\/b71bf7481d447dfb9583c7f2798e7cc64de6efb9067b74633ed8c31059a3bd82?s=96&d=mm&r=g","contentUrl":"https:\/\/secure.gravatar.com\/avatar\/b71bf7481d447dfb9583c7f2798e7cc64de6efb9067b74633ed8c31059a3bd82?s=96&d=mm&r=g","caption":"Sebastian"},"url":"https:\/\/informelitoral.com.ar\/author\/sebastian\/"}]}},"_links":{"self":[{"href":"https:\/\/informelitoral.com.ar\/%77%70%2d%6a%73%6f%6e\/wp\/v2\/posts\/213099","targetHints":{"allow":["GET"]}}],"collection":[{"href":"https:\/\/informelitoral.com.ar\/%77%70%2d%6a%73%6f%6e\/wp\/v2\/posts"}],"about":[{"href":"https:\/\/informelitoral.com.ar\/%77%70%2d%6a%73%6f%6e\/wp\/v2\/types\/post"}],"author":[{"embeddable":true,"href":"https:\/\/informelitoral.com.ar\/%77%70%2d%6a%73%6f%6e\/wp\/v2\/users\/8"}],"replies":[{"embeddable":true,"href":"https:\/\/informelitoral.com.ar\/%77%70%2d%6a%73%6f%6e\/wp\/v2\/comments?post=213099"}],"version-history":[{"count":0,"href":"https:\/\/informelitoral.com.ar\/%77%70%2d%6a%73%6f%6e\/wp\/v2\/posts\/213099\/revisions"}],"wp:featuredmedia":[{"embeddable":true,"href":"https:\/\/informelitoral.com.ar\/%77%70%2d%6a%73%6f%6e\/wp\/v2\/media\/213101"}],"wp:attachment":[{"href":"https:\/\/informelitoral.com.ar\/%77%70%2d%6a%73%6f%6e\/wp\/v2\/media?parent=213099"}],"wp:term":[{"taxonomy":"category","embeddable":true,"href":"https:\/\/informelitoral.com.ar\/%77%70%2d%6a%73%6f%6e\/wp\/v2\/categories?post=213099"},{"taxonomy":"post_tag","embeddable":true,"href":"https:\/\/informelitoral.com.ar\/%77%70%2d%6a%73%6f%6e\/wp\/v2\/tags?post=213099"}],"curies":[{"name":"wp","href":"https:\/\/api.w.org\/{rel}","templated":true}]}}