{"id":213042,"date":"2025-02-26T06:52:48","date_gmt":"2025-02-26T09:52:48","guid":{"rendered":"https:\/\/informelitoral.com.ar\/?p=213042"},"modified":"2025-02-26T07:12:22","modified_gmt":"2025-02-26T10:12:22","slug":"inestabilidad-climatica-persiste-en-entre-rios-alerta-por-tormentas-y-lluvias-intensas","status":"publish","type":"post","link":"https:\/\/informelitoral.com.ar\/inestabilidad-climatica-persiste-en-entre-rios-alerta-por-tormentas-y-lluvias-intensas\/","title":{"rendered":"Inestabilidad clim\u00e1tica persiste en Entre R\u00edos: alerta por tormentas y lluvias intensas"},"content":{"rendered":"<p>Las condiciones meteorol\u00f3gicas contin\u00faan mostrando una\u00a0<b>gran inestabilidad sobre la franja central del pa\u00eds<\/b>\u00a0mientras que un \u201cfrente fr\u00edo acorrala a la ola de calor que va llegando a su fin\u201d en la mayor parte del pa\u00eds.<\/p>\n<p>Durante la presente jornada, \u201clas lluvias continuar\u00e1n evolucionando en el \u00e1rea central del pa\u00eds, mediante la aproximaci\u00f3n de un frente fr\u00edo, con el viento soplando del sudeste.\u00a0<b>La temperatura comienza a retroceder, con tiempo m\u00e1s inestable, poni\u00e9ndole un alto a la ola de calor<\/b>\u201d.<\/p>\n<p>Por otro lado, los elevados registros t\u00e9rmicos se mantendr\u00e1n en gran parte del norte del pa\u00eds, con registros m\u00e1ximos que van a superar los 40\u00b0C, sobre todo en Chaco, norte de Santa Fe y Santiago del Estero, con poco cambio en la masa de aire para estas provincias.<\/p>\n<h2><strong>\u00bfQu\u00e9 pasar\u00e1 con las lluvias en esta jornada?<\/strong><\/h2>\n<p>Para el centro del pa\u00eds y regi\u00f3n n\u00facleo se prev\u00e9 la evoluci\u00f3n de lluvias, tormentas y chaparrones, esto en el caso de las provincias de C\u00f3rdoba, Santa Fe y Entre R\u00edos.<\/p>\n<p>La inestabilidad tambi\u00e9n dominar\u00e1 el escenario de tiempo en el \u00e1rea pampeana y Cuyo, con cielo mayormente cubierto y el desarrollo de chaparrones y tormentas locales en las provincias de Buenos Aires, \u00e1reas de La Pampa, San Luis, este de Mendoza y San Juan.<\/p>\n<h2><strong>Alerta por tormentas<\/strong><\/h2>\n<p>En ese marco,\u00a0<b>toda la provincia de Entre R\u00edos junto a gran parte del centro del pa\u00eds est\u00e1 hoy bajo alerta amarilla por tormentas<\/b>. Incluso, en el sur de Santa Fe, la advertencia sube a naranja.<\/p>\n<p>Se prev\u00e9 que nuestra zona sea \u201cafectada por tormentas aisladas, algunas localmente fuertes. Las mismas estar\u00e1n acompa\u00f1adas por\u00a0<b>abundante ca\u00edda de agua en cortos per\u00edodos, actividad el\u00e9ctrica, ocasional granizo y r\u00e1fagas que podr\u00edan alcanzar los 80 km\/h\u201d.<\/b><\/p>\n<p>Estiman \u201cvalores de precipitaci\u00f3n acumulada entre\u00a0<b>30 y 70 mil\u00edmetros<\/b>, pudiendo ser superados en forma puntual\u201d.<\/p>\n<p><b>En cuanto a las temperaturas, estiman m\u00e1ximas de 28 grados<\/b>, con viento soplando del sector sudeste y descenso de las marcas.<\/p>\n<h2><strong>Lluvias que podr\u00edan acumular hasta 400 mil\u00edmetros<\/strong><\/h2>\n<p>En tanto, los especialistas se\u00f1alan que la inestabilidad seguir\u00e1 por lo menos hasta los primeros d\u00edas de marzo. Es as\u00ed que el Servicio Meteorol\u00f3gico Nacional emiti\u00f3 un alerta especial para Entre R\u00edos por\u00a0<b>abundantes precipitaciones, que se extender\u00e1n desde el 25 de febrero al 4 de marzo, con mejoramientos temporarios. Por ello,\u00a0<\/b>habr\u00e1 jornadas intercaladas con algo de sol, pero marcadas por la alta humedad y periodos de inestabilidad<b>.<\/b><\/p>\n<p>Las condiciones meteorol\u00f3gicas en los pr\u00f3ximos d\u00edas sobre la franja central del pa\u00eds estar\u00e1n dominadas por la ocurrencia de lluvias y tormentas de variada intensidad que se extender\u00edan al menos por una semana.<\/p>\n<p><b>Se registran per\u00edodos de lluvias y tormentas, los cuales podr\u00e1n superar los 200 mm en forma puntual. A lo largo de este per\u00edodo la lluvia total acumulada podr\u00eda ubicarse entre los 150 y 300 mm. No obstante, no se descarta que puedan registrarse montos totales que llegar\u00e1n a los 400 mm<\/b>.<\/p>\n<p>Se recomienda a la poblaci\u00f3n mantenerse alejada de zonas ribere\u00f1as o buscar un refugio lo m\u00e1s elevado posible, evitar circular por calles inundadas o afectadas. En caso de verse afectado por las inclemencias, comunicarse a Defensa Civil, 911 o 101.<\/p>\n","protected":false},"excerpt":{"rendered":"<p>Prev\u00e9n abundantes precipitaciones que podr\u00edan acumular en varios d\u00edas hasta 400 mil\u00edmetros.<\/p>\n","protected":false},"author":8,"featured_media":213043,"comment_status":"open","ping_status":"open","sticky":false,"template":"","format":"standard","meta":{"fifu_image_url":"","fifu_image_alt":"","footnotes":""},"categories":[7],"tags":[38,113],"class_list":{"0":"post-213042","1":"post","2":"type-post","3":"status-publish","4":"format-standard","5":"has-post-thumbnail","7":"category-nacionales","8":"tag-el-tiempo","9":"tag-smn"},"yoast_head":"<title>Inestabilidad clim\u00e1tica persiste en Entre R\u00edos: alerta por tormentas y lluvias intensas - Informe Litoral<\/title>\n<meta name=\"robots\" content=\"index, follow, max-snippet:-1, max-image-preview:large, max-video-preview:-1\" \/>\n<link rel=\"canonical\" href=\"https:\/\/informelitoral.com.ar\/inestabilidad-climatica-persiste-en-entre-rios-alerta-por-tormentas-y-lluvias-intensas\/\" \/>\n<meta property=\"og:locale\" content=\"es_ES\" \/>\n<meta property=\"og:type\" content=\"article\" \/>\n<meta property=\"og:title\" content=\"Inestabilidad clim\u00e1tica persiste en Entre R\u00edos: alerta por tormentas y lluvias intensas - Informe Litoral\" \/>\n<meta property=\"og:description\" content=\"Prev\u00e9n abundantes precipitaciones que podr\u00edan acumular en varios d\u00edas hasta 400 mil\u00edmetros.\" \/>\n<meta property=\"og:url\" content=\"https:\/\/informelitoral.com.ar\/inestabilidad-climatica-persiste-en-entre-rios-alerta-por-tormentas-y-lluvias-intensas\/\" \/>\n<meta property=\"og:site_name\" content=\"Informe Litoral\" \/>\n<meta property=\"article:publisher\" content=\"https:\/\/www.facebook.com\/informelitoral\/\" \/>\n<meta property=\"article:published_time\" content=\"2025-02-26T09:52:48+00:00\" \/>\n<meta property=\"article:modified_time\" content=\"2025-02-26T10:12:22+00:00\" \/>\n<meta property=\"og:image\" content=\"https:\/\/informelitoral.com.ar\/%77%70%2d%63%6f%6e%74%65%6e%74\/uploads\/2025\/02\/20250226_063749-scaled.jpg\" \/>\n\t<meta property=\"og:image:width\" content=\"2560\" \/>\n\t<meta property=\"og:image:height\" content=\"1920\" \/>\n\t<meta property=\"og:image:type\" content=\"image\/jpeg\" \/>\n<meta name=\"author\" content=\"Sebastian\" \/>\n<meta name=\"twitter:card\" content=\"summary_large_image\" \/>\n<meta name=\"twitter:creator\" content=\"@InformeLitoral\" \/>\n<meta name=\"twitter:site\" content=\"@InformeLitoral\" \/>\n<meta name=\"twitter:label1\" content=\"Escrito por\" \/>\n\t<meta name=\"twitter:data1\" content=\"Sebastian\" \/>\n\t<meta name=\"twitter:label2\" content=\"Tiempo de lectura\" \/>\n\t<meta name=\"twitter:data2\" content=\"3 minutos\" \/>\n<script type=\"application\/ld+json\" class=\"yoast-schema-graph\">{\"@context\":\"https:\\\/\\\/schema.org\",\"@graph\":[{\"@type\":\"Article\",\"@id\":\"https:\\\/\\\/informelitoral.com.ar\\\/inestabilidad-climatica-persiste-en-entre-rios-alerta-por-tormentas-y-lluvias-intensas\\\/#article\",\"isPartOf\":{\"@id\":\"https:\\\/\\\/informelitoral.com.ar\\\/inestabilidad-climatica-persiste-en-entre-rios-alerta-por-tormentas-y-lluvias-intensas\\\/\"},\"author\":{\"name\":\"Sebastian\",\"@id\":\"https:\\\/\\\/informelitoral.com.ar\\\/#\\\/schema\\\/person\\\/f05f9f461677119578717524b127d6d5\"},\"headline\":\"Inestabilidad clim\u00e1tica persiste en Entre R\u00edos: alerta por tormentas y lluvias intensas\",\"datePublished\":\"2025-02-26T09:52:48+00:00\",\"dateModified\":\"2025-02-26T10:12:22+00:00\",\"mainEntityOfPage\":{\"@id\":\"https:\\\/\\\/informelitoral.com.ar\\\/inestabilidad-climatica-persiste-en-entre-rios-alerta-por-tormentas-y-lluvias-intensas\\\/\"},\"wordCount\":582,\"commentCount\":0,\"publisher\":{\"@id\":\"https:\\\/\\\/informelitoral.com.ar\\\/#organization\"},\"image\":{\"@id\":\"https:\\\/\\\/informelitoral.com.ar\\\/inestabilidad-climatica-persiste-en-entre-rios-alerta-por-tormentas-y-lluvias-intensas\\\/#primaryimage\"},\"thumbnailUrl\":\"https:\\\/\\\/informelitoral.com.ar\\\/%77%70%2d%63%6f%6e%74%65%6e%74\\\/uploads\\\/2025\\\/02\\\/20250226_063749-scaled.jpg\",\"keywords\":[\"El tiempo\",\"SMN\"],\"articleSection\":[\"Nacionales\"],\"inLanguage\":\"es\",\"potentialAction\":[{\"@type\":\"CommentAction\",\"name\":\"Comment\",\"target\":[\"https:\\\/\\\/informelitoral.com.ar\\\/inestabilidad-climatica-persiste-en-entre-rios-alerta-por-tormentas-y-lluvias-intensas\\\/#respond\"]}]},{\"@type\":\"WebPage\",\"@id\":\"https:\\\/\\\/informelitoral.com.ar\\\/inestabilidad-climatica-persiste-en-entre-rios-alerta-por-tormentas-y-lluvias-intensas\\\/\",\"url\":\"https:\\\/\\\/informelitoral.com.ar\\\/inestabilidad-climatica-persiste-en-entre-rios-alerta-por-tormentas-y-lluvias-intensas\\\/\",\"name\":\"Inestabilidad clim\u00e1tica persiste en Entre R\u00edos: alerta por tormentas y lluvias intensas - Informe Litoral\",\"isPartOf\":{\"@id\":\"https:\\\/\\\/informelitoral.com.ar\\\/#website\"},\"primaryImageOfPage\":{\"@id\":\"https:\\\/\\\/informelitoral.com.ar\\\/inestabilidad-climatica-persiste-en-entre-rios-alerta-por-tormentas-y-lluvias-intensas\\\/#primaryimage\"},\"image\":{\"@id\":\"https:\\\/\\\/informelitoral.com.ar\\\/inestabilidad-climatica-persiste-en-entre-rios-alerta-por-tormentas-y-lluvias-intensas\\\/#primaryimage\"},\"thumbnailUrl\":\"https:\\\/\\\/informelitoral.com.ar\\\/%77%70%2d%63%6f%6e%74%65%6e%74\\\/uploads\\\/2025\\\/02\\\/20250226_063749-scaled.jpg\",\"datePublished\":\"2025-02-26T09:52:48+00:00\",\"dateModified\":\"2025-02-26T10:12:22+00:00\",\"breadcrumb\":{\"@id\":\"https:\\\/\\\/informelitoral.com.ar\\\/inestabilidad-climatica-persiste-en-entre-rios-alerta-por-tormentas-y-lluvias-intensas\\\/#breadcrumb\"},\"inLanguage\":\"es\",\"potentialAction\":[{\"@type\":\"ReadAction\",\"target\":[\"https:\\\/\\\/informelitoral.com.ar\\\/inestabilidad-climatica-persiste-en-entre-rios-alerta-por-tormentas-y-lluvias-intensas\\\/\"]}]},{\"@type\":\"ImageObject\",\"inLanguage\":\"es\",\"@id\":\"https:\\\/\\\/informelitoral.com.ar\\\/inestabilidad-climatica-persiste-en-entre-rios-alerta-por-tormentas-y-lluvias-intensas\\\/#primaryimage\",\"url\":\"https:\\\/\\\/informelitoral.com.ar\\\/%77%70%2d%63%6f%6e%74%65%6e%74\\\/uploads\\\/2025\\\/02\\\/20250226_063749-scaled.jpg\",\"contentUrl\":\"https:\\\/\\\/informelitoral.com.ar\\\/%77%70%2d%63%6f%6e%74%65%6e%74\\\/uploads\\\/2025\\\/02\\\/20250226_063749-scaled.jpg\",\"width\":2560,\"height\":1920},{\"@type\":\"BreadcrumbList\",\"@id\":\"https:\\\/\\\/informelitoral.com.ar\\\/inestabilidad-climatica-persiste-en-entre-rios-alerta-por-tormentas-y-lluvias-intensas\\\/#breadcrumb\",\"itemListElement\":[{\"@type\":\"ListItem\",\"position\":1,\"name\":\"Portada\",\"item\":\"https:\\\/\\\/informelitoral.com.ar\\\/\"},{\"@type\":\"ListItem\",\"position\":2,\"name\":\"Inestabilidad clim\u00e1tica persiste en Entre R\u00edos: alerta por tormentas y lluvias intensas\"}]},{\"@type\":\"WebSite\",\"@id\":\"https:\\\/\\\/informelitoral.com.ar\\\/#website\",\"url\":\"https:\\\/\\\/informelitoral.com.ar\\\/\",\"name\":\"Informe Litoral\",\"description\":\"&quot;Nos informamos&quot; \",\"publisher\":{\"@id\":\"https:\\\/\\\/informelitoral.com.ar\\\/#organization\"},\"potentialAction\":[{\"@type\":\"SearchAction\",\"target\":{\"@type\":\"EntryPoint\",\"urlTemplate\":\"https:\\\/\\\/informelitoral.com.ar\\\/?s={search_term_string}\"},\"query-input\":{\"@type\":\"PropertyValueSpecification\",\"valueRequired\":true,\"valueName\":\"search_term_string\"}}],\"inLanguage\":\"es\"},{\"@type\":\"Organization\",\"@id\":\"https:\\\/\\\/informelitoral.com.ar\\\/#organization\",\"name\":\"Informe Litoral\",\"url\":\"https:\\\/\\\/informelitoral.com.ar\\\/\",\"logo\":{\"@type\":\"ImageObject\",\"inLanguage\":\"es\",\"@id\":\"https:\\\/\\\/informelitoral.com.ar\\\/#\\\/schema\\\/logo\\\/image\\\/\",\"url\":\"https:\\\/\\\/informelitoral.com.ar\\\/%77%70%2d%63%6f%6e%74%65%6e%74\\\/uploads\\\/2021\\\/01\\\/circulo.png\",\"contentUrl\":\"https:\\\/\\\/informelitoral.com.ar\\\/%77%70%2d%63%6f%6e%74%65%6e%74\\\/uploads\\\/2021\\\/01\\\/circulo.png\",\"width\":723,\"height\":731,\"caption\":\"Informe Litoral\"},\"image\":{\"@id\":\"https:\\\/\\\/informelitoral.com.ar\\\/#\\\/schema\\\/logo\\\/image\\\/\"},\"sameAs\":[\"https:\\\/\\\/www.facebook.com\\\/informelitoral\\\/\",\"https:\\\/\\\/x.com\\\/InformeLitoral\",\"https:\\\/\\\/www.instagram.com\\\/informelitoral\\\/\",\"https:\\\/\\\/www.youtube.com\\\/channel\\\/UCua4Qvz8Icb6MYqhoq9xLXw\"]},{\"@type\":\"Person\",\"@id\":\"https:\\\/\\\/informelitoral.com.ar\\\/#\\\/schema\\\/person\\\/f05f9f461677119578717524b127d6d5\",\"name\":\"Sebastian\",\"image\":{\"@type\":\"ImageObject\",\"inLanguage\":\"es\",\"@id\":\"https:\\\/\\\/secure.gravatar.com\\\/avatar\\\/b71bf7481d447dfb9583c7f2798e7cc64de6efb9067b74633ed8c31059a3bd82?s=96&d=mm&r=g\",\"url\":\"https:\\\/\\\/secure.gravatar.com\\\/avatar\\\/b71bf7481d447dfb9583c7f2798e7cc64de6efb9067b74633ed8c31059a3bd82?s=96&d=mm&r=g\",\"contentUrl\":\"https:\\\/\\\/secure.gravatar.com\\\/avatar\\\/b71bf7481d447dfb9583c7f2798e7cc64de6efb9067b74633ed8c31059a3bd82?s=96&d=mm&r=g\",\"caption\":\"Sebastian\"},\"url\":\"https:\\\/\\\/informelitoral.com.ar\\\/author\\\/sebastian\\\/\"}]}<\/script>","yoast_head_json":{"title":"Inestabilidad clim\u00e1tica persiste en Entre R\u00edos: alerta por tormentas y lluvias intensas - Informe Litoral","robots":{"index":"index","follow":"follow","max-snippet":"max-snippet:-1","max-image-preview":"max-image-preview:large","max-video-preview":"max-video-preview:-1"},"canonical":"https:\/\/informelitoral.com.ar\/inestabilidad-climatica-persiste-en-entre-rios-alerta-por-tormentas-y-lluvias-intensas\/","og_locale":"es_ES","og_type":"article","og_title":"Inestabilidad clim\u00e1tica persiste en Entre R\u00edos: alerta por tormentas y lluvias intensas - Informe Litoral","og_description":"Prev\u00e9n abundantes precipitaciones que podr\u00edan acumular en varios d\u00edas hasta 400 mil\u00edmetros.","og_url":"https:\/\/informelitoral.com.ar\/inestabilidad-climatica-persiste-en-entre-rios-alerta-por-tormentas-y-lluvias-intensas\/","og_site_name":"Informe Litoral","article_publisher":"https:\/\/www.facebook.com\/informelitoral\/","article_published_time":"2025-02-26T09:52:48+00:00","article_modified_time":"2025-02-26T10:12:22+00:00","og_image":[{"width":2560,"height":1920,"url":"https:\/\/informelitoral.com.ar\/%77%70%2d%63%6f%6e%74%65%6e%74\/uploads\/2025\/02\/20250226_063749-scaled.jpg","type":"image\/jpeg"}],"author":"Sebastian","twitter_card":"summary_large_image","twitter_creator":"@InformeLitoral","twitter_site":"@InformeLitoral","twitter_misc":{"Escrito por":"Sebastian","Tiempo de lectura":"3 minutos"},"schema":{"@context":"https:\/\/schema.org","@graph":[{"@type":"Article","@id":"https:\/\/informelitoral.com.ar\/inestabilidad-climatica-persiste-en-entre-rios-alerta-por-tormentas-y-lluvias-intensas\/#article","isPartOf":{"@id":"https:\/\/informelitoral.com.ar\/inestabilidad-climatica-persiste-en-entre-rios-alerta-por-tormentas-y-lluvias-intensas\/"},"author":{"name":"Sebastian","@id":"https:\/\/informelitoral.com.ar\/#\/schema\/person\/f05f9f461677119578717524b127d6d5"},"headline":"Inestabilidad clim\u00e1tica persiste en Entre R\u00edos: alerta por tormentas y lluvias intensas","datePublished":"2025-02-26T09:52:48+00:00","dateModified":"2025-02-26T10:12:22+00:00","mainEntityOfPage":{"@id":"https:\/\/informelitoral.com.ar\/inestabilidad-climatica-persiste-en-entre-rios-alerta-por-tormentas-y-lluvias-intensas\/"},"wordCount":582,"commentCount":0,"publisher":{"@id":"https:\/\/informelitoral.com.ar\/#organization"},"image":{"@id":"https:\/\/informelitoral.com.ar\/inestabilidad-climatica-persiste-en-entre-rios-alerta-por-tormentas-y-lluvias-intensas\/#primaryimage"},"thumbnailUrl":"https:\/\/informelitoral.com.ar\/%77%70%2d%63%6f%6e%74%65%6e%74\/uploads\/2025\/02\/20250226_063749-scaled.jpg","keywords":["El tiempo","SMN"],"articleSection":["Nacionales"],"inLanguage":"es","potentialAction":[{"@type":"CommentAction","name":"Comment","target":["https:\/\/informelitoral.com.ar\/inestabilidad-climatica-persiste-en-entre-rios-alerta-por-tormentas-y-lluvias-intensas\/#respond"]}]},{"@type":"WebPage","@id":"https:\/\/informelitoral.com.ar\/inestabilidad-climatica-persiste-en-entre-rios-alerta-por-tormentas-y-lluvias-intensas\/","url":"https:\/\/informelitoral.com.ar\/inestabilidad-climatica-persiste-en-entre-rios-alerta-por-tormentas-y-lluvias-intensas\/","name":"Inestabilidad clim\u00e1tica persiste en Entre R\u00edos: alerta por tormentas y lluvias intensas - Informe Litoral","isPartOf":{"@id":"https:\/\/informelitoral.com.ar\/#website"},"primaryImageOfPage":{"@id":"https:\/\/informelitoral.com.ar\/inestabilidad-climatica-persiste-en-entre-rios-alerta-por-tormentas-y-lluvias-intensas\/#primaryimage"},"image":{"@id":"https:\/\/informelitoral.com.ar\/inestabilidad-climatica-persiste-en-entre-rios-alerta-por-tormentas-y-lluvias-intensas\/#primaryimage"},"thumbnailUrl":"https:\/\/informelitoral.com.ar\/%77%70%2d%63%6f%6e%74%65%6e%74\/uploads\/2025\/02\/20250226_063749-scaled.jpg","datePublished":"2025-02-26T09:52:48+00:00","dateModified":"2025-02-26T10:12:22+00:00","breadcrumb":{"@id":"https:\/\/informelitoral.com.ar\/inestabilidad-climatica-persiste-en-entre-rios-alerta-por-tormentas-y-lluvias-intensas\/#breadcrumb"},"inLanguage":"es","potentialAction":[{"@type":"ReadAction","target":["https:\/\/informelitoral.com.ar\/inestabilidad-climatica-persiste-en-entre-rios-alerta-por-tormentas-y-lluvias-intensas\/"]}]},{"@type":"ImageObject","inLanguage":"es","@id":"https:\/\/informelitoral.com.ar\/inestabilidad-climatica-persiste-en-entre-rios-alerta-por-tormentas-y-lluvias-intensas\/#primaryimage","url":"https:\/\/informelitoral.com.ar\/%77%70%2d%63%6f%6e%74%65%6e%74\/uploads\/2025\/02\/20250226_063749-scaled.jpg","contentUrl":"https:\/\/informelitoral.com.ar\/%77%70%2d%63%6f%6e%74%65%6e%74\/uploads\/2025\/02\/20250226_063749-scaled.jpg","width":2560,"height":1920},{"@type":"BreadcrumbList","@id":"https:\/\/informelitoral.com.ar\/inestabilidad-climatica-persiste-en-entre-rios-alerta-por-tormentas-y-lluvias-intensas\/#breadcrumb","itemListElement":[{"@type":"ListItem","position":1,"name":"Portada","item":"https:\/\/informelitoral.com.ar\/"},{"@type":"ListItem","position":2,"name":"Inestabilidad clim\u00e1tica persiste en Entre R\u00edos: alerta por tormentas y lluvias intensas"}]},{"@type":"WebSite","@id":"https:\/\/informelitoral.com.ar\/#website","url":"https:\/\/informelitoral.com.ar\/","name":"Informe Litoral","description":"&quot;Nos informamos&quot; ","publisher":{"@id":"https:\/\/informelitoral.com.ar\/#organization"},"potentialAction":[{"@type":"SearchAction","target":{"@type":"EntryPoint","urlTemplate":"https:\/\/informelitoral.com.ar\/?s={search_term_string}"},"query-input":{"@type":"PropertyValueSpecification","valueRequired":true,"valueName":"search_term_string"}}],"inLanguage":"es"},{"@type":"Organization","@id":"https:\/\/informelitoral.com.ar\/#organization","name":"Informe Litoral","url":"https:\/\/informelitoral.com.ar\/","logo":{"@type":"ImageObject","inLanguage":"es","@id":"https:\/\/informelitoral.com.ar\/#\/schema\/logo\/image\/","url":"https:\/\/informelitoral.com.ar\/%77%70%2d%63%6f%6e%74%65%6e%74\/uploads\/2021\/01\/circulo.png","contentUrl":"https:\/\/informelitoral.com.ar\/%77%70%2d%63%6f%6e%74%65%6e%74\/uploads\/2021\/01\/circulo.png","width":723,"height":731,"caption":"Informe Litoral"},"image":{"@id":"https:\/\/informelitoral.com.ar\/#\/schema\/logo\/image\/"},"sameAs":["https:\/\/www.facebook.com\/informelitoral\/","https:\/\/x.com\/InformeLitoral","https:\/\/www.instagram.com\/informelitoral\/","https:\/\/www.youtube.com\/channel\/UCua4Qvz8Icb6MYqhoq9xLXw"]},{"@type":"Person","@id":"https:\/\/informelitoral.com.ar\/#\/schema\/person\/f05f9f461677119578717524b127d6d5","name":"Sebastian","image":{"@type":"ImageObject","inLanguage":"es","@id":"https:\/\/secure.gravatar.com\/avatar\/b71bf7481d447dfb9583c7f2798e7cc64de6efb9067b74633ed8c31059a3bd82?s=96&d=mm&r=g","url":"https:\/\/secure.gravatar.com\/avatar\/b71bf7481d447dfb9583c7f2798e7cc64de6efb9067b74633ed8c31059a3bd82?s=96&d=mm&r=g","contentUrl":"https:\/\/secure.gravatar.com\/avatar\/b71bf7481d447dfb9583c7f2798e7cc64de6efb9067b74633ed8c31059a3bd82?s=96&d=mm&r=g","caption":"Sebastian"},"url":"https:\/\/informelitoral.com.ar\/author\/sebastian\/"}]}},"_links":{"self":[{"href":"https:\/\/informelitoral.com.ar\/%77%70%2d%6a%73%6f%6e\/wp\/v2\/posts\/213042","targetHints":{"allow":["GET"]}}],"collection":[{"href":"https:\/\/informelitoral.com.ar\/%77%70%2d%6a%73%6f%6e\/wp\/v2\/posts"}],"about":[{"href":"https:\/\/informelitoral.com.ar\/%77%70%2d%6a%73%6f%6e\/wp\/v2\/types\/post"}],"author":[{"embeddable":true,"href":"https:\/\/informelitoral.com.ar\/%77%70%2d%6a%73%6f%6e\/wp\/v2\/users\/8"}],"replies":[{"embeddable":true,"href":"https:\/\/informelitoral.com.ar\/%77%70%2d%6a%73%6f%6e\/wp\/v2\/comments?post=213042"}],"version-history":[{"count":0,"href":"https:\/\/informelitoral.com.ar\/%77%70%2d%6a%73%6f%6e\/wp\/v2\/posts\/213042\/revisions"}],"wp:featuredmedia":[{"embeddable":true,"href":"https:\/\/informelitoral.com.ar\/%77%70%2d%6a%73%6f%6e\/wp\/v2\/media\/213043"}],"wp:attachment":[{"href":"https:\/\/informelitoral.com.ar\/%77%70%2d%6a%73%6f%6e\/wp\/v2\/media?parent=213042"}],"wp:term":[{"taxonomy":"category","embeddable":true,"href":"https:\/\/informelitoral.com.ar\/%77%70%2d%6a%73%6f%6e\/wp\/v2\/categories?post=213042"},{"taxonomy":"post_tag","embeddable":true,"href":"https:\/\/informelitoral.com.ar\/%77%70%2d%6a%73%6f%6e\/wp\/v2\/tags?post=213042"}],"curies":[{"name":"wp","href":"https:\/\/api.w.org\/{rel}","templated":true}]}}