{"id":213027,"date":"2025-02-25T15:23:02","date_gmt":"2025-02-25T18:23:02","guid":{"rendered":"https:\/\/informelitoral.com.ar\/?p=213027"},"modified":"2025-02-25T20:25:26","modified_gmt":"2025-02-25T23:25:26","slug":"hein-se-intereso-por-la-mejora-de-la-oferta-academica-de-la-facultad-de-ciencia-y-tecnologia","status":"publish","type":"post","link":"https:\/\/informelitoral.com.ar\/hein-se-intereso-por-la-mejora-de-la-oferta-academica-de-la-facultad-de-ciencia-y-tecnologia\/","title":{"rendered":"Hein se interes\u00f3 por la mejora de la oferta acad\u00e9mica de la Facultad de Ciencia y Tecnolog\u00eda"},"content":{"rendered":"<p>El presidente de la C\u00e1mara de Diputados, <strong>Gustavo Hein<\/strong>, recibi\u00f3 este martes al decano de la Facultad de Ciencia y Tecnolog\u00eda de la Universidad Aut\u00f3noma de Entre R\u00edos (Uader), <strong>Juan Pablo Filipuzzi,<\/strong> con quien dialog\u00f3 acerca de las necesidades de las sedes de esa casa de estudios en la costa del r\u00edo Uruguay y las gestiones que se deben llevar adelante para fortalecer su oferta acad\u00e9mica.<\/p>\n<p>Por un lado, durante el encuentro dialogaron sobre la actualidad de la sede Basavilbaso, donde se dicta la Tecnicatura en Granja y Producci\u00f3n Av\u00edcola. \u201cEl presidente de la C\u00e1mara estuvo muy interesado en conocer la propuesta y c\u00f3mo se est\u00e1 desarrollando, para considerar qu\u00e9 aportes se pueden hacer para mejorar la calidad educativa y sumar nueva oferta\u201d, indic\u00f3 Filipuzzi.<\/p>\n<p>En ese marco, hablaron acerca de distintos cursos que se podr\u00edan incorporar para ofrecer a los habitantes de esa localidad, como el manejo de herramientas digitales, programaci\u00f3n y gesti\u00f3n de redes sociales para emprendedores.<\/p>\n<p>\u201cTambi\u00e9n hablamos de la propuesta de la facultad en toda la costa del Uruguay y qu\u00e9 aportes puede hacer el presidente desde su lugar para mejorarla. Se mostr\u00f3 interesado en iniciativas que resulten \u00fatiles para la gente de la zona y evaluar distintas alternativas en conjunto con los intendentes\u201d, agreg\u00f3 el decano.<\/p>\n<p>Asimismo, analizaron las demandas de mejoras edilicias en beneficio de los estudiantes, particularmente en el hist\u00f3rico Colegio del Uruguay. Acordaron realizar visitas conjuntas a esa sede, as\u00ed como a otras de la regi\u00f3n.<\/p>\n<p>\u201cTenemos que trabajar de la mano la universidad, el Estado y el sector privado, porque es la manera de llevar adelante pol\u00edticas educativas sustentables y que tengan impacto social. Por eso es muy importante el acompa\u00f1amiento del presidente de la C\u00e1mara de Diputados, quien est\u00e1 ocupado en acompa\u00f1ar desde la Instituci\u00f3n las demandas de los entrerrianos\u201d, finaliz\u00f3.<\/p>\n<h6><em><strong>Del archivo:\u00a0<a href=\"https:\/\/informelitoral.com.ar\/facultad-de-ciencias-de-la-gestion-de-uader-ya-funciona-en-el-nuevo-edificio\/\" target=\"_blank\" rel=\"noopener\">Facultad de Ciencias de la Gesti\u00f3n de UADER ya funciona en el nuevo edificio<\/a><\/strong><\/em><\/h6>\n","protected":false},"excerpt":{"rendered":"<p>Junto al decano Juan Pablo Filipuzzi, el presidente de la C\u00e1mara baja analiz\u00f3 la situaci\u00f3n de las sedes de la instituci\u00f3n educativa en la costa del Uruguay y las acciones necesarias para fortalecerlas en beneficio de los estudiantes de la regi\u00f3n.<\/p>\n","protected":false},"author":2,"featured_media":213028,"comment_status":"open","ping_status":"open","sticky":false,"template":"","format":"standard","meta":{"fifu_image_url":"","fifu_image_alt":"","footnotes":""},"categories":[16],"tags":[3627,196,1589,1299],"class_list":{"0":"post-213027","1":"post","2":"type-post","3":"status-publish","4":"format-standard","5":"has-post-thumbnail","7":"category-politi","8":"tag-camara-de-diputados","9":"tag-diputados","10":"tag-gustavo-hein","11":"tag-uader"},"yoast_head":"<title>Hein se interes\u00f3 por la mejora de la oferta acad\u00e9mica de la Facultad de Ciencia y Tecnolog\u00eda - Informe Litoral<\/title>\n<meta name=\"robots\" content=\"index, follow, max-snippet:-1, max-image-preview:large, max-video-preview:-1\" \/>\n<link rel=\"canonical\" href=\"https:\/\/informelitoral.com.ar\/hein-se-intereso-por-la-mejora-de-la-oferta-academica-de-la-facultad-de-ciencia-y-tecnologia\/\" \/>\n<meta property=\"og:locale\" content=\"es_ES\" \/>\n<meta property=\"og:type\" content=\"article\" \/>\n<meta property=\"og:title\" content=\"Hein se interes\u00f3 por la mejora de la oferta acad\u00e9mica de la Facultad de Ciencia y Tecnolog\u00eda - Informe Litoral\" \/>\n<meta property=\"og:description\" content=\"Junto al decano Juan Pablo Filipuzzi, el presidente de la C\u00e1mara baja analiz\u00f3 la situaci\u00f3n de las sedes de la instituci\u00f3n educativa en la costa del Uruguay y las acciones necesarias para fortalecerlas en beneficio de los estudiantes de la regi\u00f3n.\" \/>\n<meta property=\"og:url\" content=\"https:\/\/informelitoral.com.ar\/hein-se-intereso-por-la-mejora-de-la-oferta-academica-de-la-facultad-de-ciencia-y-tecnologia\/\" \/>\n<meta property=\"og:site_name\" content=\"Informe Litoral\" \/>\n<meta property=\"article:publisher\" content=\"https:\/\/www.facebook.com\/informelitoral\/\" \/>\n<meta property=\"article:published_time\" content=\"2025-02-25T18:23:02+00:00\" \/>\n<meta property=\"article:modified_time\" content=\"2025-02-25T23:25:26+00:00\" \/>\n<meta property=\"og:image\" content=\"https:\/\/informelitoral.com.ar\/%77%70%2d%63%6f%6e%74%65%6e%74\/uploads\/2025\/02\/hein-filipuzzi.jpg\" \/>\n\t<meta property=\"og:image:width\" content=\"1024\" \/>\n\t<meta property=\"og:image:height\" content=\"682\" \/>\n\t<meta property=\"og:image:type\" content=\"image\/jpeg\" \/>\n<meta name=\"author\" content=\"Gonzalo Schmidt\" \/>\n<meta name=\"twitter:card\" content=\"summary_large_image\" \/>\n<meta name=\"twitter:creator\" content=\"@InformeLitoral\" \/>\n<meta name=\"twitter:site\" content=\"@InformeLitoral\" \/>\n<meta name=\"twitter:label1\" content=\"Escrito por\" \/>\n\t<meta name=\"twitter:data1\" content=\"Gonzalo Schmidt\" \/>\n\t<meta name=\"twitter:label2\" content=\"Tiempo de lectura\" \/>\n\t<meta name=\"twitter:data2\" content=\"2 minutos\" \/>\n<script type=\"application\/ld+json\" class=\"yoast-schema-graph\">{\"@context\":\"https:\\\/\\\/schema.org\",\"@graph\":[{\"@type\":\"Article\",\"@id\":\"https:\\\/\\\/informelitoral.com.ar\\\/hein-se-intereso-por-la-mejora-de-la-oferta-academica-de-la-facultad-de-ciencia-y-tecnologia\\\/#article\",\"isPartOf\":{\"@id\":\"https:\\\/\\\/informelitoral.com.ar\\\/hein-se-intereso-por-la-mejora-de-la-oferta-academica-de-la-facultad-de-ciencia-y-tecnologia\\\/\"},\"author\":{\"name\":\"Gonzalo Schmidt\",\"@id\":\"https:\\\/\\\/informelitoral.com.ar\\\/#\\\/schema\\\/person\\\/b9d00407c836482871ef1d57bf8e3180\"},\"headline\":\"Hein se interes\u00f3 por la mejora de la oferta acad\u00e9mica de la Facultad de Ciencia y Tecnolog\u00eda\",\"datePublished\":\"2025-02-25T18:23:02+00:00\",\"dateModified\":\"2025-02-25T23:25:26+00:00\",\"mainEntityOfPage\":{\"@id\":\"https:\\\/\\\/informelitoral.com.ar\\\/hein-se-intereso-por-la-mejora-de-la-oferta-academica-de-la-facultad-de-ciencia-y-tecnologia\\\/\"},\"wordCount\":358,\"commentCount\":0,\"publisher\":{\"@id\":\"https:\\\/\\\/informelitoral.com.ar\\\/#organization\"},\"image\":{\"@id\":\"https:\\\/\\\/informelitoral.com.ar\\\/hein-se-intereso-por-la-mejora-de-la-oferta-academica-de-la-facultad-de-ciencia-y-tecnologia\\\/#primaryimage\"},\"thumbnailUrl\":\"https:\\\/\\\/informelitoral.com.ar\\\/%77%70%2d%63%6f%6e%74%65%6e%74\\\/uploads\\\/2025\\\/02\\\/hein-filipuzzi.jpg\",\"keywords\":[\"C\u00e1mara de Diputados\",\"Diputados\",\"Gustavo Hein\",\"Uader\"],\"articleSection\":[\"Politica\"],\"inLanguage\":\"es\",\"potentialAction\":[{\"@type\":\"CommentAction\",\"name\":\"Comment\",\"target\":[\"https:\\\/\\\/informelitoral.com.ar\\\/hein-se-intereso-por-la-mejora-de-la-oferta-academica-de-la-facultad-de-ciencia-y-tecnologia\\\/#respond\"]}]},{\"@type\":\"WebPage\",\"@id\":\"https:\\\/\\\/informelitoral.com.ar\\\/hein-se-intereso-por-la-mejora-de-la-oferta-academica-de-la-facultad-de-ciencia-y-tecnologia\\\/\",\"url\":\"https:\\\/\\\/informelitoral.com.ar\\\/hein-se-intereso-por-la-mejora-de-la-oferta-academica-de-la-facultad-de-ciencia-y-tecnologia\\\/\",\"name\":\"Hein se interes\u00f3 por la mejora de la oferta acad\u00e9mica de la Facultad de Ciencia y Tecnolog\u00eda - Informe Litoral\",\"isPartOf\":{\"@id\":\"https:\\\/\\\/informelitoral.com.ar\\\/#website\"},\"primaryImageOfPage\":{\"@id\":\"https:\\\/\\\/informelitoral.com.ar\\\/hein-se-intereso-por-la-mejora-de-la-oferta-academica-de-la-facultad-de-ciencia-y-tecnologia\\\/#primaryimage\"},\"image\":{\"@id\":\"https:\\\/\\\/informelitoral.com.ar\\\/hein-se-intereso-por-la-mejora-de-la-oferta-academica-de-la-facultad-de-ciencia-y-tecnologia\\\/#primaryimage\"},\"thumbnailUrl\":\"https:\\\/\\\/informelitoral.com.ar\\\/%77%70%2d%63%6f%6e%74%65%6e%74\\\/uploads\\\/2025\\\/02\\\/hein-filipuzzi.jpg\",\"datePublished\":\"2025-02-25T18:23:02+00:00\",\"dateModified\":\"2025-02-25T23:25:26+00:00\",\"breadcrumb\":{\"@id\":\"https:\\\/\\\/informelitoral.com.ar\\\/hein-se-intereso-por-la-mejora-de-la-oferta-academica-de-la-facultad-de-ciencia-y-tecnologia\\\/#breadcrumb\"},\"inLanguage\":\"es\",\"potentialAction\":[{\"@type\":\"ReadAction\",\"target\":[\"https:\\\/\\\/informelitoral.com.ar\\\/hein-se-intereso-por-la-mejora-de-la-oferta-academica-de-la-facultad-de-ciencia-y-tecnologia\\\/\"]}]},{\"@type\":\"ImageObject\",\"inLanguage\":\"es\",\"@id\":\"https:\\\/\\\/informelitoral.com.ar\\\/hein-se-intereso-por-la-mejora-de-la-oferta-academica-de-la-facultad-de-ciencia-y-tecnologia\\\/#primaryimage\",\"url\":\"https:\\\/\\\/informelitoral.com.ar\\\/%77%70%2d%63%6f%6e%74%65%6e%74\\\/uploads\\\/2025\\\/02\\\/hein-filipuzzi.jpg\",\"contentUrl\":\"https:\\\/\\\/informelitoral.com.ar\\\/%77%70%2d%63%6f%6e%74%65%6e%74\\\/uploads\\\/2025\\\/02\\\/hein-filipuzzi.jpg\",\"width\":1024,\"height\":682},{\"@type\":\"BreadcrumbList\",\"@id\":\"https:\\\/\\\/informelitoral.com.ar\\\/hein-se-intereso-por-la-mejora-de-la-oferta-academica-de-la-facultad-de-ciencia-y-tecnologia\\\/#breadcrumb\",\"itemListElement\":[{\"@type\":\"ListItem\",\"position\":1,\"name\":\"Portada\",\"item\":\"https:\\\/\\\/informelitoral.com.ar\\\/\"},{\"@type\":\"ListItem\",\"position\":2,\"name\":\"Hein se interes\u00f3 por la mejora de la oferta acad\u00e9mica de la Facultad de Ciencia y Tecnolog\u00eda\"}]},{\"@type\":\"WebSite\",\"@id\":\"https:\\\/\\\/informelitoral.com.ar\\\/#website\",\"url\":\"https:\\\/\\\/informelitoral.com.ar\\\/\",\"name\":\"Informe Litoral\",\"description\":\"&quot;Nos informamos&quot; \",\"publisher\":{\"@id\":\"https:\\\/\\\/informelitoral.com.ar\\\/#organization\"},\"potentialAction\":[{\"@type\":\"SearchAction\",\"target\":{\"@type\":\"EntryPoint\",\"urlTemplate\":\"https:\\\/\\\/informelitoral.com.ar\\\/?s={search_term_string}\"},\"query-input\":{\"@type\":\"PropertyValueSpecification\",\"valueRequired\":true,\"valueName\":\"search_term_string\"}}],\"inLanguage\":\"es\"},{\"@type\":\"Organization\",\"@id\":\"https:\\\/\\\/informelitoral.com.ar\\\/#organization\",\"name\":\"Informe Litoral\",\"url\":\"https:\\\/\\\/informelitoral.com.ar\\\/\",\"logo\":{\"@type\":\"ImageObject\",\"inLanguage\":\"es\",\"@id\":\"https:\\\/\\\/informelitoral.com.ar\\\/#\\\/schema\\\/logo\\\/image\\\/\",\"url\":\"https:\\\/\\\/informelitoral.com.ar\\\/%77%70%2d%63%6f%6e%74%65%6e%74\\\/uploads\\\/2021\\\/01\\\/circulo.png\",\"contentUrl\":\"https:\\\/\\\/informelitoral.com.ar\\\/%77%70%2d%63%6f%6e%74%65%6e%74\\\/uploads\\\/2021\\\/01\\\/circulo.png\",\"width\":723,\"height\":731,\"caption\":\"Informe Litoral\"},\"image\":{\"@id\":\"https:\\\/\\\/informelitoral.com.ar\\\/#\\\/schema\\\/logo\\\/image\\\/\"},\"sameAs\":[\"https:\\\/\\\/www.facebook.com\\\/informelitoral\\\/\",\"https:\\\/\\\/x.com\\\/InformeLitoral\",\"https:\\\/\\\/www.instagram.com\\\/informelitoral\\\/\",\"https:\\\/\\\/www.youtube.com\\\/channel\\\/UCua4Qvz8Icb6MYqhoq9xLXw\"]},{\"@type\":\"Person\",\"@id\":\"https:\\\/\\\/informelitoral.com.ar\\\/#\\\/schema\\\/person\\\/b9d00407c836482871ef1d57bf8e3180\",\"name\":\"Gonzalo Schmidt\",\"image\":{\"@type\":\"ImageObject\",\"inLanguage\":\"es\",\"@id\":\"https:\\\/\\\/secure.gravatar.com\\\/avatar\\\/31a1a7b66ff2de83bd0e9fd79d026630d2d99e55e8bfe501287647b4fd9743de?s=96&d=mm&r=g\",\"url\":\"https:\\\/\\\/secure.gravatar.com\\\/avatar\\\/31a1a7b66ff2de83bd0e9fd79d026630d2d99e55e8bfe501287647b4fd9743de?s=96&d=mm&r=g\",\"contentUrl\":\"https:\\\/\\\/secure.gravatar.com\\\/avatar\\\/31a1a7b66ff2de83bd0e9fd79d026630d2d99e55e8bfe501287647b4fd9743de?s=96&d=mm&r=g\",\"caption\":\"Gonzalo Schmidt\"},\"description\":\"Sitio web de noticias de la provincia de Entre R\u00edos, Argentina. Informaci\u00f3n y entretenimiento. Informe Litoral, nos informamos.\",\"sameAs\":[\"http:\\\/\\\/www.isletasnoticias.com.ar\"],\"url\":\"https:\\\/\\\/informelitoral.com.ar\\\/author\\\/gonzalo\\\/\"}]}<\/script>","yoast_head_json":{"title":"Hein se interes\u00f3 por la mejora de la oferta acad\u00e9mica de la Facultad de Ciencia y Tecnolog\u00eda - Informe Litoral","robots":{"index":"index","follow":"follow","max-snippet":"max-snippet:-1","max-image-preview":"max-image-preview:large","max-video-preview":"max-video-preview:-1"},"canonical":"https:\/\/informelitoral.com.ar\/hein-se-intereso-por-la-mejora-de-la-oferta-academica-de-la-facultad-de-ciencia-y-tecnologia\/","og_locale":"es_ES","og_type":"article","og_title":"Hein se interes\u00f3 por la mejora de la oferta acad\u00e9mica de la Facultad de Ciencia y Tecnolog\u00eda - Informe Litoral","og_description":"Junto al decano Juan Pablo Filipuzzi, el presidente de la C\u00e1mara baja analiz\u00f3 la situaci\u00f3n de las sedes de la instituci\u00f3n educativa en la costa del Uruguay y las acciones necesarias para fortalecerlas en beneficio de los estudiantes de la regi\u00f3n.","og_url":"https:\/\/informelitoral.com.ar\/hein-se-intereso-por-la-mejora-de-la-oferta-academica-de-la-facultad-de-ciencia-y-tecnologia\/","og_site_name":"Informe Litoral","article_publisher":"https:\/\/www.facebook.com\/informelitoral\/","article_published_time":"2025-02-25T18:23:02+00:00","article_modified_time":"2025-02-25T23:25:26+00:00","og_image":[{"width":1024,"height":682,"url":"https:\/\/informelitoral.com.ar\/%77%70%2d%63%6f%6e%74%65%6e%74\/uploads\/2025\/02\/hein-filipuzzi.jpg","type":"image\/jpeg"}],"author":"Gonzalo Schmidt","twitter_card":"summary_large_image","twitter_creator":"@InformeLitoral","twitter_site":"@InformeLitoral","twitter_misc":{"Escrito por":"Gonzalo Schmidt","Tiempo de lectura":"2 minutos"},"schema":{"@context":"https:\/\/schema.org","@graph":[{"@type":"Article","@id":"https:\/\/informelitoral.com.ar\/hein-se-intereso-por-la-mejora-de-la-oferta-academica-de-la-facultad-de-ciencia-y-tecnologia\/#article","isPartOf":{"@id":"https:\/\/informelitoral.com.ar\/hein-se-intereso-por-la-mejora-de-la-oferta-academica-de-la-facultad-de-ciencia-y-tecnologia\/"},"author":{"name":"Gonzalo Schmidt","@id":"https:\/\/informelitoral.com.ar\/#\/schema\/person\/b9d00407c836482871ef1d57bf8e3180"},"headline":"Hein se interes\u00f3 por la mejora de la oferta acad\u00e9mica de la Facultad de Ciencia y Tecnolog\u00eda","datePublished":"2025-02-25T18:23:02+00:00","dateModified":"2025-02-25T23:25:26+00:00","mainEntityOfPage":{"@id":"https:\/\/informelitoral.com.ar\/hein-se-intereso-por-la-mejora-de-la-oferta-academica-de-la-facultad-de-ciencia-y-tecnologia\/"},"wordCount":358,"commentCount":0,"publisher":{"@id":"https:\/\/informelitoral.com.ar\/#organization"},"image":{"@id":"https:\/\/informelitoral.com.ar\/hein-se-intereso-por-la-mejora-de-la-oferta-academica-de-la-facultad-de-ciencia-y-tecnologia\/#primaryimage"},"thumbnailUrl":"https:\/\/informelitoral.com.ar\/%77%70%2d%63%6f%6e%74%65%6e%74\/uploads\/2025\/02\/hein-filipuzzi.jpg","keywords":["C\u00e1mara de Diputados","Diputados","Gustavo Hein","Uader"],"articleSection":["Politica"],"inLanguage":"es","potentialAction":[{"@type":"CommentAction","name":"Comment","target":["https:\/\/informelitoral.com.ar\/hein-se-intereso-por-la-mejora-de-la-oferta-academica-de-la-facultad-de-ciencia-y-tecnologia\/#respond"]}]},{"@type":"WebPage","@id":"https:\/\/informelitoral.com.ar\/hein-se-intereso-por-la-mejora-de-la-oferta-academica-de-la-facultad-de-ciencia-y-tecnologia\/","url":"https:\/\/informelitoral.com.ar\/hein-se-intereso-por-la-mejora-de-la-oferta-academica-de-la-facultad-de-ciencia-y-tecnologia\/","name":"Hein se interes\u00f3 por la mejora de la oferta acad\u00e9mica de la Facultad de Ciencia y Tecnolog\u00eda - Informe Litoral","isPartOf":{"@id":"https:\/\/informelitoral.com.ar\/#website"},"primaryImageOfPage":{"@id":"https:\/\/informelitoral.com.ar\/hein-se-intereso-por-la-mejora-de-la-oferta-academica-de-la-facultad-de-ciencia-y-tecnologia\/#primaryimage"},"image":{"@id":"https:\/\/informelitoral.com.ar\/hein-se-intereso-por-la-mejora-de-la-oferta-academica-de-la-facultad-de-ciencia-y-tecnologia\/#primaryimage"},"thumbnailUrl":"https:\/\/informelitoral.com.ar\/%77%70%2d%63%6f%6e%74%65%6e%74\/uploads\/2025\/02\/hein-filipuzzi.jpg","datePublished":"2025-02-25T18:23:02+00:00","dateModified":"2025-02-25T23:25:26+00:00","breadcrumb":{"@id":"https:\/\/informelitoral.com.ar\/hein-se-intereso-por-la-mejora-de-la-oferta-academica-de-la-facultad-de-ciencia-y-tecnologia\/#breadcrumb"},"inLanguage":"es","potentialAction":[{"@type":"ReadAction","target":["https:\/\/informelitoral.com.ar\/hein-se-intereso-por-la-mejora-de-la-oferta-academica-de-la-facultad-de-ciencia-y-tecnologia\/"]}]},{"@type":"ImageObject","inLanguage":"es","@id":"https:\/\/informelitoral.com.ar\/hein-se-intereso-por-la-mejora-de-la-oferta-academica-de-la-facultad-de-ciencia-y-tecnologia\/#primaryimage","url":"https:\/\/informelitoral.com.ar\/%77%70%2d%63%6f%6e%74%65%6e%74\/uploads\/2025\/02\/hein-filipuzzi.jpg","contentUrl":"https:\/\/informelitoral.com.ar\/%77%70%2d%63%6f%6e%74%65%6e%74\/uploads\/2025\/02\/hein-filipuzzi.jpg","width":1024,"height":682},{"@type":"BreadcrumbList","@id":"https:\/\/informelitoral.com.ar\/hein-se-intereso-por-la-mejora-de-la-oferta-academica-de-la-facultad-de-ciencia-y-tecnologia\/#breadcrumb","itemListElement":[{"@type":"ListItem","position":1,"name":"Portada","item":"https:\/\/informelitoral.com.ar\/"},{"@type":"ListItem","position":2,"name":"Hein se interes\u00f3 por la mejora de la oferta acad\u00e9mica de la Facultad de Ciencia y Tecnolog\u00eda"}]},{"@type":"WebSite","@id":"https:\/\/informelitoral.com.ar\/#website","url":"https:\/\/informelitoral.com.ar\/","name":"Informe Litoral","description":"&quot;Nos informamos&quot; ","publisher":{"@id":"https:\/\/informelitoral.com.ar\/#organization"},"potentialAction":[{"@type":"SearchAction","target":{"@type":"EntryPoint","urlTemplate":"https:\/\/informelitoral.com.ar\/?s={search_term_string}"},"query-input":{"@type":"PropertyValueSpecification","valueRequired":true,"valueName":"search_term_string"}}],"inLanguage":"es"},{"@type":"Organization","@id":"https:\/\/informelitoral.com.ar\/#organization","name":"Informe Litoral","url":"https:\/\/informelitoral.com.ar\/","logo":{"@type":"ImageObject","inLanguage":"es","@id":"https:\/\/informelitoral.com.ar\/#\/schema\/logo\/image\/","url":"https:\/\/informelitoral.com.ar\/%77%70%2d%63%6f%6e%74%65%6e%74\/uploads\/2021\/01\/circulo.png","contentUrl":"https:\/\/informelitoral.com.ar\/%77%70%2d%63%6f%6e%74%65%6e%74\/uploads\/2021\/01\/circulo.png","width":723,"height":731,"caption":"Informe Litoral"},"image":{"@id":"https:\/\/informelitoral.com.ar\/#\/schema\/logo\/image\/"},"sameAs":["https:\/\/www.facebook.com\/informelitoral\/","https:\/\/x.com\/InformeLitoral","https:\/\/www.instagram.com\/informelitoral\/","https:\/\/www.youtube.com\/channel\/UCua4Qvz8Icb6MYqhoq9xLXw"]},{"@type":"Person","@id":"https:\/\/informelitoral.com.ar\/#\/schema\/person\/b9d00407c836482871ef1d57bf8e3180","name":"Gonzalo Schmidt","image":{"@type":"ImageObject","inLanguage":"es","@id":"https:\/\/secure.gravatar.com\/avatar\/31a1a7b66ff2de83bd0e9fd79d026630d2d99e55e8bfe501287647b4fd9743de?s=96&d=mm&r=g","url":"https:\/\/secure.gravatar.com\/avatar\/31a1a7b66ff2de83bd0e9fd79d026630d2d99e55e8bfe501287647b4fd9743de?s=96&d=mm&r=g","contentUrl":"https:\/\/secure.gravatar.com\/avatar\/31a1a7b66ff2de83bd0e9fd79d026630d2d99e55e8bfe501287647b4fd9743de?s=96&d=mm&r=g","caption":"Gonzalo Schmidt"},"description":"Sitio web de noticias de la provincia de Entre R\u00edos, Argentina. Informaci\u00f3n y entretenimiento. Informe Litoral, nos informamos.","sameAs":["http:\/\/www.isletasnoticias.com.ar"],"url":"https:\/\/informelitoral.com.ar\/author\/gonzalo\/"}]}},"_links":{"self":[{"href":"https:\/\/informelitoral.com.ar\/%77%70%2d%6a%73%6f%6e\/wp\/v2\/posts\/213027","targetHints":{"allow":["GET"]}}],"collection":[{"href":"https:\/\/informelitoral.com.ar\/%77%70%2d%6a%73%6f%6e\/wp\/v2\/posts"}],"about":[{"href":"https:\/\/informelitoral.com.ar\/%77%70%2d%6a%73%6f%6e\/wp\/v2\/types\/post"}],"author":[{"embeddable":true,"href":"https:\/\/informelitoral.com.ar\/%77%70%2d%6a%73%6f%6e\/wp\/v2\/users\/2"}],"replies":[{"embeddable":true,"href":"https:\/\/informelitoral.com.ar\/%77%70%2d%6a%73%6f%6e\/wp\/v2\/comments?post=213027"}],"version-history":[{"count":0,"href":"https:\/\/informelitoral.com.ar\/%77%70%2d%6a%73%6f%6e\/wp\/v2\/posts\/213027\/revisions"}],"wp:featuredmedia":[{"embeddable":true,"href":"https:\/\/informelitoral.com.ar\/%77%70%2d%6a%73%6f%6e\/wp\/v2\/media\/213028"}],"wp:attachment":[{"href":"https:\/\/informelitoral.com.ar\/%77%70%2d%6a%73%6f%6e\/wp\/v2\/media?parent=213027"}],"wp:term":[{"taxonomy":"category","embeddable":true,"href":"https:\/\/informelitoral.com.ar\/%77%70%2d%6a%73%6f%6e\/wp\/v2\/categories?post=213027"},{"taxonomy":"post_tag","embeddable":true,"href":"https:\/\/informelitoral.com.ar\/%77%70%2d%6a%73%6f%6e\/wp\/v2\/tags?post=213027"}],"curies":[{"name":"wp","href":"https:\/\/api.w.org\/{rel}","templated":true}]}}