{"id":213020,"date":"2025-02-25T20:14:31","date_gmt":"2025-02-25T23:14:31","guid":{"rendered":"https:\/\/informelitoral.com.ar\/?p=213020"},"modified":"2025-02-25T20:16:42","modified_gmt":"2025-02-25T23:16:42","slug":"consejo-de-la-magistratura-diputados-escucharon-a-representantes-de-la-sociedad-civil","status":"publish","type":"post","link":"https:\/\/informelitoral.com.ar\/consejo-de-la-magistratura-diputados-escucharon-a-representantes-de-la-sociedad-civil\/","title":{"rendered":"Consejo de la Magistratura: diputados escucharon a representantes de la sociedad civil"},"content":{"rendered":"<p>La comisi\u00f3n de Asuntos Constitucionales, Juicio Pol\u00edtico y Peticiones, Poderes y Reglamento de la C\u00e1mara de Diputados, que preside <strong>Gabriela Lena,<\/strong> abord\u00f3 nuevamente este martes el proyecto de reforma de la Ley N\u00ba 11.003 del Consejo de la Magistratura de la Provincia de Entre R\u00edos, remitido por el Poder Ejecutivo. En esta oportunidad, los legisladores escucharon a representantes de la sociedad civil que integran el organismo que selecciona a las autoridades del Poder Judicial.<\/p>\n<p>\u201cHoy recibimos a los dos representantes de la sociedad civil en el Consejo de la Magistratura, quienes nos dieron su opini\u00f3n respecto del proyecto de ley\u201d, inform\u00f3 la diputada Lena. Se trata de los consejeros Mar\u00eda Paula Arm\u00e1ndola (Colegio de Corredores P\u00fablicos Inmobiliarios de Entre R\u00edos) y <strong>Mat\u00edas Daniel Chiosso<\/strong> (Asociaci\u00f3n Civil Vida y Esperanza).<\/p>\n<p>\u201cEs importante explicar la importancia que el Consejo de la Magistratura tiene para la vida institucional de la provincia. Es el organismo que la constituci\u00f3n establece para el nombramiento de los jueces, fiscales y defensores en Entre R\u00edos, lo cual se hace en base al m\u00e9rito, a trav\u00e9s concursos de oposici\u00f3n y antecedentes\u201d, detall\u00f3 la legisladora. \u201cEsto hace que los funcionarios judiciales tengan independencia para poder investigar, defender o sancionar y juzgar, sin intervenci\u00f3n del poder pol\u00edtico y de quien sea el gobierno de turno\u201d, agreg\u00f3.<\/p>\n<p>Acerca de las personas que participaron como invitadas de la reuni\u00f3n de comisi\u00f3n, record\u00f3: \u201cUna pata del Consejo de la Magistratura es la sociedad civil, que no tiene absolutamente nada que ver con la tem\u00e1tica del Derecho, pero que s\u00ed tiene una mirada de la Justicia, como vecino\u201d.<\/p>\n<p>En adelante, la comisi\u00f3n trabajar\u00e1 sobre el texto del proyecto en base a los aportes que se han recibido y al intercambio entre los diputados de diferentes bloques. \u201cIntentaremos arribar a un texto consensuado la semana que viene y, si es posible, ingresarlo en la pr\u00f3xima sesi\u00f3n\u201d, indic\u00f3.<\/p>\n<p>Mediante esta iniciativa se prev\u00e9n cambios en la normativa vigente, con el objetivo de destrabar la realizaci\u00f3n de concursos para la cobertura de cargos vacantes en el Poder Judicial, as\u00ed como otras reformas referidas al funcionamiento de la instituci\u00f3n.<\/p>\n<h6><em><strong>Del archivo:\u00a0<a href=\"https:\/\/informelitoral.com.ar\/frigerio-brego-por-un-estado-que-siembre-a-la-par-del-sector-privado-y-genere-condiciones-para-el-desarrollo\/\" target=\"_blank\" rel=\"noopener\">Frigerio breg\u00f3 por un Estado que siembre a la par del sector privado y genere condiciones para el desarrollo<\/a><\/strong><\/em><\/h6>\n","protected":false},"excerpt":{"rendered":"<p>La comisi\u00f3n de Asuntos Constitucionales continu\u00f3 con el tratamiento del proyecto de ley para reformar el organismo que selecciona jueces, fiscales y defensores, presentado por el Poder Ejecutivo.<\/p>\n","protected":false},"author":2,"featured_media":213021,"comment_status":"open","ping_status":"open","sticky":false,"template":"","format":"standard","meta":{"fifu_image_url":"","fifu_image_alt":"","footnotes":""},"categories":[16],"tags":[3627,196,287],"class_list":{"0":"post-213020","1":"post","2":"type-post","3":"status-publish","4":"format-standard","5":"has-post-thumbnail","7":"category-politi","8":"tag-camara-de-diputados","9":"tag-diputados","10":"tag-legislativas"},"yoast_head":"<title>Consejo de la Magistratura: diputados escucharon a representantes de la sociedad civil - Informe Litoral<\/title>\n<meta name=\"robots\" content=\"index, follow, max-snippet:-1, max-image-preview:large, max-video-preview:-1\" \/>\n<link rel=\"canonical\" href=\"https:\/\/informelitoral.com.ar\/consejo-de-la-magistratura-diputados-escucharon-a-representantes-de-la-sociedad-civil\/\" \/>\n<meta property=\"og:locale\" content=\"es_ES\" \/>\n<meta property=\"og:type\" content=\"article\" \/>\n<meta property=\"og:title\" content=\"Consejo de la Magistratura: diputados escucharon a representantes de la sociedad civil - Informe Litoral\" \/>\n<meta property=\"og:description\" content=\"La comisi\u00f3n de Asuntos Constitucionales continu\u00f3 con el tratamiento del proyecto de ley para reformar el organismo que selecciona jueces, fiscales y defensores, presentado por el Poder Ejecutivo.\" \/>\n<meta property=\"og:url\" content=\"https:\/\/informelitoral.com.ar\/consejo-de-la-magistratura-diputados-escucharon-a-representantes-de-la-sociedad-civil\/\" \/>\n<meta property=\"og:site_name\" content=\"Informe Litoral\" \/>\n<meta property=\"article:publisher\" content=\"https:\/\/www.facebook.com\/informelitoral\/\" \/>\n<meta property=\"article:published_time\" content=\"2025-02-25T23:14:31+00:00\" \/>\n<meta property=\"article:modified_time\" content=\"2025-02-25T23:16:42+00:00\" \/>\n<meta property=\"og:image\" content=\"https:\/\/informelitoral.com.ar\/%77%70%2d%63%6f%6e%74%65%6e%74\/uploads\/2025\/02\/1767_4193.jpg\" \/>\n\t<meta property=\"og:image:width\" content=\"1024\" \/>\n\t<meta property=\"og:image:height\" content=\"682\" \/>\n\t<meta property=\"og:image:type\" content=\"image\/jpeg\" \/>\n<meta name=\"author\" content=\"Gonzalo Schmidt\" \/>\n<meta name=\"twitter:card\" content=\"summary_large_image\" \/>\n<meta name=\"twitter:creator\" content=\"@InformeLitoral\" \/>\n<meta name=\"twitter:site\" content=\"@InformeLitoral\" \/>\n<meta name=\"twitter:label1\" content=\"Escrito por\" \/>\n\t<meta name=\"twitter:data1\" content=\"Gonzalo Schmidt\" \/>\n\t<meta name=\"twitter:label2\" content=\"Tiempo de lectura\" \/>\n\t<meta name=\"twitter:data2\" content=\"2 minutos\" \/>\n<script type=\"application\/ld+json\" class=\"yoast-schema-graph\">{\"@context\":\"https:\\\/\\\/schema.org\",\"@graph\":[{\"@type\":\"Article\",\"@id\":\"https:\\\/\\\/informelitoral.com.ar\\\/consejo-de-la-magistratura-diputados-escucharon-a-representantes-de-la-sociedad-civil\\\/#article\",\"isPartOf\":{\"@id\":\"https:\\\/\\\/informelitoral.com.ar\\\/consejo-de-la-magistratura-diputados-escucharon-a-representantes-de-la-sociedad-civil\\\/\"},\"author\":{\"name\":\"Gonzalo Schmidt\",\"@id\":\"https:\\\/\\\/informelitoral.com.ar\\\/#\\\/schema\\\/person\\\/b9d00407c836482871ef1d57bf8e3180\"},\"headline\":\"Consejo de la Magistratura: diputados escucharon a representantes de la sociedad civil\",\"datePublished\":\"2025-02-25T23:14:31+00:00\",\"dateModified\":\"2025-02-25T23:16:42+00:00\",\"mainEntityOfPage\":{\"@id\":\"https:\\\/\\\/informelitoral.com.ar\\\/consejo-de-la-magistratura-diputados-escucharon-a-representantes-de-la-sociedad-civil\\\/\"},\"wordCount\":409,\"commentCount\":0,\"publisher\":{\"@id\":\"https:\\\/\\\/informelitoral.com.ar\\\/#organization\"},\"image\":{\"@id\":\"https:\\\/\\\/informelitoral.com.ar\\\/consejo-de-la-magistratura-diputados-escucharon-a-representantes-de-la-sociedad-civil\\\/#primaryimage\"},\"thumbnailUrl\":\"https:\\\/\\\/informelitoral.com.ar\\\/%77%70%2d%63%6f%6e%74%65%6e%74\\\/uploads\\\/2025\\\/02\\\/1767_4193.jpg\",\"keywords\":[\"C\u00e1mara de Diputados\",\"Diputados\",\"Legislativas\"],\"articleSection\":[\"Politica\"],\"inLanguage\":\"es\",\"potentialAction\":[{\"@type\":\"CommentAction\",\"name\":\"Comment\",\"target\":[\"https:\\\/\\\/informelitoral.com.ar\\\/consejo-de-la-magistratura-diputados-escucharon-a-representantes-de-la-sociedad-civil\\\/#respond\"]}]},{\"@type\":\"WebPage\",\"@id\":\"https:\\\/\\\/informelitoral.com.ar\\\/consejo-de-la-magistratura-diputados-escucharon-a-representantes-de-la-sociedad-civil\\\/\",\"url\":\"https:\\\/\\\/informelitoral.com.ar\\\/consejo-de-la-magistratura-diputados-escucharon-a-representantes-de-la-sociedad-civil\\\/\",\"name\":\"Consejo de la Magistratura: diputados escucharon a representantes de la sociedad civil - Informe Litoral\",\"isPartOf\":{\"@id\":\"https:\\\/\\\/informelitoral.com.ar\\\/#website\"},\"primaryImageOfPage\":{\"@id\":\"https:\\\/\\\/informelitoral.com.ar\\\/consejo-de-la-magistratura-diputados-escucharon-a-representantes-de-la-sociedad-civil\\\/#primaryimage\"},\"image\":{\"@id\":\"https:\\\/\\\/informelitoral.com.ar\\\/consejo-de-la-magistratura-diputados-escucharon-a-representantes-de-la-sociedad-civil\\\/#primaryimage\"},\"thumbnailUrl\":\"https:\\\/\\\/informelitoral.com.ar\\\/%77%70%2d%63%6f%6e%74%65%6e%74\\\/uploads\\\/2025\\\/02\\\/1767_4193.jpg\",\"datePublished\":\"2025-02-25T23:14:31+00:00\",\"dateModified\":\"2025-02-25T23:16:42+00:00\",\"breadcrumb\":{\"@id\":\"https:\\\/\\\/informelitoral.com.ar\\\/consejo-de-la-magistratura-diputados-escucharon-a-representantes-de-la-sociedad-civil\\\/#breadcrumb\"},\"inLanguage\":\"es\",\"potentialAction\":[{\"@type\":\"ReadAction\",\"target\":[\"https:\\\/\\\/informelitoral.com.ar\\\/consejo-de-la-magistratura-diputados-escucharon-a-representantes-de-la-sociedad-civil\\\/\"]}]},{\"@type\":\"ImageObject\",\"inLanguage\":\"es\",\"@id\":\"https:\\\/\\\/informelitoral.com.ar\\\/consejo-de-la-magistratura-diputados-escucharon-a-representantes-de-la-sociedad-civil\\\/#primaryimage\",\"url\":\"https:\\\/\\\/informelitoral.com.ar\\\/%77%70%2d%63%6f%6e%74%65%6e%74\\\/uploads\\\/2025\\\/02\\\/1767_4193.jpg\",\"contentUrl\":\"https:\\\/\\\/informelitoral.com.ar\\\/%77%70%2d%63%6f%6e%74%65%6e%74\\\/uploads\\\/2025\\\/02\\\/1767_4193.jpg\",\"width\":1024,\"height\":682},{\"@type\":\"BreadcrumbList\",\"@id\":\"https:\\\/\\\/informelitoral.com.ar\\\/consejo-de-la-magistratura-diputados-escucharon-a-representantes-de-la-sociedad-civil\\\/#breadcrumb\",\"itemListElement\":[{\"@type\":\"ListItem\",\"position\":1,\"name\":\"Portada\",\"item\":\"https:\\\/\\\/informelitoral.com.ar\\\/\"},{\"@type\":\"ListItem\",\"position\":2,\"name\":\"Consejo de la Magistratura: diputados escucharon a representantes de la sociedad civil\"}]},{\"@type\":\"WebSite\",\"@id\":\"https:\\\/\\\/informelitoral.com.ar\\\/#website\",\"url\":\"https:\\\/\\\/informelitoral.com.ar\\\/\",\"name\":\"Informe Litoral\",\"description\":\"&quot;Nos informamos&quot; \",\"publisher\":{\"@id\":\"https:\\\/\\\/informelitoral.com.ar\\\/#organization\"},\"potentialAction\":[{\"@type\":\"SearchAction\",\"target\":{\"@type\":\"EntryPoint\",\"urlTemplate\":\"https:\\\/\\\/informelitoral.com.ar\\\/?s={search_term_string}\"},\"query-input\":{\"@type\":\"PropertyValueSpecification\",\"valueRequired\":true,\"valueName\":\"search_term_string\"}}],\"inLanguage\":\"es\"},{\"@type\":\"Organization\",\"@id\":\"https:\\\/\\\/informelitoral.com.ar\\\/#organization\",\"name\":\"Informe Litoral\",\"url\":\"https:\\\/\\\/informelitoral.com.ar\\\/\",\"logo\":{\"@type\":\"ImageObject\",\"inLanguage\":\"es\",\"@id\":\"https:\\\/\\\/informelitoral.com.ar\\\/#\\\/schema\\\/logo\\\/image\\\/\",\"url\":\"https:\\\/\\\/informelitoral.com.ar\\\/%77%70%2d%63%6f%6e%74%65%6e%74\\\/uploads\\\/2021\\\/01\\\/circulo.png\",\"contentUrl\":\"https:\\\/\\\/informelitoral.com.ar\\\/%77%70%2d%63%6f%6e%74%65%6e%74\\\/uploads\\\/2021\\\/01\\\/circulo.png\",\"width\":723,\"height\":731,\"caption\":\"Informe Litoral\"},\"image\":{\"@id\":\"https:\\\/\\\/informelitoral.com.ar\\\/#\\\/schema\\\/logo\\\/image\\\/\"},\"sameAs\":[\"https:\\\/\\\/www.facebook.com\\\/informelitoral\\\/\",\"https:\\\/\\\/x.com\\\/InformeLitoral\",\"https:\\\/\\\/www.instagram.com\\\/informelitoral\\\/\",\"https:\\\/\\\/www.youtube.com\\\/channel\\\/UCua4Qvz8Icb6MYqhoq9xLXw\"]},{\"@type\":\"Person\",\"@id\":\"https:\\\/\\\/informelitoral.com.ar\\\/#\\\/schema\\\/person\\\/b9d00407c836482871ef1d57bf8e3180\",\"name\":\"Gonzalo Schmidt\",\"image\":{\"@type\":\"ImageObject\",\"inLanguage\":\"es\",\"@id\":\"https:\\\/\\\/secure.gravatar.com\\\/avatar\\\/31a1a7b66ff2de83bd0e9fd79d026630d2d99e55e8bfe501287647b4fd9743de?s=96&d=mm&r=g\",\"url\":\"https:\\\/\\\/secure.gravatar.com\\\/avatar\\\/31a1a7b66ff2de83bd0e9fd79d026630d2d99e55e8bfe501287647b4fd9743de?s=96&d=mm&r=g\",\"contentUrl\":\"https:\\\/\\\/secure.gravatar.com\\\/avatar\\\/31a1a7b66ff2de83bd0e9fd79d026630d2d99e55e8bfe501287647b4fd9743de?s=96&d=mm&r=g\",\"caption\":\"Gonzalo Schmidt\"},\"description\":\"Sitio web de noticias de la provincia de Entre R\u00edos, Argentina. Informaci\u00f3n y entretenimiento. Informe Litoral, nos informamos.\",\"sameAs\":[\"http:\\\/\\\/www.isletasnoticias.com.ar\"],\"url\":\"https:\\\/\\\/informelitoral.com.ar\\\/author\\\/gonzalo\\\/\"}]}<\/script>","yoast_head_json":{"title":"Consejo de la Magistratura: diputados escucharon a representantes de la sociedad civil - Informe Litoral","robots":{"index":"index","follow":"follow","max-snippet":"max-snippet:-1","max-image-preview":"max-image-preview:large","max-video-preview":"max-video-preview:-1"},"canonical":"https:\/\/informelitoral.com.ar\/consejo-de-la-magistratura-diputados-escucharon-a-representantes-de-la-sociedad-civil\/","og_locale":"es_ES","og_type":"article","og_title":"Consejo de la Magistratura: diputados escucharon a representantes de la sociedad civil - Informe Litoral","og_description":"La comisi\u00f3n de Asuntos Constitucionales continu\u00f3 con el tratamiento del proyecto de ley para reformar el organismo que selecciona jueces, fiscales y defensores, presentado por el Poder Ejecutivo.","og_url":"https:\/\/informelitoral.com.ar\/consejo-de-la-magistratura-diputados-escucharon-a-representantes-de-la-sociedad-civil\/","og_site_name":"Informe Litoral","article_publisher":"https:\/\/www.facebook.com\/informelitoral\/","article_published_time":"2025-02-25T23:14:31+00:00","article_modified_time":"2025-02-25T23:16:42+00:00","og_image":[{"width":1024,"height":682,"url":"https:\/\/informelitoral.com.ar\/%77%70%2d%63%6f%6e%74%65%6e%74\/uploads\/2025\/02\/1767_4193.jpg","type":"image\/jpeg"}],"author":"Gonzalo Schmidt","twitter_card":"summary_large_image","twitter_creator":"@InformeLitoral","twitter_site":"@InformeLitoral","twitter_misc":{"Escrito por":"Gonzalo Schmidt","Tiempo de lectura":"2 minutos"},"schema":{"@context":"https:\/\/schema.org","@graph":[{"@type":"Article","@id":"https:\/\/informelitoral.com.ar\/consejo-de-la-magistratura-diputados-escucharon-a-representantes-de-la-sociedad-civil\/#article","isPartOf":{"@id":"https:\/\/informelitoral.com.ar\/consejo-de-la-magistratura-diputados-escucharon-a-representantes-de-la-sociedad-civil\/"},"author":{"name":"Gonzalo Schmidt","@id":"https:\/\/informelitoral.com.ar\/#\/schema\/person\/b9d00407c836482871ef1d57bf8e3180"},"headline":"Consejo de la Magistratura: diputados escucharon a representantes de la sociedad civil","datePublished":"2025-02-25T23:14:31+00:00","dateModified":"2025-02-25T23:16:42+00:00","mainEntityOfPage":{"@id":"https:\/\/informelitoral.com.ar\/consejo-de-la-magistratura-diputados-escucharon-a-representantes-de-la-sociedad-civil\/"},"wordCount":409,"commentCount":0,"publisher":{"@id":"https:\/\/informelitoral.com.ar\/#organization"},"image":{"@id":"https:\/\/informelitoral.com.ar\/consejo-de-la-magistratura-diputados-escucharon-a-representantes-de-la-sociedad-civil\/#primaryimage"},"thumbnailUrl":"https:\/\/informelitoral.com.ar\/%77%70%2d%63%6f%6e%74%65%6e%74\/uploads\/2025\/02\/1767_4193.jpg","keywords":["C\u00e1mara de Diputados","Diputados","Legislativas"],"articleSection":["Politica"],"inLanguage":"es","potentialAction":[{"@type":"CommentAction","name":"Comment","target":["https:\/\/informelitoral.com.ar\/consejo-de-la-magistratura-diputados-escucharon-a-representantes-de-la-sociedad-civil\/#respond"]}]},{"@type":"WebPage","@id":"https:\/\/informelitoral.com.ar\/consejo-de-la-magistratura-diputados-escucharon-a-representantes-de-la-sociedad-civil\/","url":"https:\/\/informelitoral.com.ar\/consejo-de-la-magistratura-diputados-escucharon-a-representantes-de-la-sociedad-civil\/","name":"Consejo de la Magistratura: diputados escucharon a representantes de la sociedad civil - Informe Litoral","isPartOf":{"@id":"https:\/\/informelitoral.com.ar\/#website"},"primaryImageOfPage":{"@id":"https:\/\/informelitoral.com.ar\/consejo-de-la-magistratura-diputados-escucharon-a-representantes-de-la-sociedad-civil\/#primaryimage"},"image":{"@id":"https:\/\/informelitoral.com.ar\/consejo-de-la-magistratura-diputados-escucharon-a-representantes-de-la-sociedad-civil\/#primaryimage"},"thumbnailUrl":"https:\/\/informelitoral.com.ar\/%77%70%2d%63%6f%6e%74%65%6e%74\/uploads\/2025\/02\/1767_4193.jpg","datePublished":"2025-02-25T23:14:31+00:00","dateModified":"2025-02-25T23:16:42+00:00","breadcrumb":{"@id":"https:\/\/informelitoral.com.ar\/consejo-de-la-magistratura-diputados-escucharon-a-representantes-de-la-sociedad-civil\/#breadcrumb"},"inLanguage":"es","potentialAction":[{"@type":"ReadAction","target":["https:\/\/informelitoral.com.ar\/consejo-de-la-magistratura-diputados-escucharon-a-representantes-de-la-sociedad-civil\/"]}]},{"@type":"ImageObject","inLanguage":"es","@id":"https:\/\/informelitoral.com.ar\/consejo-de-la-magistratura-diputados-escucharon-a-representantes-de-la-sociedad-civil\/#primaryimage","url":"https:\/\/informelitoral.com.ar\/%77%70%2d%63%6f%6e%74%65%6e%74\/uploads\/2025\/02\/1767_4193.jpg","contentUrl":"https:\/\/informelitoral.com.ar\/%77%70%2d%63%6f%6e%74%65%6e%74\/uploads\/2025\/02\/1767_4193.jpg","width":1024,"height":682},{"@type":"BreadcrumbList","@id":"https:\/\/informelitoral.com.ar\/consejo-de-la-magistratura-diputados-escucharon-a-representantes-de-la-sociedad-civil\/#breadcrumb","itemListElement":[{"@type":"ListItem","position":1,"name":"Portada","item":"https:\/\/informelitoral.com.ar\/"},{"@type":"ListItem","position":2,"name":"Consejo de la Magistratura: diputados escucharon a representantes de la sociedad civil"}]},{"@type":"WebSite","@id":"https:\/\/informelitoral.com.ar\/#website","url":"https:\/\/informelitoral.com.ar\/","name":"Informe Litoral","description":"&quot;Nos informamos&quot; ","publisher":{"@id":"https:\/\/informelitoral.com.ar\/#organization"},"potentialAction":[{"@type":"SearchAction","target":{"@type":"EntryPoint","urlTemplate":"https:\/\/informelitoral.com.ar\/?s={search_term_string}"},"query-input":{"@type":"PropertyValueSpecification","valueRequired":true,"valueName":"search_term_string"}}],"inLanguage":"es"},{"@type":"Organization","@id":"https:\/\/informelitoral.com.ar\/#organization","name":"Informe Litoral","url":"https:\/\/informelitoral.com.ar\/","logo":{"@type":"ImageObject","inLanguage":"es","@id":"https:\/\/informelitoral.com.ar\/#\/schema\/logo\/image\/","url":"https:\/\/informelitoral.com.ar\/%77%70%2d%63%6f%6e%74%65%6e%74\/uploads\/2021\/01\/circulo.png","contentUrl":"https:\/\/informelitoral.com.ar\/%77%70%2d%63%6f%6e%74%65%6e%74\/uploads\/2021\/01\/circulo.png","width":723,"height":731,"caption":"Informe Litoral"},"image":{"@id":"https:\/\/informelitoral.com.ar\/#\/schema\/logo\/image\/"},"sameAs":["https:\/\/www.facebook.com\/informelitoral\/","https:\/\/x.com\/InformeLitoral","https:\/\/www.instagram.com\/informelitoral\/","https:\/\/www.youtube.com\/channel\/UCua4Qvz8Icb6MYqhoq9xLXw"]},{"@type":"Person","@id":"https:\/\/informelitoral.com.ar\/#\/schema\/person\/b9d00407c836482871ef1d57bf8e3180","name":"Gonzalo Schmidt","image":{"@type":"ImageObject","inLanguage":"es","@id":"https:\/\/secure.gravatar.com\/avatar\/31a1a7b66ff2de83bd0e9fd79d026630d2d99e55e8bfe501287647b4fd9743de?s=96&d=mm&r=g","url":"https:\/\/secure.gravatar.com\/avatar\/31a1a7b66ff2de83bd0e9fd79d026630d2d99e55e8bfe501287647b4fd9743de?s=96&d=mm&r=g","contentUrl":"https:\/\/secure.gravatar.com\/avatar\/31a1a7b66ff2de83bd0e9fd79d026630d2d99e55e8bfe501287647b4fd9743de?s=96&d=mm&r=g","caption":"Gonzalo Schmidt"},"description":"Sitio web de noticias de la provincia de Entre R\u00edos, Argentina. Informaci\u00f3n y entretenimiento. Informe Litoral, nos informamos.","sameAs":["http:\/\/www.isletasnoticias.com.ar"],"url":"https:\/\/informelitoral.com.ar\/author\/gonzalo\/"}]}},"_links":{"self":[{"href":"https:\/\/informelitoral.com.ar\/%77%70%2d%6a%73%6f%6e\/wp\/v2\/posts\/213020","targetHints":{"allow":["GET"]}}],"collection":[{"href":"https:\/\/informelitoral.com.ar\/%77%70%2d%6a%73%6f%6e\/wp\/v2\/posts"}],"about":[{"href":"https:\/\/informelitoral.com.ar\/%77%70%2d%6a%73%6f%6e\/wp\/v2\/types\/post"}],"author":[{"embeddable":true,"href":"https:\/\/informelitoral.com.ar\/%77%70%2d%6a%73%6f%6e\/wp\/v2\/users\/2"}],"replies":[{"embeddable":true,"href":"https:\/\/informelitoral.com.ar\/%77%70%2d%6a%73%6f%6e\/wp\/v2\/comments?post=213020"}],"version-history":[{"count":0,"href":"https:\/\/informelitoral.com.ar\/%77%70%2d%6a%73%6f%6e\/wp\/v2\/posts\/213020\/revisions"}],"wp:featuredmedia":[{"embeddable":true,"href":"https:\/\/informelitoral.com.ar\/%77%70%2d%6a%73%6f%6e\/wp\/v2\/media\/213021"}],"wp:attachment":[{"href":"https:\/\/informelitoral.com.ar\/%77%70%2d%6a%73%6f%6e\/wp\/v2\/media?parent=213020"}],"wp:term":[{"taxonomy":"category","embeddable":true,"href":"https:\/\/informelitoral.com.ar\/%77%70%2d%6a%73%6f%6e\/wp\/v2\/categories?post=213020"},{"taxonomy":"post_tag","embeddable":true,"href":"https:\/\/informelitoral.com.ar\/%77%70%2d%6a%73%6f%6e\/wp\/v2\/tags?post=213020"}],"curies":[{"name":"wp","href":"https:\/\/api.w.org\/{rel}","templated":true}]}}