{"id":213013,"date":"2025-02-25T15:13:45","date_gmt":"2025-02-25T18:13:45","guid":{"rendered":"https:\/\/informelitoral.com.ar\/?p=213013"},"modified":"2025-02-25T20:03:01","modified_gmt":"2025-02-25T23:03:01","slug":"aftosa-por-falta-de-precio-de-la-vacuna-se-suspendio-la-asamblea-de-la-fucofa","status":"publish","type":"post","link":"https:\/\/informelitoral.com.ar\/aftosa-por-falta-de-precio-de-la-vacuna-se-suspendio-la-asamblea-de-la-fucofa\/","title":{"rendered":"Aftosa: por falta de precio de la vacuna se suspendi\u00f3 la asamblea de la Fucofa"},"content":{"rendered":"<p>La Fundaci\u00f3n de Lucha contra la Fiebre Aftosa (Fucofa) ten\u00eda previsto realizar este jueves 27, en Villaguay, la asamblea de productores para debatir y eventualmente aprobar el precio de la dosis de la vacuna contra la fiebre aftosa, a pocos d\u00edas del comienzo de la primera campa\u00f1a anual. El encuentro, sin embargo, seg\u00fan resolvi\u00f3 el Consejo de Administraci\u00f3n de la entidad, debi\u00f3 ser suspendido \u2013sin fecha\u2013 debido a que no hay precio por parte de los laboratorios.<\/p>\n<p>El presidente de la Fucofa, Luis Folmer, en di\u00e1logo con C\u00d3DIGO CAMPO, confirm\u00f3 la decisi\u00f3n y lament\u00f3 esta situaci\u00f3n. \u201cEs inexplicable, es la primera vez que nos pasa\u201d, remarc\u00f3, y dijo que \u201cesto produce un gran trastorno en relaci\u00f3n con nuestros productores\u201d.<\/p>\n<p>Desde la entidad, adem\u00e1s, se se\u00f1al\u00f3 que \u201ca pesar de nuestras intensas gestiones, a\u00fan no contamos con el precio de la vacuna contra aftosa a la salida del laboratorio. Este \u00edtem es el m\u00e1s significativo dentro del presupuesto, impactando de manera considerable en el costo final\u201d.<\/p>\n<p>Los directivos de la Fucofa ya enviaron a cada una de las Comisiones Departamentales el presupuesto del costo operativo, \u201ccumpliendo con los plazos y obligaciones establecidos por los usos y costumbres de la fundaci\u00f3n\u201d, subrayaron. \u201cEste presupuesto contempla los per\u00edodos necesarios para que el c\u00e1lculo econ\u00f3mico sea analizado, consultado y verificado, con el objetivo de que los productores dispongan de la informaci\u00f3n necesaria para aprobar el presupuesto final durante la asamblea en la que se determina el precio de la vacuna contra la fiebre aftosa y brucelosis, adem\u00e1s del plan de control de garrapata\u201d, agreg\u00f3 la Fucofa.<\/p>\n","protected":false},"excerpt":{"rendered":"<p>Los laboratorios que las fabrican \u201cinexplicablemente se resisten a dar el precio\u201d de las dosis, se\u00f1alaron desde la entidad. Esta situaci\u00f3n complica mucho el inicio de la campa\u00f1a 2025 previsto para el 10 de marzo pr\u00f3ximo. <\/p>\n","protected":false},"author":8,"featured_media":195327,"comment_status":"open","ping_status":"open","sticky":false,"template":"","format":"standard","meta":{"fifu_image_url":"","fifu_image_alt":"","footnotes":""},"categories":[10],"tags":[516,517],"class_list":{"0":"post-213013","1":"post","2":"type-post","3":"status-publish","4":"format-standard","5":"has-post-thumbnail","7":"category-campo","8":"tag-aftosa","9":"tag-fucofa"},"yoast_head":"<title>Aftosa: por falta de precio de la vacuna se suspendi\u00f3 la asamblea de la Fucofa - Informe Litoral<\/title>\n<meta name=\"robots\" content=\"index, follow, max-snippet:-1, max-image-preview:large, max-video-preview:-1\" \/>\n<link rel=\"canonical\" href=\"https:\/\/informelitoral.com.ar\/aftosa-por-falta-de-precio-de-la-vacuna-se-suspendio-la-asamblea-de-la-fucofa\/\" \/>\n<meta property=\"og:locale\" content=\"es_ES\" \/>\n<meta property=\"og:type\" content=\"article\" \/>\n<meta property=\"og:title\" content=\"Aftosa: por falta de precio de la vacuna se suspendi\u00f3 la asamblea de la Fucofa - Informe Litoral\" \/>\n<meta property=\"og:description\" content=\"Los laboratorios que las fabrican \u201cinexplicablemente se resisten a dar el precio\u201d de las dosis, se\u00f1alaron desde la entidad. Esta situaci\u00f3n complica mucho el inicio de la campa\u00f1a 2025 previsto para el 10 de marzo pr\u00f3ximo.\" \/>\n<meta property=\"og:url\" content=\"https:\/\/informelitoral.com.ar\/aftosa-por-falta-de-precio-de-la-vacuna-se-suspendio-la-asamblea-de-la-fucofa\/\" \/>\n<meta property=\"og:site_name\" content=\"Informe Litoral\" \/>\n<meta property=\"article:publisher\" content=\"https:\/\/www.facebook.com\/informelitoral\/\" \/>\n<meta property=\"article:published_time\" content=\"2025-02-25T18:13:45+00:00\" \/>\n<meta property=\"article:modified_time\" content=\"2025-02-25T23:03:01+00:00\" \/>\n<meta property=\"og:image\" content=\"https:\/\/informelitoral.com.ar\/%77%70%2d%63%6f%6e%74%65%6e%74\/uploads\/2024\/08\/VacasIII.jpg\" \/>\n\t<meta property=\"og:image:width\" content=\"924\" \/>\n\t<meta property=\"og:image:height\" content=\"456\" \/>\n\t<meta property=\"og:image:type\" content=\"image\/jpeg\" \/>\n<meta name=\"author\" content=\"Sebastian\" \/>\n<meta name=\"twitter:card\" content=\"summary_large_image\" \/>\n<meta name=\"twitter:creator\" content=\"@InformeLitoral\" \/>\n<meta name=\"twitter:site\" content=\"@InformeLitoral\" \/>\n<meta name=\"twitter:label1\" content=\"Escrito por\" \/>\n\t<meta name=\"twitter:data1\" content=\"Sebastian\" \/>\n\t<meta name=\"twitter:label2\" content=\"Tiempo de lectura\" \/>\n\t<meta name=\"twitter:data2\" content=\"1 minuto\" \/>\n<script type=\"application\/ld+json\" class=\"yoast-schema-graph\">{\"@context\":\"https:\\\/\\\/schema.org\",\"@graph\":[{\"@type\":\"Article\",\"@id\":\"https:\\\/\\\/informelitoral.com.ar\\\/aftosa-por-falta-de-precio-de-la-vacuna-se-suspendio-la-asamblea-de-la-fucofa\\\/#article\",\"isPartOf\":{\"@id\":\"https:\\\/\\\/informelitoral.com.ar\\\/aftosa-por-falta-de-precio-de-la-vacuna-se-suspendio-la-asamblea-de-la-fucofa\\\/\"},\"author\":{\"name\":\"Sebastian\",\"@id\":\"https:\\\/\\\/informelitoral.com.ar\\\/#\\\/schema\\\/person\\\/f05f9f461677119578717524b127d6d5\"},\"headline\":\"Aftosa: por falta de precio de la vacuna se suspendi\u00f3 la asamblea de la Fucofa\",\"datePublished\":\"2025-02-25T18:13:45+00:00\",\"dateModified\":\"2025-02-25T23:03:01+00:00\",\"mainEntityOfPage\":{\"@id\":\"https:\\\/\\\/informelitoral.com.ar\\\/aftosa-por-falta-de-precio-de-la-vacuna-se-suspendio-la-asamblea-de-la-fucofa\\\/\"},\"wordCount\":297,\"commentCount\":0,\"publisher\":{\"@id\":\"https:\\\/\\\/informelitoral.com.ar\\\/#organization\"},\"image\":{\"@id\":\"https:\\\/\\\/informelitoral.com.ar\\\/aftosa-por-falta-de-precio-de-la-vacuna-se-suspendio-la-asamblea-de-la-fucofa\\\/#primaryimage\"},\"thumbnailUrl\":\"https:\\\/\\\/informelitoral.com.ar\\\/%77%70%2d%63%6f%6e%74%65%6e%74\\\/uploads\\\/2024\\\/08\\\/VacasIII.jpg\",\"keywords\":[\"Aftosa\",\"Fucofa\"],\"articleSection\":[\"Campo\"],\"inLanguage\":\"es\",\"potentialAction\":[{\"@type\":\"CommentAction\",\"name\":\"Comment\",\"target\":[\"https:\\\/\\\/informelitoral.com.ar\\\/aftosa-por-falta-de-precio-de-la-vacuna-se-suspendio-la-asamblea-de-la-fucofa\\\/#respond\"]}]},{\"@type\":\"WebPage\",\"@id\":\"https:\\\/\\\/informelitoral.com.ar\\\/aftosa-por-falta-de-precio-de-la-vacuna-se-suspendio-la-asamblea-de-la-fucofa\\\/\",\"url\":\"https:\\\/\\\/informelitoral.com.ar\\\/aftosa-por-falta-de-precio-de-la-vacuna-se-suspendio-la-asamblea-de-la-fucofa\\\/\",\"name\":\"Aftosa: por falta de precio de la vacuna se suspendi\u00f3 la asamblea de la Fucofa - Informe Litoral\",\"isPartOf\":{\"@id\":\"https:\\\/\\\/informelitoral.com.ar\\\/#website\"},\"primaryImageOfPage\":{\"@id\":\"https:\\\/\\\/informelitoral.com.ar\\\/aftosa-por-falta-de-precio-de-la-vacuna-se-suspendio-la-asamblea-de-la-fucofa\\\/#primaryimage\"},\"image\":{\"@id\":\"https:\\\/\\\/informelitoral.com.ar\\\/aftosa-por-falta-de-precio-de-la-vacuna-se-suspendio-la-asamblea-de-la-fucofa\\\/#primaryimage\"},\"thumbnailUrl\":\"https:\\\/\\\/informelitoral.com.ar\\\/%77%70%2d%63%6f%6e%74%65%6e%74\\\/uploads\\\/2024\\\/08\\\/VacasIII.jpg\",\"datePublished\":\"2025-02-25T18:13:45+00:00\",\"dateModified\":\"2025-02-25T23:03:01+00:00\",\"breadcrumb\":{\"@id\":\"https:\\\/\\\/informelitoral.com.ar\\\/aftosa-por-falta-de-precio-de-la-vacuna-se-suspendio-la-asamblea-de-la-fucofa\\\/#breadcrumb\"},\"inLanguage\":\"es\",\"potentialAction\":[{\"@type\":\"ReadAction\",\"target\":[\"https:\\\/\\\/informelitoral.com.ar\\\/aftosa-por-falta-de-precio-de-la-vacuna-se-suspendio-la-asamblea-de-la-fucofa\\\/\"]}]},{\"@type\":\"ImageObject\",\"inLanguage\":\"es\",\"@id\":\"https:\\\/\\\/informelitoral.com.ar\\\/aftosa-por-falta-de-precio-de-la-vacuna-se-suspendio-la-asamblea-de-la-fucofa\\\/#primaryimage\",\"url\":\"https:\\\/\\\/informelitoral.com.ar\\\/%77%70%2d%63%6f%6e%74%65%6e%74\\\/uploads\\\/2024\\\/08\\\/VacasIII.jpg\",\"contentUrl\":\"https:\\\/\\\/informelitoral.com.ar\\\/%77%70%2d%63%6f%6e%74%65%6e%74\\\/uploads\\\/2024\\\/08\\\/VacasIII.jpg\",\"width\":924,\"height\":456},{\"@type\":\"BreadcrumbList\",\"@id\":\"https:\\\/\\\/informelitoral.com.ar\\\/aftosa-por-falta-de-precio-de-la-vacuna-se-suspendio-la-asamblea-de-la-fucofa\\\/#breadcrumb\",\"itemListElement\":[{\"@type\":\"ListItem\",\"position\":1,\"name\":\"Portada\",\"item\":\"https:\\\/\\\/informelitoral.com.ar\\\/\"},{\"@type\":\"ListItem\",\"position\":2,\"name\":\"Aftosa: por falta de precio de la vacuna se suspendi\u00f3 la asamblea de la Fucofa\"}]},{\"@type\":\"WebSite\",\"@id\":\"https:\\\/\\\/informelitoral.com.ar\\\/#website\",\"url\":\"https:\\\/\\\/informelitoral.com.ar\\\/\",\"name\":\"Informe Litoral\",\"description\":\"&quot;Nos informamos&quot; \",\"publisher\":{\"@id\":\"https:\\\/\\\/informelitoral.com.ar\\\/#organization\"},\"potentialAction\":[{\"@type\":\"SearchAction\",\"target\":{\"@type\":\"EntryPoint\",\"urlTemplate\":\"https:\\\/\\\/informelitoral.com.ar\\\/?s={search_term_string}\"},\"query-input\":{\"@type\":\"PropertyValueSpecification\",\"valueRequired\":true,\"valueName\":\"search_term_string\"}}],\"inLanguage\":\"es\"},{\"@type\":\"Organization\",\"@id\":\"https:\\\/\\\/informelitoral.com.ar\\\/#organization\",\"name\":\"Informe Litoral\",\"url\":\"https:\\\/\\\/informelitoral.com.ar\\\/\",\"logo\":{\"@type\":\"ImageObject\",\"inLanguage\":\"es\",\"@id\":\"https:\\\/\\\/informelitoral.com.ar\\\/#\\\/schema\\\/logo\\\/image\\\/\",\"url\":\"https:\\\/\\\/informelitoral.com.ar\\\/%77%70%2d%63%6f%6e%74%65%6e%74\\\/uploads\\\/2021\\\/01\\\/circulo.png\",\"contentUrl\":\"https:\\\/\\\/informelitoral.com.ar\\\/%77%70%2d%63%6f%6e%74%65%6e%74\\\/uploads\\\/2021\\\/01\\\/circulo.png\",\"width\":723,\"height\":731,\"caption\":\"Informe Litoral\"},\"image\":{\"@id\":\"https:\\\/\\\/informelitoral.com.ar\\\/#\\\/schema\\\/logo\\\/image\\\/\"},\"sameAs\":[\"https:\\\/\\\/www.facebook.com\\\/informelitoral\\\/\",\"https:\\\/\\\/x.com\\\/InformeLitoral\",\"https:\\\/\\\/www.instagram.com\\\/informelitoral\\\/\",\"https:\\\/\\\/www.youtube.com\\\/channel\\\/UCua4Qvz8Icb6MYqhoq9xLXw\"]},{\"@type\":\"Person\",\"@id\":\"https:\\\/\\\/informelitoral.com.ar\\\/#\\\/schema\\\/person\\\/f05f9f461677119578717524b127d6d5\",\"name\":\"Sebastian\",\"image\":{\"@type\":\"ImageObject\",\"inLanguage\":\"es\",\"@id\":\"https:\\\/\\\/secure.gravatar.com\\\/avatar\\\/b71bf7481d447dfb9583c7f2798e7cc64de6efb9067b74633ed8c31059a3bd82?s=96&d=mm&r=g\",\"url\":\"https:\\\/\\\/secure.gravatar.com\\\/avatar\\\/b71bf7481d447dfb9583c7f2798e7cc64de6efb9067b74633ed8c31059a3bd82?s=96&d=mm&r=g\",\"contentUrl\":\"https:\\\/\\\/secure.gravatar.com\\\/avatar\\\/b71bf7481d447dfb9583c7f2798e7cc64de6efb9067b74633ed8c31059a3bd82?s=96&d=mm&r=g\",\"caption\":\"Sebastian\"},\"url\":\"https:\\\/\\\/informelitoral.com.ar\\\/author\\\/sebastian\\\/\"}]}<\/script>","yoast_head_json":{"title":"Aftosa: por falta de precio de la vacuna se suspendi\u00f3 la asamblea de la Fucofa - Informe Litoral","robots":{"index":"index","follow":"follow","max-snippet":"max-snippet:-1","max-image-preview":"max-image-preview:large","max-video-preview":"max-video-preview:-1"},"canonical":"https:\/\/informelitoral.com.ar\/aftosa-por-falta-de-precio-de-la-vacuna-se-suspendio-la-asamblea-de-la-fucofa\/","og_locale":"es_ES","og_type":"article","og_title":"Aftosa: por falta de precio de la vacuna se suspendi\u00f3 la asamblea de la Fucofa - Informe Litoral","og_description":"Los laboratorios que las fabrican \u201cinexplicablemente se resisten a dar el precio\u201d de las dosis, se\u00f1alaron desde la entidad. Esta situaci\u00f3n complica mucho el inicio de la campa\u00f1a 2025 previsto para el 10 de marzo pr\u00f3ximo.","og_url":"https:\/\/informelitoral.com.ar\/aftosa-por-falta-de-precio-de-la-vacuna-se-suspendio-la-asamblea-de-la-fucofa\/","og_site_name":"Informe Litoral","article_publisher":"https:\/\/www.facebook.com\/informelitoral\/","article_published_time":"2025-02-25T18:13:45+00:00","article_modified_time":"2025-02-25T23:03:01+00:00","og_image":[{"width":924,"height":456,"url":"https:\/\/informelitoral.com.ar\/%77%70%2d%63%6f%6e%74%65%6e%74\/uploads\/2024\/08\/VacasIII.jpg","type":"image\/jpeg"}],"author":"Sebastian","twitter_card":"summary_large_image","twitter_creator":"@InformeLitoral","twitter_site":"@InformeLitoral","twitter_misc":{"Escrito por":"Sebastian","Tiempo de lectura":"1 minuto"},"schema":{"@context":"https:\/\/schema.org","@graph":[{"@type":"Article","@id":"https:\/\/informelitoral.com.ar\/aftosa-por-falta-de-precio-de-la-vacuna-se-suspendio-la-asamblea-de-la-fucofa\/#article","isPartOf":{"@id":"https:\/\/informelitoral.com.ar\/aftosa-por-falta-de-precio-de-la-vacuna-se-suspendio-la-asamblea-de-la-fucofa\/"},"author":{"name":"Sebastian","@id":"https:\/\/informelitoral.com.ar\/#\/schema\/person\/f05f9f461677119578717524b127d6d5"},"headline":"Aftosa: por falta de precio de la vacuna se suspendi\u00f3 la asamblea de la Fucofa","datePublished":"2025-02-25T18:13:45+00:00","dateModified":"2025-02-25T23:03:01+00:00","mainEntityOfPage":{"@id":"https:\/\/informelitoral.com.ar\/aftosa-por-falta-de-precio-de-la-vacuna-se-suspendio-la-asamblea-de-la-fucofa\/"},"wordCount":297,"commentCount":0,"publisher":{"@id":"https:\/\/informelitoral.com.ar\/#organization"},"image":{"@id":"https:\/\/informelitoral.com.ar\/aftosa-por-falta-de-precio-de-la-vacuna-se-suspendio-la-asamblea-de-la-fucofa\/#primaryimage"},"thumbnailUrl":"https:\/\/informelitoral.com.ar\/%77%70%2d%63%6f%6e%74%65%6e%74\/uploads\/2024\/08\/VacasIII.jpg","keywords":["Aftosa","Fucofa"],"articleSection":["Campo"],"inLanguage":"es","potentialAction":[{"@type":"CommentAction","name":"Comment","target":["https:\/\/informelitoral.com.ar\/aftosa-por-falta-de-precio-de-la-vacuna-se-suspendio-la-asamblea-de-la-fucofa\/#respond"]}]},{"@type":"WebPage","@id":"https:\/\/informelitoral.com.ar\/aftosa-por-falta-de-precio-de-la-vacuna-se-suspendio-la-asamblea-de-la-fucofa\/","url":"https:\/\/informelitoral.com.ar\/aftosa-por-falta-de-precio-de-la-vacuna-se-suspendio-la-asamblea-de-la-fucofa\/","name":"Aftosa: por falta de precio de la vacuna se suspendi\u00f3 la asamblea de la Fucofa - Informe Litoral","isPartOf":{"@id":"https:\/\/informelitoral.com.ar\/#website"},"primaryImageOfPage":{"@id":"https:\/\/informelitoral.com.ar\/aftosa-por-falta-de-precio-de-la-vacuna-se-suspendio-la-asamblea-de-la-fucofa\/#primaryimage"},"image":{"@id":"https:\/\/informelitoral.com.ar\/aftosa-por-falta-de-precio-de-la-vacuna-se-suspendio-la-asamblea-de-la-fucofa\/#primaryimage"},"thumbnailUrl":"https:\/\/informelitoral.com.ar\/%77%70%2d%63%6f%6e%74%65%6e%74\/uploads\/2024\/08\/VacasIII.jpg","datePublished":"2025-02-25T18:13:45+00:00","dateModified":"2025-02-25T23:03:01+00:00","breadcrumb":{"@id":"https:\/\/informelitoral.com.ar\/aftosa-por-falta-de-precio-de-la-vacuna-se-suspendio-la-asamblea-de-la-fucofa\/#breadcrumb"},"inLanguage":"es","potentialAction":[{"@type":"ReadAction","target":["https:\/\/informelitoral.com.ar\/aftosa-por-falta-de-precio-de-la-vacuna-se-suspendio-la-asamblea-de-la-fucofa\/"]}]},{"@type":"ImageObject","inLanguage":"es","@id":"https:\/\/informelitoral.com.ar\/aftosa-por-falta-de-precio-de-la-vacuna-se-suspendio-la-asamblea-de-la-fucofa\/#primaryimage","url":"https:\/\/informelitoral.com.ar\/%77%70%2d%63%6f%6e%74%65%6e%74\/uploads\/2024\/08\/VacasIII.jpg","contentUrl":"https:\/\/informelitoral.com.ar\/%77%70%2d%63%6f%6e%74%65%6e%74\/uploads\/2024\/08\/VacasIII.jpg","width":924,"height":456},{"@type":"BreadcrumbList","@id":"https:\/\/informelitoral.com.ar\/aftosa-por-falta-de-precio-de-la-vacuna-se-suspendio-la-asamblea-de-la-fucofa\/#breadcrumb","itemListElement":[{"@type":"ListItem","position":1,"name":"Portada","item":"https:\/\/informelitoral.com.ar\/"},{"@type":"ListItem","position":2,"name":"Aftosa: por falta de precio de la vacuna se suspendi\u00f3 la asamblea de la Fucofa"}]},{"@type":"WebSite","@id":"https:\/\/informelitoral.com.ar\/#website","url":"https:\/\/informelitoral.com.ar\/","name":"Informe Litoral","description":"&quot;Nos informamos&quot; ","publisher":{"@id":"https:\/\/informelitoral.com.ar\/#organization"},"potentialAction":[{"@type":"SearchAction","target":{"@type":"EntryPoint","urlTemplate":"https:\/\/informelitoral.com.ar\/?s={search_term_string}"},"query-input":{"@type":"PropertyValueSpecification","valueRequired":true,"valueName":"search_term_string"}}],"inLanguage":"es"},{"@type":"Organization","@id":"https:\/\/informelitoral.com.ar\/#organization","name":"Informe Litoral","url":"https:\/\/informelitoral.com.ar\/","logo":{"@type":"ImageObject","inLanguage":"es","@id":"https:\/\/informelitoral.com.ar\/#\/schema\/logo\/image\/","url":"https:\/\/informelitoral.com.ar\/%77%70%2d%63%6f%6e%74%65%6e%74\/uploads\/2021\/01\/circulo.png","contentUrl":"https:\/\/informelitoral.com.ar\/%77%70%2d%63%6f%6e%74%65%6e%74\/uploads\/2021\/01\/circulo.png","width":723,"height":731,"caption":"Informe Litoral"},"image":{"@id":"https:\/\/informelitoral.com.ar\/#\/schema\/logo\/image\/"},"sameAs":["https:\/\/www.facebook.com\/informelitoral\/","https:\/\/x.com\/InformeLitoral","https:\/\/www.instagram.com\/informelitoral\/","https:\/\/www.youtube.com\/channel\/UCua4Qvz8Icb6MYqhoq9xLXw"]},{"@type":"Person","@id":"https:\/\/informelitoral.com.ar\/#\/schema\/person\/f05f9f461677119578717524b127d6d5","name":"Sebastian","image":{"@type":"ImageObject","inLanguage":"es","@id":"https:\/\/secure.gravatar.com\/avatar\/b71bf7481d447dfb9583c7f2798e7cc64de6efb9067b74633ed8c31059a3bd82?s=96&d=mm&r=g","url":"https:\/\/secure.gravatar.com\/avatar\/b71bf7481d447dfb9583c7f2798e7cc64de6efb9067b74633ed8c31059a3bd82?s=96&d=mm&r=g","contentUrl":"https:\/\/secure.gravatar.com\/avatar\/b71bf7481d447dfb9583c7f2798e7cc64de6efb9067b74633ed8c31059a3bd82?s=96&d=mm&r=g","caption":"Sebastian"},"url":"https:\/\/informelitoral.com.ar\/author\/sebastian\/"}]}},"_links":{"self":[{"href":"https:\/\/informelitoral.com.ar\/%77%70%2d%6a%73%6f%6e\/wp\/v2\/posts\/213013","targetHints":{"allow":["GET"]}}],"collection":[{"href":"https:\/\/informelitoral.com.ar\/%77%70%2d%6a%73%6f%6e\/wp\/v2\/posts"}],"about":[{"href":"https:\/\/informelitoral.com.ar\/%77%70%2d%6a%73%6f%6e\/wp\/v2\/types\/post"}],"author":[{"embeddable":true,"href":"https:\/\/informelitoral.com.ar\/%77%70%2d%6a%73%6f%6e\/wp\/v2\/users\/8"}],"replies":[{"embeddable":true,"href":"https:\/\/informelitoral.com.ar\/%77%70%2d%6a%73%6f%6e\/wp\/v2\/comments?post=213013"}],"version-history":[{"count":0,"href":"https:\/\/informelitoral.com.ar\/%77%70%2d%6a%73%6f%6e\/wp\/v2\/posts\/213013\/revisions"}],"wp:featuredmedia":[{"embeddable":true,"href":"https:\/\/informelitoral.com.ar\/%77%70%2d%6a%73%6f%6e\/wp\/v2\/media\/195327"}],"wp:attachment":[{"href":"https:\/\/informelitoral.com.ar\/%77%70%2d%6a%73%6f%6e\/wp\/v2\/media?parent=213013"}],"wp:term":[{"taxonomy":"category","embeddable":true,"href":"https:\/\/informelitoral.com.ar\/%77%70%2d%6a%73%6f%6e\/wp\/v2\/categories?post=213013"},{"taxonomy":"post_tag","embeddable":true,"href":"https:\/\/informelitoral.com.ar\/%77%70%2d%6a%73%6f%6e\/wp\/v2\/tags?post=213013"}],"curies":[{"name":"wp","href":"https:\/\/api.w.org\/{rel}","templated":true}]}}