{"id":213,"date":"2013-03-14T10:35:52","date_gmt":"2013-03-14T13:35:52","guid":{"rendered":"http:\/\/www.isletasnoticias.com.ar\/?p=213"},"modified":"2013-03-25T12:56:04","modified_gmt":"2013-03-25T15:56:04","slug":"senador-suarez-cuestiono-el-reclamo-en-nogoya-por-el-mal-estado-de-los-caminos","status":"publish","type":"post","link":"https:\/\/informelitoral.com.ar\/senador-suarez-cuestiono-el-reclamo-en-nogoya-por-el-mal-estado-de-los-caminos\/","title":{"rendered":"Senador Suarez cuestion\u00f3 el reclamo en Nogoy\u00e1 por el mal estado de los caminos"},"content":{"rendered":"<p><strong>El Senador <em>Juan Aurelio Su\u00e1rez<\/em>, por el PJ de Nogoy\u00e1, reconoci\u00f3 que hay <em>\u201cfalencias\u201d<\/em>, pero sostuvo que se est\u00e1 trabajando para paliar la situaci\u00f3n. Al tiempo que afirm\u00f3: \u201c<em>El reclamo se ha politizado\u201d.<\/em><\/strong><\/p>\n<p>El senador <strong>Juan Aurelio Su\u00e1rez<\/strong> por el PJ de\u00a0<img loading=\"lazy\" decoding=\"async\" class=\"size-medium wp-image-214 alignleft\" alt=\"ca\" src=\"http:\/\/www.isletasnoticias.com.ar\/%77%70%2d%63%6f%6e%74%65%6e%74\/uploads\/2013\/03\/ca-300x225.jpg\" width=\"300\" height=\"225\" srcset=\"https:\/\/informelitoral.com.ar\/%77%70%2d%63%6f%6e%74%65%6e%74\/uploads\/2013\/03\/ca-300x225.jpg 300w, https:\/\/informelitoral.com.ar\/%77%70%2d%63%6f%6e%74%65%6e%74\/uploads\/2013\/03\/ca.jpg 432w\" sizes=\"auto, (max-width: 300px) 100vw, 300px\" \/>Nogoy\u00e1, cuestion\u00f3 la movilizaci\u00f3n que distintos sectores realizaron para protestar por el <em>\u201cmal estado de los caminos\u201d<\/em> del departamento. Record\u00f3 que \u00e9ste es un a\u00f1o electoral y\u00a0que <em>\u201cel reclamo se ha politizado\u201d<\/em>, al tiempo que destac\u00f3 que como legislador ha realizado todo lo que estuvo a su alcance. El Senador reconoci\u00f3 que hay <em>\u201cfalencias\u201d<\/em>, pero sostuvo que se est\u00e1 trabajando para paliar la situaci\u00f3n.<br \/>\n<em>\u201cTodo esto me parece muy raro\u201d<\/em>, manifest\u00f3 en primer lugar el Senador, refiri\u00e9ndose a la movilizaci\u00f3n que realizaron productores, dirigentes sociales, de organizaciones no gubernamentales, legisladores y representantes de entidades intermedias para reclamar una pronta intervenci\u00f3n del Estado con el fin de que mejore los caminos en ese departamento.<\/p>\n<p>Record\u00f3 que \u00e9ste <em>\u201ces un a\u00f1o electoral\u201d<\/em> y consider\u00f3 que <em>\u201cel reclamo se ha politizado\u201d,<\/em> al tiempo que mencion\u00f3 la presencia en la protesta del diputado nacional, <strong>Jorge Chemes<\/strong>, del legislador provincial <strong>Fuad Sosa,<\/strong> y del dirigente rural <strong>Edelmiro Oertlin<\/strong>, quien compiti\u00f3 contra el propio Su\u00e1rez como candidato a senador departamental.<\/p>\n<p>Al brindar un panorama de las gestiones que realiz\u00f3 como legislador, dijo que oportunamente estuvo reunido con las autoridades de la Sociedad Rural de Nogoy\u00e1, las cuales le comentaron que hab\u00edan presentado una nota a la Direcci\u00f3n Provincial de Vialidad exigiendo la reparaci\u00f3n de los caminos.\u00a0Ante esto, le envi\u00f3 una nota al titular de Vialidad, <strong>Jorge Rodr\u00edguez,<\/strong> pidi\u00e9ndole que <em>\u201cdentro de las posibilidades existentes, ordene realizar un operativo de reparaci\u00f3n en todos los caminos rurales del departamento Nogoy\u00e1\u201d<\/em> y anex\u00e1ndole una nota a trav\u00e9s de la cual la Sociedad Rural solicitaba la compra de una motoniveladora y una cargadora frontal para la zona siete\u201d.<\/p>\n<p>Tras destacar que se han realizado los correspondientes pedidos para paliar la situaci\u00f3n de los caminos, sostuvo que recorri\u00f3 los caminos rurales junto al jefe zonal de Vialidad: <em>\u201cAlgunas soluciones llegaron, otras no\u201d<\/em>, asever\u00f3, al tiempo que manifest\u00f3 que las intensas precipitaciones ca\u00eddas empeoraron el estado de los caminos.<\/p>\n<p><em>\u00abHe hecho lo que ha estado a mi alcance, est\u00e1n las copias de los pedidos, hemos hablado con Rodr\u00edguez por este tema en varias oportunidades, etc, pero hay que entender que el departamento Nogoy\u00e1 tiene 2200 kil\u00f3metros de caminos de tierra. Por su supuesto que hay falencias, y no tenemos las maquinas necesarias, pero eso siempre pas\u00f3\u201d<\/em>, se\u00f1al\u00f3 a APF.<\/p>\n<p>Por \u00faltimo, desminti\u00f3 que no se puede llegar a las escuelas rurales ni a los centros de salud:<em id=\"__mceDel\"><em id=\"__mceDel\"><em id=\"__mceDel\"> <em>\u201cEso es mentira\u201d<\/em>.<\/em><\/em><\/em><\/p>\n<p>Fuente: Elonce.com<\/p>\n","protected":false},"excerpt":{"rendered":"<p>El Senador Juan Aurelio Su&aacute;rez, por el PJ de Nogoy&aacute;, reconoci&oacute; que hay &ldquo;falencias&rdquo;, pero sostuvo que se est&aacute; trabajando para paliar la situaci&oacute;n. Al tiempo que afirm&oacute;: &ldquo;El reclamo se ha politizado&rdquo;. El senador Juan Aurelio Su&aacute;rez por el PJ de&nbsp;Nogoy&aacute;, cuestion&oacute; la movilizaci&oacute;n que distintos sectores realizaron para protestar por el &ldquo;mal estado [&hellip;]<\/p>\n","protected":false},"author":2,"featured_media":214,"comment_status":"open","ping_status":"open","sticky":false,"template":"","format":"standard","meta":{"fifu_image_url":"","fifu_image_alt":"","footnotes":""},"categories":[10,5,16],"tags":[],"class_list":{"0":"post-213","1":"post","2":"type-post","3":"status-publish","4":"format-standard","5":"has-post-thumbnail","7":"category-campo","8":"category-zonales","9":"category-politi"},"yoast_head":"<title>Senador Suarez cuestion\u00f3 el reclamo en Nogoy\u00e1 por el mal estado de los caminos - Informe Litoral<\/title>\n<meta name=\"robots\" content=\"index, follow, max-snippet:-1, max-image-preview:large, max-video-preview:-1\" \/>\n<link rel=\"canonical\" href=\"https:\/\/informelitoral.com.ar\/senador-suarez-cuestiono-el-reclamo-en-nogoya-por-el-mal-estado-de-los-caminos\/\" \/>\n<meta property=\"og:locale\" content=\"es_ES\" \/>\n<meta property=\"og:type\" content=\"article\" \/>\n<meta property=\"og:title\" content=\"Senador Suarez cuestion\u00f3 el reclamo en Nogoy\u00e1 por el mal estado de los caminos - Informe Litoral\" \/>\n<meta property=\"og:description\" content=\"El Senador Juan Aurelio Su&aacute;rez, por el PJ de Nogoy&aacute;, reconoci&oacute; que hay &ldquo;falencias&rdquo;, pero sostuvo que se est&aacute; trabajando para paliar la situaci&oacute;n. Al tiempo que afirm&oacute;: &ldquo;El reclamo se ha politizado&rdquo;. El senador Juan Aurelio Su&aacute;rez por el PJ de&nbsp;Nogoy&aacute;, cuestion&oacute; la movilizaci&oacute;n que distintos sectores realizaron para protestar por el &ldquo;mal estado [&hellip;]\" \/>\n<meta property=\"og:url\" content=\"https:\/\/informelitoral.com.ar\/senador-suarez-cuestiono-el-reclamo-en-nogoya-por-el-mal-estado-de-los-caminos\/\" \/>\n<meta property=\"og:site_name\" content=\"Informe Litoral\" \/>\n<meta property=\"article:publisher\" content=\"https:\/\/www.facebook.com\/informelitoral\/\" \/>\n<meta property=\"article:published_time\" content=\"2013-03-14T13:35:52+00:00\" \/>\n<meta property=\"article:modified_time\" content=\"2013-03-25T15:56:04+00:00\" \/>\n<meta property=\"og:image\" content=\"https:\/\/informelitoral.com.ar\/%77%70%2d%63%6f%6e%74%65%6e%74\/uploads\/2013\/03\/ca.jpg\" \/>\n\t<meta property=\"og:image:width\" content=\"432\" \/>\n\t<meta property=\"og:image:height\" content=\"324\" \/>\n\t<meta property=\"og:image:type\" content=\"image\/jpeg\" \/>\n<meta name=\"author\" content=\"Gonzalo Schmidt\" \/>\n<meta name=\"twitter:card\" content=\"summary_large_image\" \/>\n<meta name=\"twitter:creator\" content=\"@InformeLitoral\" \/>\n<meta name=\"twitter:site\" content=\"@InformeLitoral\" \/>\n<meta name=\"twitter:label1\" content=\"Escrito por\" \/>\n\t<meta name=\"twitter:data1\" content=\"Gonzalo Schmidt\" \/>\n\t<meta name=\"twitter:label2\" content=\"Tiempo de lectura\" \/>\n\t<meta name=\"twitter:data2\" content=\"2 minutos\" \/>\n<script type=\"application\/ld+json\" class=\"yoast-schema-graph\">{\"@context\":\"https:\\\/\\\/schema.org\",\"@graph\":[{\"@type\":\"Article\",\"@id\":\"https:\\\/\\\/informelitoral.com.ar\\\/senador-suarez-cuestiono-el-reclamo-en-nogoya-por-el-mal-estado-de-los-caminos\\\/#article\",\"isPartOf\":{\"@id\":\"https:\\\/\\\/informelitoral.com.ar\\\/senador-suarez-cuestiono-el-reclamo-en-nogoya-por-el-mal-estado-de-los-caminos\\\/\"},\"author\":{\"name\":\"Gonzalo Schmidt\",\"@id\":\"https:\\\/\\\/informelitoral.com.ar\\\/#\\\/schema\\\/person\\\/b9d00407c836482871ef1d57bf8e3180\"},\"headline\":\"Senador Suarez cuestion\u00f3 el reclamo en Nogoy\u00e1 por el mal estado de los caminos\",\"datePublished\":\"2013-03-14T13:35:52+00:00\",\"dateModified\":\"2013-03-25T15:56:04+00:00\",\"mainEntityOfPage\":{\"@id\":\"https:\\\/\\\/informelitoral.com.ar\\\/senador-suarez-cuestiono-el-reclamo-en-nogoya-por-el-mal-estado-de-los-caminos\\\/\"},\"wordCount\":483,\"commentCount\":0,\"publisher\":{\"@id\":\"https:\\\/\\\/informelitoral.com.ar\\\/#organization\"},\"image\":{\"@id\":\"https:\\\/\\\/informelitoral.com.ar\\\/senador-suarez-cuestiono-el-reclamo-en-nogoya-por-el-mal-estado-de-los-caminos\\\/#primaryimage\"},\"thumbnailUrl\":\"https:\\\/\\\/informelitoral.com.ar\\\/%77%70%2d%63%6f%6e%74%65%6e%74\\\/uploads\\\/2013\\\/03\\\/ca.jpg\",\"articleSection\":[\"Campo\",\"Departamento Diamante\",\"Politica\"],\"inLanguage\":\"es\",\"potentialAction\":[{\"@type\":\"CommentAction\",\"name\":\"Comment\",\"target\":[\"https:\\\/\\\/informelitoral.com.ar\\\/senador-suarez-cuestiono-el-reclamo-en-nogoya-por-el-mal-estado-de-los-caminos\\\/#respond\"]}]},{\"@type\":\"WebPage\",\"@id\":\"https:\\\/\\\/informelitoral.com.ar\\\/senador-suarez-cuestiono-el-reclamo-en-nogoya-por-el-mal-estado-de-los-caminos\\\/\",\"url\":\"https:\\\/\\\/informelitoral.com.ar\\\/senador-suarez-cuestiono-el-reclamo-en-nogoya-por-el-mal-estado-de-los-caminos\\\/\",\"name\":\"Senador Suarez cuestion\u00f3 el reclamo en Nogoy\u00e1 por el mal estado de los caminos - Informe Litoral\",\"isPartOf\":{\"@id\":\"https:\\\/\\\/informelitoral.com.ar\\\/#website\"},\"primaryImageOfPage\":{\"@id\":\"https:\\\/\\\/informelitoral.com.ar\\\/senador-suarez-cuestiono-el-reclamo-en-nogoya-por-el-mal-estado-de-los-caminos\\\/#primaryimage\"},\"image\":{\"@id\":\"https:\\\/\\\/informelitoral.com.ar\\\/senador-suarez-cuestiono-el-reclamo-en-nogoya-por-el-mal-estado-de-los-caminos\\\/#primaryimage\"},\"thumbnailUrl\":\"https:\\\/\\\/informelitoral.com.ar\\\/%77%70%2d%63%6f%6e%74%65%6e%74\\\/uploads\\\/2013\\\/03\\\/ca.jpg\",\"datePublished\":\"2013-03-14T13:35:52+00:00\",\"dateModified\":\"2013-03-25T15:56:04+00:00\",\"breadcrumb\":{\"@id\":\"https:\\\/\\\/informelitoral.com.ar\\\/senador-suarez-cuestiono-el-reclamo-en-nogoya-por-el-mal-estado-de-los-caminos\\\/#breadcrumb\"},\"inLanguage\":\"es\",\"potentialAction\":[{\"@type\":\"ReadAction\",\"target\":[\"https:\\\/\\\/informelitoral.com.ar\\\/senador-suarez-cuestiono-el-reclamo-en-nogoya-por-el-mal-estado-de-los-caminos\\\/\"]}]},{\"@type\":\"ImageObject\",\"inLanguage\":\"es\",\"@id\":\"https:\\\/\\\/informelitoral.com.ar\\\/senador-suarez-cuestiono-el-reclamo-en-nogoya-por-el-mal-estado-de-los-caminos\\\/#primaryimage\",\"url\":\"https:\\\/\\\/informelitoral.com.ar\\\/%77%70%2d%63%6f%6e%74%65%6e%74\\\/uploads\\\/2013\\\/03\\\/ca.jpg\",\"contentUrl\":\"https:\\\/\\\/informelitoral.com.ar\\\/%77%70%2d%63%6f%6e%74%65%6e%74\\\/uploads\\\/2013\\\/03\\\/ca.jpg\",\"width\":432,\"height\":324},{\"@type\":\"BreadcrumbList\",\"@id\":\"https:\\\/\\\/informelitoral.com.ar\\\/senador-suarez-cuestiono-el-reclamo-en-nogoya-por-el-mal-estado-de-los-caminos\\\/#breadcrumb\",\"itemListElement\":[{\"@type\":\"ListItem\",\"position\":1,\"name\":\"Portada\",\"item\":\"https:\\\/\\\/informelitoral.com.ar\\\/\"},{\"@type\":\"ListItem\",\"position\":2,\"name\":\"Senador Suarez cuestion\u00f3 el reclamo en Nogoy\u00e1 por el mal estado de los caminos\"}]},{\"@type\":\"WebSite\",\"@id\":\"https:\\\/\\\/informelitoral.com.ar\\\/#website\",\"url\":\"https:\\\/\\\/informelitoral.com.ar\\\/\",\"name\":\"Informe Litoral\",\"description\":\"&quot;Nos informamos&quot; \",\"publisher\":{\"@id\":\"https:\\\/\\\/informelitoral.com.ar\\\/#organization\"},\"potentialAction\":[{\"@type\":\"SearchAction\",\"target\":{\"@type\":\"EntryPoint\",\"urlTemplate\":\"https:\\\/\\\/informelitoral.com.ar\\\/?s={search_term_string}\"},\"query-input\":{\"@type\":\"PropertyValueSpecification\",\"valueRequired\":true,\"valueName\":\"search_term_string\"}}],\"inLanguage\":\"es\"},{\"@type\":\"Organization\",\"@id\":\"https:\\\/\\\/informelitoral.com.ar\\\/#organization\",\"name\":\"Informe Litoral\",\"url\":\"https:\\\/\\\/informelitoral.com.ar\\\/\",\"logo\":{\"@type\":\"ImageObject\",\"inLanguage\":\"es\",\"@id\":\"https:\\\/\\\/informelitoral.com.ar\\\/#\\\/schema\\\/logo\\\/image\\\/\",\"url\":\"https:\\\/\\\/informelitoral.com.ar\\\/%77%70%2d%63%6f%6e%74%65%6e%74\\\/uploads\\\/2021\\\/01\\\/circulo.png\",\"contentUrl\":\"https:\\\/\\\/informelitoral.com.ar\\\/%77%70%2d%63%6f%6e%74%65%6e%74\\\/uploads\\\/2021\\\/01\\\/circulo.png\",\"width\":723,\"height\":731,\"caption\":\"Informe Litoral\"},\"image\":{\"@id\":\"https:\\\/\\\/informelitoral.com.ar\\\/#\\\/schema\\\/logo\\\/image\\\/\"},\"sameAs\":[\"https:\\\/\\\/www.facebook.com\\\/informelitoral\\\/\",\"https:\\\/\\\/x.com\\\/InformeLitoral\",\"https:\\\/\\\/www.instagram.com\\\/informelitoral\\\/\",\"https:\\\/\\\/www.youtube.com\\\/channel\\\/UCua4Qvz8Icb6MYqhoq9xLXw\"]},{\"@type\":\"Person\",\"@id\":\"https:\\\/\\\/informelitoral.com.ar\\\/#\\\/schema\\\/person\\\/b9d00407c836482871ef1d57bf8e3180\",\"name\":\"Gonzalo Schmidt\",\"image\":{\"@type\":\"ImageObject\",\"inLanguage\":\"es\",\"@id\":\"https:\\\/\\\/secure.gravatar.com\\\/avatar\\\/31a1a7b66ff2de83bd0e9fd79d026630d2d99e55e8bfe501287647b4fd9743de?s=96&d=mm&r=g\",\"url\":\"https:\\\/\\\/secure.gravatar.com\\\/avatar\\\/31a1a7b66ff2de83bd0e9fd79d026630d2d99e55e8bfe501287647b4fd9743de?s=96&d=mm&r=g\",\"contentUrl\":\"https:\\\/\\\/secure.gravatar.com\\\/avatar\\\/31a1a7b66ff2de83bd0e9fd79d026630d2d99e55e8bfe501287647b4fd9743de?s=96&d=mm&r=g\",\"caption\":\"Gonzalo Schmidt\"},\"description\":\"Sitio web de noticias de la provincia de Entre R\u00edos, Argentina. Informaci\u00f3n y entretenimiento. Informe Litoral, nos informamos.\",\"sameAs\":[\"http:\\\/\\\/www.isletasnoticias.com.ar\"],\"url\":\"https:\\\/\\\/informelitoral.com.ar\\\/author\\\/gonzalo\\\/\"}]}<\/script>","yoast_head_json":{"title":"Senador Suarez cuestion\u00f3 el reclamo en Nogoy\u00e1 por el mal estado de los caminos - Informe Litoral","robots":{"index":"index","follow":"follow","max-snippet":"max-snippet:-1","max-image-preview":"max-image-preview:large","max-video-preview":"max-video-preview:-1"},"canonical":"https:\/\/informelitoral.com.ar\/senador-suarez-cuestiono-el-reclamo-en-nogoya-por-el-mal-estado-de-los-caminos\/","og_locale":"es_ES","og_type":"article","og_title":"Senador Suarez cuestion\u00f3 el reclamo en Nogoy\u00e1 por el mal estado de los caminos - Informe Litoral","og_description":"El Senador Juan Aurelio Su&aacute;rez, por el PJ de Nogoy&aacute;, reconoci&oacute; que hay &ldquo;falencias&rdquo;, pero sostuvo que se est&aacute; trabajando para paliar la situaci&oacute;n. Al tiempo que afirm&oacute;: &ldquo;El reclamo se ha politizado&rdquo;. El senador Juan Aurelio Su&aacute;rez por el PJ de&nbsp;Nogoy&aacute;, cuestion&oacute; la movilizaci&oacute;n que distintos sectores realizaron para protestar por el &ldquo;mal estado [&hellip;]","og_url":"https:\/\/informelitoral.com.ar\/senador-suarez-cuestiono-el-reclamo-en-nogoya-por-el-mal-estado-de-los-caminos\/","og_site_name":"Informe Litoral","article_publisher":"https:\/\/www.facebook.com\/informelitoral\/","article_published_time":"2013-03-14T13:35:52+00:00","article_modified_time":"2013-03-25T15:56:04+00:00","og_image":[{"width":432,"height":324,"url":"https:\/\/informelitoral.com.ar\/%77%70%2d%63%6f%6e%74%65%6e%74\/uploads\/2013\/03\/ca.jpg","type":"image\/jpeg"}],"author":"Gonzalo Schmidt","twitter_card":"summary_large_image","twitter_creator":"@InformeLitoral","twitter_site":"@InformeLitoral","twitter_misc":{"Escrito por":"Gonzalo Schmidt","Tiempo de lectura":"2 minutos"},"schema":{"@context":"https:\/\/schema.org","@graph":[{"@type":"Article","@id":"https:\/\/informelitoral.com.ar\/senador-suarez-cuestiono-el-reclamo-en-nogoya-por-el-mal-estado-de-los-caminos\/#article","isPartOf":{"@id":"https:\/\/informelitoral.com.ar\/senador-suarez-cuestiono-el-reclamo-en-nogoya-por-el-mal-estado-de-los-caminos\/"},"author":{"name":"Gonzalo Schmidt","@id":"https:\/\/informelitoral.com.ar\/#\/schema\/person\/b9d00407c836482871ef1d57bf8e3180"},"headline":"Senador Suarez cuestion\u00f3 el reclamo en Nogoy\u00e1 por el mal estado de los caminos","datePublished":"2013-03-14T13:35:52+00:00","dateModified":"2013-03-25T15:56:04+00:00","mainEntityOfPage":{"@id":"https:\/\/informelitoral.com.ar\/senador-suarez-cuestiono-el-reclamo-en-nogoya-por-el-mal-estado-de-los-caminos\/"},"wordCount":483,"commentCount":0,"publisher":{"@id":"https:\/\/informelitoral.com.ar\/#organization"},"image":{"@id":"https:\/\/informelitoral.com.ar\/senador-suarez-cuestiono-el-reclamo-en-nogoya-por-el-mal-estado-de-los-caminos\/#primaryimage"},"thumbnailUrl":"https:\/\/informelitoral.com.ar\/%77%70%2d%63%6f%6e%74%65%6e%74\/uploads\/2013\/03\/ca.jpg","articleSection":["Campo","Departamento Diamante","Politica"],"inLanguage":"es","potentialAction":[{"@type":"CommentAction","name":"Comment","target":["https:\/\/informelitoral.com.ar\/senador-suarez-cuestiono-el-reclamo-en-nogoya-por-el-mal-estado-de-los-caminos\/#respond"]}]},{"@type":"WebPage","@id":"https:\/\/informelitoral.com.ar\/senador-suarez-cuestiono-el-reclamo-en-nogoya-por-el-mal-estado-de-los-caminos\/","url":"https:\/\/informelitoral.com.ar\/senador-suarez-cuestiono-el-reclamo-en-nogoya-por-el-mal-estado-de-los-caminos\/","name":"Senador Suarez cuestion\u00f3 el reclamo en Nogoy\u00e1 por el mal estado de los caminos - Informe Litoral","isPartOf":{"@id":"https:\/\/informelitoral.com.ar\/#website"},"primaryImageOfPage":{"@id":"https:\/\/informelitoral.com.ar\/senador-suarez-cuestiono-el-reclamo-en-nogoya-por-el-mal-estado-de-los-caminos\/#primaryimage"},"image":{"@id":"https:\/\/informelitoral.com.ar\/senador-suarez-cuestiono-el-reclamo-en-nogoya-por-el-mal-estado-de-los-caminos\/#primaryimage"},"thumbnailUrl":"https:\/\/informelitoral.com.ar\/%77%70%2d%63%6f%6e%74%65%6e%74\/uploads\/2013\/03\/ca.jpg","datePublished":"2013-03-14T13:35:52+00:00","dateModified":"2013-03-25T15:56:04+00:00","breadcrumb":{"@id":"https:\/\/informelitoral.com.ar\/senador-suarez-cuestiono-el-reclamo-en-nogoya-por-el-mal-estado-de-los-caminos\/#breadcrumb"},"inLanguage":"es","potentialAction":[{"@type":"ReadAction","target":["https:\/\/informelitoral.com.ar\/senador-suarez-cuestiono-el-reclamo-en-nogoya-por-el-mal-estado-de-los-caminos\/"]}]},{"@type":"ImageObject","inLanguage":"es","@id":"https:\/\/informelitoral.com.ar\/senador-suarez-cuestiono-el-reclamo-en-nogoya-por-el-mal-estado-de-los-caminos\/#primaryimage","url":"https:\/\/informelitoral.com.ar\/%77%70%2d%63%6f%6e%74%65%6e%74\/uploads\/2013\/03\/ca.jpg","contentUrl":"https:\/\/informelitoral.com.ar\/%77%70%2d%63%6f%6e%74%65%6e%74\/uploads\/2013\/03\/ca.jpg","width":432,"height":324},{"@type":"BreadcrumbList","@id":"https:\/\/informelitoral.com.ar\/senador-suarez-cuestiono-el-reclamo-en-nogoya-por-el-mal-estado-de-los-caminos\/#breadcrumb","itemListElement":[{"@type":"ListItem","position":1,"name":"Portada","item":"https:\/\/informelitoral.com.ar\/"},{"@type":"ListItem","position":2,"name":"Senador Suarez cuestion\u00f3 el reclamo en Nogoy\u00e1 por el mal estado de los caminos"}]},{"@type":"WebSite","@id":"https:\/\/informelitoral.com.ar\/#website","url":"https:\/\/informelitoral.com.ar\/","name":"Informe Litoral","description":"&quot;Nos informamos&quot; ","publisher":{"@id":"https:\/\/informelitoral.com.ar\/#organization"},"potentialAction":[{"@type":"SearchAction","target":{"@type":"EntryPoint","urlTemplate":"https:\/\/informelitoral.com.ar\/?s={search_term_string}"},"query-input":{"@type":"PropertyValueSpecification","valueRequired":true,"valueName":"search_term_string"}}],"inLanguage":"es"},{"@type":"Organization","@id":"https:\/\/informelitoral.com.ar\/#organization","name":"Informe Litoral","url":"https:\/\/informelitoral.com.ar\/","logo":{"@type":"ImageObject","inLanguage":"es","@id":"https:\/\/informelitoral.com.ar\/#\/schema\/logo\/image\/","url":"https:\/\/informelitoral.com.ar\/%77%70%2d%63%6f%6e%74%65%6e%74\/uploads\/2021\/01\/circulo.png","contentUrl":"https:\/\/informelitoral.com.ar\/%77%70%2d%63%6f%6e%74%65%6e%74\/uploads\/2021\/01\/circulo.png","width":723,"height":731,"caption":"Informe Litoral"},"image":{"@id":"https:\/\/informelitoral.com.ar\/#\/schema\/logo\/image\/"},"sameAs":["https:\/\/www.facebook.com\/informelitoral\/","https:\/\/x.com\/InformeLitoral","https:\/\/www.instagram.com\/informelitoral\/","https:\/\/www.youtube.com\/channel\/UCua4Qvz8Icb6MYqhoq9xLXw"]},{"@type":"Person","@id":"https:\/\/informelitoral.com.ar\/#\/schema\/person\/b9d00407c836482871ef1d57bf8e3180","name":"Gonzalo Schmidt","image":{"@type":"ImageObject","inLanguage":"es","@id":"https:\/\/secure.gravatar.com\/avatar\/31a1a7b66ff2de83bd0e9fd79d026630d2d99e55e8bfe501287647b4fd9743de?s=96&d=mm&r=g","url":"https:\/\/secure.gravatar.com\/avatar\/31a1a7b66ff2de83bd0e9fd79d026630d2d99e55e8bfe501287647b4fd9743de?s=96&d=mm&r=g","contentUrl":"https:\/\/secure.gravatar.com\/avatar\/31a1a7b66ff2de83bd0e9fd79d026630d2d99e55e8bfe501287647b4fd9743de?s=96&d=mm&r=g","caption":"Gonzalo Schmidt"},"description":"Sitio web de noticias de la provincia de Entre R\u00edos, Argentina. Informaci\u00f3n y entretenimiento. Informe Litoral, nos informamos.","sameAs":["http:\/\/www.isletasnoticias.com.ar"],"url":"https:\/\/informelitoral.com.ar\/author\/gonzalo\/"}]}},"_links":{"self":[{"href":"https:\/\/informelitoral.com.ar\/%77%70%2d%6a%73%6f%6e\/wp\/v2\/posts\/213","targetHints":{"allow":["GET"]}}],"collection":[{"href":"https:\/\/informelitoral.com.ar\/%77%70%2d%6a%73%6f%6e\/wp\/v2\/posts"}],"about":[{"href":"https:\/\/informelitoral.com.ar\/%77%70%2d%6a%73%6f%6e\/wp\/v2\/types\/post"}],"author":[{"embeddable":true,"href":"https:\/\/informelitoral.com.ar\/%77%70%2d%6a%73%6f%6e\/wp\/v2\/users\/2"}],"replies":[{"embeddable":true,"href":"https:\/\/informelitoral.com.ar\/%77%70%2d%6a%73%6f%6e\/wp\/v2\/comments?post=213"}],"version-history":[{"count":0,"href":"https:\/\/informelitoral.com.ar\/%77%70%2d%6a%73%6f%6e\/wp\/v2\/posts\/213\/revisions"}],"wp:featuredmedia":[{"embeddable":true,"href":"https:\/\/informelitoral.com.ar\/%77%70%2d%6a%73%6f%6e\/wp\/v2\/media\/214"}],"wp:attachment":[{"href":"https:\/\/informelitoral.com.ar\/%77%70%2d%6a%73%6f%6e\/wp\/v2\/media?parent=213"}],"wp:term":[{"taxonomy":"category","embeddable":true,"href":"https:\/\/informelitoral.com.ar\/%77%70%2d%6a%73%6f%6e\/wp\/v2\/categories?post=213"},{"taxonomy":"post_tag","embeddable":true,"href":"https:\/\/informelitoral.com.ar\/%77%70%2d%6a%73%6f%6e\/wp\/v2\/tags?post=213"}],"curies":[{"name":"wp","href":"https:\/\/api.w.org\/{rel}","templated":true}]}}