{"id":212979,"date":"2025-02-25T12:15:15","date_gmt":"2025-02-25T15:15:15","guid":{"rendered":"https:\/\/informelitoral.com.ar\/?p=212979"},"modified":"2025-02-25T12:17:30","modified_gmt":"2025-02-25T15:17:30","slug":"la-vicegobernadora-dio-inicio-al-ciclo-lectivo-en-nogoya","status":"publish","type":"post","link":"https:\/\/informelitoral.com.ar\/la-vicegobernadora-dio-inicio-al-ciclo-lectivo-en-nogoya\/","title":{"rendered":"La vicegobernadora dio inicio al ciclo lectivo en Nogoy\u00e1"},"content":{"rendered":"<p>Este lunes la vicegobernadora Alicia Aluani, junto al rector de la Escuela Agrot\u00e9cnica N\u00ba 2 \u201cLa Carola\u201d, Daniel Ale, encabezaron el acto de inicio de clases en el edifico escolar, ubicado en el ejido norte de la ciudad de Nogoy\u00e1. Adem\u00e1s acompa\u00f1aron el intendente, Bernardo Schneider; y el senador departamental, Rafael Cavagna. Posteriormente, las autoridades recorrieron las instalaciones de la instituci\u00f3n.<\/p>\n<h2><strong>Acto de Inicio Escolar 2025<\/strong><\/h2>\n<p>En el acto la vicegobernadora expres\u00f3 que \u201cen cada nuevo ciclo lectivo se inicia oportunidades, en donde pueden formarse, crecer y tambi\u00e9n aprender, siempre con el empe\u00f1o y la dedicaci\u00f3n que cada uno aplique\u201d, y remarc\u00f3 que \u201cesas oportunidades se vuelven relevantes especialmente en este colegio agrot\u00e9cnico, porque hay una relaci\u00f3n estrecha entre la educaci\u00f3n y el trabajo, la producci\u00f3n y el arraigo en nuestra tierra. Sabemos que la educaci\u00f3n es la base para el futuro de nuestras generaciones, de nuestra provincia, de nuestros entrerrianos\u201d.<\/p>\n<p>\u201cPor eso desde el principio de nuestra gesti\u00f3n, nosotros fortalecemos este sistema educativo. Fortalecemos las escuelas, los docentes, los estudiantes, porque queremos que nuestros ni\u00f1os y nuestros j\u00f3venes entrerrianos tengan una formaci\u00f3n educativa, un acceso a la educaci\u00f3n en forma continua, y con herramientas necesarias para que el d\u00eda de ma\u00f1ana ustedes se puedan formar integralmente\u201d, subray\u00f3.<\/p>\n<p>Adem\u00e1s, Aluani agradeci\u00f3 \u201ca todos los que hacen posible que se inicie este ciclo lectivo; a los docentes, a los directivos, a los alumnos, a los no docentes, a todo el personal que forman estas instituciones y tambi\u00e9n a las familias, importante para que esto suceda\u201d.<\/p>\n<p>Finalmente la mandataria enfatiz\u00f3 que \u201cel futuro de los entrerrianos es sobre la base de la educaci\u00f3n, por eso es importante jerarquizar el trabajo que hacen todas las familias educativas para que esto se logre y tener una Entre R\u00edos llena de oportunidades\u201d.<\/p>\n<p>Por su parte, el rector la Escuela Agrot\u00e9cnica, Daniel Ale, manifest\u00f3 que \u201crenovamos nuestro compromiso con la educaci\u00f3n, y en especial, con la educaci\u00f3n t\u00e9cnica, que enmarca la innovaci\u00f3n y el desarrollo sostenible\u201d, y resalt\u00f3 que \u201cnuestra escuela no solo forma profesionales capacitados en las \u00e1reas agropecuarias, sino que tambi\u00e9n cultiva valores como el esfuerzo, la responsabilidad y el compromiso con nuestra comunidad y el medio\u201d.<\/p>\n<p>\u201cEs un nuevo a\u00f1o en el que nuevamente apostamos a una educaci\u00f3n de calidad formando j\u00f3venes como t\u00e9cnicos agropecuarios, preparados para la inserci\u00f3n en el mundo laboral, responsable con el ambiente, capacitada en conocimientos acordes a nuevas tecnolog\u00edas y m\u00e9todos que aumentan la eficiencia\u201d indic\u00f3. Adem\u00e1s, extendi\u00f3 su agradecimiento \u201cpor el acompa\u00f1amiento sostenido de las distintas autoridades e instituciones, y en especial por las familias, que depositan en nosotros el gran desaf\u00edo de la formaci\u00f3n integral de los j\u00f3venes que formar\u00e1n parte de nuestra sociedad\u201d.<\/p>\n<h2><strong>Otras presencias<\/strong><\/h2>\n<p>Acompa\u00f1aron adem\u00e1s el vocal del CGE, Carla Dur\u00e9; la viceintendente Desiree Pe\u00f1aloza; la directora Departamental de Escuelas de Nogoy\u00e1, Claudia Sosa; la supervisora de Educaci\u00f3n Secundaria Zona XIII, Paola Lalli; el jefe y subjefe de Jefatura Departamental de Polic\u00eda de Nogoy\u00e1; concejales, directores, docentes y estudiantes de las instituciones locales.<\/p>\n","protected":false},"excerpt":{"rendered":"<p>La vicegobernadora Alicia Aluani estuvo presente en el acto del inicio escolar 2025 de la Escuela Agrot\u00e9cnica N\u00b02 \u201cLa Carola\u201d de la ciudad de Nogoy\u00e1.<\/p>\n","protected":false},"author":8,"featured_media":212980,"comment_status":"open","ping_status":"open","sticky":false,"template":"","format":"standard","meta":{"fifu_image_url":"","fifu_image_alt":"","footnotes":""},"categories":[4592],"tags":[4462,2329,1554],"class_list":{"0":"post-212979","1":"post","2":"type-post","3":"status-publish","4":"format-standard","5":"has-post-thumbnail","7":"category-departamento-nogoya","8":"tag-alicia-aluani","9":"tag-ciclo-lectivo","10":"tag-departamento-nogoya"},"yoast_head":"<title>La vicegobernadora dio inicio al ciclo lectivo en Nogoy\u00e1 - Informe Litoral<\/title>\n<meta name=\"robots\" content=\"index, follow, max-snippet:-1, max-image-preview:large, max-video-preview:-1\" \/>\n<link rel=\"canonical\" href=\"https:\/\/informelitoral.com.ar\/la-vicegobernadora-dio-inicio-al-ciclo-lectivo-en-nogoya\/\" \/>\n<meta property=\"og:locale\" content=\"es_ES\" \/>\n<meta property=\"og:type\" content=\"article\" \/>\n<meta property=\"og:title\" content=\"La vicegobernadora dio inicio al ciclo lectivo en Nogoy\u00e1 - Informe Litoral\" \/>\n<meta property=\"og:description\" content=\"La vicegobernadora Alicia Aluani estuvo presente en el acto del inicio escolar 2025 de la Escuela Agrot\u00e9cnica N\u00b02 \u201cLa Carola\u201d de la ciudad de Nogoy\u00e1.\" \/>\n<meta property=\"og:url\" content=\"https:\/\/informelitoral.com.ar\/la-vicegobernadora-dio-inicio-al-ciclo-lectivo-en-nogoya\/\" \/>\n<meta property=\"og:site_name\" content=\"Informe Litoral\" \/>\n<meta property=\"article:publisher\" content=\"https:\/\/www.facebook.com\/informelitoral\/\" \/>\n<meta property=\"article:published_time\" content=\"2025-02-25T15:15:15+00:00\" \/>\n<meta property=\"article:modified_time\" content=\"2025-02-25T15:17:30+00:00\" \/>\n<meta property=\"og:image\" content=\"https:\/\/informelitoral.com.ar\/%77%70%2d%63%6f%6e%74%65%6e%74\/uploads\/2025\/02\/PSX_20250224_101755-860x573-1.jpg\" \/>\n\t<meta property=\"og:image:width\" content=\"860\" \/>\n\t<meta property=\"og:image:height\" content=\"573\" \/>\n\t<meta property=\"og:image:type\" content=\"image\/jpeg\" \/>\n<meta name=\"author\" content=\"Sebastian\" \/>\n<meta name=\"twitter:card\" content=\"summary_large_image\" \/>\n<meta name=\"twitter:creator\" content=\"@InformeLitoral\" \/>\n<meta name=\"twitter:site\" content=\"@InformeLitoral\" \/>\n<meta name=\"twitter:label1\" content=\"Escrito por\" \/>\n\t<meta name=\"twitter:data1\" content=\"Sebastian\" \/>\n\t<meta name=\"twitter:label2\" content=\"Tiempo de lectura\" \/>\n\t<meta name=\"twitter:data2\" content=\"3 minutos\" \/>\n<script type=\"application\/ld+json\" class=\"yoast-schema-graph\">{\"@context\":\"https:\\\/\\\/schema.org\",\"@graph\":[{\"@type\":\"Article\",\"@id\":\"https:\\\/\\\/informelitoral.com.ar\\\/la-vicegobernadora-dio-inicio-al-ciclo-lectivo-en-nogoya\\\/#article\",\"isPartOf\":{\"@id\":\"https:\\\/\\\/informelitoral.com.ar\\\/la-vicegobernadora-dio-inicio-al-ciclo-lectivo-en-nogoya\\\/\"},\"author\":{\"name\":\"Sebastian\",\"@id\":\"https:\\\/\\\/informelitoral.com.ar\\\/#\\\/schema\\\/person\\\/f05f9f461677119578717524b127d6d5\"},\"headline\":\"La vicegobernadora dio inicio al ciclo lectivo en Nogoy\u00e1\",\"datePublished\":\"2025-02-25T15:15:15+00:00\",\"dateModified\":\"2025-02-25T15:17:30+00:00\",\"mainEntityOfPage\":{\"@id\":\"https:\\\/\\\/informelitoral.com.ar\\\/la-vicegobernadora-dio-inicio-al-ciclo-lectivo-en-nogoya\\\/\"},\"wordCount\":554,\"commentCount\":0,\"publisher\":{\"@id\":\"https:\\\/\\\/informelitoral.com.ar\\\/#organization\"},\"image\":{\"@id\":\"https:\\\/\\\/informelitoral.com.ar\\\/la-vicegobernadora-dio-inicio-al-ciclo-lectivo-en-nogoya\\\/#primaryimage\"},\"thumbnailUrl\":\"https:\\\/\\\/informelitoral.com.ar\\\/%77%70%2d%63%6f%6e%74%65%6e%74\\\/uploads\\\/2025\\\/02\\\/PSX_20250224_101755-860x573-1.jpg\",\"keywords\":[\"Alicia Aluani\",\"Ciclo lectivo\",\"Departamento Nogoy\u00e1\"],\"articleSection\":[\"Departamento Nogoy\u00e1\"],\"inLanguage\":\"es\",\"potentialAction\":[{\"@type\":\"CommentAction\",\"name\":\"Comment\",\"target\":[\"https:\\\/\\\/informelitoral.com.ar\\\/la-vicegobernadora-dio-inicio-al-ciclo-lectivo-en-nogoya\\\/#respond\"]}]},{\"@type\":\"WebPage\",\"@id\":\"https:\\\/\\\/informelitoral.com.ar\\\/la-vicegobernadora-dio-inicio-al-ciclo-lectivo-en-nogoya\\\/\",\"url\":\"https:\\\/\\\/informelitoral.com.ar\\\/la-vicegobernadora-dio-inicio-al-ciclo-lectivo-en-nogoya\\\/\",\"name\":\"La vicegobernadora dio inicio al ciclo lectivo en Nogoy\u00e1 - Informe Litoral\",\"isPartOf\":{\"@id\":\"https:\\\/\\\/informelitoral.com.ar\\\/#website\"},\"primaryImageOfPage\":{\"@id\":\"https:\\\/\\\/informelitoral.com.ar\\\/la-vicegobernadora-dio-inicio-al-ciclo-lectivo-en-nogoya\\\/#primaryimage\"},\"image\":{\"@id\":\"https:\\\/\\\/informelitoral.com.ar\\\/la-vicegobernadora-dio-inicio-al-ciclo-lectivo-en-nogoya\\\/#primaryimage\"},\"thumbnailUrl\":\"https:\\\/\\\/informelitoral.com.ar\\\/%77%70%2d%63%6f%6e%74%65%6e%74\\\/uploads\\\/2025\\\/02\\\/PSX_20250224_101755-860x573-1.jpg\",\"datePublished\":\"2025-02-25T15:15:15+00:00\",\"dateModified\":\"2025-02-25T15:17:30+00:00\",\"breadcrumb\":{\"@id\":\"https:\\\/\\\/informelitoral.com.ar\\\/la-vicegobernadora-dio-inicio-al-ciclo-lectivo-en-nogoya\\\/#breadcrumb\"},\"inLanguage\":\"es\",\"potentialAction\":[{\"@type\":\"ReadAction\",\"target\":[\"https:\\\/\\\/informelitoral.com.ar\\\/la-vicegobernadora-dio-inicio-al-ciclo-lectivo-en-nogoya\\\/\"]}]},{\"@type\":\"ImageObject\",\"inLanguage\":\"es\",\"@id\":\"https:\\\/\\\/informelitoral.com.ar\\\/la-vicegobernadora-dio-inicio-al-ciclo-lectivo-en-nogoya\\\/#primaryimage\",\"url\":\"https:\\\/\\\/informelitoral.com.ar\\\/%77%70%2d%63%6f%6e%74%65%6e%74\\\/uploads\\\/2025\\\/02\\\/PSX_20250224_101755-860x573-1.jpg\",\"contentUrl\":\"https:\\\/\\\/informelitoral.com.ar\\\/%77%70%2d%63%6f%6e%74%65%6e%74\\\/uploads\\\/2025\\\/02\\\/PSX_20250224_101755-860x573-1.jpg\",\"width\":860,\"height\":573},{\"@type\":\"BreadcrumbList\",\"@id\":\"https:\\\/\\\/informelitoral.com.ar\\\/la-vicegobernadora-dio-inicio-al-ciclo-lectivo-en-nogoya\\\/#breadcrumb\",\"itemListElement\":[{\"@type\":\"ListItem\",\"position\":1,\"name\":\"Portada\",\"item\":\"https:\\\/\\\/informelitoral.com.ar\\\/\"},{\"@type\":\"ListItem\",\"position\":2,\"name\":\"La vicegobernadora dio inicio al ciclo lectivo en Nogoy\u00e1\"}]},{\"@type\":\"WebSite\",\"@id\":\"https:\\\/\\\/informelitoral.com.ar\\\/#website\",\"url\":\"https:\\\/\\\/informelitoral.com.ar\\\/\",\"name\":\"Informe Litoral\",\"description\":\"&quot;Nos informamos&quot; \",\"publisher\":{\"@id\":\"https:\\\/\\\/informelitoral.com.ar\\\/#organization\"},\"potentialAction\":[{\"@type\":\"SearchAction\",\"target\":{\"@type\":\"EntryPoint\",\"urlTemplate\":\"https:\\\/\\\/informelitoral.com.ar\\\/?s={search_term_string}\"},\"query-input\":{\"@type\":\"PropertyValueSpecification\",\"valueRequired\":true,\"valueName\":\"search_term_string\"}}],\"inLanguage\":\"es\"},{\"@type\":\"Organization\",\"@id\":\"https:\\\/\\\/informelitoral.com.ar\\\/#organization\",\"name\":\"Informe Litoral\",\"url\":\"https:\\\/\\\/informelitoral.com.ar\\\/\",\"logo\":{\"@type\":\"ImageObject\",\"inLanguage\":\"es\",\"@id\":\"https:\\\/\\\/informelitoral.com.ar\\\/#\\\/schema\\\/logo\\\/image\\\/\",\"url\":\"https:\\\/\\\/informelitoral.com.ar\\\/%77%70%2d%63%6f%6e%74%65%6e%74\\\/uploads\\\/2021\\\/01\\\/circulo.png\",\"contentUrl\":\"https:\\\/\\\/informelitoral.com.ar\\\/%77%70%2d%63%6f%6e%74%65%6e%74\\\/uploads\\\/2021\\\/01\\\/circulo.png\",\"width\":723,\"height\":731,\"caption\":\"Informe Litoral\"},\"image\":{\"@id\":\"https:\\\/\\\/informelitoral.com.ar\\\/#\\\/schema\\\/logo\\\/image\\\/\"},\"sameAs\":[\"https:\\\/\\\/www.facebook.com\\\/informelitoral\\\/\",\"https:\\\/\\\/x.com\\\/InformeLitoral\",\"https:\\\/\\\/www.instagram.com\\\/informelitoral\\\/\",\"https:\\\/\\\/www.youtube.com\\\/channel\\\/UCua4Qvz8Icb6MYqhoq9xLXw\"]},{\"@type\":\"Person\",\"@id\":\"https:\\\/\\\/informelitoral.com.ar\\\/#\\\/schema\\\/person\\\/f05f9f461677119578717524b127d6d5\",\"name\":\"Sebastian\",\"image\":{\"@type\":\"ImageObject\",\"inLanguage\":\"es\",\"@id\":\"https:\\\/\\\/secure.gravatar.com\\\/avatar\\\/b71bf7481d447dfb9583c7f2798e7cc64de6efb9067b74633ed8c31059a3bd82?s=96&d=mm&r=g\",\"url\":\"https:\\\/\\\/secure.gravatar.com\\\/avatar\\\/b71bf7481d447dfb9583c7f2798e7cc64de6efb9067b74633ed8c31059a3bd82?s=96&d=mm&r=g\",\"contentUrl\":\"https:\\\/\\\/secure.gravatar.com\\\/avatar\\\/b71bf7481d447dfb9583c7f2798e7cc64de6efb9067b74633ed8c31059a3bd82?s=96&d=mm&r=g\",\"caption\":\"Sebastian\"},\"url\":\"https:\\\/\\\/informelitoral.com.ar\\\/author\\\/sebastian\\\/\"}]}<\/script>","yoast_head_json":{"title":"La vicegobernadora dio inicio al ciclo lectivo en Nogoy\u00e1 - Informe Litoral","robots":{"index":"index","follow":"follow","max-snippet":"max-snippet:-1","max-image-preview":"max-image-preview:large","max-video-preview":"max-video-preview:-1"},"canonical":"https:\/\/informelitoral.com.ar\/la-vicegobernadora-dio-inicio-al-ciclo-lectivo-en-nogoya\/","og_locale":"es_ES","og_type":"article","og_title":"La vicegobernadora dio inicio al ciclo lectivo en Nogoy\u00e1 - Informe Litoral","og_description":"La vicegobernadora Alicia Aluani estuvo presente en el acto del inicio escolar 2025 de la Escuela Agrot\u00e9cnica N\u00b02 \u201cLa Carola\u201d de la ciudad de Nogoy\u00e1.","og_url":"https:\/\/informelitoral.com.ar\/la-vicegobernadora-dio-inicio-al-ciclo-lectivo-en-nogoya\/","og_site_name":"Informe Litoral","article_publisher":"https:\/\/www.facebook.com\/informelitoral\/","article_published_time":"2025-02-25T15:15:15+00:00","article_modified_time":"2025-02-25T15:17:30+00:00","og_image":[{"width":860,"height":573,"url":"https:\/\/informelitoral.com.ar\/%77%70%2d%63%6f%6e%74%65%6e%74\/uploads\/2025\/02\/PSX_20250224_101755-860x573-1.jpg","type":"image\/jpeg"}],"author":"Sebastian","twitter_card":"summary_large_image","twitter_creator":"@InformeLitoral","twitter_site":"@InformeLitoral","twitter_misc":{"Escrito por":"Sebastian","Tiempo de lectura":"3 minutos"},"schema":{"@context":"https:\/\/schema.org","@graph":[{"@type":"Article","@id":"https:\/\/informelitoral.com.ar\/la-vicegobernadora-dio-inicio-al-ciclo-lectivo-en-nogoya\/#article","isPartOf":{"@id":"https:\/\/informelitoral.com.ar\/la-vicegobernadora-dio-inicio-al-ciclo-lectivo-en-nogoya\/"},"author":{"name":"Sebastian","@id":"https:\/\/informelitoral.com.ar\/#\/schema\/person\/f05f9f461677119578717524b127d6d5"},"headline":"La vicegobernadora dio inicio al ciclo lectivo en Nogoy\u00e1","datePublished":"2025-02-25T15:15:15+00:00","dateModified":"2025-02-25T15:17:30+00:00","mainEntityOfPage":{"@id":"https:\/\/informelitoral.com.ar\/la-vicegobernadora-dio-inicio-al-ciclo-lectivo-en-nogoya\/"},"wordCount":554,"commentCount":0,"publisher":{"@id":"https:\/\/informelitoral.com.ar\/#organization"},"image":{"@id":"https:\/\/informelitoral.com.ar\/la-vicegobernadora-dio-inicio-al-ciclo-lectivo-en-nogoya\/#primaryimage"},"thumbnailUrl":"https:\/\/informelitoral.com.ar\/%77%70%2d%63%6f%6e%74%65%6e%74\/uploads\/2025\/02\/PSX_20250224_101755-860x573-1.jpg","keywords":["Alicia Aluani","Ciclo lectivo","Departamento Nogoy\u00e1"],"articleSection":["Departamento Nogoy\u00e1"],"inLanguage":"es","potentialAction":[{"@type":"CommentAction","name":"Comment","target":["https:\/\/informelitoral.com.ar\/la-vicegobernadora-dio-inicio-al-ciclo-lectivo-en-nogoya\/#respond"]}]},{"@type":"WebPage","@id":"https:\/\/informelitoral.com.ar\/la-vicegobernadora-dio-inicio-al-ciclo-lectivo-en-nogoya\/","url":"https:\/\/informelitoral.com.ar\/la-vicegobernadora-dio-inicio-al-ciclo-lectivo-en-nogoya\/","name":"La vicegobernadora dio inicio al ciclo lectivo en Nogoy\u00e1 - Informe Litoral","isPartOf":{"@id":"https:\/\/informelitoral.com.ar\/#website"},"primaryImageOfPage":{"@id":"https:\/\/informelitoral.com.ar\/la-vicegobernadora-dio-inicio-al-ciclo-lectivo-en-nogoya\/#primaryimage"},"image":{"@id":"https:\/\/informelitoral.com.ar\/la-vicegobernadora-dio-inicio-al-ciclo-lectivo-en-nogoya\/#primaryimage"},"thumbnailUrl":"https:\/\/informelitoral.com.ar\/%77%70%2d%63%6f%6e%74%65%6e%74\/uploads\/2025\/02\/PSX_20250224_101755-860x573-1.jpg","datePublished":"2025-02-25T15:15:15+00:00","dateModified":"2025-02-25T15:17:30+00:00","breadcrumb":{"@id":"https:\/\/informelitoral.com.ar\/la-vicegobernadora-dio-inicio-al-ciclo-lectivo-en-nogoya\/#breadcrumb"},"inLanguage":"es","potentialAction":[{"@type":"ReadAction","target":["https:\/\/informelitoral.com.ar\/la-vicegobernadora-dio-inicio-al-ciclo-lectivo-en-nogoya\/"]}]},{"@type":"ImageObject","inLanguage":"es","@id":"https:\/\/informelitoral.com.ar\/la-vicegobernadora-dio-inicio-al-ciclo-lectivo-en-nogoya\/#primaryimage","url":"https:\/\/informelitoral.com.ar\/%77%70%2d%63%6f%6e%74%65%6e%74\/uploads\/2025\/02\/PSX_20250224_101755-860x573-1.jpg","contentUrl":"https:\/\/informelitoral.com.ar\/%77%70%2d%63%6f%6e%74%65%6e%74\/uploads\/2025\/02\/PSX_20250224_101755-860x573-1.jpg","width":860,"height":573},{"@type":"BreadcrumbList","@id":"https:\/\/informelitoral.com.ar\/la-vicegobernadora-dio-inicio-al-ciclo-lectivo-en-nogoya\/#breadcrumb","itemListElement":[{"@type":"ListItem","position":1,"name":"Portada","item":"https:\/\/informelitoral.com.ar\/"},{"@type":"ListItem","position":2,"name":"La vicegobernadora dio inicio al ciclo lectivo en Nogoy\u00e1"}]},{"@type":"WebSite","@id":"https:\/\/informelitoral.com.ar\/#website","url":"https:\/\/informelitoral.com.ar\/","name":"Informe Litoral","description":"&quot;Nos informamos&quot; ","publisher":{"@id":"https:\/\/informelitoral.com.ar\/#organization"},"potentialAction":[{"@type":"SearchAction","target":{"@type":"EntryPoint","urlTemplate":"https:\/\/informelitoral.com.ar\/?s={search_term_string}"},"query-input":{"@type":"PropertyValueSpecification","valueRequired":true,"valueName":"search_term_string"}}],"inLanguage":"es"},{"@type":"Organization","@id":"https:\/\/informelitoral.com.ar\/#organization","name":"Informe Litoral","url":"https:\/\/informelitoral.com.ar\/","logo":{"@type":"ImageObject","inLanguage":"es","@id":"https:\/\/informelitoral.com.ar\/#\/schema\/logo\/image\/","url":"https:\/\/informelitoral.com.ar\/%77%70%2d%63%6f%6e%74%65%6e%74\/uploads\/2021\/01\/circulo.png","contentUrl":"https:\/\/informelitoral.com.ar\/%77%70%2d%63%6f%6e%74%65%6e%74\/uploads\/2021\/01\/circulo.png","width":723,"height":731,"caption":"Informe Litoral"},"image":{"@id":"https:\/\/informelitoral.com.ar\/#\/schema\/logo\/image\/"},"sameAs":["https:\/\/www.facebook.com\/informelitoral\/","https:\/\/x.com\/InformeLitoral","https:\/\/www.instagram.com\/informelitoral\/","https:\/\/www.youtube.com\/channel\/UCua4Qvz8Icb6MYqhoq9xLXw"]},{"@type":"Person","@id":"https:\/\/informelitoral.com.ar\/#\/schema\/person\/f05f9f461677119578717524b127d6d5","name":"Sebastian","image":{"@type":"ImageObject","inLanguage":"es","@id":"https:\/\/secure.gravatar.com\/avatar\/b71bf7481d447dfb9583c7f2798e7cc64de6efb9067b74633ed8c31059a3bd82?s=96&d=mm&r=g","url":"https:\/\/secure.gravatar.com\/avatar\/b71bf7481d447dfb9583c7f2798e7cc64de6efb9067b74633ed8c31059a3bd82?s=96&d=mm&r=g","contentUrl":"https:\/\/secure.gravatar.com\/avatar\/b71bf7481d447dfb9583c7f2798e7cc64de6efb9067b74633ed8c31059a3bd82?s=96&d=mm&r=g","caption":"Sebastian"},"url":"https:\/\/informelitoral.com.ar\/author\/sebastian\/"}]}},"_links":{"self":[{"href":"https:\/\/informelitoral.com.ar\/%77%70%2d%6a%73%6f%6e\/wp\/v2\/posts\/212979","targetHints":{"allow":["GET"]}}],"collection":[{"href":"https:\/\/informelitoral.com.ar\/%77%70%2d%6a%73%6f%6e\/wp\/v2\/posts"}],"about":[{"href":"https:\/\/informelitoral.com.ar\/%77%70%2d%6a%73%6f%6e\/wp\/v2\/types\/post"}],"author":[{"embeddable":true,"href":"https:\/\/informelitoral.com.ar\/%77%70%2d%6a%73%6f%6e\/wp\/v2\/users\/8"}],"replies":[{"embeddable":true,"href":"https:\/\/informelitoral.com.ar\/%77%70%2d%6a%73%6f%6e\/wp\/v2\/comments?post=212979"}],"version-history":[{"count":0,"href":"https:\/\/informelitoral.com.ar\/%77%70%2d%6a%73%6f%6e\/wp\/v2\/posts\/212979\/revisions"}],"wp:featuredmedia":[{"embeddable":true,"href":"https:\/\/informelitoral.com.ar\/%77%70%2d%6a%73%6f%6e\/wp\/v2\/media\/212980"}],"wp:attachment":[{"href":"https:\/\/informelitoral.com.ar\/%77%70%2d%6a%73%6f%6e\/wp\/v2\/media?parent=212979"}],"wp:term":[{"taxonomy":"category","embeddable":true,"href":"https:\/\/informelitoral.com.ar\/%77%70%2d%6a%73%6f%6e\/wp\/v2\/categories?post=212979"},{"taxonomy":"post_tag","embeddable":true,"href":"https:\/\/informelitoral.com.ar\/%77%70%2d%6a%73%6f%6e\/wp\/v2\/tags?post=212979"}],"curies":[{"name":"wp","href":"https:\/\/api.w.org\/{rel}","templated":true}]}}