{"id":212962,"date":"2025-02-25T10:05:08","date_gmt":"2025-02-25T13:05:08","guid":{"rendered":"https:\/\/informelitoral.com.ar\/?p=212962"},"modified":"2025-02-25T10:05:08","modified_gmt":"2025-02-25T13:05:08","slug":"el-gobierno-avanza-en-la-desregulacion-del-comercio-exterior","status":"publish","type":"post","link":"https:\/\/informelitoral.com.ar\/el-gobierno-avanza-en-la-desregulacion-del-comercio-exterior\/","title":{"rendered":"El Gobierno avanza en la desregulaci\u00f3n del comercio exterior"},"content":{"rendered":"<p class=\"paragraph\">La Agencia de Recaudaci\u00f3n y Control Aduanero (ARCA) y la Secretar\u00eda de Industria y Comercio emitieron la resoluci\u00f3n general conjunta 5651\/2025, que elimina\u00a0<b>el Sistema Estad\u00edstico de Importaciones (SEDI)<\/b>\u00a0y del\u00a0<b>Padr\u00f3n de Deuda Comercial por Importaciones con Proveedores del Exterior.\u00a0<\/b>Lo hizo con el argumento de\u00a0<b>simplificar y transparentar el comercio exterior.<\/b><\/p>\n<p class=\"paragraph\">La decisi\u00f3n, publicada este martes en el Bolet\u00edn Oficial, deja sin efecto dos resoluciones que hab\u00eda tomado al inicio de su gesti\u00f3n el gobierno de Javier Milei en reemplazo del sistema SIRA creado por el gobierno de Alberto Fern\u00e1ndez para reforzar el\u00a0<b>control en las operaciones de importaci\u00f3n en medio de la escasez de d\u00f3lares<\/b>.<\/p>\n<p class=\"paragraph\">\u201cSe determin\u00f3 que el mecanismo (el SEDI) cumpli\u00f3 con sus objetivos de normalizar, transparentar, ordenar y agilizar el sistema de importaciones\u201d, remarc\u00f3 un comunicado del Ministerio de Econom\u00eda.<\/p>\n<figure class=\"\" data-testid=\"figure-testid\">\n<div class=\"aspect_ratio__container\"><picture class=\"responsive-image\"><source srcset=\"https:\/\/tn.com.ar\/resizer\/v2\/el-ministro-de-economia-luis-caputo-dijo-que-la-medida-se-tomo-luego-de-determinar-que-el-mecanismo-cumplio-con-los-objetivos-de-normalizar-transparentar-ordenar-y-agilizar-el-sistema-de-importaciones-foto-presidencia-RYVOAMXJ3NC2BLXAP65Q4LNULY.jpg?auth=85cf0992b11e229a8fc680ba0007fcc980005c7e45dc208c72f3a318d68b6290&amp;width=767\" type=\"image\/jpg\" media=\"(max-width: 728px)\" \/><source srcset=\"https:\/\/tn.com.ar\/resizer\/v2\/el-ministro-de-economia-luis-caputo-dijo-que-la-medida-se-tomo-luego-de-determinar-que-el-mecanismo-cumplio-con-los-objetivos-de-normalizar-transparentar-ordenar-y-agilizar-el-sistema-de-importaciones-foto-presidencia-RYVOAMXJ3NC2BLXAP65Q4LNULY.jpg?auth=85cf0992b11e229a8fc680ba0007fcc980005c7e45dc208c72f3a318d68b6290&amp;width=1023\" type=\"image\/jpg\" media=\"(max-width: 1023px)\" \/><source srcset=\"https:\/\/tn.com.ar\/resizer\/v2\/el-ministro-de-economia-luis-caputo-dijo-que-la-medida-se-tomo-luego-de-determinar-que-el-mecanismo-cumplio-con-los-objetivos-de-normalizar-transparentar-ordenar-y-agilizar-el-sistema-de-importaciones-foto-presidencia-RYVOAMXJ3NC2BLXAP65Q4LNULY.jpg?auth=85cf0992b11e229a8fc680ba0007fcc980005c7e45dc208c72f3a318d68b6290&amp;width=1440\" type=\"image\/jpg\" \/><img loading=\"lazy\" decoding=\"async\" class=\"image content-image image_placeholder\" src=\"https:\/\/tn.com.ar\/resizer\/v2\/el-ministro-de-economia-luis-caputo-dijo-que-la-medida-se-tomo-luego-de-determinar-que-el-mecanismo-cumplio-con-los-objetivos-de-normalizar-transparentar-ordenar-y-agilizar-el-sistema-de-importaciones-foto-presidencia-RYVOAMXJ3NC2BLXAP65Q4LNULY.jpg?auth=85cf0992b11e229a8fc680ba0007fcc980005c7e45dc208c72f3a318d68b6290&amp;width=767\" alt=\"El ministro de Econom\u00eda, Luis Caputo, dijo que la medida se tom\u00f3 \u201cluego de determinar que el mecanismo cumpli\u00f3 con los objetivos de normalizar, transparentar, ordenar y agilizar el sistema de importaciones\u201d. (Foto: Presidencia). \" width=\"767\" height=\"430\" data-testid=\"loading-testid\" \/><\/picture><\/div>\n<\/figure>\n<p class=\"paragraph\">Seg\u00fan la resoluci\u00f3n, la medida busca\u00a0<b>alinearse con los principios de la Organizaci\u00f3n Mundial del Comercio (OMC) y<\/b>\u00a0promover un comercio internacional\u00a0<b>m\u00e1s previsible, eficiente y libre de obst\u00e1culos innecesarios<\/b>.<\/p>\n<p class=\"paragraph\">En ese sentido, las\u00a0<b>operaciones de importaci\u00f3n ya no estar\u00e1n condicionadas al cumplimiento de normas t\u00e9cnicas previas<\/b>, sino que estos controles se aplicar\u00e1n al momento de su uso o comercializaci\u00f3n.<\/p>\n<p class=\"paragraph\">Adem\u00e1s, con la eliminaci\u00f3n del SEDI, las declaraciones registradas en este sistema\u00a0<b>quedar\u00e1n sin efecto a partir de la entrada en vigencia de la nueva resoluci\u00f3n<\/b>, prevista para el d\u00eda siguiente a su publicaci\u00f3n, es decir desde este mi\u00e9rcoles 26 de febrero.<\/p>\n<p class=\"paragraph\">El\u00a0<b>SEDI<\/b>\u00a0se lanz\u00f3 a finales de\u00a0<b>2023<\/b>, poco despu\u00e9s de la asunci\u00f3n de\u00a0<b>Javier Milei<\/b>, con el objetivo de\u00a0<b>eliminar trabas comerciales<\/b>\u00a0y\u00a0<b>reducir la discrecionalidad<\/b>, buscando\u00a0<b>desarticular posibles nichos de corrupci\u00f3n<\/b>.<\/p>\n<p class=\"paragraph\">El ministro de Econom\u00eda, Luis Caputo, remarc\u00f3 que la medida se tom\u00f3 \u201cluego de determinar que\u00a0<b>el mecanismo cumpli\u00f3 con los objetivos<\/b>\u00a0de normalizar, transparentar, ordenar y agilizar el sistema de importaciones\u201d.<\/p>\n<h2 class=\"font--primary font__display\">\u201cYa no resulta necesario recabar informaci\u00f3n anticipada para fines estad\u00edsticos\u201d, dijo Luis Caputo<\/h2>\n<p class=\"paragraph\">\u201cEl SEDI tuvo como objetivo principal obtener informaci\u00f3n anticipada sobre las operaciones de importaci\u00f3n y contemplaba el an\u00e1lisis y seguimiento de datos estad\u00edsticos sobre importaci\u00f3n de bienes. En ese sentido, se determin\u00f3 que\u00a0<b>ya no resulta necesario recabar informaci\u00f3n anticipada para fines estad\u00edsticos<\/b>\u201d, precis\u00f3 el funcionario nacional en su cuenta de\u00a0<i>X.<\/i><\/p>\n<p class=\"paragraph\">Caputo explic\u00f3 que \u201cluego de esta derogaci\u00f3n, se continuar\u00e1n implementando\u00a0<b>pol\u00edticas de facilitaci\u00f3n,\u00a0<\/b>con el objetivo de que los intercambios comerciales se realicen de manera sencilla, transparente, eficiente y previsible, garantizando las condiciones para su competencia\u201d.<\/p>\n<h2 class=\"font--primary font__display\"><strong>Los cinco cambios principales<\/strong><\/h2>\n<ul class=\"ul__list list\">\n<li class=\"list__item\"><b>Derogaci\u00f3n de normativas previas<\/b>: se derogan las Resoluciones Generales Conjuntas N\u00b0 5429\/2023, N\u00b0 5466\/2023 y parcialmente la N\u00b0 5478\/2024, eliminando la exigencia de informaci\u00f3n anticipada para importaciones.<\/li>\n<li class=\"list__item\"><b>Simplificaci\u00f3n del proceso de importaci\u00f3n<\/b>: ya no se requiere que los importadores presenten informaci\u00f3n previa, lo que busca agilizar los procedimientos y reducir la burocracia en las operaciones de comercio exterior.<\/li>\n<li class=\"list__item\"><b>Control de normas t\u00e9cnicas en etapas posteriores<\/b>: la verificaci\u00f3n del cumplimiento de reglamentos t\u00e9cnicos se realizar\u00e1 durante el uso o comercializaci\u00f3n de los productos importados, en lugar de al momento de la importaci\u00f3n.<\/li>\n<li class=\"list__item\"><b>Alineaci\u00f3n con est\u00e1ndares internacionales<\/b>: la medida se enmarca en los principios de la Organizaci\u00f3n Mundial del Comercio (OMC), promoviendo un comercio m\u00e1s libre y sin obst\u00e1culos innecesarios.<\/li>\n<li class=\"list__item\"><b>Anulaci\u00f3n de declaraciones previas<\/b>: las declaraciones registradas a trav\u00e9s del Sistema Estad\u00edstico de Importaciones (SEDI) quedan sin efecto desde la entrada en vigencia de la nueva resoluci\u00f3n.<\/li>\n<\/ul>\n","protected":false},"excerpt":{"rendered":"<p>La medida, publicada este martes en el Bolet\u00edn Oficial, establece la eliminaci\u00f3n del Sistema Estad\u00edstico de Importaciones (SEDI).<\/p>\n","protected":false},"author":8,"featured_media":200486,"comment_status":"open","ping_status":"open","sticky":false,"template":"","format":"standard","meta":{"fifu_image_url":"","fifu_image_alt":"","footnotes":""},"categories":[16],"tags":[],"class_list":{"0":"post-212962","1":"post","2":"type-post","3":"status-publish","4":"format-standard","5":"has-post-thumbnail","7":"category-politi"},"yoast_head":"<title>El Gobierno avanza en la desregulaci\u00f3n del comercio exterior - Informe Litoral<\/title>\n<meta name=\"robots\" content=\"index, follow, max-snippet:-1, max-image-preview:large, max-video-preview:-1\" \/>\n<link rel=\"canonical\" href=\"https:\/\/informelitoral.com.ar\/el-gobierno-avanza-en-la-desregulacion-del-comercio-exterior\/\" \/>\n<meta property=\"og:locale\" content=\"es_ES\" \/>\n<meta property=\"og:type\" content=\"article\" \/>\n<meta property=\"og:title\" content=\"El Gobierno avanza en la desregulaci\u00f3n del comercio exterior - Informe Litoral\" \/>\n<meta property=\"og:description\" content=\"La medida, publicada este martes en el Bolet\u00edn Oficial, establece la eliminaci\u00f3n del Sistema Estad\u00edstico de Importaciones (SEDI).\" \/>\n<meta property=\"og:url\" content=\"https:\/\/informelitoral.com.ar\/el-gobierno-avanza-en-la-desregulacion-del-comercio-exterior\/\" \/>\n<meta property=\"og:site_name\" content=\"Informe Litoral\" \/>\n<meta property=\"article:publisher\" content=\"https:\/\/www.facebook.com\/informelitoral\/\" \/>\n<meta property=\"article:published_time\" content=\"2025-02-25T13:05:08+00:00\" \/>\n<meta property=\"og:image\" content=\"https:\/\/informelitoral.com.ar\/%77%70%2d%63%6f%6e%74%65%6e%74\/uploads\/2024\/10\/manuel-adorni-3jpg.webp\" \/>\n\t<meta property=\"og:image:width\" content=\"790\" \/>\n\t<meta property=\"og:image:height\" content=\"527\" \/>\n\t<meta property=\"og:image:type\" content=\"image\/webp\" \/>\n<meta name=\"author\" content=\"Sebastian\" \/>\n<meta name=\"twitter:card\" content=\"summary_large_image\" \/>\n<meta name=\"twitter:creator\" content=\"@InformeLitoral\" \/>\n<meta name=\"twitter:site\" content=\"@InformeLitoral\" \/>\n<meta name=\"twitter:label1\" content=\"Escrito por\" \/>\n\t<meta name=\"twitter:data1\" content=\"Sebastian\" \/>\n\t<meta name=\"twitter:label2\" content=\"Tiempo de lectura\" \/>\n\t<meta name=\"twitter:data2\" content=\"3 minutos\" \/>\n<script type=\"application\/ld+json\" class=\"yoast-schema-graph\">{\"@context\":\"https:\\\/\\\/schema.org\",\"@graph\":[{\"@type\":\"Article\",\"@id\":\"https:\\\/\\\/informelitoral.com.ar\\\/el-gobierno-avanza-en-la-desregulacion-del-comercio-exterior\\\/#article\",\"isPartOf\":{\"@id\":\"https:\\\/\\\/informelitoral.com.ar\\\/el-gobierno-avanza-en-la-desregulacion-del-comercio-exterior\\\/\"},\"author\":{\"name\":\"Sebastian\",\"@id\":\"https:\\\/\\\/informelitoral.com.ar\\\/#\\\/schema\\\/person\\\/f05f9f461677119578717524b127d6d5\"},\"headline\":\"El Gobierno avanza en la desregulaci\u00f3n del comercio exterior\",\"datePublished\":\"2025-02-25T13:05:08+00:00\",\"mainEntityOfPage\":{\"@id\":\"https:\\\/\\\/informelitoral.com.ar\\\/el-gobierno-avanza-en-la-desregulacion-del-comercio-exterior\\\/\"},\"wordCount\":623,\"commentCount\":0,\"publisher\":{\"@id\":\"https:\\\/\\\/informelitoral.com.ar\\\/#organization\"},\"image\":{\"@id\":\"https:\\\/\\\/informelitoral.com.ar\\\/el-gobierno-avanza-en-la-desregulacion-del-comercio-exterior\\\/#primaryimage\"},\"thumbnailUrl\":\"https:\\\/\\\/informelitoral.com.ar\\\/%77%70%2d%63%6f%6e%74%65%6e%74\\\/uploads\\\/2024\\\/10\\\/manuel-adorni-3jpg.webp\",\"articleSection\":[\"Politica\"],\"inLanguage\":\"es\",\"potentialAction\":[{\"@type\":\"CommentAction\",\"name\":\"Comment\",\"target\":[\"https:\\\/\\\/informelitoral.com.ar\\\/el-gobierno-avanza-en-la-desregulacion-del-comercio-exterior\\\/#respond\"]}]},{\"@type\":\"WebPage\",\"@id\":\"https:\\\/\\\/informelitoral.com.ar\\\/el-gobierno-avanza-en-la-desregulacion-del-comercio-exterior\\\/\",\"url\":\"https:\\\/\\\/informelitoral.com.ar\\\/el-gobierno-avanza-en-la-desregulacion-del-comercio-exterior\\\/\",\"name\":\"El Gobierno avanza en la desregulaci\u00f3n del comercio exterior - Informe Litoral\",\"isPartOf\":{\"@id\":\"https:\\\/\\\/informelitoral.com.ar\\\/#website\"},\"primaryImageOfPage\":{\"@id\":\"https:\\\/\\\/informelitoral.com.ar\\\/el-gobierno-avanza-en-la-desregulacion-del-comercio-exterior\\\/#primaryimage\"},\"image\":{\"@id\":\"https:\\\/\\\/informelitoral.com.ar\\\/el-gobierno-avanza-en-la-desregulacion-del-comercio-exterior\\\/#primaryimage\"},\"thumbnailUrl\":\"https:\\\/\\\/informelitoral.com.ar\\\/%77%70%2d%63%6f%6e%74%65%6e%74\\\/uploads\\\/2024\\\/10\\\/manuel-adorni-3jpg.webp\",\"datePublished\":\"2025-02-25T13:05:08+00:00\",\"breadcrumb\":{\"@id\":\"https:\\\/\\\/informelitoral.com.ar\\\/el-gobierno-avanza-en-la-desregulacion-del-comercio-exterior\\\/#breadcrumb\"},\"inLanguage\":\"es\",\"potentialAction\":[{\"@type\":\"ReadAction\",\"target\":[\"https:\\\/\\\/informelitoral.com.ar\\\/el-gobierno-avanza-en-la-desregulacion-del-comercio-exterior\\\/\"]}]},{\"@type\":\"ImageObject\",\"inLanguage\":\"es\",\"@id\":\"https:\\\/\\\/informelitoral.com.ar\\\/el-gobierno-avanza-en-la-desregulacion-del-comercio-exterior\\\/#primaryimage\",\"url\":\"https:\\\/\\\/informelitoral.com.ar\\\/%77%70%2d%63%6f%6e%74%65%6e%74\\\/uploads\\\/2024\\\/10\\\/manuel-adorni-3jpg.webp\",\"contentUrl\":\"https:\\\/\\\/informelitoral.com.ar\\\/%77%70%2d%63%6f%6e%74%65%6e%74\\\/uploads\\\/2024\\\/10\\\/manuel-adorni-3jpg.webp\",\"width\":790,\"height\":527},{\"@type\":\"BreadcrumbList\",\"@id\":\"https:\\\/\\\/informelitoral.com.ar\\\/el-gobierno-avanza-en-la-desregulacion-del-comercio-exterior\\\/#breadcrumb\",\"itemListElement\":[{\"@type\":\"ListItem\",\"position\":1,\"name\":\"Portada\",\"item\":\"https:\\\/\\\/informelitoral.com.ar\\\/\"},{\"@type\":\"ListItem\",\"position\":2,\"name\":\"El Gobierno avanza en la desregulaci\u00f3n del comercio exterior\"}]},{\"@type\":\"WebSite\",\"@id\":\"https:\\\/\\\/informelitoral.com.ar\\\/#website\",\"url\":\"https:\\\/\\\/informelitoral.com.ar\\\/\",\"name\":\"Informe Litoral\",\"description\":\"&quot;Nos informamos&quot; \",\"publisher\":{\"@id\":\"https:\\\/\\\/informelitoral.com.ar\\\/#organization\"},\"potentialAction\":[{\"@type\":\"SearchAction\",\"target\":{\"@type\":\"EntryPoint\",\"urlTemplate\":\"https:\\\/\\\/informelitoral.com.ar\\\/?s={search_term_string}\"},\"query-input\":{\"@type\":\"PropertyValueSpecification\",\"valueRequired\":true,\"valueName\":\"search_term_string\"}}],\"inLanguage\":\"es\"},{\"@type\":\"Organization\",\"@id\":\"https:\\\/\\\/informelitoral.com.ar\\\/#organization\",\"name\":\"Informe Litoral\",\"url\":\"https:\\\/\\\/informelitoral.com.ar\\\/\",\"logo\":{\"@type\":\"ImageObject\",\"inLanguage\":\"es\",\"@id\":\"https:\\\/\\\/informelitoral.com.ar\\\/#\\\/schema\\\/logo\\\/image\\\/\",\"url\":\"https:\\\/\\\/informelitoral.com.ar\\\/%77%70%2d%63%6f%6e%74%65%6e%74\\\/uploads\\\/2021\\\/01\\\/circulo.png\",\"contentUrl\":\"https:\\\/\\\/informelitoral.com.ar\\\/%77%70%2d%63%6f%6e%74%65%6e%74\\\/uploads\\\/2021\\\/01\\\/circulo.png\",\"width\":723,\"height\":731,\"caption\":\"Informe Litoral\"},\"image\":{\"@id\":\"https:\\\/\\\/informelitoral.com.ar\\\/#\\\/schema\\\/logo\\\/image\\\/\"},\"sameAs\":[\"https:\\\/\\\/www.facebook.com\\\/informelitoral\\\/\",\"https:\\\/\\\/x.com\\\/InformeLitoral\",\"https:\\\/\\\/www.instagram.com\\\/informelitoral\\\/\",\"https:\\\/\\\/www.youtube.com\\\/channel\\\/UCua4Qvz8Icb6MYqhoq9xLXw\"]},{\"@type\":\"Person\",\"@id\":\"https:\\\/\\\/informelitoral.com.ar\\\/#\\\/schema\\\/person\\\/f05f9f461677119578717524b127d6d5\",\"name\":\"Sebastian\",\"image\":{\"@type\":\"ImageObject\",\"inLanguage\":\"es\",\"@id\":\"https:\\\/\\\/secure.gravatar.com\\\/avatar\\\/b71bf7481d447dfb9583c7f2798e7cc64de6efb9067b74633ed8c31059a3bd82?s=96&d=mm&r=g\",\"url\":\"https:\\\/\\\/secure.gravatar.com\\\/avatar\\\/b71bf7481d447dfb9583c7f2798e7cc64de6efb9067b74633ed8c31059a3bd82?s=96&d=mm&r=g\",\"contentUrl\":\"https:\\\/\\\/secure.gravatar.com\\\/avatar\\\/b71bf7481d447dfb9583c7f2798e7cc64de6efb9067b74633ed8c31059a3bd82?s=96&d=mm&r=g\",\"caption\":\"Sebastian\"},\"url\":\"https:\\\/\\\/informelitoral.com.ar\\\/author\\\/sebastian\\\/\"}]}<\/script>","yoast_head_json":{"title":"El Gobierno avanza en la desregulaci\u00f3n del comercio exterior - Informe Litoral","robots":{"index":"index","follow":"follow","max-snippet":"max-snippet:-1","max-image-preview":"max-image-preview:large","max-video-preview":"max-video-preview:-1"},"canonical":"https:\/\/informelitoral.com.ar\/el-gobierno-avanza-en-la-desregulacion-del-comercio-exterior\/","og_locale":"es_ES","og_type":"article","og_title":"El Gobierno avanza en la desregulaci\u00f3n del comercio exterior - Informe Litoral","og_description":"La medida, publicada este martes en el Bolet\u00edn Oficial, establece la eliminaci\u00f3n del Sistema Estad\u00edstico de Importaciones (SEDI).","og_url":"https:\/\/informelitoral.com.ar\/el-gobierno-avanza-en-la-desregulacion-del-comercio-exterior\/","og_site_name":"Informe Litoral","article_publisher":"https:\/\/www.facebook.com\/informelitoral\/","article_published_time":"2025-02-25T13:05:08+00:00","og_image":[{"width":790,"height":527,"url":"https:\/\/informelitoral.com.ar\/%77%70%2d%63%6f%6e%74%65%6e%74\/uploads\/2024\/10\/manuel-adorni-3jpg.webp","type":"image\/webp"}],"author":"Sebastian","twitter_card":"summary_large_image","twitter_creator":"@InformeLitoral","twitter_site":"@InformeLitoral","twitter_misc":{"Escrito por":"Sebastian","Tiempo de lectura":"3 minutos"},"schema":{"@context":"https:\/\/schema.org","@graph":[{"@type":"Article","@id":"https:\/\/informelitoral.com.ar\/el-gobierno-avanza-en-la-desregulacion-del-comercio-exterior\/#article","isPartOf":{"@id":"https:\/\/informelitoral.com.ar\/el-gobierno-avanza-en-la-desregulacion-del-comercio-exterior\/"},"author":{"name":"Sebastian","@id":"https:\/\/informelitoral.com.ar\/#\/schema\/person\/f05f9f461677119578717524b127d6d5"},"headline":"El Gobierno avanza en la desregulaci\u00f3n del comercio exterior","datePublished":"2025-02-25T13:05:08+00:00","mainEntityOfPage":{"@id":"https:\/\/informelitoral.com.ar\/el-gobierno-avanza-en-la-desregulacion-del-comercio-exterior\/"},"wordCount":623,"commentCount":0,"publisher":{"@id":"https:\/\/informelitoral.com.ar\/#organization"},"image":{"@id":"https:\/\/informelitoral.com.ar\/el-gobierno-avanza-en-la-desregulacion-del-comercio-exterior\/#primaryimage"},"thumbnailUrl":"https:\/\/informelitoral.com.ar\/%77%70%2d%63%6f%6e%74%65%6e%74\/uploads\/2024\/10\/manuel-adorni-3jpg.webp","articleSection":["Politica"],"inLanguage":"es","potentialAction":[{"@type":"CommentAction","name":"Comment","target":["https:\/\/informelitoral.com.ar\/el-gobierno-avanza-en-la-desregulacion-del-comercio-exterior\/#respond"]}]},{"@type":"WebPage","@id":"https:\/\/informelitoral.com.ar\/el-gobierno-avanza-en-la-desregulacion-del-comercio-exterior\/","url":"https:\/\/informelitoral.com.ar\/el-gobierno-avanza-en-la-desregulacion-del-comercio-exterior\/","name":"El Gobierno avanza en la desregulaci\u00f3n del comercio exterior - Informe Litoral","isPartOf":{"@id":"https:\/\/informelitoral.com.ar\/#website"},"primaryImageOfPage":{"@id":"https:\/\/informelitoral.com.ar\/el-gobierno-avanza-en-la-desregulacion-del-comercio-exterior\/#primaryimage"},"image":{"@id":"https:\/\/informelitoral.com.ar\/el-gobierno-avanza-en-la-desregulacion-del-comercio-exterior\/#primaryimage"},"thumbnailUrl":"https:\/\/informelitoral.com.ar\/%77%70%2d%63%6f%6e%74%65%6e%74\/uploads\/2024\/10\/manuel-adorni-3jpg.webp","datePublished":"2025-02-25T13:05:08+00:00","breadcrumb":{"@id":"https:\/\/informelitoral.com.ar\/el-gobierno-avanza-en-la-desregulacion-del-comercio-exterior\/#breadcrumb"},"inLanguage":"es","potentialAction":[{"@type":"ReadAction","target":["https:\/\/informelitoral.com.ar\/el-gobierno-avanza-en-la-desregulacion-del-comercio-exterior\/"]}]},{"@type":"ImageObject","inLanguage":"es","@id":"https:\/\/informelitoral.com.ar\/el-gobierno-avanza-en-la-desregulacion-del-comercio-exterior\/#primaryimage","url":"https:\/\/informelitoral.com.ar\/%77%70%2d%63%6f%6e%74%65%6e%74\/uploads\/2024\/10\/manuel-adorni-3jpg.webp","contentUrl":"https:\/\/informelitoral.com.ar\/%77%70%2d%63%6f%6e%74%65%6e%74\/uploads\/2024\/10\/manuel-adorni-3jpg.webp","width":790,"height":527},{"@type":"BreadcrumbList","@id":"https:\/\/informelitoral.com.ar\/el-gobierno-avanza-en-la-desregulacion-del-comercio-exterior\/#breadcrumb","itemListElement":[{"@type":"ListItem","position":1,"name":"Portada","item":"https:\/\/informelitoral.com.ar\/"},{"@type":"ListItem","position":2,"name":"El Gobierno avanza en la desregulaci\u00f3n del comercio exterior"}]},{"@type":"WebSite","@id":"https:\/\/informelitoral.com.ar\/#website","url":"https:\/\/informelitoral.com.ar\/","name":"Informe Litoral","description":"&quot;Nos informamos&quot; ","publisher":{"@id":"https:\/\/informelitoral.com.ar\/#organization"},"potentialAction":[{"@type":"SearchAction","target":{"@type":"EntryPoint","urlTemplate":"https:\/\/informelitoral.com.ar\/?s={search_term_string}"},"query-input":{"@type":"PropertyValueSpecification","valueRequired":true,"valueName":"search_term_string"}}],"inLanguage":"es"},{"@type":"Organization","@id":"https:\/\/informelitoral.com.ar\/#organization","name":"Informe Litoral","url":"https:\/\/informelitoral.com.ar\/","logo":{"@type":"ImageObject","inLanguage":"es","@id":"https:\/\/informelitoral.com.ar\/#\/schema\/logo\/image\/","url":"https:\/\/informelitoral.com.ar\/%77%70%2d%63%6f%6e%74%65%6e%74\/uploads\/2021\/01\/circulo.png","contentUrl":"https:\/\/informelitoral.com.ar\/%77%70%2d%63%6f%6e%74%65%6e%74\/uploads\/2021\/01\/circulo.png","width":723,"height":731,"caption":"Informe Litoral"},"image":{"@id":"https:\/\/informelitoral.com.ar\/#\/schema\/logo\/image\/"},"sameAs":["https:\/\/www.facebook.com\/informelitoral\/","https:\/\/x.com\/InformeLitoral","https:\/\/www.instagram.com\/informelitoral\/","https:\/\/www.youtube.com\/channel\/UCua4Qvz8Icb6MYqhoq9xLXw"]},{"@type":"Person","@id":"https:\/\/informelitoral.com.ar\/#\/schema\/person\/f05f9f461677119578717524b127d6d5","name":"Sebastian","image":{"@type":"ImageObject","inLanguage":"es","@id":"https:\/\/secure.gravatar.com\/avatar\/b71bf7481d447dfb9583c7f2798e7cc64de6efb9067b74633ed8c31059a3bd82?s=96&d=mm&r=g","url":"https:\/\/secure.gravatar.com\/avatar\/b71bf7481d447dfb9583c7f2798e7cc64de6efb9067b74633ed8c31059a3bd82?s=96&d=mm&r=g","contentUrl":"https:\/\/secure.gravatar.com\/avatar\/b71bf7481d447dfb9583c7f2798e7cc64de6efb9067b74633ed8c31059a3bd82?s=96&d=mm&r=g","caption":"Sebastian"},"url":"https:\/\/informelitoral.com.ar\/author\/sebastian\/"}]}},"_links":{"self":[{"href":"https:\/\/informelitoral.com.ar\/%77%70%2d%6a%73%6f%6e\/wp\/v2\/posts\/212962","targetHints":{"allow":["GET"]}}],"collection":[{"href":"https:\/\/informelitoral.com.ar\/%77%70%2d%6a%73%6f%6e\/wp\/v2\/posts"}],"about":[{"href":"https:\/\/informelitoral.com.ar\/%77%70%2d%6a%73%6f%6e\/wp\/v2\/types\/post"}],"author":[{"embeddable":true,"href":"https:\/\/informelitoral.com.ar\/%77%70%2d%6a%73%6f%6e\/wp\/v2\/users\/8"}],"replies":[{"embeddable":true,"href":"https:\/\/informelitoral.com.ar\/%77%70%2d%6a%73%6f%6e\/wp\/v2\/comments?post=212962"}],"version-history":[{"count":0,"href":"https:\/\/informelitoral.com.ar\/%77%70%2d%6a%73%6f%6e\/wp\/v2\/posts\/212962\/revisions"}],"wp:featuredmedia":[{"embeddable":true,"href":"https:\/\/informelitoral.com.ar\/%77%70%2d%6a%73%6f%6e\/wp\/v2\/media\/200486"}],"wp:attachment":[{"href":"https:\/\/informelitoral.com.ar\/%77%70%2d%6a%73%6f%6e\/wp\/v2\/media?parent=212962"}],"wp:term":[{"taxonomy":"category","embeddable":true,"href":"https:\/\/informelitoral.com.ar\/%77%70%2d%6a%73%6f%6e\/wp\/v2\/categories?post=212962"},{"taxonomy":"post_tag","embeddable":true,"href":"https:\/\/informelitoral.com.ar\/%77%70%2d%6a%73%6f%6e\/wp\/v2\/tags?post=212962"}],"curies":[{"name":"wp","href":"https:\/\/api.w.org\/{rel}","templated":true}]}}