{"id":212910,"date":"2025-02-26T07:46:09","date_gmt":"2025-02-26T10:46:09","guid":{"rendered":"https:\/\/informelitoral.com.ar\/?p=212910"},"modified":"2025-02-26T08:01:55","modified_gmt":"2025-02-26T11:01:55","slug":"mariano-berdinas-las-becas-volvieron-a-ser-la-columna-vertebral-del-instituto","status":"publish","type":"post","link":"https:\/\/informelitoral.com.ar\/mariano-berdinas-las-becas-volvieron-a-ser-la-columna-vertebral-del-instituto\/","title":{"rendered":"Mariano Berdi\u00f1as: \u00abLas becas volvieron a ser la columna vertebral del Instituto\u201d"},"content":{"rendered":"<p>El programa de becas es una pol\u00edtica que se ha logrado sostener en Entre R\u00edos pese a los diferentes Gobiernos y a cargo de ello est\u00e1 el <a href=\"https:\/\/www.institutobecario.gov.ar\/\" target=\"_blank\" rel=\"noopener\"><strong>Instituto Becario<\/strong><\/a> que en principio era m\u00e1s conocido como In.Au.Be.Pro. Su director ejecutivo, <strong>Mariano Berdi\u00f1as<\/strong> visit\u00f3 <a href=\"https:\/\/informelitoral.com.ar\/la-hora-del-6-por-canal-6-ertv-donde-volver-a-ver-las-entrevistas\/\" target=\"_blank\" rel=\"noopener\"><strong><em>La Hora del 6<\/em><\/strong><\/a> por <em>Canal 6 ERTV<\/em>, donde habl\u00f3 sobre la apertura de la inscripci\u00f3n para los beneficios secundarios, adelant\u00f3 que desde el 7 de abril ser\u00e1 para el resto de los niveles educativos y valor\u00f3 que se est\u00e1 recuperando el poder adquisitivo de las becas. Por otro lado, cont\u00f3 c\u00f3mo se har\u00e1n cargo progresivamente del transporte escolar fluvial con fondos del tesoro provincial.<\/p>\n<h2><strong>Inscripci\u00f3n a becas <\/strong><\/h2>\n<p><strong>La inscripci\u00f3n para nuevas solicitudes o renovaciones del Nivel Secundario se abri\u00f3 el lunes 17 de febrero y por el momento no tiene fecha de cierre, se podr\u00eda extender hasta principios de abril de acuerdo a la demanda.<\/strong><\/p>\n<h6><em><strong>Nota relacionada:\u00a0<a href=\"https:\/\/informelitoral.com.ar\/inicia-la-inscripcion-para-becas-provinciales\/\" target=\"_blank\" rel=\"noopener\">Inicia la inscripci\u00f3n para becas provinciales<\/a><\/strong><\/em><\/h6>\n<p>En ese marco, Berdi\u00f1as consider\u00f3 que \u201cest\u00e1 en marcha una de las etapas del a\u00f1o de mayor trabajo y demanda como lo es la inscripci\u00f3n a las becas porque eso es nuestra columna vertebral, en la cual en esta gesti\u00f3n ponemos mayor \u00e9nfasis\u201d, dijo y adelant\u00f3 que \u201cdesde el 7 de abril abre la inscripci\u00f3n para las becas del Nivel Superior, Terciario y Universitario. Ya no ser\u00e1 m\u00e1s hacia mitad de a\u00f1o porque al estar todo pr\u00e1cticamente digitalizado pudimos adelantar esa fecha\u201d, destac\u00f3.<\/p>\n<p>En cuanto al tr\u00e1mite, indic\u00f3 que<strong> se puede realizar totalmente online en:<\/strong> <strong><a href=\"https:\/\/www.institutobecario.gov.ar\/\">https:\/\/www.institutobecario.gov.ar\/<\/a> <\/strong>tanto para una nueva beca como para la renovaci\u00f3n. \u201cTambi\u00e9n pueden acercarse a nuestra sede en <strong>calle San Martin 458 de Paran\u00e1 de 8 a 13<\/strong> o a las <strong>delegaciones en cabeceras departamentales y otras localidades\u201d<\/strong>, coment\u00f3.<\/p>\n<p>Los principales <strong>requisitos<\/strong> a tener en cuenta son: \u201ctener<strong> todas las materias del a\u00f1o anterior aprobadas,<\/strong> ser <strong>entrerriano de nacimiento o tener tres a\u00f1os de residencia<\/strong> en la provincia y hemos elevado lo econ\u00f3mico para que mas estudiantes puedan acceder:<strong> ahora el m\u00e1ximo de ingresos por familia no debe superar los cinco salarios m\u00ednimo vital y m\u00f3vil (1,5 millones de pesos aproximadamente)<\/strong> pero si son algo superiores los ingresos pedimos que se inscriban igual\u201d, sostuvo Berdi\u00f1as.<\/p>\n<p>El director Ejecutivo del Becario tambi\u00e9n cont\u00f3 que <strong>la evaluaci\u00f3n ya se realiza mientras se inscriben<\/strong> y presentan toda la documentaci\u00f3n y si la solicitud es aprobado el estudiante es notificado v\u00eda mail.<\/p>\n<h2><strong>Aumentos en el monto de los beneficios <\/strong><\/h2>\n<p><strong>\u201cLos aumentos van a regir desde marzo y desde que asumimos la gesti\u00f3n en diciembre de 2023 a la fecha aumentamos un 270% los montos, sin recortar el n\u00famero de beneficiarios, al contrario\u201d,<\/strong> asegur\u00f3 Berdi\u00f1as.<\/p>\n<h6><em><strong>Nota relacionada:\u00a0<a href=\"https:\/\/informelitoral.com.ar\/becas-entrerrianas-anunciaron-de-cuanto-sera-el-aumento-desde-marzo\/\" target=\"_blank\" rel=\"noopener\">Becas entrerrianas: anunciaron de cu\u00e1nto ser\u00e1 el aumento desde marzo<\/a><\/strong><\/em><\/h6>\n<p>\u201cLo logramos siendo austeros y tomando decisiones como por ejemplo suspender la Marat\u00f3n, que es un evento muy lindo pero <strong>decidimos poner el norte en que recuperen el poder adquisitivo y poder otorgar m\u00e1s becas para apoyar a los chicos y las familias\u201d,<\/strong> expres\u00f3.<\/p>\n<blockquote><p>De esta manera <strong>las becas secundarias tendr\u00e1n un monto de 25.000 pesos, terciarias $40.000 y universitarias $50.000.<\/strong><\/p><\/blockquote>\n<p>Cabe recordar que al inicio de gesti\u00f3n, dichos montos eran de $6.500, 10.500 y 13.000 pesos respectivamente.<strong> \u201cA mitad de a\u00f1o habr\u00e1 otro aumento de becas para acercarnos a los valores hist\u00f3ricos\u201d,<\/strong> adelant\u00f3 el funcionario.<\/p>\n<h2><strong>Transporte fluvial<\/strong><\/h2>\n<p>A partir del convenio rubricado entre <strong>Alicia Fregonese<\/strong> y <strong>Mariano Berdi\u00f1as<\/strong>, presidenta del Consejo General de Educaci\u00f3n (CGE) y director del Becario respectivamente, el Instituto comenzar\u00e1 a organizar y controlar el servicio de transporte escolar fluvial. Ser\u00e1 por etapas y de manera progresiva, para optimizar el servicio y seguir garantizando el traslado a estudiantes de escuelas de zona de islas. Cabe mencionar que esta prestaci\u00f3n se financiar\u00e1 con aportes del tesoro provincial.<\/p>\n<p>\u201cEs una decisi\u00f3n pol\u00edtica que compartimos con el gobernador, Rogelio Frigerio, trabajando siempre en la optimizaci\u00f3n de los recursos y en la prestaci\u00f3n de servicios de manera eficiente. <strong>En esta primera instancia, comenzaremos con tres tramos (del total de 14), empezando con tres escuelas primarias y una secundaria\u201d<\/strong>, describi\u00f3 Berdi\u00f1as.<\/p>\n<p><strong>\u201cEstaremos a cargo del control, la contrataci\u00f3n y administraci\u00f3n del transporte porque el objetivo es que esos chicos tambi\u00e9n puedan cumplir con la totalidad de los d\u00edas de clases\u201d,<\/strong> concluy\u00f3.<em> (Informe Litoral)<\/em><\/p>\n<h2><strong>Ver la entrevista completa con Mariano Berdi\u00f1as:\u00a0<\/strong><\/h2>\n<div class=\"youtube-embed\" data-video_id=\"ggOgqV4gcxQ\"><iframe loading=\"lazy\" title=\"Mariano Berdi\u00f1as I C\u00f3mo inscribirse a una beca en Entre R\u00edos\" width=\"696\" height=\"392\" src=\"https:\/\/www.youtube.com\/embed\/ggOgqV4gcxQ?feature=oembed&#038;enablejsapi=1\" frameborder=\"0\" allow=\"accelerometer; autoplay; clipboard-write; encrypted-media; gyroscope; picture-in-picture; web-share\" referrerpolicy=\"strict-origin-when-cross-origin\" allowfullscreen><\/iframe><\/div>\n<h6><em><strong>Del archivo de Informe Litoral:\u00a0<a href=\"https:\/\/informelitoral.com.ar\/aranguren-el-instituto-becario-abre-las-inscripciones-para-becas-secundarias\/\" target=\"_blank\" rel=\"noopener\">Aranguren: el Instituto Becario abre las inscripciones para becas secundarias<\/a><\/strong><\/em><\/h6>\n<h6><em><strong><a href=\"https:\/\/informelitoral.com.ar\/becas-2025-junta-de-gobierno-de-isletas-brindara-asesoramiento-a-quienes-lo-requieran\/\" target=\"_blank\" rel=\"noopener\">Becas 2025: Junta de Gobierno de Isletas brindar\u00e1 asesoramiento a quienes lo requieran<\/a><\/strong><\/em><\/h6>\n<h6><em><strong><a href=\"https:\/\/informelitoral.com.ar\/ludopatia-diputados-realizo-una-jornada-de-prevencion\/\" target=\"_blank\" rel=\"noopener\">Ludopat\u00eda: Diputados realiz\u00f3 una jornada de prevenci\u00f3n<\/a><\/strong><\/em><\/h6>\n","protected":false},"excerpt":{"rendered":"<p>El director ejecutivo del Instituto Becario explic\u00f3 c\u00f3mo pudieron aumentar en un 270% el monto de los beneficios desde que asumieron y a la vez incrementar el n\u00famero de beneficiarios. Adem\u00e1s, en La Hora del 6, destac\u00f3 que se har\u00e1n cargo del transporte escolar fluvial. <\/p>\n","protected":false},"author":2,"featured_media":212911,"comment_status":"open","ping_status":"open","sticky":false,"template":"","format":"standard","meta":{"fifu_image_url":"","fifu_image_alt":"","footnotes":""},"categories":[6],"tags":[4809,3476,3625,418,5126],"class_list":{"0":"post-212910","1":"post","2":"type-post","3":"status-publish","4":"format-standard","5":"has-post-thumbnail","7":"category-entre-rios","8":"tag-becario","9":"tag-canal-6-ertv","10":"tag-el-becario","11":"tag-instituto-becario","12":"tag-la-hora-del-6"},"yoast_head":"<title>Mariano Berdi\u00f1as: &quot;Las becas volvieron a ser la columna vertebral del Instituto\u201d - Informe Litoral<\/title>\n<meta name=\"robots\" content=\"index, follow, max-snippet:-1, max-image-preview:large, max-video-preview:-1\" \/>\n<link rel=\"canonical\" href=\"https:\/\/informelitoral.com.ar\/mariano-berdinas-las-becas-volvieron-a-ser-la-columna-vertebral-del-instituto\/\" \/>\n<meta property=\"og:locale\" content=\"es_ES\" \/>\n<meta property=\"og:type\" content=\"article\" \/>\n<meta property=\"og:title\" content=\"Mariano Berdi\u00f1as: &quot;Las becas volvieron a ser la columna vertebral del Instituto\u201d - Informe Litoral\" \/>\n<meta property=\"og:description\" content=\"El director ejecutivo del Instituto Becario explic\u00f3 c\u00f3mo pudieron aumentar en un 270% el monto de los beneficios desde que asumieron y a la vez incrementar el n\u00famero de beneficiarios. Adem\u00e1s, en La Hora del 6, destac\u00f3 que se har\u00e1n cargo del transporte escolar fluvial.\" \/>\n<meta property=\"og:url\" content=\"https:\/\/informelitoral.com.ar\/mariano-berdinas-las-becas-volvieron-a-ser-la-columna-vertebral-del-instituto\/\" \/>\n<meta property=\"og:site_name\" content=\"Informe Litoral\" \/>\n<meta property=\"article:publisher\" content=\"https:\/\/www.facebook.com\/informelitoral\/\" \/>\n<meta property=\"article:published_time\" content=\"2025-02-26T10:46:09+00:00\" \/>\n<meta property=\"article:modified_time\" content=\"2025-02-26T11:01:55+00:00\" \/>\n<meta property=\"og:image\" content=\"https:\/\/informelitoral.com.ar\/%77%70%2d%63%6f%6e%74%65%6e%74\/uploads\/2025\/02\/mariano-berdinas-becario-la-hora-del-6-canal-6-ertv.jpg\" \/>\n\t<meta property=\"og:image:width\" content=\"1908\" \/>\n\t<meta property=\"og:image:height\" content=\"1080\" \/>\n\t<meta property=\"og:image:type\" content=\"image\/jpeg\" \/>\n<meta name=\"author\" content=\"Gonzalo Schmidt\" \/>\n<meta name=\"twitter:card\" content=\"summary_large_image\" \/>\n<meta name=\"twitter:creator\" content=\"@InformeLitoral\" \/>\n<meta name=\"twitter:site\" content=\"@InformeLitoral\" \/>\n<meta name=\"twitter:label1\" content=\"Escrito por\" \/>\n\t<meta name=\"twitter:data1\" content=\"Gonzalo Schmidt\" \/>\n\t<meta name=\"twitter:label2\" content=\"Tiempo de lectura\" \/>\n\t<meta name=\"twitter:data2\" content=\"4 minutos\" \/>\n<script type=\"application\/ld+json\" class=\"yoast-schema-graph\">{\"@context\":\"https:\\\/\\\/schema.org\",\"@graph\":[{\"@type\":\"Article\",\"@id\":\"https:\\\/\\\/informelitoral.com.ar\\\/mariano-berdinas-las-becas-volvieron-a-ser-la-columna-vertebral-del-instituto\\\/#article\",\"isPartOf\":{\"@id\":\"https:\\\/\\\/informelitoral.com.ar\\\/mariano-berdinas-las-becas-volvieron-a-ser-la-columna-vertebral-del-instituto\\\/\"},\"author\":{\"name\":\"Gonzalo Schmidt\",\"@id\":\"https:\\\/\\\/informelitoral.com.ar\\\/#\\\/schema\\\/person\\\/b9d00407c836482871ef1d57bf8e3180\"},\"headline\":\"Mariano Berdi\u00f1as: \u00abLas becas volvieron a ser la columna vertebral del Instituto\u201d\",\"datePublished\":\"2025-02-26T10:46:09+00:00\",\"dateModified\":\"2025-02-26T11:01:55+00:00\",\"mainEntityOfPage\":{\"@id\":\"https:\\\/\\\/informelitoral.com.ar\\\/mariano-berdinas-las-becas-volvieron-a-ser-la-columna-vertebral-del-instituto\\\/\"},\"wordCount\":814,\"commentCount\":0,\"publisher\":{\"@id\":\"https:\\\/\\\/informelitoral.com.ar\\\/#organization\"},\"image\":{\"@id\":\"https:\\\/\\\/informelitoral.com.ar\\\/mariano-berdinas-las-becas-volvieron-a-ser-la-columna-vertebral-del-instituto\\\/#primaryimage\"},\"thumbnailUrl\":\"https:\\\/\\\/informelitoral.com.ar\\\/%77%70%2d%63%6f%6e%74%65%6e%74\\\/uploads\\\/2025\\\/02\\\/mariano-berdinas-becario-la-hora-del-6-canal-6-ertv.jpg\",\"keywords\":[\"Becario\",\"Canal 6 ERTV\",\"El Becario\",\"Instituto Becario\",\"La hora del 6\"],\"articleSection\":[\"Entre R\u00edos\"],\"inLanguage\":\"es\",\"potentialAction\":[{\"@type\":\"CommentAction\",\"name\":\"Comment\",\"target\":[\"https:\\\/\\\/informelitoral.com.ar\\\/mariano-berdinas-las-becas-volvieron-a-ser-la-columna-vertebral-del-instituto\\\/#respond\"]}]},{\"@type\":\"WebPage\",\"@id\":\"https:\\\/\\\/informelitoral.com.ar\\\/mariano-berdinas-las-becas-volvieron-a-ser-la-columna-vertebral-del-instituto\\\/\",\"url\":\"https:\\\/\\\/informelitoral.com.ar\\\/mariano-berdinas-las-becas-volvieron-a-ser-la-columna-vertebral-del-instituto\\\/\",\"name\":\"Mariano Berdi\u00f1as: \\\"Las becas volvieron a ser la columna vertebral del Instituto\u201d - Informe Litoral\",\"isPartOf\":{\"@id\":\"https:\\\/\\\/informelitoral.com.ar\\\/#website\"},\"primaryImageOfPage\":{\"@id\":\"https:\\\/\\\/informelitoral.com.ar\\\/mariano-berdinas-las-becas-volvieron-a-ser-la-columna-vertebral-del-instituto\\\/#primaryimage\"},\"image\":{\"@id\":\"https:\\\/\\\/informelitoral.com.ar\\\/mariano-berdinas-las-becas-volvieron-a-ser-la-columna-vertebral-del-instituto\\\/#primaryimage\"},\"thumbnailUrl\":\"https:\\\/\\\/informelitoral.com.ar\\\/%77%70%2d%63%6f%6e%74%65%6e%74\\\/uploads\\\/2025\\\/02\\\/mariano-berdinas-becario-la-hora-del-6-canal-6-ertv.jpg\",\"datePublished\":\"2025-02-26T10:46:09+00:00\",\"dateModified\":\"2025-02-26T11:01:55+00:00\",\"breadcrumb\":{\"@id\":\"https:\\\/\\\/informelitoral.com.ar\\\/mariano-berdinas-las-becas-volvieron-a-ser-la-columna-vertebral-del-instituto\\\/#breadcrumb\"},\"inLanguage\":\"es\",\"potentialAction\":[{\"@type\":\"ReadAction\",\"target\":[\"https:\\\/\\\/informelitoral.com.ar\\\/mariano-berdinas-las-becas-volvieron-a-ser-la-columna-vertebral-del-instituto\\\/\"]}]},{\"@type\":\"ImageObject\",\"inLanguage\":\"es\",\"@id\":\"https:\\\/\\\/informelitoral.com.ar\\\/mariano-berdinas-las-becas-volvieron-a-ser-la-columna-vertebral-del-instituto\\\/#primaryimage\",\"url\":\"https:\\\/\\\/informelitoral.com.ar\\\/%77%70%2d%63%6f%6e%74%65%6e%74\\\/uploads\\\/2025\\\/02\\\/mariano-berdinas-becario-la-hora-del-6-canal-6-ertv.jpg\",\"contentUrl\":\"https:\\\/\\\/informelitoral.com.ar\\\/%77%70%2d%63%6f%6e%74%65%6e%74\\\/uploads\\\/2025\\\/02\\\/mariano-berdinas-becario-la-hora-del-6-canal-6-ertv.jpg\",\"width\":1908,\"height\":1080,\"caption\":\"Mariano Berdi\u00f1as, director Ejecutivo del Becario en La Hora del 6 por Canal 6 ERTV.\"},{\"@type\":\"BreadcrumbList\",\"@id\":\"https:\\\/\\\/informelitoral.com.ar\\\/mariano-berdinas-las-becas-volvieron-a-ser-la-columna-vertebral-del-instituto\\\/#breadcrumb\",\"itemListElement\":[{\"@type\":\"ListItem\",\"position\":1,\"name\":\"Portada\",\"item\":\"https:\\\/\\\/informelitoral.com.ar\\\/\"},{\"@type\":\"ListItem\",\"position\":2,\"name\":\"Mariano Berdi\u00f1as: \u00abLas becas volvieron a ser la columna vertebral del Instituto\u201d\"}]},{\"@type\":\"WebSite\",\"@id\":\"https:\\\/\\\/informelitoral.com.ar\\\/#website\",\"url\":\"https:\\\/\\\/informelitoral.com.ar\\\/\",\"name\":\"Informe Litoral\",\"description\":\"&quot;Nos informamos&quot; \",\"publisher\":{\"@id\":\"https:\\\/\\\/informelitoral.com.ar\\\/#organization\"},\"potentialAction\":[{\"@type\":\"SearchAction\",\"target\":{\"@type\":\"EntryPoint\",\"urlTemplate\":\"https:\\\/\\\/informelitoral.com.ar\\\/?s={search_term_string}\"},\"query-input\":{\"@type\":\"PropertyValueSpecification\",\"valueRequired\":true,\"valueName\":\"search_term_string\"}}],\"inLanguage\":\"es\"},{\"@type\":\"Organization\",\"@id\":\"https:\\\/\\\/informelitoral.com.ar\\\/#organization\",\"name\":\"Informe Litoral\",\"url\":\"https:\\\/\\\/informelitoral.com.ar\\\/\",\"logo\":{\"@type\":\"ImageObject\",\"inLanguage\":\"es\",\"@id\":\"https:\\\/\\\/informelitoral.com.ar\\\/#\\\/schema\\\/logo\\\/image\\\/\",\"url\":\"https:\\\/\\\/informelitoral.com.ar\\\/%77%70%2d%63%6f%6e%74%65%6e%74\\\/uploads\\\/2021\\\/01\\\/circulo.png\",\"contentUrl\":\"https:\\\/\\\/informelitoral.com.ar\\\/%77%70%2d%63%6f%6e%74%65%6e%74\\\/uploads\\\/2021\\\/01\\\/circulo.png\",\"width\":723,\"height\":731,\"caption\":\"Informe Litoral\"},\"image\":{\"@id\":\"https:\\\/\\\/informelitoral.com.ar\\\/#\\\/schema\\\/logo\\\/image\\\/\"},\"sameAs\":[\"https:\\\/\\\/www.facebook.com\\\/informelitoral\\\/\",\"https:\\\/\\\/x.com\\\/InformeLitoral\",\"https:\\\/\\\/www.instagram.com\\\/informelitoral\\\/\",\"https:\\\/\\\/www.youtube.com\\\/channel\\\/UCua4Qvz8Icb6MYqhoq9xLXw\"]},{\"@type\":\"Person\",\"@id\":\"https:\\\/\\\/informelitoral.com.ar\\\/#\\\/schema\\\/person\\\/b9d00407c836482871ef1d57bf8e3180\",\"name\":\"Gonzalo Schmidt\",\"image\":{\"@type\":\"ImageObject\",\"inLanguage\":\"es\",\"@id\":\"https:\\\/\\\/secure.gravatar.com\\\/avatar\\\/31a1a7b66ff2de83bd0e9fd79d026630d2d99e55e8bfe501287647b4fd9743de?s=96&d=mm&r=g\",\"url\":\"https:\\\/\\\/secure.gravatar.com\\\/avatar\\\/31a1a7b66ff2de83bd0e9fd79d026630d2d99e55e8bfe501287647b4fd9743de?s=96&d=mm&r=g\",\"contentUrl\":\"https:\\\/\\\/secure.gravatar.com\\\/avatar\\\/31a1a7b66ff2de83bd0e9fd79d026630d2d99e55e8bfe501287647b4fd9743de?s=96&d=mm&r=g\",\"caption\":\"Gonzalo Schmidt\"},\"description\":\"Sitio web de noticias de la provincia de Entre R\u00edos, Argentina. Informaci\u00f3n y entretenimiento. Informe Litoral, nos informamos.\",\"sameAs\":[\"http:\\\/\\\/www.isletasnoticias.com.ar\"],\"url\":\"https:\\\/\\\/informelitoral.com.ar\\\/author\\\/gonzalo\\\/\"}]}<\/script>","yoast_head_json":{"title":"Mariano Berdi\u00f1as: \"Las becas volvieron a ser la columna vertebral del Instituto\u201d - Informe Litoral","robots":{"index":"index","follow":"follow","max-snippet":"max-snippet:-1","max-image-preview":"max-image-preview:large","max-video-preview":"max-video-preview:-1"},"canonical":"https:\/\/informelitoral.com.ar\/mariano-berdinas-las-becas-volvieron-a-ser-la-columna-vertebral-del-instituto\/","og_locale":"es_ES","og_type":"article","og_title":"Mariano Berdi\u00f1as: \"Las becas volvieron a ser la columna vertebral del Instituto\u201d - Informe Litoral","og_description":"El director ejecutivo del Instituto Becario explic\u00f3 c\u00f3mo pudieron aumentar en un 270% el monto de los beneficios desde que asumieron y a la vez incrementar el n\u00famero de beneficiarios. Adem\u00e1s, en La Hora del 6, destac\u00f3 que se har\u00e1n cargo del transporte escolar fluvial.","og_url":"https:\/\/informelitoral.com.ar\/mariano-berdinas-las-becas-volvieron-a-ser-la-columna-vertebral-del-instituto\/","og_site_name":"Informe Litoral","article_publisher":"https:\/\/www.facebook.com\/informelitoral\/","article_published_time":"2025-02-26T10:46:09+00:00","article_modified_time":"2025-02-26T11:01:55+00:00","og_image":[{"width":1908,"height":1080,"url":"https:\/\/informelitoral.com.ar\/%77%70%2d%63%6f%6e%74%65%6e%74\/uploads\/2025\/02\/mariano-berdinas-becario-la-hora-del-6-canal-6-ertv.jpg","type":"image\/jpeg"}],"author":"Gonzalo Schmidt","twitter_card":"summary_large_image","twitter_creator":"@InformeLitoral","twitter_site":"@InformeLitoral","twitter_misc":{"Escrito por":"Gonzalo Schmidt","Tiempo de lectura":"4 minutos"},"schema":{"@context":"https:\/\/schema.org","@graph":[{"@type":"Article","@id":"https:\/\/informelitoral.com.ar\/mariano-berdinas-las-becas-volvieron-a-ser-la-columna-vertebral-del-instituto\/#article","isPartOf":{"@id":"https:\/\/informelitoral.com.ar\/mariano-berdinas-las-becas-volvieron-a-ser-la-columna-vertebral-del-instituto\/"},"author":{"name":"Gonzalo Schmidt","@id":"https:\/\/informelitoral.com.ar\/#\/schema\/person\/b9d00407c836482871ef1d57bf8e3180"},"headline":"Mariano Berdi\u00f1as: \u00abLas becas volvieron a ser la columna vertebral del Instituto\u201d","datePublished":"2025-02-26T10:46:09+00:00","dateModified":"2025-02-26T11:01:55+00:00","mainEntityOfPage":{"@id":"https:\/\/informelitoral.com.ar\/mariano-berdinas-las-becas-volvieron-a-ser-la-columna-vertebral-del-instituto\/"},"wordCount":814,"commentCount":0,"publisher":{"@id":"https:\/\/informelitoral.com.ar\/#organization"},"image":{"@id":"https:\/\/informelitoral.com.ar\/mariano-berdinas-las-becas-volvieron-a-ser-la-columna-vertebral-del-instituto\/#primaryimage"},"thumbnailUrl":"https:\/\/informelitoral.com.ar\/%77%70%2d%63%6f%6e%74%65%6e%74\/uploads\/2025\/02\/mariano-berdinas-becario-la-hora-del-6-canal-6-ertv.jpg","keywords":["Becario","Canal 6 ERTV","El Becario","Instituto Becario","La hora del 6"],"articleSection":["Entre R\u00edos"],"inLanguage":"es","potentialAction":[{"@type":"CommentAction","name":"Comment","target":["https:\/\/informelitoral.com.ar\/mariano-berdinas-las-becas-volvieron-a-ser-la-columna-vertebral-del-instituto\/#respond"]}]},{"@type":"WebPage","@id":"https:\/\/informelitoral.com.ar\/mariano-berdinas-las-becas-volvieron-a-ser-la-columna-vertebral-del-instituto\/","url":"https:\/\/informelitoral.com.ar\/mariano-berdinas-las-becas-volvieron-a-ser-la-columna-vertebral-del-instituto\/","name":"Mariano Berdi\u00f1as: \"Las becas volvieron a ser la columna vertebral del Instituto\u201d - Informe Litoral","isPartOf":{"@id":"https:\/\/informelitoral.com.ar\/#website"},"primaryImageOfPage":{"@id":"https:\/\/informelitoral.com.ar\/mariano-berdinas-las-becas-volvieron-a-ser-la-columna-vertebral-del-instituto\/#primaryimage"},"image":{"@id":"https:\/\/informelitoral.com.ar\/mariano-berdinas-las-becas-volvieron-a-ser-la-columna-vertebral-del-instituto\/#primaryimage"},"thumbnailUrl":"https:\/\/informelitoral.com.ar\/%77%70%2d%63%6f%6e%74%65%6e%74\/uploads\/2025\/02\/mariano-berdinas-becario-la-hora-del-6-canal-6-ertv.jpg","datePublished":"2025-02-26T10:46:09+00:00","dateModified":"2025-02-26T11:01:55+00:00","breadcrumb":{"@id":"https:\/\/informelitoral.com.ar\/mariano-berdinas-las-becas-volvieron-a-ser-la-columna-vertebral-del-instituto\/#breadcrumb"},"inLanguage":"es","potentialAction":[{"@type":"ReadAction","target":["https:\/\/informelitoral.com.ar\/mariano-berdinas-las-becas-volvieron-a-ser-la-columna-vertebral-del-instituto\/"]}]},{"@type":"ImageObject","inLanguage":"es","@id":"https:\/\/informelitoral.com.ar\/mariano-berdinas-las-becas-volvieron-a-ser-la-columna-vertebral-del-instituto\/#primaryimage","url":"https:\/\/informelitoral.com.ar\/%77%70%2d%63%6f%6e%74%65%6e%74\/uploads\/2025\/02\/mariano-berdinas-becario-la-hora-del-6-canal-6-ertv.jpg","contentUrl":"https:\/\/informelitoral.com.ar\/%77%70%2d%63%6f%6e%74%65%6e%74\/uploads\/2025\/02\/mariano-berdinas-becario-la-hora-del-6-canal-6-ertv.jpg","width":1908,"height":1080,"caption":"Mariano Berdi\u00f1as, director Ejecutivo del Becario en La Hora del 6 por Canal 6 ERTV."},{"@type":"BreadcrumbList","@id":"https:\/\/informelitoral.com.ar\/mariano-berdinas-las-becas-volvieron-a-ser-la-columna-vertebral-del-instituto\/#breadcrumb","itemListElement":[{"@type":"ListItem","position":1,"name":"Portada","item":"https:\/\/informelitoral.com.ar\/"},{"@type":"ListItem","position":2,"name":"Mariano Berdi\u00f1as: \u00abLas becas volvieron a ser la columna vertebral del Instituto\u201d"}]},{"@type":"WebSite","@id":"https:\/\/informelitoral.com.ar\/#website","url":"https:\/\/informelitoral.com.ar\/","name":"Informe Litoral","description":"&quot;Nos informamos&quot; ","publisher":{"@id":"https:\/\/informelitoral.com.ar\/#organization"},"potentialAction":[{"@type":"SearchAction","target":{"@type":"EntryPoint","urlTemplate":"https:\/\/informelitoral.com.ar\/?s={search_term_string}"},"query-input":{"@type":"PropertyValueSpecification","valueRequired":true,"valueName":"search_term_string"}}],"inLanguage":"es"},{"@type":"Organization","@id":"https:\/\/informelitoral.com.ar\/#organization","name":"Informe Litoral","url":"https:\/\/informelitoral.com.ar\/","logo":{"@type":"ImageObject","inLanguage":"es","@id":"https:\/\/informelitoral.com.ar\/#\/schema\/logo\/image\/","url":"https:\/\/informelitoral.com.ar\/%77%70%2d%63%6f%6e%74%65%6e%74\/uploads\/2021\/01\/circulo.png","contentUrl":"https:\/\/informelitoral.com.ar\/%77%70%2d%63%6f%6e%74%65%6e%74\/uploads\/2021\/01\/circulo.png","width":723,"height":731,"caption":"Informe Litoral"},"image":{"@id":"https:\/\/informelitoral.com.ar\/#\/schema\/logo\/image\/"},"sameAs":["https:\/\/www.facebook.com\/informelitoral\/","https:\/\/x.com\/InformeLitoral","https:\/\/www.instagram.com\/informelitoral\/","https:\/\/www.youtube.com\/channel\/UCua4Qvz8Icb6MYqhoq9xLXw"]},{"@type":"Person","@id":"https:\/\/informelitoral.com.ar\/#\/schema\/person\/b9d00407c836482871ef1d57bf8e3180","name":"Gonzalo Schmidt","image":{"@type":"ImageObject","inLanguage":"es","@id":"https:\/\/secure.gravatar.com\/avatar\/31a1a7b66ff2de83bd0e9fd79d026630d2d99e55e8bfe501287647b4fd9743de?s=96&d=mm&r=g","url":"https:\/\/secure.gravatar.com\/avatar\/31a1a7b66ff2de83bd0e9fd79d026630d2d99e55e8bfe501287647b4fd9743de?s=96&d=mm&r=g","contentUrl":"https:\/\/secure.gravatar.com\/avatar\/31a1a7b66ff2de83bd0e9fd79d026630d2d99e55e8bfe501287647b4fd9743de?s=96&d=mm&r=g","caption":"Gonzalo Schmidt"},"description":"Sitio web de noticias de la provincia de Entre R\u00edos, Argentina. Informaci\u00f3n y entretenimiento. Informe Litoral, nos informamos.","sameAs":["http:\/\/www.isletasnoticias.com.ar"],"url":"https:\/\/informelitoral.com.ar\/author\/gonzalo\/"}]}},"_links":{"self":[{"href":"https:\/\/informelitoral.com.ar\/%77%70%2d%6a%73%6f%6e\/wp\/v2\/posts\/212910","targetHints":{"allow":["GET"]}}],"collection":[{"href":"https:\/\/informelitoral.com.ar\/%77%70%2d%6a%73%6f%6e\/wp\/v2\/posts"}],"about":[{"href":"https:\/\/informelitoral.com.ar\/%77%70%2d%6a%73%6f%6e\/wp\/v2\/types\/post"}],"author":[{"embeddable":true,"href":"https:\/\/informelitoral.com.ar\/%77%70%2d%6a%73%6f%6e\/wp\/v2\/users\/2"}],"replies":[{"embeddable":true,"href":"https:\/\/informelitoral.com.ar\/%77%70%2d%6a%73%6f%6e\/wp\/v2\/comments?post=212910"}],"version-history":[{"count":0,"href":"https:\/\/informelitoral.com.ar\/%77%70%2d%6a%73%6f%6e\/wp\/v2\/posts\/212910\/revisions"}],"wp:featuredmedia":[{"embeddable":true,"href":"https:\/\/informelitoral.com.ar\/%77%70%2d%6a%73%6f%6e\/wp\/v2\/media\/212911"}],"wp:attachment":[{"href":"https:\/\/informelitoral.com.ar\/%77%70%2d%6a%73%6f%6e\/wp\/v2\/media?parent=212910"}],"wp:term":[{"taxonomy":"category","embeddable":true,"href":"https:\/\/informelitoral.com.ar\/%77%70%2d%6a%73%6f%6e\/wp\/v2\/categories?post=212910"},{"taxonomy":"post_tag","embeddable":true,"href":"https:\/\/informelitoral.com.ar\/%77%70%2d%6a%73%6f%6e\/wp\/v2\/tags?post=212910"}],"curies":[{"name":"wp","href":"https:\/\/api.w.org\/{rel}","templated":true}]}}