{"id":212833,"date":"2025-02-24T14:26:57","date_gmt":"2025-02-24T17:26:57","guid":{"rendered":"https:\/\/informelitoral.com.ar\/?p=212833"},"modified":"2025-02-24T14:28:42","modified_gmt":"2025-02-24T17:28:42","slug":"boca-confirmo-la-lista-de-convocados-para-el-cotejo-de-la-libertadores","status":"publish","type":"post","link":"https:\/\/informelitoral.com.ar\/boca-confirmo-la-lista-de-convocados-para-el-cotejo-de-la-libertadores\/","title":{"rendered":"Boca confirm\u00f3 la lista de convocados para el cotejo de la Libertadores"},"content":{"rendered":"<p><b>Boca confirm\u00f3 la lista de convocados<\/b>\u00a0para el cotejo revancha de este martes ante Alianza Lima en la Bombonera en busca de la clasificaci\u00f3n a la Fase 3 de la Copa Libertadores, la siguiente ronda preliminar antes de la fase de grupos. La lista tuvo novedades, sin las grandes ausencias de las \u00faltimas semanas, pero con Edinson Cavani, Ander Herrera, Marcos Rojo, Ayrton Costa y Carlos Palacios, todos \u00faltimamente con alg\u00fan problema f\u00edsico.<\/p>\n<p>El juego de ida jugado una semana atr\u00e1s en Per\u00fa fue con triunfo para Alianza, por lo que Boca deber\u00e1 ganar su partido por el mismo marcador por un gol de diferencia para llegar a los penales o por dos goles o m\u00e1s para pasar directamente. El que pierde ahora queda afuera de todo, sin competencias continentales en 2025.<\/p>\n<p>Reci\u00e9n en la pr\u00f3xima ronda, la Fase 3, el ganador pasa a la fase de grupos de la Libertadores y el perdedor cae a la Sudamericana. Por eso la importancia de esta serie que Gago defini\u00f3 como \u00abuna final\u00bb y para la que estar\u00e1n todos los jugadores importantes, pese a no estar al 100%.<\/p>\n<h2><strong>Los convocados en Boca<\/strong><\/h2>\n<div class=\"twitter-tweet twitter-tweet-rendered\"><iframe id=\"twitter-widget-0\" class=\"\" title=\"X Post\" src=\"https:\/\/platform.twitter.com\/embed\/Tweet.html?creatorScreenName=eloncecom&amp;dnt=false&amp;embedId=twitter-widget-0&amp;features=eyJ0ZndfdGltZWxpbmVfbGlzdCI6eyJidWNrZXQiOltdLCJ2ZXJzaW9uIjpudWxsfSwidGZ3X2ZvbGxvd2VyX2NvdW50X3N1bnNldCI6eyJidWNrZXQiOnRydWUsInZlcnNpb24iOm51bGx9LCJ0ZndfdHdlZXRfZWRpdF9iYWNrZW5kIjp7ImJ1Y2tldCI6Im9uIiwidmVyc2lvbiI6bnVsbH0sInRmd19yZWZzcmNfc2Vzc2lvbiI6eyJidWNrZXQiOiJvbiIsInZlcnNpb24iOm51bGx9LCJ0ZndfZm9zbnJfc29mdF9pbnRlcnZlbnRpb25zX2VuYWJsZWQiOnsiYnVja2V0Ijoib24iLCJ2ZXJzaW9uIjpudWxsfSwidGZ3X21peGVkX21lZGlhXzE1ODk3Ijp7ImJ1Y2tldCI6InRyZWF0bWVudCIsInZlcnNpb24iOm51bGx9LCJ0ZndfZXhwZXJpbWVudHNfY29va2llX2V4cGlyYXRpb24iOnsiYnVja2V0IjoxMjA5NjAwLCJ2ZXJzaW9uIjpudWxsfSwidGZ3X3Nob3dfYmlyZHdhdGNoX3Bpdm90c19lbmFibGVkIjp7ImJ1Y2tldCI6Im9uIiwidmVyc2lvbiI6bnVsbH0sInRmd19kdXBsaWNhdGVfc2NyaWJlc190b19zZXR0aW5ncyI6eyJidWNrZXQiOiJvbiIsInZlcnNpb24iOm51bGx9LCJ0ZndfdXNlX3Byb2ZpbGVfaW1hZ2Vfc2hhcGVfZW5hYmxlZCI6eyJidWNrZXQiOiJvbiIsInZlcnNpb24iOm51bGx9LCJ0ZndfdmlkZW9faGxzX2R5bmFtaWNfbWFuaWZlc3RzXzE1MDgyIjp7ImJ1Y2tldCI6InRydWVfYml0cmF0ZSIsInZlcnNpb24iOm51bGx9LCJ0ZndfbGVnYWN5X3RpbWVsaW5lX3N1bnNldCI6eyJidWNrZXQiOnRydWUsInZlcnNpb24iOm51bGx9LCJ0ZndfdHdlZXRfZWRpdF9mcm9udGVuZCI6eyJidWNrZXQiOiJvbiIsInZlcnNpb24iOm51bGx9fQ%3D%3D&amp;frame=false&amp;hideCard=false&amp;hideThread=false&amp;id=1894053725519466684&amp;lang=es&amp;origin=https%3A%2F%2Fwww.elonce.com%2Fdeportes%2Fgago-dio-la-lista-de-boca-para-el-cotejo-decisivo-de-libertadores.htm&amp;sessionId=8bec6bf05ff75cd21033aa6c35efd9fb216faeab&amp;siteScreenName=eloncecom&amp;theme=light&amp;widgetsVersion=2615f7e52b7e0%3A1702314776716&amp;width=550px\" frameborder=\"0\" scrolling=\"no\" allowfullscreen=\"allowfullscreen\" data-tweet-id=\"1894053725519466684\" data-mce-fragment=\"1\"><\/iframe><\/div>\n<p>Boca tendr\u00e1 un partido clave este martes, cuando reciba a Alianza Lima de Per\u00fa con el objetivo de revertir el 1-0 que sufri\u00f3 en la ida y meterse en la tercera fase previa de la Copa Libertadores. Los dirigidos por Fernando Gago tuvieron una floj\u00edsima actuaci\u00f3n, donde cayeron 1-0 pero pudieron haber vuelto de Per\u00fa con un resultado mucho m\u00e1s holgado en contra. Es por esto que para el partido de vuelta Gago realizar\u00eda varios cambios en el 11 titular con respecto a la ida.<\/p>\n<p>El arquero volver\u00eda a ser Agust\u00edn Marches\u00edn, de gran actuaci\u00f3n en la ida, aunque en la defensa se ver\u00edan las primeras modificaciones: el peruano Luis Adv\u00edncula ingresar\u00eda en lugar de Juan Barinaga en el lateral derecho, mientras que Marcos Rojo ocupar\u00eda el lugar en la zaga central de Ayrton Costa, quien llega con problemas f\u00edsicos al encuentro. De todas maneras, este \u00faltimo ser\u00e1 exigido el martes para ver si finalmente est\u00e1 en condiciones de jugar. La defensa la completar\u00edan Lautaro Di Lollo y Marcelo Saracchi.<\/p>\n<div class=\"twitter-tweet twitter-tweet-rendered\"><iframe id=\"twitter-widget-1\" class=\"\" title=\"X Post\" src=\"https:\/\/platform.twitter.com\/embed\/Tweet.html?creatorScreenName=eloncecom&amp;dnt=false&amp;embedId=twitter-widget-1&amp;features=eyJ0ZndfdGltZWxpbmVfbGlzdCI6eyJidWNrZXQiOltdLCJ2ZXJzaW9uIjpudWxsfSwidGZ3X2ZvbGxvd2VyX2NvdW50X3N1bnNldCI6eyJidWNrZXQiOnRydWUsInZlcnNpb24iOm51bGx9LCJ0ZndfdHdlZXRfZWRpdF9iYWNrZW5kIjp7ImJ1Y2tldCI6Im9uIiwidmVyc2lvbiI6bnVsbH0sInRmd19yZWZzcmNfc2Vzc2lvbiI6eyJidWNrZXQiOiJvbiIsInZlcnNpb24iOm51bGx9LCJ0ZndfZm9zbnJfc29mdF9pbnRlcnZlbnRpb25zX2VuYWJsZWQiOnsiYnVja2V0Ijoib24iLCJ2ZXJzaW9uIjpudWxsfSwidGZ3X21peGVkX21lZGlhXzE1ODk3Ijp7ImJ1Y2tldCI6InRyZWF0bWVudCIsInZlcnNpb24iOm51bGx9LCJ0ZndfZXhwZXJpbWVudHNfY29va2llX2V4cGlyYXRpb24iOnsiYnVja2V0IjoxMjA5NjAwLCJ2ZXJzaW9uIjpudWxsfSwidGZ3X3Nob3dfYmlyZHdhdGNoX3Bpdm90c19lbmFibGVkIjp7ImJ1Y2tldCI6Im9uIiwidmVyc2lvbiI6bnVsbH0sInRmd19kdXBsaWNhdGVfc2NyaWJlc190b19zZXR0aW5ncyI6eyJidWNrZXQiOiJvbiIsInZlcnNpb24iOm51bGx9LCJ0ZndfdXNlX3Byb2ZpbGVfaW1hZ2Vfc2hhcGVfZW5hYmxlZCI6eyJidWNrZXQiOiJvbiIsInZlcnNpb24iOm51bGx9LCJ0ZndfdmlkZW9faGxzX2R5bmFtaWNfbWFuaWZlc3RzXzE1MDgyIjp7ImJ1Y2tldCI6InRydWVfYml0cmF0ZSIsInZlcnNpb24iOm51bGx9LCJ0ZndfbGVnYWN5X3RpbWVsaW5lX3N1bnNldCI6eyJidWNrZXQiOnRydWUsInZlcnNpb24iOm51bGx9LCJ0ZndfdHdlZXRfZWRpdF9mcm9udGVuZCI6eyJidWNrZXQiOiJvbiIsInZlcnNpb24iOm51bGx9fQ%3D%3D&amp;frame=false&amp;hideCard=false&amp;hideThread=false&amp;id=1893711498322514212&amp;lang=es&amp;maxWidth=560px&amp;origin=https%3A%2F%2Fwww.elonce.com%2Fdeportes%2Fgago-dio-la-lista-de-boca-para-el-cotejo-decisivo-de-libertadores.htm&amp;sessionId=8bec6bf05ff75cd21033aa6c35efd9fb216faeab&amp;siteScreenName=eloncecom&amp;theme=light&amp;widgetsVersion=2615f7e52b7e0%3A1702314776716&amp;width=550px\" frameborder=\"0\" scrolling=\"no\" allowfullscreen=\"allowfullscreen\" data-tweet-id=\"1893711498322514212\" data-mce-fragment=\"1\"><\/iframe><\/div>\n<p>Por otra parte, en el mediocampo Gago habr\u00eda decidido poner a Rodrigo Battaglia, quien ven\u00eda desempe\u00f1\u00e1ndose como zaguero central y al chileno Williams Alarc\u00f3n. El tercer instrumento en este sector de la cancha saldr\u00e1 del espa\u00f1ol Ander Herrera, ya recuperado de su lesi\u00f3n, y Milton Delgado.<\/p>\n<p>Las mayores inc\u00f3gnitas pasan por la delantera, ya que el uruguayo Edinson Cavani volvi\u00f3 a entrenar a la par y estar\u00eda listo para volver a ser titular, aunque a\u00fan no est\u00e1 definido qui\u00e9nes lo acompa\u00f1ar\u00edan. Por un lado est\u00e1 la duda por el cuadro febril que present\u00f3 el chileno Carlos Palacios, aunque Gago tendr\u00eda decidido arriesgarlo por la relevancia de este partido, mientras que el otro integrante del ataque \u201cXeneize\u201d ser\u00e1 Alan Velasco, Exequiel Palacios o Kevin Zen\u00f3n.<\/p>\n<h2><strong>Probable equipo titular<\/strong><\/h2>\n<p>Boca formar\u00eda con: Agust\u00edn Marches\u00edn; Marcelo Saracchi, Lautaro Di Lollo, Marcos Rojo, Luis Adv\u00edncula; Williams Alarc\u00f3n, Rodrigo Battaglia, Ander Herrera o Milton Delgado; Carlos Palacios, Edinson Cavani y Alan Velasco, Exequiel Palacios o Kevin Zen\u00f3n.<\/p>\n","protected":false},"excerpt":{"rendered":"<p>El DT confirm\u00f3 los convocados para recibir el martes a Alianza Lima de Per\u00fa en la Bombonera en el partido revancha del Repechaje de la Copa Libertadores. <\/p>\n","protected":false},"author":8,"featured_media":161468,"comment_status":"open","ping_status":"open","sticky":false,"template":"","format":"standard","meta":{"fifu_image_url":"","fifu_image_alt":"","footnotes":""},"categories":[13],"tags":[384,400],"class_list":{"0":"post-212833","1":"post","2":"type-post","3":"status-publish","4":"format-standard","5":"has-post-thumbnail","7":"category-deportes","8":"tag-boca-juniors","9":"tag-copa-libertadores"},"yoast_head":"<title>Boca confirm\u00f3 la lista de convocados para el cotejo de la Libertadores - Informe Litoral<\/title>\n<meta name=\"robots\" content=\"index, follow, max-snippet:-1, max-image-preview:large, max-video-preview:-1\" \/>\n<link rel=\"canonical\" href=\"https:\/\/informelitoral.com.ar\/boca-confirmo-la-lista-de-convocados-para-el-cotejo-de-la-libertadores\/\" \/>\n<meta property=\"og:locale\" content=\"es_ES\" \/>\n<meta property=\"og:type\" content=\"article\" \/>\n<meta property=\"og:title\" content=\"Boca confirm\u00f3 la lista de convocados para el cotejo de la Libertadores - Informe Litoral\" \/>\n<meta property=\"og:description\" content=\"El DT confirm\u00f3 los convocados para recibir el martes a Alianza Lima de Per\u00fa en la Bombonera en el partido revancha del Repechaje de la Copa Libertadores.\" \/>\n<meta property=\"og:url\" content=\"https:\/\/informelitoral.com.ar\/boca-confirmo-la-lista-de-convocados-para-el-cotejo-de-la-libertadores\/\" \/>\n<meta property=\"og:site_name\" content=\"Informe Litoral\" \/>\n<meta property=\"article:publisher\" content=\"https:\/\/www.facebook.com\/informelitoral\/\" \/>\n<meta property=\"article:published_time\" content=\"2025-02-24T17:26:57+00:00\" \/>\n<meta property=\"article:modified_time\" content=\"2025-02-24T17:28:42+00:00\" \/>\n<meta property=\"og:image\" content=\"https:\/\/informelitoral.com.ar\/%77%70%2d%63%6f%6e%74%65%6e%74\/uploads\/2023\/08\/boca-copa-libertadores-sergio-romero-edinson-cavani.webp\" \/>\n\t<meta property=\"og:image:width\" content=\"790\" \/>\n\t<meta property=\"og:image:height\" content=\"573\" \/>\n\t<meta property=\"og:image:type\" content=\"image\/webp\" \/>\n<meta name=\"author\" content=\"Sebastian\" \/>\n<meta name=\"twitter:card\" content=\"summary_large_image\" \/>\n<meta name=\"twitter:creator\" content=\"@InformeLitoral\" \/>\n<meta name=\"twitter:site\" content=\"@InformeLitoral\" \/>\n<meta name=\"twitter:label1\" content=\"Escrito por\" \/>\n\t<meta name=\"twitter:data1\" content=\"Sebastian\" \/>\n\t<meta name=\"twitter:label2\" content=\"Tiempo de lectura\" \/>\n\t<meta name=\"twitter:data2\" content=\"3 minutos\" \/>\n<script type=\"application\/ld+json\" class=\"yoast-schema-graph\">{\"@context\":\"https:\\\/\\\/schema.org\",\"@graph\":[{\"@type\":\"Article\",\"@id\":\"https:\\\/\\\/informelitoral.com.ar\\\/boca-confirmo-la-lista-de-convocados-para-el-cotejo-de-la-libertadores\\\/#article\",\"isPartOf\":{\"@id\":\"https:\\\/\\\/informelitoral.com.ar\\\/boca-confirmo-la-lista-de-convocados-para-el-cotejo-de-la-libertadores\\\/\"},\"author\":{\"name\":\"Sebastian\",\"@id\":\"https:\\\/\\\/informelitoral.com.ar\\\/#\\\/schema\\\/person\\\/f05f9f461677119578717524b127d6d5\"},\"headline\":\"Boca confirm\u00f3 la lista de convocados para el cotejo de la Libertadores\",\"datePublished\":\"2025-02-24T17:26:57+00:00\",\"dateModified\":\"2025-02-24T17:28:42+00:00\",\"mainEntityOfPage\":{\"@id\":\"https:\\\/\\\/informelitoral.com.ar\\\/boca-confirmo-la-lista-de-convocados-para-el-cotejo-de-la-libertadores\\\/\"},\"wordCount\":571,\"commentCount\":0,\"publisher\":{\"@id\":\"https:\\\/\\\/informelitoral.com.ar\\\/#organization\"},\"image\":{\"@id\":\"https:\\\/\\\/informelitoral.com.ar\\\/boca-confirmo-la-lista-de-convocados-para-el-cotejo-de-la-libertadores\\\/#primaryimage\"},\"thumbnailUrl\":\"https:\\\/\\\/informelitoral.com.ar\\\/%77%70%2d%63%6f%6e%74%65%6e%74\\\/uploads\\\/2023\\\/08\\\/boca-copa-libertadores-sergio-romero-edinson-cavani.webp\",\"keywords\":[\"Boca Juniors\",\"Copa Libertadores\"],\"articleSection\":[\"Deportes\"],\"inLanguage\":\"es\",\"potentialAction\":[{\"@type\":\"CommentAction\",\"name\":\"Comment\",\"target\":[\"https:\\\/\\\/informelitoral.com.ar\\\/boca-confirmo-la-lista-de-convocados-para-el-cotejo-de-la-libertadores\\\/#respond\"]}]},{\"@type\":\"WebPage\",\"@id\":\"https:\\\/\\\/informelitoral.com.ar\\\/boca-confirmo-la-lista-de-convocados-para-el-cotejo-de-la-libertadores\\\/\",\"url\":\"https:\\\/\\\/informelitoral.com.ar\\\/boca-confirmo-la-lista-de-convocados-para-el-cotejo-de-la-libertadores\\\/\",\"name\":\"Boca confirm\u00f3 la lista de convocados para el cotejo de la Libertadores - Informe Litoral\",\"isPartOf\":{\"@id\":\"https:\\\/\\\/informelitoral.com.ar\\\/#website\"},\"primaryImageOfPage\":{\"@id\":\"https:\\\/\\\/informelitoral.com.ar\\\/boca-confirmo-la-lista-de-convocados-para-el-cotejo-de-la-libertadores\\\/#primaryimage\"},\"image\":{\"@id\":\"https:\\\/\\\/informelitoral.com.ar\\\/boca-confirmo-la-lista-de-convocados-para-el-cotejo-de-la-libertadores\\\/#primaryimage\"},\"thumbnailUrl\":\"https:\\\/\\\/informelitoral.com.ar\\\/%77%70%2d%63%6f%6e%74%65%6e%74\\\/uploads\\\/2023\\\/08\\\/boca-copa-libertadores-sergio-romero-edinson-cavani.webp\",\"datePublished\":\"2025-02-24T17:26:57+00:00\",\"dateModified\":\"2025-02-24T17:28:42+00:00\",\"breadcrumb\":{\"@id\":\"https:\\\/\\\/informelitoral.com.ar\\\/boca-confirmo-la-lista-de-convocados-para-el-cotejo-de-la-libertadores\\\/#breadcrumb\"},\"inLanguage\":\"es\",\"potentialAction\":[{\"@type\":\"ReadAction\",\"target\":[\"https:\\\/\\\/informelitoral.com.ar\\\/boca-confirmo-la-lista-de-convocados-para-el-cotejo-de-la-libertadores\\\/\"]}]},{\"@type\":\"ImageObject\",\"inLanguage\":\"es\",\"@id\":\"https:\\\/\\\/informelitoral.com.ar\\\/boca-confirmo-la-lista-de-convocados-para-el-cotejo-de-la-libertadores\\\/#primaryimage\",\"url\":\"https:\\\/\\\/informelitoral.com.ar\\\/%77%70%2d%63%6f%6e%74%65%6e%74\\\/uploads\\\/2023\\\/08\\\/boca-copa-libertadores-sergio-romero-edinson-cavani.webp\",\"contentUrl\":\"https:\\\/\\\/informelitoral.com.ar\\\/%77%70%2d%63%6f%6e%74%65%6e%74\\\/uploads\\\/2023\\\/08\\\/boca-copa-libertadores-sergio-romero-edinson-cavani.webp\",\"width\":790,\"height\":573},{\"@type\":\"BreadcrumbList\",\"@id\":\"https:\\\/\\\/informelitoral.com.ar\\\/boca-confirmo-la-lista-de-convocados-para-el-cotejo-de-la-libertadores\\\/#breadcrumb\",\"itemListElement\":[{\"@type\":\"ListItem\",\"position\":1,\"name\":\"Portada\",\"item\":\"https:\\\/\\\/informelitoral.com.ar\\\/\"},{\"@type\":\"ListItem\",\"position\":2,\"name\":\"Boca confirm\u00f3 la lista de convocados para el cotejo de la Libertadores\"}]},{\"@type\":\"WebSite\",\"@id\":\"https:\\\/\\\/informelitoral.com.ar\\\/#website\",\"url\":\"https:\\\/\\\/informelitoral.com.ar\\\/\",\"name\":\"Informe Litoral\",\"description\":\"&quot;Nos informamos&quot; \",\"publisher\":{\"@id\":\"https:\\\/\\\/informelitoral.com.ar\\\/#organization\"},\"potentialAction\":[{\"@type\":\"SearchAction\",\"target\":{\"@type\":\"EntryPoint\",\"urlTemplate\":\"https:\\\/\\\/informelitoral.com.ar\\\/?s={search_term_string}\"},\"query-input\":{\"@type\":\"PropertyValueSpecification\",\"valueRequired\":true,\"valueName\":\"search_term_string\"}}],\"inLanguage\":\"es\"},{\"@type\":\"Organization\",\"@id\":\"https:\\\/\\\/informelitoral.com.ar\\\/#organization\",\"name\":\"Informe Litoral\",\"url\":\"https:\\\/\\\/informelitoral.com.ar\\\/\",\"logo\":{\"@type\":\"ImageObject\",\"inLanguage\":\"es\",\"@id\":\"https:\\\/\\\/informelitoral.com.ar\\\/#\\\/schema\\\/logo\\\/image\\\/\",\"url\":\"https:\\\/\\\/informelitoral.com.ar\\\/%77%70%2d%63%6f%6e%74%65%6e%74\\\/uploads\\\/2021\\\/01\\\/circulo.png\",\"contentUrl\":\"https:\\\/\\\/informelitoral.com.ar\\\/%77%70%2d%63%6f%6e%74%65%6e%74\\\/uploads\\\/2021\\\/01\\\/circulo.png\",\"width\":723,\"height\":731,\"caption\":\"Informe Litoral\"},\"image\":{\"@id\":\"https:\\\/\\\/informelitoral.com.ar\\\/#\\\/schema\\\/logo\\\/image\\\/\"},\"sameAs\":[\"https:\\\/\\\/www.facebook.com\\\/informelitoral\\\/\",\"https:\\\/\\\/x.com\\\/InformeLitoral\",\"https:\\\/\\\/www.instagram.com\\\/informelitoral\\\/\",\"https:\\\/\\\/www.youtube.com\\\/channel\\\/UCua4Qvz8Icb6MYqhoq9xLXw\"]},{\"@type\":\"Person\",\"@id\":\"https:\\\/\\\/informelitoral.com.ar\\\/#\\\/schema\\\/person\\\/f05f9f461677119578717524b127d6d5\",\"name\":\"Sebastian\",\"image\":{\"@type\":\"ImageObject\",\"inLanguage\":\"es\",\"@id\":\"https:\\\/\\\/secure.gravatar.com\\\/avatar\\\/b71bf7481d447dfb9583c7f2798e7cc64de6efb9067b74633ed8c31059a3bd82?s=96&d=mm&r=g\",\"url\":\"https:\\\/\\\/secure.gravatar.com\\\/avatar\\\/b71bf7481d447dfb9583c7f2798e7cc64de6efb9067b74633ed8c31059a3bd82?s=96&d=mm&r=g\",\"contentUrl\":\"https:\\\/\\\/secure.gravatar.com\\\/avatar\\\/b71bf7481d447dfb9583c7f2798e7cc64de6efb9067b74633ed8c31059a3bd82?s=96&d=mm&r=g\",\"caption\":\"Sebastian\"},\"url\":\"https:\\\/\\\/informelitoral.com.ar\\\/author\\\/sebastian\\\/\"}]}<\/script>","yoast_head_json":{"title":"Boca confirm\u00f3 la lista de convocados para el cotejo de la Libertadores - Informe Litoral","robots":{"index":"index","follow":"follow","max-snippet":"max-snippet:-1","max-image-preview":"max-image-preview:large","max-video-preview":"max-video-preview:-1"},"canonical":"https:\/\/informelitoral.com.ar\/boca-confirmo-la-lista-de-convocados-para-el-cotejo-de-la-libertadores\/","og_locale":"es_ES","og_type":"article","og_title":"Boca confirm\u00f3 la lista de convocados para el cotejo de la Libertadores - Informe Litoral","og_description":"El DT confirm\u00f3 los convocados para recibir el martes a Alianza Lima de Per\u00fa en la Bombonera en el partido revancha del Repechaje de la Copa Libertadores.","og_url":"https:\/\/informelitoral.com.ar\/boca-confirmo-la-lista-de-convocados-para-el-cotejo-de-la-libertadores\/","og_site_name":"Informe Litoral","article_publisher":"https:\/\/www.facebook.com\/informelitoral\/","article_published_time":"2025-02-24T17:26:57+00:00","article_modified_time":"2025-02-24T17:28:42+00:00","og_image":[{"width":790,"height":573,"url":"https:\/\/informelitoral.com.ar\/%77%70%2d%63%6f%6e%74%65%6e%74\/uploads\/2023\/08\/boca-copa-libertadores-sergio-romero-edinson-cavani.webp","type":"image\/webp"}],"author":"Sebastian","twitter_card":"summary_large_image","twitter_creator":"@InformeLitoral","twitter_site":"@InformeLitoral","twitter_misc":{"Escrito por":"Sebastian","Tiempo de lectura":"3 minutos"},"schema":{"@context":"https:\/\/schema.org","@graph":[{"@type":"Article","@id":"https:\/\/informelitoral.com.ar\/boca-confirmo-la-lista-de-convocados-para-el-cotejo-de-la-libertadores\/#article","isPartOf":{"@id":"https:\/\/informelitoral.com.ar\/boca-confirmo-la-lista-de-convocados-para-el-cotejo-de-la-libertadores\/"},"author":{"name":"Sebastian","@id":"https:\/\/informelitoral.com.ar\/#\/schema\/person\/f05f9f461677119578717524b127d6d5"},"headline":"Boca confirm\u00f3 la lista de convocados para el cotejo de la Libertadores","datePublished":"2025-02-24T17:26:57+00:00","dateModified":"2025-02-24T17:28:42+00:00","mainEntityOfPage":{"@id":"https:\/\/informelitoral.com.ar\/boca-confirmo-la-lista-de-convocados-para-el-cotejo-de-la-libertadores\/"},"wordCount":571,"commentCount":0,"publisher":{"@id":"https:\/\/informelitoral.com.ar\/#organization"},"image":{"@id":"https:\/\/informelitoral.com.ar\/boca-confirmo-la-lista-de-convocados-para-el-cotejo-de-la-libertadores\/#primaryimage"},"thumbnailUrl":"https:\/\/informelitoral.com.ar\/%77%70%2d%63%6f%6e%74%65%6e%74\/uploads\/2023\/08\/boca-copa-libertadores-sergio-romero-edinson-cavani.webp","keywords":["Boca Juniors","Copa Libertadores"],"articleSection":["Deportes"],"inLanguage":"es","potentialAction":[{"@type":"CommentAction","name":"Comment","target":["https:\/\/informelitoral.com.ar\/boca-confirmo-la-lista-de-convocados-para-el-cotejo-de-la-libertadores\/#respond"]}]},{"@type":"WebPage","@id":"https:\/\/informelitoral.com.ar\/boca-confirmo-la-lista-de-convocados-para-el-cotejo-de-la-libertadores\/","url":"https:\/\/informelitoral.com.ar\/boca-confirmo-la-lista-de-convocados-para-el-cotejo-de-la-libertadores\/","name":"Boca confirm\u00f3 la lista de convocados para el cotejo de la Libertadores - Informe Litoral","isPartOf":{"@id":"https:\/\/informelitoral.com.ar\/#website"},"primaryImageOfPage":{"@id":"https:\/\/informelitoral.com.ar\/boca-confirmo-la-lista-de-convocados-para-el-cotejo-de-la-libertadores\/#primaryimage"},"image":{"@id":"https:\/\/informelitoral.com.ar\/boca-confirmo-la-lista-de-convocados-para-el-cotejo-de-la-libertadores\/#primaryimage"},"thumbnailUrl":"https:\/\/informelitoral.com.ar\/%77%70%2d%63%6f%6e%74%65%6e%74\/uploads\/2023\/08\/boca-copa-libertadores-sergio-romero-edinson-cavani.webp","datePublished":"2025-02-24T17:26:57+00:00","dateModified":"2025-02-24T17:28:42+00:00","breadcrumb":{"@id":"https:\/\/informelitoral.com.ar\/boca-confirmo-la-lista-de-convocados-para-el-cotejo-de-la-libertadores\/#breadcrumb"},"inLanguage":"es","potentialAction":[{"@type":"ReadAction","target":["https:\/\/informelitoral.com.ar\/boca-confirmo-la-lista-de-convocados-para-el-cotejo-de-la-libertadores\/"]}]},{"@type":"ImageObject","inLanguage":"es","@id":"https:\/\/informelitoral.com.ar\/boca-confirmo-la-lista-de-convocados-para-el-cotejo-de-la-libertadores\/#primaryimage","url":"https:\/\/informelitoral.com.ar\/%77%70%2d%63%6f%6e%74%65%6e%74\/uploads\/2023\/08\/boca-copa-libertadores-sergio-romero-edinson-cavani.webp","contentUrl":"https:\/\/informelitoral.com.ar\/%77%70%2d%63%6f%6e%74%65%6e%74\/uploads\/2023\/08\/boca-copa-libertadores-sergio-romero-edinson-cavani.webp","width":790,"height":573},{"@type":"BreadcrumbList","@id":"https:\/\/informelitoral.com.ar\/boca-confirmo-la-lista-de-convocados-para-el-cotejo-de-la-libertadores\/#breadcrumb","itemListElement":[{"@type":"ListItem","position":1,"name":"Portada","item":"https:\/\/informelitoral.com.ar\/"},{"@type":"ListItem","position":2,"name":"Boca confirm\u00f3 la lista de convocados para el cotejo de la Libertadores"}]},{"@type":"WebSite","@id":"https:\/\/informelitoral.com.ar\/#website","url":"https:\/\/informelitoral.com.ar\/","name":"Informe Litoral","description":"&quot;Nos informamos&quot; ","publisher":{"@id":"https:\/\/informelitoral.com.ar\/#organization"},"potentialAction":[{"@type":"SearchAction","target":{"@type":"EntryPoint","urlTemplate":"https:\/\/informelitoral.com.ar\/?s={search_term_string}"},"query-input":{"@type":"PropertyValueSpecification","valueRequired":true,"valueName":"search_term_string"}}],"inLanguage":"es"},{"@type":"Organization","@id":"https:\/\/informelitoral.com.ar\/#organization","name":"Informe Litoral","url":"https:\/\/informelitoral.com.ar\/","logo":{"@type":"ImageObject","inLanguage":"es","@id":"https:\/\/informelitoral.com.ar\/#\/schema\/logo\/image\/","url":"https:\/\/informelitoral.com.ar\/%77%70%2d%63%6f%6e%74%65%6e%74\/uploads\/2021\/01\/circulo.png","contentUrl":"https:\/\/informelitoral.com.ar\/%77%70%2d%63%6f%6e%74%65%6e%74\/uploads\/2021\/01\/circulo.png","width":723,"height":731,"caption":"Informe Litoral"},"image":{"@id":"https:\/\/informelitoral.com.ar\/#\/schema\/logo\/image\/"},"sameAs":["https:\/\/www.facebook.com\/informelitoral\/","https:\/\/x.com\/InformeLitoral","https:\/\/www.instagram.com\/informelitoral\/","https:\/\/www.youtube.com\/channel\/UCua4Qvz8Icb6MYqhoq9xLXw"]},{"@type":"Person","@id":"https:\/\/informelitoral.com.ar\/#\/schema\/person\/f05f9f461677119578717524b127d6d5","name":"Sebastian","image":{"@type":"ImageObject","inLanguage":"es","@id":"https:\/\/secure.gravatar.com\/avatar\/b71bf7481d447dfb9583c7f2798e7cc64de6efb9067b74633ed8c31059a3bd82?s=96&d=mm&r=g","url":"https:\/\/secure.gravatar.com\/avatar\/b71bf7481d447dfb9583c7f2798e7cc64de6efb9067b74633ed8c31059a3bd82?s=96&d=mm&r=g","contentUrl":"https:\/\/secure.gravatar.com\/avatar\/b71bf7481d447dfb9583c7f2798e7cc64de6efb9067b74633ed8c31059a3bd82?s=96&d=mm&r=g","caption":"Sebastian"},"url":"https:\/\/informelitoral.com.ar\/author\/sebastian\/"}]}},"_links":{"self":[{"href":"https:\/\/informelitoral.com.ar\/%77%70%2d%6a%73%6f%6e\/wp\/v2\/posts\/212833","targetHints":{"allow":["GET"]}}],"collection":[{"href":"https:\/\/informelitoral.com.ar\/%77%70%2d%6a%73%6f%6e\/wp\/v2\/posts"}],"about":[{"href":"https:\/\/informelitoral.com.ar\/%77%70%2d%6a%73%6f%6e\/wp\/v2\/types\/post"}],"author":[{"embeddable":true,"href":"https:\/\/informelitoral.com.ar\/%77%70%2d%6a%73%6f%6e\/wp\/v2\/users\/8"}],"replies":[{"embeddable":true,"href":"https:\/\/informelitoral.com.ar\/%77%70%2d%6a%73%6f%6e\/wp\/v2\/comments?post=212833"}],"version-history":[{"count":0,"href":"https:\/\/informelitoral.com.ar\/%77%70%2d%6a%73%6f%6e\/wp\/v2\/posts\/212833\/revisions"}],"wp:featuredmedia":[{"embeddable":true,"href":"https:\/\/informelitoral.com.ar\/%77%70%2d%6a%73%6f%6e\/wp\/v2\/media\/161468"}],"wp:attachment":[{"href":"https:\/\/informelitoral.com.ar\/%77%70%2d%6a%73%6f%6e\/wp\/v2\/media?parent=212833"}],"wp:term":[{"taxonomy":"category","embeddable":true,"href":"https:\/\/informelitoral.com.ar\/%77%70%2d%6a%73%6f%6e\/wp\/v2\/categories?post=212833"},{"taxonomy":"post_tag","embeddable":true,"href":"https:\/\/informelitoral.com.ar\/%77%70%2d%6a%73%6f%6e\/wp\/v2\/tags?post=212833"}],"curies":[{"name":"wp","href":"https:\/\/api.w.org\/{rel}","templated":true}]}}