{"id":212821,"date":"2025-02-24T09:36:04","date_gmt":"2025-02-24T12:36:04","guid":{"rendered":"https:\/\/informelitoral.com.ar\/?p=212821"},"modified":"2025-02-24T19:11:44","modified_gmt":"2025-02-24T22:11:44","slug":"entre-rios-la-superficie-sembrada-con-arroz-crecio-un-14","status":"publish","type":"post","link":"https:\/\/informelitoral.com.ar\/entre-rios-la-superficie-sembrada-con-arroz-crecio-un-14\/","title":{"rendered":"Entre R\u00edos: la superficie sembrada con arroz creci\u00f3 un 14%"},"content":{"rendered":"<p>El estado fenol\u00f3gico del cereal se ubica desde pleno llenado hasta madurez fisiol\u00f3gica, con lotes muy puntuales de materiales de ciclo corto que ya fueron cosechados. Se estima, en aproximadamente 15 d\u00edas las labores de cosecha comenzar\u00e1n a generalizarse.<\/p>\n<p>Por tal motivo, se consult\u00f3 a la red de colaboradores sobre la condici\u00f3n actual de las arroceras, la cual se resume del siguiente modo: Muy buena: 14 %, Buena: 82 %, Regular: 4 %<\/p>\n<p>Finalmente, los colaboradores mencionan que las perspectivas de rendimiento son alentadoras, con una proyecci\u00f3n a nivel provincial que oscila entre 7.300 a 7.500 kg\/ha.<\/p>\n<p>Las causas del crecimiento del \u00e1rea implantada con el cereal se asocian fundamentalmente a un contexto de precio internacionales atractivos.<\/p>\n<p>Por otra parte, en la zona de riego por represas contaban con una gran capacidad de almacenaje, a diferencia de a\u00f1os anteriores.<\/p>\n<p>Finalmente, el escenario clim\u00e1tico favorable, ya que los modelos de predicci\u00f3n se orientaban hacia un Pac\u00edfico Ecuatorial con la presencia de \u00abLa Ni\u00f1a\u00bb o bien un estado \u00abNeutralidad\u00bb.<\/p>\n","protected":false},"excerpt":{"rendered":"<p>La superficie sembrada con arroz en el ciclo 2024\/25 en la provincia de Entre R\u00edos fue de 66.900 ha, lo cual represent\u00f3 un crecimiento en relaci\u00f3n al ciclo anterior del 14 % (8.300 ha).<\/p>\n","protected":false},"author":8,"featured_media":73944,"comment_status":"open","ping_status":"open","sticky":false,"template":"","format":"standard","meta":{"fifu_image_url":"","fifu_image_alt":"","footnotes":""},"categories":[10],"tags":[170,3486,81,3689],"class_list":{"0":"post-212821","1":"post","2":"type-post","3":"status-publish","4":"format-standard","5":"has-post-thumbnail","7":"category-campo","8":"tag-arroz","9":"tag-bolsa-de-cereales-de-entre-rios","10":"tag-entre-rios","11":"tag-sembrado"},"yoast_head":"<title>Entre R\u00edos: la superficie sembrada con arroz creci\u00f3 un 14% - Informe Litoral<\/title>\n<meta name=\"robots\" content=\"index, follow, max-snippet:-1, max-image-preview:large, max-video-preview:-1\" \/>\n<link rel=\"canonical\" href=\"https:\/\/informelitoral.com.ar\/entre-rios-la-superficie-sembrada-con-arroz-crecio-un-14\/\" \/>\n<meta property=\"og:locale\" content=\"es_ES\" \/>\n<meta property=\"og:type\" content=\"article\" \/>\n<meta property=\"og:title\" content=\"Entre R\u00edos: la superficie sembrada con arroz creci\u00f3 un 14% - Informe Litoral\" \/>\n<meta property=\"og:description\" content=\"La superficie sembrada con arroz en el ciclo 2024\/25 en la provincia de Entre R\u00edos fue de 66.900 ha, lo cual represent\u00f3 un crecimiento en relaci\u00f3n al ciclo anterior del 14 % (8.300 ha).\" \/>\n<meta property=\"og:url\" content=\"https:\/\/informelitoral.com.ar\/entre-rios-la-superficie-sembrada-con-arroz-crecio-un-14\/\" \/>\n<meta property=\"og:site_name\" content=\"Informe Litoral\" \/>\n<meta property=\"article:publisher\" content=\"https:\/\/www.facebook.com\/informelitoral\/\" \/>\n<meta property=\"article:published_time\" content=\"2025-02-24T12:36:04+00:00\" \/>\n<meta property=\"article:modified_time\" content=\"2025-02-24T22:11:44+00:00\" \/>\n<meta property=\"og:image\" content=\"https:\/\/informelitoral.com.ar\/%77%70%2d%63%6f%6e%74%65%6e%74\/uploads\/2022\/03\/arroz-696x447-1.jpg\" \/>\n\t<meta property=\"og:image:width\" content=\"696\" \/>\n\t<meta property=\"og:image:height\" content=\"447\" \/>\n\t<meta property=\"og:image:type\" content=\"image\/jpeg\" \/>\n<meta name=\"author\" content=\"Sebastian\" \/>\n<meta name=\"twitter:card\" content=\"summary_large_image\" \/>\n<meta name=\"twitter:creator\" content=\"@InformeLitoral\" \/>\n<meta name=\"twitter:site\" content=\"@InformeLitoral\" \/>\n<meta name=\"twitter:label1\" content=\"Escrito por\" \/>\n\t<meta name=\"twitter:data1\" content=\"Sebastian\" \/>\n\t<meta name=\"twitter:label2\" content=\"Tiempo de lectura\" \/>\n\t<meta name=\"twitter:data2\" content=\"1 minuto\" \/>\n<script type=\"application\/ld+json\" class=\"yoast-schema-graph\">{\"@context\":\"https:\\\/\\\/schema.org\",\"@graph\":[{\"@type\":\"Article\",\"@id\":\"https:\\\/\\\/informelitoral.com.ar\\\/entre-rios-la-superficie-sembrada-con-arroz-crecio-un-14\\\/#article\",\"isPartOf\":{\"@id\":\"https:\\\/\\\/informelitoral.com.ar\\\/entre-rios-la-superficie-sembrada-con-arroz-crecio-un-14\\\/\"},\"author\":{\"name\":\"Sebastian\",\"@id\":\"https:\\\/\\\/informelitoral.com.ar\\\/#\\\/schema\\\/person\\\/f05f9f461677119578717524b127d6d5\"},\"headline\":\"Entre R\u00edos: la superficie sembrada con arroz creci\u00f3 un 14%\",\"datePublished\":\"2025-02-24T12:36:04+00:00\",\"dateModified\":\"2025-02-24T22:11:44+00:00\",\"mainEntityOfPage\":{\"@id\":\"https:\\\/\\\/informelitoral.com.ar\\\/entre-rios-la-superficie-sembrada-con-arroz-crecio-un-14\\\/\"},\"wordCount\":180,\"commentCount\":0,\"publisher\":{\"@id\":\"https:\\\/\\\/informelitoral.com.ar\\\/#organization\"},\"image\":{\"@id\":\"https:\\\/\\\/informelitoral.com.ar\\\/entre-rios-la-superficie-sembrada-con-arroz-crecio-un-14\\\/#primaryimage\"},\"thumbnailUrl\":\"https:\\\/\\\/informelitoral.com.ar\\\/%77%70%2d%63%6f%6e%74%65%6e%74\\\/uploads\\\/2022\\\/03\\\/arroz-696x447-1.jpg\",\"keywords\":[\"Arroz\",\"Bolsa de Cereales de Entre R\u00edos\",\"Entre R\u00edos\",\"Sembrado\"],\"articleSection\":[\"Campo\"],\"inLanguage\":\"es\",\"potentialAction\":[{\"@type\":\"CommentAction\",\"name\":\"Comment\",\"target\":[\"https:\\\/\\\/informelitoral.com.ar\\\/entre-rios-la-superficie-sembrada-con-arroz-crecio-un-14\\\/#respond\"]}]},{\"@type\":\"WebPage\",\"@id\":\"https:\\\/\\\/informelitoral.com.ar\\\/entre-rios-la-superficie-sembrada-con-arroz-crecio-un-14\\\/\",\"url\":\"https:\\\/\\\/informelitoral.com.ar\\\/entre-rios-la-superficie-sembrada-con-arroz-crecio-un-14\\\/\",\"name\":\"Entre R\u00edos: la superficie sembrada con arroz creci\u00f3 un 14% - Informe Litoral\",\"isPartOf\":{\"@id\":\"https:\\\/\\\/informelitoral.com.ar\\\/#website\"},\"primaryImageOfPage\":{\"@id\":\"https:\\\/\\\/informelitoral.com.ar\\\/entre-rios-la-superficie-sembrada-con-arroz-crecio-un-14\\\/#primaryimage\"},\"image\":{\"@id\":\"https:\\\/\\\/informelitoral.com.ar\\\/entre-rios-la-superficie-sembrada-con-arroz-crecio-un-14\\\/#primaryimage\"},\"thumbnailUrl\":\"https:\\\/\\\/informelitoral.com.ar\\\/%77%70%2d%63%6f%6e%74%65%6e%74\\\/uploads\\\/2022\\\/03\\\/arroz-696x447-1.jpg\",\"datePublished\":\"2025-02-24T12:36:04+00:00\",\"dateModified\":\"2025-02-24T22:11:44+00:00\",\"breadcrumb\":{\"@id\":\"https:\\\/\\\/informelitoral.com.ar\\\/entre-rios-la-superficie-sembrada-con-arroz-crecio-un-14\\\/#breadcrumb\"},\"inLanguage\":\"es\",\"potentialAction\":[{\"@type\":\"ReadAction\",\"target\":[\"https:\\\/\\\/informelitoral.com.ar\\\/entre-rios-la-superficie-sembrada-con-arroz-crecio-un-14\\\/\"]}]},{\"@type\":\"ImageObject\",\"inLanguage\":\"es\",\"@id\":\"https:\\\/\\\/informelitoral.com.ar\\\/entre-rios-la-superficie-sembrada-con-arroz-crecio-un-14\\\/#primaryimage\",\"url\":\"https:\\\/\\\/informelitoral.com.ar\\\/%77%70%2d%63%6f%6e%74%65%6e%74\\\/uploads\\\/2022\\\/03\\\/arroz-696x447-1.jpg\",\"contentUrl\":\"https:\\\/\\\/informelitoral.com.ar\\\/%77%70%2d%63%6f%6e%74%65%6e%74\\\/uploads\\\/2022\\\/03\\\/arroz-696x447-1.jpg\",\"width\":696,\"height\":447},{\"@type\":\"BreadcrumbList\",\"@id\":\"https:\\\/\\\/informelitoral.com.ar\\\/entre-rios-la-superficie-sembrada-con-arroz-crecio-un-14\\\/#breadcrumb\",\"itemListElement\":[{\"@type\":\"ListItem\",\"position\":1,\"name\":\"Portada\",\"item\":\"https:\\\/\\\/informelitoral.com.ar\\\/\"},{\"@type\":\"ListItem\",\"position\":2,\"name\":\"Entre R\u00edos: la superficie sembrada con arroz creci\u00f3 un 14%\"}]},{\"@type\":\"WebSite\",\"@id\":\"https:\\\/\\\/informelitoral.com.ar\\\/#website\",\"url\":\"https:\\\/\\\/informelitoral.com.ar\\\/\",\"name\":\"Informe Litoral\",\"description\":\"&quot;Nos informamos&quot; \",\"publisher\":{\"@id\":\"https:\\\/\\\/informelitoral.com.ar\\\/#organization\"},\"potentialAction\":[{\"@type\":\"SearchAction\",\"target\":{\"@type\":\"EntryPoint\",\"urlTemplate\":\"https:\\\/\\\/informelitoral.com.ar\\\/?s={search_term_string}\"},\"query-input\":{\"@type\":\"PropertyValueSpecification\",\"valueRequired\":true,\"valueName\":\"search_term_string\"}}],\"inLanguage\":\"es\"},{\"@type\":\"Organization\",\"@id\":\"https:\\\/\\\/informelitoral.com.ar\\\/#organization\",\"name\":\"Informe Litoral\",\"url\":\"https:\\\/\\\/informelitoral.com.ar\\\/\",\"logo\":{\"@type\":\"ImageObject\",\"inLanguage\":\"es\",\"@id\":\"https:\\\/\\\/informelitoral.com.ar\\\/#\\\/schema\\\/logo\\\/image\\\/\",\"url\":\"https:\\\/\\\/informelitoral.com.ar\\\/%77%70%2d%63%6f%6e%74%65%6e%74\\\/uploads\\\/2021\\\/01\\\/circulo.png\",\"contentUrl\":\"https:\\\/\\\/informelitoral.com.ar\\\/%77%70%2d%63%6f%6e%74%65%6e%74\\\/uploads\\\/2021\\\/01\\\/circulo.png\",\"width\":723,\"height\":731,\"caption\":\"Informe Litoral\"},\"image\":{\"@id\":\"https:\\\/\\\/informelitoral.com.ar\\\/#\\\/schema\\\/logo\\\/image\\\/\"},\"sameAs\":[\"https:\\\/\\\/www.facebook.com\\\/informelitoral\\\/\",\"https:\\\/\\\/x.com\\\/InformeLitoral\",\"https:\\\/\\\/www.instagram.com\\\/informelitoral\\\/\",\"https:\\\/\\\/www.youtube.com\\\/channel\\\/UCua4Qvz8Icb6MYqhoq9xLXw\"]},{\"@type\":\"Person\",\"@id\":\"https:\\\/\\\/informelitoral.com.ar\\\/#\\\/schema\\\/person\\\/f05f9f461677119578717524b127d6d5\",\"name\":\"Sebastian\",\"image\":{\"@type\":\"ImageObject\",\"inLanguage\":\"es\",\"@id\":\"https:\\\/\\\/secure.gravatar.com\\\/avatar\\\/b71bf7481d447dfb9583c7f2798e7cc64de6efb9067b74633ed8c31059a3bd82?s=96&d=mm&r=g\",\"url\":\"https:\\\/\\\/secure.gravatar.com\\\/avatar\\\/b71bf7481d447dfb9583c7f2798e7cc64de6efb9067b74633ed8c31059a3bd82?s=96&d=mm&r=g\",\"contentUrl\":\"https:\\\/\\\/secure.gravatar.com\\\/avatar\\\/b71bf7481d447dfb9583c7f2798e7cc64de6efb9067b74633ed8c31059a3bd82?s=96&d=mm&r=g\",\"caption\":\"Sebastian\"},\"url\":\"https:\\\/\\\/informelitoral.com.ar\\\/author\\\/sebastian\\\/\"}]}<\/script>","yoast_head_json":{"title":"Entre R\u00edos: la superficie sembrada con arroz creci\u00f3 un 14% - Informe Litoral","robots":{"index":"index","follow":"follow","max-snippet":"max-snippet:-1","max-image-preview":"max-image-preview:large","max-video-preview":"max-video-preview:-1"},"canonical":"https:\/\/informelitoral.com.ar\/entre-rios-la-superficie-sembrada-con-arroz-crecio-un-14\/","og_locale":"es_ES","og_type":"article","og_title":"Entre R\u00edos: la superficie sembrada con arroz creci\u00f3 un 14% - Informe Litoral","og_description":"La superficie sembrada con arroz en el ciclo 2024\/25 en la provincia de Entre R\u00edos fue de 66.900 ha, lo cual represent\u00f3 un crecimiento en relaci\u00f3n al ciclo anterior del 14 % (8.300 ha).","og_url":"https:\/\/informelitoral.com.ar\/entre-rios-la-superficie-sembrada-con-arroz-crecio-un-14\/","og_site_name":"Informe Litoral","article_publisher":"https:\/\/www.facebook.com\/informelitoral\/","article_published_time":"2025-02-24T12:36:04+00:00","article_modified_time":"2025-02-24T22:11:44+00:00","og_image":[{"width":696,"height":447,"url":"https:\/\/informelitoral.com.ar\/%77%70%2d%63%6f%6e%74%65%6e%74\/uploads\/2022\/03\/arroz-696x447-1.jpg","type":"image\/jpeg"}],"author":"Sebastian","twitter_card":"summary_large_image","twitter_creator":"@InformeLitoral","twitter_site":"@InformeLitoral","twitter_misc":{"Escrito por":"Sebastian","Tiempo de lectura":"1 minuto"},"schema":{"@context":"https:\/\/schema.org","@graph":[{"@type":"Article","@id":"https:\/\/informelitoral.com.ar\/entre-rios-la-superficie-sembrada-con-arroz-crecio-un-14\/#article","isPartOf":{"@id":"https:\/\/informelitoral.com.ar\/entre-rios-la-superficie-sembrada-con-arroz-crecio-un-14\/"},"author":{"name":"Sebastian","@id":"https:\/\/informelitoral.com.ar\/#\/schema\/person\/f05f9f461677119578717524b127d6d5"},"headline":"Entre R\u00edos: la superficie sembrada con arroz creci\u00f3 un 14%","datePublished":"2025-02-24T12:36:04+00:00","dateModified":"2025-02-24T22:11:44+00:00","mainEntityOfPage":{"@id":"https:\/\/informelitoral.com.ar\/entre-rios-la-superficie-sembrada-con-arroz-crecio-un-14\/"},"wordCount":180,"commentCount":0,"publisher":{"@id":"https:\/\/informelitoral.com.ar\/#organization"},"image":{"@id":"https:\/\/informelitoral.com.ar\/entre-rios-la-superficie-sembrada-con-arroz-crecio-un-14\/#primaryimage"},"thumbnailUrl":"https:\/\/informelitoral.com.ar\/%77%70%2d%63%6f%6e%74%65%6e%74\/uploads\/2022\/03\/arroz-696x447-1.jpg","keywords":["Arroz","Bolsa de Cereales de Entre R\u00edos","Entre R\u00edos","Sembrado"],"articleSection":["Campo"],"inLanguage":"es","potentialAction":[{"@type":"CommentAction","name":"Comment","target":["https:\/\/informelitoral.com.ar\/entre-rios-la-superficie-sembrada-con-arroz-crecio-un-14\/#respond"]}]},{"@type":"WebPage","@id":"https:\/\/informelitoral.com.ar\/entre-rios-la-superficie-sembrada-con-arroz-crecio-un-14\/","url":"https:\/\/informelitoral.com.ar\/entre-rios-la-superficie-sembrada-con-arroz-crecio-un-14\/","name":"Entre R\u00edos: la superficie sembrada con arroz creci\u00f3 un 14% - Informe Litoral","isPartOf":{"@id":"https:\/\/informelitoral.com.ar\/#website"},"primaryImageOfPage":{"@id":"https:\/\/informelitoral.com.ar\/entre-rios-la-superficie-sembrada-con-arroz-crecio-un-14\/#primaryimage"},"image":{"@id":"https:\/\/informelitoral.com.ar\/entre-rios-la-superficie-sembrada-con-arroz-crecio-un-14\/#primaryimage"},"thumbnailUrl":"https:\/\/informelitoral.com.ar\/%77%70%2d%63%6f%6e%74%65%6e%74\/uploads\/2022\/03\/arroz-696x447-1.jpg","datePublished":"2025-02-24T12:36:04+00:00","dateModified":"2025-02-24T22:11:44+00:00","breadcrumb":{"@id":"https:\/\/informelitoral.com.ar\/entre-rios-la-superficie-sembrada-con-arroz-crecio-un-14\/#breadcrumb"},"inLanguage":"es","potentialAction":[{"@type":"ReadAction","target":["https:\/\/informelitoral.com.ar\/entre-rios-la-superficie-sembrada-con-arroz-crecio-un-14\/"]}]},{"@type":"ImageObject","inLanguage":"es","@id":"https:\/\/informelitoral.com.ar\/entre-rios-la-superficie-sembrada-con-arroz-crecio-un-14\/#primaryimage","url":"https:\/\/informelitoral.com.ar\/%77%70%2d%63%6f%6e%74%65%6e%74\/uploads\/2022\/03\/arroz-696x447-1.jpg","contentUrl":"https:\/\/informelitoral.com.ar\/%77%70%2d%63%6f%6e%74%65%6e%74\/uploads\/2022\/03\/arroz-696x447-1.jpg","width":696,"height":447},{"@type":"BreadcrumbList","@id":"https:\/\/informelitoral.com.ar\/entre-rios-la-superficie-sembrada-con-arroz-crecio-un-14\/#breadcrumb","itemListElement":[{"@type":"ListItem","position":1,"name":"Portada","item":"https:\/\/informelitoral.com.ar\/"},{"@type":"ListItem","position":2,"name":"Entre R\u00edos: la superficie sembrada con arroz creci\u00f3 un 14%"}]},{"@type":"WebSite","@id":"https:\/\/informelitoral.com.ar\/#website","url":"https:\/\/informelitoral.com.ar\/","name":"Informe Litoral","description":"&quot;Nos informamos&quot; ","publisher":{"@id":"https:\/\/informelitoral.com.ar\/#organization"},"potentialAction":[{"@type":"SearchAction","target":{"@type":"EntryPoint","urlTemplate":"https:\/\/informelitoral.com.ar\/?s={search_term_string}"},"query-input":{"@type":"PropertyValueSpecification","valueRequired":true,"valueName":"search_term_string"}}],"inLanguage":"es"},{"@type":"Organization","@id":"https:\/\/informelitoral.com.ar\/#organization","name":"Informe Litoral","url":"https:\/\/informelitoral.com.ar\/","logo":{"@type":"ImageObject","inLanguage":"es","@id":"https:\/\/informelitoral.com.ar\/#\/schema\/logo\/image\/","url":"https:\/\/informelitoral.com.ar\/%77%70%2d%63%6f%6e%74%65%6e%74\/uploads\/2021\/01\/circulo.png","contentUrl":"https:\/\/informelitoral.com.ar\/%77%70%2d%63%6f%6e%74%65%6e%74\/uploads\/2021\/01\/circulo.png","width":723,"height":731,"caption":"Informe Litoral"},"image":{"@id":"https:\/\/informelitoral.com.ar\/#\/schema\/logo\/image\/"},"sameAs":["https:\/\/www.facebook.com\/informelitoral\/","https:\/\/x.com\/InformeLitoral","https:\/\/www.instagram.com\/informelitoral\/","https:\/\/www.youtube.com\/channel\/UCua4Qvz8Icb6MYqhoq9xLXw"]},{"@type":"Person","@id":"https:\/\/informelitoral.com.ar\/#\/schema\/person\/f05f9f461677119578717524b127d6d5","name":"Sebastian","image":{"@type":"ImageObject","inLanguage":"es","@id":"https:\/\/secure.gravatar.com\/avatar\/b71bf7481d447dfb9583c7f2798e7cc64de6efb9067b74633ed8c31059a3bd82?s=96&d=mm&r=g","url":"https:\/\/secure.gravatar.com\/avatar\/b71bf7481d447dfb9583c7f2798e7cc64de6efb9067b74633ed8c31059a3bd82?s=96&d=mm&r=g","contentUrl":"https:\/\/secure.gravatar.com\/avatar\/b71bf7481d447dfb9583c7f2798e7cc64de6efb9067b74633ed8c31059a3bd82?s=96&d=mm&r=g","caption":"Sebastian"},"url":"https:\/\/informelitoral.com.ar\/author\/sebastian\/"}]}},"_links":{"self":[{"href":"https:\/\/informelitoral.com.ar\/%77%70%2d%6a%73%6f%6e\/wp\/v2\/posts\/212821","targetHints":{"allow":["GET"]}}],"collection":[{"href":"https:\/\/informelitoral.com.ar\/%77%70%2d%6a%73%6f%6e\/wp\/v2\/posts"}],"about":[{"href":"https:\/\/informelitoral.com.ar\/%77%70%2d%6a%73%6f%6e\/wp\/v2\/types\/post"}],"author":[{"embeddable":true,"href":"https:\/\/informelitoral.com.ar\/%77%70%2d%6a%73%6f%6e\/wp\/v2\/users\/8"}],"replies":[{"embeddable":true,"href":"https:\/\/informelitoral.com.ar\/%77%70%2d%6a%73%6f%6e\/wp\/v2\/comments?post=212821"}],"version-history":[{"count":0,"href":"https:\/\/informelitoral.com.ar\/%77%70%2d%6a%73%6f%6e\/wp\/v2\/posts\/212821\/revisions"}],"wp:featuredmedia":[{"embeddable":true,"href":"https:\/\/informelitoral.com.ar\/%77%70%2d%6a%73%6f%6e\/wp\/v2\/media\/73944"}],"wp:attachment":[{"href":"https:\/\/informelitoral.com.ar\/%77%70%2d%6a%73%6f%6e\/wp\/v2\/media?parent=212821"}],"wp:term":[{"taxonomy":"category","embeddable":true,"href":"https:\/\/informelitoral.com.ar\/%77%70%2d%6a%73%6f%6e\/wp\/v2\/categories?post=212821"},{"taxonomy":"post_tag","embeddable":true,"href":"https:\/\/informelitoral.com.ar\/%77%70%2d%6a%73%6f%6e\/wp\/v2\/tags?post=212821"}],"curies":[{"name":"wp","href":"https:\/\/api.w.org\/{rel}","templated":true}]}}