{"id":212787,"date":"2025-02-24T05:48:51","date_gmt":"2025-02-24T08:48:51","guid":{"rendered":"https:\/\/informelitoral.com.ar\/?p=212787"},"modified":"2025-02-24T07:52:51","modified_gmt":"2025-02-24T10:52:51","slug":"elecciones-en-alemania-los-conservadores-ganan-y-la-ultraderecha-asoma","status":"publish","type":"post","link":"https:\/\/informelitoral.com.ar\/elecciones-en-alemania-los-conservadores-ganan-y-la-ultraderecha-asoma\/","title":{"rendered":"Elecciones en Alemania: los conservadores ganan y la ultraderecha asoma"},"content":{"rendered":"<p>El l\u00edder del bloque conservador alem\u00e1n, Friedrich Merz, festej\u00f3 este domingo la victoria en las elecciones generales y pidi\u00f3 negociaciones r\u00e1pidas para lograr una coalici\u00f3n de Gobierno en medio de la inestabilidad que atraviesa Europa por las distintas crisis que hay en el mundo.<\/p>\n<p>\u00abNosotros, la CDU y la CSU hemos ganado estas elecciones al Bundestag (&#8230;). El mundo no espera y tampoco nos espera a nosotros, ni a largas y dif\u00edciles negociaciones de coalici\u00f3n. Tenemos que sentar pronto las bases para que Alemania vuelva a ser bien gobernada\u00bb, dijo en la sede de su partido.<\/p>\n<p>De acuerdo con los boca de urna, los conservadores alcanzaron el 28% de los votos, mientras que la extrema derecha -apoyada por Elon Musk- consigui\u00f3 el 20% de los esca\u00f1os. Detr\u00e1s de ellos, el actual oficialismo (bajo el liderazgo de Olaf Scholz), apenas logr\u00f3 el 16% del sufragio total.<\/p>\n<p>Merz afirm\u00f3 que esta victoria se debe a que la Uni\u00f3n Cristianodem\u00f3crata (CDU) que lidera y su partido hermano, la Uni\u00f3n Socialcristiana (CSU) b\u00e1vara, que conforman el bloque conservador, han \u00abtrabajado bien\u00bb y se han \u00abpreparado bien para el cambio de gobierno\u00bb.<\/p>\n<p>El que ser\u00e1 el nuevo canciller de Alemania, si logra formar una coalici\u00f3n, pronostic\u00f3 que lo que viene de ahora en adelante \u00abno ser\u00e1 f\u00e1cil\u00bb, al tiempo que expres\u00f3 su \u00abrespeto\u00bb por sus contrincantes durante la campa\u00f1a electoral.<\/p>\n<p>\u00abAhora hablaremos entre nosotros, con el fin de formar lo antes posible un Gobierno capaz de actuar\u00bb, dijo.<\/p>\n<h2><strong>La palabra de Scholz<\/strong><\/h2>\n<p>Olaf Scholz felicit\u00f3 este domingo al bloque conservador formado por la Uni\u00f3n Cristianodem\u00f3crata (CDU) y la Uni\u00f3n Socialcristiana de Baviera (CSU) por su victoria en las elecciones generales.<\/p>\n<p>\u00abPara m\u00ed es importante dar la enhorabuena a la CDU\/CSU por el resultado electoral\u00bb, dijo Scholz al aludir a los resultados de las elecciones, en los que los conservadores se impusieron con claridad y los socialdem\u00f3cratas encajaron lo que el canciller saliente calific\u00f3 de \u00abderrota\u00bb.<\/p>\n<p>\u00abEs un resultado amargo\u00bb, afirm\u00f3 Scholz sobre el resultado electoral del SPD en una intervenci\u00f3n junto a los l\u00edderes de su partido en la sede berlinesa de los socialdem\u00f3cratas, la Casa de Willy Brandt.<\/p>\n<p>Seg\u00fan los sondeos a pie de urna, el SPD obtuvo en estas elecciones entre el 16 % y el 16,5 % de los votos, lo que supone, de confirmarse, el peor resultado de los socialdem\u00f3cratas en su historia.<\/p>\n<p>De hecho, es la primera vez que el SPD, que seg\u00fan los sondeos qued\u00f3 por detr\u00e1s de la CDU\/CSU y de la ultraderechista Alternativa para Alemania (AfD), se sit\u00faa en tercera posici\u00f3n en unas elecciones generales.<\/p>\n<p>En su intervenci\u00f3n, Scholz aludi\u00f3 al resultado de AfD como algo \u00abinaceptable\u00bb.<br \/>\n\u00abQue un partido de extrema derecha reciba un resultado as\u00ed, debe ser algo que no debemos aceptar, yo nunca voy a aceptar algo as\u00ed\u00bb<\/p>\n","protected":false},"excerpt":{"rendered":"<p>Friedrich Merz, lider del bloque ganador, pidi\u00f3 la conformaci\u00f3n de un nuevo gobierno. \u00abEl mundo no espera\u00bb, coment\u00f3. El oficialismo puso su alerta en el desembarco de Alterna.<\/p>\n","protected":false},"author":2,"featured_media":212788,"comment_status":"open","ping_status":"open","sticky":false,"template":"","format":"standard","meta":{"fifu_image_url":"","fifu_image_alt":"","footnotes":""},"categories":[8],"tags":[105],"class_list":{"0":"post-212787","1":"post","2":"type-post","3":"status-publish","4":"format-standard","5":"has-post-thumbnail","7":"category-internacionales","8":"tag-alemania"},"yoast_head":"<title>Elecciones en Alemania: los conservadores ganan y la ultraderecha asoma - Informe Litoral<\/title>\n<meta name=\"robots\" content=\"index, follow, max-snippet:-1, max-image-preview:large, max-video-preview:-1\" \/>\n<link rel=\"canonical\" href=\"https:\/\/informelitoral.com.ar\/elecciones-en-alemania-los-conservadores-ganan-y-la-ultraderecha-asoma\/\" \/>\n<meta property=\"og:locale\" content=\"es_ES\" \/>\n<meta property=\"og:type\" content=\"article\" \/>\n<meta property=\"og:title\" content=\"Elecciones en Alemania: los conservadores ganan y la ultraderecha asoma - Informe Litoral\" \/>\n<meta property=\"og:description\" content=\"Friedrich Merz, lider del bloque ganador, pidi\u00f3 la conformaci\u00f3n de un nuevo gobierno. &quot;El mundo no espera&quot;, coment\u00f3. El oficialismo puso su alerta en el desembarco de Alterna.\" \/>\n<meta property=\"og:url\" content=\"https:\/\/informelitoral.com.ar\/elecciones-en-alemania-los-conservadores-ganan-y-la-ultraderecha-asoma\/\" \/>\n<meta property=\"og:site_name\" content=\"Informe Litoral\" \/>\n<meta property=\"article:publisher\" content=\"https:\/\/www.facebook.com\/informelitoral\/\" \/>\n<meta property=\"article:published_time\" content=\"2025-02-24T08:48:51+00:00\" \/>\n<meta property=\"article:modified_time\" content=\"2025-02-24T10:52:51+00:00\" \/>\n<meta property=\"og:image\" content=\"https:\/\/informelitoral.com.ar\/%77%70%2d%63%6f%6e%74%65%6e%74\/uploads\/2025\/02\/915937-000-36yh7xk.jpg\" \/>\n\t<meta property=\"og:image:width\" content=\"700\" \/>\n\t<meta property=\"og:image:height\" content=\"467\" \/>\n\t<meta property=\"og:image:type\" content=\"image\/jpeg\" \/>\n<meta name=\"author\" content=\"Gonzalo Schmidt\" \/>\n<meta name=\"twitter:card\" content=\"summary_large_image\" \/>\n<meta name=\"twitter:creator\" content=\"@InformeLitoral\" \/>\n<meta name=\"twitter:site\" content=\"@InformeLitoral\" \/>\n<meta name=\"twitter:label1\" content=\"Escrito por\" \/>\n\t<meta name=\"twitter:data1\" content=\"Gonzalo Schmidt\" \/>\n\t<meta name=\"twitter:label2\" content=\"Tiempo de lectura\" \/>\n\t<meta name=\"twitter:data2\" content=\"2 minutos\" \/>\n<script type=\"application\/ld+json\" class=\"yoast-schema-graph\">{\"@context\":\"https:\\\/\\\/schema.org\",\"@graph\":[{\"@type\":\"Article\",\"@id\":\"https:\\\/\\\/informelitoral.com.ar\\\/elecciones-en-alemania-los-conservadores-ganan-y-la-ultraderecha-asoma\\\/#article\",\"isPartOf\":{\"@id\":\"https:\\\/\\\/informelitoral.com.ar\\\/elecciones-en-alemania-los-conservadores-ganan-y-la-ultraderecha-asoma\\\/\"},\"author\":{\"name\":\"Gonzalo Schmidt\",\"@id\":\"https:\\\/\\\/informelitoral.com.ar\\\/#\\\/schema\\\/person\\\/b9d00407c836482871ef1d57bf8e3180\"},\"headline\":\"Elecciones en Alemania: los conservadores ganan y la ultraderecha asoma\",\"datePublished\":\"2025-02-24T08:48:51+00:00\",\"dateModified\":\"2025-02-24T10:52:51+00:00\",\"mainEntityOfPage\":{\"@id\":\"https:\\\/\\\/informelitoral.com.ar\\\/elecciones-en-alemania-los-conservadores-ganan-y-la-ultraderecha-asoma\\\/\"},\"wordCount\":497,\"commentCount\":0,\"publisher\":{\"@id\":\"https:\\\/\\\/informelitoral.com.ar\\\/#organization\"},\"image\":{\"@id\":\"https:\\\/\\\/informelitoral.com.ar\\\/elecciones-en-alemania-los-conservadores-ganan-y-la-ultraderecha-asoma\\\/#primaryimage\"},\"thumbnailUrl\":\"https:\\\/\\\/informelitoral.com.ar\\\/%77%70%2d%63%6f%6e%74%65%6e%74\\\/uploads\\\/2025\\\/02\\\/915937-000-36yh7xk.jpg\",\"keywords\":[\"Alemania\"],\"articleSection\":[\"Internacionales\"],\"inLanguage\":\"es\",\"potentialAction\":[{\"@type\":\"CommentAction\",\"name\":\"Comment\",\"target\":[\"https:\\\/\\\/informelitoral.com.ar\\\/elecciones-en-alemania-los-conservadores-ganan-y-la-ultraderecha-asoma\\\/#respond\"]}]},{\"@type\":\"WebPage\",\"@id\":\"https:\\\/\\\/informelitoral.com.ar\\\/elecciones-en-alemania-los-conservadores-ganan-y-la-ultraderecha-asoma\\\/\",\"url\":\"https:\\\/\\\/informelitoral.com.ar\\\/elecciones-en-alemania-los-conservadores-ganan-y-la-ultraderecha-asoma\\\/\",\"name\":\"Elecciones en Alemania: los conservadores ganan y la ultraderecha asoma - Informe Litoral\",\"isPartOf\":{\"@id\":\"https:\\\/\\\/informelitoral.com.ar\\\/#website\"},\"primaryImageOfPage\":{\"@id\":\"https:\\\/\\\/informelitoral.com.ar\\\/elecciones-en-alemania-los-conservadores-ganan-y-la-ultraderecha-asoma\\\/#primaryimage\"},\"image\":{\"@id\":\"https:\\\/\\\/informelitoral.com.ar\\\/elecciones-en-alemania-los-conservadores-ganan-y-la-ultraderecha-asoma\\\/#primaryimage\"},\"thumbnailUrl\":\"https:\\\/\\\/informelitoral.com.ar\\\/%77%70%2d%63%6f%6e%74%65%6e%74\\\/uploads\\\/2025\\\/02\\\/915937-000-36yh7xk.jpg\",\"datePublished\":\"2025-02-24T08:48:51+00:00\",\"dateModified\":\"2025-02-24T10:52:51+00:00\",\"breadcrumb\":{\"@id\":\"https:\\\/\\\/informelitoral.com.ar\\\/elecciones-en-alemania-los-conservadores-ganan-y-la-ultraderecha-asoma\\\/#breadcrumb\"},\"inLanguage\":\"es\",\"potentialAction\":[{\"@type\":\"ReadAction\",\"target\":[\"https:\\\/\\\/informelitoral.com.ar\\\/elecciones-en-alemania-los-conservadores-ganan-y-la-ultraderecha-asoma\\\/\"]}]},{\"@type\":\"ImageObject\",\"inLanguage\":\"es\",\"@id\":\"https:\\\/\\\/informelitoral.com.ar\\\/elecciones-en-alemania-los-conservadores-ganan-y-la-ultraderecha-asoma\\\/#primaryimage\",\"url\":\"https:\\\/\\\/informelitoral.com.ar\\\/%77%70%2d%63%6f%6e%74%65%6e%74\\\/uploads\\\/2025\\\/02\\\/915937-000-36yh7xk.jpg\",\"contentUrl\":\"https:\\\/\\\/informelitoral.com.ar\\\/%77%70%2d%63%6f%6e%74%65%6e%74\\\/uploads\\\/2025\\\/02\\\/915937-000-36yh7xk.jpg\",\"width\":700,\"height\":467},{\"@type\":\"BreadcrumbList\",\"@id\":\"https:\\\/\\\/informelitoral.com.ar\\\/elecciones-en-alemania-los-conservadores-ganan-y-la-ultraderecha-asoma\\\/#breadcrumb\",\"itemListElement\":[{\"@type\":\"ListItem\",\"position\":1,\"name\":\"Portada\",\"item\":\"https:\\\/\\\/informelitoral.com.ar\\\/\"},{\"@type\":\"ListItem\",\"position\":2,\"name\":\"Elecciones en Alemania: los conservadores ganan y la ultraderecha asoma\"}]},{\"@type\":\"WebSite\",\"@id\":\"https:\\\/\\\/informelitoral.com.ar\\\/#website\",\"url\":\"https:\\\/\\\/informelitoral.com.ar\\\/\",\"name\":\"Informe Litoral\",\"description\":\"&quot;Nos informamos&quot; \",\"publisher\":{\"@id\":\"https:\\\/\\\/informelitoral.com.ar\\\/#organization\"},\"potentialAction\":[{\"@type\":\"SearchAction\",\"target\":{\"@type\":\"EntryPoint\",\"urlTemplate\":\"https:\\\/\\\/informelitoral.com.ar\\\/?s={search_term_string}\"},\"query-input\":{\"@type\":\"PropertyValueSpecification\",\"valueRequired\":true,\"valueName\":\"search_term_string\"}}],\"inLanguage\":\"es\"},{\"@type\":\"Organization\",\"@id\":\"https:\\\/\\\/informelitoral.com.ar\\\/#organization\",\"name\":\"Informe Litoral\",\"url\":\"https:\\\/\\\/informelitoral.com.ar\\\/\",\"logo\":{\"@type\":\"ImageObject\",\"inLanguage\":\"es\",\"@id\":\"https:\\\/\\\/informelitoral.com.ar\\\/#\\\/schema\\\/logo\\\/image\\\/\",\"url\":\"https:\\\/\\\/informelitoral.com.ar\\\/%77%70%2d%63%6f%6e%74%65%6e%74\\\/uploads\\\/2021\\\/01\\\/circulo.png\",\"contentUrl\":\"https:\\\/\\\/informelitoral.com.ar\\\/%77%70%2d%63%6f%6e%74%65%6e%74\\\/uploads\\\/2021\\\/01\\\/circulo.png\",\"width\":723,\"height\":731,\"caption\":\"Informe Litoral\"},\"image\":{\"@id\":\"https:\\\/\\\/informelitoral.com.ar\\\/#\\\/schema\\\/logo\\\/image\\\/\"},\"sameAs\":[\"https:\\\/\\\/www.facebook.com\\\/informelitoral\\\/\",\"https:\\\/\\\/x.com\\\/InformeLitoral\",\"https:\\\/\\\/www.instagram.com\\\/informelitoral\\\/\",\"https:\\\/\\\/www.youtube.com\\\/channel\\\/UCua4Qvz8Icb6MYqhoq9xLXw\"]},{\"@type\":\"Person\",\"@id\":\"https:\\\/\\\/informelitoral.com.ar\\\/#\\\/schema\\\/person\\\/b9d00407c836482871ef1d57bf8e3180\",\"name\":\"Gonzalo Schmidt\",\"image\":{\"@type\":\"ImageObject\",\"inLanguage\":\"es\",\"@id\":\"https:\\\/\\\/secure.gravatar.com\\\/avatar\\\/31a1a7b66ff2de83bd0e9fd79d026630d2d99e55e8bfe501287647b4fd9743de?s=96&d=mm&r=g\",\"url\":\"https:\\\/\\\/secure.gravatar.com\\\/avatar\\\/31a1a7b66ff2de83bd0e9fd79d026630d2d99e55e8bfe501287647b4fd9743de?s=96&d=mm&r=g\",\"contentUrl\":\"https:\\\/\\\/secure.gravatar.com\\\/avatar\\\/31a1a7b66ff2de83bd0e9fd79d026630d2d99e55e8bfe501287647b4fd9743de?s=96&d=mm&r=g\",\"caption\":\"Gonzalo Schmidt\"},\"description\":\"Sitio web de noticias de la provincia de Entre R\u00edos, Argentina. Informaci\u00f3n y entretenimiento. Informe Litoral, nos informamos.\",\"sameAs\":[\"http:\\\/\\\/www.isletasnoticias.com.ar\"],\"url\":\"https:\\\/\\\/informelitoral.com.ar\\\/author\\\/gonzalo\\\/\"}]}<\/script>","yoast_head_json":{"title":"Elecciones en Alemania: los conservadores ganan y la ultraderecha asoma - Informe Litoral","robots":{"index":"index","follow":"follow","max-snippet":"max-snippet:-1","max-image-preview":"max-image-preview:large","max-video-preview":"max-video-preview:-1"},"canonical":"https:\/\/informelitoral.com.ar\/elecciones-en-alemania-los-conservadores-ganan-y-la-ultraderecha-asoma\/","og_locale":"es_ES","og_type":"article","og_title":"Elecciones en Alemania: los conservadores ganan y la ultraderecha asoma - Informe Litoral","og_description":"Friedrich Merz, lider del bloque ganador, pidi\u00f3 la conformaci\u00f3n de un nuevo gobierno. \"El mundo no espera\", coment\u00f3. El oficialismo puso su alerta en el desembarco de Alterna.","og_url":"https:\/\/informelitoral.com.ar\/elecciones-en-alemania-los-conservadores-ganan-y-la-ultraderecha-asoma\/","og_site_name":"Informe Litoral","article_publisher":"https:\/\/www.facebook.com\/informelitoral\/","article_published_time":"2025-02-24T08:48:51+00:00","article_modified_time":"2025-02-24T10:52:51+00:00","og_image":[{"width":700,"height":467,"url":"https:\/\/informelitoral.com.ar\/%77%70%2d%63%6f%6e%74%65%6e%74\/uploads\/2025\/02\/915937-000-36yh7xk.jpg","type":"image\/jpeg"}],"author":"Gonzalo Schmidt","twitter_card":"summary_large_image","twitter_creator":"@InformeLitoral","twitter_site":"@InformeLitoral","twitter_misc":{"Escrito por":"Gonzalo Schmidt","Tiempo de lectura":"2 minutos"},"schema":{"@context":"https:\/\/schema.org","@graph":[{"@type":"Article","@id":"https:\/\/informelitoral.com.ar\/elecciones-en-alemania-los-conservadores-ganan-y-la-ultraderecha-asoma\/#article","isPartOf":{"@id":"https:\/\/informelitoral.com.ar\/elecciones-en-alemania-los-conservadores-ganan-y-la-ultraderecha-asoma\/"},"author":{"name":"Gonzalo Schmidt","@id":"https:\/\/informelitoral.com.ar\/#\/schema\/person\/b9d00407c836482871ef1d57bf8e3180"},"headline":"Elecciones en Alemania: los conservadores ganan y la ultraderecha asoma","datePublished":"2025-02-24T08:48:51+00:00","dateModified":"2025-02-24T10:52:51+00:00","mainEntityOfPage":{"@id":"https:\/\/informelitoral.com.ar\/elecciones-en-alemania-los-conservadores-ganan-y-la-ultraderecha-asoma\/"},"wordCount":497,"commentCount":0,"publisher":{"@id":"https:\/\/informelitoral.com.ar\/#organization"},"image":{"@id":"https:\/\/informelitoral.com.ar\/elecciones-en-alemania-los-conservadores-ganan-y-la-ultraderecha-asoma\/#primaryimage"},"thumbnailUrl":"https:\/\/informelitoral.com.ar\/%77%70%2d%63%6f%6e%74%65%6e%74\/uploads\/2025\/02\/915937-000-36yh7xk.jpg","keywords":["Alemania"],"articleSection":["Internacionales"],"inLanguage":"es","potentialAction":[{"@type":"CommentAction","name":"Comment","target":["https:\/\/informelitoral.com.ar\/elecciones-en-alemania-los-conservadores-ganan-y-la-ultraderecha-asoma\/#respond"]}]},{"@type":"WebPage","@id":"https:\/\/informelitoral.com.ar\/elecciones-en-alemania-los-conservadores-ganan-y-la-ultraderecha-asoma\/","url":"https:\/\/informelitoral.com.ar\/elecciones-en-alemania-los-conservadores-ganan-y-la-ultraderecha-asoma\/","name":"Elecciones en Alemania: los conservadores ganan y la ultraderecha asoma - Informe Litoral","isPartOf":{"@id":"https:\/\/informelitoral.com.ar\/#website"},"primaryImageOfPage":{"@id":"https:\/\/informelitoral.com.ar\/elecciones-en-alemania-los-conservadores-ganan-y-la-ultraderecha-asoma\/#primaryimage"},"image":{"@id":"https:\/\/informelitoral.com.ar\/elecciones-en-alemania-los-conservadores-ganan-y-la-ultraderecha-asoma\/#primaryimage"},"thumbnailUrl":"https:\/\/informelitoral.com.ar\/%77%70%2d%63%6f%6e%74%65%6e%74\/uploads\/2025\/02\/915937-000-36yh7xk.jpg","datePublished":"2025-02-24T08:48:51+00:00","dateModified":"2025-02-24T10:52:51+00:00","breadcrumb":{"@id":"https:\/\/informelitoral.com.ar\/elecciones-en-alemania-los-conservadores-ganan-y-la-ultraderecha-asoma\/#breadcrumb"},"inLanguage":"es","potentialAction":[{"@type":"ReadAction","target":["https:\/\/informelitoral.com.ar\/elecciones-en-alemania-los-conservadores-ganan-y-la-ultraderecha-asoma\/"]}]},{"@type":"ImageObject","inLanguage":"es","@id":"https:\/\/informelitoral.com.ar\/elecciones-en-alemania-los-conservadores-ganan-y-la-ultraderecha-asoma\/#primaryimage","url":"https:\/\/informelitoral.com.ar\/%77%70%2d%63%6f%6e%74%65%6e%74\/uploads\/2025\/02\/915937-000-36yh7xk.jpg","contentUrl":"https:\/\/informelitoral.com.ar\/%77%70%2d%63%6f%6e%74%65%6e%74\/uploads\/2025\/02\/915937-000-36yh7xk.jpg","width":700,"height":467},{"@type":"BreadcrumbList","@id":"https:\/\/informelitoral.com.ar\/elecciones-en-alemania-los-conservadores-ganan-y-la-ultraderecha-asoma\/#breadcrumb","itemListElement":[{"@type":"ListItem","position":1,"name":"Portada","item":"https:\/\/informelitoral.com.ar\/"},{"@type":"ListItem","position":2,"name":"Elecciones en Alemania: los conservadores ganan y la ultraderecha asoma"}]},{"@type":"WebSite","@id":"https:\/\/informelitoral.com.ar\/#website","url":"https:\/\/informelitoral.com.ar\/","name":"Informe Litoral","description":"&quot;Nos informamos&quot; ","publisher":{"@id":"https:\/\/informelitoral.com.ar\/#organization"},"potentialAction":[{"@type":"SearchAction","target":{"@type":"EntryPoint","urlTemplate":"https:\/\/informelitoral.com.ar\/?s={search_term_string}"},"query-input":{"@type":"PropertyValueSpecification","valueRequired":true,"valueName":"search_term_string"}}],"inLanguage":"es"},{"@type":"Organization","@id":"https:\/\/informelitoral.com.ar\/#organization","name":"Informe Litoral","url":"https:\/\/informelitoral.com.ar\/","logo":{"@type":"ImageObject","inLanguage":"es","@id":"https:\/\/informelitoral.com.ar\/#\/schema\/logo\/image\/","url":"https:\/\/informelitoral.com.ar\/%77%70%2d%63%6f%6e%74%65%6e%74\/uploads\/2021\/01\/circulo.png","contentUrl":"https:\/\/informelitoral.com.ar\/%77%70%2d%63%6f%6e%74%65%6e%74\/uploads\/2021\/01\/circulo.png","width":723,"height":731,"caption":"Informe Litoral"},"image":{"@id":"https:\/\/informelitoral.com.ar\/#\/schema\/logo\/image\/"},"sameAs":["https:\/\/www.facebook.com\/informelitoral\/","https:\/\/x.com\/InformeLitoral","https:\/\/www.instagram.com\/informelitoral\/","https:\/\/www.youtube.com\/channel\/UCua4Qvz8Icb6MYqhoq9xLXw"]},{"@type":"Person","@id":"https:\/\/informelitoral.com.ar\/#\/schema\/person\/b9d00407c836482871ef1d57bf8e3180","name":"Gonzalo Schmidt","image":{"@type":"ImageObject","inLanguage":"es","@id":"https:\/\/secure.gravatar.com\/avatar\/31a1a7b66ff2de83bd0e9fd79d026630d2d99e55e8bfe501287647b4fd9743de?s=96&d=mm&r=g","url":"https:\/\/secure.gravatar.com\/avatar\/31a1a7b66ff2de83bd0e9fd79d026630d2d99e55e8bfe501287647b4fd9743de?s=96&d=mm&r=g","contentUrl":"https:\/\/secure.gravatar.com\/avatar\/31a1a7b66ff2de83bd0e9fd79d026630d2d99e55e8bfe501287647b4fd9743de?s=96&d=mm&r=g","caption":"Gonzalo Schmidt"},"description":"Sitio web de noticias de la provincia de Entre R\u00edos, Argentina. Informaci\u00f3n y entretenimiento. Informe Litoral, nos informamos.","sameAs":["http:\/\/www.isletasnoticias.com.ar"],"url":"https:\/\/informelitoral.com.ar\/author\/gonzalo\/"}]}},"_links":{"self":[{"href":"https:\/\/informelitoral.com.ar\/%77%70%2d%6a%73%6f%6e\/wp\/v2\/posts\/212787","targetHints":{"allow":["GET"]}}],"collection":[{"href":"https:\/\/informelitoral.com.ar\/%77%70%2d%6a%73%6f%6e\/wp\/v2\/posts"}],"about":[{"href":"https:\/\/informelitoral.com.ar\/%77%70%2d%6a%73%6f%6e\/wp\/v2\/types\/post"}],"author":[{"embeddable":true,"href":"https:\/\/informelitoral.com.ar\/%77%70%2d%6a%73%6f%6e\/wp\/v2\/users\/2"}],"replies":[{"embeddable":true,"href":"https:\/\/informelitoral.com.ar\/%77%70%2d%6a%73%6f%6e\/wp\/v2\/comments?post=212787"}],"version-history":[{"count":0,"href":"https:\/\/informelitoral.com.ar\/%77%70%2d%6a%73%6f%6e\/wp\/v2\/posts\/212787\/revisions"}],"wp:featuredmedia":[{"embeddable":true,"href":"https:\/\/informelitoral.com.ar\/%77%70%2d%6a%73%6f%6e\/wp\/v2\/media\/212788"}],"wp:attachment":[{"href":"https:\/\/informelitoral.com.ar\/%77%70%2d%6a%73%6f%6e\/wp\/v2\/media?parent=212787"}],"wp:term":[{"taxonomy":"category","embeddable":true,"href":"https:\/\/informelitoral.com.ar\/%77%70%2d%6a%73%6f%6e\/wp\/v2\/categories?post=212787"},{"taxonomy":"post_tag","embeddable":true,"href":"https:\/\/informelitoral.com.ar\/%77%70%2d%6a%73%6f%6e\/wp\/v2\/tags?post=212787"}],"curies":[{"name":"wp","href":"https:\/\/api.w.org\/{rel}","templated":true}]}}