{"id":212778,"date":"2025-02-24T07:14:08","date_gmt":"2025-02-24T10:14:08","guid":{"rendered":"https:\/\/informelitoral.com.ar\/?p=212778"},"modified":"2025-02-24T07:15:11","modified_gmt":"2025-02-24T10:15:11","slug":"anunciaron-medidas-para-afrontar-la-ola-de-calor-en-las-escuelas","status":"publish","type":"post","link":"https:\/\/informelitoral.com.ar\/anunciaron-medidas-para-afrontar-la-ola-de-calor-en-las-escuelas\/","title":{"rendered":"Anunciaron medidas para afrontar la ola de calor en las escuelas"},"content":{"rendered":"<p>\u00abEl gobernador Rogelio Frigerio nos pidi\u00f3 que avancemos en estos lineamientos para afrontar la ola de calor. Elaboramos esta circular en un trabajo articulado con todos los niveles y en comunicaci\u00f3n permanente con Comedores Escolares al igual que con Salud. Valoramos el trabajo de todos los equipos para llegar con estas herramientas\u00bb, explic\u00f3 la presidente del CGE, <strong>Alicia Fregonese.<\/strong><\/p>\n<p>Se trata de la circular 05\/25, donde se solicita a las Direcciones Departamentales de Escuelas que, en colaboraci\u00f3n con los equipos supervisivos y los establecimientos educativos, eval\u00faen y dise\u00f1en planes de acci\u00f3n destinados a mitigar el impacto del calor sobre la comunidad educativa, \u00abasegurando a su vez la continuidad de la trayectoria escolar\u00bb.<\/p>\n<p>Como apoyo a estas acciones, se adjunta el \u00abAnexo I: Lineamientos Generales de Actuaci\u00f3n ante ola de calor e inclemencias del tiempo\u00bb, donde se detallan las medidas recomendadas. Ser\u00e1 de com\u00fan acuerdo entre las partes intervinientes la posibilidad de disponer la reducci\u00f3n horaria para evitar las horas de mayor registro t\u00e9rmico, as\u00ed como la alternativa de la virtualidad.<\/p>\n<p>\u00abEs fundamental que los establecimientos educativos permanezcan abiertos y adopten las medidas necesarias para garantizar la seguridad y bienestar de todos. Las Direcciones de Nivel y Modalidades estar\u00e1n disponibles para atender cualquier consulta o requerimiento relacionado con la implementaci\u00f3n de estas acciones\u00bb, se destaca en el escrito.<\/p>\n<p>El plan de acci\u00f3n podr\u00e1 extenderse hasta un plazo m\u00e1ximo de 15 d\u00edas h\u00e1biles. Para facilitar la comunicaci\u00f3n, las Direcciones Departamentales establecer\u00e1n una l\u00ednea directa a fin de resolver consultas y atender futuras eventualidades.<\/p>\n<p>Finalmente, es importante recordar que todas las decisiones adoptadas deber\u00e1n ser comunicadas a las Direcciones Departamentales de Escuelas para su ratificaci\u00f3n, cuando corresponda.<\/p>\n<h2><a href=\"https:\/\/informelitoral.com.ar\/%77%70%2d%63%6f%6e%74%65%6e%74\/uploads\/2025\/02\/Circular-05_25.pdf\">Ver la Circular 05_25<\/a><\/h2>\n","protected":false},"excerpt":{"rendered":"<p>Ante los registros de altas temperaturas que seguir\u00e1n afectando a nuestra provincia en los pr\u00f3ximos d\u00edas y considerando el inicio del ciclo lectivo, el Consejo General de Educaci\u00f3n (CGE) emiti\u00f3 una circular (05\/25) con recomendaciones para afrontar la situaci\u00f3n. Se permite la posibilidad de la reducci\u00f3n horaria y la virtualidad como alternativa.<\/p>\n","protected":false},"author":2,"featured_media":48360,"comment_status":"open","ping_status":"open","sticky":false,"template":"","format":"standard","meta":{"fifu_image_url":"","fifu_image_alt":"","footnotes":""},"categories":[6],"tags":[889,209,98,70,2851],"class_list":{"0":"post-212778","1":"post","2":"type-post","3":"status-publish","4":"format-standard","5":"has-post-thumbnail","7":"category-entre-rios","8":"tag-calor","9":"tag-cge","10":"tag-educacion","11":"tag-escuelas","12":"tag-ola-de-calor"},"yoast_head":"<title>Anunciaron medidas para afrontar la ola de calor en las escuelas - Informe Litoral<\/title>\n<meta name=\"robots\" content=\"index, follow, max-snippet:-1, max-image-preview:large, max-video-preview:-1\" \/>\n<link rel=\"canonical\" href=\"https:\/\/informelitoral.com.ar\/anunciaron-medidas-para-afrontar-la-ola-de-calor-en-las-escuelas\/\" \/>\n<meta property=\"og:locale\" content=\"es_ES\" \/>\n<meta property=\"og:type\" content=\"article\" \/>\n<meta property=\"og:title\" content=\"Anunciaron medidas para afrontar la ola de calor en las escuelas - Informe Litoral\" \/>\n<meta property=\"og:description\" content=\"Ante los registros de altas temperaturas que seguir\u00e1n afectando a nuestra provincia en los pr\u00f3ximos d\u00edas y considerando el inicio del ciclo lectivo, el Consejo General de Educaci\u00f3n (CGE) emiti\u00f3 una circular (05\/25) con recomendaciones para afrontar la situaci\u00f3n. Se permite la posibilidad de la reducci\u00f3n horaria y la virtualidad como alternativa.\" \/>\n<meta property=\"og:url\" content=\"https:\/\/informelitoral.com.ar\/anunciaron-medidas-para-afrontar-la-ola-de-calor-en-las-escuelas\/\" \/>\n<meta property=\"og:site_name\" content=\"Informe Litoral\" \/>\n<meta property=\"article:publisher\" content=\"https:\/\/www.facebook.com\/informelitoral\/\" \/>\n<meta property=\"article:published_time\" content=\"2025-02-24T10:14:08+00:00\" \/>\n<meta property=\"article:modified_time\" content=\"2025-02-24T10:15:11+00:00\" \/>\n<meta property=\"og:image\" content=\"https:\/\/informelitoral.com.ar\/%77%70%2d%63%6f%6e%74%65%6e%74\/uploads\/2020\/08\/cge-1-1024x678-1.jpg\" \/>\n\t<meta property=\"og:image:width\" content=\"1024\" \/>\n\t<meta property=\"og:image:height\" content=\"678\" \/>\n\t<meta property=\"og:image:type\" content=\"image\/jpeg\" \/>\n<meta name=\"author\" content=\"Gonzalo Schmidt\" \/>\n<meta name=\"twitter:card\" content=\"summary_large_image\" \/>\n<meta name=\"twitter:creator\" content=\"@InformeLitoral\" \/>\n<meta name=\"twitter:site\" content=\"@InformeLitoral\" \/>\n<meta name=\"twitter:label1\" content=\"Escrito por\" \/>\n\t<meta name=\"twitter:data1\" content=\"Gonzalo Schmidt\" \/>\n\t<meta name=\"twitter:label2\" content=\"Tiempo de lectura\" \/>\n\t<meta name=\"twitter:data2\" content=\"1 minuto\" \/>\n<script type=\"application\/ld+json\" class=\"yoast-schema-graph\">{\"@context\":\"https:\\\/\\\/schema.org\",\"@graph\":[{\"@type\":\"Article\",\"@id\":\"https:\\\/\\\/informelitoral.com.ar\\\/anunciaron-medidas-para-afrontar-la-ola-de-calor-en-las-escuelas\\\/#article\",\"isPartOf\":{\"@id\":\"https:\\\/\\\/informelitoral.com.ar\\\/anunciaron-medidas-para-afrontar-la-ola-de-calor-en-las-escuelas\\\/\"},\"author\":{\"name\":\"Gonzalo Schmidt\",\"@id\":\"https:\\\/\\\/informelitoral.com.ar\\\/#\\\/schema\\\/person\\\/b9d00407c836482871ef1d57bf8e3180\"},\"headline\":\"Anunciaron medidas para afrontar la ola de calor en las escuelas\",\"datePublished\":\"2025-02-24T10:14:08+00:00\",\"dateModified\":\"2025-02-24T10:15:11+00:00\",\"mainEntityOfPage\":{\"@id\":\"https:\\\/\\\/informelitoral.com.ar\\\/anunciaron-medidas-para-afrontar-la-ola-de-calor-en-las-escuelas\\\/\"},\"wordCount\":306,\"commentCount\":0,\"publisher\":{\"@id\":\"https:\\\/\\\/informelitoral.com.ar\\\/#organization\"},\"image\":{\"@id\":\"https:\\\/\\\/informelitoral.com.ar\\\/anunciaron-medidas-para-afrontar-la-ola-de-calor-en-las-escuelas\\\/#primaryimage\"},\"thumbnailUrl\":\"https:\\\/\\\/informelitoral.com.ar\\\/%77%70%2d%63%6f%6e%74%65%6e%74\\\/uploads\\\/2020\\\/08\\\/cge-1-1024x678-1.jpg\",\"keywords\":[\"Calor\",\"CGE\",\"Educaci\u00f3n\",\"Escuelas\",\"Ola de Calor\"],\"articleSection\":[\"Entre R\u00edos\"],\"inLanguage\":\"es\",\"potentialAction\":[{\"@type\":\"CommentAction\",\"name\":\"Comment\",\"target\":[\"https:\\\/\\\/informelitoral.com.ar\\\/anunciaron-medidas-para-afrontar-la-ola-de-calor-en-las-escuelas\\\/#respond\"]}]},{\"@type\":\"WebPage\",\"@id\":\"https:\\\/\\\/informelitoral.com.ar\\\/anunciaron-medidas-para-afrontar-la-ola-de-calor-en-las-escuelas\\\/\",\"url\":\"https:\\\/\\\/informelitoral.com.ar\\\/anunciaron-medidas-para-afrontar-la-ola-de-calor-en-las-escuelas\\\/\",\"name\":\"Anunciaron medidas para afrontar la ola de calor en las escuelas - Informe Litoral\",\"isPartOf\":{\"@id\":\"https:\\\/\\\/informelitoral.com.ar\\\/#website\"},\"primaryImageOfPage\":{\"@id\":\"https:\\\/\\\/informelitoral.com.ar\\\/anunciaron-medidas-para-afrontar-la-ola-de-calor-en-las-escuelas\\\/#primaryimage\"},\"image\":{\"@id\":\"https:\\\/\\\/informelitoral.com.ar\\\/anunciaron-medidas-para-afrontar-la-ola-de-calor-en-las-escuelas\\\/#primaryimage\"},\"thumbnailUrl\":\"https:\\\/\\\/informelitoral.com.ar\\\/%77%70%2d%63%6f%6e%74%65%6e%74\\\/uploads\\\/2020\\\/08\\\/cge-1-1024x678-1.jpg\",\"datePublished\":\"2025-02-24T10:14:08+00:00\",\"dateModified\":\"2025-02-24T10:15:11+00:00\",\"breadcrumb\":{\"@id\":\"https:\\\/\\\/informelitoral.com.ar\\\/anunciaron-medidas-para-afrontar-la-ola-de-calor-en-las-escuelas\\\/#breadcrumb\"},\"inLanguage\":\"es\",\"potentialAction\":[{\"@type\":\"ReadAction\",\"target\":[\"https:\\\/\\\/informelitoral.com.ar\\\/anunciaron-medidas-para-afrontar-la-ola-de-calor-en-las-escuelas\\\/\"]}]},{\"@type\":\"ImageObject\",\"inLanguage\":\"es\",\"@id\":\"https:\\\/\\\/informelitoral.com.ar\\\/anunciaron-medidas-para-afrontar-la-ola-de-calor-en-las-escuelas\\\/#primaryimage\",\"url\":\"https:\\\/\\\/informelitoral.com.ar\\\/%77%70%2d%63%6f%6e%74%65%6e%74\\\/uploads\\\/2020\\\/08\\\/cge-1-1024x678-1.jpg\",\"contentUrl\":\"https:\\\/\\\/informelitoral.com.ar\\\/%77%70%2d%63%6f%6e%74%65%6e%74\\\/uploads\\\/2020\\\/08\\\/cge-1-1024x678-1.jpg\",\"width\":1024,\"height\":678},{\"@type\":\"BreadcrumbList\",\"@id\":\"https:\\\/\\\/informelitoral.com.ar\\\/anunciaron-medidas-para-afrontar-la-ola-de-calor-en-las-escuelas\\\/#breadcrumb\",\"itemListElement\":[{\"@type\":\"ListItem\",\"position\":1,\"name\":\"Portada\",\"item\":\"https:\\\/\\\/informelitoral.com.ar\\\/\"},{\"@type\":\"ListItem\",\"position\":2,\"name\":\"Anunciaron medidas para afrontar la ola de calor en las escuelas\"}]},{\"@type\":\"WebSite\",\"@id\":\"https:\\\/\\\/informelitoral.com.ar\\\/#website\",\"url\":\"https:\\\/\\\/informelitoral.com.ar\\\/\",\"name\":\"Informe Litoral\",\"description\":\"&quot;Nos informamos&quot; \",\"publisher\":{\"@id\":\"https:\\\/\\\/informelitoral.com.ar\\\/#organization\"},\"potentialAction\":[{\"@type\":\"SearchAction\",\"target\":{\"@type\":\"EntryPoint\",\"urlTemplate\":\"https:\\\/\\\/informelitoral.com.ar\\\/?s={search_term_string}\"},\"query-input\":{\"@type\":\"PropertyValueSpecification\",\"valueRequired\":true,\"valueName\":\"search_term_string\"}}],\"inLanguage\":\"es\"},{\"@type\":\"Organization\",\"@id\":\"https:\\\/\\\/informelitoral.com.ar\\\/#organization\",\"name\":\"Informe Litoral\",\"url\":\"https:\\\/\\\/informelitoral.com.ar\\\/\",\"logo\":{\"@type\":\"ImageObject\",\"inLanguage\":\"es\",\"@id\":\"https:\\\/\\\/informelitoral.com.ar\\\/#\\\/schema\\\/logo\\\/image\\\/\",\"url\":\"https:\\\/\\\/informelitoral.com.ar\\\/%77%70%2d%63%6f%6e%74%65%6e%74\\\/uploads\\\/2021\\\/01\\\/circulo.png\",\"contentUrl\":\"https:\\\/\\\/informelitoral.com.ar\\\/%77%70%2d%63%6f%6e%74%65%6e%74\\\/uploads\\\/2021\\\/01\\\/circulo.png\",\"width\":723,\"height\":731,\"caption\":\"Informe Litoral\"},\"image\":{\"@id\":\"https:\\\/\\\/informelitoral.com.ar\\\/#\\\/schema\\\/logo\\\/image\\\/\"},\"sameAs\":[\"https:\\\/\\\/www.facebook.com\\\/informelitoral\\\/\",\"https:\\\/\\\/x.com\\\/InformeLitoral\",\"https:\\\/\\\/www.instagram.com\\\/informelitoral\\\/\",\"https:\\\/\\\/www.youtube.com\\\/channel\\\/UCua4Qvz8Icb6MYqhoq9xLXw\"]},{\"@type\":\"Person\",\"@id\":\"https:\\\/\\\/informelitoral.com.ar\\\/#\\\/schema\\\/person\\\/b9d00407c836482871ef1d57bf8e3180\",\"name\":\"Gonzalo Schmidt\",\"image\":{\"@type\":\"ImageObject\",\"inLanguage\":\"es\",\"@id\":\"https:\\\/\\\/secure.gravatar.com\\\/avatar\\\/31a1a7b66ff2de83bd0e9fd79d026630d2d99e55e8bfe501287647b4fd9743de?s=96&d=mm&r=g\",\"url\":\"https:\\\/\\\/secure.gravatar.com\\\/avatar\\\/31a1a7b66ff2de83bd0e9fd79d026630d2d99e55e8bfe501287647b4fd9743de?s=96&d=mm&r=g\",\"contentUrl\":\"https:\\\/\\\/secure.gravatar.com\\\/avatar\\\/31a1a7b66ff2de83bd0e9fd79d026630d2d99e55e8bfe501287647b4fd9743de?s=96&d=mm&r=g\",\"caption\":\"Gonzalo Schmidt\"},\"description\":\"Sitio web de noticias de la provincia de Entre R\u00edos, Argentina. Informaci\u00f3n y entretenimiento. Informe Litoral, nos informamos.\",\"sameAs\":[\"http:\\\/\\\/www.isletasnoticias.com.ar\"],\"url\":\"https:\\\/\\\/informelitoral.com.ar\\\/author\\\/gonzalo\\\/\"}]}<\/script>","yoast_head_json":{"title":"Anunciaron medidas para afrontar la ola de calor en las escuelas - Informe Litoral","robots":{"index":"index","follow":"follow","max-snippet":"max-snippet:-1","max-image-preview":"max-image-preview:large","max-video-preview":"max-video-preview:-1"},"canonical":"https:\/\/informelitoral.com.ar\/anunciaron-medidas-para-afrontar-la-ola-de-calor-en-las-escuelas\/","og_locale":"es_ES","og_type":"article","og_title":"Anunciaron medidas para afrontar la ola de calor en las escuelas - Informe Litoral","og_description":"Ante los registros de altas temperaturas que seguir\u00e1n afectando a nuestra provincia en los pr\u00f3ximos d\u00edas y considerando el inicio del ciclo lectivo, el Consejo General de Educaci\u00f3n (CGE) emiti\u00f3 una circular (05\/25) con recomendaciones para afrontar la situaci\u00f3n. Se permite la posibilidad de la reducci\u00f3n horaria y la virtualidad como alternativa.","og_url":"https:\/\/informelitoral.com.ar\/anunciaron-medidas-para-afrontar-la-ola-de-calor-en-las-escuelas\/","og_site_name":"Informe Litoral","article_publisher":"https:\/\/www.facebook.com\/informelitoral\/","article_published_time":"2025-02-24T10:14:08+00:00","article_modified_time":"2025-02-24T10:15:11+00:00","og_image":[{"width":1024,"height":678,"url":"https:\/\/informelitoral.com.ar\/%77%70%2d%63%6f%6e%74%65%6e%74\/uploads\/2020\/08\/cge-1-1024x678-1.jpg","type":"image\/jpeg"}],"author":"Gonzalo Schmidt","twitter_card":"summary_large_image","twitter_creator":"@InformeLitoral","twitter_site":"@InformeLitoral","twitter_misc":{"Escrito por":"Gonzalo Schmidt","Tiempo de lectura":"1 minuto"},"schema":{"@context":"https:\/\/schema.org","@graph":[{"@type":"Article","@id":"https:\/\/informelitoral.com.ar\/anunciaron-medidas-para-afrontar-la-ola-de-calor-en-las-escuelas\/#article","isPartOf":{"@id":"https:\/\/informelitoral.com.ar\/anunciaron-medidas-para-afrontar-la-ola-de-calor-en-las-escuelas\/"},"author":{"name":"Gonzalo Schmidt","@id":"https:\/\/informelitoral.com.ar\/#\/schema\/person\/b9d00407c836482871ef1d57bf8e3180"},"headline":"Anunciaron medidas para afrontar la ola de calor en las escuelas","datePublished":"2025-02-24T10:14:08+00:00","dateModified":"2025-02-24T10:15:11+00:00","mainEntityOfPage":{"@id":"https:\/\/informelitoral.com.ar\/anunciaron-medidas-para-afrontar-la-ola-de-calor-en-las-escuelas\/"},"wordCount":306,"commentCount":0,"publisher":{"@id":"https:\/\/informelitoral.com.ar\/#organization"},"image":{"@id":"https:\/\/informelitoral.com.ar\/anunciaron-medidas-para-afrontar-la-ola-de-calor-en-las-escuelas\/#primaryimage"},"thumbnailUrl":"https:\/\/informelitoral.com.ar\/%77%70%2d%63%6f%6e%74%65%6e%74\/uploads\/2020\/08\/cge-1-1024x678-1.jpg","keywords":["Calor","CGE","Educaci\u00f3n","Escuelas","Ola de Calor"],"articleSection":["Entre R\u00edos"],"inLanguage":"es","potentialAction":[{"@type":"CommentAction","name":"Comment","target":["https:\/\/informelitoral.com.ar\/anunciaron-medidas-para-afrontar-la-ola-de-calor-en-las-escuelas\/#respond"]}]},{"@type":"WebPage","@id":"https:\/\/informelitoral.com.ar\/anunciaron-medidas-para-afrontar-la-ola-de-calor-en-las-escuelas\/","url":"https:\/\/informelitoral.com.ar\/anunciaron-medidas-para-afrontar-la-ola-de-calor-en-las-escuelas\/","name":"Anunciaron medidas para afrontar la ola de calor en las escuelas - Informe Litoral","isPartOf":{"@id":"https:\/\/informelitoral.com.ar\/#website"},"primaryImageOfPage":{"@id":"https:\/\/informelitoral.com.ar\/anunciaron-medidas-para-afrontar-la-ola-de-calor-en-las-escuelas\/#primaryimage"},"image":{"@id":"https:\/\/informelitoral.com.ar\/anunciaron-medidas-para-afrontar-la-ola-de-calor-en-las-escuelas\/#primaryimage"},"thumbnailUrl":"https:\/\/informelitoral.com.ar\/%77%70%2d%63%6f%6e%74%65%6e%74\/uploads\/2020\/08\/cge-1-1024x678-1.jpg","datePublished":"2025-02-24T10:14:08+00:00","dateModified":"2025-02-24T10:15:11+00:00","breadcrumb":{"@id":"https:\/\/informelitoral.com.ar\/anunciaron-medidas-para-afrontar-la-ola-de-calor-en-las-escuelas\/#breadcrumb"},"inLanguage":"es","potentialAction":[{"@type":"ReadAction","target":["https:\/\/informelitoral.com.ar\/anunciaron-medidas-para-afrontar-la-ola-de-calor-en-las-escuelas\/"]}]},{"@type":"ImageObject","inLanguage":"es","@id":"https:\/\/informelitoral.com.ar\/anunciaron-medidas-para-afrontar-la-ola-de-calor-en-las-escuelas\/#primaryimage","url":"https:\/\/informelitoral.com.ar\/%77%70%2d%63%6f%6e%74%65%6e%74\/uploads\/2020\/08\/cge-1-1024x678-1.jpg","contentUrl":"https:\/\/informelitoral.com.ar\/%77%70%2d%63%6f%6e%74%65%6e%74\/uploads\/2020\/08\/cge-1-1024x678-1.jpg","width":1024,"height":678},{"@type":"BreadcrumbList","@id":"https:\/\/informelitoral.com.ar\/anunciaron-medidas-para-afrontar-la-ola-de-calor-en-las-escuelas\/#breadcrumb","itemListElement":[{"@type":"ListItem","position":1,"name":"Portada","item":"https:\/\/informelitoral.com.ar\/"},{"@type":"ListItem","position":2,"name":"Anunciaron medidas para afrontar la ola de calor en las escuelas"}]},{"@type":"WebSite","@id":"https:\/\/informelitoral.com.ar\/#website","url":"https:\/\/informelitoral.com.ar\/","name":"Informe Litoral","description":"&quot;Nos informamos&quot; ","publisher":{"@id":"https:\/\/informelitoral.com.ar\/#organization"},"potentialAction":[{"@type":"SearchAction","target":{"@type":"EntryPoint","urlTemplate":"https:\/\/informelitoral.com.ar\/?s={search_term_string}"},"query-input":{"@type":"PropertyValueSpecification","valueRequired":true,"valueName":"search_term_string"}}],"inLanguage":"es"},{"@type":"Organization","@id":"https:\/\/informelitoral.com.ar\/#organization","name":"Informe Litoral","url":"https:\/\/informelitoral.com.ar\/","logo":{"@type":"ImageObject","inLanguage":"es","@id":"https:\/\/informelitoral.com.ar\/#\/schema\/logo\/image\/","url":"https:\/\/informelitoral.com.ar\/%77%70%2d%63%6f%6e%74%65%6e%74\/uploads\/2021\/01\/circulo.png","contentUrl":"https:\/\/informelitoral.com.ar\/%77%70%2d%63%6f%6e%74%65%6e%74\/uploads\/2021\/01\/circulo.png","width":723,"height":731,"caption":"Informe Litoral"},"image":{"@id":"https:\/\/informelitoral.com.ar\/#\/schema\/logo\/image\/"},"sameAs":["https:\/\/www.facebook.com\/informelitoral\/","https:\/\/x.com\/InformeLitoral","https:\/\/www.instagram.com\/informelitoral\/","https:\/\/www.youtube.com\/channel\/UCua4Qvz8Icb6MYqhoq9xLXw"]},{"@type":"Person","@id":"https:\/\/informelitoral.com.ar\/#\/schema\/person\/b9d00407c836482871ef1d57bf8e3180","name":"Gonzalo Schmidt","image":{"@type":"ImageObject","inLanguage":"es","@id":"https:\/\/secure.gravatar.com\/avatar\/31a1a7b66ff2de83bd0e9fd79d026630d2d99e55e8bfe501287647b4fd9743de?s=96&d=mm&r=g","url":"https:\/\/secure.gravatar.com\/avatar\/31a1a7b66ff2de83bd0e9fd79d026630d2d99e55e8bfe501287647b4fd9743de?s=96&d=mm&r=g","contentUrl":"https:\/\/secure.gravatar.com\/avatar\/31a1a7b66ff2de83bd0e9fd79d026630d2d99e55e8bfe501287647b4fd9743de?s=96&d=mm&r=g","caption":"Gonzalo Schmidt"},"description":"Sitio web de noticias de la provincia de Entre R\u00edos, Argentina. Informaci\u00f3n y entretenimiento. Informe Litoral, nos informamos.","sameAs":["http:\/\/www.isletasnoticias.com.ar"],"url":"https:\/\/informelitoral.com.ar\/author\/gonzalo\/"}]}},"_links":{"self":[{"href":"https:\/\/informelitoral.com.ar\/%77%70%2d%6a%73%6f%6e\/wp\/v2\/posts\/212778","targetHints":{"allow":["GET"]}}],"collection":[{"href":"https:\/\/informelitoral.com.ar\/%77%70%2d%6a%73%6f%6e\/wp\/v2\/posts"}],"about":[{"href":"https:\/\/informelitoral.com.ar\/%77%70%2d%6a%73%6f%6e\/wp\/v2\/types\/post"}],"author":[{"embeddable":true,"href":"https:\/\/informelitoral.com.ar\/%77%70%2d%6a%73%6f%6e\/wp\/v2\/users\/2"}],"replies":[{"embeddable":true,"href":"https:\/\/informelitoral.com.ar\/%77%70%2d%6a%73%6f%6e\/wp\/v2\/comments?post=212778"}],"version-history":[{"count":0,"href":"https:\/\/informelitoral.com.ar\/%77%70%2d%6a%73%6f%6e\/wp\/v2\/posts\/212778\/revisions"}],"wp:featuredmedia":[{"embeddable":true,"href":"https:\/\/informelitoral.com.ar\/%77%70%2d%6a%73%6f%6e\/wp\/v2\/media\/48360"}],"wp:attachment":[{"href":"https:\/\/informelitoral.com.ar\/%77%70%2d%6a%73%6f%6e\/wp\/v2\/media?parent=212778"}],"wp:term":[{"taxonomy":"category","embeddable":true,"href":"https:\/\/informelitoral.com.ar\/%77%70%2d%6a%73%6f%6e\/wp\/v2\/categories?post=212778"},{"taxonomy":"post_tag","embeddable":true,"href":"https:\/\/informelitoral.com.ar\/%77%70%2d%6a%73%6f%6e\/wp\/v2\/tags?post=212778"}],"curies":[{"name":"wp","href":"https:\/\/api.w.org\/{rel}","templated":true}]}}