{"id":212769,"date":"2025-02-23T11:33:18","date_gmt":"2025-02-23T14:33:18","guid":{"rendered":"https:\/\/informelitoral.com.ar\/?p=212769"},"modified":"2025-02-23T11:38:48","modified_gmt":"2025-02-23T14:38:48","slug":"principales-conceptos-del-gerente-de-la-bolsa-de-cereales-de-entre-rios","status":"publish","type":"post","link":"https:\/\/informelitoral.com.ar\/principales-conceptos-del-gerente-de-la-bolsa-de-cereales-de-entre-rios\/","title":{"rendered":"Principales conceptos del gerente de la Bolsa de Cereales de Entre R\u00edos"},"content":{"rendered":"<p>El gerente de la Bolsa de Cereales de Entre R\u00edos, licenciado <strong>Manuel Villagra<\/strong>, visit\u00f3 el programa<a href=\"https:\/\/informelitoral.com.ar\/la-hora-del-6-el-nuevo-programa-de-canal-6-ertv\/\" target=\"_blank\" rel=\"noopener\"><em><strong> La Hora del 6<\/strong><\/em><\/a> por <em>Canal 6 ERTV,<\/em> donde repas\u00f3 los principales temas de actualidad y en los que trabaja o involucran a la entidad que representa.<\/p>\n<h2><strong>Principales conceptos de Manuel Villagra:\u00a0<\/strong><\/h2>\n<ul>\n<li data-sourcepos=\"3:1-3:308\"><strong>Condiciones clim\u00e1ticas:<\/strong> Consider\u00f3 que hace un mes, la provincia experimentaba sequ\u00eda, pero las lluvias recientes, especialmente en el centro y sur, han mejorado la situaci\u00f3n. Sin embargo, las altas temperaturas tambi\u00e9n han afectado los cultivos. Se espera que la situaci\u00f3n clim\u00e1tica se normalice hacia marzo o abril.<\/li>\n<li data-sourcepos=\"4:1-4:332\"><strong>Impacto econ\u00f3mico:<\/strong> Respecto al reciente informe de la entidad sobre el impacto de las diferentes variables econ\u00f3micas en la situaci\u00f3n del productor, indic\u00f3 que se analizaron las retenciones, tipo de cambio y rendimiento. Para evitar p\u00e9rdidas, se necesita una devaluaci\u00f3n del 18 al 20% en soja y trigo. El margen bruto de ma\u00edz es bueno con el nivel actual de retenci\u00f3n y tipo de cambio. Se busca reducir las retenciones para mejorar los m\u00e1rgenes brutos.<\/li>\n<li data-sourcepos=\"5:1-5:144\"><strong>Tipo de cambio:<\/strong> Se estima que el d\u00f3lar deber\u00eda estar aproximadamente un 18% por encima del tipo de cambio actual, alrededor de 1300 pesos.<\/li>\n<li data-sourcepos=\"6:1-6:212\"><strong>Relaci\u00f3n con el gobierno:<\/strong> Valor\u00f3 que existe un di\u00e1logo positivo con el gobierno provincial, abordando temas como retenciones, impuestos e hidrov\u00eda. El gobernador visit\u00f3 la Bolsa de Cereales, mostrando apoyo al sector.<\/li>\n<li data-sourcepos=\"7:1-7:221\"><strong>Remate de girasol:<\/strong> La Bolsa de Cereales ser\u00e1 anfitriona del remate del primer lote de girasol en Expoagro el pr\u00f3ximo 11 de marzo, a las 11. Este evento tiene un valor simb\u00f3lico y busca fomentar la investigaci\u00f3n en la cadena de girasol.<\/li>\n<li data-sourcepos=\"8:1-9:0\"><strong>Objetivos de gesti\u00f3n:<\/strong> A poco m\u00e1s de un a\u00f1o de ocupar la gerencia, consider\u00f3 que la misi\u00f3n es proporcionar informaci\u00f3n objetiva sobre el mercado de granos, considerando a todos los actores involucrados. Se busca trabajar en conjunto con el gobierno y otros sectores para mejorar la situaci\u00f3n del sector productivo.<\/li>\n<\/ul>\n<h2><strong>Ver la entrevista completa con Manuel Villagra:\u00a0<\/strong><\/h2>\n<div class=\"youtube-embed\" data-video_id=\"VPGMWqLtl50\"><iframe loading=\"lazy\" title=\"Lic. Manuel Villagra I Clima, pol\u00edtica y remate del 1\u00b0 lote de girasol\" width=\"696\" height=\"392\" src=\"https:\/\/www.youtube.com\/embed\/VPGMWqLtl50?feature=oembed&#038;enablejsapi=1\" frameborder=\"0\" allow=\"accelerometer; autoplay; clipboard-write; encrypted-media; gyroscope; picture-in-picture; web-share\" referrerpolicy=\"strict-origin-when-cross-origin\" allowfullscreen><\/iframe><\/div>\n<h6><em><strong>Del archivo:<a href=\"https:\/\/informelitoral.com.ar\/frigerio-recibio-a-la-intendenta-y-el-vice-de-general-ramirez\/\" target=\"_blank\" rel=\"noopener\">Frigerio recibi\u00f3 a la intendenta y el vice de General Ram\u00edrez<\/a><\/strong><\/em><\/h6>\n","protected":false},"excerpt":{"rendered":"<p>El licenciado Manuel Villagra habl\u00f3 de la situaci\u00f3n clim\u00e1tica, c\u00f3mo influyen las diferentes variables econ\u00f3micas en la situaci\u00f3n del productor y destac\u00f3 la relaci\u00f3n con el gobierno entrerriano. En La Hora del 6 tambi\u00e9n se refiri\u00f3 al remate del primer lote de girasol en Expoagro. <\/p>\n","protected":false},"author":2,"featured_media":212771,"comment_status":"open","ping_status":"open","sticky":false,"template":"","format":"standard","meta":{"fifu_image_url":"","fifu_image_alt":"","footnotes":""},"categories":[10],"tags":[579,3486,71,81],"class_list":{"0":"post-212769","1":"post","2":"type-post","3":"status-publish","4":"format-standard","5":"has-post-thumbnail","7":"category-campo","8":"tag-bolsa-de-cereales","9":"tag-bolsa-de-cereales-de-entre-rios","10":"tag-campo","11":"tag-entre-rios"},"yoast_head":"<title>Principales conceptos del gerente de la Bolsa de Cereales de Entre R\u00edos - Informe Litoral<\/title>\n<meta name=\"robots\" content=\"index, follow, max-snippet:-1, max-image-preview:large, max-video-preview:-1\" \/>\n<link rel=\"canonical\" href=\"https:\/\/informelitoral.com.ar\/principales-conceptos-del-gerente-de-la-bolsa-de-cereales-de-entre-rios\/\" \/>\n<meta property=\"og:locale\" content=\"es_ES\" \/>\n<meta property=\"og:type\" content=\"article\" \/>\n<meta property=\"og:title\" content=\"Principales conceptos del gerente de la Bolsa de Cereales de Entre R\u00edos - Informe Litoral\" \/>\n<meta property=\"og:description\" content=\"El licenciado Manuel Villagra habl\u00f3 de la situaci\u00f3n clim\u00e1tica, c\u00f3mo influyen las diferentes variables econ\u00f3micas en la situaci\u00f3n del productor y destac\u00f3 la relaci\u00f3n con el gobierno entrerriano. En La Hora del 6 tambi\u00e9n se refiri\u00f3 al remate del primer lote de girasol en Expoagro.\" \/>\n<meta property=\"og:url\" content=\"https:\/\/informelitoral.com.ar\/principales-conceptos-del-gerente-de-la-bolsa-de-cereales-de-entre-rios\/\" \/>\n<meta property=\"og:site_name\" content=\"Informe Litoral\" \/>\n<meta property=\"article:publisher\" content=\"https:\/\/www.facebook.com\/informelitoral\/\" \/>\n<meta property=\"article:published_time\" content=\"2025-02-23T14:33:18+00:00\" \/>\n<meta property=\"article:modified_time\" content=\"2025-02-23T14:38:48+00:00\" \/>\n<meta property=\"og:image\" content=\"https:\/\/informelitoral.com.ar\/%77%70%2d%63%6f%6e%74%65%6e%74\/uploads\/2025\/02\/lic-manuel-villagra-bolsa-de-cereales-de-er.jpg\" \/>\n\t<meta property=\"og:image:width\" content=\"1919\" \/>\n\t<meta property=\"og:image:height\" content=\"1080\" \/>\n\t<meta property=\"og:image:type\" content=\"image\/jpeg\" \/>\n<meta name=\"author\" content=\"Gonzalo Schmidt\" \/>\n<meta name=\"twitter:card\" content=\"summary_large_image\" \/>\n<meta name=\"twitter:creator\" content=\"@InformeLitoral\" \/>\n<meta name=\"twitter:site\" content=\"@InformeLitoral\" \/>\n<meta name=\"twitter:label1\" content=\"Escrito por\" \/>\n\t<meta name=\"twitter:data1\" content=\"Gonzalo Schmidt\" \/>\n\t<meta name=\"twitter:label2\" content=\"Tiempo de lectura\" \/>\n\t<meta name=\"twitter:data2\" content=\"2 minutos\" \/>\n<script type=\"application\/ld+json\" class=\"yoast-schema-graph\">{\"@context\":\"https:\\\/\\\/schema.org\",\"@graph\":[{\"@type\":\"Article\",\"@id\":\"https:\\\/\\\/informelitoral.com.ar\\\/principales-conceptos-del-gerente-de-la-bolsa-de-cereales-de-entre-rios\\\/#article\",\"isPartOf\":{\"@id\":\"https:\\\/\\\/informelitoral.com.ar\\\/principales-conceptos-del-gerente-de-la-bolsa-de-cereales-de-entre-rios\\\/\"},\"author\":{\"name\":\"Gonzalo Schmidt\",\"@id\":\"https:\\\/\\\/informelitoral.com.ar\\\/#\\\/schema\\\/person\\\/b9d00407c836482871ef1d57bf8e3180\"},\"headline\":\"Principales conceptos del gerente de la Bolsa de Cereales de Entre R\u00edos\",\"datePublished\":\"2025-02-23T14:33:18+00:00\",\"dateModified\":\"2025-02-23T14:38:48+00:00\",\"mainEntityOfPage\":{\"@id\":\"https:\\\/\\\/informelitoral.com.ar\\\/principales-conceptos-del-gerente-de-la-bolsa-de-cereales-de-entre-rios\\\/\"},\"wordCount\":380,\"commentCount\":0,\"publisher\":{\"@id\":\"https:\\\/\\\/informelitoral.com.ar\\\/#organization\"},\"image\":{\"@id\":\"https:\\\/\\\/informelitoral.com.ar\\\/principales-conceptos-del-gerente-de-la-bolsa-de-cereales-de-entre-rios\\\/#primaryimage\"},\"thumbnailUrl\":\"https:\\\/\\\/informelitoral.com.ar\\\/%77%70%2d%63%6f%6e%74%65%6e%74\\\/uploads\\\/2025\\\/02\\\/lic-manuel-villagra-bolsa-de-cereales-de-er.jpg\",\"keywords\":[\"Bolsa de Cereales\",\"Bolsa de Cereales de Entre R\u00edos\",\"Campo\",\"Entre R\u00edos\"],\"articleSection\":[\"Campo\"],\"inLanguage\":\"es\",\"potentialAction\":[{\"@type\":\"CommentAction\",\"name\":\"Comment\",\"target\":[\"https:\\\/\\\/informelitoral.com.ar\\\/principales-conceptos-del-gerente-de-la-bolsa-de-cereales-de-entre-rios\\\/#respond\"]}]},{\"@type\":\"WebPage\",\"@id\":\"https:\\\/\\\/informelitoral.com.ar\\\/principales-conceptos-del-gerente-de-la-bolsa-de-cereales-de-entre-rios\\\/\",\"url\":\"https:\\\/\\\/informelitoral.com.ar\\\/principales-conceptos-del-gerente-de-la-bolsa-de-cereales-de-entre-rios\\\/\",\"name\":\"Principales conceptos del gerente de la Bolsa de Cereales de Entre R\u00edos - Informe Litoral\",\"isPartOf\":{\"@id\":\"https:\\\/\\\/informelitoral.com.ar\\\/#website\"},\"primaryImageOfPage\":{\"@id\":\"https:\\\/\\\/informelitoral.com.ar\\\/principales-conceptos-del-gerente-de-la-bolsa-de-cereales-de-entre-rios\\\/#primaryimage\"},\"image\":{\"@id\":\"https:\\\/\\\/informelitoral.com.ar\\\/principales-conceptos-del-gerente-de-la-bolsa-de-cereales-de-entre-rios\\\/#primaryimage\"},\"thumbnailUrl\":\"https:\\\/\\\/informelitoral.com.ar\\\/%77%70%2d%63%6f%6e%74%65%6e%74\\\/uploads\\\/2025\\\/02\\\/lic-manuel-villagra-bolsa-de-cereales-de-er.jpg\",\"datePublished\":\"2025-02-23T14:33:18+00:00\",\"dateModified\":\"2025-02-23T14:38:48+00:00\",\"breadcrumb\":{\"@id\":\"https:\\\/\\\/informelitoral.com.ar\\\/principales-conceptos-del-gerente-de-la-bolsa-de-cereales-de-entre-rios\\\/#breadcrumb\"},\"inLanguage\":\"es\",\"potentialAction\":[{\"@type\":\"ReadAction\",\"target\":[\"https:\\\/\\\/informelitoral.com.ar\\\/principales-conceptos-del-gerente-de-la-bolsa-de-cereales-de-entre-rios\\\/\"]}]},{\"@type\":\"ImageObject\",\"inLanguage\":\"es\",\"@id\":\"https:\\\/\\\/informelitoral.com.ar\\\/principales-conceptos-del-gerente-de-la-bolsa-de-cereales-de-entre-rios\\\/#primaryimage\",\"url\":\"https:\\\/\\\/informelitoral.com.ar\\\/%77%70%2d%63%6f%6e%74%65%6e%74\\\/uploads\\\/2025\\\/02\\\/lic-manuel-villagra-bolsa-de-cereales-de-er.jpg\",\"contentUrl\":\"https:\\\/\\\/informelitoral.com.ar\\\/%77%70%2d%63%6f%6e%74%65%6e%74\\\/uploads\\\/2025\\\/02\\\/lic-manuel-villagra-bolsa-de-cereales-de-er.jpg\",\"width\":1919,\"height\":1080,\"caption\":\"Lic. Manuel Villagra, gerente de la Bolsa de Cereales de Entre R\u00edos en La Hora del 6 por Canal 6 ERTV.\"},{\"@type\":\"BreadcrumbList\",\"@id\":\"https:\\\/\\\/informelitoral.com.ar\\\/principales-conceptos-del-gerente-de-la-bolsa-de-cereales-de-entre-rios\\\/#breadcrumb\",\"itemListElement\":[{\"@type\":\"ListItem\",\"position\":1,\"name\":\"Portada\",\"item\":\"https:\\\/\\\/informelitoral.com.ar\\\/\"},{\"@type\":\"ListItem\",\"position\":2,\"name\":\"Principales conceptos del gerente de la Bolsa de Cereales de Entre R\u00edos\"}]},{\"@type\":\"WebSite\",\"@id\":\"https:\\\/\\\/informelitoral.com.ar\\\/#website\",\"url\":\"https:\\\/\\\/informelitoral.com.ar\\\/\",\"name\":\"Informe Litoral\",\"description\":\"&quot;Nos informamos&quot; \",\"publisher\":{\"@id\":\"https:\\\/\\\/informelitoral.com.ar\\\/#organization\"},\"potentialAction\":[{\"@type\":\"SearchAction\",\"target\":{\"@type\":\"EntryPoint\",\"urlTemplate\":\"https:\\\/\\\/informelitoral.com.ar\\\/?s={search_term_string}\"},\"query-input\":{\"@type\":\"PropertyValueSpecification\",\"valueRequired\":true,\"valueName\":\"search_term_string\"}}],\"inLanguage\":\"es\"},{\"@type\":\"Organization\",\"@id\":\"https:\\\/\\\/informelitoral.com.ar\\\/#organization\",\"name\":\"Informe Litoral\",\"url\":\"https:\\\/\\\/informelitoral.com.ar\\\/\",\"logo\":{\"@type\":\"ImageObject\",\"inLanguage\":\"es\",\"@id\":\"https:\\\/\\\/informelitoral.com.ar\\\/#\\\/schema\\\/logo\\\/image\\\/\",\"url\":\"https:\\\/\\\/informelitoral.com.ar\\\/%77%70%2d%63%6f%6e%74%65%6e%74\\\/uploads\\\/2021\\\/01\\\/circulo.png\",\"contentUrl\":\"https:\\\/\\\/informelitoral.com.ar\\\/%77%70%2d%63%6f%6e%74%65%6e%74\\\/uploads\\\/2021\\\/01\\\/circulo.png\",\"width\":723,\"height\":731,\"caption\":\"Informe Litoral\"},\"image\":{\"@id\":\"https:\\\/\\\/informelitoral.com.ar\\\/#\\\/schema\\\/logo\\\/image\\\/\"},\"sameAs\":[\"https:\\\/\\\/www.facebook.com\\\/informelitoral\\\/\",\"https:\\\/\\\/x.com\\\/InformeLitoral\",\"https:\\\/\\\/www.instagram.com\\\/informelitoral\\\/\",\"https:\\\/\\\/www.youtube.com\\\/channel\\\/UCua4Qvz8Icb6MYqhoq9xLXw\"]},{\"@type\":\"Person\",\"@id\":\"https:\\\/\\\/informelitoral.com.ar\\\/#\\\/schema\\\/person\\\/b9d00407c836482871ef1d57bf8e3180\",\"name\":\"Gonzalo Schmidt\",\"image\":{\"@type\":\"ImageObject\",\"inLanguage\":\"es\",\"@id\":\"https:\\\/\\\/secure.gravatar.com\\\/avatar\\\/31a1a7b66ff2de83bd0e9fd79d026630d2d99e55e8bfe501287647b4fd9743de?s=96&d=mm&r=g\",\"url\":\"https:\\\/\\\/secure.gravatar.com\\\/avatar\\\/31a1a7b66ff2de83bd0e9fd79d026630d2d99e55e8bfe501287647b4fd9743de?s=96&d=mm&r=g\",\"contentUrl\":\"https:\\\/\\\/secure.gravatar.com\\\/avatar\\\/31a1a7b66ff2de83bd0e9fd79d026630d2d99e55e8bfe501287647b4fd9743de?s=96&d=mm&r=g\",\"caption\":\"Gonzalo Schmidt\"},\"description\":\"Sitio web de noticias de la provincia de Entre R\u00edos, Argentina. Informaci\u00f3n y entretenimiento. Informe Litoral, nos informamos.\",\"sameAs\":[\"http:\\\/\\\/www.isletasnoticias.com.ar\"],\"url\":\"https:\\\/\\\/informelitoral.com.ar\\\/author\\\/gonzalo\\\/\"}]}<\/script>","yoast_head_json":{"title":"Principales conceptos del gerente de la Bolsa de Cereales de Entre R\u00edos - Informe Litoral","robots":{"index":"index","follow":"follow","max-snippet":"max-snippet:-1","max-image-preview":"max-image-preview:large","max-video-preview":"max-video-preview:-1"},"canonical":"https:\/\/informelitoral.com.ar\/principales-conceptos-del-gerente-de-la-bolsa-de-cereales-de-entre-rios\/","og_locale":"es_ES","og_type":"article","og_title":"Principales conceptos del gerente de la Bolsa de Cereales de Entre R\u00edos - Informe Litoral","og_description":"El licenciado Manuel Villagra habl\u00f3 de la situaci\u00f3n clim\u00e1tica, c\u00f3mo influyen las diferentes variables econ\u00f3micas en la situaci\u00f3n del productor y destac\u00f3 la relaci\u00f3n con el gobierno entrerriano. En La Hora del 6 tambi\u00e9n se refiri\u00f3 al remate del primer lote de girasol en Expoagro.","og_url":"https:\/\/informelitoral.com.ar\/principales-conceptos-del-gerente-de-la-bolsa-de-cereales-de-entre-rios\/","og_site_name":"Informe Litoral","article_publisher":"https:\/\/www.facebook.com\/informelitoral\/","article_published_time":"2025-02-23T14:33:18+00:00","article_modified_time":"2025-02-23T14:38:48+00:00","og_image":[{"width":1919,"height":1080,"url":"https:\/\/informelitoral.com.ar\/%77%70%2d%63%6f%6e%74%65%6e%74\/uploads\/2025\/02\/lic-manuel-villagra-bolsa-de-cereales-de-er.jpg","type":"image\/jpeg"}],"author":"Gonzalo Schmidt","twitter_card":"summary_large_image","twitter_creator":"@InformeLitoral","twitter_site":"@InformeLitoral","twitter_misc":{"Escrito por":"Gonzalo Schmidt","Tiempo de lectura":"2 minutos"},"schema":{"@context":"https:\/\/schema.org","@graph":[{"@type":"Article","@id":"https:\/\/informelitoral.com.ar\/principales-conceptos-del-gerente-de-la-bolsa-de-cereales-de-entre-rios\/#article","isPartOf":{"@id":"https:\/\/informelitoral.com.ar\/principales-conceptos-del-gerente-de-la-bolsa-de-cereales-de-entre-rios\/"},"author":{"name":"Gonzalo Schmidt","@id":"https:\/\/informelitoral.com.ar\/#\/schema\/person\/b9d00407c836482871ef1d57bf8e3180"},"headline":"Principales conceptos del gerente de la Bolsa de Cereales de Entre R\u00edos","datePublished":"2025-02-23T14:33:18+00:00","dateModified":"2025-02-23T14:38:48+00:00","mainEntityOfPage":{"@id":"https:\/\/informelitoral.com.ar\/principales-conceptos-del-gerente-de-la-bolsa-de-cereales-de-entre-rios\/"},"wordCount":380,"commentCount":0,"publisher":{"@id":"https:\/\/informelitoral.com.ar\/#organization"},"image":{"@id":"https:\/\/informelitoral.com.ar\/principales-conceptos-del-gerente-de-la-bolsa-de-cereales-de-entre-rios\/#primaryimage"},"thumbnailUrl":"https:\/\/informelitoral.com.ar\/%77%70%2d%63%6f%6e%74%65%6e%74\/uploads\/2025\/02\/lic-manuel-villagra-bolsa-de-cereales-de-er.jpg","keywords":["Bolsa de Cereales","Bolsa de Cereales de Entre R\u00edos","Campo","Entre R\u00edos"],"articleSection":["Campo"],"inLanguage":"es","potentialAction":[{"@type":"CommentAction","name":"Comment","target":["https:\/\/informelitoral.com.ar\/principales-conceptos-del-gerente-de-la-bolsa-de-cereales-de-entre-rios\/#respond"]}]},{"@type":"WebPage","@id":"https:\/\/informelitoral.com.ar\/principales-conceptos-del-gerente-de-la-bolsa-de-cereales-de-entre-rios\/","url":"https:\/\/informelitoral.com.ar\/principales-conceptos-del-gerente-de-la-bolsa-de-cereales-de-entre-rios\/","name":"Principales conceptos del gerente de la Bolsa de Cereales de Entre R\u00edos - Informe Litoral","isPartOf":{"@id":"https:\/\/informelitoral.com.ar\/#website"},"primaryImageOfPage":{"@id":"https:\/\/informelitoral.com.ar\/principales-conceptos-del-gerente-de-la-bolsa-de-cereales-de-entre-rios\/#primaryimage"},"image":{"@id":"https:\/\/informelitoral.com.ar\/principales-conceptos-del-gerente-de-la-bolsa-de-cereales-de-entre-rios\/#primaryimage"},"thumbnailUrl":"https:\/\/informelitoral.com.ar\/%77%70%2d%63%6f%6e%74%65%6e%74\/uploads\/2025\/02\/lic-manuel-villagra-bolsa-de-cereales-de-er.jpg","datePublished":"2025-02-23T14:33:18+00:00","dateModified":"2025-02-23T14:38:48+00:00","breadcrumb":{"@id":"https:\/\/informelitoral.com.ar\/principales-conceptos-del-gerente-de-la-bolsa-de-cereales-de-entre-rios\/#breadcrumb"},"inLanguage":"es","potentialAction":[{"@type":"ReadAction","target":["https:\/\/informelitoral.com.ar\/principales-conceptos-del-gerente-de-la-bolsa-de-cereales-de-entre-rios\/"]}]},{"@type":"ImageObject","inLanguage":"es","@id":"https:\/\/informelitoral.com.ar\/principales-conceptos-del-gerente-de-la-bolsa-de-cereales-de-entre-rios\/#primaryimage","url":"https:\/\/informelitoral.com.ar\/%77%70%2d%63%6f%6e%74%65%6e%74\/uploads\/2025\/02\/lic-manuel-villagra-bolsa-de-cereales-de-er.jpg","contentUrl":"https:\/\/informelitoral.com.ar\/%77%70%2d%63%6f%6e%74%65%6e%74\/uploads\/2025\/02\/lic-manuel-villagra-bolsa-de-cereales-de-er.jpg","width":1919,"height":1080,"caption":"Lic. Manuel Villagra, gerente de la Bolsa de Cereales de Entre R\u00edos en La Hora del 6 por Canal 6 ERTV."},{"@type":"BreadcrumbList","@id":"https:\/\/informelitoral.com.ar\/principales-conceptos-del-gerente-de-la-bolsa-de-cereales-de-entre-rios\/#breadcrumb","itemListElement":[{"@type":"ListItem","position":1,"name":"Portada","item":"https:\/\/informelitoral.com.ar\/"},{"@type":"ListItem","position":2,"name":"Principales conceptos del gerente de la Bolsa de Cereales de Entre R\u00edos"}]},{"@type":"WebSite","@id":"https:\/\/informelitoral.com.ar\/#website","url":"https:\/\/informelitoral.com.ar\/","name":"Informe Litoral","description":"&quot;Nos informamos&quot; ","publisher":{"@id":"https:\/\/informelitoral.com.ar\/#organization"},"potentialAction":[{"@type":"SearchAction","target":{"@type":"EntryPoint","urlTemplate":"https:\/\/informelitoral.com.ar\/?s={search_term_string}"},"query-input":{"@type":"PropertyValueSpecification","valueRequired":true,"valueName":"search_term_string"}}],"inLanguage":"es"},{"@type":"Organization","@id":"https:\/\/informelitoral.com.ar\/#organization","name":"Informe Litoral","url":"https:\/\/informelitoral.com.ar\/","logo":{"@type":"ImageObject","inLanguage":"es","@id":"https:\/\/informelitoral.com.ar\/#\/schema\/logo\/image\/","url":"https:\/\/informelitoral.com.ar\/%77%70%2d%63%6f%6e%74%65%6e%74\/uploads\/2021\/01\/circulo.png","contentUrl":"https:\/\/informelitoral.com.ar\/%77%70%2d%63%6f%6e%74%65%6e%74\/uploads\/2021\/01\/circulo.png","width":723,"height":731,"caption":"Informe Litoral"},"image":{"@id":"https:\/\/informelitoral.com.ar\/#\/schema\/logo\/image\/"},"sameAs":["https:\/\/www.facebook.com\/informelitoral\/","https:\/\/x.com\/InformeLitoral","https:\/\/www.instagram.com\/informelitoral\/","https:\/\/www.youtube.com\/channel\/UCua4Qvz8Icb6MYqhoq9xLXw"]},{"@type":"Person","@id":"https:\/\/informelitoral.com.ar\/#\/schema\/person\/b9d00407c836482871ef1d57bf8e3180","name":"Gonzalo Schmidt","image":{"@type":"ImageObject","inLanguage":"es","@id":"https:\/\/secure.gravatar.com\/avatar\/31a1a7b66ff2de83bd0e9fd79d026630d2d99e55e8bfe501287647b4fd9743de?s=96&d=mm&r=g","url":"https:\/\/secure.gravatar.com\/avatar\/31a1a7b66ff2de83bd0e9fd79d026630d2d99e55e8bfe501287647b4fd9743de?s=96&d=mm&r=g","contentUrl":"https:\/\/secure.gravatar.com\/avatar\/31a1a7b66ff2de83bd0e9fd79d026630d2d99e55e8bfe501287647b4fd9743de?s=96&d=mm&r=g","caption":"Gonzalo Schmidt"},"description":"Sitio web de noticias de la provincia de Entre R\u00edos, Argentina. Informaci\u00f3n y entretenimiento. Informe Litoral, nos informamos.","sameAs":["http:\/\/www.isletasnoticias.com.ar"],"url":"https:\/\/informelitoral.com.ar\/author\/gonzalo\/"}]}},"_links":{"self":[{"href":"https:\/\/informelitoral.com.ar\/%77%70%2d%6a%73%6f%6e\/wp\/v2\/posts\/212769","targetHints":{"allow":["GET"]}}],"collection":[{"href":"https:\/\/informelitoral.com.ar\/%77%70%2d%6a%73%6f%6e\/wp\/v2\/posts"}],"about":[{"href":"https:\/\/informelitoral.com.ar\/%77%70%2d%6a%73%6f%6e\/wp\/v2\/types\/post"}],"author":[{"embeddable":true,"href":"https:\/\/informelitoral.com.ar\/%77%70%2d%6a%73%6f%6e\/wp\/v2\/users\/2"}],"replies":[{"embeddable":true,"href":"https:\/\/informelitoral.com.ar\/%77%70%2d%6a%73%6f%6e\/wp\/v2\/comments?post=212769"}],"version-history":[{"count":0,"href":"https:\/\/informelitoral.com.ar\/%77%70%2d%6a%73%6f%6e\/wp\/v2\/posts\/212769\/revisions"}],"wp:featuredmedia":[{"embeddable":true,"href":"https:\/\/informelitoral.com.ar\/%77%70%2d%6a%73%6f%6e\/wp\/v2\/media\/212771"}],"wp:attachment":[{"href":"https:\/\/informelitoral.com.ar\/%77%70%2d%6a%73%6f%6e\/wp\/v2\/media?parent=212769"}],"wp:term":[{"taxonomy":"category","embeddable":true,"href":"https:\/\/informelitoral.com.ar\/%77%70%2d%6a%73%6f%6e\/wp\/v2\/categories?post=212769"},{"taxonomy":"post_tag","embeddable":true,"href":"https:\/\/informelitoral.com.ar\/%77%70%2d%6a%73%6f%6e\/wp\/v2\/tags?post=212769"}],"curies":[{"name":"wp","href":"https:\/\/api.w.org\/{rel}","templated":true}]}}